{"id":1372,"date":"2018-10-31T19:49:58","date_gmt":"2018-10-31T18:49:58","guid":{"rendered":"http:\/\/evertonfc.cz\/?p=1372"},"modified":"2019-01-22T21:00:52","modified_gmt":"2019-01-22T20:00:52","slug":"keane-se-snazi-zapomenout-na-hrozive-zraneni-z-lonska","status":"publish","type":"post","link":"https:\/\/evertonfc.cz\/index.php\/2018\/10\/31\/keane-se-snazi-zapomenout-na-hrozive-zraneni-z-lonska\/","title":{"rendered":"Keane se sna\u017e\u00ed zapomenout na hroziv\u00e9 zran\u011bn\u00ed z lo\u0148ska"},"content":{"rendered":"<h4><em>\u201eM\u016f\u017eete se pod\u00edvat, jestli chcete,\u201c\u00a0<\/em>za\u010d\u00edn\u00e1 rozhovor s redaktorem britsk\u00e9ho den\u00edku The Times Michael Keane. Posl\u00e9ze si sund\u00e1 pono\u017eku a ukazuje z\u0159etelnou a t\u00e1hlou jizvu. Tento \u010dl\u00e1nek m\u00e1 p\u0159ipomenout, \u017ee \u010dasto soud\u00edme v\u00fdkony sportovc\u016f, ani\u017e bychom znali jejich p\u0159\u00edb\u011bhy.<\/h4>\n<p>25let\u00fd st\u0159edn\u00ed obr\u00e1nce o sv\u00e9m zran\u011bn\u00ed nikdy ve\u0159ejn\u011b nemluvil, tedy a\u017e do minul\u00e9ho t\u00fddne. V z\u00e1\u0159\u00ed lo\u0148sk\u00e9ho roku utrp\u011bl zran\u011bn\u00ed nohy, je\u017e se pozd\u011bji hroziv\u011b zan\u00edtilo. Dokto\u0159i se po hospitalizaci dokonce ob\u00e1vali amputace nohy.<\/p>\n<p>Zdravotn\u00ed pot\u00ed\u017ee postihly Keana jenom dva m\u011bs\u00edce pot\u00e9, co za 25 milion\u016f liber p\u0159estoupil do Evertonu z Burnley. Nep\u0159\u00edjemn\u00e9 zran\u011bn\u00ed pochopiteln\u011b ovlivnilo jeho lo\u0148sk\u00e9 v\u00fdkony, kter\u00e9\u00a0\u2013 stejn\u011b jako cel\u00e9ho t\u00fdmu \u2013 byly nedosta\u010duj\u00edc\u00ed. Krom\u011b hlasit\u00e9 kritiky se rovn\u011b\u017e musel vyrovnat s vypadnut\u00edm z anglick\u00e9 reprezentace a jej\u00ed postup do semifin\u00e1le leto\u0161n\u00edho mistrovstv\u00ed sv\u011bta sledoval pouze v televizi.<\/p>\n<p>Keane p\u0159i\u0161el do Evertonu v l\u00e9t\u011b 2017, v l\u00e9t\u011b, v n\u011bm\u017e sportovn\u00ed \u0159editel Steve Walsh, s n\u00edm\u017e spolupracoval coby teenager b\u011bhem p\u016fsoben\u00ed v\u00a0Leicesteru City, spolu s mana\u017eerem a b\u00fdval\u00fdm skv\u011bl\u00fdm st\u0159edn\u00edm obr\u00e1ncem Ronaldem Koemanem p\u0159ivedli posily za 150 milion\u016f liber. <em>\u201eKoeman byl d\u016fle\u017eit\u00fdm faktorem, pro\u010d jsem se rozhodl zam\u00ed\u0159it do Evertonu. Myslel jsem, \u017ee mi pom\u016f\u017ee rozvinout m\u016fj potenci\u00e1l,\u201c<\/em>\u00a0prozradil Keane na \u00favod rozhovoru.<\/p>\n<p>U\u017e za\u010d\u00e1tek p\u0159edsez\u00f3nn\u00ed p\u0159\u00edpravy byl ale komplikovan\u00fd. Toffees kv\u016fli \u00fa\u010dasti v kvalifikaci Evropsk\u00e9 ligy zapo\u010dali sout\u011b\u017en\u00ed ro\u010dn\u00edk o n\u011bkolik t\u00fddn\u016f d\u0159\u00edve, co\u017e m\u011blo negativn\u00ed dopad na fyzickou p\u0159ipravenost hr\u00e1\u010d\u016f. Keana ale o pozn\u00e1n\u00ed signifikantn\u011bji ovlivnila jin\u00e1 p\u0159\u00edhoda. V z\u00e1\u0159ijov\u00e9m utk\u00e1n\u00ed Ligov\u00e9ho poh\u00e1ru se Sunderlandem ho o\u0161kliv\u00fdm skluzem zas\u00e1hl James Vaughan (kter\u00fd se mu pozd\u011bji za sv\u016fj z\u00e1krok p\u0159i\u0161el osobn\u011b omluvit do \u0161atny).<\/p>\n<p><em>\u201eV z\u00e1pase jsem pokra\u010doval, p\u0159esto\u017ee jsem v\u011bd\u011bl, \u017ee n\u011bco nen\u00ed v po\u0159\u00e1dku. V kopa\u010dk\u00e1ch jsem m\u011bl d\u00edru od jeho kol\u00edk\u016f. O polo\u010dasov\u00e9 p\u0159est\u00e1vce m\u011b bolela noha, nic jsem si z toho v\u0161ak ned\u011blal a norm\u00e1ln\u011b jsem odehr\u00e1l druh\u00fd polo\u010das. Ov\u0161em, kdy\u017e jsem si po z\u00e1v\u011bre\u010dn\u00e9m hvizdu sundal kopa\u010dku, v\u0161ude byla krev,\u201c<\/em>\u00a0popsal Keane. Na noze objevil \u0159eznou r\u00e1nu v\u00edce ne\u017e dva centimetry dlouhou. L\u00e9ka\u0159sk\u00fd t\u00fdm Evertonu mu ji za\u0161il osmi stehy a fotbalista odjel dom\u016f.<\/p>\n<p>Druh\u00fd den se ale probudil s obrovsk\u00fdmi bolestmi. Na nohu si nemohl stopnout plnou v\u00e1hou a trvalo mu deset minut, ne\u017e vstal z postele. Z tr\u00e9ninkov\u00e9ho centra ho op\u011btovn\u011b poslali dom\u016f s l\u00e9ky proti bolesti. P\u0159edpokl\u00e1dalo se, \u017ee bude chyb\u011bt t\u0159i t\u00fddny, nicm\u00e9n\u011b Koeman ho pot\u0159eboval pro nadch\u00e1zej\u00edc\u00ed z\u00e1pas, kter\u00fd byl na programu za deset dn\u00ed. Everton \u010delil Burnley, b\u00fdval\u00e9mu klubu Keanea.<\/p>\n<p>R\u00e1na se sice hojila, jen\u017ee noha znecitliv\u011bla, a proto pot\u0159ebovala d\u016fkladn\u011b obv\u00e1zat. Keane hraje s kopa\u010dkami ve velikosti 10 (UK), tentokr\u00e1t nastoupil s\u00a0jednou kopa\u010dkou ve velikosti 12.\u00a0<em>\u201eNemohl jsem kopnout do m\u00ed\u010de, prost\u011b jsem c\u00edtil, \u017ee n\u011bco je jinak. Nakonec jsem ale p\u0159eci jen odehr\u00e1l dobr\u00e9 utk\u00e1n\u00ed, bohu\u017eel pozd\u011bji se v\u0161e zhor\u0161ilo,\u201c<\/em>\u00a0vypr\u00e1v\u011bl Keane. V\u00a0z\u00e1pasov\u00e9m koloto\u010di d\u00e1le pokra\u010doval v\u00a0dresu anglick\u00e9ho n\u00e1rodn\u00edho t\u00fdmu, v\u00a0duelech se Slovinskem a Litvou p\u0159isp\u011bl k\u00a0udr\u017een\u00fdm nul\u00e1m a po reprezenta\u010dn\u00ed p\u0159est\u00e1vce se vr\u00e1til k pln\u011bn\u00ed klubov\u00fdch povinnost\u00ed. A\u010d se nec\u00edtil stoprocentn\u011b zdrav\u00fd, nasko\u010dil do souboje s Arsenalem, jen\u017e skon\u010dil prohrou 2:5 a stal se popudem k odvol\u00e1n\u00ed mana\u017eera Koemana.<\/p>\n<p>Po nepoveden\u00e9m dni se nav\u00edc v\u00fdrazn\u011b zhor\u0161il Kean\u016fv zdravotn\u00ed stav, z\u00e1n\u011bt se od zran\u011bn\u00e9ho m\u00edsta rychle roz\u0161\u00ed\u0159il po cel\u00e9 noze. N\u00e1sledovala hospitalizace v priv\u00e1tn\u00ed nemocnici, v n\u00ed\u017e mu dokto\u0159i pohrozili:\u00a0<em>\u201ePokud by se \u0161\u00ed\u0159en\u00ed z\u00e1n\u011btu nepoda\u0159ilo zastavit, uva\u017eovali bychom o amputaci nohy.\u201c<\/em><\/p>\n<p>U\u017e t\u00fdden po o\u0161kliv\u00e9 p\u0159\u00edhod\u011b byl Keane zp\u011bt na h\u0159i\u0161ti, necht\u011bl, aby pod do\u010dasn\u00fdm mana\u017eerem Unsworthem vypadl ze sestavy, a tak op\u011bt nasadil l\u00e9ky proti bolesti a o dv\u011b \u010d\u00edsla v\u011bt\u0161\u00ed kopa\u010dku. Lidsk\u00e9 t\u011blo m\u00e1\u00a0ale sv\u00e9 hranice a stopku mu vystavilo v duelu se Southamptonem. L\u00e9ky ho \u010dinily ospal\u00fdm a znemo\u017e\u0148ovaly mu soust\u0159ed\u011bn\u00ed. Ve sprintersk\u00e9m souboji s Charliem Austinem se na vlastn\u00ed k\u016f\u017ei p\u0159esv\u011bd\u010dil, jak\u00e9 to je, kdy\u017e t\u011blo \u0159ekne &#8222;dost&#8220;. By\u0165 tou\u017eil anglick\u00e9ho \u00fato\u010dn\u00edka st\u00edhat, jednodu\u0161e nemohl. O probl\u00e9mech \u0159ekl o polo\u010dasov\u00e9 pauze realiza\u010dn\u00edmu t\u00fdmu, av\u0161ak sta\u017een ze h\u0159i\u0161t\u011b byl a\u017e v 75. minut\u011b. Po tomto utk\u00e1n\u00ed Keane kone\u010dn\u011b p\u0159estal br\u00e1t analgetika a v prosinci se jeho t\u011blo do\u010dkalo zaslou\u017een\u00e9ho odpo\u010dinku. Do sestavy se vr\u00e1til na Nov\u00fd rok ve st\u0159etnut\u00ed s\u00a0Manchesterem United, v\u00a0n\u011bm\u017e mu Anthony Martial po vzdu\u0161n\u00e9m souboji dosko\u010dil p\u0159\u00edmo na uzdravuj\u00edc\u00ed se r\u00e1nu. Situace s kalu\u017e\u00ed krve, jakmile si Keane sundal kopa\u010dku, se opakovala.<\/p>\n<p>Teprve a\u017e po dal\u0161\u00ed p\u0159est\u00e1vce od fotbalu se Keane kone\u010dn\u011b c\u00edtil zdravotn\u011b v po\u0159\u00e1dku a dokonce je\u0161t\u011b stihl zas\u00e1hnout do posledn\u00edch kol sez\u00f3ny 2017\/18.\u00a0<em>\u201eNarostla mi hro\u0161\u00ed k\u016f\u017ee. V \u010dasech, kdy se v\u00e1m v\u00fdkonnostn\u011b neda\u0159\u00ed, p\u0159irozen\u011b sl\u00fdch\u00e1v\u00e1te\u00a0od fanou\u0161k\u016f\u00a0mnoho kritiky. Osobn\u011b jsem nikdy necht\u011bl vyd\u00e1vat n\u011bjak\u00e9 ve\u0159ejn\u00e9 prohl\u00e1\u0161en\u00ed, naopak jsem c\u00edtil vnit\u0159n\u00ed odhodl\u00e1n\u00ed p\u0159esv\u011bd\u010dit lidi, \u017ee se m\u00fdl\u00ed. A dal\u0161\u00ed pou\u010den\u00ed? Po fyzick\u00e9 str\u00e1nce mus\u00edm b\u00fdt l\u00e9pe p\u0159ipraven, ne\u017e jsem byl v minul\u00e9 sez\u00f3n\u011b. Ke ka\u017ed\u00e9mu tr\u00e9ninku mus\u00edm p\u0159istupovat zodpov\u011bdn\u011b. Pokud v Premier League n\u011bco vypust\u00edte, tvrd\u011b naraz\u00edte.<\/em><\/p>\n<p><em>S odstupem \u010dasu p\u0159izn\u00e1v\u00e1m, \u017ee hr\u00e1t se zran\u011bn\u00edm asi nebyl nejlep\u0161\u00ed n\u00e1pad \u2013 na druhou stranu ni\u010deho nelituji. Byl jsem vychov\u00e1n ukazovat odhodlanost. Necht\u011bl jsem, aby si spoluhr\u00e1\u010di mysleli, \u017ee se vyh\u00fdb\u00e1m probl\u00e9m\u016fm. Mu\u017estvo se tr\u00e1pilo a j\u00e1 necht\u011bl ut\u00edkat z boje,\u201c\u00a0<\/em>odhl\u00e9dl se za celou epizodou odchovanec Manchesteru United.<\/p>\n<p>Keane dnes sice nastupuje ve speci\u00e1ln\u00edch pono\u017ek\u00e1ch, kter\u00e9 jsou vycpan\u00e9 silikonem, nemus\u00ed ale obouvat o dv\u011b \u010d\u00edsla v\u011bt\u0161\u00ed kopa\u010dky, co\u017e se spolu s lep\u0161\u00ed fyzickou p\u0159ipravenost\u00ed a re\u017eimem pod nov\u00fdm mana\u017eerem Marcem Silvou pozitivn\u011b projevuje na jeho v\u00fdkonech.<\/p>\n","protected":false},"excerpt":{"rendered":"<p>\u201eM\u016f\u017eete se pod\u00edvat, jestli chcete,\u201c\u00a0za\u010d\u00edn\u00e1 rozhovor s redaktorem britsk\u00e9ho den\u00edku The Times Michael Keane. Posl\u00e9ze si sund\u00e1 pono\u017eku a ukazuje&hellip;<\/p>\n","protected":false},"author":6,"featured_media":1346,"comment_status":"open","ping_status":"closed","sticky":false,"template":"","format":"standard","meta":{"_eb_attr":"","_monsterinsights_skip_tracking":false,"_monsterinsights_sitenote_active":false,"_monsterinsights_sitenote_note":"","_monsterinsights_sitenote_category":0,"footnotes":""},"categories":[1],"tags":[],"yoast_head":"<!-- This site is optimized with the Yoast SEO plugin v23.4 - https:\/\/yoast.com\/wordpress\/plugins\/seo\/ -->\n<title>Keane se sna\u017e\u00ed zapomenout na hroziv\u00e9 zran\u011bn\u00ed z lo\u0148ska - Official Czech &amp; Slovak Everton Supporters&#039; Club<\/title>\n<meta name=\"robots\" content=\"index, follow, max-snippet:-1, max-image-preview:large, max-video-preview:-1\" \/>\n<link rel=\"canonical\" href=\"https:\/\/evertonfc.cz\/index.php\/2018\/10\/31\/keane-se-snazi-zapomenout-na-hrozive-zraneni-z-lonska\/\" \/>\n<meta property=\"og:locale\" content=\"cs_CZ\" \/>\n<meta property=\"og:type\" content=\"article\" \/>\n<meta property=\"og:title\" content=\"Keane se sna\u017e\u00ed zapomenout na hroziv\u00e9 zran\u011bn\u00ed z lo\u0148ska - Official Czech &amp; Slovak Everton Supporters&#039; Club\" \/>\n<meta property=\"og:description\" content=\"\u201eM\u016f\u017eete se pod\u00edvat, jestli chcete,\u201c\u00a0za\u010d\u00edn\u00e1 rozhovor s redaktorem britsk\u00e9ho den\u00edku The Times Michael Keane. Posl\u00e9ze si sund\u00e1 pono\u017eku a ukazuje&hellip;\" \/>\n<meta property=\"og:url\" content=\"https:\/\/evertonfc.cz\/index.php\/2018\/10\/31\/keane-se-snazi-zapomenout-na-hrozive-zraneni-z-lonska\/\" \/>\n<meta property=\"og:site_name\" content=\"Official Czech &amp; Slovak Everton Supporters&#039; Club\" \/>\n<meta property=\"article:publisher\" content=\"https:\/\/www.facebook.com\/everton.fans.cz.sk\" \/>\n<meta property=\"article:published_time\" content=\"2018-10-31T18:49:58+00:00\" \/>\n<meta property=\"article:modified_time\" content=\"2019-01-22T20:00:52+00:00\" \/>\n<meta property=\"og:image\" content=\"https:\/\/evertonfc.cz\/wp-content\/uploads\/2019\/01\/keane.jpg\" \/>\n\t<meta property=\"og:image:width\" content=\"720\" \/>\n\t<meta property=\"og:image:height\" content=\"405\" \/>\n\t<meta property=\"og:image:type\" content=\"image\/jpeg\" \/>\n<meta name=\"author\" content=\"Ri\u010di\" \/>\n<meta name=\"twitter:card\" content=\"summary_large_image\" \/>\n<meta name=\"twitter:creator\" content=\"@rbrejsa\" \/>\n<meta name=\"twitter:label1\" content=\"Napsal(a)\" \/>\n\t<meta name=\"twitter:data1\" content=\"Ri\u010di\" \/>\n\t<meta name=\"twitter:label2\" content=\"Odhadovan\u00e1 doba \u010dten\u00ed\" \/>\n\t<meta name=\"twitter:data2\" content=\"6 minut\" \/>\n<script type=\"application\/ld+json\" class=\"yoast-schema-graph\">{\"@context\":\"https:\/\/schema.org\",\"@graph\":[{\"@type\":\"Article\",\"@id\":\"https:\/\/evertonfc.cz\/index.php\/2018\/10\/31\/keane-se-snazi-zapomenout-na-hrozive-zraneni-z-lonska\/#article\",\"isPartOf\":{\"@id\":\"https:\/\/evertonfc.cz\/index.php\/2018\/10\/31\/keane-se-snazi-zapomenout-na-hrozive-zraneni-z-lonska\/\"},\"author\":{\"name\":\"Ri\u010di\",\"@id\":\"https:\/\/evertonfc.cz\/#\/schema\/person\/f7a5daedb2ffee98480bc70e191aaef1\"},\"headline\":\"Keane se sna\u017e\u00ed zapomenout na hroziv\u00e9 zran\u011bn\u00ed z lo\u0148ska\",\"datePublished\":\"2018-10-31T18:49:58+00:00\",\"dateModified\":\"2019-01-22T20:00:52+00:00\",\"mainEntityOfPage\":{\"@id\":\"https:\/\/evertonfc.cz\/index.php\/2018\/10\/31\/keane-se-snazi-zapomenout-na-hrozive-zraneni-z-lonska\/\"},\"wordCount\":1224,\"commentCount\":0,\"publisher\":{\"@id\":\"https:\/\/evertonfc.cz\/#organization\"},\"image\":{\"@id\":\"https:\/\/evertonfc.cz\/index.php\/2018\/10\/31\/keane-se-snazi-zapomenout-na-hrozive-zraneni-z-lonska\/#primaryimage\"},\"thumbnailUrl\":\"https:\/\/evertonfc.cz\/wp-content\/uploads\/2019\/01\/keane.jpg\",\"articleSection\":[\"Rozhovory\"],\"inLanguage\":\"cs\",\"potentialAction\":[{\"@type\":\"CommentAction\",\"name\":\"Comment\",\"target\":[\"https:\/\/evertonfc.cz\/index.php\/2018\/10\/31\/keane-se-snazi-zapomenout-na-hrozive-zraneni-z-lonska\/#respond\"]}]},{\"@type\":\"WebPage\",\"@id\":\"https:\/\/evertonfc.cz\/index.php\/2018\/10\/31\/keane-se-snazi-zapomenout-na-hrozive-zraneni-z-lonska\/\",\"url\":\"https:\/\/evertonfc.cz\/index.php\/2018\/10\/31\/keane-se-snazi-zapomenout-na-hrozive-zraneni-z-lonska\/\",\"name\":\"Keane se sna\u017e\u00ed zapomenout na hroziv\u00e9 zran\u011bn\u00ed z lo\u0148ska - Official Czech &amp; Slovak Everton Supporters&#039; Club\",\"isPartOf\":{\"@id\":\"https:\/\/evertonfc.cz\/#website\"},\"primaryImageOfPage\":{\"@id\":\"https:\/\/evertonfc.cz\/index.php\/2018\/10\/31\/keane-se-snazi-zapomenout-na-hrozive-zraneni-z-lonska\/#primaryimage\"},\"image\":{\"@id\":\"https:\/\/evertonfc.cz\/index.php\/2018\/10\/31\/keane-se-snazi-zapomenout-na-hrozive-zraneni-z-lonska\/#primaryimage\"},\"thumbnailUrl\":\"https:\/\/evertonfc.cz\/wp-content\/uploads\/2019\/01\/keane.jpg\",\"datePublished\":\"2018-10-31T18:49:58+00:00\",\"dateModified\":\"2019-01-22T20:00:52+00:00\",\"breadcrumb\":{\"@id\":\"https:\/\/evertonfc.cz\/index.php\/2018\/10\/31\/keane-se-snazi-zapomenout-na-hrozive-zraneni-z-lonska\/#breadcrumb\"},\"inLanguage\":\"cs\",\"potentialAction\":[{\"@type\":\"ReadAction\",\"target\":[\"https:\/\/evertonfc.cz\/index.php\/2018\/10\/31\/keane-se-snazi-zapomenout-na-hrozive-zraneni-z-lonska\/\"]}]},{\"@type\":\"ImageObject\",\"inLanguage\":\"cs\",\"@id\":\"https:\/\/evertonfc.cz\/index.php\/2018\/10\/31\/keane-se-snazi-zapomenout-na-hrozive-zraneni-z-lonska\/#primaryimage\",\"url\":\"https:\/\/evertonfc.cz\/wp-content\/uploads\/2019\/01\/keane.jpg\",\"contentUrl\":\"https:\/\/evertonfc.cz\/wp-content\/uploads\/2019\/01\/keane.jpg\",\"width\":720,\"height\":405},{\"@type\":\"BreadcrumbList\",\"@id\":\"https:\/\/evertonfc.cz\/index.php\/2018\/10\/31\/keane-se-snazi-zapomenout-na-hrozive-zraneni-z-lonska\/#breadcrumb\",\"itemListElement\":[{\"@type\":\"ListItem\",\"position\":1,\"name\":\"Home\",\"item\":\"https:\/\/evertonfc.cz\/\"},{\"@type\":\"ListItem\",\"position\":2,\"name\":\"Keane se sna\u017e\u00ed zapomenout na hroziv\u00e9 zran\u011bn\u00ed z lo\u0148ska\"}]},{\"@type\":\"WebSite\",\"@id\":\"https:\/\/evertonfc.cz\/#website\",\"url\":\"https:\/\/evertonfc.cz\/\",\"name\":\"Official Czech &amp; Slovak Everton Supporters&#039; Club\",\"description\":\"\",\"publisher\":{\"@id\":\"https:\/\/evertonfc.cz\/#organization\"},\"potentialAction\":[{\"@type\":\"SearchAction\",\"target\":{\"@type\":\"EntryPoint\",\"urlTemplate\":\"https:\/\/evertonfc.cz\/?s={search_term_string}\"},\"query-input\":{\"@type\":\"PropertyValueSpecification\",\"valueRequired\":true,\"valueName\":\"search_term_string\"}}],\"inLanguage\":\"cs\"},{\"@type\":\"Organization\",\"@id\":\"https:\/\/evertonfc.cz\/#organization\",\"name\":\"Official Czech & Slovak Everton Supporters' Club\",\"url\":\"https:\/\/evertonfc.cz\/\",\"logo\":{\"@type\":\"ImageObject\",\"inLanguage\":\"cs\",\"@id\":\"https:\/\/evertonfc.cz\/#\/schema\/logo\/image\/\",\"url\":\"https:\/\/evertonfc.cz\/wp-content\/uploads\/2019\/05\/logo.png\",\"contentUrl\":\"https:\/\/evertonfc.cz\/wp-content\/uploads\/2019\/05\/logo.png\",\"width\":112,\"height\":112,\"caption\":\"Official Czech & Slovak Everton Supporters' Club\"},\"image\":{\"@id\":\"https:\/\/evertonfc.cz\/#\/schema\/logo\/image\/\"},\"sameAs\":[\"https:\/\/www.facebook.com\/everton.fans.cz.sk\"]},{\"@type\":\"Person\",\"@id\":\"https:\/\/evertonfc.cz\/#\/schema\/person\/f7a5daedb2ffee98480bc70e191aaef1\",\"name\":\"Ri\u010di\",\"sameAs\":[\"https:\/\/x.com\/rbrejsa\"],\"url\":\"https:\/\/evertonfc.cz\/index.php\/author\/rici\/\"}]}<\/script>\n<!-- \/ Yoast SEO plugin. -->","yoast_head_json":{"title":"Keane se sna\u017e\u00ed zapomenout na hroziv\u00e9 zran\u011bn\u00ed z lo\u0148ska - Official Czech &amp; Slovak Everton Supporters&#039; Club","robots":{"index":"index","follow":"follow","max-snippet":"max-snippet:-1","max-image-preview":"max-image-preview:large","max-video-preview":"max-video-preview:-1"},"canonical":"https:\/\/evertonfc.cz\/index.php\/2018\/10\/31\/keane-se-snazi-zapomenout-na-hrozive-zraneni-z-lonska\/","og_locale":"cs_CZ","og_type":"article","og_title":"Keane se sna\u017e\u00ed zapomenout na hroziv\u00e9 zran\u011bn\u00ed z lo\u0148ska - Official Czech &amp; Slovak Everton Supporters&#039; Club","og_description":"\u201eM\u016f\u017eete se pod\u00edvat, jestli chcete,\u201c\u00a0za\u010d\u00edn\u00e1 rozhovor s redaktorem britsk\u00e9ho den\u00edku The Times Michael Keane. Posl\u00e9ze si sund\u00e1 pono\u017eku a ukazuje&hellip;","og_url":"https:\/\/evertonfc.cz\/index.php\/2018\/10\/31\/keane-se-snazi-zapomenout-na-hrozive-zraneni-z-lonska\/","og_site_name":"Official Czech &amp; Slovak Everton Supporters&#039; Club","article_publisher":"https:\/\/www.facebook.com\/everton.fans.cz.sk","article_published_time":"2018-10-31T18:49:58+00:00","article_modified_time":"2019-01-22T20:00:52+00:00","og_image":[{"width":720,"height":405,"url":"https:\/\/evertonfc.cz\/wp-content\/uploads\/2019\/01\/keane.jpg","type":"image\/jpeg"}],"author":"Ri\u010di","twitter_card":"summary_large_image","twitter_creator":"@rbrejsa","twitter_misc":{"Napsal(a)":"Ri\u010di","Odhadovan\u00e1 doba \u010dten\u00ed":"6 minut"},"schema":{"@context":"https:\/\/schema.org","@graph":[{"@type":"Article","@id":"https:\/\/evertonfc.cz\/index.php\/2018\/10\/31\/keane-se-snazi-zapomenout-na-hrozive-zraneni-z-lonska\/#article","isPartOf":{"@id":"https:\/\/evertonfc.cz\/index.php\/2018\/10\/31\/keane-se-snazi-zapomenout-na-hrozive-zraneni-z-lonska\/"},"author":{"name":"Ri\u010di","@id":"https:\/\/evertonfc.cz\/#\/schema\/person\/f7a5daedb2ffee98480bc70e191aaef1"},"headline":"Keane se sna\u017e\u00ed zapomenout na hroziv\u00e9 zran\u011bn\u00ed z lo\u0148ska","datePublished":"2018-10-31T18:49:58+00:00","dateModified":"2019-01-22T20:00:52+00:00","mainEntityOfPage":{"@id":"https:\/\/evertonfc.cz\/index.php\/2018\/10\/31\/keane-se-snazi-zapomenout-na-hrozive-zraneni-z-lonska\/"},"wordCount":1224,"commentCount":0,"publisher":{"@id":"https:\/\/evertonfc.cz\/#organization"},"image":{"@id":"https:\/\/evertonfc.cz\/index.php\/2018\/10\/31\/keane-se-snazi-zapomenout-na-hrozive-zraneni-z-lonska\/#primaryimage"},"thumbnailUrl":"https:\/\/evertonfc.cz\/wp-content\/uploads\/2019\/01\/keane.jpg","articleSection":["Rozhovory"],"inLanguage":"cs","potentialAction":[{"@type":"CommentAction","name":"Comment","target":["https:\/\/evertonfc.cz\/index.php\/2018\/10\/31\/keane-se-snazi-zapomenout-na-hrozive-zraneni-z-lonska\/#respond"]}]},{"@type":"WebPage","@id":"https:\/\/evertonfc.cz\/index.php\/2018\/10\/31\/keane-se-snazi-zapomenout-na-hrozive-zraneni-z-lonska\/","url":"https:\/\/evertonfc.cz\/index.php\/2018\/10\/31\/keane-se-snazi-zapomenout-na-hrozive-zraneni-z-lonska\/","name":"Keane se sna\u017e\u00ed zapomenout na hroziv\u00e9 zran\u011bn\u00ed z lo\u0148ska - Official Czech &amp; Slovak Everton Supporters&#039; Club","isPartOf":{"@id":"https:\/\/evertonfc.cz\/#website"},"primaryImageOfPage":{"@id":"https:\/\/evertonfc.cz\/index.php\/2018\/10\/31\/keane-se-snazi-zapomenout-na-hrozive-zraneni-z-lonska\/#primaryimage"},"image":{"@id":"https:\/\/evertonfc.cz\/index.php\/2018\/10\/31\/keane-se-snazi-zapomenout-na-hrozive-zraneni-z-lonska\/#primaryimage"},"thumbnailUrl":"https:\/\/evertonfc.cz\/wp-content\/uploads\/2019\/01\/keane.jpg","datePublished":"2018-10-31T18:49:58+00:00","dateModified":"2019-01-22T20:00:52+00:00","breadcrumb":{"@id":"https:\/\/evertonfc.cz\/index.php\/2018\/10\/31\/keane-se-snazi-zapomenout-na-hrozive-zraneni-z-lonska\/#breadcrumb"},"inLanguage":"cs","potentialAction":[{"@type":"ReadAction","target":["https:\/\/evertonfc.cz\/index.php\/2018\/10\/31\/keane-se-snazi-zapomenout-na-hrozive-zraneni-z-lonska\/"]}]},{"@type":"ImageObject","inLanguage":"cs","@id":"https:\/\/evertonfc.cz\/index.php\/2018\/10\/31\/keane-se-snazi-zapomenout-na-hrozive-zraneni-z-lonska\/#primaryimage","url":"https:\/\/evertonfc.cz\/wp-content\/uploads\/2019\/01\/keane.jpg","contentUrl":"https:\/\/evertonfc.cz\/wp-content\/uploads\/2019\/01\/keane.jpg","width":720,"height":405},{"@type":"BreadcrumbList","@id":"https:\/\/evertonfc.cz\/index.php\/2018\/10\/31\/keane-se-snazi-zapomenout-na-hrozive-zraneni-z-lonska\/#breadcrumb","itemListElement":[{"@type":"ListItem","position":1,"name":"Home","item":"https:\/\/evertonfc.cz\/"},{"@type":"ListItem","position":2,"name":"Keane se sna\u017e\u00ed zapomenout na hroziv\u00e9 zran\u011bn\u00ed z lo\u0148ska"}]},{"@type":"WebSite","@id":"https:\/\/evertonfc.cz\/#website","url":"https:\/\/evertonfc.cz\/","name":"Official Czech &amp; Slovak Everton Supporters&#039; Club","description":"","publisher":{"@id":"https:\/\/evertonfc.cz\/#organization"},"potentialAction":[{"@type":"SearchAction","target":{"@type":"EntryPoint","urlTemplate":"https:\/\/evertonfc.cz\/?s={search_term_string}"},"query-input":{"@type":"PropertyValueSpecification","valueRequired":true,"valueName":"search_term_string"}}],"inLanguage":"cs"},{"@type":"Organization","@id":"https:\/\/evertonfc.cz\/#organization","name":"Official Czech & Slovak Everton Supporters' Club","url":"https:\/\/evertonfc.cz\/","logo":{"@type":"ImageObject","inLanguage":"cs","@id":"https:\/\/evertonfc.cz\/#\/schema\/logo\/image\/","url":"https:\/\/evertonfc.cz\/wp-content\/uploads\/2019\/05\/logo.png","contentUrl":"https:\/\/evertonfc.cz\/wp-content\/uploads\/2019\/05\/logo.png","width":112,"height":112,"caption":"Official Czech & Slovak Everton Supporters' Club"},"image":{"@id":"https:\/\/evertonfc.cz\/#\/schema\/logo\/image\/"},"sameAs":["https:\/\/www.facebook.com\/everton.fans.cz.sk"]},{"@type":"Person","@id":"https:\/\/evertonfc.cz\/#\/schema\/person\/f7a5daedb2ffee98480bc70e191aaef1","name":"Ri\u010di","sameAs":["https:\/\/x.com\/rbrejsa"],"url":"https:\/\/evertonfc.cz\/index.php\/author\/rici\/"}]}},"_links":{"self":[{"href":"https:\/\/evertonfc.cz\/index.php\/wp-json\/wp\/v2\/posts\/1372"}],"collection":[{"href":"https:\/\/evertonfc.cz\/index.php\/wp-json\/wp\/v2\/posts"}],"about":[{"href":"https:\/\/evertonfc.cz\/index.php\/wp-json\/wp\/v2\/types\/post"}],"author":[{"embeddable":true,"href":"https:\/\/evertonfc.cz\/index.php\/wp-json\/wp\/v2\/users\/6"}],"replies":[{"embeddable":true,"href":"https:\/\/evertonfc.cz\/index.php\/wp-json\/wp\/v2\/comments?post=1372"}],"version-history":[{"count":4,"href":"https:\/\/evertonfc.cz\/index.php\/wp-json\/wp\/v2\/posts\/1372\/revisions"}],"predecessor-version":[{"id":1394,"href":"https:\/\/evertonfc.cz\/index.php\/wp-json\/wp\/v2\/posts\/1372\/revisions\/1394"}],"wp:featuredmedia":[{"embeddable":true,"href":"https:\/\/evertonfc.cz\/index.php\/wp-json\/wp\/v2\/media\/1346"}],"wp:attachment":[{"href":"https:\/\/evertonfc.cz\/index.php\/wp-json\/wp\/v2\/media?parent=1372"}],"wp:term":[{"taxonomy":"category","embeddable":true,"href":"https:\/\/evertonfc.cz\/index.php\/wp-json\/wp\/v2\/categories?post=1372"},{"taxonomy":"post_tag","embeddable":true,"href":"https:\/\/evertonfc.cz\/index.php\/wp-json\/wp\/v2\/tags?post=1372"}],"curies":[{"name":"wp","href":"https:\/\/api.w.org\/{rel}","templated":true}]}}