{"id":13843,"date":"2021-02-01T20:15:42","date_gmt":"2021-02-01T19:15:42","guid":{"rendered":"https:\/\/evertonfc.cz\/?p=13843"},"modified":"2021-02-08T08:26:07","modified_gmt":"2021-02-08T07:26:07","slug":"tosun-se-vraci-do-besiktase","status":"publish","type":"post","link":"https:\/\/evertonfc.cz\/index.php\/2021\/02\/01\/tosun-se-vraci-do-besiktase\/","title":{"rendered":"Tosun se vrac\u00ed do Besiktase"},"content":{"rendered":"<h4>Everton pokra\u010duje v novoro\u010dn\u00edm \u00faklidu. Dal\u0161\u00edm nepot\u0159ebn\u00fdm hr\u00e1\u010dem, kter\u00fd opou\u0161t\u00ed Merseyside, je \u00fato\u010dn\u00edk Cenk Tosun.<\/h4>\n<p>29let\u00fd Turek se v r\u00e1mci p\u016flro\u010dn\u00edho hostov\u00e1n\u00ed vrac\u00ed do zn\u00e1m\u00e9ho prost\u0159ed\u00ed, pr\u00e1v\u011b z istanbulsk\u00e9ho celku zam\u00ed\u0159il p\u0159ed t\u0159emi lety do Evertonu.<\/p>\n<p>T\u0159i roky jsou ale dlouh\u00e1 doba, ve fotbale zvl\u00e1\u0161\u0165. Sam Allardyce, mana\u017eer, kter\u00fd si Tosuna v lednu 2018 p\u0159ivedl za v\u00edce ne\u017e 20 mili\u00f3n\u016f liber, se rozlou\u010dil s Goodison Parkem ji\u017e o n\u011bkolik m\u011bs\u00edc\u016f pozd\u011bji.<\/p>\n<p>S Allardycov\u00fdm koncem v klubu vlastn\u011b koreluje i odstaven\u00ed Tosuna na druhou kolej. Brzy se uk\u00e1zalo, \u017ee svou kvalitou sta\u010d\u00ed nanejv\u00fd\u0161e na podpr\u016fm\u011brn\u00fd celek Premier League, j\u00edm\u017e Toffees pod Big Samem (bohu\u017eel) byli.<\/p>\n<p>K napln\u011bn\u00ed ambic\u00ed dal\u0161\u00edch mana\u017eer\u016f \u2013 Marca Silvy \u010di nyn\u00ed Carla Ancelottiho \u2013 se Tosun ji\u017e nehodil. V prvn\u00ed polovin\u011b aktu\u00e1ln\u00edho ligov\u00e9ho ro\u010dn\u00edku odehr\u00e1l pouze 43 minut rozd\u011blen\u00fdch do p\u011bti z\u00e1pas\u016f. V z\u00e1kladn\u00ed sestav\u011b se objevil pouze v duelu FA Cupu s Rotherhamem, v n\u011bm\u017e se sice g\u00f3lov\u011b prosadil, sv\u00fdm startem se ale m\u011bl sp\u00ed\u0161e p\u0159ipomenout potenci\u00e1ln\u00edm z\u00e1jemc\u016fm na p\u0159estupov\u00e9m trhu.<\/p>\n<p>45n\u00e1sobn\u00fd tureck\u00fd reprezentant bude podle neofici\u00e1ln\u00edch zpr\u00e1v hostovat v Besiktasi bez opce na p\u0159estup, Black Eagles (odtud ta divn\u00e1 p\u00f3za rukou na tituln\u00ed fotce \u2013 jako\u017ee orl\u00ed dr\u00e1py) budou jen hradit jeho cel\u00fd plat ve v\u00fd\u0161i 60 tis\u00edc liber t\u00fddn\u011b.<\/p>\n<p>Ned\u00e1 se v\u0161ak p\u0159edpokl\u00e1dat, \u017ee Tosun je\u0161t\u011b obl\u00e9kne kr\u00e1lovsky modr\u00fd dres. Jeho smlouva vypr\u0161\u00ed p\u0159\u00ed\u0161t\u00ed l\u00e9to a v p\u0159\u00edpad\u011b \u00fasp\u011b\u0161n\u00e9ho n\u00e1vratu do Besiktase si lze p\u0159edstavit z\u00e1jem o prodlou\u017een\u00ed spolupr\u00e1ce.<\/p>\n","protected":false},"excerpt":{"rendered":"<p>Everton pokra\u010duje v novoro\u010dn\u00edm \u00faklidu. Dal\u0161\u00edm nepot\u0159ebn\u00fdm hr\u00e1\u010dem, kter\u00fd opou\u0161t\u00ed Merseyside, je \u00fato\u010dn\u00edk Cenk Tosun.<\/p>\n","protected":false},"author":6,"featured_media":13842,"comment_status":"open","ping_status":"closed","sticky":false,"template":"","format":"standard","meta":{"_eb_attr":"","_monsterinsights_skip_tracking":false,"_monsterinsights_sitenote_active":false,"_monsterinsights_sitenote_note":"","_monsterinsights_sitenote_category":0,"footnotes":""},"categories":[41],"tags":[],"yoast_head":"<!-- This site is optimized with the Yoast SEO plugin v23.4 - https:\/\/yoast.com\/wordpress\/plugins\/seo\/ -->\n<title>Tosun se vrac\u00ed do Besiktase - Official Czech &amp; Slovak Everton Supporters&#039; Club<\/title>\n<meta name=\"robots\" content=\"index, follow, max-snippet:-1, max-image-preview:large, max-video-preview:-1\" \/>\n<link rel=\"canonical\" href=\"https:\/\/evertonfc.cz\/index.php\/2021\/02\/01\/tosun-se-vraci-do-besiktase\/\" \/>\n<meta property=\"og:locale\" content=\"cs_CZ\" \/>\n<meta property=\"og:type\" content=\"article\" \/>\n<meta property=\"og:title\" content=\"Tosun se vrac\u00ed do Besiktase - Official Czech &amp; Slovak Everton Supporters&#039; Club\" \/>\n<meta property=\"og:description\" content=\"Everton pokra\u010duje v novoro\u010dn\u00edm \u00faklidu. Dal\u0161\u00edm nepot\u0159ebn\u00fdm hr\u00e1\u010dem, kter\u00fd opou\u0161t\u00ed Merseyside, je \u00fato\u010dn\u00edk Cenk Tosun.\" \/>\n<meta property=\"og:url\" content=\"https:\/\/evertonfc.cz\/index.php\/2021\/02\/01\/tosun-se-vraci-do-besiktase\/\" \/>\n<meta property=\"og:site_name\" content=\"Official Czech &amp; Slovak Everton Supporters&#039; Club\" \/>\n<meta property=\"article:publisher\" content=\"https:\/\/www.facebook.com\/everton.fans.cz.sk\" \/>\n<meta property=\"article:published_time\" content=\"2021-02-01T19:15:42+00:00\" \/>\n<meta property=\"article:modified_time\" content=\"2021-02-08T07:26:07+00:00\" \/>\n<meta property=\"og:image\" content=\"https:\/\/evertonfc.cz\/wp-content\/uploads\/2021\/02\/tosun_1_2_2021.jpg\" \/>\n\t<meta property=\"og:image:width\" content=\"720\" \/>\n\t<meta property=\"og:image:height\" content=\"405\" \/>\n\t<meta property=\"og:image:type\" content=\"image\/jpeg\" \/>\n<meta name=\"author\" content=\"Ri\u010di\" \/>\n<meta name=\"twitter:card\" content=\"summary_large_image\" \/>\n<meta name=\"twitter:creator\" content=\"@rbrejsa\" \/>\n<meta name=\"twitter:label1\" content=\"Napsal(a)\" \/>\n\t<meta name=\"twitter:data1\" content=\"Ri\u010di\" \/>\n\t<meta name=\"twitter:label2\" content=\"Odhadovan\u00e1 doba \u010dten\u00ed\" \/>\n\t<meta name=\"twitter:data2\" content=\"2 minuty\" \/>\n<script type=\"application\/ld+json\" class=\"yoast-schema-graph\">{\"@context\":\"https:\/\/schema.org\",\"@graph\":[{\"@type\":\"Article\",\"@id\":\"https:\/\/evertonfc.cz\/index.php\/2021\/02\/01\/tosun-se-vraci-do-besiktase\/#article\",\"isPartOf\":{\"@id\":\"https:\/\/evertonfc.cz\/index.php\/2021\/02\/01\/tosun-se-vraci-do-besiktase\/\"},\"author\":{\"name\":\"Ri\u010di\",\"@id\":\"https:\/\/evertonfc.cz\/#\/schema\/person\/f7a5daedb2ffee98480bc70e191aaef1\"},\"headline\":\"Tosun se vrac\u00ed do Besiktase\",\"datePublished\":\"2021-02-01T19:15:42+00:00\",\"dateModified\":\"2021-02-08T07:26:07+00:00\",\"mainEntityOfPage\":{\"@id\":\"https:\/\/evertonfc.cz\/index.php\/2021\/02\/01\/tosun-se-vraci-do-besiktase\/\"},\"wordCount\":326,\"commentCount\":3,\"publisher\":{\"@id\":\"https:\/\/evertonfc.cz\/#organization\"},\"image\":{\"@id\":\"https:\/\/evertonfc.cz\/index.php\/2021\/02\/01\/tosun-se-vraci-do-besiktase\/#primaryimage\"},\"thumbnailUrl\":\"https:\/\/evertonfc.cz\/wp-content\/uploads\/2021\/02\/tosun_1_2_2021.jpg\",\"articleSection\":[\"P\u0159estupy\"],\"inLanguage\":\"cs\",\"potentialAction\":[{\"@type\":\"CommentAction\",\"name\":\"Comment\",\"target\":[\"https:\/\/evertonfc.cz\/index.php\/2021\/02\/01\/tosun-se-vraci-do-besiktase\/#respond\"]}]},{\"@type\":\"WebPage\",\"@id\":\"https:\/\/evertonfc.cz\/index.php\/2021\/02\/01\/tosun-se-vraci-do-besiktase\/\",\"url\":\"https:\/\/evertonfc.cz\/index.php\/2021\/02\/01\/tosun-se-vraci-do-besiktase\/\",\"name\":\"Tosun se vrac\u00ed do Besiktase - Official Czech &amp; Slovak Everton Supporters&#039; Club\",\"isPartOf\":{\"@id\":\"https:\/\/evertonfc.cz\/#website\"},\"primaryImageOfPage\":{\"@id\":\"https:\/\/evertonfc.cz\/index.php\/2021\/02\/01\/tosun-se-vraci-do-besiktase\/#primaryimage\"},\"image\":{\"@id\":\"https:\/\/evertonfc.cz\/index.php\/2021\/02\/01\/tosun-se-vraci-do-besiktase\/#primaryimage\"},\"thumbnailUrl\":\"https:\/\/evertonfc.cz\/wp-content\/uploads\/2021\/02\/tosun_1_2_2021.jpg\",\"datePublished\":\"2021-02-01T19:15:42+00:00\",\"dateModified\":\"2021-02-08T07:26:07+00:00\",\"breadcrumb\":{\"@id\":\"https:\/\/evertonfc.cz\/index.php\/2021\/02\/01\/tosun-se-vraci-do-besiktase\/#breadcrumb\"},\"inLanguage\":\"cs\",\"potentialAction\":[{\"@type\":\"ReadAction\",\"target\":[\"https:\/\/evertonfc.cz\/index.php\/2021\/02\/01\/tosun-se-vraci-do-besiktase\/\"]}]},{\"@type\":\"ImageObject\",\"inLanguage\":\"cs\",\"@id\":\"https:\/\/evertonfc.cz\/index.php\/2021\/02\/01\/tosun-se-vraci-do-besiktase\/#primaryimage\",\"url\":\"https:\/\/evertonfc.cz\/wp-content\/uploads\/2021\/02\/tosun_1_2_2021.jpg\",\"contentUrl\":\"https:\/\/evertonfc.cz\/wp-content\/uploads\/2021\/02\/tosun_1_2_2021.jpg\",\"width\":720,\"height\":405},{\"@type\":\"BreadcrumbList\",\"@id\":\"https:\/\/evertonfc.cz\/index.php\/2021\/02\/01\/tosun-se-vraci-do-besiktase\/#breadcrumb\",\"itemListElement\":[{\"@type\":\"ListItem\",\"position\":1,\"name\":\"Home\",\"item\":\"https:\/\/evertonfc.cz\/\"},{\"@type\":\"ListItem\",\"position\":2,\"name\":\"Tosun se vrac\u00ed do Besiktase\"}]},{\"@type\":\"WebSite\",\"@id\":\"https:\/\/evertonfc.cz\/#website\",\"url\":\"https:\/\/evertonfc.cz\/\",\"name\":\"Official Czech &amp; Slovak Everton Supporters&#039; Club\",\"description\":\"\",\"publisher\":{\"@id\":\"https:\/\/evertonfc.cz\/#organization\"},\"potentialAction\":[{\"@type\":\"SearchAction\",\"target\":{\"@type\":\"EntryPoint\",\"urlTemplate\":\"https:\/\/evertonfc.cz\/?s={search_term_string}\"},\"query-input\":{\"@type\":\"PropertyValueSpecification\",\"valueRequired\":true,\"valueName\":\"search_term_string\"}}],\"inLanguage\":\"cs\"},{\"@type\":\"Organization\",\"@id\":\"https:\/\/evertonfc.cz\/#organization\",\"name\":\"Official Czech & Slovak Everton Supporters' Club\",\"url\":\"https:\/\/evertonfc.cz\/\",\"logo\":{\"@type\":\"ImageObject\",\"inLanguage\":\"cs\",\"@id\":\"https:\/\/evertonfc.cz\/#\/schema\/logo\/image\/\",\"url\":\"https:\/\/evertonfc.cz\/wp-content\/uploads\/2019\/05\/logo.png\",\"contentUrl\":\"https:\/\/evertonfc.cz\/wp-content\/uploads\/2019\/05\/logo.png\",\"width\":112,\"height\":112,\"caption\":\"Official Czech & Slovak Everton Supporters' Club\"},\"image\":{\"@id\":\"https:\/\/evertonfc.cz\/#\/schema\/logo\/image\/\"},\"sameAs\":[\"https:\/\/www.facebook.com\/everton.fans.cz.sk\"]},{\"@type\":\"Person\",\"@id\":\"https:\/\/evertonfc.cz\/#\/schema\/person\/f7a5daedb2ffee98480bc70e191aaef1\",\"name\":\"Ri\u010di\",\"sameAs\":[\"https:\/\/x.com\/rbrejsa\"],\"url\":\"https:\/\/evertonfc.cz\/index.php\/author\/rici\/\"}]}<\/script>\n<!-- \/ Yoast SEO plugin. -->","yoast_head_json":{"title":"Tosun se vrac\u00ed do Besiktase - Official Czech &amp; Slovak Everton Supporters&#039; Club","robots":{"index":"index","follow":"follow","max-snippet":"max-snippet:-1","max-image-preview":"max-image-preview:large","max-video-preview":"max-video-preview:-1"},"canonical":"https:\/\/evertonfc.cz\/index.php\/2021\/02\/01\/tosun-se-vraci-do-besiktase\/","og_locale":"cs_CZ","og_type":"article","og_title":"Tosun se vrac\u00ed do Besiktase - Official Czech &amp; Slovak Everton Supporters&#039; Club","og_description":"Everton pokra\u010duje v novoro\u010dn\u00edm \u00faklidu. Dal\u0161\u00edm nepot\u0159ebn\u00fdm hr\u00e1\u010dem, kter\u00fd opou\u0161t\u00ed Merseyside, je \u00fato\u010dn\u00edk Cenk Tosun.","og_url":"https:\/\/evertonfc.cz\/index.php\/2021\/02\/01\/tosun-se-vraci-do-besiktase\/","og_site_name":"Official Czech &amp; Slovak Everton Supporters&#039; Club","article_publisher":"https:\/\/www.facebook.com\/everton.fans.cz.sk","article_published_time":"2021-02-01T19:15:42+00:00","article_modified_time":"2021-02-08T07:26:07+00:00","og_image":[{"width":720,"height":405,"url":"https:\/\/evertonfc.cz\/wp-content\/uploads\/2021\/02\/tosun_1_2_2021.jpg","type":"image\/jpeg"}],"author":"Ri\u010di","twitter_card":"summary_large_image","twitter_creator":"@rbrejsa","twitter_misc":{"Napsal(a)":"Ri\u010di","Odhadovan\u00e1 doba \u010dten\u00ed":"2 minuty"},"schema":{"@context":"https:\/\/schema.org","@graph":[{"@type":"Article","@id":"https:\/\/evertonfc.cz\/index.php\/2021\/02\/01\/tosun-se-vraci-do-besiktase\/#article","isPartOf":{"@id":"https:\/\/evertonfc.cz\/index.php\/2021\/02\/01\/tosun-se-vraci-do-besiktase\/"},"author":{"name":"Ri\u010di","@id":"https:\/\/evertonfc.cz\/#\/schema\/person\/f7a5daedb2ffee98480bc70e191aaef1"},"headline":"Tosun se vrac\u00ed do Besiktase","datePublished":"2021-02-01T19:15:42+00:00","dateModified":"2021-02-08T07:26:07+00:00","mainEntityOfPage":{"@id":"https:\/\/evertonfc.cz\/index.php\/2021\/02\/01\/tosun-se-vraci-do-besiktase\/"},"wordCount":326,"commentCount":3,"publisher":{"@id":"https:\/\/evertonfc.cz\/#organization"},"image":{"@id":"https:\/\/evertonfc.cz\/index.php\/2021\/02\/01\/tosun-se-vraci-do-besiktase\/#primaryimage"},"thumbnailUrl":"https:\/\/evertonfc.cz\/wp-content\/uploads\/2021\/02\/tosun_1_2_2021.jpg","articleSection":["P\u0159estupy"],"inLanguage":"cs","potentialAction":[{"@type":"CommentAction","name":"Comment","target":["https:\/\/evertonfc.cz\/index.php\/2021\/02\/01\/tosun-se-vraci-do-besiktase\/#respond"]}]},{"@type":"WebPage","@id":"https:\/\/evertonfc.cz\/index.php\/2021\/02\/01\/tosun-se-vraci-do-besiktase\/","url":"https:\/\/evertonfc.cz\/index.php\/2021\/02\/01\/tosun-se-vraci-do-besiktase\/","name":"Tosun se vrac\u00ed do Besiktase - Official Czech &amp; Slovak Everton Supporters&#039; Club","isPartOf":{"@id":"https:\/\/evertonfc.cz\/#website"},"primaryImageOfPage":{"@id":"https:\/\/evertonfc.cz\/index.php\/2021\/02\/01\/tosun-se-vraci-do-besiktase\/#primaryimage"},"image":{"@id":"https:\/\/evertonfc.cz\/index.php\/2021\/02\/01\/tosun-se-vraci-do-besiktase\/#primaryimage"},"thumbnailUrl":"https:\/\/evertonfc.cz\/wp-content\/uploads\/2021\/02\/tosun_1_2_2021.jpg","datePublished":"2021-02-01T19:15:42+00:00","dateModified":"2021-02-08T07:26:07+00:00","breadcrumb":{"@id":"https:\/\/evertonfc.cz\/index.php\/2021\/02\/01\/tosun-se-vraci-do-besiktase\/#breadcrumb"},"inLanguage":"cs","potentialAction":[{"@type":"ReadAction","target":["https:\/\/evertonfc.cz\/index.php\/2021\/02\/01\/tosun-se-vraci-do-besiktase\/"]}]},{"@type":"ImageObject","inLanguage":"cs","@id":"https:\/\/evertonfc.cz\/index.php\/2021\/02\/01\/tosun-se-vraci-do-besiktase\/#primaryimage","url":"https:\/\/evertonfc.cz\/wp-content\/uploads\/2021\/02\/tosun_1_2_2021.jpg","contentUrl":"https:\/\/evertonfc.cz\/wp-content\/uploads\/2021\/02\/tosun_1_2_2021.jpg","width":720,"height":405},{"@type":"BreadcrumbList","@id":"https:\/\/evertonfc.cz\/index.php\/2021\/02\/01\/tosun-se-vraci-do-besiktase\/#breadcrumb","itemListElement":[{"@type":"ListItem","position":1,"name":"Home","item":"https:\/\/evertonfc.cz\/"},{"@type":"ListItem","position":2,"name":"Tosun se vrac\u00ed do Besiktase"}]},{"@type":"WebSite","@id":"https:\/\/evertonfc.cz\/#website","url":"https:\/\/evertonfc.cz\/","name":"Official Czech &amp; Slovak Everton Supporters&#039; Club","description":"","publisher":{"@id":"https:\/\/evertonfc.cz\/#organization"},"potentialAction":[{"@type":"SearchAction","target":{"@type":"EntryPoint","urlTemplate":"https:\/\/evertonfc.cz\/?s={search_term_string}"},"query-input":{"@type":"PropertyValueSpecification","valueRequired":true,"valueName":"search_term_string"}}],"inLanguage":"cs"},{"@type":"Organization","@id":"https:\/\/evertonfc.cz\/#organization","name":"Official Czech & Slovak Everton Supporters' Club","url":"https:\/\/evertonfc.cz\/","logo":{"@type":"ImageObject","inLanguage":"cs","@id":"https:\/\/evertonfc.cz\/#\/schema\/logo\/image\/","url":"https:\/\/evertonfc.cz\/wp-content\/uploads\/2019\/05\/logo.png","contentUrl":"https:\/\/evertonfc.cz\/wp-content\/uploads\/2019\/05\/logo.png","width":112,"height":112,"caption":"Official Czech & Slovak Everton Supporters' Club"},"image":{"@id":"https:\/\/evertonfc.cz\/#\/schema\/logo\/image\/"},"sameAs":["https:\/\/www.facebook.com\/everton.fans.cz.sk"]},{"@type":"Person","@id":"https:\/\/evertonfc.cz\/#\/schema\/person\/f7a5daedb2ffee98480bc70e191aaef1","name":"Ri\u010di","sameAs":["https:\/\/x.com\/rbrejsa"],"url":"https:\/\/evertonfc.cz\/index.php\/author\/rici\/"}]}},"_links":{"self":[{"href":"https:\/\/evertonfc.cz\/index.php\/wp-json\/wp\/v2\/posts\/13843"}],"collection":[{"href":"https:\/\/evertonfc.cz\/index.php\/wp-json\/wp\/v2\/posts"}],"about":[{"href":"https:\/\/evertonfc.cz\/index.php\/wp-json\/wp\/v2\/types\/post"}],"author":[{"embeddable":true,"href":"https:\/\/evertonfc.cz\/index.php\/wp-json\/wp\/v2\/users\/6"}],"replies":[{"embeddable":true,"href":"https:\/\/evertonfc.cz\/index.php\/wp-json\/wp\/v2\/comments?post=13843"}],"version-history":[{"count":7,"href":"https:\/\/evertonfc.cz\/index.php\/wp-json\/wp\/v2\/posts\/13843\/revisions"}],"predecessor-version":[{"id":13999,"href":"https:\/\/evertonfc.cz\/index.php\/wp-json\/wp\/v2\/posts\/13843\/revisions\/13999"}],"wp:featuredmedia":[{"embeddable":true,"href":"https:\/\/evertonfc.cz\/index.php\/wp-json\/wp\/v2\/media\/13842"}],"wp:attachment":[{"href":"https:\/\/evertonfc.cz\/index.php\/wp-json\/wp\/v2\/media?parent=13843"}],"wp:term":[{"taxonomy":"category","embeddable":true,"href":"https:\/\/evertonfc.cz\/index.php\/wp-json\/wp\/v2\/categories?post=13843"},{"taxonomy":"post_tag","embeddable":true,"href":"https:\/\/evertonfc.cz\/index.php\/wp-json\/wp\/v2\/tags?post=13843"}],"curies":[{"name":"wp","href":"https:\/\/api.w.org\/{rel}","templated":true}]}}