{"id":13898,"date":"2021-02-03T06:53:41","date_gmt":"2021-02-03T05:53:41","guid":{"rendered":"https:\/\/evertonfc.cz\/?p=13898"},"modified":"2021-02-15T09:02:45","modified_gmt":"2021-02-15T08:02:45","slug":"preview-leeds-everton","status":"publish","type":"post","link":"https:\/\/evertonfc.cz\/index.php\/2021\/02\/03\/preview-leeds-everton\/","title":{"rendered":"Preview: Leeds United &#8211; Everton"},"content":{"rendered":"<h4>Everton si po t\u00e9m\u011b\u0159 17 letech op\u011bt zahraje ligov\u00e9 utk\u00e1n\u00ed na sv\u00e9m neobl\u00edben\u00e9m stadionu Elland Road.<\/h4>\n<p>Pro\u010d neobl\u00edben\u00e9m? Toffees stra\u0161\u00ed prachb\u00eddn\u00e1 bilance ligov\u00fdch souboj\u016f na p\u016fd\u011b Leedsu, z posledn\u00edch 37 duel\u016f zv\u00edt\u011bzili pouze jednou (!). A favority na v\u00edt\u011bzstv\u00ed, aspo\u0148 dle s\u00e1zkov\u00fdch kancel\u00e1\u0159\u00ed, nejsou ani ve st\u0159ede\u010dn\u00edm st\u0159etnut\u00ed.<\/p>\n<p>Ancelottiho sv\u011b\u0159enc\u016fm se sice da\u0159\u00ed v leto\u0161n\u00edch venkovn\u00edch z\u00e1pasech Premier League, triumfovali hned v \u0161esti z dev\u00edti pokus\u016f, moment\u00e1ln\u00ed forma t\u00fdmu ale vyvol\u00e1v\u00e1 otazn\u00edky.<\/p>\n<p>Everton se v posledn\u00ed dob\u011b tr\u00e1p\u00ed v ofenziv\u011b, probl\u00e9my m\u00e1 p\u0159edev\u0161\u00edm s vytv\u00e1\u0159en\u00edm \u0161anc\u00ed. \u00datok trp\u00ed na hlubok\u00fd defenzivn\u00ed blok, kdy mu\u017estvo \u010dasto nastupuje se \u010dty\u0159mi stopery v obrann\u00e9 linii, na co\u017e nejv\u00edce dopl\u00e1c\u00ed Calvert-Lewin, jemu\u017e oproti za\u010d\u00e1tku sez\u00f3ny aktu\u00e1ln\u011b spoluhr\u00e1\u010di p\u0159ipravuj\u00ed t\u0159ikr\u00e1t m\u00e9n\u011b g\u00f3lov\u00fdch \u0161anc\u00ed.<\/p>\n<p>I proto Toffees anga\u017eovali b\u011bhem v\u010derej\u0161\u00edho p\u0159estupov\u00e9ho Deadline Day ofenzivn\u00edho univerz\u00e1la Joshuu Kinga, kter\u00fd bude ale moct debutovat <span style=\"text-decoration: line-through;\">teprve o v\u00edkendu<\/span> u\u017e na Elland Road.<\/p>\n<p>Jestli\u017ee Everton v posledn\u00edch dvou ligov\u00fdch kolech nedok\u00e1zal porazit na dom\u00e1c\u00ed p\u016fd\u011b Leicester a Newcastle, Leeds v minul\u00e9m t\u00fddnu oba tyto celky porazil na jejich p\u016fd\u011b. Zejm\u00e9na ned\u011bln\u00ed v\u00fdhra 3:1 nad siln\u00fdmi Foxes bud\u00ed respekt.<\/p>\n<p>\u00davodn\u00ed vz\u00e1jemn\u00e9 st\u0159etnut\u00ed ovl\u00e1dli po atraktivn\u00ed pod\u00edvan\u00e9 Whites, Ancelotti rozhodn\u011b nebude cht\u00edt p\u0159ipustit opakov\u00e1n\u00ed onoho \u201ehur\u00e1 z\u00e1pasu\u201c, v n\u011bm\u017e se Leeds c\u00edtil jako ryba ve vod\u011b. Zaj\u00edmav\u00e9 bude rovn\u011b\u017e sledovat, zda mana\u017eer dom\u00e1c\u00edch Bielsa op\u011bt nasad\u00ed osobku na Jamese. Naposledy se mu tento tah velmi osv\u011bd\u010dil.<\/p>\n<p>Evertonu kv\u016fli zran\u011bn\u00ed nov\u011b chyb\u00ed brank\u00e1\u0159 Pickford, mezi t\u0159i ty\u010de se tedy postav\u00ed zku\u0161en\u00fd Olsen. Na marodce d\u00e1le z\u016fst\u00e1vaj\u00ed Alllan a Gbamin, naopak uzdraven\u00ed hl\u00e1s\u00ed st\u0159edopola\u0159 Delph. Ancelotti rovn\u011b\u017e potvrdil, \u017ee do z\u00e1kladn\u00ed sestavy se vr\u00e1t\u00ed i stopersk\u00e9 duo Holgate-Godfrey, na po\u0159adu dne by teda mohla b\u00fdt dal\u0161\u00ed kuli\u0161\u00e1ck\u00e1 variace z\u00e1kladn\u00ed sestavy v pod\u00e1n\u00ed italsk\u00e9ho strat\u00e9ga. <em>Ma vedremo.<\/em><\/p>\n<p>Leedsu vypadl kv\u016fli zdravotn\u00edm probl\u00e9m\u016fm \u00fato\u010dn\u00edk Rodrigo, men\u0161\u00ed \u0161r\u00e1my su\u017euj\u00ed i \u00fato\u010dn\u00e1 esa Raphinhu a Bamforda, jejich\u017e absence by byla citelnou ztr\u00e1tou. I tak u\u017e ale Bielsovi chyb\u00ed po\u010detn\u00e1 \u0159ada hr\u00e1\u010d\u016f: Koch, Poveda, Forshaw, Berardi a Llorente.<\/p>\n<p><strong>Co:<\/strong> Leeds United FC \u2013 Everton FC, 22. kolo Premier League<br \/>\n<strong>Kdy:<\/strong> 03. 02. 2021 od 20:30 SE\u010c<br \/>\n<strong>Kde:<\/strong> Elland Road, Beeston, Leeds (kapacita: 37 792)<br \/>\n<strong>\u017div\u00fd p\u0159enos Premier Sport:<\/strong> Ne<br \/>\n<strong>Hlavn\u00ed rozhod\u010d\u00ed:<\/strong> Michael Oliver\u00a0 <strong>VAR rozhod\u010d\u00ed:<\/strong> Chris Kavanagh<\/p>\n","protected":false},"excerpt":{"rendered":"<p>Everton si po t\u00e9m\u011b\u0159 17 letech op\u011bt zahraje ligov\u00e9 utk\u00e1n\u00ed na sv\u00e9m neobl\u00edben\u00e9m stadionu Elland Road.<\/p>\n","protected":false},"author":6,"featured_media":13816,"comment_status":"open","ping_status":"closed","sticky":false,"template":"","format":"standard","meta":{"_eb_attr":"","_monsterinsights_skip_tracking":false,"_monsterinsights_sitenote_active":false,"_monsterinsights_sitenote_note":"","_monsterinsights_sitenote_category":0,"footnotes":""},"categories":[4],"tags":[],"yoast_head":"<!-- This site is optimized with the Yoast SEO plugin v23.4 - https:\/\/yoast.com\/wordpress\/plugins\/seo\/ -->\n<title>Preview: Leeds United - Everton - Official Czech &amp; Slovak Everton Supporters&#039; Club<\/title>\n<meta name=\"description\" content=\"Everton si po t\u00e9m\u011b\u0159 17 letech op\u011bt zahraje ligov\u00e9 utk\u00e1n\u00ed na sv\u00e9m neobl\u00edben\u00e9m stadionu Elland Road.\" \/>\n<meta name=\"robots\" content=\"index, follow, max-snippet:-1, max-image-preview:large, max-video-preview:-1\" \/>\n<link rel=\"canonical\" href=\"https:\/\/evertonfc.cz\/index.php\/2021\/02\/03\/preview-leeds-everton\/\" \/>\n<meta property=\"og:locale\" content=\"cs_CZ\" \/>\n<meta property=\"og:type\" content=\"article\" \/>\n<meta property=\"og:title\" content=\"Preview: Leeds United - Everton - Official Czech &amp; Slovak Everton Supporters&#039; Club\" \/>\n<meta property=\"og:description\" content=\"Everton si po t\u00e9m\u011b\u0159 17 letech op\u011bt zahraje ligov\u00e9 utk\u00e1n\u00ed na sv\u00e9m neobl\u00edben\u00e9m stadionu Elland Road.\" \/>\n<meta property=\"og:url\" content=\"https:\/\/evertonfc.cz\/index.php\/2021\/02\/03\/preview-leeds-everton\/\" \/>\n<meta property=\"og:site_name\" content=\"Official Czech &amp; Slovak Everton Supporters&#039; Club\" \/>\n<meta property=\"article:publisher\" content=\"https:\/\/www.facebook.com\/everton.fans.cz.sk\" \/>\n<meta property=\"article:published_time\" content=\"2021-02-03T05:53:41+00:00\" \/>\n<meta property=\"article:modified_time\" content=\"2021-02-15T08:02:45+00:00\" \/>\n<meta property=\"og:image\" content=\"https:\/\/evertonfc.cz\/wp-content\/uploads\/2021\/02\/Leeds-United-VS-Everton.jpg\" \/>\n\t<meta property=\"og:image:width\" content=\"720\" \/>\n\t<meta property=\"og:image:height\" content=\"405\" \/>\n\t<meta property=\"og:image:type\" content=\"image\/jpeg\" \/>\n<meta name=\"author\" content=\"Ri\u010di\" \/>\n<meta name=\"twitter:card\" content=\"summary_large_image\" \/>\n<meta name=\"twitter:creator\" content=\"@rbrejsa\" \/>\n<meta name=\"twitter:label1\" content=\"Napsal(a)\" \/>\n\t<meta name=\"twitter:data1\" content=\"Ri\u010di\" \/>\n\t<meta name=\"twitter:label2\" content=\"Odhadovan\u00e1 doba \u010dten\u00ed\" \/>\n\t<meta name=\"twitter:data2\" content=\"2 minuty\" \/>\n<script type=\"application\/ld+json\" class=\"yoast-schema-graph\">{\"@context\":\"https:\/\/schema.org\",\"@graph\":[{\"@type\":\"Article\",\"@id\":\"https:\/\/evertonfc.cz\/index.php\/2021\/02\/03\/preview-leeds-everton\/#article\",\"isPartOf\":{\"@id\":\"https:\/\/evertonfc.cz\/index.php\/2021\/02\/03\/preview-leeds-everton\/\"},\"author\":{\"name\":\"Ri\u010di\",\"@id\":\"https:\/\/evertonfc.cz\/#\/schema\/person\/f7a5daedb2ffee98480bc70e191aaef1\"},\"headline\":\"Preview: Leeds United &#8211; Everton\",\"datePublished\":\"2021-02-03T05:53:41+00:00\",\"dateModified\":\"2021-02-15T08:02:45+00:00\",\"mainEntityOfPage\":{\"@id\":\"https:\/\/evertonfc.cz\/index.php\/2021\/02\/03\/preview-leeds-everton\/\"},\"wordCount\":474,\"commentCount\":29,\"publisher\":{\"@id\":\"https:\/\/evertonfc.cz\/#organization\"},\"image\":{\"@id\":\"https:\/\/evertonfc.cz\/index.php\/2021\/02\/03\/preview-leeds-everton\/#primaryimage\"},\"thumbnailUrl\":\"https:\/\/evertonfc.cz\/wp-content\/uploads\/2021\/02\/Leeds-United-VS-Everton.jpg\",\"articleSection\":[\"Z\u00e1pasy\"],\"inLanguage\":\"cs\",\"potentialAction\":[{\"@type\":\"CommentAction\",\"name\":\"Comment\",\"target\":[\"https:\/\/evertonfc.cz\/index.php\/2021\/02\/03\/preview-leeds-everton\/#respond\"]}]},{\"@type\":\"WebPage\",\"@id\":\"https:\/\/evertonfc.cz\/index.php\/2021\/02\/03\/preview-leeds-everton\/\",\"url\":\"https:\/\/evertonfc.cz\/index.php\/2021\/02\/03\/preview-leeds-everton\/\",\"name\":\"Preview: Leeds United - Everton - Official Czech &amp; Slovak Everton Supporters&#039; Club\",\"isPartOf\":{\"@id\":\"https:\/\/evertonfc.cz\/#website\"},\"primaryImageOfPage\":{\"@id\":\"https:\/\/evertonfc.cz\/index.php\/2021\/02\/03\/preview-leeds-everton\/#primaryimage\"},\"image\":{\"@id\":\"https:\/\/evertonfc.cz\/index.php\/2021\/02\/03\/preview-leeds-everton\/#primaryimage\"},\"thumbnailUrl\":\"https:\/\/evertonfc.cz\/wp-content\/uploads\/2021\/02\/Leeds-United-VS-Everton.jpg\",\"datePublished\":\"2021-02-03T05:53:41+00:00\",\"dateModified\":\"2021-02-15T08:02:45+00:00\",\"description\":\"Everton si po t\u00e9m\u011b\u0159 17 letech op\u011bt zahraje ligov\u00e9 utk\u00e1n\u00ed na sv\u00e9m neobl\u00edben\u00e9m stadionu Elland Road.\",\"breadcrumb\":{\"@id\":\"https:\/\/evertonfc.cz\/index.php\/2021\/02\/03\/preview-leeds-everton\/#breadcrumb\"},\"inLanguage\":\"cs\",\"potentialAction\":[{\"@type\":\"ReadAction\",\"target\":[\"https:\/\/evertonfc.cz\/index.php\/2021\/02\/03\/preview-leeds-everton\/\"]}]},{\"@type\":\"ImageObject\",\"inLanguage\":\"cs\",\"@id\":\"https:\/\/evertonfc.cz\/index.php\/2021\/02\/03\/preview-leeds-everton\/#primaryimage\",\"url\":\"https:\/\/evertonfc.cz\/wp-content\/uploads\/2021\/02\/Leeds-United-VS-Everton.jpg\",\"contentUrl\":\"https:\/\/evertonfc.cz\/wp-content\/uploads\/2021\/02\/Leeds-United-VS-Everton.jpg\",\"width\":720,\"height\":405},{\"@type\":\"BreadcrumbList\",\"@id\":\"https:\/\/evertonfc.cz\/index.php\/2021\/02\/03\/preview-leeds-everton\/#breadcrumb\",\"itemListElement\":[{\"@type\":\"ListItem\",\"position\":1,\"name\":\"Home\",\"item\":\"https:\/\/evertonfc.cz\/\"},{\"@type\":\"ListItem\",\"position\":2,\"name\":\"Preview: Leeds United &#8211; Everton\"}]},{\"@type\":\"WebSite\",\"@id\":\"https:\/\/evertonfc.cz\/#website\",\"url\":\"https:\/\/evertonfc.cz\/\",\"name\":\"Official Czech &amp; Slovak Everton Supporters&#039; Club\",\"description\":\"\",\"publisher\":{\"@id\":\"https:\/\/evertonfc.cz\/#organization\"},\"potentialAction\":[{\"@type\":\"SearchAction\",\"target\":{\"@type\":\"EntryPoint\",\"urlTemplate\":\"https:\/\/evertonfc.cz\/?s={search_term_string}\"},\"query-input\":{\"@type\":\"PropertyValueSpecification\",\"valueRequired\":true,\"valueName\":\"search_term_string\"}}],\"inLanguage\":\"cs\"},{\"@type\":\"Organization\",\"@id\":\"https:\/\/evertonfc.cz\/#organization\",\"name\":\"Official Czech & Slovak Everton Supporters' Club\",\"url\":\"https:\/\/evertonfc.cz\/\",\"logo\":{\"@type\":\"ImageObject\",\"inLanguage\":\"cs\",\"@id\":\"https:\/\/evertonfc.cz\/#\/schema\/logo\/image\/\",\"url\":\"https:\/\/evertonfc.cz\/wp-content\/uploads\/2019\/05\/logo.png\",\"contentUrl\":\"https:\/\/evertonfc.cz\/wp-content\/uploads\/2019\/05\/logo.png\",\"width\":112,\"height\":112,\"caption\":\"Official Czech & Slovak Everton Supporters' Club\"},\"image\":{\"@id\":\"https:\/\/evertonfc.cz\/#\/schema\/logo\/image\/\"},\"sameAs\":[\"https:\/\/www.facebook.com\/everton.fans.cz.sk\"]},{\"@type\":\"Person\",\"@id\":\"https:\/\/evertonfc.cz\/#\/schema\/person\/f7a5daedb2ffee98480bc70e191aaef1\",\"name\":\"Ri\u010di\",\"sameAs\":[\"https:\/\/x.com\/rbrejsa\"],\"url\":\"https:\/\/evertonfc.cz\/index.php\/author\/rici\/\"}]}<\/script>\n<!-- \/ Yoast SEO plugin. -->","yoast_head_json":{"title":"Preview: Leeds United - Everton - Official Czech &amp; Slovak Everton Supporters&#039; Club","description":"Everton si po t\u00e9m\u011b\u0159 17 letech op\u011bt zahraje ligov\u00e9 utk\u00e1n\u00ed na sv\u00e9m neobl\u00edben\u00e9m stadionu Elland Road.","robots":{"index":"index","follow":"follow","max-snippet":"max-snippet:-1","max-image-preview":"max-image-preview:large","max-video-preview":"max-video-preview:-1"},"canonical":"https:\/\/evertonfc.cz\/index.php\/2021\/02\/03\/preview-leeds-everton\/","og_locale":"cs_CZ","og_type":"article","og_title":"Preview: Leeds United - Everton - Official Czech &amp; Slovak Everton Supporters&#039; Club","og_description":"Everton si po t\u00e9m\u011b\u0159 17 letech op\u011bt zahraje ligov\u00e9 utk\u00e1n\u00ed na sv\u00e9m neobl\u00edben\u00e9m stadionu Elland Road.","og_url":"https:\/\/evertonfc.cz\/index.php\/2021\/02\/03\/preview-leeds-everton\/","og_site_name":"Official Czech &amp; Slovak Everton Supporters&#039; Club","article_publisher":"https:\/\/www.facebook.com\/everton.fans.cz.sk","article_published_time":"2021-02-03T05:53:41+00:00","article_modified_time":"2021-02-15T08:02:45+00:00","og_image":[{"width":720,"height":405,"url":"https:\/\/evertonfc.cz\/wp-content\/uploads\/2021\/02\/Leeds-United-VS-Everton.jpg","type":"image\/jpeg"}],"author":"Ri\u010di","twitter_card":"summary_large_image","twitter_creator":"@rbrejsa","twitter_misc":{"Napsal(a)":"Ri\u010di","Odhadovan\u00e1 doba \u010dten\u00ed":"2 minuty"},"schema":{"@context":"https:\/\/schema.org","@graph":[{"@type":"Article","@id":"https:\/\/evertonfc.cz\/index.php\/2021\/02\/03\/preview-leeds-everton\/#article","isPartOf":{"@id":"https:\/\/evertonfc.cz\/index.php\/2021\/02\/03\/preview-leeds-everton\/"},"author":{"name":"Ri\u010di","@id":"https:\/\/evertonfc.cz\/#\/schema\/person\/f7a5daedb2ffee98480bc70e191aaef1"},"headline":"Preview: Leeds United &#8211; Everton","datePublished":"2021-02-03T05:53:41+00:00","dateModified":"2021-02-15T08:02:45+00:00","mainEntityOfPage":{"@id":"https:\/\/evertonfc.cz\/index.php\/2021\/02\/03\/preview-leeds-everton\/"},"wordCount":474,"commentCount":29,"publisher":{"@id":"https:\/\/evertonfc.cz\/#organization"},"image":{"@id":"https:\/\/evertonfc.cz\/index.php\/2021\/02\/03\/preview-leeds-everton\/#primaryimage"},"thumbnailUrl":"https:\/\/evertonfc.cz\/wp-content\/uploads\/2021\/02\/Leeds-United-VS-Everton.jpg","articleSection":["Z\u00e1pasy"],"inLanguage":"cs","potentialAction":[{"@type":"CommentAction","name":"Comment","target":["https:\/\/evertonfc.cz\/index.php\/2021\/02\/03\/preview-leeds-everton\/#respond"]}]},{"@type":"WebPage","@id":"https:\/\/evertonfc.cz\/index.php\/2021\/02\/03\/preview-leeds-everton\/","url":"https:\/\/evertonfc.cz\/index.php\/2021\/02\/03\/preview-leeds-everton\/","name":"Preview: Leeds United - Everton - Official Czech &amp; Slovak Everton Supporters&#039; Club","isPartOf":{"@id":"https:\/\/evertonfc.cz\/#website"},"primaryImageOfPage":{"@id":"https:\/\/evertonfc.cz\/index.php\/2021\/02\/03\/preview-leeds-everton\/#primaryimage"},"image":{"@id":"https:\/\/evertonfc.cz\/index.php\/2021\/02\/03\/preview-leeds-everton\/#primaryimage"},"thumbnailUrl":"https:\/\/evertonfc.cz\/wp-content\/uploads\/2021\/02\/Leeds-United-VS-Everton.jpg","datePublished":"2021-02-03T05:53:41+00:00","dateModified":"2021-02-15T08:02:45+00:00","description":"Everton si po t\u00e9m\u011b\u0159 17 letech op\u011bt zahraje ligov\u00e9 utk\u00e1n\u00ed na sv\u00e9m neobl\u00edben\u00e9m stadionu Elland Road.","breadcrumb":{"@id":"https:\/\/evertonfc.cz\/index.php\/2021\/02\/03\/preview-leeds-everton\/#breadcrumb"},"inLanguage":"cs","potentialAction":[{"@type":"ReadAction","target":["https:\/\/evertonfc.cz\/index.php\/2021\/02\/03\/preview-leeds-everton\/"]}]},{"@type":"ImageObject","inLanguage":"cs","@id":"https:\/\/evertonfc.cz\/index.php\/2021\/02\/03\/preview-leeds-everton\/#primaryimage","url":"https:\/\/evertonfc.cz\/wp-content\/uploads\/2021\/02\/Leeds-United-VS-Everton.jpg","contentUrl":"https:\/\/evertonfc.cz\/wp-content\/uploads\/2021\/02\/Leeds-United-VS-Everton.jpg","width":720,"height":405},{"@type":"BreadcrumbList","@id":"https:\/\/evertonfc.cz\/index.php\/2021\/02\/03\/preview-leeds-everton\/#breadcrumb","itemListElement":[{"@type":"ListItem","position":1,"name":"Home","item":"https:\/\/evertonfc.cz\/"},{"@type":"ListItem","position":2,"name":"Preview: Leeds United &#8211; Everton"}]},{"@type":"WebSite","@id":"https:\/\/evertonfc.cz\/#website","url":"https:\/\/evertonfc.cz\/","name":"Official Czech &amp; Slovak Everton Supporters&#039; Club","description":"","publisher":{"@id":"https:\/\/evertonfc.cz\/#organization"},"potentialAction":[{"@type":"SearchAction","target":{"@type":"EntryPoint","urlTemplate":"https:\/\/evertonfc.cz\/?s={search_term_string}"},"query-input":{"@type":"PropertyValueSpecification","valueRequired":true,"valueName":"search_term_string"}}],"inLanguage":"cs"},{"@type":"Organization","@id":"https:\/\/evertonfc.cz\/#organization","name":"Official Czech & Slovak Everton Supporters' Club","url":"https:\/\/evertonfc.cz\/","logo":{"@type":"ImageObject","inLanguage":"cs","@id":"https:\/\/evertonfc.cz\/#\/schema\/logo\/image\/","url":"https:\/\/evertonfc.cz\/wp-content\/uploads\/2019\/05\/logo.png","contentUrl":"https:\/\/evertonfc.cz\/wp-content\/uploads\/2019\/05\/logo.png","width":112,"height":112,"caption":"Official Czech & Slovak Everton Supporters' Club"},"image":{"@id":"https:\/\/evertonfc.cz\/#\/schema\/logo\/image\/"},"sameAs":["https:\/\/www.facebook.com\/everton.fans.cz.sk"]},{"@type":"Person","@id":"https:\/\/evertonfc.cz\/#\/schema\/person\/f7a5daedb2ffee98480bc70e191aaef1","name":"Ri\u010di","sameAs":["https:\/\/x.com\/rbrejsa"],"url":"https:\/\/evertonfc.cz\/index.php\/author\/rici\/"}]}},"_links":{"self":[{"href":"https:\/\/evertonfc.cz\/index.php\/wp-json\/wp\/v2\/posts\/13898"}],"collection":[{"href":"https:\/\/evertonfc.cz\/index.php\/wp-json\/wp\/v2\/posts"}],"about":[{"href":"https:\/\/evertonfc.cz\/index.php\/wp-json\/wp\/v2\/types\/post"}],"author":[{"embeddable":true,"href":"https:\/\/evertonfc.cz\/index.php\/wp-json\/wp\/v2\/users\/6"}],"replies":[{"embeddable":true,"href":"https:\/\/evertonfc.cz\/index.php\/wp-json\/wp\/v2\/comments?post=13898"}],"version-history":[{"count":29,"href":"https:\/\/evertonfc.cz\/index.php\/wp-json\/wp\/v2\/posts\/13898\/revisions"}],"predecessor-version":[{"id":14154,"href":"https:\/\/evertonfc.cz\/index.php\/wp-json\/wp\/v2\/posts\/13898\/revisions\/14154"}],"wp:featuredmedia":[{"embeddable":true,"href":"https:\/\/evertonfc.cz\/index.php\/wp-json\/wp\/v2\/media\/13816"}],"wp:attachment":[{"href":"https:\/\/evertonfc.cz\/index.php\/wp-json\/wp\/v2\/media?parent=13898"}],"wp:term":[{"taxonomy":"category","embeddable":true,"href":"https:\/\/evertonfc.cz\/index.php\/wp-json\/wp\/v2\/categories?post=13898"},{"taxonomy":"post_tag","embeddable":true,"href":"https:\/\/evertonfc.cz\/index.php\/wp-json\/wp\/v2\/tags?post=13898"}],"curies":[{"name":"wp","href":"https:\/\/api.w.org\/{rel}","templated":true}]}}