{"id":13933,"date":"2021-02-04T20:51:44","date_gmt":"2021-02-04T19:51:44","guid":{"rendered":"https:\/\/evertonfc.cz\/?p=13933"},"modified":"2021-02-05T19:59:08","modified_gmt":"2021-02-05T18:59:08","slug":"leeds-united-everton-12","status":"publish","type":"post","link":"https:\/\/evertonfc.cz\/index.php\/2021\/02\/04\/leeds-united-everton-12\/","title":{"rendered":"Leeds United \u2013 Everton 1:2"},"content":{"rendered":"<h4>Everton oplatil Leedsu por\u00e1\u017eku z dom\u00e1c\u00edho h\u0159i\u0161t\u011b a pos\u00edlil svou pozici v tabulce. P\u0159i v\u00fdh\u0159e ze sebe vy\u017ed\u00edmal t\u00fdm lep\u0161\u00ed, bojovn\u011bj\u0161\u00ed v\u00fdkon ne\u017e p\u0159i v\u00edkendov\u00e9 blam\u00e1\u017ei.<\/h4>\n<p>Toffees vyb\u011bhli na Elland Road se 4 zm\u011bnami oproti z\u00e1pasu s Barcodes. \u0160ichtu za Pickforda, Colemana, Keana a Jamese vzali Olsen, Holgate, Gomes a Godfrey. Zat\u00edmco anglickou jedni\u010dku do z\u00e1pasu nepustila \u017eebra (vlastn\u00ed, nikoli vep\u0159ov\u00e1), Jamese se Carlo rozhodl u\u0161et\u0159it p\u0159ed yorkshirskou pohostinnost\u00ed. Mlad\u00ed obr\u00e1nci si dobili baterie a mohli tak dodat defenz\u00edv\u011b pot\u0159ebnou vitalitu. Na lavi\u010dce, nebo sp\u00ed\u0161e v jej\u00ed bl\u00edzkosti, se poprv\u00e9 objevil Josh King, posila z Bournemouthu.<\/p>\n<p>Leeds sice v\u00a0p\u0159estupn\u00edm obdob\u00ed \u017e\u00e1dn\u00e9ho hr\u00e1\u010de nez\u00edskal, jednu posilu p\u0159esto p\u0159edstavil. Stal se j\u00edm hybridn\u00ed tr\u00e1vn\u00edk, kter\u00fd b\u011bhem 17denn\u00ed pauzy nahradil p\u016fvodn\u00ed tr\u00e1vn\u00edk, ztr\u00e1pen\u00fd m\u00edstn\u00edm de\u0161tiv\u00fdm po\u010das\u00edm. P\u0159estoupil od Spurs za sumu 300 tis\u00edc liber. Nikde jsem se ale nedo\u010detl, v\u00a0\u010dem p\u0159esn\u011b ona hybridita spo\u010d\u00edv\u00e1 a jak\u00e9 rozd\u00edln\u00e9 vlastnosti m\u00e1. Podle v\u0161eho jde o do\u010dasn\u00e9 \u0159e\u0161en\u00ed, dopln\u011bn\u00e9 o zlep\u0161en\u00fd odtokov\u00fd syst\u00e9m pod jeho povrchem.<\/p>\n<p>Dom\u00e1c\u00ed nezklamali, ji\u017e od za\u010d\u00e1tku hr\u00e1li svi\u017en\u00fd fotbal, k\u00a0tomu dopom\u00e1hali hlavn\u00ed ofenzivn\u00ed tahouni Rafinha a Bamford. V\u00a09. minut\u011b se poda\u0159ilo host\u016fm je dokonale zasko\u010dit. Dom\u00e1c\u00ed obr\u00e1nce Struijk jako by spol\u00e9hal na informaci, \u017ee Everton ob\u010das centruje do v\u00e1pna, kde nikoho nem\u00e1, nechal trestuhodn\u011b proj\u00edt centr zleva od Digneho za sebe do v\u00e1pna. Tam, kde se vzal, tu se vzal, Gylfi Sigurdsson nezav\u00e1hal \u2013 <strong>0:1<\/strong>.<\/p>\n<p>B\u011bhem chv\u00edle si cestu p\u0159es otve\u0159enou obranu dom\u00e1c\u00edch na\u0161el DCL, ale jeho st\u0159ela m\u00ed\u0159ila na p\u0159ipraven\u00e9ho brank\u00e1\u0159e Mesliera. Ne\u017e se ze \u0161oku oklepali, p\u0159ipravili rozehr\u00e1vkou dobrou \u0161anci pro Richarlisona, ten si ale neporozum\u011bl s hybridem a nebylo z toho nic.<\/p>\n<p>Whites za\u010dali sb\u00edrat roh za rohem a po jednom z\u00a0nich Alioski rozezvon\u011bl ty\u010d po pravici Olsena. Vz\u00e1p\u011bt\u00ed se projel Gomes hybridem t\u011bsn\u011b kolem Bielsy, ale bylo z\u00a0toho v\u0161eobecn\u00e9 vesel\u00ed. Struijkovu hlavi\u010dku vyrazil \u0161v\u00e9dsk\u00fd g\u00f3lman na dal\u0161\u00ed roh. Postupn\u011b se hra vyrovnala, n\u00e1znaky byly na obou stran\u00e1ch, alespo\u0148 mysl\u00edm, dost se mi to v\u00a0tu chv\u00edli stream sekal.<\/p>\n<p>P\u011bt minut p\u0159ed p\u0159est\u00e1vkou vybojoval DCL roh. Islan\u010fan zvolil variantu rohu n\u011bco jako na bli\u017e\u0161\u00ed ty\u010d, kde prodlou\u017eil Ben Godfrey za sebe, kde se, jako kdy\u017e pad\u00e1 almara, pov\u011bsil do vzduchu Dominic Calvert-Lewin. Zastavil se a\u017e v s\u00edti \u2013 <strong>0:2<\/strong>.<\/p>\n<h4><strong>Druh\u00fd polo\u010das<\/strong><\/h4>\n<p>Jak u\u017e to tak s Evertonem chod\u00ed, dobr\u00e9 se \u010dasto st\u0159\u00edd\u00e1 s m\u00e9n\u011b dobr\u00fdm. Holgate si kr\u00e1tce po pauze a\u017e bohorovn\u011b pohr\u00e1val s m\u00ed\u010dem ve vlastn\u00edm v\u00e1pn\u011b, a\u017e si ho vyp\u016fj\u010dil Bamford. Posunul na v\u00e1pno k Rafinhovi, kter\u00fd p\u0159ipomn\u011bl svou hbitost a p\u0159es Godfreyho poslal m\u00ed\u010d do s\u00edt\u011b \u2013 <strong>1:2<\/strong>.<\/p>\n<p>Leeds to nabudilo a dobr\u00fdm pohybem dost\u00e1val Everton pod tlak. Aktivn\u00ed byl p\u0159edev\u0161\u00edm Ayling, na druhou stranu Kieran Phillips, kter\u00fd m\u011b zaujal v\u00a0podzimn\u00edm duelu, v\u010dera a\u017e tolik nevynikal. Sou\u010dasn\u011b na\u0161e obrana, pou\u010dena z\u00a0krizov\u00e9ho v\u00fdvoje, p\u016fsobila mnohem pevn\u011bji.<\/p>\n<p>P\u0159esto dala p\u0159\u00edle\u017eitost vyniknout Robinu Olsenovi. V\u00a062. minut\u011b nejprve vyrazil Klichovu te\u010devanou st\u0159elu, aby pak u lev\u00e9 ty\u010de zasahoval vle\u017ee proti Raphinhovi a trochu i proti Godfreymu. O moment pot\u00e9 u druh\u00e9 ty\u010de likvidoval pokus Harrisona. Bylo to cel\u00e9 tak hektick\u00e9, \u017ee si Olsen vy\u017e\u00e1dal na chv\u00edli i o\u0161et\u0159en\u00ed n\u00e1dob\u00ed\u010dka.<\/p>\n<p>Z\u016fstal ale v permanenci, kdy\u017e Bamford hlavi\u010dkoval a\u017e p\u0159ehlavi\u010dkoval. M\u00ed\u010d se ot\u0159el o b\u0159evno, odkud by ho do hry dok\u00e1zal vr\u00e1tit jen Pickford. S bl\u00ed\u017e\u00edc\u00edm se koncem d\u011blal Everton v\u0161e proto, aby se Leeds nemohl rozjet na pln\u00fd plyn. Holgate t\u00e9m\u011b\u0159 vysvl\u00e9kl Raphinhu, \u017elutilo se i p\u0159ed Godfreym a Olsenem. N\u011bkolik st\u0159\u00edd\u00e1n\u00ed, kter\u00e9 poskytlo prvn\u00ed minuty Kingovi, u\u0161et\u0159ilo tak\u00e9 p\u00e1r minut. Ve velk\u00e9 \u0161anci se d\u00edky pr\u00e1ci Doucour\u00e9ho dostal DCL, ale v tv\u00e1\u0159i tv\u00e1\u0159 Mesliera u\u0161et\u0159il. Podobn\u011b se zachoval st\u0159\u00eddaj\u00edc\u00ed Roberts, Everton bere v\u0161echny body.<\/p>\n<h4><strong>Mu\u017e z\u00e1pasu<\/strong><\/h4>\n<p>Poveden\u00fd v\u00fdkon p\u0159inesl mnoh\u00e1 pot\u011b\u0161en\u00ed. DCL prolomil dlouh\u00e9 obdob\u00ed p\u016fstu, kapit\u00e1n Sigurdsson poctiv\u011b nechal b\u011bhat ostatn\u00ed. Gomes si vyslou\u017eil speci\u00e1ln\u00ed pochvalu od Ancelottiho. Obrovsk\u00e9 mno\u017estv\u00ed pr\u00e1ce odvedl Doucour\u00e9, zastavil n\u011bkolik soupe\u0159ov\u00fdch v\u00fdboj\u016f. Godfrey op\u011bt p\u0159edvedl sv\u016fj par\u00e1dn\u00ed v\u00fdlet. Mina byl jako ze\u010f, ale <strong>Robin Olsen<\/strong> byl jako sk\u00e1la, a proto je mu\u017eem z\u00e1pasu.<\/p>\n<p style=\"text-align: right;\"><span style=\"font-size: 8pt;\">(Foto: gettyimages via HITC.com)<\/span><\/p>\n<p><strong>Branky<\/strong>: 48\u2018 Raphinha \u2013 9\u2018 Sigurdsson, 41\u2018 Calvert-Lewin<\/p>\n<p><strong>\u017dK<\/strong>: 16\u2018 Harrison, 79\u2018 Ayling \u2013 89\u2018 Holgate, 90\u2018 Godfrey, 90\u2018 Olsen.<\/p>\n<p><strong>Leeds United<\/strong>: Ilan Meslier \u2013 Luke Ayling, Pascal Struijk, Liam Cooper, Ezgjan Alioski (78\u2018 Pablo Hernand\u00e9z) \u2013 Kieran Phillips \u2013 Raphinha, Mateusz Klich (69\u2018 Tyler Roberts), Stuart Dallas, Jack Harrison (87\u2018 Helder Costa) \u2013 Patrick Bamford<\/p>\n<p><strong>Everton<\/strong>: Robin Olsen \u2013 Mason Holgate, Yerry Mina, Ben Godfrey, Lucas Digne \u2013 Abdoulaye Doucour\u00e9, Gylfi Sigurdsson (89\u2018 Tom Davies) \u2013 Alex Iwobi (Joshua King), Andre Gomes, Richarlison (80\u2018 Michael Keane) \u2013 Dominic Calvert-Lewin<\/p>\n<p><strong>Rozhod\u010d\u00ed<\/strong>: Michael Oliver\u00a0 <strong>Bez div\u00e1k\u016f<\/strong>.<\/p>\n","protected":false},"excerpt":{"rendered":"<p>Everton oplatil Leedsu por\u00e1\u017eku z dom\u00e1c\u00edho h\u0159i\u0161t\u011b a pos\u00edlil svou pozici v tabulce. P\u0159i v\u00fdh\u0159e ze sebe vy\u017ed\u00edmal t\u00fdm lep\u0161\u00ed, bojovn\u011bj\u0161\u00ed v\u00fdkon ne\u017e p\u0159i v\u00edkendov\u00e9mu blam\u00e1\u017ei.<\/p>\n","protected":false},"author":10,"featured_media":13932,"comment_status":"open","ping_status":"closed","sticky":false,"template":"","format":"standard","meta":{"_eb_attr":"","_monsterinsights_skip_tracking":false,"_monsterinsights_sitenote_active":false,"_monsterinsights_sitenote_note":"","_monsterinsights_sitenote_category":0,"footnotes":""},"categories":[4],"tags":[],"yoast_head":"<!-- This site is optimized with the Yoast SEO plugin v23.4 - https:\/\/yoast.com\/wordpress\/plugins\/seo\/ -->\n<title>Leeds United \u2013 Everton 1:2 - Official Czech &amp; Slovak Everton Supporters&#039; Club<\/title>\n<meta name=\"robots\" content=\"index, follow, max-snippet:-1, max-image-preview:large, max-video-preview:-1\" \/>\n<link rel=\"canonical\" href=\"https:\/\/evertonfc.cz\/index.php\/2021\/02\/04\/leeds-united-everton-12\/\" \/>\n<meta property=\"og:locale\" content=\"cs_CZ\" \/>\n<meta property=\"og:type\" content=\"article\" \/>\n<meta property=\"og:title\" content=\"Leeds United \u2013 Everton 1:2 - Official Czech &amp; Slovak Everton Supporters&#039; Club\" \/>\n<meta property=\"og:description\" content=\"Everton oplatil Leedsu por\u00e1\u017eku z dom\u00e1c\u00edho h\u0159i\u0161t\u011b a pos\u00edlil svou pozici v tabulce. P\u0159i v\u00fdh\u0159e ze sebe vy\u017ed\u00edmal t\u00fdm lep\u0161\u00ed, bojovn\u011bj\u0161\u00ed v\u00fdkon ne\u017e p\u0159i v\u00edkendov\u00e9mu blam\u00e1\u017ei.\" \/>\n<meta property=\"og:url\" content=\"https:\/\/evertonfc.cz\/index.php\/2021\/02\/04\/leeds-united-everton-12\/\" \/>\n<meta property=\"og:site_name\" content=\"Official Czech &amp; Slovak Everton Supporters&#039; Club\" \/>\n<meta property=\"article:publisher\" content=\"https:\/\/www.facebook.com\/everton.fans.cz.sk\" \/>\n<meta property=\"article:published_time\" content=\"2021-02-04T19:51:44+00:00\" \/>\n<meta property=\"article:modified_time\" content=\"2021-02-05T18:59:08+00:00\" \/>\n<meta property=\"og:image\" content=\"https:\/\/evertonfc.cz\/wp-content\/uploads\/2021\/02\/olsen_elland.jpg\" \/>\n\t<meta property=\"og:image:width\" content=\"720\" \/>\n\t<meta property=\"og:image:height\" content=\"405\" \/>\n\t<meta property=\"og:image:type\" content=\"image\/jpeg\" \/>\n<meta name=\"author\" content=\"Fip\" \/>\n<meta name=\"twitter:card\" content=\"summary_large_image\" \/>\n<meta name=\"twitter:label1\" content=\"Napsal(a)\" \/>\n\t<meta name=\"twitter:data1\" content=\"Fip\" \/>\n\t<meta name=\"twitter:label2\" content=\"Odhadovan\u00e1 doba \u010dten\u00ed\" \/>\n\t<meta name=\"twitter:data2\" content=\"4 minuty\" \/>\n<script type=\"application\/ld+json\" class=\"yoast-schema-graph\">{\"@context\":\"https:\/\/schema.org\",\"@graph\":[{\"@type\":\"Article\",\"@id\":\"https:\/\/evertonfc.cz\/index.php\/2021\/02\/04\/leeds-united-everton-12\/#article\",\"isPartOf\":{\"@id\":\"https:\/\/evertonfc.cz\/index.php\/2021\/02\/04\/leeds-united-everton-12\/\"},\"author\":{\"name\":\"Fip\",\"@id\":\"https:\/\/evertonfc.cz\/#\/schema\/person\/35904009755e8eaa0dc1a5f5f0419002\"},\"headline\":\"Leeds United \u2013 Everton 1:2\",\"datePublished\":\"2021-02-04T19:51:44+00:00\",\"dateModified\":\"2021-02-05T18:59:08+00:00\",\"mainEntityOfPage\":{\"@id\":\"https:\/\/evertonfc.cz\/index.php\/2021\/02\/04\/leeds-united-everton-12\/\"},\"wordCount\":937,\"commentCount\":9,\"publisher\":{\"@id\":\"https:\/\/evertonfc.cz\/#organization\"},\"image\":{\"@id\":\"https:\/\/evertonfc.cz\/index.php\/2021\/02\/04\/leeds-united-everton-12\/#primaryimage\"},\"thumbnailUrl\":\"https:\/\/evertonfc.cz\/wp-content\/uploads\/2021\/02\/olsen_elland.jpg\",\"articleSection\":[\"Z\u00e1pasy\"],\"inLanguage\":\"cs\",\"potentialAction\":[{\"@type\":\"CommentAction\",\"name\":\"Comment\",\"target\":[\"https:\/\/evertonfc.cz\/index.php\/2021\/02\/04\/leeds-united-everton-12\/#respond\"]}]},{\"@type\":\"WebPage\",\"@id\":\"https:\/\/evertonfc.cz\/index.php\/2021\/02\/04\/leeds-united-everton-12\/\",\"url\":\"https:\/\/evertonfc.cz\/index.php\/2021\/02\/04\/leeds-united-everton-12\/\",\"name\":\"Leeds United \u2013 Everton 1:2 - Official Czech &amp; Slovak Everton Supporters&#039; Club\",\"isPartOf\":{\"@id\":\"https:\/\/evertonfc.cz\/#website\"},\"primaryImageOfPage\":{\"@id\":\"https:\/\/evertonfc.cz\/index.php\/2021\/02\/04\/leeds-united-everton-12\/#primaryimage\"},\"image\":{\"@id\":\"https:\/\/evertonfc.cz\/index.php\/2021\/02\/04\/leeds-united-everton-12\/#primaryimage\"},\"thumbnailUrl\":\"https:\/\/evertonfc.cz\/wp-content\/uploads\/2021\/02\/olsen_elland.jpg\",\"datePublished\":\"2021-02-04T19:51:44+00:00\",\"dateModified\":\"2021-02-05T18:59:08+00:00\",\"breadcrumb\":{\"@id\":\"https:\/\/evertonfc.cz\/index.php\/2021\/02\/04\/leeds-united-everton-12\/#breadcrumb\"},\"inLanguage\":\"cs\",\"potentialAction\":[{\"@type\":\"ReadAction\",\"target\":[\"https:\/\/evertonfc.cz\/index.php\/2021\/02\/04\/leeds-united-everton-12\/\"]}]},{\"@type\":\"ImageObject\",\"inLanguage\":\"cs\",\"@id\":\"https:\/\/evertonfc.cz\/index.php\/2021\/02\/04\/leeds-united-everton-12\/#primaryimage\",\"url\":\"https:\/\/evertonfc.cz\/wp-content\/uploads\/2021\/02\/olsen_elland.jpg\",\"contentUrl\":\"https:\/\/evertonfc.cz\/wp-content\/uploads\/2021\/02\/olsen_elland.jpg\",\"width\":720,\"height\":405},{\"@type\":\"BreadcrumbList\",\"@id\":\"https:\/\/evertonfc.cz\/index.php\/2021\/02\/04\/leeds-united-everton-12\/#breadcrumb\",\"itemListElement\":[{\"@type\":\"ListItem\",\"position\":1,\"name\":\"Home\",\"item\":\"https:\/\/evertonfc.cz\/\"},{\"@type\":\"ListItem\",\"position\":2,\"name\":\"Leeds United \u2013 Everton 1:2\"}]},{\"@type\":\"WebSite\",\"@id\":\"https:\/\/evertonfc.cz\/#website\",\"url\":\"https:\/\/evertonfc.cz\/\",\"name\":\"Official Czech &amp; Slovak Everton Supporters&#039; Club\",\"description\":\"\",\"publisher\":{\"@id\":\"https:\/\/evertonfc.cz\/#organization\"},\"potentialAction\":[{\"@type\":\"SearchAction\",\"target\":{\"@type\":\"EntryPoint\",\"urlTemplate\":\"https:\/\/evertonfc.cz\/?s={search_term_string}\"},\"query-input\":{\"@type\":\"PropertyValueSpecification\",\"valueRequired\":true,\"valueName\":\"search_term_string\"}}],\"inLanguage\":\"cs\"},{\"@type\":\"Organization\",\"@id\":\"https:\/\/evertonfc.cz\/#organization\",\"name\":\"Official Czech & Slovak Everton Supporters' Club\",\"url\":\"https:\/\/evertonfc.cz\/\",\"logo\":{\"@type\":\"ImageObject\",\"inLanguage\":\"cs\",\"@id\":\"https:\/\/evertonfc.cz\/#\/schema\/logo\/image\/\",\"url\":\"https:\/\/evertonfc.cz\/wp-content\/uploads\/2019\/05\/logo.png\",\"contentUrl\":\"https:\/\/evertonfc.cz\/wp-content\/uploads\/2019\/05\/logo.png\",\"width\":112,\"height\":112,\"caption\":\"Official Czech & Slovak Everton Supporters' Club\"},\"image\":{\"@id\":\"https:\/\/evertonfc.cz\/#\/schema\/logo\/image\/\"},\"sameAs\":[\"https:\/\/www.facebook.com\/everton.fans.cz.sk\"]},{\"@type\":\"Person\",\"@id\":\"https:\/\/evertonfc.cz\/#\/schema\/person\/35904009755e8eaa0dc1a5f5f0419002\",\"name\":\"Fip\",\"url\":\"https:\/\/evertonfc.cz\/index.php\/author\/fip\/\"}]}<\/script>\n<!-- \/ Yoast SEO plugin. -->","yoast_head_json":{"title":"Leeds United \u2013 Everton 1:2 - Official Czech &amp; Slovak Everton Supporters&#039; Club","robots":{"index":"index","follow":"follow","max-snippet":"max-snippet:-1","max-image-preview":"max-image-preview:large","max-video-preview":"max-video-preview:-1"},"canonical":"https:\/\/evertonfc.cz\/index.php\/2021\/02\/04\/leeds-united-everton-12\/","og_locale":"cs_CZ","og_type":"article","og_title":"Leeds United \u2013 Everton 1:2 - Official Czech &amp; Slovak Everton Supporters&#039; Club","og_description":"Everton oplatil Leedsu por\u00e1\u017eku z dom\u00e1c\u00edho h\u0159i\u0161t\u011b a pos\u00edlil svou pozici v tabulce. P\u0159i v\u00fdh\u0159e ze sebe vy\u017ed\u00edmal t\u00fdm lep\u0161\u00ed, bojovn\u011bj\u0161\u00ed v\u00fdkon ne\u017e p\u0159i v\u00edkendov\u00e9mu blam\u00e1\u017ei.","og_url":"https:\/\/evertonfc.cz\/index.php\/2021\/02\/04\/leeds-united-everton-12\/","og_site_name":"Official Czech &amp; Slovak Everton Supporters&#039; Club","article_publisher":"https:\/\/www.facebook.com\/everton.fans.cz.sk","article_published_time":"2021-02-04T19:51:44+00:00","article_modified_time":"2021-02-05T18:59:08+00:00","og_image":[{"width":720,"height":405,"url":"https:\/\/evertonfc.cz\/wp-content\/uploads\/2021\/02\/olsen_elland.jpg","type":"image\/jpeg"}],"author":"Fip","twitter_card":"summary_large_image","twitter_misc":{"Napsal(a)":"Fip","Odhadovan\u00e1 doba \u010dten\u00ed":"4 minuty"},"schema":{"@context":"https:\/\/schema.org","@graph":[{"@type":"Article","@id":"https:\/\/evertonfc.cz\/index.php\/2021\/02\/04\/leeds-united-everton-12\/#article","isPartOf":{"@id":"https:\/\/evertonfc.cz\/index.php\/2021\/02\/04\/leeds-united-everton-12\/"},"author":{"name":"Fip","@id":"https:\/\/evertonfc.cz\/#\/schema\/person\/35904009755e8eaa0dc1a5f5f0419002"},"headline":"Leeds United \u2013 Everton 1:2","datePublished":"2021-02-04T19:51:44+00:00","dateModified":"2021-02-05T18:59:08+00:00","mainEntityOfPage":{"@id":"https:\/\/evertonfc.cz\/index.php\/2021\/02\/04\/leeds-united-everton-12\/"},"wordCount":937,"commentCount":9,"publisher":{"@id":"https:\/\/evertonfc.cz\/#organization"},"image":{"@id":"https:\/\/evertonfc.cz\/index.php\/2021\/02\/04\/leeds-united-everton-12\/#primaryimage"},"thumbnailUrl":"https:\/\/evertonfc.cz\/wp-content\/uploads\/2021\/02\/olsen_elland.jpg","articleSection":["Z\u00e1pasy"],"inLanguage":"cs","potentialAction":[{"@type":"CommentAction","name":"Comment","target":["https:\/\/evertonfc.cz\/index.php\/2021\/02\/04\/leeds-united-everton-12\/#respond"]}]},{"@type":"WebPage","@id":"https:\/\/evertonfc.cz\/index.php\/2021\/02\/04\/leeds-united-everton-12\/","url":"https:\/\/evertonfc.cz\/index.php\/2021\/02\/04\/leeds-united-everton-12\/","name":"Leeds United \u2013 Everton 1:2 - Official Czech &amp; Slovak Everton Supporters&#039; Club","isPartOf":{"@id":"https:\/\/evertonfc.cz\/#website"},"primaryImageOfPage":{"@id":"https:\/\/evertonfc.cz\/index.php\/2021\/02\/04\/leeds-united-everton-12\/#primaryimage"},"image":{"@id":"https:\/\/evertonfc.cz\/index.php\/2021\/02\/04\/leeds-united-everton-12\/#primaryimage"},"thumbnailUrl":"https:\/\/evertonfc.cz\/wp-content\/uploads\/2021\/02\/olsen_elland.jpg","datePublished":"2021-02-04T19:51:44+00:00","dateModified":"2021-02-05T18:59:08+00:00","breadcrumb":{"@id":"https:\/\/evertonfc.cz\/index.php\/2021\/02\/04\/leeds-united-everton-12\/#breadcrumb"},"inLanguage":"cs","potentialAction":[{"@type":"ReadAction","target":["https:\/\/evertonfc.cz\/index.php\/2021\/02\/04\/leeds-united-everton-12\/"]}]},{"@type":"ImageObject","inLanguage":"cs","@id":"https:\/\/evertonfc.cz\/index.php\/2021\/02\/04\/leeds-united-everton-12\/#primaryimage","url":"https:\/\/evertonfc.cz\/wp-content\/uploads\/2021\/02\/olsen_elland.jpg","contentUrl":"https:\/\/evertonfc.cz\/wp-content\/uploads\/2021\/02\/olsen_elland.jpg","width":720,"height":405},{"@type":"BreadcrumbList","@id":"https:\/\/evertonfc.cz\/index.php\/2021\/02\/04\/leeds-united-everton-12\/#breadcrumb","itemListElement":[{"@type":"ListItem","position":1,"name":"Home","item":"https:\/\/evertonfc.cz\/"},{"@type":"ListItem","position":2,"name":"Leeds United \u2013 Everton 1:2"}]},{"@type":"WebSite","@id":"https:\/\/evertonfc.cz\/#website","url":"https:\/\/evertonfc.cz\/","name":"Official Czech &amp; Slovak Everton Supporters&#039; Club","description":"","publisher":{"@id":"https:\/\/evertonfc.cz\/#organization"},"potentialAction":[{"@type":"SearchAction","target":{"@type":"EntryPoint","urlTemplate":"https:\/\/evertonfc.cz\/?s={search_term_string}"},"query-input":{"@type":"PropertyValueSpecification","valueRequired":true,"valueName":"search_term_string"}}],"inLanguage":"cs"},{"@type":"Organization","@id":"https:\/\/evertonfc.cz\/#organization","name":"Official Czech & Slovak Everton Supporters' Club","url":"https:\/\/evertonfc.cz\/","logo":{"@type":"ImageObject","inLanguage":"cs","@id":"https:\/\/evertonfc.cz\/#\/schema\/logo\/image\/","url":"https:\/\/evertonfc.cz\/wp-content\/uploads\/2019\/05\/logo.png","contentUrl":"https:\/\/evertonfc.cz\/wp-content\/uploads\/2019\/05\/logo.png","width":112,"height":112,"caption":"Official Czech & Slovak Everton Supporters' Club"},"image":{"@id":"https:\/\/evertonfc.cz\/#\/schema\/logo\/image\/"},"sameAs":["https:\/\/www.facebook.com\/everton.fans.cz.sk"]},{"@type":"Person","@id":"https:\/\/evertonfc.cz\/#\/schema\/person\/35904009755e8eaa0dc1a5f5f0419002","name":"Fip","url":"https:\/\/evertonfc.cz\/index.php\/author\/fip\/"}]}},"_links":{"self":[{"href":"https:\/\/evertonfc.cz\/index.php\/wp-json\/wp\/v2\/posts\/13933"}],"collection":[{"href":"https:\/\/evertonfc.cz\/index.php\/wp-json\/wp\/v2\/posts"}],"about":[{"href":"https:\/\/evertonfc.cz\/index.php\/wp-json\/wp\/v2\/types\/post"}],"author":[{"embeddable":true,"href":"https:\/\/evertonfc.cz\/index.php\/wp-json\/wp\/v2\/users\/10"}],"replies":[{"embeddable":true,"href":"https:\/\/evertonfc.cz\/index.php\/wp-json\/wp\/v2\/comments?post=13933"}],"version-history":[{"count":9,"href":"https:\/\/evertonfc.cz\/index.php\/wp-json\/wp\/v2\/posts\/13933\/revisions"}],"predecessor-version":[{"id":13945,"href":"https:\/\/evertonfc.cz\/index.php\/wp-json\/wp\/v2\/posts\/13933\/revisions\/13945"}],"wp:featuredmedia":[{"embeddable":true,"href":"https:\/\/evertonfc.cz\/index.php\/wp-json\/wp\/v2\/media\/13932"}],"wp:attachment":[{"href":"https:\/\/evertonfc.cz\/index.php\/wp-json\/wp\/v2\/media?parent=13933"}],"wp:term":[{"taxonomy":"category","embeddable":true,"href":"https:\/\/evertonfc.cz\/index.php\/wp-json\/wp\/v2\/categories?post=13933"},{"taxonomy":"post_tag","embeddable":true,"href":"https:\/\/evertonfc.cz\/index.php\/wp-json\/wp\/v2\/tags?post=13933"}],"curies":[{"name":"wp","href":"https:\/\/api.w.org\/{rel}","templated":true}]}}