{"id":13967,"date":"2021-02-06T14:51:47","date_gmt":"2021-02-06T13:51:47","guid":{"rendered":"https:\/\/evertonfc.cz\/?p=13967"},"modified":"2021-02-06T19:39:04","modified_gmt":"2021-02-06T18:39:04","slug":"preview-manchester-united-everton-9","status":"publish","type":"post","link":"https:\/\/evertonfc.cz\/index.php\/2021\/02\/06\/preview-manchester-united-everton-9\/","title":{"rendered":"Preview: Manchester United \u2013 Everton"},"content":{"rendered":"<h4>Po dvoch dom\u00e1cich por\u00e1\u017ekach v\u00a0ligovom a\u00a0aj poh\u00e1rovom stretnut\u00ed prich\u00e1dza mo\u017eno posledn\u00e1 pr\u00edle\u017eitos\u0165 oplati\u0165 s\u00faperovi rovnakou mincou. Padne op\u00e4\u0165 Old Trafford?<\/h4>\n<p>Naposledy ke\u010f vyhral Everton na ihrisk\u00e1ch s\u00faperov piaty z\u00e1pas v\u00a0rade, p\u00edsal sa apr\u00edlov\u00fd d\u00e1tum roku p\u00e1na 1970. To boli zlat\u00e9 \u010dasy Harryho Cattericka a\u00a0fan\u00fa\u0161ikovia pomaly sl\u00e1vili siedmy ligov\u00fd titul The Toffees. V\u00a0na\u0161ej dobe n\u00e1s v\u0161ak del\u00ed od desiateho korunovania jeden\u00e1s\u0165 bodov a\u00a0podstatne lep\u0161\u00ed s\u00faperi.<\/p>\n<p><strong><span style=\"font-size: 12pt;\">Carlo Ancelotti:<\/span><\/strong><\/p>\n<blockquote><p><span style=\"font-size: 12pt;\"><em>\u201eU\u017e sme hrali dva z\u00e1pasy proti Manchestru United a v oboch sme prehrali. Ur\u010dite mus\u00edme nie\u010do zmeni\u0165. Ak bude hra\u0165 rovnak\u00fdm sp\u00f4sobom ako v Goodison Parku, prehr\u00e1me znova. Sna\u017eili sme sa napl\u00e1nova\u0165 in\u00fa strat\u00e9giu a uvid\u00edme, ako to bude fungova\u0165. Budem rotova\u0165 hr\u00e1\u010dov, je to norm\u00e1lny sp\u00f4sob, ak\u00fdm mus\u00edm riadi\u0165 svoj t\u00edm. Predch\u00e1dza\u0165 zraneniam a viac motivova\u0165 ostatn\u00fdch.\u201c\u00a0<\/em><\/span><\/p><\/blockquote>\n<p>Aj United sa moment\u00e1lne medzi tak\u00fdch radia. V\u00a0hre o\u00a0tr\u00f3n s\u00fa pr\u00e1ve oni a\u00a0ich mestsk\u00fd rival. Pre\u010do by sme v\u0161ak mali b\u00e1\u0165? Pr\u00e1ve naopak. Hoci nie v\u017edy lahod\u00edme oku, na\u0161a obrana je pevn\u00e1, sn\u00e1\u010f ako nikdy predt\u00fdm. Len Tottenham a\u00a0City inkasovali na svojich cest\u00e1ch menej g\u00f3lov ako Everton.<\/p>\n<p>Vieme tr\u00e1pi\u0165 a\u00a0frustrova\u0165 kohoko\u013evek, a\u00a0ak s\u00fa United v\u00a0nie\u010dom slab\u0161\u00ed, tak je to kombin\u00e1cia ich dom\u00e1ceho prostredia a\u00a0dobre nadrilovanej obrany, proti ktorej musia sami vym\u00fd\u0161\u013ea\u0165 a\u00a0don\u00fati\u0165 oponenta k\u00a0pohybu svojim vlastn\u00fdm. Ak tomu prir\u00e1tame na\u0161e perfektn\u00e9 \u0161tandardky a\u00a0klinickos\u0165 v\u00a0zakon\u010den\u00ed, neb\u00e1l by som sa predpoveda\u0165 sladk\u00fa odplatu v\u00a0podobe tesnej v\u00fdhry typu <em>\u201eOviedo Baby!\u201c<\/em><\/p>\n<p><span style=\"font-size: 10pt;\">(pozn. red. &#8211; ke\u010f som naposledy takto koketoval s karmou, Everton prehral doma s tr\u00e1piacimi sa The Magpies)<\/span><\/p>\n<h4><strong>Absencie, forma, \u0161tatistiky<\/strong><\/h4>\n<p>Za Everton ur\u010dite nenast\u00fapi Pickford, ktor\u00fd laboruje so zranen\u00fdm rebrom a v br\u00e1ne ho nahrad\u00ed Olsen. Allan je od piatku sp\u00e4\u0165 v plnom tr\u00e9ningu a to na z\u00e1pasov\u00fa kond\u00edciu ani z\u010faleka nesta\u010d\u00ed. Tak\u017ee jedine dlhodobo zranen\u00fd, a bez pozit\u00edvnych vyhliadok st\u00e1le ost\u00e1va Gbamin, ktor\u00e9ho pr\u00edbeh sa za\u010d\u00edna podoba\u0165 tomu nekone\u010dn\u00e9mu.<\/p>\n<p>Zo s\u00faperovho t\u00e1bora znej\u00fa hlasy, \u017ee Cavani by mal by\u0165 fit po bo\u013eavom \u010dlenku, no stop\u00e9r Bailly je vraj ot\u00e1zny. Phil Jones sa rehabilituje z\u00a0oper\u00e1cie kolena, a\u00a0na z\u00e1pas s\u00a0Karamelkami bol \u0161etren\u00fd Pogba.<\/p>\n<h3 style=\"text-align: center;\"><span style=\"color: #3366ff;\"><strong><em>Up The Toffees !!!<\/em><\/strong><\/span><\/h3>\n<p><u>Forma s\u00fapera:<\/u><\/p>\n<table class=\"head_to_head h2h_home\" style=\"width: 99.8667%;\">\n<tbody>\n<tr class=\"odd highlight\">\n<td style=\"width: 136px;\"><span class=\"date\">02.02.21<\/span><\/td>\n<td class=\"flag_td \" style=\"width: 75px;\" title=\"Premier League (Anglicko)\">PL<\/td>\n<td class=\"name highTeam\" style=\"width: 228px;\"><strong>Manchester Utd<\/strong><\/td>\n<td class=\"name\" style=\"width: 228px;\">Southampton<\/td>\n<td class=\"\" style=\"width: 82px;\"><span class=\"score\"><strong>9 : 0<\/strong><\/span><\/td>\n<\/tr>\n<tr class=\"even highlight\">\n<td style=\"width: 136px;\"><span class=\"date\">30.01.21<\/span><\/td>\n<td class=\"flag_td \" style=\"width: 75px;\" title=\"Premier League (Anglicko)\">PL<\/td>\n<td class=\"name\" style=\"width: 228px;\">Arsenal<\/td>\n<td class=\"name highTeam\" style=\"width: 228px;\">Manchester Utd<\/td>\n<td class=\"\" style=\"width: 82px;\"><span class=\"score\"><strong>0 : 0<\/strong><\/span><\/td>\n<\/tr>\n<tr class=\"odd highlight\">\n<td style=\"width: 136px;\"><span class=\"date\">27.01.21<\/span><\/td>\n<td class=\"flag_td \" style=\"width: 75px;\" title=\"Premier League (Anglicko)\">PL<\/td>\n<td class=\"name highTeam\" style=\"width: 228px;\">Manchester Utd<\/td>\n<td class=\"name\" style=\"width: 228px;\"><strong>Sheffield Utd<\/strong><\/td>\n<td class=\"\" style=\"width: 82px;\"><span class=\"score\"><strong>1 : 2<\/strong><\/span><\/td>\n<\/tr>\n<tr class=\"even highlight\">\n<td style=\"width: 136px;\"><span class=\"date\">24.01.21<\/span><\/td>\n<td class=\"flag_td \" style=\"width: 75px;\" title=\"FA Cup (Anglicko)\">FAC<\/td>\n<td class=\"name highTeam\" style=\"width: 228px;\"><strong>Manchester Utd<\/strong><\/td>\n<td class=\"name\" style=\"width: 228px;\">Liverpool<\/td>\n<td class=\"\" style=\"width: 82px;\"><span class=\"score\"><strong>3 : 2<\/strong><\/span><\/td>\n<\/tr>\n<tr class=\"odd highlight\">\n<td style=\"width: 136px;\"><span class=\"date\">20.01.21<\/span><\/td>\n<td class=\"flag_td \" style=\"width: 75px;\" title=\"Premier League (Anglicko)\">PL<\/td>\n<td class=\"name\" style=\"width: 228px;\">Fulham<\/td>\n<td class=\"name highTeam\" style=\"width: 228px;\"><strong>Manchester Utd<\/strong><\/td>\n<td class=\"\" style=\"width: 82px;\"><span class=\"score\"><strong>1 : 2<\/strong><\/span><\/td>\n<\/tr>\n<\/tbody>\n<\/table>\n<p style=\"text-align: left;\"><strong>\u0160tatistick\u00e9 okieno:<\/strong><\/p>\n<ul>\n<li>Jedin\u00fdm v\u00ed\u0165azstvom Evertonu v posledn\u00fdch 11 z\u00e1pasoch Premier League proti Manchestru United bolo v\u00ed\u0165azstvo 4:0 v Goodison Parku v apr\u00edli 2019 pod veden\u00edm Marca Silvu (D4 L6).<\/li>\n<li>Carlo Ancelotti doviedol u\u017e dva t\u00edmy k v\u00ed\u0165azstvu na Old Trafford, ke\u010f tam zv\u00ed\u0165azil s Mil\u00e1nom vo febru\u00e1ri 2005 a s Chelsea v apr\u00edli 2010. Ancelotti by mohol by\u0165 iba druh\u00fdm mana\u017e\u00e9rom, ktor\u00fd v \u00e9re Premier League zv\u00ed\u0165azil na p\u00f4de Manchestru United s tromi r\u00f4znymi t\u00edmami po Jos\u00e9m Mourinhovi.<\/li>\n<li>Iba Manchester United a Leicester (8) vyhrali v tejto sez\u00f3ne viac vonkaj\u0161\u00edch z\u00e1pasov v lige ako Everton (7). Naposledy sa takto The Toffees darilo na cest\u00e1ch v ro\u010dn\u00edku 2013\/14, ke\u010f nazbierali dokopy 8 v\u00fdhier.<\/li>\n<li>Manchester United prehral iba 1 z posledn\u00fdch 27 dom\u00e1cich ligov\u00fdch z\u00e1pasov proti Evertonu (W20 D6), a to v sez\u00f3ne 2013\/14, ke\u010f prehral v\u00fdsledkom 0:1, e\u0161te pod veden\u00edm Roberta Mart\u00edneza (<em>Oviedo Baby!<\/em>).<\/li>\n<\/ul>\n<hr \/>\n<p><strong>\u010co:<\/strong> Manchester United FC \u2013 Everton FC, 23. kolo Premier League<br \/>\n<strong>Kedy:<\/strong> 6.1. 2020 od 21:00 SE\u010c<br \/>\n<strong>Ako:<\/strong> Premier Sport &#8211; priamy prenos<br \/>\n<strong>Kde:<\/strong> Old Trafford \u2013 Sir Matt Busby Way, Stretford, Manchester M16 0RA (bez div\u00e1kov)<br \/>\n<strong>Rozhodca:<\/strong> Jonathan Moss <strong>Asistenti:<\/strong> M. Perry, D. Robathan <strong>\u0160tvrt\u00fd rozhodca:<\/strong> A. Madley<br \/>\n<strong>VAR: <\/strong>Andre Marriner <strong>Asistent VAR: <\/strong>Andy Halliday<\/p>\n","protected":false},"excerpt":{"rendered":"<p>Po dvoch dom\u00e1cich por\u00e1\u017ekach v\u00a0ligovom a\u00a0aj poh\u00e1rovom stretnut\u00ed prich\u00e1dza mo\u017eno posledn\u00e1 pr\u00edle\u017eitos\u0165 oplati\u0165 s\u00faperovi rovnakou mincou. Padne op\u00e4\u0165 Old Trafford?<\/p>\n","protected":false},"author":1,"featured_media":13968,"comment_status":"open","ping_status":"closed","sticky":false,"template":"","format":"standard","meta":{"_eb_attr":"","_monsterinsights_skip_tracking":false,"_monsterinsights_sitenote_active":false,"_monsterinsights_sitenote_note":"","_monsterinsights_sitenote_category":0,"footnotes":""},"categories":[4],"tags":[],"yoast_head":"<!-- This site is optimized with the Yoast SEO plugin v23.4 - https:\/\/yoast.com\/wordpress\/plugins\/seo\/ -->\n<title>Preview: Manchester United \u2013 Everton - Official Czech &amp; Slovak Everton Supporters&#039; Club<\/title>\n<meta name=\"robots\" content=\"index, follow, max-snippet:-1, max-image-preview:large, max-video-preview:-1\" \/>\n<link rel=\"canonical\" href=\"https:\/\/evertonfc.cz\/index.php\/2021\/02\/06\/preview-manchester-united-everton-9\/\" \/>\n<meta property=\"og:locale\" content=\"cs_CZ\" \/>\n<meta property=\"og:type\" content=\"article\" \/>\n<meta property=\"og:title\" content=\"Preview: Manchester United \u2013 Everton - Official Czech &amp; Slovak Everton Supporters&#039; Club\" \/>\n<meta property=\"og:description\" content=\"Po dvoch dom\u00e1cich por\u00e1\u017ekach v\u00a0ligovom a\u00a0aj poh\u00e1rovom stretnut\u00ed prich\u00e1dza mo\u017eno posledn\u00e1 pr\u00edle\u017eitos\u0165 oplati\u0165 s\u00faperovi rovnakou mincou. Padne op\u00e4\u0165 Old Trafford?\" \/>\n<meta property=\"og:url\" content=\"https:\/\/evertonfc.cz\/index.php\/2021\/02\/06\/preview-manchester-united-everton-9\/\" \/>\n<meta property=\"og:site_name\" content=\"Official Czech &amp; Slovak Everton Supporters&#039; Club\" \/>\n<meta property=\"article:publisher\" content=\"https:\/\/www.facebook.com\/everton.fans.cz.sk\" \/>\n<meta property=\"article:published_time\" content=\"2021-02-06T13:51:47+00:00\" \/>\n<meta property=\"article:modified_time\" content=\"2021-02-06T18:39:04+00:00\" \/>\n<meta property=\"og:image\" content=\"https:\/\/evertonfc.cz\/wp-content\/uploads\/2021\/02\/Manchester-United-VS-Everton.jpg\" \/>\n\t<meta property=\"og:image:width\" content=\"720\" \/>\n\t<meta property=\"og:image:height\" content=\"405\" \/>\n\t<meta property=\"og:image:type\" content=\"image\/jpeg\" \/>\n<meta name=\"author\" content=\"BlueBlooded\" \/>\n<meta name=\"twitter:card\" content=\"summary_large_image\" \/>\n<meta name=\"twitter:label1\" content=\"Napsal(a)\" \/>\n\t<meta name=\"twitter:data1\" content=\"BlueBlooded\" \/>\n\t<meta name=\"twitter:label2\" content=\"Odhadovan\u00e1 doba \u010dten\u00ed\" \/>\n\t<meta name=\"twitter:data2\" content=\"3 minuty\" \/>\n<script type=\"application\/ld+json\" class=\"yoast-schema-graph\">{\"@context\":\"https:\/\/schema.org\",\"@graph\":[{\"@type\":\"Article\",\"@id\":\"https:\/\/evertonfc.cz\/index.php\/2021\/02\/06\/preview-manchester-united-everton-9\/#article\",\"isPartOf\":{\"@id\":\"https:\/\/evertonfc.cz\/index.php\/2021\/02\/06\/preview-manchester-united-everton-9\/\"},\"author\":{\"name\":\"BlueBlooded\",\"@id\":\"https:\/\/evertonfc.cz\/#\/schema\/person\/d4493b8cbea51532597fbc4685698916\"},\"headline\":\"Preview: Manchester United \u2013 Everton\",\"datePublished\":\"2021-02-06T13:51:47+00:00\",\"dateModified\":\"2021-02-06T18:39:04+00:00\",\"mainEntityOfPage\":{\"@id\":\"https:\/\/evertonfc.cz\/index.php\/2021\/02\/06\/preview-manchester-united-everton-9\/\"},\"wordCount\":685,\"commentCount\":18,\"publisher\":{\"@id\":\"https:\/\/evertonfc.cz\/#organization\"},\"image\":{\"@id\":\"https:\/\/evertonfc.cz\/index.php\/2021\/02\/06\/preview-manchester-united-everton-9\/#primaryimage\"},\"thumbnailUrl\":\"https:\/\/evertonfc.cz\/wp-content\/uploads\/2021\/02\/Manchester-United-VS-Everton.jpg\",\"articleSection\":[\"Z\u00e1pasy\"],\"inLanguage\":\"cs\",\"potentialAction\":[{\"@type\":\"CommentAction\",\"name\":\"Comment\",\"target\":[\"https:\/\/evertonfc.cz\/index.php\/2021\/02\/06\/preview-manchester-united-everton-9\/#respond\"]}]},{\"@type\":\"WebPage\",\"@id\":\"https:\/\/evertonfc.cz\/index.php\/2021\/02\/06\/preview-manchester-united-everton-9\/\",\"url\":\"https:\/\/evertonfc.cz\/index.php\/2021\/02\/06\/preview-manchester-united-everton-9\/\",\"name\":\"Preview: Manchester United \u2013 Everton - Official Czech &amp; Slovak Everton Supporters&#039; Club\",\"isPartOf\":{\"@id\":\"https:\/\/evertonfc.cz\/#website\"},\"primaryImageOfPage\":{\"@id\":\"https:\/\/evertonfc.cz\/index.php\/2021\/02\/06\/preview-manchester-united-everton-9\/#primaryimage\"},\"image\":{\"@id\":\"https:\/\/evertonfc.cz\/index.php\/2021\/02\/06\/preview-manchester-united-everton-9\/#primaryimage\"},\"thumbnailUrl\":\"https:\/\/evertonfc.cz\/wp-content\/uploads\/2021\/02\/Manchester-United-VS-Everton.jpg\",\"datePublished\":\"2021-02-06T13:51:47+00:00\",\"dateModified\":\"2021-02-06T18:39:04+00:00\",\"breadcrumb\":{\"@id\":\"https:\/\/evertonfc.cz\/index.php\/2021\/02\/06\/preview-manchester-united-everton-9\/#breadcrumb\"},\"inLanguage\":\"cs\",\"potentialAction\":[{\"@type\":\"ReadAction\",\"target\":[\"https:\/\/evertonfc.cz\/index.php\/2021\/02\/06\/preview-manchester-united-everton-9\/\"]}]},{\"@type\":\"ImageObject\",\"inLanguage\":\"cs\",\"@id\":\"https:\/\/evertonfc.cz\/index.php\/2021\/02\/06\/preview-manchester-united-everton-9\/#primaryimage\",\"url\":\"https:\/\/evertonfc.cz\/wp-content\/uploads\/2021\/02\/Manchester-United-VS-Everton.jpg\",\"contentUrl\":\"https:\/\/evertonfc.cz\/wp-content\/uploads\/2021\/02\/Manchester-United-VS-Everton.jpg\",\"width\":720,\"height\":405},{\"@type\":\"BreadcrumbList\",\"@id\":\"https:\/\/evertonfc.cz\/index.php\/2021\/02\/06\/preview-manchester-united-everton-9\/#breadcrumb\",\"itemListElement\":[{\"@type\":\"ListItem\",\"position\":1,\"name\":\"Home\",\"item\":\"https:\/\/evertonfc.cz\/\"},{\"@type\":\"ListItem\",\"position\":2,\"name\":\"Preview: Manchester United \u2013 Everton\"}]},{\"@type\":\"WebSite\",\"@id\":\"https:\/\/evertonfc.cz\/#website\",\"url\":\"https:\/\/evertonfc.cz\/\",\"name\":\"Official Czech &amp; Slovak Everton Supporters&#039; Club\",\"description\":\"\",\"publisher\":{\"@id\":\"https:\/\/evertonfc.cz\/#organization\"},\"potentialAction\":[{\"@type\":\"SearchAction\",\"target\":{\"@type\":\"EntryPoint\",\"urlTemplate\":\"https:\/\/evertonfc.cz\/?s={search_term_string}\"},\"query-input\":{\"@type\":\"PropertyValueSpecification\",\"valueRequired\":true,\"valueName\":\"search_term_string\"}}],\"inLanguage\":\"cs\"},{\"@type\":\"Organization\",\"@id\":\"https:\/\/evertonfc.cz\/#organization\",\"name\":\"Official Czech & Slovak Everton Supporters' Club\",\"url\":\"https:\/\/evertonfc.cz\/\",\"logo\":{\"@type\":\"ImageObject\",\"inLanguage\":\"cs\",\"@id\":\"https:\/\/evertonfc.cz\/#\/schema\/logo\/image\/\",\"url\":\"https:\/\/evertonfc.cz\/wp-content\/uploads\/2019\/05\/logo.png\",\"contentUrl\":\"https:\/\/evertonfc.cz\/wp-content\/uploads\/2019\/05\/logo.png\",\"width\":112,\"height\":112,\"caption\":\"Official Czech & Slovak Everton Supporters' Club\"},\"image\":{\"@id\":\"https:\/\/evertonfc.cz\/#\/schema\/logo\/image\/\"},\"sameAs\":[\"https:\/\/www.facebook.com\/everton.fans.cz.sk\"]},{\"@type\":\"Person\",\"@id\":\"https:\/\/evertonfc.cz\/#\/schema\/person\/d4493b8cbea51532597fbc4685698916\",\"name\":\"BlueBlooded\",\"url\":\"https:\/\/evertonfc.cz\/index.php\/author\/admin\/\"}]}<\/script>\n<!-- \/ Yoast SEO plugin. -->","yoast_head_json":{"title":"Preview: Manchester United \u2013 Everton - Official Czech &amp; Slovak Everton Supporters&#039; Club","robots":{"index":"index","follow":"follow","max-snippet":"max-snippet:-1","max-image-preview":"max-image-preview:large","max-video-preview":"max-video-preview:-1"},"canonical":"https:\/\/evertonfc.cz\/index.php\/2021\/02\/06\/preview-manchester-united-everton-9\/","og_locale":"cs_CZ","og_type":"article","og_title":"Preview: Manchester United \u2013 Everton - Official Czech &amp; Slovak Everton Supporters&#039; Club","og_description":"Po dvoch dom\u00e1cich por\u00e1\u017ekach v\u00a0ligovom a\u00a0aj poh\u00e1rovom stretnut\u00ed prich\u00e1dza mo\u017eno posledn\u00e1 pr\u00edle\u017eitos\u0165 oplati\u0165 s\u00faperovi rovnakou mincou. Padne op\u00e4\u0165 Old Trafford?","og_url":"https:\/\/evertonfc.cz\/index.php\/2021\/02\/06\/preview-manchester-united-everton-9\/","og_site_name":"Official Czech &amp; Slovak Everton Supporters&#039; Club","article_publisher":"https:\/\/www.facebook.com\/everton.fans.cz.sk","article_published_time":"2021-02-06T13:51:47+00:00","article_modified_time":"2021-02-06T18:39:04+00:00","og_image":[{"width":720,"height":405,"url":"https:\/\/evertonfc.cz\/wp-content\/uploads\/2021\/02\/Manchester-United-VS-Everton.jpg","type":"image\/jpeg"}],"author":"BlueBlooded","twitter_card":"summary_large_image","twitter_misc":{"Napsal(a)":"BlueBlooded","Odhadovan\u00e1 doba \u010dten\u00ed":"3 minuty"},"schema":{"@context":"https:\/\/schema.org","@graph":[{"@type":"Article","@id":"https:\/\/evertonfc.cz\/index.php\/2021\/02\/06\/preview-manchester-united-everton-9\/#article","isPartOf":{"@id":"https:\/\/evertonfc.cz\/index.php\/2021\/02\/06\/preview-manchester-united-everton-9\/"},"author":{"name":"BlueBlooded","@id":"https:\/\/evertonfc.cz\/#\/schema\/person\/d4493b8cbea51532597fbc4685698916"},"headline":"Preview: Manchester United \u2013 Everton","datePublished":"2021-02-06T13:51:47+00:00","dateModified":"2021-02-06T18:39:04+00:00","mainEntityOfPage":{"@id":"https:\/\/evertonfc.cz\/index.php\/2021\/02\/06\/preview-manchester-united-everton-9\/"},"wordCount":685,"commentCount":18,"publisher":{"@id":"https:\/\/evertonfc.cz\/#organization"},"image":{"@id":"https:\/\/evertonfc.cz\/index.php\/2021\/02\/06\/preview-manchester-united-everton-9\/#primaryimage"},"thumbnailUrl":"https:\/\/evertonfc.cz\/wp-content\/uploads\/2021\/02\/Manchester-United-VS-Everton.jpg","articleSection":["Z\u00e1pasy"],"inLanguage":"cs","potentialAction":[{"@type":"CommentAction","name":"Comment","target":["https:\/\/evertonfc.cz\/index.php\/2021\/02\/06\/preview-manchester-united-everton-9\/#respond"]}]},{"@type":"WebPage","@id":"https:\/\/evertonfc.cz\/index.php\/2021\/02\/06\/preview-manchester-united-everton-9\/","url":"https:\/\/evertonfc.cz\/index.php\/2021\/02\/06\/preview-manchester-united-everton-9\/","name":"Preview: Manchester United \u2013 Everton - Official Czech &amp; Slovak Everton Supporters&#039; Club","isPartOf":{"@id":"https:\/\/evertonfc.cz\/#website"},"primaryImageOfPage":{"@id":"https:\/\/evertonfc.cz\/index.php\/2021\/02\/06\/preview-manchester-united-everton-9\/#primaryimage"},"image":{"@id":"https:\/\/evertonfc.cz\/index.php\/2021\/02\/06\/preview-manchester-united-everton-9\/#primaryimage"},"thumbnailUrl":"https:\/\/evertonfc.cz\/wp-content\/uploads\/2021\/02\/Manchester-United-VS-Everton.jpg","datePublished":"2021-02-06T13:51:47+00:00","dateModified":"2021-02-06T18:39:04+00:00","breadcrumb":{"@id":"https:\/\/evertonfc.cz\/index.php\/2021\/02\/06\/preview-manchester-united-everton-9\/#breadcrumb"},"inLanguage":"cs","potentialAction":[{"@type":"ReadAction","target":["https:\/\/evertonfc.cz\/index.php\/2021\/02\/06\/preview-manchester-united-everton-9\/"]}]},{"@type":"ImageObject","inLanguage":"cs","@id":"https:\/\/evertonfc.cz\/index.php\/2021\/02\/06\/preview-manchester-united-everton-9\/#primaryimage","url":"https:\/\/evertonfc.cz\/wp-content\/uploads\/2021\/02\/Manchester-United-VS-Everton.jpg","contentUrl":"https:\/\/evertonfc.cz\/wp-content\/uploads\/2021\/02\/Manchester-United-VS-Everton.jpg","width":720,"height":405},{"@type":"BreadcrumbList","@id":"https:\/\/evertonfc.cz\/index.php\/2021\/02\/06\/preview-manchester-united-everton-9\/#breadcrumb","itemListElement":[{"@type":"ListItem","position":1,"name":"Home","item":"https:\/\/evertonfc.cz\/"},{"@type":"ListItem","position":2,"name":"Preview: Manchester United \u2013 Everton"}]},{"@type":"WebSite","@id":"https:\/\/evertonfc.cz\/#website","url":"https:\/\/evertonfc.cz\/","name":"Official Czech &amp; Slovak Everton Supporters&#039; Club","description":"","publisher":{"@id":"https:\/\/evertonfc.cz\/#organization"},"potentialAction":[{"@type":"SearchAction","target":{"@type":"EntryPoint","urlTemplate":"https:\/\/evertonfc.cz\/?s={search_term_string}"},"query-input":{"@type":"PropertyValueSpecification","valueRequired":true,"valueName":"search_term_string"}}],"inLanguage":"cs"},{"@type":"Organization","@id":"https:\/\/evertonfc.cz\/#organization","name":"Official Czech & Slovak Everton Supporters' Club","url":"https:\/\/evertonfc.cz\/","logo":{"@type":"ImageObject","inLanguage":"cs","@id":"https:\/\/evertonfc.cz\/#\/schema\/logo\/image\/","url":"https:\/\/evertonfc.cz\/wp-content\/uploads\/2019\/05\/logo.png","contentUrl":"https:\/\/evertonfc.cz\/wp-content\/uploads\/2019\/05\/logo.png","width":112,"height":112,"caption":"Official Czech & Slovak Everton Supporters' Club"},"image":{"@id":"https:\/\/evertonfc.cz\/#\/schema\/logo\/image\/"},"sameAs":["https:\/\/www.facebook.com\/everton.fans.cz.sk"]},{"@type":"Person","@id":"https:\/\/evertonfc.cz\/#\/schema\/person\/d4493b8cbea51532597fbc4685698916","name":"BlueBlooded","url":"https:\/\/evertonfc.cz\/index.php\/author\/admin\/"}]}},"_links":{"self":[{"href":"https:\/\/evertonfc.cz\/index.php\/wp-json\/wp\/v2\/posts\/13967"}],"collection":[{"href":"https:\/\/evertonfc.cz\/index.php\/wp-json\/wp\/v2\/posts"}],"about":[{"href":"https:\/\/evertonfc.cz\/index.php\/wp-json\/wp\/v2\/types\/post"}],"author":[{"embeddable":true,"href":"https:\/\/evertonfc.cz\/index.php\/wp-json\/wp\/v2\/users\/1"}],"replies":[{"embeddable":true,"href":"https:\/\/evertonfc.cz\/index.php\/wp-json\/wp\/v2\/comments?post=13967"}],"version-history":[{"count":11,"href":"https:\/\/evertonfc.cz\/index.php\/wp-json\/wp\/v2\/posts\/13967\/revisions"}],"predecessor-version":[{"id":13981,"href":"https:\/\/evertonfc.cz\/index.php\/wp-json\/wp\/v2\/posts\/13967\/revisions\/13981"}],"wp:featuredmedia":[{"embeddable":true,"href":"https:\/\/evertonfc.cz\/index.php\/wp-json\/wp\/v2\/media\/13968"}],"wp:attachment":[{"href":"https:\/\/evertonfc.cz\/index.php\/wp-json\/wp\/v2\/media?parent=13967"}],"wp:term":[{"taxonomy":"category","embeddable":true,"href":"https:\/\/evertonfc.cz\/index.php\/wp-json\/wp\/v2\/categories?post=13967"},{"taxonomy":"post_tag","embeddable":true,"href":"https:\/\/evertonfc.cz\/index.php\/wp-json\/wp\/v2\/tags?post=13967"}],"curies":[{"name":"wp","href":"https:\/\/api.w.org\/{rel}","templated":true}]}}