{"id":14029,"date":"2021-02-09T10:00:08","date_gmt":"2021-02-09T09:00:08","guid":{"rendered":"https:\/\/evertonfc.cz\/?p=14029"},"modified":"2021-02-10T20:28:46","modified_gmt":"2021-02-10T19:28:46","slug":"everton-w-birmingham-city-w-11","status":"publish","type":"post","link":"https:\/\/evertonfc.cz\/index.php\/2021\/02\/09\/everton-w-birmingham-city-w-11\/","title":{"rendered":"Everton W &#8211; Birmingham City W 1:1"},"content":{"rendered":"<h4>\u010cerstv\u00fd v\u00edtr ned\u011bln\u00edho odpoledne p\u0159iv\u00e1l na Walton Hall Park n\u00e1v\u0161t\u011bvnice z Birminghamu a s nimi i nemilou rem\u00edzu.<\/h4>\n<p>P\u0159ed z\u00e1pasem bylo jasn\u00e9, \u017ee Everton o\u010dek\u00e1v\u00e1 t\u0159i body. Kirk otev\u0159en\u011b hovo\u0159il o tomto utk\u00e1n\u00ed jako o &#8222;Must-win clash. &#8220; Bohu\u017eel realita byla jin\u00e1. Mana\u017eer ud\u011blal n\u011bkolik zm\u011bn v z\u00e1kladn\u00ed sestav\u011b. K z\u00e1pasu byla mezi ty\u010de nominovan\u00e1 Korpela, S\u00f8rensen zaujala pozici na k\u0159\u00eddle a poprv\u00e9 ve WSL nastoupila od za\u010d\u00e1tku z\u00e1pasu Clinton. Na lavi\u010dku n\u00e1hradn\u00edk\u016f po dlouh\u00fdch 356 dnech zran\u011bn\u00ed usedla obr\u00e1nkyn\u011b Gabrielle George. Posledn\u00ed novinkou oproti zaveden\u00fdm po\u0159\u00e1dk\u016fm byla je\u0161t\u011b zm\u011bna \u010d\u00edsla dresu Sevecke z 22 na 4 (ne, nejde o velikost).<\/p>\n<h4>Prvn\u00ed polo\u010das<\/h4>\n<p>zah\u00e1jily birminghamsk\u00e9 hr\u00e1\u010dky svi\u017en\u011b. Velmi brzy musela Korpela ve v\u00e1pn\u011b likvidovat jedovatou pati\u010dku Napier. Ale pak u\u017e p\u0159evzaly inciativu evertonsk\u00e9 hr\u00e1\u010dky. Ve 13 minut\u011b nab\u00eddla Emslie m\u00ed\u010d ke sk\u00f3rov\u00e1n\u00ed Gauvin, ta jej v\u0161ak minula a S\u00f8rensen netrefila br\u00e1nu. V 18. minut\u011b Emslie p\u0159edlo\u017eila m\u00ed\u010d k exekuci znovu, tentokr\u00e1te jej pro zm\u011bnu minula Clinton.\u00a0 O chv\u00edli pozd\u011bji vyslala Gauvin do \u00faniku Clinton, ale ta byla p\u0159ed brankou od m\u00ed\u010de odstavena. Ve 21. minut\u011b byla Sevecke sra\u017eena t\u011bsn\u011b p\u0159ed hranic\u00ed velk\u00e9ho v\u00e1pna a \u017eena v \u010dern\u00e9m na\u0159\u00eddila p\u0159\u00edm\u00fd kop. K n\u011bmu s postavily Turner a Christiansen. Nakonec to byla <strong>Danielle Turner<\/strong>, kter\u00e1 kr\u00e1sn\u011b obst\u0159elila ze\u010f a otev\u0159ela sk\u00f3re &#8211; <strong>1:0<\/strong>. Radost mezi karamelami ov\u0161em netrvala dlouho. V 33. minut\u011b zahr\u00e1la Christiansen v dom\u00e1c\u00edm v\u00e1pn\u011b rukou a sud\u00ed nekompromisn\u011b na\u0159\u00eddila penaltu. T\u00e9 se ujala Walker a kopnula ji dosti le\u017e\u00e9rn\u011b. Korpela m\u00ed\u010d vyrazila, ale zbl\u00edzka jej dorazila za brankovou \u010d\u00e1ru Jamie-Lee Napier &#8211; <strong>1:1<\/strong>. Dor\u00e1\u017eka nem\u00e1lo p\u0159ekvapila i kou\u010dku host\u00ed, kter\u00e1 se po z\u00e1pas nechala sly\u0161et, \u017ee jej\u00ed &#8222;hr\u00e1\u010dky takto obvykle nereaguj\u00ed&#8220;. Nyn\u00ed tedy bohu\u017eel zareagovaly.<\/p>\n<h4>Druh\u00fd polo\u010das<\/h4>\n<p>p\u0159ivedl do hry Raso a Lehmann nam\u00edsto S\u00f8rensen a Emslie. Ji\u017e tak velmi aktivn\u00ed hra Evertonu se d\u00e1le zrychlila, kombinace st\u0159\u00eddala kombinaci a pr\u016fnik za pr\u016fnikem&#8230; kon\u010dily na\u00a0 hranici v\u00e1pna. Centrovan\u00e9 m\u00ed\u010de ve v\u00e1pn\u011b bu\u010f nikoho nenach\u00e1zely, nebo nebyly zpracovan\u00e9. V\u011bt\u0161ina st\u0159el m\u00ed\u0159ila mimo br\u00e1nu, a ty (vz\u00e1cn\u011b) m\u00ed\u0159en\u00e9 do br\u00e1ny zlikvidovala Hampton. Kirk postupn\u011b vrhl do hry v\u0161echny sv\u00e9 \u00fato\u010dn\u00e9 trumfy, kter\u00e9 mu pravidla dovoluj\u00ed. Ale v\u0161e bylo marn\u00e9. Hlavi\u010dka Finnigan do b\u0159evna v 84. minut\u011b pak byla asi posledn\u00ed evertonskou nad\u011bj\u00ed na zvrat z\u00e1pasu &#8211; rovn\u011b\u017e marnou.<\/p>\n<h4>Shrnut\u00ed<\/h4>\n<p>Ztratili jsme dva body, a to bohu\u017eel ve velmi nevhodnou chv\u00edli. \u017deny Chelsea,\u00a0 MUTD a Arsenalu prohr\u00e1ly, tak\u017ee nyn\u00ed byla vhodn\u00e1 p\u0159\u00edle\u017eitost sn\u00ed\u017eit odstup od top four. Tuto mo\u017enost p\u0159ibl\u00ed\u017eit se na dohled poh\u00e1rov\u00fdm p\u0159\u00ed\u010dk\u00e1m jsme zahodili. Nav\u00edc se na n\u00e1s dot\u00e1hly The Royals (v ned\u011bli porazily MUTD 2:0), kter\u00e9 maj\u00ed stejn\u011b bod\u016f, ale o trochu hor\u0161\u00ed sk\u00f3re. Ne\u0159e\u0161iteln\u00fdm probl\u00e9mem se uk\u00e1zala b\u00fdt koncovka. Everton m\u011bl v utk\u00e1n\u00ed 72% dr\u017een\u00ed m\u00ed\u010de, uskute\u010dnil 553 p\u0159ihr\u00e1vek (soupe\u0159ky 233), vyst\u0159elil 15 kr\u00e1t (soupe\u0159ky 5 kr\u00e1t). P\u0159esto po\u010det st\u0159el mezi ty\u010de a po\u010det branek byly u obou t\u00fdm\u016f stejn\u00e9 (3 st\u0159ely na br\u00e1nu, jedna branka). Kde\u017ee jsou doby pohodln\u00e9ho v\u00edt\u011bzstv\u00ed nad Birminghamem 3:0 z podzimu 2020 v semifin\u00e1le FA Cupu! Je nejvy\u0161\u0161\u00ed \u010das s t\u00edm n\u011bco ud\u011blat. V\u00ed to Willie Kirk, ale nen\u00ed jist\u00e9, zda si to uv\u011bdomuj\u00ed i hr\u00e1\u010dky. Na Instagramu se v jejich p\u0159\u00edsp\u011bvc\u00edch p\u0159\u00edli\u0161 \u010dasto objevuje obrat &#8222;nezaslou\u017een\u00e1 rem\u00edza.&#8220;\u00a0 Bez st\u0159el na br\u00e1nu se ale z\u00e1pasy vyhr\u00e1vaj\u00ed jen obt\u00ed\u017en\u011b. V\u011b\u0159me, \u017ee tuto epizodu se n\u00e1m poda\u0159\u00ed ukon\u010dit ji\u017e v sobotu 13. 2. v Readingu. Z\u00e1pas s na\u0161imi p\u0159\u00edm\u00fdmi konkurenty se hraje od 16:00 SE\u010c. Come on, you blue girls!<\/p>\n<p style=\"text-align: right\"><span style=\"font-size: 8pt\">Fotografie:<em> Turner a Christansen p\u0159ed p\u0159\u00edm\u00fdm kopem (zdroj: Lewis Storey\/Getty Images)\u00a0<\/em><\/span><\/p>\n<p><strong>Branky:<\/strong> Turner (22\u00b4) &#8211; Napier (34\u00b4)<\/p>\n<p><strong>\u017dK:<\/strong> McCarron, Holloway<\/p>\n<p><strong>Everton (4-2-3-1):<\/strong> Korpela &#8211; Moe Wold (94\u00b4 Stringer), Sevecke, Finnigan, Turner &#8211; Christiansen, Scott &#8211; Clinton (65\u00b4 Graham), S\u00f8rensen (45\u00b4 Lehmann), Emslie (45\u00b4 Raso) &#8211; Gauvin (60\u00b4 Magill).<\/p>\n<p><strong>Birmingham City (5-4-1):<\/strong> Hampton &#8211; Mayling, McCarron (76\u00b4Green), Scott, Holloway, Mace &#8211; Napier, Murphy (76\u00b4 Kelly), Littlejohn, Whipp &#8211; Walker.<\/p>\n<p><strong>Rozhod\u010d\u00ed: <\/strong>Lisa Benn<\/p>\n","protected":false},"excerpt":{"rendered":"<p>\u010cerstv\u00fd v\u00edtr ned\u011bln\u00edho odpoledne p\u0159iv\u00e1l na Walton Hall Park n\u00e1v\u0161t\u011bvnice z Birminghamu a s nimi i nemilou rem\u00edzu.<\/p>\n","protected":false},"author":26,"featured_media":14032,"comment_status":"open","ping_status":"closed","sticky":false,"template":"","format":"standard","meta":{"_eb_attr":"","_monsterinsights_skip_tracking":false,"_monsterinsights_sitenote_active":false,"_monsterinsights_sitenote_note":"","_monsterinsights_sitenote_category":0,"footnotes":""},"categories":[110],"tags":[],"yoast_head":"<!-- This site is optimized with the Yoast SEO plugin v23.4 - https:\/\/yoast.com\/wordpress\/plugins\/seo\/ -->\n<title>Everton W - Birmingham City W 1:1 - Official Czech &amp; Slovak Everton Supporters&#039; Club<\/title>\n<meta name=\"description\" content=\"\u010cerstv\u00fd v\u00edtr ned\u011bln\u00edho odpoledne p\u0159iv\u00e1l na Walton Hall Park n\u00e1v\u0161t\u011bvnice z Birminghamu a s nimi i nemilou rem\u00edzu 1:1.\" \/>\n<meta name=\"robots\" content=\"index, follow, max-snippet:-1, max-image-preview:large, max-video-preview:-1\" \/>\n<link rel=\"canonical\" href=\"https:\/\/evertonfc.cz\/index.php\/2021\/02\/09\/everton-w-birmingham-city-w-11\/\" \/>\n<meta property=\"og:locale\" content=\"cs_CZ\" \/>\n<meta property=\"og:type\" content=\"article\" \/>\n<meta property=\"og:title\" content=\"Everton W - Birmingham City W 1:1 - Official Czech &amp; Slovak Everton Supporters&#039; Club\" \/>\n<meta property=\"og:description\" content=\"\u010cerstv\u00fd v\u00edtr ned\u011bln\u00edho odpoledne p\u0159iv\u00e1l na Walton Hall Park n\u00e1v\u0161t\u011bvnice z Birminghamu a s nimi i nemilou rem\u00edzu 1:1.\" \/>\n<meta property=\"og:url\" content=\"https:\/\/evertonfc.cz\/index.php\/2021\/02\/09\/everton-w-birmingham-city-w-11\/\" \/>\n<meta property=\"og:site_name\" content=\"Official Czech &amp; Slovak Everton Supporters&#039; Club\" \/>\n<meta property=\"article:publisher\" content=\"https:\/\/www.facebook.com\/everton.fans.cz.sk\" \/>\n<meta property=\"article:published_time\" content=\"2021-02-09T09:00:08+00:00\" \/>\n<meta property=\"article:modified_time\" content=\"2021-02-10T19:28:46+00:00\" \/>\n<meta property=\"og:image\" content=\"https:\/\/evertonfc.cz\/wp-content\/uploads\/2021\/02\/Turner_Christiansen_vs_Birmingham_web_7_2_2021.jpg\" \/>\n\t<meta property=\"og:image:width\" content=\"720\" \/>\n\t<meta property=\"og:image:height\" content=\"405\" \/>\n\t<meta property=\"og:image:type\" content=\"image\/jpeg\" \/>\n<meta name=\"author\" content=\"Karamela\" \/>\n<meta name=\"twitter:card\" content=\"summary_large_image\" \/>\n<meta name=\"twitter:label1\" content=\"Napsal(a)\" \/>\n\t<meta name=\"twitter:data1\" content=\"Karamela\" \/>\n\t<meta name=\"twitter:label2\" content=\"Odhadovan\u00e1 doba \u010dten\u00ed\" \/>\n\t<meta name=\"twitter:data2\" content=\"3 minuty\" \/>\n<script type=\"application\/ld+json\" class=\"yoast-schema-graph\">{\"@context\":\"https:\/\/schema.org\",\"@graph\":[{\"@type\":\"Article\",\"@id\":\"https:\/\/evertonfc.cz\/index.php\/2021\/02\/09\/everton-w-birmingham-city-w-11\/#article\",\"isPartOf\":{\"@id\":\"https:\/\/evertonfc.cz\/index.php\/2021\/02\/09\/everton-w-birmingham-city-w-11\/\"},\"author\":{\"name\":\"Karamela\",\"@id\":\"https:\/\/evertonfc.cz\/#\/schema\/person\/e9a24a80a32efa1344dd2c4e5882185c\"},\"headline\":\"Everton W &#8211; Birmingham City W 1:1\",\"datePublished\":\"2021-02-09T09:00:08+00:00\",\"dateModified\":\"2021-02-10T19:28:46+00:00\",\"mainEntityOfPage\":{\"@id\":\"https:\/\/evertonfc.cz\/index.php\/2021\/02\/09\/everton-w-birmingham-city-w-11\/\"},\"wordCount\":802,\"commentCount\":0,\"publisher\":{\"@id\":\"https:\/\/evertonfc.cz\/#organization\"},\"image\":{\"@id\":\"https:\/\/evertonfc.cz\/index.php\/2021\/02\/09\/everton-w-birmingham-city-w-11\/#primaryimage\"},\"thumbnailUrl\":\"https:\/\/evertonfc.cz\/wp-content\/uploads\/2021\/02\/Turner_Christiansen_vs_Birmingham_web_7_2_2021.jpg\",\"articleSection\":[\"Everton Women\"],\"inLanguage\":\"cs\",\"potentialAction\":[{\"@type\":\"CommentAction\",\"name\":\"Comment\",\"target\":[\"https:\/\/evertonfc.cz\/index.php\/2021\/02\/09\/everton-w-birmingham-city-w-11\/#respond\"]}]},{\"@type\":\"WebPage\",\"@id\":\"https:\/\/evertonfc.cz\/index.php\/2021\/02\/09\/everton-w-birmingham-city-w-11\/\",\"url\":\"https:\/\/evertonfc.cz\/index.php\/2021\/02\/09\/everton-w-birmingham-city-w-11\/\",\"name\":\"Everton W - Birmingham City W 1:1 - Official Czech &amp; Slovak Everton Supporters&#039; Club\",\"isPartOf\":{\"@id\":\"https:\/\/evertonfc.cz\/#website\"},\"primaryImageOfPage\":{\"@id\":\"https:\/\/evertonfc.cz\/index.php\/2021\/02\/09\/everton-w-birmingham-city-w-11\/#primaryimage\"},\"image\":{\"@id\":\"https:\/\/evertonfc.cz\/index.php\/2021\/02\/09\/everton-w-birmingham-city-w-11\/#primaryimage\"},\"thumbnailUrl\":\"https:\/\/evertonfc.cz\/wp-content\/uploads\/2021\/02\/Turner_Christiansen_vs_Birmingham_web_7_2_2021.jpg\",\"datePublished\":\"2021-02-09T09:00:08+00:00\",\"dateModified\":\"2021-02-10T19:28:46+00:00\",\"description\":\"\u010cerstv\u00fd v\u00edtr ned\u011bln\u00edho odpoledne p\u0159iv\u00e1l na Walton Hall Park n\u00e1v\u0161t\u011bvnice z Birminghamu a s nimi i nemilou rem\u00edzu 1:1.\",\"breadcrumb\":{\"@id\":\"https:\/\/evertonfc.cz\/index.php\/2021\/02\/09\/everton-w-birmingham-city-w-11\/#breadcrumb\"},\"inLanguage\":\"cs\",\"potentialAction\":[{\"@type\":\"ReadAction\",\"target\":[\"https:\/\/evertonfc.cz\/index.php\/2021\/02\/09\/everton-w-birmingham-city-w-11\/\"]}]},{\"@type\":\"ImageObject\",\"inLanguage\":\"cs\",\"@id\":\"https:\/\/evertonfc.cz\/index.php\/2021\/02\/09\/everton-w-birmingham-city-w-11\/#primaryimage\",\"url\":\"https:\/\/evertonfc.cz\/wp-content\/uploads\/2021\/02\/Turner_Christiansen_vs_Birmingham_web_7_2_2021.jpg\",\"contentUrl\":\"https:\/\/evertonfc.cz\/wp-content\/uploads\/2021\/02\/Turner_Christiansen_vs_Birmingham_web_7_2_2021.jpg\",\"width\":720,\"height\":405},{\"@type\":\"BreadcrumbList\",\"@id\":\"https:\/\/evertonfc.cz\/index.php\/2021\/02\/09\/everton-w-birmingham-city-w-11\/#breadcrumb\",\"itemListElement\":[{\"@type\":\"ListItem\",\"position\":1,\"name\":\"Home\",\"item\":\"https:\/\/evertonfc.cz\/\"},{\"@type\":\"ListItem\",\"position\":2,\"name\":\"Everton W &#8211; Birmingham City W 1:1\"}]},{\"@type\":\"WebSite\",\"@id\":\"https:\/\/evertonfc.cz\/#website\",\"url\":\"https:\/\/evertonfc.cz\/\",\"name\":\"Official Czech &amp; Slovak Everton Supporters&#039; Club\",\"description\":\"\",\"publisher\":{\"@id\":\"https:\/\/evertonfc.cz\/#organization\"},\"potentialAction\":[{\"@type\":\"SearchAction\",\"target\":{\"@type\":\"EntryPoint\",\"urlTemplate\":\"https:\/\/evertonfc.cz\/?s={search_term_string}\"},\"query-input\":{\"@type\":\"PropertyValueSpecification\",\"valueRequired\":true,\"valueName\":\"search_term_string\"}}],\"inLanguage\":\"cs\"},{\"@type\":\"Organization\",\"@id\":\"https:\/\/evertonfc.cz\/#organization\",\"name\":\"Official Czech & Slovak Everton Supporters' Club\",\"url\":\"https:\/\/evertonfc.cz\/\",\"logo\":{\"@type\":\"ImageObject\",\"inLanguage\":\"cs\",\"@id\":\"https:\/\/evertonfc.cz\/#\/schema\/logo\/image\/\",\"url\":\"https:\/\/evertonfc.cz\/wp-content\/uploads\/2019\/05\/logo.png\",\"contentUrl\":\"https:\/\/evertonfc.cz\/wp-content\/uploads\/2019\/05\/logo.png\",\"width\":112,\"height\":112,\"caption\":\"Official Czech & Slovak Everton Supporters' Club\"},\"image\":{\"@id\":\"https:\/\/evertonfc.cz\/#\/schema\/logo\/image\/\"},\"sameAs\":[\"https:\/\/www.facebook.com\/everton.fans.cz.sk\"]},{\"@type\":\"Person\",\"@id\":\"https:\/\/evertonfc.cz\/#\/schema\/person\/e9a24a80a32efa1344dd2c4e5882185c\",\"name\":\"Karamela\",\"url\":\"https:\/\/evertonfc.cz\/index.php\/author\/karamela\/\"}]}<\/script>\n<!-- \/ Yoast SEO plugin. -->","yoast_head_json":{"title":"Everton W - Birmingham City W 1:1 - Official Czech &amp; Slovak Everton Supporters&#039; Club","description":"\u010cerstv\u00fd v\u00edtr ned\u011bln\u00edho odpoledne p\u0159iv\u00e1l na Walton Hall Park n\u00e1v\u0161t\u011bvnice z Birminghamu a s nimi i nemilou rem\u00edzu 1:1.","robots":{"index":"index","follow":"follow","max-snippet":"max-snippet:-1","max-image-preview":"max-image-preview:large","max-video-preview":"max-video-preview:-1"},"canonical":"https:\/\/evertonfc.cz\/index.php\/2021\/02\/09\/everton-w-birmingham-city-w-11\/","og_locale":"cs_CZ","og_type":"article","og_title":"Everton W - Birmingham City W 1:1 - Official Czech &amp; Slovak Everton Supporters&#039; Club","og_description":"\u010cerstv\u00fd v\u00edtr ned\u011bln\u00edho odpoledne p\u0159iv\u00e1l na Walton Hall Park n\u00e1v\u0161t\u011bvnice z Birminghamu a s nimi i nemilou rem\u00edzu 1:1.","og_url":"https:\/\/evertonfc.cz\/index.php\/2021\/02\/09\/everton-w-birmingham-city-w-11\/","og_site_name":"Official Czech &amp; Slovak Everton Supporters&#039; Club","article_publisher":"https:\/\/www.facebook.com\/everton.fans.cz.sk","article_published_time":"2021-02-09T09:00:08+00:00","article_modified_time":"2021-02-10T19:28:46+00:00","og_image":[{"width":720,"height":405,"url":"https:\/\/evertonfc.cz\/wp-content\/uploads\/2021\/02\/Turner_Christiansen_vs_Birmingham_web_7_2_2021.jpg","type":"image\/jpeg"}],"author":"Karamela","twitter_card":"summary_large_image","twitter_misc":{"Napsal(a)":"Karamela","Odhadovan\u00e1 doba \u010dten\u00ed":"3 minuty"},"schema":{"@context":"https:\/\/schema.org","@graph":[{"@type":"Article","@id":"https:\/\/evertonfc.cz\/index.php\/2021\/02\/09\/everton-w-birmingham-city-w-11\/#article","isPartOf":{"@id":"https:\/\/evertonfc.cz\/index.php\/2021\/02\/09\/everton-w-birmingham-city-w-11\/"},"author":{"name":"Karamela","@id":"https:\/\/evertonfc.cz\/#\/schema\/person\/e9a24a80a32efa1344dd2c4e5882185c"},"headline":"Everton W &#8211; Birmingham City W 1:1","datePublished":"2021-02-09T09:00:08+00:00","dateModified":"2021-02-10T19:28:46+00:00","mainEntityOfPage":{"@id":"https:\/\/evertonfc.cz\/index.php\/2021\/02\/09\/everton-w-birmingham-city-w-11\/"},"wordCount":802,"commentCount":0,"publisher":{"@id":"https:\/\/evertonfc.cz\/#organization"},"image":{"@id":"https:\/\/evertonfc.cz\/index.php\/2021\/02\/09\/everton-w-birmingham-city-w-11\/#primaryimage"},"thumbnailUrl":"https:\/\/evertonfc.cz\/wp-content\/uploads\/2021\/02\/Turner_Christiansen_vs_Birmingham_web_7_2_2021.jpg","articleSection":["Everton Women"],"inLanguage":"cs","potentialAction":[{"@type":"CommentAction","name":"Comment","target":["https:\/\/evertonfc.cz\/index.php\/2021\/02\/09\/everton-w-birmingham-city-w-11\/#respond"]}]},{"@type":"WebPage","@id":"https:\/\/evertonfc.cz\/index.php\/2021\/02\/09\/everton-w-birmingham-city-w-11\/","url":"https:\/\/evertonfc.cz\/index.php\/2021\/02\/09\/everton-w-birmingham-city-w-11\/","name":"Everton W - Birmingham City W 1:1 - Official Czech &amp; Slovak Everton Supporters&#039; Club","isPartOf":{"@id":"https:\/\/evertonfc.cz\/#website"},"primaryImageOfPage":{"@id":"https:\/\/evertonfc.cz\/index.php\/2021\/02\/09\/everton-w-birmingham-city-w-11\/#primaryimage"},"image":{"@id":"https:\/\/evertonfc.cz\/index.php\/2021\/02\/09\/everton-w-birmingham-city-w-11\/#primaryimage"},"thumbnailUrl":"https:\/\/evertonfc.cz\/wp-content\/uploads\/2021\/02\/Turner_Christiansen_vs_Birmingham_web_7_2_2021.jpg","datePublished":"2021-02-09T09:00:08+00:00","dateModified":"2021-02-10T19:28:46+00:00","description":"\u010cerstv\u00fd v\u00edtr ned\u011bln\u00edho odpoledne p\u0159iv\u00e1l na Walton Hall Park n\u00e1v\u0161t\u011bvnice z Birminghamu a s nimi i nemilou rem\u00edzu 1:1.","breadcrumb":{"@id":"https:\/\/evertonfc.cz\/index.php\/2021\/02\/09\/everton-w-birmingham-city-w-11\/#breadcrumb"},"inLanguage":"cs","potentialAction":[{"@type":"ReadAction","target":["https:\/\/evertonfc.cz\/index.php\/2021\/02\/09\/everton-w-birmingham-city-w-11\/"]}]},{"@type":"ImageObject","inLanguage":"cs","@id":"https:\/\/evertonfc.cz\/index.php\/2021\/02\/09\/everton-w-birmingham-city-w-11\/#primaryimage","url":"https:\/\/evertonfc.cz\/wp-content\/uploads\/2021\/02\/Turner_Christiansen_vs_Birmingham_web_7_2_2021.jpg","contentUrl":"https:\/\/evertonfc.cz\/wp-content\/uploads\/2021\/02\/Turner_Christiansen_vs_Birmingham_web_7_2_2021.jpg","width":720,"height":405},{"@type":"BreadcrumbList","@id":"https:\/\/evertonfc.cz\/index.php\/2021\/02\/09\/everton-w-birmingham-city-w-11\/#breadcrumb","itemListElement":[{"@type":"ListItem","position":1,"name":"Home","item":"https:\/\/evertonfc.cz\/"},{"@type":"ListItem","position":2,"name":"Everton W &#8211; Birmingham City W 1:1"}]},{"@type":"WebSite","@id":"https:\/\/evertonfc.cz\/#website","url":"https:\/\/evertonfc.cz\/","name":"Official Czech &amp; Slovak Everton Supporters&#039; Club","description":"","publisher":{"@id":"https:\/\/evertonfc.cz\/#organization"},"potentialAction":[{"@type":"SearchAction","target":{"@type":"EntryPoint","urlTemplate":"https:\/\/evertonfc.cz\/?s={search_term_string}"},"query-input":{"@type":"PropertyValueSpecification","valueRequired":true,"valueName":"search_term_string"}}],"inLanguage":"cs"},{"@type":"Organization","@id":"https:\/\/evertonfc.cz\/#organization","name":"Official Czech & Slovak Everton Supporters' Club","url":"https:\/\/evertonfc.cz\/","logo":{"@type":"ImageObject","inLanguage":"cs","@id":"https:\/\/evertonfc.cz\/#\/schema\/logo\/image\/","url":"https:\/\/evertonfc.cz\/wp-content\/uploads\/2019\/05\/logo.png","contentUrl":"https:\/\/evertonfc.cz\/wp-content\/uploads\/2019\/05\/logo.png","width":112,"height":112,"caption":"Official Czech & Slovak Everton Supporters' Club"},"image":{"@id":"https:\/\/evertonfc.cz\/#\/schema\/logo\/image\/"},"sameAs":["https:\/\/www.facebook.com\/everton.fans.cz.sk"]},{"@type":"Person","@id":"https:\/\/evertonfc.cz\/#\/schema\/person\/e9a24a80a32efa1344dd2c4e5882185c","name":"Karamela","url":"https:\/\/evertonfc.cz\/index.php\/author\/karamela\/"}]}},"_links":{"self":[{"href":"https:\/\/evertonfc.cz\/index.php\/wp-json\/wp\/v2\/posts\/14029"}],"collection":[{"href":"https:\/\/evertonfc.cz\/index.php\/wp-json\/wp\/v2\/posts"}],"about":[{"href":"https:\/\/evertonfc.cz\/index.php\/wp-json\/wp\/v2\/types\/post"}],"author":[{"embeddable":true,"href":"https:\/\/evertonfc.cz\/index.php\/wp-json\/wp\/v2\/users\/26"}],"replies":[{"embeddable":true,"href":"https:\/\/evertonfc.cz\/index.php\/wp-json\/wp\/v2\/comments?post=14029"}],"version-history":[{"count":16,"href":"https:\/\/evertonfc.cz\/index.php\/wp-json\/wp\/v2\/posts\/14029\/revisions"}],"predecessor-version":[{"id":14066,"href":"https:\/\/evertonfc.cz\/index.php\/wp-json\/wp\/v2\/posts\/14029\/revisions\/14066"}],"wp:featuredmedia":[{"embeddable":true,"href":"https:\/\/evertonfc.cz\/index.php\/wp-json\/wp\/v2\/media\/14032"}],"wp:attachment":[{"href":"https:\/\/evertonfc.cz\/index.php\/wp-json\/wp\/v2\/media?parent=14029"}],"wp:term":[{"taxonomy":"category","embeddable":true,"href":"https:\/\/evertonfc.cz\/index.php\/wp-json\/wp\/v2\/categories?post=14029"},{"taxonomy":"post_tag","embeddable":true,"href":"https:\/\/evertonfc.cz\/index.php\/wp-json\/wp\/v2\/tags?post=14029"}],"curies":[{"name":"wp","href":"https:\/\/api.w.org\/{rel}","templated":true}]}}