{"id":1403,"date":"2018-11-10T21:11:27","date_gmt":"2018-11-10T20:11:27","guid":{"rendered":"http:\/\/evertonfc.cz\/?p=1403"},"modified":"2019-01-22T21:19:30","modified_gmt":"2019-01-22T20:19:30","slug":"preview-chelsea-everton","status":"publish","type":"post","link":"https:\/\/evertonfc.cz\/index.php\/2018\/11\/10\/preview-chelsea-everton\/","title":{"rendered":"Preview: Chelsea &#8211; Everton"},"content":{"rendered":"<h4>Siln\u011bj\u0161\u00edho soupe\u0159e Toffees letos nepotkali. Chelsea s nov\u00fdm italsk\u00fdm strat\u00e9gem na lavi\u010dce (a odchovancem Evertonu v sestav\u011b) pat\u0159\u00ed k nejv\u011bt\u0161\u00edm p\u0159ekvapen\u00edm aktu\u00e1ln\u00edho ro\u010dn\u00edku anglick\u00e9 nejvy\u0161\u0161\u00ed sout\u011b\u017ee.<\/h4>\n<div id=\"NewsPostDetailContent\">\n<p>Lond\u00fdn\u0161t\u00ed se sice ji\u017e p\u016fldruhou dek\u00e1du hl\u00e1s\u00ed k anglick\u00e9 \u0161pi\u010dce, po letn\u00ed v\u00fdm\u011bn\u011b na mana\u017eersk\u00e9 pozici, kdy odvolan\u00e9ho Conteho nahradil jeho krajan Maurizio Sarri, se v\u0161ak obecn\u011b p\u0159edpokl\u00e1dalo, \u017ee Premier League nedotknut\u00fd Sarri bude pot\u0159ebovat \u010das na aklimatizaci, a proto by mu\u017estvo po jeho p\u0159\u00edchodu\u00a0mohlo pab\u011brkovat.<\/p>\n<p>Opak je v\u0161ak pravdou. Jeho propracovan\u00fd styl fotbalu, jen\u017e si vyslou\u017eil pojmenov\u00e1n\u00ed\u00a0<em>Sarri-ball<\/em>, se stal \u00fa\u010dinn\u00fdm t\u00e9m\u011b\u0159 okam\u017eit\u011b. S p\u0159\u00edchodem kl\u00ed\u010dov\u00e9ho st\u0159edopola\u0159e Jorginha mohl 59let\u00fd Ital implementovat hru zalo\u017eenou na dr\u017een\u00ed m\u00ed\u010de na \u00fato\u010dn\u00e9 polovin\u011b a intenzivn\u00edm presinku, kter\u00fd podporuje vysoko pohybuj\u00edc\u00ed se obrann\u00e1 \u0159ada.<\/p>\n<p>Chelsea je jedin\u00fdm t\u00fdmem z p\u011bti nejlep\u0161\u00edch evropsk\u00fdch lig, kter\u00fd v leto\u0161n\u00ed sez\u00f3n\u011b neprohr\u00e1l sout\u011b\u017en\u00ed utk\u00e1n\u00ed. V sedmn\u00e1cti duelech zv\u00edt\u011bzila hned \u010dtn\u00e1ctkr\u00e1t a t\u0159ikr\u00e1t remizovala. V\u00fdsledkem je druh\u00e9 m\u00edsto v tabulce Premier League jen o dva body za vedouc\u00edm Manchesterem City a dv\u011b kola p\u0159ed koncem z\u00e1kladn\u00ed skupiny Evropsk\u00e9 ligy jist\u00fd postup do jej\u00ed jarn\u00ed vy\u0159azovac\u00ed f\u00e1ze, kter\u00fd byl stvrzen \u010dtvrte\u010dn\u00edm triumfem 1:0 na p\u016fd\u011b b\u011blorusk\u00e9ho BATE.<\/p>\n<p>Rajsk\u00e1 hudba pro fanou\u0161ky Chelsea nab\u00edr\u00e1 na hlasitosti p\u0159i zamy\u0161len\u00ed, \u017ee s\u00a0postupuj\u00edc\u00edm \u010dasem bude m\u00edt Sarri, kter\u00fd lp\u00ed na preciznosti, mo\u017enost sv\u016fj styl je\u0161t\u011b vypilovat. Je rovn\u011b\u017e pravd\u011bpodobn\u00e9, \u017ee v\u00a0zimn\u00edm p\u0159estupov\u00e9m okn\u011b bude veden\u00ed klubu \u0159e\u0161it nep\u0159\u00edznivou situaci v\u00a0\u00fatoku. Giroud ani Morata, t\u0159eba\u017ee ten p\u0159ed t\u00fddnem v\u00a0duelu s\u00a0Crystal Palace sk\u00f3roval dvakr\u00e1t, neprokazuj\u00ed dostate\u010dnou kvalitu zaujmout roli \u00fato\u010dn\u00edka v\u00a0t\u00fdmu, kter\u00fd c\u00edl\u00ed na anglick\u00fd mistrovsk\u00fd titul.<\/p>\n<p>Pikantnost duelu dod\u00e1v\u00e1 osoba Rosse Barkleyho. 24let\u00fd z\u00e1lo\u017en\u00edk se, diplomaticky \u0159e\u010deno, chov\u00e1 v\u016f\u010di sv\u00e9mu mate\u0159sk\u00e9ho klubu trochu netaktn\u011b, a tak se v\u00a0ned\u011bli odpoledne jen t\u011b\u017eko do\u010dk\u00e1 v\u0159el\u00e9ho p\u0159iv\u00edt\u00e1n\u00ed od hostuj\u00edc\u00edho sektoru. Na druhou stranu nelze opomenout\u00a0<a href=\"https:\/\/www.youtube.com\/watch?v=U3fBHCY3dtc\" target=\"_blank\" rel=\"noopener\">Barkleyho progres<\/a>, v\u00a0leto\u0161n\u00edch deseti ligov\u00fdch z\u00e1pasech vst\u0159elil t\u0159i branky a na dal\u0161\u00ed t\u0159i p\u0159ihr\u00e1l. Vypad\u00e1 to, \u017ee ze sv\u00e9 hry odstranil naivitu a zapracoval na efektivit\u011b. V\u00a0Chelsea se moment\u00e1ln\u011b \u0159ad\u00ed do z\u00e1kladn\u00ed sestavy a v\u00a0t\u0159\u00ed\u010dlenn\u00e9 z\u00e1loze nastupuje po boku Kant\u00e9ho a Jorginha, p\u0159i\u010dem\u017e Matea Kova\u010di\u0107e, posilu z\u00a0Realu Madrid, vystrnadil na lavi\u010dku n\u00e1hradn\u00edk\u016f. To vskutku nen\u00ed \u0161patn\u00e1 spole\u010dnost.<\/p>\n<p>Utk\u00e1n\u00ed s\u00a0Chelsea bude pro Everton t\u0159et\u00edm leto\u0161n\u00edm soubojem s t\u00fdmem z elitn\u00ed \u0161estky, z\u00a0v\u00fdjezd\u016f na h\u0159i\u0161t\u011b Arsenalu i Manchesteru United se p\u0159itom vr\u00e1til s pr\u00e1zdnou. A (t\u0159\u00ed)bodov\u00e9 nad\u011bji nep\u0159eje ani dal\u0161\u00ed statistika, na Stamford Bridge v lize nevyhr\u00e1l od roku 1994.<\/p>\n<p>O absenci stopera Kurta Zoumy se v\u011bd\u011blo u\u017e dlouho dop\u0159edu, jako kmenov\u00fd hr\u00e1\u010d Chelsea nem\u00e1 proti sv\u00e9mu prim\u00e1rn\u00edmu chlebod\u00e1rci dovoleno nazout kopa\u010dky. Francouze v\u00a0z\u00e1kladn\u00ed sestav\u011b nejsp\u00ed\u0161e nahrad\u00ed Yerry Mina, jen\u017e prvn\u00edch 90 minut za Everton odehr\u00e1l teprve v\u00a0\u00fatern\u00edm p\u0159\u00e1telsk\u00e9m utk\u00e1n\u00ed s\u00a0ke\u0148sk\u00fdm celkem Gor Mahia. Variantou by ale mohla b\u00fdt i zm\u011bna rozestaven\u00ed se t\u0159emi stopery, v\u00a0tom p\u0159\u00edpad\u011b by Silva je\u0161t\u011b uk\u00e1zal na jednoho z\u00a0dvojice Jagielka-Holgate, \u010dili zku\u0161enosti, nebo ml\u00e1d\u00ed.<\/p>\n<p>Ot\u00e1zkou je zdravotn\u00ed stav Richarlisona. Z\u00a0poveden\u00e9ho utk\u00e1n\u00ed s\u00a0Brightonem, v\u00a0n\u011bm\u017e se p\u0159ed t\u00fddnem bl\u00fdskl dv\u011bma g\u00f3ly, si odnesl men\u0161\u00ed zran\u011bn\u00ed nohy a moment\u00e1ln\u011b tr\u00e9nuje individu\u00e1ln\u011b. O jeho startu rozhodnou nejbli\u017e\u0161\u00ed hodiny. Nejlep\u0161\u00edho st\u0159elce Toffees by na hrotu mohl zastoupit Cenk Tosun, nebo Dominic Calvert-Lewin. Do z\u00e1kladn\u00ed sestavy se v\u0161ak dere i st\u00e1le lep\u0161\u00edc\u00ed se Lookman, jeho\u017e konkurent Walcott neopl\u00fdv\u00e1 dobrou formou, na druhou stranu se ale t\u011b\u0161\u00ed p\u0159\u00edzni mana\u017eera Silvy.<\/p>\n<p>Prav\u00e9ho obr\u00e1nce Kennyho st\u00e1le tr\u00e1p\u00ed bolav\u00e9 stehno a k\u00a0dispozici bude nejsp\u00ed\u0161e a\u017e po reprezenta\u010dn\u00edm ok\u00e9nku. Na stran\u011b dom\u00e1c\u00edch je ohro\u017een start n\u00e1hradn\u00edka Fabregase, jeho\u017e su\u017euje nachlazen\u00ed.<\/p>\n<p>Utk\u00e1n\u00ed vys\u00edl\u00e1 p\u0159\u00edm\u00fdm p\u0159enosem stanice Digi sport 4.<\/p>\n<p><strong>Co:<\/strong>\u00a0Chelsea FC &#8211; Everton FC, 12. kolo Premier League<br \/>\n<strong>Kdy:<\/strong>\u00a011. 11. 2018 od 15:15 SE\u010c<br \/>\n<strong>Kde:<\/strong>\u00a0Stamford Bridge, Fulham Road, Lond\u00fdn (kapacita: 41 631)<br \/>\n<strong>Rozhod\u010d\u00ed:<\/strong>\u00a0Kevin Friend<\/p>\n<\/div>\n","protected":false},"excerpt":{"rendered":"<p>Siln\u011bj\u0161\u00edho soupe\u0159e Toffees letos nepotkali. Chelsea s nov\u00fdm italsk\u00fdm strat\u00e9gem na lavi\u010dce (a odchovancem Evertonu v sestav\u011b) pat\u0159\u00ed k nejv\u011bt\u0161\u00edm&hellip;<\/p>\n","protected":false},"author":6,"featured_media":1377,"comment_status":"open","ping_status":"closed","sticky":false,"template":"","format":"standard","meta":{"_eb_attr":"","_monsterinsights_skip_tracking":false,"_monsterinsights_sitenote_active":false,"_monsterinsights_sitenote_note":"","_monsterinsights_sitenote_category":0,"footnotes":""},"categories":[4],"tags":[],"yoast_head":"<!-- This site is optimized with the Yoast SEO plugin v23.4 - https:\/\/yoast.com\/wordpress\/plugins\/seo\/ -->\n<title>Preview: Chelsea - Everton - Official Czech &amp; Slovak Everton Supporters&#039; Club<\/title>\n<meta name=\"robots\" content=\"index, follow, max-snippet:-1, max-image-preview:large, max-video-preview:-1\" \/>\n<link rel=\"canonical\" href=\"https:\/\/evertonfc.cz\/index.php\/2018\/11\/10\/preview-chelsea-everton\/\" \/>\n<meta property=\"og:locale\" content=\"cs_CZ\" \/>\n<meta property=\"og:type\" content=\"article\" \/>\n<meta property=\"og:title\" content=\"Preview: Chelsea - Everton - Official Czech &amp; Slovak Everton Supporters&#039; Club\" \/>\n<meta property=\"og:description\" content=\"Siln\u011bj\u0161\u00edho soupe\u0159e Toffees letos nepotkali. Chelsea s nov\u00fdm italsk\u00fdm strat\u00e9gem na lavi\u010dce (a odchovancem Evertonu v sestav\u011b) pat\u0159\u00ed k nejv\u011bt\u0161\u00edm&hellip;\" \/>\n<meta property=\"og:url\" content=\"https:\/\/evertonfc.cz\/index.php\/2018\/11\/10\/preview-chelsea-everton\/\" \/>\n<meta property=\"og:site_name\" content=\"Official Czech &amp; Slovak Everton Supporters&#039; Club\" \/>\n<meta property=\"article:publisher\" content=\"https:\/\/www.facebook.com\/everton.fans.cz.sk\" \/>\n<meta property=\"article:published_time\" content=\"2018-11-10T20:11:27+00:00\" \/>\n<meta property=\"article:modified_time\" content=\"2019-01-22T20:19:30+00:00\" \/>\n<meta property=\"og:image\" content=\"https:\/\/evertonfc.cz\/wp-content\/uploads\/2019\/01\/barkley_10_11_2018.jpg\" \/>\n\t<meta property=\"og:image:width\" content=\"720\" \/>\n\t<meta property=\"og:image:height\" content=\"405\" \/>\n\t<meta property=\"og:image:type\" content=\"image\/jpeg\" \/>\n<meta name=\"author\" content=\"Ri\u010di\" \/>\n<meta name=\"twitter:card\" content=\"summary_large_image\" \/>\n<meta name=\"twitter:creator\" content=\"@rbrejsa\" \/>\n<meta name=\"twitter:label1\" content=\"Napsal(a)\" \/>\n\t<meta name=\"twitter:data1\" content=\"Ri\u010di\" \/>\n\t<meta name=\"twitter:label2\" content=\"Odhadovan\u00e1 doba \u010dten\u00ed\" \/>\n\t<meta name=\"twitter:data2\" content=\"4 minuty\" \/>\n<script type=\"application\/ld+json\" class=\"yoast-schema-graph\">{\"@context\":\"https:\/\/schema.org\",\"@graph\":[{\"@type\":\"Article\",\"@id\":\"https:\/\/evertonfc.cz\/index.php\/2018\/11\/10\/preview-chelsea-everton\/#article\",\"isPartOf\":{\"@id\":\"https:\/\/evertonfc.cz\/index.php\/2018\/11\/10\/preview-chelsea-everton\/\"},\"author\":{\"name\":\"Ri\u010di\",\"@id\":\"https:\/\/evertonfc.cz\/#\/schema\/person\/f7a5daedb2ffee98480bc70e191aaef1\"},\"headline\":\"Preview: Chelsea &#8211; Everton\",\"datePublished\":\"2018-11-10T20:11:27+00:00\",\"dateModified\":\"2019-01-22T20:19:30+00:00\",\"mainEntityOfPage\":{\"@id\":\"https:\/\/evertonfc.cz\/index.php\/2018\/11\/10\/preview-chelsea-everton\/\"},\"wordCount\":830,\"commentCount\":0,\"publisher\":{\"@id\":\"https:\/\/evertonfc.cz\/#organization\"},\"image\":{\"@id\":\"https:\/\/evertonfc.cz\/index.php\/2018\/11\/10\/preview-chelsea-everton\/#primaryimage\"},\"thumbnailUrl\":\"https:\/\/evertonfc.cz\/wp-content\/uploads\/2019\/01\/barkley_10_11_2018.jpg\",\"articleSection\":[\"Z\u00e1pasy\"],\"inLanguage\":\"cs\",\"potentialAction\":[{\"@type\":\"CommentAction\",\"name\":\"Comment\",\"target\":[\"https:\/\/evertonfc.cz\/index.php\/2018\/11\/10\/preview-chelsea-everton\/#respond\"]}]},{\"@type\":\"WebPage\",\"@id\":\"https:\/\/evertonfc.cz\/index.php\/2018\/11\/10\/preview-chelsea-everton\/\",\"url\":\"https:\/\/evertonfc.cz\/index.php\/2018\/11\/10\/preview-chelsea-everton\/\",\"name\":\"Preview: Chelsea - Everton - Official Czech &amp; Slovak Everton Supporters&#039; Club\",\"isPartOf\":{\"@id\":\"https:\/\/evertonfc.cz\/#website\"},\"primaryImageOfPage\":{\"@id\":\"https:\/\/evertonfc.cz\/index.php\/2018\/11\/10\/preview-chelsea-everton\/#primaryimage\"},\"image\":{\"@id\":\"https:\/\/evertonfc.cz\/index.php\/2018\/11\/10\/preview-chelsea-everton\/#primaryimage\"},\"thumbnailUrl\":\"https:\/\/evertonfc.cz\/wp-content\/uploads\/2019\/01\/barkley_10_11_2018.jpg\",\"datePublished\":\"2018-11-10T20:11:27+00:00\",\"dateModified\":\"2019-01-22T20:19:30+00:00\",\"breadcrumb\":{\"@id\":\"https:\/\/evertonfc.cz\/index.php\/2018\/11\/10\/preview-chelsea-everton\/#breadcrumb\"},\"inLanguage\":\"cs\",\"potentialAction\":[{\"@type\":\"ReadAction\",\"target\":[\"https:\/\/evertonfc.cz\/index.php\/2018\/11\/10\/preview-chelsea-everton\/\"]}]},{\"@type\":\"ImageObject\",\"inLanguage\":\"cs\",\"@id\":\"https:\/\/evertonfc.cz\/index.php\/2018\/11\/10\/preview-chelsea-everton\/#primaryimage\",\"url\":\"https:\/\/evertonfc.cz\/wp-content\/uploads\/2019\/01\/barkley_10_11_2018.jpg\",\"contentUrl\":\"https:\/\/evertonfc.cz\/wp-content\/uploads\/2019\/01\/barkley_10_11_2018.jpg\",\"width\":720,\"height\":405},{\"@type\":\"BreadcrumbList\",\"@id\":\"https:\/\/evertonfc.cz\/index.php\/2018\/11\/10\/preview-chelsea-everton\/#breadcrumb\",\"itemListElement\":[{\"@type\":\"ListItem\",\"position\":1,\"name\":\"Home\",\"item\":\"https:\/\/evertonfc.cz\/\"},{\"@type\":\"ListItem\",\"position\":2,\"name\":\"Preview: Chelsea &#8211; Everton\"}]},{\"@type\":\"WebSite\",\"@id\":\"https:\/\/evertonfc.cz\/#website\",\"url\":\"https:\/\/evertonfc.cz\/\",\"name\":\"Official Czech &amp; Slovak Everton Supporters&#039; Club\",\"description\":\"\",\"publisher\":{\"@id\":\"https:\/\/evertonfc.cz\/#organization\"},\"potentialAction\":[{\"@type\":\"SearchAction\",\"target\":{\"@type\":\"EntryPoint\",\"urlTemplate\":\"https:\/\/evertonfc.cz\/?s={search_term_string}\"},\"query-input\":{\"@type\":\"PropertyValueSpecification\",\"valueRequired\":true,\"valueName\":\"search_term_string\"}}],\"inLanguage\":\"cs\"},{\"@type\":\"Organization\",\"@id\":\"https:\/\/evertonfc.cz\/#organization\",\"name\":\"Official Czech & Slovak Everton Supporters' Club\",\"url\":\"https:\/\/evertonfc.cz\/\",\"logo\":{\"@type\":\"ImageObject\",\"inLanguage\":\"cs\",\"@id\":\"https:\/\/evertonfc.cz\/#\/schema\/logo\/image\/\",\"url\":\"https:\/\/evertonfc.cz\/wp-content\/uploads\/2019\/05\/logo.png\",\"contentUrl\":\"https:\/\/evertonfc.cz\/wp-content\/uploads\/2019\/05\/logo.png\",\"width\":112,\"height\":112,\"caption\":\"Official Czech & Slovak Everton Supporters' Club\"},\"image\":{\"@id\":\"https:\/\/evertonfc.cz\/#\/schema\/logo\/image\/\"},\"sameAs\":[\"https:\/\/www.facebook.com\/everton.fans.cz.sk\"]},{\"@type\":\"Person\",\"@id\":\"https:\/\/evertonfc.cz\/#\/schema\/person\/f7a5daedb2ffee98480bc70e191aaef1\",\"name\":\"Ri\u010di\",\"sameAs\":[\"https:\/\/x.com\/rbrejsa\"],\"url\":\"https:\/\/evertonfc.cz\/index.php\/author\/rici\/\"}]}<\/script>\n<!-- \/ Yoast SEO plugin. -->","yoast_head_json":{"title":"Preview: Chelsea - Everton - Official Czech &amp; Slovak Everton Supporters&#039; Club","robots":{"index":"index","follow":"follow","max-snippet":"max-snippet:-1","max-image-preview":"max-image-preview:large","max-video-preview":"max-video-preview:-1"},"canonical":"https:\/\/evertonfc.cz\/index.php\/2018\/11\/10\/preview-chelsea-everton\/","og_locale":"cs_CZ","og_type":"article","og_title":"Preview: Chelsea - Everton - Official Czech &amp; Slovak Everton Supporters&#039; Club","og_description":"Siln\u011bj\u0161\u00edho soupe\u0159e Toffees letos nepotkali. Chelsea s nov\u00fdm italsk\u00fdm strat\u00e9gem na lavi\u010dce (a odchovancem Evertonu v sestav\u011b) pat\u0159\u00ed k nejv\u011bt\u0161\u00edm&hellip;","og_url":"https:\/\/evertonfc.cz\/index.php\/2018\/11\/10\/preview-chelsea-everton\/","og_site_name":"Official Czech &amp; Slovak Everton Supporters&#039; Club","article_publisher":"https:\/\/www.facebook.com\/everton.fans.cz.sk","article_published_time":"2018-11-10T20:11:27+00:00","article_modified_time":"2019-01-22T20:19:30+00:00","og_image":[{"width":720,"height":405,"url":"https:\/\/evertonfc.cz\/wp-content\/uploads\/2019\/01\/barkley_10_11_2018.jpg","type":"image\/jpeg"}],"author":"Ri\u010di","twitter_card":"summary_large_image","twitter_creator":"@rbrejsa","twitter_misc":{"Napsal(a)":"Ri\u010di","Odhadovan\u00e1 doba \u010dten\u00ed":"4 minuty"},"schema":{"@context":"https:\/\/schema.org","@graph":[{"@type":"Article","@id":"https:\/\/evertonfc.cz\/index.php\/2018\/11\/10\/preview-chelsea-everton\/#article","isPartOf":{"@id":"https:\/\/evertonfc.cz\/index.php\/2018\/11\/10\/preview-chelsea-everton\/"},"author":{"name":"Ri\u010di","@id":"https:\/\/evertonfc.cz\/#\/schema\/person\/f7a5daedb2ffee98480bc70e191aaef1"},"headline":"Preview: Chelsea &#8211; Everton","datePublished":"2018-11-10T20:11:27+00:00","dateModified":"2019-01-22T20:19:30+00:00","mainEntityOfPage":{"@id":"https:\/\/evertonfc.cz\/index.php\/2018\/11\/10\/preview-chelsea-everton\/"},"wordCount":830,"commentCount":0,"publisher":{"@id":"https:\/\/evertonfc.cz\/#organization"},"image":{"@id":"https:\/\/evertonfc.cz\/index.php\/2018\/11\/10\/preview-chelsea-everton\/#primaryimage"},"thumbnailUrl":"https:\/\/evertonfc.cz\/wp-content\/uploads\/2019\/01\/barkley_10_11_2018.jpg","articleSection":["Z\u00e1pasy"],"inLanguage":"cs","potentialAction":[{"@type":"CommentAction","name":"Comment","target":["https:\/\/evertonfc.cz\/index.php\/2018\/11\/10\/preview-chelsea-everton\/#respond"]}]},{"@type":"WebPage","@id":"https:\/\/evertonfc.cz\/index.php\/2018\/11\/10\/preview-chelsea-everton\/","url":"https:\/\/evertonfc.cz\/index.php\/2018\/11\/10\/preview-chelsea-everton\/","name":"Preview: Chelsea - Everton - Official Czech &amp; Slovak Everton Supporters&#039; Club","isPartOf":{"@id":"https:\/\/evertonfc.cz\/#website"},"primaryImageOfPage":{"@id":"https:\/\/evertonfc.cz\/index.php\/2018\/11\/10\/preview-chelsea-everton\/#primaryimage"},"image":{"@id":"https:\/\/evertonfc.cz\/index.php\/2018\/11\/10\/preview-chelsea-everton\/#primaryimage"},"thumbnailUrl":"https:\/\/evertonfc.cz\/wp-content\/uploads\/2019\/01\/barkley_10_11_2018.jpg","datePublished":"2018-11-10T20:11:27+00:00","dateModified":"2019-01-22T20:19:30+00:00","breadcrumb":{"@id":"https:\/\/evertonfc.cz\/index.php\/2018\/11\/10\/preview-chelsea-everton\/#breadcrumb"},"inLanguage":"cs","potentialAction":[{"@type":"ReadAction","target":["https:\/\/evertonfc.cz\/index.php\/2018\/11\/10\/preview-chelsea-everton\/"]}]},{"@type":"ImageObject","inLanguage":"cs","@id":"https:\/\/evertonfc.cz\/index.php\/2018\/11\/10\/preview-chelsea-everton\/#primaryimage","url":"https:\/\/evertonfc.cz\/wp-content\/uploads\/2019\/01\/barkley_10_11_2018.jpg","contentUrl":"https:\/\/evertonfc.cz\/wp-content\/uploads\/2019\/01\/barkley_10_11_2018.jpg","width":720,"height":405},{"@type":"BreadcrumbList","@id":"https:\/\/evertonfc.cz\/index.php\/2018\/11\/10\/preview-chelsea-everton\/#breadcrumb","itemListElement":[{"@type":"ListItem","position":1,"name":"Home","item":"https:\/\/evertonfc.cz\/"},{"@type":"ListItem","position":2,"name":"Preview: Chelsea &#8211; Everton"}]},{"@type":"WebSite","@id":"https:\/\/evertonfc.cz\/#website","url":"https:\/\/evertonfc.cz\/","name":"Official Czech &amp; Slovak Everton Supporters&#039; Club","description":"","publisher":{"@id":"https:\/\/evertonfc.cz\/#organization"},"potentialAction":[{"@type":"SearchAction","target":{"@type":"EntryPoint","urlTemplate":"https:\/\/evertonfc.cz\/?s={search_term_string}"},"query-input":{"@type":"PropertyValueSpecification","valueRequired":true,"valueName":"search_term_string"}}],"inLanguage":"cs"},{"@type":"Organization","@id":"https:\/\/evertonfc.cz\/#organization","name":"Official Czech & Slovak Everton Supporters' Club","url":"https:\/\/evertonfc.cz\/","logo":{"@type":"ImageObject","inLanguage":"cs","@id":"https:\/\/evertonfc.cz\/#\/schema\/logo\/image\/","url":"https:\/\/evertonfc.cz\/wp-content\/uploads\/2019\/05\/logo.png","contentUrl":"https:\/\/evertonfc.cz\/wp-content\/uploads\/2019\/05\/logo.png","width":112,"height":112,"caption":"Official Czech & Slovak Everton Supporters' Club"},"image":{"@id":"https:\/\/evertonfc.cz\/#\/schema\/logo\/image\/"},"sameAs":["https:\/\/www.facebook.com\/everton.fans.cz.sk"]},{"@type":"Person","@id":"https:\/\/evertonfc.cz\/#\/schema\/person\/f7a5daedb2ffee98480bc70e191aaef1","name":"Ri\u010di","sameAs":["https:\/\/x.com\/rbrejsa"],"url":"https:\/\/evertonfc.cz\/index.php\/author\/rici\/"}]}},"_links":{"self":[{"href":"https:\/\/evertonfc.cz\/index.php\/wp-json\/wp\/v2\/posts\/1403"}],"collection":[{"href":"https:\/\/evertonfc.cz\/index.php\/wp-json\/wp\/v2\/posts"}],"about":[{"href":"https:\/\/evertonfc.cz\/index.php\/wp-json\/wp\/v2\/types\/post"}],"author":[{"embeddable":true,"href":"https:\/\/evertonfc.cz\/index.php\/wp-json\/wp\/v2\/users\/6"}],"replies":[{"embeddable":true,"href":"https:\/\/evertonfc.cz\/index.php\/wp-json\/wp\/v2\/comments?post=1403"}],"version-history":[{"count":1,"href":"https:\/\/evertonfc.cz\/index.php\/wp-json\/wp\/v2\/posts\/1403\/revisions"}],"predecessor-version":[{"id":1404,"href":"https:\/\/evertonfc.cz\/index.php\/wp-json\/wp\/v2\/posts\/1403\/revisions\/1404"}],"wp:featuredmedia":[{"embeddable":true,"href":"https:\/\/evertonfc.cz\/index.php\/wp-json\/wp\/v2\/media\/1377"}],"wp:attachment":[{"href":"https:\/\/evertonfc.cz\/index.php\/wp-json\/wp\/v2\/media?parent=1403"}],"wp:term":[{"taxonomy":"category","embeddable":true,"href":"https:\/\/evertonfc.cz\/index.php\/wp-json\/wp\/v2\/categories?post=1403"},{"taxonomy":"post_tag","embeddable":true,"href":"https:\/\/evertonfc.cz\/index.php\/wp-json\/wp\/v2\/tags?post=1403"}],"curies":[{"name":"wp","href":"https:\/\/api.w.org\/{rel}","templated":true}]}}