{"id":1405,"date":"2018-11-09T21:12:19","date_gmt":"2018-11-09T20:12:19","guid":{"rendered":"http:\/\/evertonfc.cz\/?p=1405"},"modified":"2019-01-22T21:19:05","modified_gmt":"2019-01-22T20:19:05","slug":"akademie-evertonu-potrestana","status":"publish","type":"post","link":"https:\/\/evertonfc.cz\/index.php\/2018\/11\/09\/akademie-evertonu-potrestana\/","title":{"rendered":"Akademie Evertonu potrest\u00e1na"},"content":{"rendered":"<h4>Everton v nejbli\u017e\u0161\u00edch 18 m\u011bs\u00edc\u00edch nesm\u00ed p\u0159iv\u00e1d\u011bt posily do akademie a mus\u00ed zaplatit pokutu ve v\u00fd\u0161i 500 tis\u00edc liber. Tak zn\u00ed verdikt veden\u00ed Premier League, je\u017e ho potrestala za poru\u0161ov\u00e1n\u00ed pravidel p\u0159i rekrutov\u00e1n\u00ed nejmenovan\u00e9ho mlad\u00e9ho hr\u00e1\u010de z Cardiffu City.<\/h4>\n<p>Premier League rovn\u011b\u017e uvedla, \u017ee Everton v\u00a0minulosti pod\u00e1val nepravdiv\u00e9 informace na t\u00e9ma registrace hr\u00e1\u010d\u016f ve sv\u00e9 akademii.<\/p>\n<p>Hlavn\u00edm inici\u00e1torem podvodn\u00e9ho p\u0159etahov\u00e1n\u00ed hr\u00e1\u010d\u016f byl Martin Waldron, vedouc\u00ed n\u00e1boru v akademii Toffees. Ten nab\u00edzel rodin\u00e1m talentovan\u00fdch fotbalist\u016f r\u016fzn\u00e9 dodate\u010dn\u00e9 v\u00fdhody. A\u010dkoliv trest byl vynesen zejm\u00e9na za nekal\u00e9 praktiky p\u0159i snaze z\u00edskat mlad\u00edka z\u00a0Cardiffu, podle vlastn\u00edch zji\u0161t\u011bn\u00ed Evertonu se jeho zam\u011bstnanci provinili i v\u00a0dal\u0161\u00edch \u0161esti p\u0159\u00edpadech.<\/p>\n<p>V p\u0159\u00edpad\u011b chlapce ve v\u011bku okolo 11 let, kter\u00fd p\u016fsobil v Cardiffu (dnes ji\u017e hraje v Manchesteru United), se pr\u00fd jednalo o v\u00fdhody jako zprost\u0159edkov\u00e1n\u00ed jeho z\u00e1pisu do \u0161koly spolupracuj\u00edci s Evertonem, pokryt\u00ed n\u00e1jmu jeho rodinn\u00e9ho domu a m\u011bs\u00ed\u010dn\u00ed kapesn\u00e9 dosahuj\u00edc\u00ed 600 liber.<\/p>\n<p>Everton v ofici\u00e1ln\u00edm prohl\u00e1\u0161en\u00ed p\u0159iznal vinu a vyj\u00e1d\u0159il svou hlubokou omluvu. Nav\u00edc d\u00e1le povede vnit\u0159n\u00ed vy\u0161et\u0159ov\u00e1n\u00ed cel\u00e9ho p\u0159\u00edpadu v\u010detn\u011b vysl\u00fdch\u00e1n\u00ed Martina Waldrona, kter\u00e9ho u\u017e v z\u00e1\u0159\u00ed po vznesen\u00ed obvin\u011bn\u00ed do\u010dasn\u011b suspendoval.<\/p>\n<p>Z\u00e1kaz se t\u00fdk\u00e1 p\u0159iv\u00e1d\u011bn\u00ed hr\u00e1\u010d\u016f z klub\u016f hraj\u00edc\u00ed Premier League a ligu EFL, do n\u00ed\u017e pat\u0159\u00ed druh\u00e1 a\u017e \u010dtvrt\u00e1 nejvy\u0161\u0161\u00ed anglick\u00e1 sout\u011b\u017e.<\/p>\n<p>Loni byli za podobn\u00e9 provin\u011bn\u00ed potrest\u00e1ni Manchester City a Liverpool, p\u0159i\u010dem\u017e manchestersk\u00fd celek se sna\u017eil ne\u010destn\u00fdmi zp\u016fsoby z\u00edskat mlad\u00edka z\u00a0Evertonu.<\/p>\n","protected":false},"excerpt":{"rendered":"<p>Everton v nejbli\u017e\u0161\u00edch 18 m\u011bs\u00edc\u00edch nesm\u00ed p\u0159iv\u00e1d\u011bt posily do akademie a mus\u00ed zaplatit pokutu ve v\u00fd\u0161i 500 tis\u00edc liber. Tak&hellip;<\/p>\n","protected":false},"author":6,"featured_media":1379,"comment_status":"open","ping_status":"closed","sticky":false,"template":"","format":"standard","meta":{"_eb_attr":"","_monsterinsights_skip_tracking":false,"_monsterinsights_sitenote_active":false,"_monsterinsights_sitenote_note":"","_monsterinsights_sitenote_category":0,"footnotes":""},"categories":[42],"tags":[],"yoast_head":"<!-- This site is optimized with the Yoast SEO plugin v23.4 - https:\/\/yoast.com\/wordpress\/plugins\/seo\/ -->\n<title>Akademie Evertonu potrest\u00e1na - Official Czech &amp; Slovak Everton Supporters&#039; Club<\/title>\n<meta name=\"robots\" content=\"index, follow, max-snippet:-1, max-image-preview:large, max-video-preview:-1\" \/>\n<link rel=\"canonical\" href=\"https:\/\/evertonfc.cz\/index.php\/2018\/11\/09\/akademie-evertonu-potrestana\/\" \/>\n<meta property=\"og:locale\" content=\"cs_CZ\" \/>\n<meta property=\"og:type\" content=\"article\" \/>\n<meta property=\"og:title\" content=\"Akademie Evertonu potrest\u00e1na - Official Czech &amp; Slovak Everton Supporters&#039; Club\" \/>\n<meta property=\"og:description\" content=\"Everton v nejbli\u017e\u0161\u00edch 18 m\u011bs\u00edc\u00edch nesm\u00ed p\u0159iv\u00e1d\u011bt posily do akademie a mus\u00ed zaplatit pokutu ve v\u00fd\u0161i 500 tis\u00edc liber. Tak&hellip;\" \/>\n<meta property=\"og:url\" content=\"https:\/\/evertonfc.cz\/index.php\/2018\/11\/09\/akademie-evertonu-potrestana\/\" \/>\n<meta property=\"og:site_name\" content=\"Official Czech &amp; Slovak Everton Supporters&#039; Club\" \/>\n<meta property=\"article:publisher\" content=\"https:\/\/www.facebook.com\/everton.fans.cz.sk\" \/>\n<meta property=\"article:published_time\" content=\"2018-11-09T20:12:19+00:00\" \/>\n<meta property=\"article:modified_time\" content=\"2019-01-22T20:19:05+00:00\" \/>\n<meta property=\"og:image\" content=\"https:\/\/evertonfc.cz\/wp-content\/uploads\/2019\/01\/everton_9_11_2018.jpg\" \/>\n\t<meta property=\"og:image:width\" content=\"720\" \/>\n\t<meta property=\"og:image:height\" content=\"405\" \/>\n\t<meta property=\"og:image:type\" content=\"image\/jpeg\" \/>\n<meta name=\"author\" content=\"Ri\u010di\" \/>\n<meta name=\"twitter:card\" content=\"summary_large_image\" \/>\n<meta name=\"twitter:creator\" content=\"@rbrejsa\" \/>\n<meta name=\"twitter:label1\" content=\"Napsal(a)\" \/>\n\t<meta name=\"twitter:data1\" content=\"Ri\u010di\" \/>\n\t<meta name=\"twitter:label2\" content=\"Odhadovan\u00e1 doba \u010dten\u00ed\" \/>\n\t<meta name=\"twitter:data2\" content=\"2 minuty\" \/>\n<script type=\"application\/ld+json\" class=\"yoast-schema-graph\">{\"@context\":\"https:\/\/schema.org\",\"@graph\":[{\"@type\":\"Article\",\"@id\":\"https:\/\/evertonfc.cz\/index.php\/2018\/11\/09\/akademie-evertonu-potrestana\/#article\",\"isPartOf\":{\"@id\":\"https:\/\/evertonfc.cz\/index.php\/2018\/11\/09\/akademie-evertonu-potrestana\/\"},\"author\":{\"name\":\"Ri\u010di\",\"@id\":\"https:\/\/evertonfc.cz\/#\/schema\/person\/f7a5daedb2ffee98480bc70e191aaef1\"},\"headline\":\"Akademie Evertonu potrest\u00e1na\",\"datePublished\":\"2018-11-09T20:12:19+00:00\",\"dateModified\":\"2019-01-22T20:19:05+00:00\",\"mainEntityOfPage\":{\"@id\":\"https:\/\/evertonfc.cz\/index.php\/2018\/11\/09\/akademie-evertonu-potrestana\/\"},\"wordCount\":312,\"commentCount\":0,\"publisher\":{\"@id\":\"https:\/\/evertonfc.cz\/#organization\"},\"image\":{\"@id\":\"https:\/\/evertonfc.cz\/index.php\/2018\/11\/09\/akademie-evertonu-potrestana\/#primaryimage\"},\"thumbnailUrl\":\"https:\/\/evertonfc.cz\/wp-content\/uploads\/2019\/01\/everton_9_11_2018.jpg\",\"articleSection\":[\"Aktuality\"],\"inLanguage\":\"cs\",\"potentialAction\":[{\"@type\":\"CommentAction\",\"name\":\"Comment\",\"target\":[\"https:\/\/evertonfc.cz\/index.php\/2018\/11\/09\/akademie-evertonu-potrestana\/#respond\"]}]},{\"@type\":\"WebPage\",\"@id\":\"https:\/\/evertonfc.cz\/index.php\/2018\/11\/09\/akademie-evertonu-potrestana\/\",\"url\":\"https:\/\/evertonfc.cz\/index.php\/2018\/11\/09\/akademie-evertonu-potrestana\/\",\"name\":\"Akademie Evertonu potrest\u00e1na - Official Czech &amp; Slovak Everton Supporters&#039; Club\",\"isPartOf\":{\"@id\":\"https:\/\/evertonfc.cz\/#website\"},\"primaryImageOfPage\":{\"@id\":\"https:\/\/evertonfc.cz\/index.php\/2018\/11\/09\/akademie-evertonu-potrestana\/#primaryimage\"},\"image\":{\"@id\":\"https:\/\/evertonfc.cz\/index.php\/2018\/11\/09\/akademie-evertonu-potrestana\/#primaryimage\"},\"thumbnailUrl\":\"https:\/\/evertonfc.cz\/wp-content\/uploads\/2019\/01\/everton_9_11_2018.jpg\",\"datePublished\":\"2018-11-09T20:12:19+00:00\",\"dateModified\":\"2019-01-22T20:19:05+00:00\",\"breadcrumb\":{\"@id\":\"https:\/\/evertonfc.cz\/index.php\/2018\/11\/09\/akademie-evertonu-potrestana\/#breadcrumb\"},\"inLanguage\":\"cs\",\"potentialAction\":[{\"@type\":\"ReadAction\",\"target\":[\"https:\/\/evertonfc.cz\/index.php\/2018\/11\/09\/akademie-evertonu-potrestana\/\"]}]},{\"@type\":\"ImageObject\",\"inLanguage\":\"cs\",\"@id\":\"https:\/\/evertonfc.cz\/index.php\/2018\/11\/09\/akademie-evertonu-potrestana\/#primaryimage\",\"url\":\"https:\/\/evertonfc.cz\/wp-content\/uploads\/2019\/01\/everton_9_11_2018.jpg\",\"contentUrl\":\"https:\/\/evertonfc.cz\/wp-content\/uploads\/2019\/01\/everton_9_11_2018.jpg\",\"width\":720,\"height\":405},{\"@type\":\"BreadcrumbList\",\"@id\":\"https:\/\/evertonfc.cz\/index.php\/2018\/11\/09\/akademie-evertonu-potrestana\/#breadcrumb\",\"itemListElement\":[{\"@type\":\"ListItem\",\"position\":1,\"name\":\"Home\",\"item\":\"https:\/\/evertonfc.cz\/\"},{\"@type\":\"ListItem\",\"position\":2,\"name\":\"Akademie Evertonu potrest\u00e1na\"}]},{\"@type\":\"WebSite\",\"@id\":\"https:\/\/evertonfc.cz\/#website\",\"url\":\"https:\/\/evertonfc.cz\/\",\"name\":\"Official Czech &amp; Slovak Everton Supporters&#039; Club\",\"description\":\"\",\"publisher\":{\"@id\":\"https:\/\/evertonfc.cz\/#organization\"},\"potentialAction\":[{\"@type\":\"SearchAction\",\"target\":{\"@type\":\"EntryPoint\",\"urlTemplate\":\"https:\/\/evertonfc.cz\/?s={search_term_string}\"},\"query-input\":{\"@type\":\"PropertyValueSpecification\",\"valueRequired\":true,\"valueName\":\"search_term_string\"}}],\"inLanguage\":\"cs\"},{\"@type\":\"Organization\",\"@id\":\"https:\/\/evertonfc.cz\/#organization\",\"name\":\"Official Czech & Slovak Everton Supporters' Club\",\"url\":\"https:\/\/evertonfc.cz\/\",\"logo\":{\"@type\":\"ImageObject\",\"inLanguage\":\"cs\",\"@id\":\"https:\/\/evertonfc.cz\/#\/schema\/logo\/image\/\",\"url\":\"https:\/\/evertonfc.cz\/wp-content\/uploads\/2019\/05\/logo.png\",\"contentUrl\":\"https:\/\/evertonfc.cz\/wp-content\/uploads\/2019\/05\/logo.png\",\"width\":112,\"height\":112,\"caption\":\"Official Czech & Slovak Everton Supporters' Club\"},\"image\":{\"@id\":\"https:\/\/evertonfc.cz\/#\/schema\/logo\/image\/\"},\"sameAs\":[\"https:\/\/www.facebook.com\/everton.fans.cz.sk\"]},{\"@type\":\"Person\",\"@id\":\"https:\/\/evertonfc.cz\/#\/schema\/person\/f7a5daedb2ffee98480bc70e191aaef1\",\"name\":\"Ri\u010di\",\"sameAs\":[\"https:\/\/x.com\/rbrejsa\"],\"url\":\"https:\/\/evertonfc.cz\/index.php\/author\/rici\/\"}]}<\/script>\n<!-- \/ Yoast SEO plugin. -->","yoast_head_json":{"title":"Akademie Evertonu potrest\u00e1na - Official Czech &amp; Slovak Everton Supporters&#039; Club","robots":{"index":"index","follow":"follow","max-snippet":"max-snippet:-1","max-image-preview":"max-image-preview:large","max-video-preview":"max-video-preview:-1"},"canonical":"https:\/\/evertonfc.cz\/index.php\/2018\/11\/09\/akademie-evertonu-potrestana\/","og_locale":"cs_CZ","og_type":"article","og_title":"Akademie Evertonu potrest\u00e1na - Official Czech &amp; Slovak Everton Supporters&#039; Club","og_description":"Everton v nejbli\u017e\u0161\u00edch 18 m\u011bs\u00edc\u00edch nesm\u00ed p\u0159iv\u00e1d\u011bt posily do akademie a mus\u00ed zaplatit pokutu ve v\u00fd\u0161i 500 tis\u00edc liber. Tak&hellip;","og_url":"https:\/\/evertonfc.cz\/index.php\/2018\/11\/09\/akademie-evertonu-potrestana\/","og_site_name":"Official Czech &amp; Slovak Everton Supporters&#039; Club","article_publisher":"https:\/\/www.facebook.com\/everton.fans.cz.sk","article_published_time":"2018-11-09T20:12:19+00:00","article_modified_time":"2019-01-22T20:19:05+00:00","og_image":[{"width":720,"height":405,"url":"https:\/\/evertonfc.cz\/wp-content\/uploads\/2019\/01\/everton_9_11_2018.jpg","type":"image\/jpeg"}],"author":"Ri\u010di","twitter_card":"summary_large_image","twitter_creator":"@rbrejsa","twitter_misc":{"Napsal(a)":"Ri\u010di","Odhadovan\u00e1 doba \u010dten\u00ed":"2 minuty"},"schema":{"@context":"https:\/\/schema.org","@graph":[{"@type":"Article","@id":"https:\/\/evertonfc.cz\/index.php\/2018\/11\/09\/akademie-evertonu-potrestana\/#article","isPartOf":{"@id":"https:\/\/evertonfc.cz\/index.php\/2018\/11\/09\/akademie-evertonu-potrestana\/"},"author":{"name":"Ri\u010di","@id":"https:\/\/evertonfc.cz\/#\/schema\/person\/f7a5daedb2ffee98480bc70e191aaef1"},"headline":"Akademie Evertonu potrest\u00e1na","datePublished":"2018-11-09T20:12:19+00:00","dateModified":"2019-01-22T20:19:05+00:00","mainEntityOfPage":{"@id":"https:\/\/evertonfc.cz\/index.php\/2018\/11\/09\/akademie-evertonu-potrestana\/"},"wordCount":312,"commentCount":0,"publisher":{"@id":"https:\/\/evertonfc.cz\/#organization"},"image":{"@id":"https:\/\/evertonfc.cz\/index.php\/2018\/11\/09\/akademie-evertonu-potrestana\/#primaryimage"},"thumbnailUrl":"https:\/\/evertonfc.cz\/wp-content\/uploads\/2019\/01\/everton_9_11_2018.jpg","articleSection":["Aktuality"],"inLanguage":"cs","potentialAction":[{"@type":"CommentAction","name":"Comment","target":["https:\/\/evertonfc.cz\/index.php\/2018\/11\/09\/akademie-evertonu-potrestana\/#respond"]}]},{"@type":"WebPage","@id":"https:\/\/evertonfc.cz\/index.php\/2018\/11\/09\/akademie-evertonu-potrestana\/","url":"https:\/\/evertonfc.cz\/index.php\/2018\/11\/09\/akademie-evertonu-potrestana\/","name":"Akademie Evertonu potrest\u00e1na - Official Czech &amp; Slovak Everton Supporters&#039; Club","isPartOf":{"@id":"https:\/\/evertonfc.cz\/#website"},"primaryImageOfPage":{"@id":"https:\/\/evertonfc.cz\/index.php\/2018\/11\/09\/akademie-evertonu-potrestana\/#primaryimage"},"image":{"@id":"https:\/\/evertonfc.cz\/index.php\/2018\/11\/09\/akademie-evertonu-potrestana\/#primaryimage"},"thumbnailUrl":"https:\/\/evertonfc.cz\/wp-content\/uploads\/2019\/01\/everton_9_11_2018.jpg","datePublished":"2018-11-09T20:12:19+00:00","dateModified":"2019-01-22T20:19:05+00:00","breadcrumb":{"@id":"https:\/\/evertonfc.cz\/index.php\/2018\/11\/09\/akademie-evertonu-potrestana\/#breadcrumb"},"inLanguage":"cs","potentialAction":[{"@type":"ReadAction","target":["https:\/\/evertonfc.cz\/index.php\/2018\/11\/09\/akademie-evertonu-potrestana\/"]}]},{"@type":"ImageObject","inLanguage":"cs","@id":"https:\/\/evertonfc.cz\/index.php\/2018\/11\/09\/akademie-evertonu-potrestana\/#primaryimage","url":"https:\/\/evertonfc.cz\/wp-content\/uploads\/2019\/01\/everton_9_11_2018.jpg","contentUrl":"https:\/\/evertonfc.cz\/wp-content\/uploads\/2019\/01\/everton_9_11_2018.jpg","width":720,"height":405},{"@type":"BreadcrumbList","@id":"https:\/\/evertonfc.cz\/index.php\/2018\/11\/09\/akademie-evertonu-potrestana\/#breadcrumb","itemListElement":[{"@type":"ListItem","position":1,"name":"Home","item":"https:\/\/evertonfc.cz\/"},{"@type":"ListItem","position":2,"name":"Akademie Evertonu potrest\u00e1na"}]},{"@type":"WebSite","@id":"https:\/\/evertonfc.cz\/#website","url":"https:\/\/evertonfc.cz\/","name":"Official Czech &amp; Slovak Everton Supporters&#039; Club","description":"","publisher":{"@id":"https:\/\/evertonfc.cz\/#organization"},"potentialAction":[{"@type":"SearchAction","target":{"@type":"EntryPoint","urlTemplate":"https:\/\/evertonfc.cz\/?s={search_term_string}"},"query-input":{"@type":"PropertyValueSpecification","valueRequired":true,"valueName":"search_term_string"}}],"inLanguage":"cs"},{"@type":"Organization","@id":"https:\/\/evertonfc.cz\/#organization","name":"Official Czech & Slovak Everton Supporters' Club","url":"https:\/\/evertonfc.cz\/","logo":{"@type":"ImageObject","inLanguage":"cs","@id":"https:\/\/evertonfc.cz\/#\/schema\/logo\/image\/","url":"https:\/\/evertonfc.cz\/wp-content\/uploads\/2019\/05\/logo.png","contentUrl":"https:\/\/evertonfc.cz\/wp-content\/uploads\/2019\/05\/logo.png","width":112,"height":112,"caption":"Official Czech & Slovak Everton Supporters' Club"},"image":{"@id":"https:\/\/evertonfc.cz\/#\/schema\/logo\/image\/"},"sameAs":["https:\/\/www.facebook.com\/everton.fans.cz.sk"]},{"@type":"Person","@id":"https:\/\/evertonfc.cz\/#\/schema\/person\/f7a5daedb2ffee98480bc70e191aaef1","name":"Ri\u010di","sameAs":["https:\/\/x.com\/rbrejsa"],"url":"https:\/\/evertonfc.cz\/index.php\/author\/rici\/"}]}},"_links":{"self":[{"href":"https:\/\/evertonfc.cz\/index.php\/wp-json\/wp\/v2\/posts\/1405"}],"collection":[{"href":"https:\/\/evertonfc.cz\/index.php\/wp-json\/wp\/v2\/posts"}],"about":[{"href":"https:\/\/evertonfc.cz\/index.php\/wp-json\/wp\/v2\/types\/post"}],"author":[{"embeddable":true,"href":"https:\/\/evertonfc.cz\/index.php\/wp-json\/wp\/v2\/users\/6"}],"replies":[{"embeddable":true,"href":"https:\/\/evertonfc.cz\/index.php\/wp-json\/wp\/v2\/comments?post=1405"}],"version-history":[{"count":1,"href":"https:\/\/evertonfc.cz\/index.php\/wp-json\/wp\/v2\/posts\/1405\/revisions"}],"predecessor-version":[{"id":1406,"href":"https:\/\/evertonfc.cz\/index.php\/wp-json\/wp\/v2\/posts\/1405\/revisions\/1406"}],"wp:featuredmedia":[{"embeddable":true,"href":"https:\/\/evertonfc.cz\/index.php\/wp-json\/wp\/v2\/media\/1379"}],"wp:attachment":[{"href":"https:\/\/evertonfc.cz\/index.php\/wp-json\/wp\/v2\/media?parent=1405"}],"wp:term":[{"taxonomy":"category","embeddable":true,"href":"https:\/\/evertonfc.cz\/index.php\/wp-json\/wp\/v2\/categories?post=1405"},{"taxonomy":"post_tag","embeddable":true,"href":"https:\/\/evertonfc.cz\/index.php\/wp-json\/wp\/v2\/tags?post=1405"}],"curies":[{"name":"wp","href":"https:\/\/api.w.org\/{rel}","templated":true}]}}