{"id":1411,"date":"2018-11-04T21:15:52","date_gmt":"2018-11-04T20:15:52","guid":{"rendered":"http:\/\/evertonfc.cz\/?p=1411"},"modified":"2022-05-11T07:54:07","modified_gmt":"2022-05-11T05:54:07","slug":"everton-brighton-hove-31","status":"publish","type":"post","link":"https:\/\/evertonfc.cz\/index.php\/2018\/11\/04\/everton-brighton-hove-31\/","title":{"rendered":"Everton &#8211; Brighton &#038; Hove Albion 3:1"},"content":{"rendered":"<h4>Everton se po proh\u0159e na h\u0159i\u0161ti Manchesteru United vr\u00e1til na v\u00edt\u011bznou vlnu. Snad nejlep\u0161\u00edm v\u00fdkonem v\u00a0sez\u00f3n\u011b porazil rozjet\u00fd Brighton, kter\u00fd t\u0159emi \u0159\u00edjnov\u00fdmi z\u00e1pasy proplul bez ztr\u00e1ty body a obdr\u017een\u00e9ho g\u00f3lu.<\/h4>\n<p>Marco Silva pokra\u010doval v d\u016fv\u011b\u0159e stejn\u00e9 z\u00e1kladn\u00ed sestav\u011b, kterou volil v posledn\u00edch t\u00fddnech. M\u00edsto si tak udr\u017eel i nap\u0159\u00edklad kritizovan\u00fd Theo Walcott.<\/p>\n<p>Toffees dost\u00e1li slov sv\u00e9ho mana\u017eera a do sv\u00e9ho soupe\u0159e se pustili u\u017e od prvn\u00ed minuty. Defenziva Brightonu se sice v \u0159\u00edjnu prezentovala skv\u011bl\u00fdmi v\u00fdkony, v\u00ed\u0159iv\u00e9 akce dom\u00e1c\u00edch ji ale zp\u016fsobovaly pot\u00ed\u017ee. V \u00favodn\u00edch minut\u00e1ch se zast\u0159eloval Sigurdsson, jen\u017ee po nab\u00eddce Colemana ani druh\u00e9ho krajn\u00edho obr\u00e1nce Digneho nedok\u00e1zal trefit prostor mezi t\u0159emi ty\u010demi.<\/p>\n<p>Kdy\u017e to Islan\u010fanovi ne\u0161lo st\u0159elecky, p\u0159em\u011bnil se do role nahr\u00e1va\u010de. V 26. minut\u011b Everton odvr\u00e1til rohov\u00fd kop a u\u010debnicov\u00fd proti\u00fatok pot\u00e1hl pr\u00e1v\u011b Sigurdsson, jen\u017e si p\u0159ed v\u00e1pnem vym\u011bnil m\u00ed\u010d s Bernardem, a posl\u00e9ze kr\u00e1snou p\u0159ihr\u00e1vkou vyb\u00eddl ke sk\u00f3rov\u00e1n\u00ed Richarlisona, kter\u00fd k\u0159i\u017enou ranou p\u0159idal svou p\u00e1tou ligovou branku sez\u00f3ny &#8211;\u00a0<strong>1:0<\/strong>. Nicm\u00e9n\u011b pocit z dobr\u00e9ho v\u00fdkonu a zaslou\u017een\u00e9ho veden\u00ed dlouho netrval. V 33. minut\u011b March poslal centr do v\u00e1pna a Zouma nedok\u00e1zal pohl\u00eddat hlavi\u010dkuj\u00edc\u00edho stopera Dunka &#8211;\u00a0<strong>1:1<\/strong>.<\/p>\n<p>Jestli\u017ee Toffees m\u00ed\u0159ili k polo\u010dasov\u00e9 p\u0159est\u00e1vce zachmu\u0159en\u00ed z okam\u017eit\u00e9 ztr\u00e1ty n\u00e1skoku, hned na za\u010d\u00e1tku druh\u00e9ho polo\u010dasu si vzali veden\u00ed zp\u011bt. V 50. minut\u011b se Coleman zmocnil opu\u0161t\u011bn\u00e9ho m\u00ed\u010de za v\u00e1pnem a bez del\u0161\u00edho rozm\u00fd\u0161len\u00ed vyprodukoval p\u0159\u00edzemn\u00ed st\u0159elu, je\u017e zapadla do vzd\u00e1len\u011bj\u0161\u00edho doln\u00edho rohu branky &#8211;\u00a0<strong>2:1<\/strong>. G\u00f3lov\u00e1 oslava Colemana \u2013 coby odpov\u011b\u010f na kritiku ve\u0159ejnosti jeho posledn\u00edch v\u00fdkon\u016f \u2013 byla v\u00fdmluvn\u00e1.<\/p>\n<p>Vst\u0159elen\u00e1 branka pochopiteln\u011b p\u0159inesla jak klid na kopa\u010dky dom\u00e1c\u00edch hr\u00e1\u010d\u016f, tak do du\u0161\u00ed p\u0159\u00edtomn\u00fdch v\u00a0hledi\u0161ti, v\u017edy\u0165 kdo by nepamatoval nerv\u00f3zn\u00ed utk\u00e1n\u00ed s\u00a0Crystalem Palace, kter\u00e9 p\u0159ed dv\u011bma t\u00fddny Everton rozhodl a\u017e v\u00a0z\u00e1v\u011bre\u010dn\u00fdch minut\u00e1ch. Dne\u0161ek v\u0161ak Blues dohr\u00e1vali v\u00a0jistot\u011b zisku t\u0159\u00ed bod\u016f, kterou pe\u010detil v\u00a077. minut\u011b mu\u017e z\u00e1pasu Richarlison. Brazilsk\u00fd reprezentant vystihl rozehr\u00e1vku Dunka, v\u00a0pln\u00e9 rychlosti si obhodil druh\u00e9ho stopera Duffyho a po kli\u010dce brank\u00e1\u0159ovi Ryanovi zakon\u010doval do pr\u00e1zdn\u00e9 br\u00e1ny &#8211;\u00a0<strong>3:1<\/strong>. Ho\u0159kosladk\u00e1 pozn\u00e1mka: Inu, nen\u00ed Brazilec jako Brazilec p\u0159ed polopr\u00e1zdnou brankou.<\/p>\n<p>V\u00a0sam\u00e9m z\u00e1v\u011bru debutoval Yerry Mina, jen\u017e u\u017e vyhl\u00ed\u017e\u00ed p\u0159\u00ed\u0161t\u00ed v\u00edkend a v\u00fdjezd na h\u0159i\u0161t\u011b Chelsea. Tehdy si toti\u017e s\u00a0nejv\u011bt\u0161\u00ed pravd\u011bpodobnost\u00ed odbyde premi\u00e9ru v\u00a0z\u00e1kladn\u00ed sestav\u011b, v\u00a0n\u00ed\u017e nahrad\u00ed kmenov\u00e9ho hr\u00e1\u010de Chelsea Zoumu. Bude Mina odpov\u011bd\u00ed na probl\u00e9my Evertonu p\u0159i br\u00e1n\u011bn\u00ed centr\u016f? I p\u0159es velmi poveden\u00fd v\u00fdkon nelze zapomenout, \u017ee tento defenzivn\u00ed nedostatek st\u00e1le tr\u00e1p\u00ed mu\u017estvo Marca Silvy.<\/p>\n<p><strong>Branky:<\/strong>\u00a026. a 77. Richarlison, 50. S\u00e9amus Coleman &#8211; 33. Lewis Dunk<\/p>\n<p><strong>\u017dK:<\/strong>\u00a010. Lewis Dunk<\/p>\n<p><strong>Everton:<\/strong> Jordan Pickford &#8211; S\u00e9amus Coleman, Lucas Digne, Kurt Zouma, Michael Keane, Gylfi Sigurdsson (90. Yerry Mina), Idrissa Gueye, Bernard (68. Ademola Lookman), Andr\u00e9 Gomes, Theo Walcott (85. Dominic Calvert-Lewin), Richarlison<\/p>\n<p><strong>Brighton:<\/strong> Mathew Ryan &#8211; Ga\u00ebtan Bong, Bruno, Shane Duffy, Lewis Dunk, Dale Stephens, Biram Kayal (78. Florin Andone), Solly March (70. Yves Bissouma), Glenn Murray, Jos\u00e9 Izquierdo (63. Anthony Knockaert), Alireza Jahanbakhsh<\/p>\n<p><strong>Rozhod\u010d\u00ed:<\/strong> David Coote\u00a0 <strong>Div\u00e1ci:<\/strong>\u00a038 96<\/p>\n","protected":false},"excerpt":{"rendered":"<p>Everton se po proh\u0159e na h\u0159i\u0161ti Manchesteru United vr\u00e1til na v\u00edt\u011bznou vlnu. Snad nejlep\u0161\u00edm v\u00fdkonem v\u00a0sez\u00f3n\u011b porazil rozjet\u00fd Brighton, kter\u00fd&hellip;<\/p>\n","protected":false},"author":6,"featured_media":1378,"comment_status":"open","ping_status":"closed","sticky":false,"template":"","format":"standard","meta":{"_eb_attr":"","_monsterinsights_skip_tracking":false,"_monsterinsights_sitenote_active":false,"_monsterinsights_sitenote_note":"","_monsterinsights_sitenote_category":0,"footnotes":""},"categories":[4],"tags":[],"yoast_head":"<!-- This site is optimized with the Yoast SEO plugin v23.4 - https:\/\/yoast.com\/wordpress\/plugins\/seo\/ -->\n<title>Everton - Brighton &amp; Hove Albion 3:1 - Official Czech &amp; Slovak Everton Supporters&#039; Club<\/title>\n<meta name=\"robots\" content=\"index, follow, max-snippet:-1, max-image-preview:large, max-video-preview:-1\" \/>\n<link rel=\"canonical\" href=\"https:\/\/evertonfc.cz\/index.php\/2018\/11\/04\/everton-brighton-hove-31\/\" \/>\n<meta property=\"og:locale\" content=\"cs_CZ\" \/>\n<meta property=\"og:type\" content=\"article\" \/>\n<meta property=\"og:title\" content=\"Everton - Brighton &amp; Hove Albion 3:1 - Official Czech &amp; Slovak Everton Supporters&#039; Club\" \/>\n<meta property=\"og:description\" content=\"Everton se po proh\u0159e na h\u0159i\u0161ti Manchesteru United vr\u00e1til na v\u00edt\u011bznou vlnu. Snad nejlep\u0161\u00edm v\u00fdkonem v\u00a0sez\u00f3n\u011b porazil rozjet\u00fd Brighton, kter\u00fd&hellip;\" \/>\n<meta property=\"og:url\" content=\"https:\/\/evertonfc.cz\/index.php\/2018\/11\/04\/everton-brighton-hove-31\/\" \/>\n<meta property=\"og:site_name\" content=\"Official Czech &amp; Slovak Everton Supporters&#039; Club\" \/>\n<meta property=\"article:publisher\" content=\"https:\/\/www.facebook.com\/everton.fans.cz.sk\" \/>\n<meta property=\"article:published_time\" content=\"2018-11-04T20:15:52+00:00\" \/>\n<meta property=\"article:modified_time\" content=\"2022-05-11T05:54:07+00:00\" \/>\n<meta property=\"og:image\" content=\"https:\/\/evertonfc.cz\/wp-content\/uploads\/2019\/01\/brighton_4_11_2018.jpg\" \/>\n\t<meta property=\"og:image:width\" content=\"720\" \/>\n\t<meta property=\"og:image:height\" content=\"405\" \/>\n\t<meta property=\"og:image:type\" content=\"image\/jpeg\" \/>\n<meta name=\"author\" content=\"Ri\u010di\" \/>\n<meta name=\"twitter:card\" content=\"summary_large_image\" \/>\n<meta name=\"twitter:creator\" content=\"@rbrejsa\" \/>\n<meta name=\"twitter:label1\" content=\"Napsal(a)\" \/>\n\t<meta name=\"twitter:data1\" content=\"Ri\u010di\" \/>\n\t<meta name=\"twitter:label2\" content=\"Odhadovan\u00e1 doba \u010dten\u00ed\" \/>\n\t<meta name=\"twitter:data2\" content=\"3 minuty\" \/>\n<script type=\"application\/ld+json\" class=\"yoast-schema-graph\">{\"@context\":\"https:\/\/schema.org\",\"@graph\":[{\"@type\":\"Article\",\"@id\":\"https:\/\/evertonfc.cz\/index.php\/2018\/11\/04\/everton-brighton-hove-31\/#article\",\"isPartOf\":{\"@id\":\"https:\/\/evertonfc.cz\/index.php\/2018\/11\/04\/everton-brighton-hove-31\/\"},\"author\":{\"name\":\"Ri\u010di\",\"@id\":\"https:\/\/evertonfc.cz\/#\/schema\/person\/f7a5daedb2ffee98480bc70e191aaef1\"},\"headline\":\"Everton &#8211; Brighton &#038; Hove Albion 3:1\",\"datePublished\":\"2018-11-04T20:15:52+00:00\",\"dateModified\":\"2022-05-11T05:54:07+00:00\",\"mainEntityOfPage\":{\"@id\":\"https:\/\/evertonfc.cz\/index.php\/2018\/11\/04\/everton-brighton-hove-31\/\"},\"wordCount\":636,\"commentCount\":0,\"publisher\":{\"@id\":\"https:\/\/evertonfc.cz\/#organization\"},\"image\":{\"@id\":\"https:\/\/evertonfc.cz\/index.php\/2018\/11\/04\/everton-brighton-hove-31\/#primaryimage\"},\"thumbnailUrl\":\"https:\/\/evertonfc.cz\/wp-content\/uploads\/2019\/01\/brighton_4_11_2018.jpg\",\"articleSection\":[\"Z\u00e1pasy\"],\"inLanguage\":\"cs\",\"potentialAction\":[{\"@type\":\"CommentAction\",\"name\":\"Comment\",\"target\":[\"https:\/\/evertonfc.cz\/index.php\/2018\/11\/04\/everton-brighton-hove-31\/#respond\"]}]},{\"@type\":\"WebPage\",\"@id\":\"https:\/\/evertonfc.cz\/index.php\/2018\/11\/04\/everton-brighton-hove-31\/\",\"url\":\"https:\/\/evertonfc.cz\/index.php\/2018\/11\/04\/everton-brighton-hove-31\/\",\"name\":\"Everton - Brighton & Hove Albion 3:1 - Official Czech &amp; Slovak Everton Supporters&#039; Club\",\"isPartOf\":{\"@id\":\"https:\/\/evertonfc.cz\/#website\"},\"primaryImageOfPage\":{\"@id\":\"https:\/\/evertonfc.cz\/index.php\/2018\/11\/04\/everton-brighton-hove-31\/#primaryimage\"},\"image\":{\"@id\":\"https:\/\/evertonfc.cz\/index.php\/2018\/11\/04\/everton-brighton-hove-31\/#primaryimage\"},\"thumbnailUrl\":\"https:\/\/evertonfc.cz\/wp-content\/uploads\/2019\/01\/brighton_4_11_2018.jpg\",\"datePublished\":\"2018-11-04T20:15:52+00:00\",\"dateModified\":\"2022-05-11T05:54:07+00:00\",\"breadcrumb\":{\"@id\":\"https:\/\/evertonfc.cz\/index.php\/2018\/11\/04\/everton-brighton-hove-31\/#breadcrumb\"},\"inLanguage\":\"cs\",\"potentialAction\":[{\"@type\":\"ReadAction\",\"target\":[\"https:\/\/evertonfc.cz\/index.php\/2018\/11\/04\/everton-brighton-hove-31\/\"]}]},{\"@type\":\"ImageObject\",\"inLanguage\":\"cs\",\"@id\":\"https:\/\/evertonfc.cz\/index.php\/2018\/11\/04\/everton-brighton-hove-31\/#primaryimage\",\"url\":\"https:\/\/evertonfc.cz\/wp-content\/uploads\/2019\/01\/brighton_4_11_2018.jpg\",\"contentUrl\":\"https:\/\/evertonfc.cz\/wp-content\/uploads\/2019\/01\/brighton_4_11_2018.jpg\",\"width\":720,\"height\":405},{\"@type\":\"BreadcrumbList\",\"@id\":\"https:\/\/evertonfc.cz\/index.php\/2018\/11\/04\/everton-brighton-hove-31\/#breadcrumb\",\"itemListElement\":[{\"@type\":\"ListItem\",\"position\":1,\"name\":\"Home\",\"item\":\"https:\/\/evertonfc.cz\/\"},{\"@type\":\"ListItem\",\"position\":2,\"name\":\"Everton &#8211; Brighton &#038; Hove Albion 3:1\"}]},{\"@type\":\"WebSite\",\"@id\":\"https:\/\/evertonfc.cz\/#website\",\"url\":\"https:\/\/evertonfc.cz\/\",\"name\":\"Official Czech &amp; Slovak Everton Supporters&#039; Club\",\"description\":\"\",\"publisher\":{\"@id\":\"https:\/\/evertonfc.cz\/#organization\"},\"potentialAction\":[{\"@type\":\"SearchAction\",\"target\":{\"@type\":\"EntryPoint\",\"urlTemplate\":\"https:\/\/evertonfc.cz\/?s={search_term_string}\"},\"query-input\":{\"@type\":\"PropertyValueSpecification\",\"valueRequired\":true,\"valueName\":\"search_term_string\"}}],\"inLanguage\":\"cs\"},{\"@type\":\"Organization\",\"@id\":\"https:\/\/evertonfc.cz\/#organization\",\"name\":\"Official Czech & Slovak Everton Supporters' Club\",\"url\":\"https:\/\/evertonfc.cz\/\",\"logo\":{\"@type\":\"ImageObject\",\"inLanguage\":\"cs\",\"@id\":\"https:\/\/evertonfc.cz\/#\/schema\/logo\/image\/\",\"url\":\"https:\/\/evertonfc.cz\/wp-content\/uploads\/2019\/05\/logo.png\",\"contentUrl\":\"https:\/\/evertonfc.cz\/wp-content\/uploads\/2019\/05\/logo.png\",\"width\":112,\"height\":112,\"caption\":\"Official Czech & Slovak Everton Supporters' Club\"},\"image\":{\"@id\":\"https:\/\/evertonfc.cz\/#\/schema\/logo\/image\/\"},\"sameAs\":[\"https:\/\/www.facebook.com\/everton.fans.cz.sk\"]},{\"@type\":\"Person\",\"@id\":\"https:\/\/evertonfc.cz\/#\/schema\/person\/f7a5daedb2ffee98480bc70e191aaef1\",\"name\":\"Ri\u010di\",\"sameAs\":[\"https:\/\/x.com\/rbrejsa\"],\"url\":\"https:\/\/evertonfc.cz\/index.php\/author\/rici\/\"}]}<\/script>\n<!-- \/ Yoast SEO plugin. -->","yoast_head_json":{"title":"Everton - Brighton & Hove Albion 3:1 - Official Czech &amp; Slovak Everton Supporters&#039; Club","robots":{"index":"index","follow":"follow","max-snippet":"max-snippet:-1","max-image-preview":"max-image-preview:large","max-video-preview":"max-video-preview:-1"},"canonical":"https:\/\/evertonfc.cz\/index.php\/2018\/11\/04\/everton-brighton-hove-31\/","og_locale":"cs_CZ","og_type":"article","og_title":"Everton - Brighton & Hove Albion 3:1 - Official Czech &amp; Slovak Everton Supporters&#039; Club","og_description":"Everton se po proh\u0159e na h\u0159i\u0161ti Manchesteru United vr\u00e1til na v\u00edt\u011bznou vlnu. Snad nejlep\u0161\u00edm v\u00fdkonem v\u00a0sez\u00f3n\u011b porazil rozjet\u00fd Brighton, kter\u00fd&hellip;","og_url":"https:\/\/evertonfc.cz\/index.php\/2018\/11\/04\/everton-brighton-hove-31\/","og_site_name":"Official Czech &amp; Slovak Everton Supporters&#039; Club","article_publisher":"https:\/\/www.facebook.com\/everton.fans.cz.sk","article_published_time":"2018-11-04T20:15:52+00:00","article_modified_time":"2022-05-11T05:54:07+00:00","og_image":[{"width":720,"height":405,"url":"https:\/\/evertonfc.cz\/wp-content\/uploads\/2019\/01\/brighton_4_11_2018.jpg","type":"image\/jpeg"}],"author":"Ri\u010di","twitter_card":"summary_large_image","twitter_creator":"@rbrejsa","twitter_misc":{"Napsal(a)":"Ri\u010di","Odhadovan\u00e1 doba \u010dten\u00ed":"3 minuty"},"schema":{"@context":"https:\/\/schema.org","@graph":[{"@type":"Article","@id":"https:\/\/evertonfc.cz\/index.php\/2018\/11\/04\/everton-brighton-hove-31\/#article","isPartOf":{"@id":"https:\/\/evertonfc.cz\/index.php\/2018\/11\/04\/everton-brighton-hove-31\/"},"author":{"name":"Ri\u010di","@id":"https:\/\/evertonfc.cz\/#\/schema\/person\/f7a5daedb2ffee98480bc70e191aaef1"},"headline":"Everton &#8211; Brighton &#038; Hove Albion 3:1","datePublished":"2018-11-04T20:15:52+00:00","dateModified":"2022-05-11T05:54:07+00:00","mainEntityOfPage":{"@id":"https:\/\/evertonfc.cz\/index.php\/2018\/11\/04\/everton-brighton-hove-31\/"},"wordCount":636,"commentCount":0,"publisher":{"@id":"https:\/\/evertonfc.cz\/#organization"},"image":{"@id":"https:\/\/evertonfc.cz\/index.php\/2018\/11\/04\/everton-brighton-hove-31\/#primaryimage"},"thumbnailUrl":"https:\/\/evertonfc.cz\/wp-content\/uploads\/2019\/01\/brighton_4_11_2018.jpg","articleSection":["Z\u00e1pasy"],"inLanguage":"cs","potentialAction":[{"@type":"CommentAction","name":"Comment","target":["https:\/\/evertonfc.cz\/index.php\/2018\/11\/04\/everton-brighton-hove-31\/#respond"]}]},{"@type":"WebPage","@id":"https:\/\/evertonfc.cz\/index.php\/2018\/11\/04\/everton-brighton-hove-31\/","url":"https:\/\/evertonfc.cz\/index.php\/2018\/11\/04\/everton-brighton-hove-31\/","name":"Everton - Brighton & Hove Albion 3:1 - Official Czech &amp; Slovak Everton Supporters&#039; Club","isPartOf":{"@id":"https:\/\/evertonfc.cz\/#website"},"primaryImageOfPage":{"@id":"https:\/\/evertonfc.cz\/index.php\/2018\/11\/04\/everton-brighton-hove-31\/#primaryimage"},"image":{"@id":"https:\/\/evertonfc.cz\/index.php\/2018\/11\/04\/everton-brighton-hove-31\/#primaryimage"},"thumbnailUrl":"https:\/\/evertonfc.cz\/wp-content\/uploads\/2019\/01\/brighton_4_11_2018.jpg","datePublished":"2018-11-04T20:15:52+00:00","dateModified":"2022-05-11T05:54:07+00:00","breadcrumb":{"@id":"https:\/\/evertonfc.cz\/index.php\/2018\/11\/04\/everton-brighton-hove-31\/#breadcrumb"},"inLanguage":"cs","potentialAction":[{"@type":"ReadAction","target":["https:\/\/evertonfc.cz\/index.php\/2018\/11\/04\/everton-brighton-hove-31\/"]}]},{"@type":"ImageObject","inLanguage":"cs","@id":"https:\/\/evertonfc.cz\/index.php\/2018\/11\/04\/everton-brighton-hove-31\/#primaryimage","url":"https:\/\/evertonfc.cz\/wp-content\/uploads\/2019\/01\/brighton_4_11_2018.jpg","contentUrl":"https:\/\/evertonfc.cz\/wp-content\/uploads\/2019\/01\/brighton_4_11_2018.jpg","width":720,"height":405},{"@type":"BreadcrumbList","@id":"https:\/\/evertonfc.cz\/index.php\/2018\/11\/04\/everton-brighton-hove-31\/#breadcrumb","itemListElement":[{"@type":"ListItem","position":1,"name":"Home","item":"https:\/\/evertonfc.cz\/"},{"@type":"ListItem","position":2,"name":"Everton &#8211; Brighton &#038; Hove Albion 3:1"}]},{"@type":"WebSite","@id":"https:\/\/evertonfc.cz\/#website","url":"https:\/\/evertonfc.cz\/","name":"Official Czech &amp; Slovak Everton Supporters&#039; Club","description":"","publisher":{"@id":"https:\/\/evertonfc.cz\/#organization"},"potentialAction":[{"@type":"SearchAction","target":{"@type":"EntryPoint","urlTemplate":"https:\/\/evertonfc.cz\/?s={search_term_string}"},"query-input":{"@type":"PropertyValueSpecification","valueRequired":true,"valueName":"search_term_string"}}],"inLanguage":"cs"},{"@type":"Organization","@id":"https:\/\/evertonfc.cz\/#organization","name":"Official Czech & Slovak Everton Supporters' Club","url":"https:\/\/evertonfc.cz\/","logo":{"@type":"ImageObject","inLanguage":"cs","@id":"https:\/\/evertonfc.cz\/#\/schema\/logo\/image\/","url":"https:\/\/evertonfc.cz\/wp-content\/uploads\/2019\/05\/logo.png","contentUrl":"https:\/\/evertonfc.cz\/wp-content\/uploads\/2019\/05\/logo.png","width":112,"height":112,"caption":"Official Czech & Slovak Everton Supporters' Club"},"image":{"@id":"https:\/\/evertonfc.cz\/#\/schema\/logo\/image\/"},"sameAs":["https:\/\/www.facebook.com\/everton.fans.cz.sk"]},{"@type":"Person","@id":"https:\/\/evertonfc.cz\/#\/schema\/person\/f7a5daedb2ffee98480bc70e191aaef1","name":"Ri\u010di","sameAs":["https:\/\/x.com\/rbrejsa"],"url":"https:\/\/evertonfc.cz\/index.php\/author\/rici\/"}]}},"_links":{"self":[{"href":"https:\/\/evertonfc.cz\/index.php\/wp-json\/wp\/v2\/posts\/1411"}],"collection":[{"href":"https:\/\/evertonfc.cz\/index.php\/wp-json\/wp\/v2\/posts"}],"about":[{"href":"https:\/\/evertonfc.cz\/index.php\/wp-json\/wp\/v2\/types\/post"}],"author":[{"embeddable":true,"href":"https:\/\/evertonfc.cz\/index.php\/wp-json\/wp\/v2\/users\/6"}],"replies":[{"embeddable":true,"href":"https:\/\/evertonfc.cz\/index.php\/wp-json\/wp\/v2\/comments?post=1411"}],"version-history":[{"count":2,"href":"https:\/\/evertonfc.cz\/index.php\/wp-json\/wp\/v2\/posts\/1411\/revisions"}],"predecessor-version":[{"id":18621,"href":"https:\/\/evertonfc.cz\/index.php\/wp-json\/wp\/v2\/posts\/1411\/revisions\/18621"}],"wp:featuredmedia":[{"embeddable":true,"href":"https:\/\/evertonfc.cz\/index.php\/wp-json\/wp\/v2\/media\/1378"}],"wp:attachment":[{"href":"https:\/\/evertonfc.cz\/index.php\/wp-json\/wp\/v2\/media?parent=1411"}],"wp:term":[{"taxonomy":"category","embeddable":true,"href":"https:\/\/evertonfc.cz\/index.php\/wp-json\/wp\/v2\/categories?post=1411"},{"taxonomy":"post_tag","embeddable":true,"href":"https:\/\/evertonfc.cz\/index.php\/wp-json\/wp\/v2\/tags?post=1411"}],"curies":[{"name":"wp","href":"https:\/\/api.w.org\/{rel}","templated":true}]}}