{"id":14161,"date":"2021-02-15T22:32:55","date_gmt":"2021-02-15T21:32:55","guid":{"rendered":"https:\/\/evertonfc.cz\/?p=14161"},"modified":"2021-02-16T12:17:17","modified_gmt":"2021-02-16T11:17:17","slug":"everton-fulham-02","status":"publish","type":"post","link":"https:\/\/evertonfc.cz\/index.php\/2021\/02\/15\/everton-fulham-02\/","title":{"rendered":"Everton &#8211; Fulham 0:2"},"content":{"rendered":"<h4>Zaslou\u017een\u00e1 v\u00fdhra host\u016f po nejhor\u0161\u00edm v\u00fdkonu dom\u00e1c\u00edch v sez\u00f3n\u011b.<\/h4>\n<p>P\u0159i zran\u011bn\u00ed Calverta-Lewina byl do pozice hro\u0165\u00e1ka obsazen Richarlison, Iwobiho v z\u00e1kladn\u00ed sestav\u011b vyst\u0159\u00eddal Rodr\u00edguez. U host\u016f m\u00e1 Mitrovi\u0107 koronavir, b\u00fdval\u00fd hr\u00e1\u010d Evertonu Lookman tak\u00e9 byl za\u0159azen do z\u00e1kladn\u00ed sestavy. Od za\u010d\u00e1tku m\u011bl Fulham tlak, v prvn\u00ed \u0161anci st\u0159\u00edlel nad b\u0159evno Maja, o chvilku pozd\u011bji se na zadn\u00ed ty\u010di dostal k zakon\u010den\u00ed Aina, ale jeho pokus byl zblokov\u00e1n.<\/p>\n<p>I nad\u00e1le pokra\u010doval tlak host\u016f, ale do n\u011bjak\u00fdch velk\u00fdch \u0161anc\u00ed se nedost\u00e1vali. Davies musel odkop\u00e1vat do autu, pak Reed z t\u00fdmu host\u016f vyst\u0159elil p\u011bkn\u011b, ale netrefil za\u0159\u00edzen\u00ed. Dloub\u00e1k Lookmana odhlavi\u010dkoval Godfrey, pak op\u011bt Lookman p\u0159e\u0161el p\u0159es dva obr\u00e1nce a vyst\u0159elil, ale vedle prav\u00e9 ty\u010de.<\/p>\n<p>\u00dato\u010dn\u00e9 choutky Evertonu? Jeden trest\u0148\u00e1k poslal Sigurdsson vedle, pak se v nejv\u011bt\u0161\u00ed \u0161anci dom\u00e1c\u00edch v cel\u00e9m utk\u00e1n\u00ed ocitl Coleman. P\u0159evzal m\u00ed\u010d ve st\u0159edov\u00e9m kruhu, nikdo ho nenapadal, tak se rozhodl kousek za v\u00e1pnem vyst\u0159elit. M\u00ed\u010d se ot\u0159el o vn\u011bj\u0161\u00ed ty\u010d a \u0161el ven. To byl ale ojedin\u011bl\u00fd v\u00fdk\u0159ik \u00fato\u010dn\u00e9 aktivity, Fulham i nad\u00e1le m\u011bl tlak, ale g\u00f3l do konce polo\u010dasu nedal, dal\u0161\u00ed st\u0159elu mimo si vzal na starosti Lookman. Kdyby na stadionu byli div\u00e1ci, tak dom\u00e1c\u00ed vyp\u00edskaj\u00ed, Everton mohl b\u00fdt r\u00e1d, \u017ee prvn\u00ed p\u016fle skon\u010dila 0:0.<\/p>\n<p>Tento stav ale trval ve druh\u00e9 p\u016fli jen t\u0159i minuty. Aina s Lookmanem vy\u0159adili ze hry uk\u00e1zkovou nar\u00e1\u017ee\u010dkou Doucour\u00e9ho s Colemanem a Maja m\u011bl p\u0159ed sebou jednoduch\u00fd \u00fakol &#8211; trefit branku ze t\u0159\u00ed metr\u016f. S t\u00edm nem\u011bl probl\u00e9m &#8211; <strong>0:1!<\/strong> I nad\u00e1le vypadala hra tak, \u017ee host\u00e9 hraj\u00ed bago a dom\u00e1c\u00ed jsou st\u00e1le uprost\u0159ed.<\/p>\n<p>Loftus-Cheek takhle p\u0159ihr\u00e1l do \u0161ance Lookmanovi, ale ten si v ned\u011bli opravdu nenazul strelky. V 57. minut\u011b provedl Ancelotti st\u0159\u00edd\u00e1n\u00ed, na h\u0159i\u0161t\u011b p\u0159i\u0161el King m\u00edsto Daviese, ale nem\u011blo to efekt. A tak host\u00e9 zv\u00fd\u0161ili. Reed poslal r\u00e1nu z 20 metr\u016f do ty\u010dky, u dor\u00e1\u017eky byl jako prvn\u00ed op\u011bt Maja a pohodln\u011b ze \u010dty\u0159 metr\u016f vs\u00edtil &#8211; <strong>0:2!<\/strong><\/p>\n<p>Dom\u00e1c\u00ed se jak\u017e tak\u017e vzchopili v posledn\u00ed \u010dtvrthodin\u011b, st\u0159elu Sigurdssona musel chytat Ar\u00e9ola nadvakr\u00e1t a Gomesova branka z ofsajdu neplatila. Everton zvl\u00e1dl vyprodukovat s\u00e9rii standardn\u00edch situac\u00ed, nejv\u011bt\u0161\u00ed \u0161anc\u00ed z nich byla hlavi\u010dka Keana, kter\u00e1 ale m\u00ed\u0159ila p\u0159\u00edmo na brank\u00e1\u0159e, ten si p\u0159ipsal snadn\u00fd z\u00e1krok. Utk\u00e1n\u00ed skon\u010dilo \u017elut\u00fdmi kartami pro Keana s Onomahem po vz\u00e1jemn\u00e9 strkanici. Fulham tak vyhr\u00e1l v Goodison Parku poprv\u00e9 ve sv\u00e9 historii, Everton bolestiv\u011b p\u0159ipomn\u011bl platnost onoho p\u0159\u00edslov\u00ed o posv\u00edcen\u00ed.<\/p>\n<h4><strong>Mu\u017e z\u00e1pasu<\/strong><\/h4>\n<p>Vyb\u00edrat mohu pochopiteln\u011b jen mezi hr\u00e1\u010di host\u016f, kandid\u00e1t\u016f je n\u011bkolik, ale je pouze jeden st\u0159elec. M\u00ed\u010d pro nejlep\u0161\u00edho hr\u00e1\u010de utk\u00e1n\u00ed si tak odv\u00e1\u017e\u00ed\u00a0<strong>Maja.<\/strong><\/p>\n<p><strong>Branky:<\/strong>\u00a0<span data-source=\"lightstreamer\" data-grid=\"main\" data-item=\"item_620439\" data-field=\"scorers\">48. a 65. Maja<\/span><\/p>\n<p><strong>Karty:<\/strong>\u00a0<span data-source=\"lightstreamer\" data-grid=\"main\" data-item=\"item_620439\" data-field=\"cards\"> 90+5. Keane \u2013 90+5. Onomah<\/span><\/p>\n<p><strong>Everton FC:<\/strong>\u00a0<span data-source=\"lightstreamer\" data-grid=\"main\" data-item=\"item_620439\" data-field=\"report1\">Olsen \u2013 Coleman (57. Keane), Holgate, Godfrey, Digne \u2013 Doucour\u00e9, Davies (57. King), Gomes \u2013 Rodr\u00edguez (68. Bernard), Sigur\u00f0sson, Richarlison<\/span><\/p>\n<p><strong>Fulham FC:<\/strong>\u00a0<span data-source=\"lightstreamer\" data-grid=\"main\" data-item=\"item_620439\" data-field=\"report2\">Ar\u00e9ola \u2013 Tete, Andersen, Adarabioyo, Aina \u2013 Loftus-Cheek, Reed, Lemina (90+1. Onomah), Lookman (83. Anguissa) \u2013 Decordova-Reid, Maja (73. Cavaleiro)<\/span><\/p>\n<p><strong>Rozhod\u010d\u00ed:\u00a0<\/strong>Andy Madley <strong>Bez div\u00e1k\u016f<\/strong><\/p>\n","protected":false},"excerpt":{"rendered":"<p>Zaslou\u017een\u00e1 v\u00fdhra host\u016f po nejhor\u0161\u00edm v\u00fdkonu dom\u00e1c\u00edch v sez\u00f3n\u011b.<\/p>\n","protected":false},"author":12,"featured_media":14152,"comment_status":"open","ping_status":"closed","sticky":false,"template":"","format":"standard","meta":{"_eb_attr":"","_monsterinsights_skip_tracking":false,"_monsterinsights_sitenote_active":false,"_monsterinsights_sitenote_note":"","_monsterinsights_sitenote_category":0,"footnotes":""},"categories":[4],"tags":[],"yoast_head":"<!-- This site is optimized with the Yoast SEO plugin v23.4 - https:\/\/yoast.com\/wordpress\/plugins\/seo\/ -->\n<title>Everton - Fulham 0:2 - Official Czech &amp; Slovak Everton Supporters&#039; Club<\/title>\n<meta name=\"robots\" content=\"index, follow, max-snippet:-1, max-image-preview:large, max-video-preview:-1\" \/>\n<link rel=\"canonical\" href=\"https:\/\/evertonfc.cz\/index.php\/2021\/02\/15\/everton-fulham-02\/\" \/>\n<meta property=\"og:locale\" content=\"cs_CZ\" \/>\n<meta property=\"og:type\" content=\"article\" \/>\n<meta property=\"og:title\" content=\"Everton - Fulham 0:2 - Official Czech &amp; Slovak Everton Supporters&#039; Club\" \/>\n<meta property=\"og:description\" content=\"Zaslou\u017een\u00e1 v\u00fdhra host\u016f po nejhor\u0161\u00edm v\u00fdkonu dom\u00e1c\u00edch v sez\u00f3n\u011b.\" \/>\n<meta property=\"og:url\" content=\"https:\/\/evertonfc.cz\/index.php\/2021\/02\/15\/everton-fulham-02\/\" \/>\n<meta property=\"og:site_name\" content=\"Official Czech &amp; Slovak Everton Supporters&#039; Club\" \/>\n<meta property=\"article:publisher\" content=\"https:\/\/www.facebook.com\/everton.fans.cz.sk\" \/>\n<meta property=\"article:published_time\" content=\"2021-02-15T21:32:55+00:00\" \/>\n<meta property=\"article:modified_time\" content=\"2021-02-16T11:17:17+00:00\" \/>\n<meta property=\"og:image\" content=\"https:\/\/evertonfc.cz\/wp-content\/uploads\/2021\/02\/Everton-0-2-Fulham-AFP-15-2-2021.jpg\" \/>\n\t<meta property=\"og:image:width\" content=\"720\" \/>\n\t<meta property=\"og:image:height\" content=\"405\" \/>\n\t<meta property=\"og:image:type\" content=\"image\/jpeg\" \/>\n<meta name=\"author\" content=\"Javor\" \/>\n<meta name=\"twitter:card\" content=\"summary_large_image\" \/>\n<meta name=\"twitter:creator\" content=\"@LoudinJan\" \/>\n<meta name=\"twitter:label1\" content=\"Napsal(a)\" \/>\n\t<meta name=\"twitter:data1\" content=\"Javor\" \/>\n\t<meta name=\"twitter:label2\" content=\"Odhadovan\u00e1 doba \u010dten\u00ed\" \/>\n\t<meta name=\"twitter:data2\" content=\"3 minuty\" \/>\n<script type=\"application\/ld+json\" class=\"yoast-schema-graph\">{\"@context\":\"https:\/\/schema.org\",\"@graph\":[{\"@type\":\"Article\",\"@id\":\"https:\/\/evertonfc.cz\/index.php\/2021\/02\/15\/everton-fulham-02\/#article\",\"isPartOf\":{\"@id\":\"https:\/\/evertonfc.cz\/index.php\/2021\/02\/15\/everton-fulham-02\/\"},\"author\":{\"name\":\"Javor\",\"@id\":\"https:\/\/evertonfc.cz\/#\/schema\/person\/b30daf6a5852f4811f8207a17ec1bf78\"},\"headline\":\"Everton &#8211; Fulham 0:2\",\"datePublished\":\"2021-02-15T21:32:55+00:00\",\"dateModified\":\"2021-02-16T11:17:17+00:00\",\"mainEntityOfPage\":{\"@id\":\"https:\/\/evertonfc.cz\/index.php\/2021\/02\/15\/everton-fulham-02\/\"},\"wordCount\":591,\"commentCount\":11,\"publisher\":{\"@id\":\"https:\/\/evertonfc.cz\/#organization\"},\"image\":{\"@id\":\"https:\/\/evertonfc.cz\/index.php\/2021\/02\/15\/everton-fulham-02\/#primaryimage\"},\"thumbnailUrl\":\"https:\/\/evertonfc.cz\/wp-content\/uploads\/2021\/02\/Everton-0-2-Fulham-AFP-15-2-2021.jpg\",\"articleSection\":[\"Z\u00e1pasy\"],\"inLanguage\":\"cs\",\"potentialAction\":[{\"@type\":\"CommentAction\",\"name\":\"Comment\",\"target\":[\"https:\/\/evertonfc.cz\/index.php\/2021\/02\/15\/everton-fulham-02\/#respond\"]}]},{\"@type\":\"WebPage\",\"@id\":\"https:\/\/evertonfc.cz\/index.php\/2021\/02\/15\/everton-fulham-02\/\",\"url\":\"https:\/\/evertonfc.cz\/index.php\/2021\/02\/15\/everton-fulham-02\/\",\"name\":\"Everton - Fulham 0:2 - Official Czech &amp; Slovak Everton Supporters&#039; Club\",\"isPartOf\":{\"@id\":\"https:\/\/evertonfc.cz\/#website\"},\"primaryImageOfPage\":{\"@id\":\"https:\/\/evertonfc.cz\/index.php\/2021\/02\/15\/everton-fulham-02\/#primaryimage\"},\"image\":{\"@id\":\"https:\/\/evertonfc.cz\/index.php\/2021\/02\/15\/everton-fulham-02\/#primaryimage\"},\"thumbnailUrl\":\"https:\/\/evertonfc.cz\/wp-content\/uploads\/2021\/02\/Everton-0-2-Fulham-AFP-15-2-2021.jpg\",\"datePublished\":\"2021-02-15T21:32:55+00:00\",\"dateModified\":\"2021-02-16T11:17:17+00:00\",\"breadcrumb\":{\"@id\":\"https:\/\/evertonfc.cz\/index.php\/2021\/02\/15\/everton-fulham-02\/#breadcrumb\"},\"inLanguage\":\"cs\",\"potentialAction\":[{\"@type\":\"ReadAction\",\"target\":[\"https:\/\/evertonfc.cz\/index.php\/2021\/02\/15\/everton-fulham-02\/\"]}]},{\"@type\":\"ImageObject\",\"inLanguage\":\"cs\",\"@id\":\"https:\/\/evertonfc.cz\/index.php\/2021\/02\/15\/everton-fulham-02\/#primaryimage\",\"url\":\"https:\/\/evertonfc.cz\/wp-content\/uploads\/2021\/02\/Everton-0-2-Fulham-AFP-15-2-2021.jpg\",\"contentUrl\":\"https:\/\/evertonfc.cz\/wp-content\/uploads\/2021\/02\/Everton-0-2-Fulham-AFP-15-2-2021.jpg\",\"width\":720,\"height\":405},{\"@type\":\"BreadcrumbList\",\"@id\":\"https:\/\/evertonfc.cz\/index.php\/2021\/02\/15\/everton-fulham-02\/#breadcrumb\",\"itemListElement\":[{\"@type\":\"ListItem\",\"position\":1,\"name\":\"Home\",\"item\":\"https:\/\/evertonfc.cz\/\"},{\"@type\":\"ListItem\",\"position\":2,\"name\":\"Everton &#8211; Fulham 0:2\"}]},{\"@type\":\"WebSite\",\"@id\":\"https:\/\/evertonfc.cz\/#website\",\"url\":\"https:\/\/evertonfc.cz\/\",\"name\":\"Official Czech &amp; Slovak Everton Supporters&#039; Club\",\"description\":\"\",\"publisher\":{\"@id\":\"https:\/\/evertonfc.cz\/#organization\"},\"potentialAction\":[{\"@type\":\"SearchAction\",\"target\":{\"@type\":\"EntryPoint\",\"urlTemplate\":\"https:\/\/evertonfc.cz\/?s={search_term_string}\"},\"query-input\":{\"@type\":\"PropertyValueSpecification\",\"valueRequired\":true,\"valueName\":\"search_term_string\"}}],\"inLanguage\":\"cs\"},{\"@type\":\"Organization\",\"@id\":\"https:\/\/evertonfc.cz\/#organization\",\"name\":\"Official Czech & Slovak Everton Supporters' Club\",\"url\":\"https:\/\/evertonfc.cz\/\",\"logo\":{\"@type\":\"ImageObject\",\"inLanguage\":\"cs\",\"@id\":\"https:\/\/evertonfc.cz\/#\/schema\/logo\/image\/\",\"url\":\"https:\/\/evertonfc.cz\/wp-content\/uploads\/2019\/05\/logo.png\",\"contentUrl\":\"https:\/\/evertonfc.cz\/wp-content\/uploads\/2019\/05\/logo.png\",\"width\":112,\"height\":112,\"caption\":\"Official Czech & Slovak Everton Supporters' Club\"},\"image\":{\"@id\":\"https:\/\/evertonfc.cz\/#\/schema\/logo\/image\/\"},\"sameAs\":[\"https:\/\/www.facebook.com\/everton.fans.cz.sk\"]},{\"@type\":\"Person\",\"@id\":\"https:\/\/evertonfc.cz\/#\/schema\/person\/b30daf6a5852f4811f8207a17ec1bf78\",\"name\":\"Javor\",\"sameAs\":[\"https:\/\/x.com\/LoudinJan\"],\"url\":\"https:\/\/evertonfc.cz\/index.php\/author\/javor\/\"}]}<\/script>\n<!-- \/ Yoast SEO plugin. -->","yoast_head_json":{"title":"Everton - Fulham 0:2 - Official Czech &amp; Slovak Everton Supporters&#039; Club","robots":{"index":"index","follow":"follow","max-snippet":"max-snippet:-1","max-image-preview":"max-image-preview:large","max-video-preview":"max-video-preview:-1"},"canonical":"https:\/\/evertonfc.cz\/index.php\/2021\/02\/15\/everton-fulham-02\/","og_locale":"cs_CZ","og_type":"article","og_title":"Everton - Fulham 0:2 - Official Czech &amp; Slovak Everton Supporters&#039; Club","og_description":"Zaslou\u017een\u00e1 v\u00fdhra host\u016f po nejhor\u0161\u00edm v\u00fdkonu dom\u00e1c\u00edch v sez\u00f3n\u011b.","og_url":"https:\/\/evertonfc.cz\/index.php\/2021\/02\/15\/everton-fulham-02\/","og_site_name":"Official Czech &amp; Slovak Everton Supporters&#039; Club","article_publisher":"https:\/\/www.facebook.com\/everton.fans.cz.sk","article_published_time":"2021-02-15T21:32:55+00:00","article_modified_time":"2021-02-16T11:17:17+00:00","og_image":[{"width":720,"height":405,"url":"https:\/\/evertonfc.cz\/wp-content\/uploads\/2021\/02\/Everton-0-2-Fulham-AFP-15-2-2021.jpg","type":"image\/jpeg"}],"author":"Javor","twitter_card":"summary_large_image","twitter_creator":"@LoudinJan","twitter_misc":{"Napsal(a)":"Javor","Odhadovan\u00e1 doba \u010dten\u00ed":"3 minuty"},"schema":{"@context":"https:\/\/schema.org","@graph":[{"@type":"Article","@id":"https:\/\/evertonfc.cz\/index.php\/2021\/02\/15\/everton-fulham-02\/#article","isPartOf":{"@id":"https:\/\/evertonfc.cz\/index.php\/2021\/02\/15\/everton-fulham-02\/"},"author":{"name":"Javor","@id":"https:\/\/evertonfc.cz\/#\/schema\/person\/b30daf6a5852f4811f8207a17ec1bf78"},"headline":"Everton &#8211; Fulham 0:2","datePublished":"2021-02-15T21:32:55+00:00","dateModified":"2021-02-16T11:17:17+00:00","mainEntityOfPage":{"@id":"https:\/\/evertonfc.cz\/index.php\/2021\/02\/15\/everton-fulham-02\/"},"wordCount":591,"commentCount":11,"publisher":{"@id":"https:\/\/evertonfc.cz\/#organization"},"image":{"@id":"https:\/\/evertonfc.cz\/index.php\/2021\/02\/15\/everton-fulham-02\/#primaryimage"},"thumbnailUrl":"https:\/\/evertonfc.cz\/wp-content\/uploads\/2021\/02\/Everton-0-2-Fulham-AFP-15-2-2021.jpg","articleSection":["Z\u00e1pasy"],"inLanguage":"cs","potentialAction":[{"@type":"CommentAction","name":"Comment","target":["https:\/\/evertonfc.cz\/index.php\/2021\/02\/15\/everton-fulham-02\/#respond"]}]},{"@type":"WebPage","@id":"https:\/\/evertonfc.cz\/index.php\/2021\/02\/15\/everton-fulham-02\/","url":"https:\/\/evertonfc.cz\/index.php\/2021\/02\/15\/everton-fulham-02\/","name":"Everton - Fulham 0:2 - Official Czech &amp; Slovak Everton Supporters&#039; Club","isPartOf":{"@id":"https:\/\/evertonfc.cz\/#website"},"primaryImageOfPage":{"@id":"https:\/\/evertonfc.cz\/index.php\/2021\/02\/15\/everton-fulham-02\/#primaryimage"},"image":{"@id":"https:\/\/evertonfc.cz\/index.php\/2021\/02\/15\/everton-fulham-02\/#primaryimage"},"thumbnailUrl":"https:\/\/evertonfc.cz\/wp-content\/uploads\/2021\/02\/Everton-0-2-Fulham-AFP-15-2-2021.jpg","datePublished":"2021-02-15T21:32:55+00:00","dateModified":"2021-02-16T11:17:17+00:00","breadcrumb":{"@id":"https:\/\/evertonfc.cz\/index.php\/2021\/02\/15\/everton-fulham-02\/#breadcrumb"},"inLanguage":"cs","potentialAction":[{"@type":"ReadAction","target":["https:\/\/evertonfc.cz\/index.php\/2021\/02\/15\/everton-fulham-02\/"]}]},{"@type":"ImageObject","inLanguage":"cs","@id":"https:\/\/evertonfc.cz\/index.php\/2021\/02\/15\/everton-fulham-02\/#primaryimage","url":"https:\/\/evertonfc.cz\/wp-content\/uploads\/2021\/02\/Everton-0-2-Fulham-AFP-15-2-2021.jpg","contentUrl":"https:\/\/evertonfc.cz\/wp-content\/uploads\/2021\/02\/Everton-0-2-Fulham-AFP-15-2-2021.jpg","width":720,"height":405},{"@type":"BreadcrumbList","@id":"https:\/\/evertonfc.cz\/index.php\/2021\/02\/15\/everton-fulham-02\/#breadcrumb","itemListElement":[{"@type":"ListItem","position":1,"name":"Home","item":"https:\/\/evertonfc.cz\/"},{"@type":"ListItem","position":2,"name":"Everton &#8211; Fulham 0:2"}]},{"@type":"WebSite","@id":"https:\/\/evertonfc.cz\/#website","url":"https:\/\/evertonfc.cz\/","name":"Official Czech &amp; Slovak Everton Supporters&#039; Club","description":"","publisher":{"@id":"https:\/\/evertonfc.cz\/#organization"},"potentialAction":[{"@type":"SearchAction","target":{"@type":"EntryPoint","urlTemplate":"https:\/\/evertonfc.cz\/?s={search_term_string}"},"query-input":{"@type":"PropertyValueSpecification","valueRequired":true,"valueName":"search_term_string"}}],"inLanguage":"cs"},{"@type":"Organization","@id":"https:\/\/evertonfc.cz\/#organization","name":"Official Czech & Slovak Everton Supporters' Club","url":"https:\/\/evertonfc.cz\/","logo":{"@type":"ImageObject","inLanguage":"cs","@id":"https:\/\/evertonfc.cz\/#\/schema\/logo\/image\/","url":"https:\/\/evertonfc.cz\/wp-content\/uploads\/2019\/05\/logo.png","contentUrl":"https:\/\/evertonfc.cz\/wp-content\/uploads\/2019\/05\/logo.png","width":112,"height":112,"caption":"Official Czech & Slovak Everton Supporters' Club"},"image":{"@id":"https:\/\/evertonfc.cz\/#\/schema\/logo\/image\/"},"sameAs":["https:\/\/www.facebook.com\/everton.fans.cz.sk"]},{"@type":"Person","@id":"https:\/\/evertonfc.cz\/#\/schema\/person\/b30daf6a5852f4811f8207a17ec1bf78","name":"Javor","sameAs":["https:\/\/x.com\/LoudinJan"],"url":"https:\/\/evertonfc.cz\/index.php\/author\/javor\/"}]}},"_links":{"self":[{"href":"https:\/\/evertonfc.cz\/index.php\/wp-json\/wp\/v2\/posts\/14161"}],"collection":[{"href":"https:\/\/evertonfc.cz\/index.php\/wp-json\/wp\/v2\/posts"}],"about":[{"href":"https:\/\/evertonfc.cz\/index.php\/wp-json\/wp\/v2\/types\/post"}],"author":[{"embeddable":true,"href":"https:\/\/evertonfc.cz\/index.php\/wp-json\/wp\/v2\/users\/12"}],"replies":[{"embeddable":true,"href":"https:\/\/evertonfc.cz\/index.php\/wp-json\/wp\/v2\/comments?post=14161"}],"version-history":[{"count":5,"href":"https:\/\/evertonfc.cz\/index.php\/wp-json\/wp\/v2\/posts\/14161\/revisions"}],"predecessor-version":[{"id":14169,"href":"https:\/\/evertonfc.cz\/index.php\/wp-json\/wp\/v2\/posts\/14161\/revisions\/14169"}],"wp:featuredmedia":[{"embeddable":true,"href":"https:\/\/evertonfc.cz\/index.php\/wp-json\/wp\/v2\/media\/14152"}],"wp:attachment":[{"href":"https:\/\/evertonfc.cz\/index.php\/wp-json\/wp\/v2\/media?parent=14161"}],"wp:term":[{"taxonomy":"category","embeddable":true,"href":"https:\/\/evertonfc.cz\/index.php\/wp-json\/wp\/v2\/categories?post=14161"},{"taxonomy":"post_tag","embeddable":true,"href":"https:\/\/evertonfc.cz\/index.php\/wp-json\/wp\/v2\/tags?post=14161"}],"curies":[{"name":"wp","href":"https:\/\/api.w.org\/{rel}","templated":true}]}}