{"id":14170,"date":"2021-02-17T11:02:50","date_gmt":"2021-02-17T10:02:50","guid":{"rendered":"https:\/\/evertonfc.cz\/?p=14170"},"modified":"2021-02-17T11:21:41","modified_gmt":"2021-02-17T10:21:41","slug":"preview-everton-manchester-city-13","status":"publish","type":"post","link":"https:\/\/evertonfc.cz\/index.php\/2021\/02\/17\/preview-everton-manchester-city-13\/","title":{"rendered":"Preview: Everton \u2013 Manchester City"},"content":{"rendered":"<h4><span lang=\"SK\">Dohr\u00e1vka 16. ligov\u00e9ho kola v Goodison Parku k n\u00e1m prinesie najv\u00e4\u010d\u0161\u00edch a\u0161pirantov v boji o titul. Zastavi\u0165 The Citizens pod veden\u00edm Pepa Guardiolu bude n\u00e1ro\u010dn\u00e1 \u00faloha.<\/span><\/h4>\n<p>Za\u010dneme trochu netradi\u010dne zop\u00e1r novinkami zo v\u0161eobecn\u00e9ho diania. Ak zv\u00fd\u0161i v najbli\u017e\u0161ej dobe \u010das, mo\u017eno sa k niektorej z t\u00e9m vr\u00e1time aj podrobnej\u0161ie v samostatnom \u010dl\u00e1nku. Tou prvou dobrou spr\u00e1vou je, \u017ee Mestsk\u00e1 rada Liverpoolu vydala spr\u00e1vu o odpor\u00fa\u010dan\u00ed v\u00fdstavby nov\u00e9ho \u0161tadi\u00f3na v Bramley-Moore. The Toffees v septembri predlo\u017eili miestnemu \u00faradu aktualizovan\u00fa \u017eiados\u0165 o svoj nov\u00fd 53 tis\u00edcov\u00fd \u0161tadi\u00f3n po tom, \u010do v decembri 2019 vykonali zmeny p\u00f4vodn\u00e9ho n\u00e1vrhu.<\/p>\n<p>Druh\u00e1 skvel\u00e1 spr\u00e1va sa t\u00fdka Marcela Brandsa. \u0160portov\u00fd riadite\u013e klubu, a z\u00e1rove\u0148 aj \u010dlen predstavenstva, m\u00e1 platn\u00fa zmluvu len do konca tejto sez\u00f3ny. To mnoh\u00fdch fan\u00fa\u0161ikov zna\u010dne znepokojovalo. Klub od n\u00e1stupu Moshiriho h\u013eadal potrebn\u00fa stabilitu a v uhladenom Holan\u010fanovi na\u0161iel kone\u010dne toho spr\u00e1vneho \u010dloveka. Ancelotti u\u017e v\u0161ak potvrdil, \u017ee na pred\u013a\u017een\u00ed jeho zmluvy sa intenz\u00edvne pracuje.<\/p>\n<h4><strong><em>What\u00b4s Up On Finch Farm?<\/em><\/strong><\/h4>\n<p>Zadn\u00fd stehenn\u00fd sval Calverta-Lewina st\u00e1le nie je v stave nast\u00fapi\u0165 do z\u00e1pasu, a v\u0161etci d\u00fafaj\u00fa, \u017ee tomu tak bude aspo\u0148 na sobotn\u00e9 derby. Allanov hamstring je v\u0161ak pod\u013ea kontroly v poriadku a proti The Sky Blues m\u00f4\u017ee zasiahnu\u0165. Gbamin naopak st\u00e1le nie je sp\u00f4sobil\u00fd. Posledn\u00fd s ot\u00e1znikom je Pickford. Tr\u00e9nuje norm\u00e1lne, av\u0161ak Carlo sa vyjadril, \u017ee ho e\u0161te overia a ak bude v poriadku, tak bude chyta\u0165.<\/p>\n<p>James posledn\u00fd z\u00e1pas striedal s men\u0161\u00edm zranen\u00edm. Na dnes je pod\u013ea slov tr\u00e9nera pripraven\u00fd. A op\u00e4\u0165 preto bude zauj\u00edmav\u00e9 sledova\u0165, kam ho Talian v t\u00edme zarad\u00ed, ke\u010f sa Everton pripravuje na \u010fal\u0161\u00ed defenz\u00edvne n\u00e1ro\u010dn\u00fd duel. V stretnut\u00ed s Fulhamom sa n\u00e1\u0161 strat\u00e9g odhodlal k form\u00e1cii 4-3-2-1, ktor\u00fa \u00faspe\u0161ne vyu\u017e\u00edval v rodnej krajine a stala jeho pozn\u00e1vac\u00edm znakom pri snahe zakomponova\u0165 do zostavy \u010do najviac tvorcov hry, ktor\u00fdmi jeho AC Mil\u00e1no v tom \u010dase prekypovalo. Proti Cottagers to v\u0161ak ostalo bez efektu.<\/p>\n<h4><strong><em>Meanwhile in Etihad Campus<\/em><\/strong><\/h4>\n<p>Naposledy, ke\u010f sa schy\u013eovalo k s\u00faboju rozdielnych odtie\u0148ov modrej, sa v k\u00e1dri City za\u010dal \u0161\u00edri\u0165 n\u00e1kazlivej\u0161\u00ed kme\u0148 koronav\u00edrusu, v\u010faka \u010domu sa stretnutie odlo\u017eilo. Spom\u00ednanej mut\u00e1cie u\u017e m\u00e1me dos\u0165 aj v na\u0161ich kon\u010din\u00e1ch, a tak upriamim pozornos\u0165 len na <a href=\"https:\/\/evertonfc.cz\/index.php\/2020\/12\/28\/preview-everton-manchester-city-12\/\" target=\"_blank\" rel=\"noopener\">vtedaj\u0161ie preview k\u00a0z\u00e1pasu<\/a> a\u00a0n\u00e1\u0161 <a href=\"https:\/\/evertonfc.cz\/index.php\/2020\/12\/31\/odklad-ma-negativa-no-viac-pozitiv\/\" target=\"_blank\" rel=\"noopener\">poh\u013ead na vec odkladu.<\/a><\/p>\n<p>Odvtedy sa ale \u010do to zmenilo a\u00a0Guardiola s\u00a0istotou kr\u00e1\u010da k\u00a0roz\u0161\u00edreniu zbierky svojich trofej\u00ed. Modr\u00fd Manchester \u0165ah\u00e1 s\u00e9riu \u0161estn\u00e1stich v\u00fdhier vo v\u0161etk\u00fdch s\u00fa\u0165a\u017eiach a\u00a0v\u010fa\u010d\u00ed za to najm\u00e4 zlep\u0161enej obrane, hoci na za\u010diatku sez\u00f3ny ich tr\u00e1pil pr\u00e1ve opa\u010dn\u00fd koniec ihriska. \u0160panielsky g\u00e9nius sa v\u0161ak op\u00e4\u0165 raz vyna\u0161iel a\u00a0vyu\u017eil neskuto\u010dn\u00fa, a\u017e zdvojen\u00fa kvalitu svojho k\u00e1dra na maximum.<\/p>\n<p>Laporte ako \u013eav\u00fd bek, G\u00fcndo\u011fan ako podhrot a najlep\u0161\u00ed strelec t\u00edmu, \u010di Ferran Torres v poz\u00edcii falo\u0161nej deviatky. To v\u0161etko s\u00fa pr\u00edklady brilantnej improviz\u00e1cie, kedy sa \u010dlovek odmietne vyhov\u00e1ra\u0165 na absencie, ale naopak, h\u013ead\u00e1 sp\u00f4sob, ako ich vyrie\u0161i\u0165. Ag\u00fcero s De Bruynem s\u00fa toti\u017e obrovsk\u00e9 straty a neboli v sez\u00f3ne jedin\u00e9.<\/p>\n<p>Proti Evertonu by mal ch\u00fdba\u0165 aj spom\u00ednan\u00fd G\u00fcndo\u011fan a Ak\u00e9. De Bruyne v\u0161ak u\u017e tr\u00e9nuje, a\u00a0Fernandinho by mal by\u0165 fit. No neboli to len person\u00e1lne altern\u00e1cie, ktor\u00e9 City vr\u00e1tili na vrchol. Ich moment\u00e1lny \u00faspech spo\u010d\u00edva aj v\u00a0n\u00e1vrate ku kore\u0148om. Respekt\u00edve posilnen\u00edm ich vplyvu. Pep sa preto du\u0161uje:<\/p>\n<blockquote><p><em>\u201eD\u00f4vod, pre\u010do je na\u0161a obrana tak\u00e1 dobr\u00e1 je, \u017ee 67% \u010dasu m\u00e1me loptu my. Mo\u017eno sa jedn\u00e9ho d\u0148a zmenia pravidl\u00e1, ale zatia\u013e na to, aby ste dali g\u00f3l, potrebujete loptu. Ka\u017ed\u00fd z\u00e1pas hr\u00e1\u010dom pripom\u00ednam, pre\u010do sa stali futbalistami \u2013 aby hrali s loptou.\u201c<\/em><\/p><\/blockquote>\n<h4><strong>Hr\u00e1\u010d na sledovanie <\/strong>&#8211; <strong>Jo\u00e3o Cancelo<\/strong><\/h4>\n<p>Tento 26 ro\u010dn\u00fd prav\u00fd bek vystriedal ve\u013ea klubov, k\u00fdm mu dalo City \u201edrah\u00fa\u201c \u0161ancu usadi\u0165 sa. A\u00a0vyplatilo sa. Skvele sa hod\u00ed do Guardiolovi konceptu neust\u00e1lej kontroly hry a\u00a0m\u00f4\u017eeme ho \u010dasto vidie\u0165 vypom\u00e1ha\u0165 zo svojej prim\u00e1rnej poz\u00edcie a\u017e v\u00a0strede ihriska, kde brzd\u00ed rozlet s\u00fapera po strate lopty, alebo ju pr\u00e1ve pom\u00e1ha lep\u0161ie udr\u017ea\u0165 pri nedostatku mo\u017enost\u00ed t\u00edmu na kombin\u00e1cie, \u010di kreativity. V\u00a0\u0161tatistike o\u010dak\u00e1van\u00fdch asistencii je dokonca \u0161tvrt\u00fd, hne\u010f za menami Salah, Grealish a\u00a0Fernandes.<\/p>\n<h3 style=\"text-align: center;\"><span style=\"color: #3366ff;\"><strong><em>Up The Toffees !!!<\/em><\/strong><\/span><\/h3>\n<p><u>Forma s\u00fapera:<\/u><\/p>\n<table class=\"head_to_head h2h_away\" style=\"width: 99.8667%;\">\n<tbody>\n<tr class=\"odd highlight\">\n<td style=\"width: 134px;\"><span class=\"date\">13.02.21<\/span><\/td>\n<td class=\"flag_td \" style=\"width: 74px;\" title=\"Premier League (Anglicko)\">PL<\/td>\n<td class=\"name highTeam\" style=\"width: 230px;\"><strong>Manchester City<\/strong><\/td>\n<td class=\"name\" style=\"width: 230px;\">Tottenham<\/td>\n<td class=\"\" style=\"width: 81px;\"><span class=\"score\"><strong>3 : 0<\/strong><\/span><\/td>\n<\/tr>\n<tr class=\"even highlight\">\n<td style=\"width: 134px;\"><span class=\"date\">10.02.21<\/span><\/td>\n<td class=\"flag_td \" style=\"width: 74px;\" title=\"FA Cup (Anglicko)\">FAC<\/td>\n<td class=\"name\" style=\"width: 230px;\">Swansea<\/td>\n<td class=\"name highTeam\" style=\"width: 230px;\"><strong>Manchester City<\/strong><\/td>\n<td class=\"\" style=\"width: 81px;\"><span class=\"score\"><strong>1 : 3<\/strong><\/span><\/td>\n<\/tr>\n<tr class=\"odd highlight\">\n<td style=\"width: 134px;\"><span class=\"date\">07.02.21<\/span><\/td>\n<td class=\"flag_td \" style=\"width: 74px;\" title=\"Premier League (Anglicko)\">PL<\/td>\n<td class=\"name\" style=\"width: 230px;\">Liverpool<\/td>\n<td class=\"name highTeam\" style=\"width: 230px;\"><strong>Manchester City<\/strong><\/td>\n<td class=\"\" style=\"width: 81px;\"><span class=\"score\"><strong>1 : 4<\/strong><\/span><\/td>\n<\/tr>\n<tr class=\"even highlight\">\n<td style=\"width: 134px;\"><span class=\"date\">03.02.21<\/span><\/td>\n<td class=\"flag_td \" style=\"width: 74px;\" title=\"Premier League (Anglicko)\">PL<\/td>\n<td class=\"name\" style=\"width: 230px;\">Burnley<\/td>\n<td class=\"name highTeam\" style=\"width: 230px;\"><strong>Manchester City<\/strong><\/td>\n<td class=\"\" style=\"width: 81px;\"><span class=\"score\"><strong>0 : 2<\/strong><\/span><\/td>\n<\/tr>\n<tr class=\"odd highlight highlighted\" title=\"Klikni pre detail z\u00e1pasu!\">\n<td style=\"width: 134px;\"><span class=\"date\">30.01.21<\/span><\/td>\n<td class=\"flag_td \" style=\"width: 74px;\" title=\"Premier League (Anglicko)\">PL<\/td>\n<td class=\"name highTeam\" style=\"width: 230px;\"><strong>Manchester City<\/strong><\/td>\n<td class=\"name\" style=\"width: 230px;\">Sheffield Utd<\/td>\n<td class=\"\" style=\"width: 81px;\"><span class=\"score\"><strong>1 : 0<\/strong><\/span><\/td>\n<\/tr>\n<\/tbody>\n<\/table>\n<p><strong>\u0160tatistick\u00e9 okienko:<\/strong><\/p>\n<ul>\n<li>Everton vyhral iba jeden zo svojich posledn\u00fdch 14 ligov\u00fdch z\u00e1pasov proti Manchestru City (D4 L9). V janu\u00e1ri 2017 vyhral v Goodison Parku 4:0.<\/li>\n<li>Manchester City vyhral ka\u017ed\u00fd zo svojich posledn\u00fdch piatich z\u00e1pasov Premier League proti Evertonu a zaka\u017ed\u00fdm vsietil minim\u00e1lne dvakr\u00e1t. Je to ich najdlh\u0161ia v\u00ed\u0165azn\u00e1 s\u00e9ria proti The Toffees v\u00a0najvy\u0161\u0161ej s\u00fa\u0165a\u017ei.<\/li>\n<li>Everton prehral svoje posledn\u00e9 dva dom\u00e1ce z\u00e1pasy v Premier League. Naposledy doma prehral tri za sebou e\u0161te v marci 2016, a to pod veden\u00edm Roberta Mart\u00edneza. Mana\u017e\u00e9r Carlo Ancelotti neprehral tri dom\u00e1ce ligov\u00e9 z\u00e1pasy za sebou od novembra 2006, ke\u010f \u0161\u00e9foval mil\u00e1nskemu AC.<\/li>\n<li>Manchester City zv\u00ed\u0165azil vo v\u0161etk\u00fdch deviatich z\u00e1pasoch Premier League v roku 2021 &#8211; mohol by sa sta\u0165 prv\u00fdm t\u00edmom v najvy\u0161\u0161ej s\u00fa\u0165a\u017ei, ktor\u00fd vyhral svojich \u00favodn\u00fdch 10 z\u00e1pasov v kalend\u00e1rnom roku, \u010d\u00edm by prekonal rekord deviatich v\u00ed\u0165azstiev, ktor\u00e9 predt\u00fdm dosiahol Bolton Wanderers v roku 1906 a Manchester United v roku 2009.<\/li>\n<\/ul>\n<hr \/>\n<p><strong>\u010co:<\/strong> Everton FC \u2013 Manchester City FC, 16. kolo Premier League<br \/>\n<strong>Kedy:<\/strong> 17.2. 2021 od 21:15 SE\u010c<br \/>\n<strong>Ako:<\/strong> PREMIER Sport \u2013 priamy prenos<br \/>\n<strong>Kde:<\/strong> Goodison Park \u2013 Goodison Rd, Liverpool L4 4EL (bez div\u00e1kov)<br \/>\n<strong>Rozhodca:<\/strong> Andre Marriner <strong>Asistenti:<\/strong> S. Ledger, R. West <strong>\u0160tvrt\u00fd rozhodca:<\/strong> L. Mason<br \/>\n<strong>VAR: <\/strong>Simon Hooper <strong>Asistent VAR: <\/strong>Derek Eaton<\/p>\n","protected":false},"excerpt":{"rendered":"<p>Dohr\u00e1vka 16. ligov\u00e9ho kola v Goodison Parku k n\u00e1m prinesie najv\u00e4\u010d\u0161\u00edch a\u0161pirantov v boji o titul. Zastavi\u0165 The Citizens pod veden\u00edm Pepa Guardiolu bude n\u00e1ro\u010dn\u00e1 \u00faloha.<\/p>\n","protected":false},"author":1,"featured_media":13367,"comment_status":"open","ping_status":"closed","sticky":false,"template":"","format":"standard","meta":{"_eb_attr":"","_monsterinsights_skip_tracking":false,"_monsterinsights_sitenote_active":false,"_monsterinsights_sitenote_note":"","_monsterinsights_sitenote_category":0,"footnotes":""},"categories":[4],"tags":[],"yoast_head":"<!-- This site is optimized with the Yoast SEO plugin v23.4 - https:\/\/yoast.com\/wordpress\/plugins\/seo\/ -->\n<title>Preview: Everton \u2013 Manchester City - Official Czech &amp; Slovak Everton Supporters&#039; Club<\/title>\n<meta name=\"robots\" content=\"index, follow, max-snippet:-1, max-image-preview:large, max-video-preview:-1\" \/>\n<link rel=\"canonical\" href=\"https:\/\/evertonfc.cz\/index.php\/2021\/02\/17\/preview-everton-manchester-city-13\/\" \/>\n<meta property=\"og:locale\" content=\"cs_CZ\" \/>\n<meta property=\"og:type\" content=\"article\" \/>\n<meta property=\"og:title\" content=\"Preview: Everton \u2013 Manchester City - Official Czech &amp; Slovak Everton Supporters&#039; Club\" \/>\n<meta property=\"og:description\" content=\"Dohr\u00e1vka 16. ligov\u00e9ho kola v Goodison Parku k n\u00e1m prinesie najv\u00e4\u010d\u0161\u00edch a\u0161pirantov v boji o titul. Zastavi\u0165 The Citizens pod veden\u00edm Pepa Guardiolu bude n\u00e1ro\u010dn\u00e1 \u00faloha.\" \/>\n<meta property=\"og:url\" content=\"https:\/\/evertonfc.cz\/index.php\/2021\/02\/17\/preview-everton-manchester-city-13\/\" \/>\n<meta property=\"og:site_name\" content=\"Official Czech &amp; Slovak Everton Supporters&#039; Club\" \/>\n<meta property=\"article:publisher\" content=\"https:\/\/www.facebook.com\/everton.fans.cz.sk\" \/>\n<meta property=\"article:published_time\" content=\"2021-02-17T10:02:50+00:00\" \/>\n<meta property=\"article:modified_time\" content=\"2021-02-17T10:21:41+00:00\" \/>\n<meta property=\"og:image\" content=\"https:\/\/evertonfc.cz\/wp-content\/uploads\/2020\/12\/Everton-VS-Manchester-City-NIGHT.jpg\" \/>\n\t<meta property=\"og:image:width\" content=\"720\" \/>\n\t<meta property=\"og:image:height\" content=\"405\" \/>\n\t<meta property=\"og:image:type\" content=\"image\/jpeg\" \/>\n<meta name=\"author\" content=\"BlueBlooded\" \/>\n<meta name=\"twitter:card\" content=\"summary_large_image\" \/>\n<meta name=\"twitter:label1\" content=\"Napsal(a)\" \/>\n\t<meta name=\"twitter:data1\" content=\"BlueBlooded\" \/>\n\t<meta name=\"twitter:label2\" content=\"Odhadovan\u00e1 doba \u010dten\u00ed\" \/>\n\t<meta name=\"twitter:data2\" content=\"4 minuty\" \/>\n<script type=\"application\/ld+json\" class=\"yoast-schema-graph\">{\"@context\":\"https:\/\/schema.org\",\"@graph\":[{\"@type\":\"Article\",\"@id\":\"https:\/\/evertonfc.cz\/index.php\/2021\/02\/17\/preview-everton-manchester-city-13\/#article\",\"isPartOf\":{\"@id\":\"https:\/\/evertonfc.cz\/index.php\/2021\/02\/17\/preview-everton-manchester-city-13\/\"},\"author\":{\"name\":\"BlueBlooded\",\"@id\":\"https:\/\/evertonfc.cz\/#\/schema\/person\/d4493b8cbea51532597fbc4685698916\"},\"headline\":\"Preview: Everton \u2013 Manchester City\",\"datePublished\":\"2021-02-17T10:02:50+00:00\",\"dateModified\":\"2021-02-17T10:21:41+00:00\",\"mainEntityOfPage\":{\"@id\":\"https:\/\/evertonfc.cz\/index.php\/2021\/02\/17\/preview-everton-manchester-city-13\/\"},\"wordCount\":1081,\"commentCount\":8,\"publisher\":{\"@id\":\"https:\/\/evertonfc.cz\/#organization\"},\"image\":{\"@id\":\"https:\/\/evertonfc.cz\/index.php\/2021\/02\/17\/preview-everton-manchester-city-13\/#primaryimage\"},\"thumbnailUrl\":\"https:\/\/evertonfc.cz\/wp-content\/uploads\/2020\/12\/Everton-VS-Manchester-City-NIGHT.jpg\",\"articleSection\":[\"Z\u00e1pasy\"],\"inLanguage\":\"cs\",\"potentialAction\":[{\"@type\":\"CommentAction\",\"name\":\"Comment\",\"target\":[\"https:\/\/evertonfc.cz\/index.php\/2021\/02\/17\/preview-everton-manchester-city-13\/#respond\"]}]},{\"@type\":\"WebPage\",\"@id\":\"https:\/\/evertonfc.cz\/index.php\/2021\/02\/17\/preview-everton-manchester-city-13\/\",\"url\":\"https:\/\/evertonfc.cz\/index.php\/2021\/02\/17\/preview-everton-manchester-city-13\/\",\"name\":\"Preview: Everton \u2013 Manchester City - Official Czech &amp; Slovak Everton Supporters&#039; Club\",\"isPartOf\":{\"@id\":\"https:\/\/evertonfc.cz\/#website\"},\"primaryImageOfPage\":{\"@id\":\"https:\/\/evertonfc.cz\/index.php\/2021\/02\/17\/preview-everton-manchester-city-13\/#primaryimage\"},\"image\":{\"@id\":\"https:\/\/evertonfc.cz\/index.php\/2021\/02\/17\/preview-everton-manchester-city-13\/#primaryimage\"},\"thumbnailUrl\":\"https:\/\/evertonfc.cz\/wp-content\/uploads\/2020\/12\/Everton-VS-Manchester-City-NIGHT.jpg\",\"datePublished\":\"2021-02-17T10:02:50+00:00\",\"dateModified\":\"2021-02-17T10:21:41+00:00\",\"breadcrumb\":{\"@id\":\"https:\/\/evertonfc.cz\/index.php\/2021\/02\/17\/preview-everton-manchester-city-13\/#breadcrumb\"},\"inLanguage\":\"cs\",\"potentialAction\":[{\"@type\":\"ReadAction\",\"target\":[\"https:\/\/evertonfc.cz\/index.php\/2021\/02\/17\/preview-everton-manchester-city-13\/\"]}]},{\"@type\":\"ImageObject\",\"inLanguage\":\"cs\",\"@id\":\"https:\/\/evertonfc.cz\/index.php\/2021\/02\/17\/preview-everton-manchester-city-13\/#primaryimage\",\"url\":\"https:\/\/evertonfc.cz\/wp-content\/uploads\/2020\/12\/Everton-VS-Manchester-City-NIGHT.jpg\",\"contentUrl\":\"https:\/\/evertonfc.cz\/wp-content\/uploads\/2020\/12\/Everton-VS-Manchester-City-NIGHT.jpg\",\"width\":720,\"height\":405},{\"@type\":\"BreadcrumbList\",\"@id\":\"https:\/\/evertonfc.cz\/index.php\/2021\/02\/17\/preview-everton-manchester-city-13\/#breadcrumb\",\"itemListElement\":[{\"@type\":\"ListItem\",\"position\":1,\"name\":\"Home\",\"item\":\"https:\/\/evertonfc.cz\/\"},{\"@type\":\"ListItem\",\"position\":2,\"name\":\"Preview: Everton \u2013 Manchester City\"}]},{\"@type\":\"WebSite\",\"@id\":\"https:\/\/evertonfc.cz\/#website\",\"url\":\"https:\/\/evertonfc.cz\/\",\"name\":\"Official Czech &amp; Slovak Everton Supporters&#039; Club\",\"description\":\"\",\"publisher\":{\"@id\":\"https:\/\/evertonfc.cz\/#organization\"},\"potentialAction\":[{\"@type\":\"SearchAction\",\"target\":{\"@type\":\"EntryPoint\",\"urlTemplate\":\"https:\/\/evertonfc.cz\/?s={search_term_string}\"},\"query-input\":{\"@type\":\"PropertyValueSpecification\",\"valueRequired\":true,\"valueName\":\"search_term_string\"}}],\"inLanguage\":\"cs\"},{\"@type\":\"Organization\",\"@id\":\"https:\/\/evertonfc.cz\/#organization\",\"name\":\"Official Czech & Slovak Everton Supporters' Club\",\"url\":\"https:\/\/evertonfc.cz\/\",\"logo\":{\"@type\":\"ImageObject\",\"inLanguage\":\"cs\",\"@id\":\"https:\/\/evertonfc.cz\/#\/schema\/logo\/image\/\",\"url\":\"https:\/\/evertonfc.cz\/wp-content\/uploads\/2019\/05\/logo.png\",\"contentUrl\":\"https:\/\/evertonfc.cz\/wp-content\/uploads\/2019\/05\/logo.png\",\"width\":112,\"height\":112,\"caption\":\"Official Czech & Slovak Everton Supporters' Club\"},\"image\":{\"@id\":\"https:\/\/evertonfc.cz\/#\/schema\/logo\/image\/\"},\"sameAs\":[\"https:\/\/www.facebook.com\/everton.fans.cz.sk\"]},{\"@type\":\"Person\",\"@id\":\"https:\/\/evertonfc.cz\/#\/schema\/person\/d4493b8cbea51532597fbc4685698916\",\"name\":\"BlueBlooded\",\"url\":\"https:\/\/evertonfc.cz\/index.php\/author\/admin\/\"}]}<\/script>\n<!-- \/ Yoast SEO plugin. -->","yoast_head_json":{"title":"Preview: Everton \u2013 Manchester City - Official Czech &amp; Slovak Everton Supporters&#039; Club","robots":{"index":"index","follow":"follow","max-snippet":"max-snippet:-1","max-image-preview":"max-image-preview:large","max-video-preview":"max-video-preview:-1"},"canonical":"https:\/\/evertonfc.cz\/index.php\/2021\/02\/17\/preview-everton-manchester-city-13\/","og_locale":"cs_CZ","og_type":"article","og_title":"Preview: Everton \u2013 Manchester City - Official Czech &amp; Slovak Everton Supporters&#039; Club","og_description":"Dohr\u00e1vka 16. ligov\u00e9ho kola v Goodison Parku k n\u00e1m prinesie najv\u00e4\u010d\u0161\u00edch a\u0161pirantov v boji o titul. Zastavi\u0165 The Citizens pod veden\u00edm Pepa Guardiolu bude n\u00e1ro\u010dn\u00e1 \u00faloha.","og_url":"https:\/\/evertonfc.cz\/index.php\/2021\/02\/17\/preview-everton-manchester-city-13\/","og_site_name":"Official Czech &amp; Slovak Everton Supporters&#039; Club","article_publisher":"https:\/\/www.facebook.com\/everton.fans.cz.sk","article_published_time":"2021-02-17T10:02:50+00:00","article_modified_time":"2021-02-17T10:21:41+00:00","og_image":[{"width":720,"height":405,"url":"https:\/\/evertonfc.cz\/wp-content\/uploads\/2020\/12\/Everton-VS-Manchester-City-NIGHT.jpg","type":"image\/jpeg"}],"author":"BlueBlooded","twitter_card":"summary_large_image","twitter_misc":{"Napsal(a)":"BlueBlooded","Odhadovan\u00e1 doba \u010dten\u00ed":"4 minuty"},"schema":{"@context":"https:\/\/schema.org","@graph":[{"@type":"Article","@id":"https:\/\/evertonfc.cz\/index.php\/2021\/02\/17\/preview-everton-manchester-city-13\/#article","isPartOf":{"@id":"https:\/\/evertonfc.cz\/index.php\/2021\/02\/17\/preview-everton-manchester-city-13\/"},"author":{"name":"BlueBlooded","@id":"https:\/\/evertonfc.cz\/#\/schema\/person\/d4493b8cbea51532597fbc4685698916"},"headline":"Preview: Everton \u2013 Manchester City","datePublished":"2021-02-17T10:02:50+00:00","dateModified":"2021-02-17T10:21:41+00:00","mainEntityOfPage":{"@id":"https:\/\/evertonfc.cz\/index.php\/2021\/02\/17\/preview-everton-manchester-city-13\/"},"wordCount":1081,"commentCount":8,"publisher":{"@id":"https:\/\/evertonfc.cz\/#organization"},"image":{"@id":"https:\/\/evertonfc.cz\/index.php\/2021\/02\/17\/preview-everton-manchester-city-13\/#primaryimage"},"thumbnailUrl":"https:\/\/evertonfc.cz\/wp-content\/uploads\/2020\/12\/Everton-VS-Manchester-City-NIGHT.jpg","articleSection":["Z\u00e1pasy"],"inLanguage":"cs","potentialAction":[{"@type":"CommentAction","name":"Comment","target":["https:\/\/evertonfc.cz\/index.php\/2021\/02\/17\/preview-everton-manchester-city-13\/#respond"]}]},{"@type":"WebPage","@id":"https:\/\/evertonfc.cz\/index.php\/2021\/02\/17\/preview-everton-manchester-city-13\/","url":"https:\/\/evertonfc.cz\/index.php\/2021\/02\/17\/preview-everton-manchester-city-13\/","name":"Preview: Everton \u2013 Manchester City - Official Czech &amp; Slovak Everton Supporters&#039; Club","isPartOf":{"@id":"https:\/\/evertonfc.cz\/#website"},"primaryImageOfPage":{"@id":"https:\/\/evertonfc.cz\/index.php\/2021\/02\/17\/preview-everton-manchester-city-13\/#primaryimage"},"image":{"@id":"https:\/\/evertonfc.cz\/index.php\/2021\/02\/17\/preview-everton-manchester-city-13\/#primaryimage"},"thumbnailUrl":"https:\/\/evertonfc.cz\/wp-content\/uploads\/2020\/12\/Everton-VS-Manchester-City-NIGHT.jpg","datePublished":"2021-02-17T10:02:50+00:00","dateModified":"2021-02-17T10:21:41+00:00","breadcrumb":{"@id":"https:\/\/evertonfc.cz\/index.php\/2021\/02\/17\/preview-everton-manchester-city-13\/#breadcrumb"},"inLanguage":"cs","potentialAction":[{"@type":"ReadAction","target":["https:\/\/evertonfc.cz\/index.php\/2021\/02\/17\/preview-everton-manchester-city-13\/"]}]},{"@type":"ImageObject","inLanguage":"cs","@id":"https:\/\/evertonfc.cz\/index.php\/2021\/02\/17\/preview-everton-manchester-city-13\/#primaryimage","url":"https:\/\/evertonfc.cz\/wp-content\/uploads\/2020\/12\/Everton-VS-Manchester-City-NIGHT.jpg","contentUrl":"https:\/\/evertonfc.cz\/wp-content\/uploads\/2020\/12\/Everton-VS-Manchester-City-NIGHT.jpg","width":720,"height":405},{"@type":"BreadcrumbList","@id":"https:\/\/evertonfc.cz\/index.php\/2021\/02\/17\/preview-everton-manchester-city-13\/#breadcrumb","itemListElement":[{"@type":"ListItem","position":1,"name":"Home","item":"https:\/\/evertonfc.cz\/"},{"@type":"ListItem","position":2,"name":"Preview: Everton \u2013 Manchester City"}]},{"@type":"WebSite","@id":"https:\/\/evertonfc.cz\/#website","url":"https:\/\/evertonfc.cz\/","name":"Official Czech &amp; Slovak Everton Supporters&#039; Club","description":"","publisher":{"@id":"https:\/\/evertonfc.cz\/#organization"},"potentialAction":[{"@type":"SearchAction","target":{"@type":"EntryPoint","urlTemplate":"https:\/\/evertonfc.cz\/?s={search_term_string}"},"query-input":{"@type":"PropertyValueSpecification","valueRequired":true,"valueName":"search_term_string"}}],"inLanguage":"cs"},{"@type":"Organization","@id":"https:\/\/evertonfc.cz\/#organization","name":"Official Czech & Slovak Everton Supporters' Club","url":"https:\/\/evertonfc.cz\/","logo":{"@type":"ImageObject","inLanguage":"cs","@id":"https:\/\/evertonfc.cz\/#\/schema\/logo\/image\/","url":"https:\/\/evertonfc.cz\/wp-content\/uploads\/2019\/05\/logo.png","contentUrl":"https:\/\/evertonfc.cz\/wp-content\/uploads\/2019\/05\/logo.png","width":112,"height":112,"caption":"Official Czech & Slovak Everton Supporters' Club"},"image":{"@id":"https:\/\/evertonfc.cz\/#\/schema\/logo\/image\/"},"sameAs":["https:\/\/www.facebook.com\/everton.fans.cz.sk"]},{"@type":"Person","@id":"https:\/\/evertonfc.cz\/#\/schema\/person\/d4493b8cbea51532597fbc4685698916","name":"BlueBlooded","url":"https:\/\/evertonfc.cz\/index.php\/author\/admin\/"}]}},"_links":{"self":[{"href":"https:\/\/evertonfc.cz\/index.php\/wp-json\/wp\/v2\/posts\/14170"}],"collection":[{"href":"https:\/\/evertonfc.cz\/index.php\/wp-json\/wp\/v2\/posts"}],"about":[{"href":"https:\/\/evertonfc.cz\/index.php\/wp-json\/wp\/v2\/types\/post"}],"author":[{"embeddable":true,"href":"https:\/\/evertonfc.cz\/index.php\/wp-json\/wp\/v2\/users\/1"}],"replies":[{"embeddable":true,"href":"https:\/\/evertonfc.cz\/index.php\/wp-json\/wp\/v2\/comments?post=14170"}],"version-history":[{"count":11,"href":"https:\/\/evertonfc.cz\/index.php\/wp-json\/wp\/v2\/posts\/14170\/revisions"}],"predecessor-version":[{"id":14176,"href":"https:\/\/evertonfc.cz\/index.php\/wp-json\/wp\/v2\/posts\/14170\/revisions\/14176"}],"wp:featuredmedia":[{"embeddable":true,"href":"https:\/\/evertonfc.cz\/index.php\/wp-json\/wp\/v2\/media\/13367"}],"wp:attachment":[{"href":"https:\/\/evertonfc.cz\/index.php\/wp-json\/wp\/v2\/media?parent=14170"}],"wp:term":[{"taxonomy":"category","embeddable":true,"href":"https:\/\/evertonfc.cz\/index.php\/wp-json\/wp\/v2\/categories?post=14170"},{"taxonomy":"post_tag","embeddable":true,"href":"https:\/\/evertonfc.cz\/index.php\/wp-json\/wp\/v2\/tags?post=14170"}],"curies":[{"name":"wp","href":"https:\/\/api.w.org\/{rel}","templated":true}]}}