{"id":14205,"date":"2021-02-17T23:17:51","date_gmt":"2021-02-17T22:17:51","guid":{"rendered":"https:\/\/evertonfc.cz\/?p=14205"},"modified":"2021-02-18T07:49:39","modified_gmt":"2021-02-18T06:49:39","slug":"everton-manchester-city-1-3","status":"publish","type":"post","link":"https:\/\/evertonfc.cz\/index.php\/2021\/02\/17\/everton-manchester-city-1-3\/","title":{"rendered":"Everton \u2013 Manchester City 1:3"},"content":{"rendered":"<h4>Ligov\u00e1 dohr\u00e1vka 16. kola \u017e\u00e1dn\u00e9 p\u0159ekvapen\u00ed nep\u0159inesla. Suver\u00e9nn\u00ed Citizens nat\u00e1hli v\u00edt\u011bznou \u0161\u0148\u016fru na 12 ligov\u00fdch z\u00e1pas\u016f, zat\u00edmco Everton prohr\u00e1l podruh\u00e9 v \u0159ad\u011b.<\/h4>\n<p>Carlo Ancelotti se vr\u00e1til k d\u0159\u00edve osv\u011bd\u010den\u00e9mu valu se \u010dty\u0159mi stopery nap\u0159\u00ed\u010d obrannou lini\u00ed, tak\u017ee lev\u00fd bek Digne byl vysunut do z\u00e1lohy. St\u00e1le zran\u011bn\u00e9ho Calverta-Lewina nahradil na hrotu \u00fatoku Richarlison, pod n\u00edm\u017e operoval Sigurdsson. Mezi t\u0159i ty\u010de se vr\u00e1til uzdraven\u00fd Pickford. Host\u00e9 se museli vypo\u0159\u00e1dat s absenc\u00ed \u010derstv\u011b zran\u011bn\u00e9 opory Ilkaye G\u00fcndogana a Johna Stonese, star\u00e9ho zn\u00e1m\u00e9ho v\u00a0Goodison Parku, nechali pouze sed\u011bt na lavi\u010dce.<\/p>\n<p>Guardiolovci podle o\u010dek\u00e1v\u00e1n\u00ed za\u010dali utk\u00e1n\u00ed aktivn\u011b a od prvn\u00ed minuty \u0161li \u0161t\u011bst\u00ed\u010dku naproti. Po \u010dtvrthodin\u011b hry nav\u00edc Everton p\u0159i\u0161el o zran\u011bn\u00e9ho stopera Minu, m\u00edsto n\u011bho\u017e vyb\u011bhl na hrac\u00ed plochu prav\u00fd bek Coleman. Do srdce obrany se p\u0159esunul Holgate.<\/p>\n<p>P\u0159evaha Citizens byla drtiv\u00e1, byla asi jen ot\u00e1zka \u010dasu, kdy vyu\u017eij\u00ed n\u011bjak\u00e9 t\u00e9 mezery v\u00a0obran\u011b dom\u00e1c\u00edch. To se povedlo Fodenovi ve 32. minut\u011b, jeho st\u0159ela po te\u010di od Colemana zapadla za z\u00e1da bezmocn\u00e9ho Pickforda &#8211; <strong>0:1<\/strong>.<\/p>\n<p>Toffees po inkasovan\u00e9 brance ne\u010dekan\u011b brzy zjistili, \u017ee se tak\u00e9 mohou vydat na polovinu soupe\u0159e, a jejich zv\u00fd\u0161en\u00e1 aktivita p\u0159inesla tak\u0159ka okam\u017eitou odm\u011bnu. Digneho volej sice nejprve oraz\u00edtkoval ty\u010d, od n\u00ed se v\u0161ak m\u00ed\u010d odrazil do kolena dob\u0159e stoj\u00edc\u00edho Richarlisona a nakonec skon\u010dil v s\u00edti &#8211; <strong>1:1.<\/strong><\/p>\n<p>Po p\u0159est\u00e1vce se City op\u011bt ujalo taktovky a Pickford se n\u011bkolikr\u00e1t \u010dinil. Kr\u00e1tk\u00fd byl a\u017e na precizn\u00ed obst\u0159el Mahreze z 63. minuty, kter\u00fd m\u011bl dostatek \u010dasu a prostoru srovnat m\u00ed\u0159idla za hranic\u00ed v\u00e1pna &#8211; <strong>1:2<\/strong>.<\/p>\n<p>Ancelotti reagoval na nep\u0159\u00edzniv\u00fd stav dvojit\u00fdm st\u0159\u00edd\u00e1n\u00edm. Dohr\u00e1li Davies (dnes velmi dobr\u00fd) a Iwobi (tak\u00e9 hr\u00e1l slu\u0161n\u011b), naopak ofenzivu pos\u00edlili Rodr\u00edguez a King.<\/p>\n<p>Ne\u017e zm\u00edn\u011bn\u00e1 dvojice ale dok\u00e1zala n\u011bco vyprodukovat, o slovo se p\u0159ihl\u00e1sil Bernardo Silva, jen\u017e si bez v\u011bt\u0161\u00edho z\u00e1jmu mu\u017e\u016f v modr\u00e9m navedl m\u00ed\u010d na st\u0159elu a nachytal trochu nesoust\u0159ed\u011bn\u00e9ho Pickforda &#8211; <strong>1:3<\/strong>. \u0160koda, kdy\u017e v\u0161ak n\u00e1sledn\u011b De Bruyne vyst\u0159\u00edd\u00e1 Sterlinga, sk\u00f3re na ukazateli se zd\u00e1 b\u00fdt jaksi samoz\u0159ejm\u00e9. Citizens holt posledn\u00ed m\u011bs\u00edce hraj\u00ed svou vlastn\u00ed ligu a sou\u010dasn\u00fd Everton pro n\u011b nep\u0159edstavoval v\u00fdrazn\u011bj\u0161\u00ed p\u0159ek\u00e1\u017eku.<\/p>\n<p>Tak hur\u00e1 v\u00a0sobotu do j\u00e1my lvov\u00e9.<\/p>\n<p><strong>Branky:<\/strong> 37. Richarlison &#8211; 32. Phil Foden, 63. Riyad Mahrez, 77. Bernardo Silva<\/p>\n<p><strong>\u017dK:<\/strong> 28. Abdoulaye Doucour\u00e9, 45. Richarlison &#8211; 67. Raheem Sterling<\/p>\n<p><strong>Everton:<\/strong> Jordan Pickford, Lucas Digne, Ben Godfrey, Michael Keane, Yerry Mina (18. S\u00e9amus Coleman), Mason Holgate, Gylfi Sigurdsson, Abdoulaye Doucour\u00e9, Alex Iwobi (69. Joshua King), Tom Davies (69. James Rodr\u00edguez), Richarlison<\/p>\n<p><strong>Manchester City:<\/strong> Ederson, Kyle Walker, Jo\u00e3o Cancelo, Aymeric Laporte, R\u00faben Dias, Bernardo Silva, Rodri (90. Fernandinho), Phil Foden, Riyad Mahrez, Raheem Sterling (80. Kevin De Bruyne), Gabriel Jesus<\/p>\n<p><strong>Rozhod\u010d\u00ed:<\/strong> Andre Marriner<\/p>\n<p><strong>Bez div\u00e1k\u016f<\/strong><\/p>\n","protected":false},"excerpt":{"rendered":"<p>Ligov\u00e1 dohr\u00e1vka 16. kola \u017e\u00e1dn\u00e9 p\u0159ekvapen\u00ed nep\u0159inesla. Suver\u00e9nn\u00ed Citizens nat\u00e1hli v\u00edt\u011bznou \u0161\u0148\u016fru na 12 ligov\u00fdch z\u00e1pas\u016f, zat\u00edmco Everton prohr\u00e1l podruh\u00e9 v \u0159ad\u011b.<\/p>\n","protected":false},"author":6,"featured_media":14204,"comment_status":"open","ping_status":"closed","sticky":false,"template":"","format":"standard","meta":{"_eb_attr":"","_monsterinsights_skip_tracking":false,"_monsterinsights_sitenote_active":false,"_monsterinsights_sitenote_note":"","_monsterinsights_sitenote_category":0,"footnotes":""},"categories":[4],"tags":[],"yoast_head":"<!-- This site is optimized with the Yoast SEO plugin v23.4 - https:\/\/yoast.com\/wordpress\/plugins\/seo\/ -->\n<title>Everton \u2013 Manchester City 1:3 - Official Czech &amp; Slovak Everton Supporters&#039; Club<\/title>\n<meta name=\"description\" content=\"Ligov\u00e1 dohr\u00e1vka 16. kola \u017e\u00e1dn\u00e9 p\u0159ekvapen\u00ed nep\u0159inesla. Suver\u00e9nn\u00ed Citizens nat\u00e1hli v\u00edt\u011bznou \u0161\u0148\u016fru na 12 z\u00e1pas\u016f, zat\u00edmco Everton prohr\u00e1l podruh\u00e9 v \u0159ad\u011b.\" \/>\n<meta name=\"robots\" content=\"index, follow, max-snippet:-1, max-image-preview:large, max-video-preview:-1\" \/>\n<link rel=\"canonical\" href=\"https:\/\/evertonfc.cz\/index.php\/2021\/02\/17\/everton-manchester-city-1-3\/\" \/>\n<meta property=\"og:locale\" content=\"cs_CZ\" \/>\n<meta property=\"og:type\" content=\"article\" \/>\n<meta property=\"og:title\" content=\"Everton \u2013 Manchester City 1:3 - Official Czech &amp; Slovak Everton Supporters&#039; Club\" \/>\n<meta property=\"og:description\" content=\"Ligov\u00e1 dohr\u00e1vka 16. kola \u017e\u00e1dn\u00e9 p\u0159ekvapen\u00ed nep\u0159inesla. Suver\u00e9nn\u00ed Citizens nat\u00e1hli v\u00edt\u011bznou \u0161\u0148\u016fru na 12 z\u00e1pas\u016f, zat\u00edmco Everton prohr\u00e1l podruh\u00e9 v \u0159ad\u011b.\" \/>\n<meta property=\"og:url\" content=\"https:\/\/evertonfc.cz\/index.php\/2021\/02\/17\/everton-manchester-city-1-3\/\" \/>\n<meta property=\"og:site_name\" content=\"Official Czech &amp; Slovak Everton Supporters&#039; Club\" \/>\n<meta property=\"article:publisher\" content=\"https:\/\/www.facebook.com\/everton.fans.cz.sk\" \/>\n<meta property=\"article:published_time\" content=\"2021-02-17T22:17:51+00:00\" \/>\n<meta property=\"article:modified_time\" content=\"2021-02-18T06:49:39+00:00\" \/>\n<meta property=\"og:image\" content=\"https:\/\/evertonfc.cz\/wp-content\/uploads\/2021\/02\/bernardo_17_2_2021.jpg\" \/>\n\t<meta property=\"og:image:width\" content=\"720\" \/>\n\t<meta property=\"og:image:height\" content=\"405\" \/>\n\t<meta property=\"og:image:type\" content=\"image\/jpeg\" \/>\n<meta name=\"author\" content=\"Ri\u010di\" \/>\n<meta name=\"twitter:card\" content=\"summary_large_image\" \/>\n<meta name=\"twitter:creator\" content=\"@rbrejsa\" \/>\n<meta name=\"twitter:label1\" content=\"Napsal(a)\" \/>\n\t<meta name=\"twitter:data1\" content=\"Ri\u010di\" \/>\n\t<meta name=\"twitter:label2\" content=\"Odhadovan\u00e1 doba \u010dten\u00ed\" \/>\n\t<meta name=\"twitter:data2\" content=\"2 minuty\" \/>\n<script type=\"application\/ld+json\" class=\"yoast-schema-graph\">{\"@context\":\"https:\/\/schema.org\",\"@graph\":[{\"@type\":\"Article\",\"@id\":\"https:\/\/evertonfc.cz\/index.php\/2021\/02\/17\/everton-manchester-city-1-3\/#article\",\"isPartOf\":{\"@id\":\"https:\/\/evertonfc.cz\/index.php\/2021\/02\/17\/everton-manchester-city-1-3\/\"},\"author\":{\"name\":\"Ri\u010di\",\"@id\":\"https:\/\/evertonfc.cz\/#\/schema\/person\/f7a5daedb2ffee98480bc70e191aaef1\"},\"headline\":\"Everton \u2013 Manchester City 1:3\",\"datePublished\":\"2021-02-17T22:17:51+00:00\",\"dateModified\":\"2021-02-18T06:49:39+00:00\",\"mainEntityOfPage\":{\"@id\":\"https:\/\/evertonfc.cz\/index.php\/2021\/02\/17\/everton-manchester-city-1-3\/\"},\"wordCount\":536,\"commentCount\":10,\"publisher\":{\"@id\":\"https:\/\/evertonfc.cz\/#organization\"},\"image\":{\"@id\":\"https:\/\/evertonfc.cz\/index.php\/2021\/02\/17\/everton-manchester-city-1-3\/#primaryimage\"},\"thumbnailUrl\":\"https:\/\/evertonfc.cz\/wp-content\/uploads\/2021\/02\/bernardo_17_2_2021.jpg\",\"articleSection\":[\"Z\u00e1pasy\"],\"inLanguage\":\"cs\",\"potentialAction\":[{\"@type\":\"CommentAction\",\"name\":\"Comment\",\"target\":[\"https:\/\/evertonfc.cz\/index.php\/2021\/02\/17\/everton-manchester-city-1-3\/#respond\"]}]},{\"@type\":\"WebPage\",\"@id\":\"https:\/\/evertonfc.cz\/index.php\/2021\/02\/17\/everton-manchester-city-1-3\/\",\"url\":\"https:\/\/evertonfc.cz\/index.php\/2021\/02\/17\/everton-manchester-city-1-3\/\",\"name\":\"Everton \u2013 Manchester City 1:3 - Official Czech &amp; Slovak Everton Supporters&#039; Club\",\"isPartOf\":{\"@id\":\"https:\/\/evertonfc.cz\/#website\"},\"primaryImageOfPage\":{\"@id\":\"https:\/\/evertonfc.cz\/index.php\/2021\/02\/17\/everton-manchester-city-1-3\/#primaryimage\"},\"image\":{\"@id\":\"https:\/\/evertonfc.cz\/index.php\/2021\/02\/17\/everton-manchester-city-1-3\/#primaryimage\"},\"thumbnailUrl\":\"https:\/\/evertonfc.cz\/wp-content\/uploads\/2021\/02\/bernardo_17_2_2021.jpg\",\"datePublished\":\"2021-02-17T22:17:51+00:00\",\"dateModified\":\"2021-02-18T06:49:39+00:00\",\"description\":\"Ligov\u00e1 dohr\u00e1vka 16. kola \u017e\u00e1dn\u00e9 p\u0159ekvapen\u00ed nep\u0159inesla. Suver\u00e9nn\u00ed Citizens nat\u00e1hli v\u00edt\u011bznou \u0161\u0148\u016fru na 12 z\u00e1pas\u016f, zat\u00edmco Everton prohr\u00e1l podruh\u00e9 v \u0159ad\u011b.\",\"breadcrumb\":{\"@id\":\"https:\/\/evertonfc.cz\/index.php\/2021\/02\/17\/everton-manchester-city-1-3\/#breadcrumb\"},\"inLanguage\":\"cs\",\"potentialAction\":[{\"@type\":\"ReadAction\",\"target\":[\"https:\/\/evertonfc.cz\/index.php\/2021\/02\/17\/everton-manchester-city-1-3\/\"]}]},{\"@type\":\"ImageObject\",\"inLanguage\":\"cs\",\"@id\":\"https:\/\/evertonfc.cz\/index.php\/2021\/02\/17\/everton-manchester-city-1-3\/#primaryimage\",\"url\":\"https:\/\/evertonfc.cz\/wp-content\/uploads\/2021\/02\/bernardo_17_2_2021.jpg\",\"contentUrl\":\"https:\/\/evertonfc.cz\/wp-content\/uploads\/2021\/02\/bernardo_17_2_2021.jpg\",\"width\":720,\"height\":405},{\"@type\":\"BreadcrumbList\",\"@id\":\"https:\/\/evertonfc.cz\/index.php\/2021\/02\/17\/everton-manchester-city-1-3\/#breadcrumb\",\"itemListElement\":[{\"@type\":\"ListItem\",\"position\":1,\"name\":\"Home\",\"item\":\"https:\/\/evertonfc.cz\/\"},{\"@type\":\"ListItem\",\"position\":2,\"name\":\"Everton \u2013 Manchester City 1:3\"}]},{\"@type\":\"WebSite\",\"@id\":\"https:\/\/evertonfc.cz\/#website\",\"url\":\"https:\/\/evertonfc.cz\/\",\"name\":\"Official Czech &amp; Slovak Everton Supporters&#039; Club\",\"description\":\"\",\"publisher\":{\"@id\":\"https:\/\/evertonfc.cz\/#organization\"},\"potentialAction\":[{\"@type\":\"SearchAction\",\"target\":{\"@type\":\"EntryPoint\",\"urlTemplate\":\"https:\/\/evertonfc.cz\/?s={search_term_string}\"},\"query-input\":{\"@type\":\"PropertyValueSpecification\",\"valueRequired\":true,\"valueName\":\"search_term_string\"}}],\"inLanguage\":\"cs\"},{\"@type\":\"Organization\",\"@id\":\"https:\/\/evertonfc.cz\/#organization\",\"name\":\"Official Czech & Slovak Everton Supporters' Club\",\"url\":\"https:\/\/evertonfc.cz\/\",\"logo\":{\"@type\":\"ImageObject\",\"inLanguage\":\"cs\",\"@id\":\"https:\/\/evertonfc.cz\/#\/schema\/logo\/image\/\",\"url\":\"https:\/\/evertonfc.cz\/wp-content\/uploads\/2019\/05\/logo.png\",\"contentUrl\":\"https:\/\/evertonfc.cz\/wp-content\/uploads\/2019\/05\/logo.png\",\"width\":112,\"height\":112,\"caption\":\"Official Czech & Slovak Everton Supporters' Club\"},\"image\":{\"@id\":\"https:\/\/evertonfc.cz\/#\/schema\/logo\/image\/\"},\"sameAs\":[\"https:\/\/www.facebook.com\/everton.fans.cz.sk\"]},{\"@type\":\"Person\",\"@id\":\"https:\/\/evertonfc.cz\/#\/schema\/person\/f7a5daedb2ffee98480bc70e191aaef1\",\"name\":\"Ri\u010di\",\"sameAs\":[\"https:\/\/x.com\/rbrejsa\"],\"url\":\"https:\/\/evertonfc.cz\/index.php\/author\/rici\/\"}]}<\/script>\n<!-- \/ Yoast SEO plugin. -->","yoast_head_json":{"title":"Everton \u2013 Manchester City 1:3 - Official Czech &amp; Slovak Everton Supporters&#039; Club","description":"Ligov\u00e1 dohr\u00e1vka 16. kola \u017e\u00e1dn\u00e9 p\u0159ekvapen\u00ed nep\u0159inesla. Suver\u00e9nn\u00ed Citizens nat\u00e1hli v\u00edt\u011bznou \u0161\u0148\u016fru na 12 z\u00e1pas\u016f, zat\u00edmco Everton prohr\u00e1l podruh\u00e9 v \u0159ad\u011b.","robots":{"index":"index","follow":"follow","max-snippet":"max-snippet:-1","max-image-preview":"max-image-preview:large","max-video-preview":"max-video-preview:-1"},"canonical":"https:\/\/evertonfc.cz\/index.php\/2021\/02\/17\/everton-manchester-city-1-3\/","og_locale":"cs_CZ","og_type":"article","og_title":"Everton \u2013 Manchester City 1:3 - Official Czech &amp; Slovak Everton Supporters&#039; Club","og_description":"Ligov\u00e1 dohr\u00e1vka 16. kola \u017e\u00e1dn\u00e9 p\u0159ekvapen\u00ed nep\u0159inesla. Suver\u00e9nn\u00ed Citizens nat\u00e1hli v\u00edt\u011bznou \u0161\u0148\u016fru na 12 z\u00e1pas\u016f, zat\u00edmco Everton prohr\u00e1l podruh\u00e9 v \u0159ad\u011b.","og_url":"https:\/\/evertonfc.cz\/index.php\/2021\/02\/17\/everton-manchester-city-1-3\/","og_site_name":"Official Czech &amp; Slovak Everton Supporters&#039; Club","article_publisher":"https:\/\/www.facebook.com\/everton.fans.cz.sk","article_published_time":"2021-02-17T22:17:51+00:00","article_modified_time":"2021-02-18T06:49:39+00:00","og_image":[{"width":720,"height":405,"url":"https:\/\/evertonfc.cz\/wp-content\/uploads\/2021\/02\/bernardo_17_2_2021.jpg","type":"image\/jpeg"}],"author":"Ri\u010di","twitter_card":"summary_large_image","twitter_creator":"@rbrejsa","twitter_misc":{"Napsal(a)":"Ri\u010di","Odhadovan\u00e1 doba \u010dten\u00ed":"2 minuty"},"schema":{"@context":"https:\/\/schema.org","@graph":[{"@type":"Article","@id":"https:\/\/evertonfc.cz\/index.php\/2021\/02\/17\/everton-manchester-city-1-3\/#article","isPartOf":{"@id":"https:\/\/evertonfc.cz\/index.php\/2021\/02\/17\/everton-manchester-city-1-3\/"},"author":{"name":"Ri\u010di","@id":"https:\/\/evertonfc.cz\/#\/schema\/person\/f7a5daedb2ffee98480bc70e191aaef1"},"headline":"Everton \u2013 Manchester City 1:3","datePublished":"2021-02-17T22:17:51+00:00","dateModified":"2021-02-18T06:49:39+00:00","mainEntityOfPage":{"@id":"https:\/\/evertonfc.cz\/index.php\/2021\/02\/17\/everton-manchester-city-1-3\/"},"wordCount":536,"commentCount":10,"publisher":{"@id":"https:\/\/evertonfc.cz\/#organization"},"image":{"@id":"https:\/\/evertonfc.cz\/index.php\/2021\/02\/17\/everton-manchester-city-1-3\/#primaryimage"},"thumbnailUrl":"https:\/\/evertonfc.cz\/wp-content\/uploads\/2021\/02\/bernardo_17_2_2021.jpg","articleSection":["Z\u00e1pasy"],"inLanguage":"cs","potentialAction":[{"@type":"CommentAction","name":"Comment","target":["https:\/\/evertonfc.cz\/index.php\/2021\/02\/17\/everton-manchester-city-1-3\/#respond"]}]},{"@type":"WebPage","@id":"https:\/\/evertonfc.cz\/index.php\/2021\/02\/17\/everton-manchester-city-1-3\/","url":"https:\/\/evertonfc.cz\/index.php\/2021\/02\/17\/everton-manchester-city-1-3\/","name":"Everton \u2013 Manchester City 1:3 - Official Czech &amp; Slovak Everton Supporters&#039; Club","isPartOf":{"@id":"https:\/\/evertonfc.cz\/#website"},"primaryImageOfPage":{"@id":"https:\/\/evertonfc.cz\/index.php\/2021\/02\/17\/everton-manchester-city-1-3\/#primaryimage"},"image":{"@id":"https:\/\/evertonfc.cz\/index.php\/2021\/02\/17\/everton-manchester-city-1-3\/#primaryimage"},"thumbnailUrl":"https:\/\/evertonfc.cz\/wp-content\/uploads\/2021\/02\/bernardo_17_2_2021.jpg","datePublished":"2021-02-17T22:17:51+00:00","dateModified":"2021-02-18T06:49:39+00:00","description":"Ligov\u00e1 dohr\u00e1vka 16. kola \u017e\u00e1dn\u00e9 p\u0159ekvapen\u00ed nep\u0159inesla. Suver\u00e9nn\u00ed Citizens nat\u00e1hli v\u00edt\u011bznou \u0161\u0148\u016fru na 12 z\u00e1pas\u016f, zat\u00edmco Everton prohr\u00e1l podruh\u00e9 v \u0159ad\u011b.","breadcrumb":{"@id":"https:\/\/evertonfc.cz\/index.php\/2021\/02\/17\/everton-manchester-city-1-3\/#breadcrumb"},"inLanguage":"cs","potentialAction":[{"@type":"ReadAction","target":["https:\/\/evertonfc.cz\/index.php\/2021\/02\/17\/everton-manchester-city-1-3\/"]}]},{"@type":"ImageObject","inLanguage":"cs","@id":"https:\/\/evertonfc.cz\/index.php\/2021\/02\/17\/everton-manchester-city-1-3\/#primaryimage","url":"https:\/\/evertonfc.cz\/wp-content\/uploads\/2021\/02\/bernardo_17_2_2021.jpg","contentUrl":"https:\/\/evertonfc.cz\/wp-content\/uploads\/2021\/02\/bernardo_17_2_2021.jpg","width":720,"height":405},{"@type":"BreadcrumbList","@id":"https:\/\/evertonfc.cz\/index.php\/2021\/02\/17\/everton-manchester-city-1-3\/#breadcrumb","itemListElement":[{"@type":"ListItem","position":1,"name":"Home","item":"https:\/\/evertonfc.cz\/"},{"@type":"ListItem","position":2,"name":"Everton \u2013 Manchester City 1:3"}]},{"@type":"WebSite","@id":"https:\/\/evertonfc.cz\/#website","url":"https:\/\/evertonfc.cz\/","name":"Official Czech &amp; Slovak Everton Supporters&#039; Club","description":"","publisher":{"@id":"https:\/\/evertonfc.cz\/#organization"},"potentialAction":[{"@type":"SearchAction","target":{"@type":"EntryPoint","urlTemplate":"https:\/\/evertonfc.cz\/?s={search_term_string}"},"query-input":{"@type":"PropertyValueSpecification","valueRequired":true,"valueName":"search_term_string"}}],"inLanguage":"cs"},{"@type":"Organization","@id":"https:\/\/evertonfc.cz\/#organization","name":"Official Czech & Slovak Everton Supporters' Club","url":"https:\/\/evertonfc.cz\/","logo":{"@type":"ImageObject","inLanguage":"cs","@id":"https:\/\/evertonfc.cz\/#\/schema\/logo\/image\/","url":"https:\/\/evertonfc.cz\/wp-content\/uploads\/2019\/05\/logo.png","contentUrl":"https:\/\/evertonfc.cz\/wp-content\/uploads\/2019\/05\/logo.png","width":112,"height":112,"caption":"Official Czech & Slovak Everton Supporters' Club"},"image":{"@id":"https:\/\/evertonfc.cz\/#\/schema\/logo\/image\/"},"sameAs":["https:\/\/www.facebook.com\/everton.fans.cz.sk"]},{"@type":"Person","@id":"https:\/\/evertonfc.cz\/#\/schema\/person\/f7a5daedb2ffee98480bc70e191aaef1","name":"Ri\u010di","sameAs":["https:\/\/x.com\/rbrejsa"],"url":"https:\/\/evertonfc.cz\/index.php\/author\/rici\/"}]}},"_links":{"self":[{"href":"https:\/\/evertonfc.cz\/index.php\/wp-json\/wp\/v2\/posts\/14205"}],"collection":[{"href":"https:\/\/evertonfc.cz\/index.php\/wp-json\/wp\/v2\/posts"}],"about":[{"href":"https:\/\/evertonfc.cz\/index.php\/wp-json\/wp\/v2\/types\/post"}],"author":[{"embeddable":true,"href":"https:\/\/evertonfc.cz\/index.php\/wp-json\/wp\/v2\/users\/6"}],"replies":[{"embeddable":true,"href":"https:\/\/evertonfc.cz\/index.php\/wp-json\/wp\/v2\/comments?post=14205"}],"version-history":[{"count":6,"href":"https:\/\/evertonfc.cz\/index.php\/wp-json\/wp\/v2\/posts\/14205\/revisions"}],"predecessor-version":[{"id":14213,"href":"https:\/\/evertonfc.cz\/index.php\/wp-json\/wp\/v2\/posts\/14205\/revisions\/14213"}],"wp:featuredmedia":[{"embeddable":true,"href":"https:\/\/evertonfc.cz\/index.php\/wp-json\/wp\/v2\/media\/14204"}],"wp:attachment":[{"href":"https:\/\/evertonfc.cz\/index.php\/wp-json\/wp\/v2\/media?parent=14205"}],"wp:term":[{"taxonomy":"category","embeddable":true,"href":"https:\/\/evertonfc.cz\/index.php\/wp-json\/wp\/v2\/categories?post=14205"},{"taxonomy":"post_tag","embeddable":true,"href":"https:\/\/evertonfc.cz\/index.php\/wp-json\/wp\/v2\/tags?post=14205"}],"curies":[{"name":"wp","href":"https:\/\/api.w.org\/{rel}","templated":true}]}}