{"id":14215,"date":"2021-02-19T08:50:14","date_gmt":"2021-02-19T07:50:14","guid":{"rendered":"https:\/\/evertonfc.cz\/?p=14215"},"modified":"2021-02-19T11:41:16","modified_gmt":"2021-02-19T10:41:16","slug":"merseyside-derby-face-off","status":"publish","type":"post","link":"https:\/\/evertonfc.cz\/index.php\/2021\/02\/19\/merseyside-derby-face-off\/","title":{"rendered":"Merseyside derby Face Off"},"content":{"rendered":"<h4>Na duel mestsk\u00fdch rivalov sme sa pozreli ve\u013emi zbl\u00edzka. V pomyselnom oku b\u00farky sme konfrontovali svoje n\u00e1zory s antip\u00f3lom n\u00e1\u0161ho webu \u2013 LFCway.com<\/h4>\n<p><em>238. stretnutie rivalov prin\u00e1\u0161a mo\u017enos\u0165 \u010deli\u0165 druhej strane barik\u00e1dy. A hoci na z\u00e1pade ni\u010d nov\u00e9, st\u00e1le sa n\u00e1jde ochota zdie\u013ea\u0165 poh\u013eady na v\u00fdvoj ve\u010dnej bitky sebe vlastn\u00e9ho \u201edobra a zla\u201c. Toto nie je tradi\u010dn\u00fd predz\u00e1pasov\u00fd rozhovor. Toto je tv\u00e1rou v tv\u00e1r, bez masiek, z\u00e1bran a aj oplzlost\u00ed. Tie pre v\u00e1s aspo\u0148 na chv\u00ed\u013eu odhodili za modr\u00fa stranu Roman, a.k.a BlueBlooded z evertonfc.cz, a za \u010derven\u00fa redaktor <a href=\"https:\/\/lfcway.com\/\" target=\"_blank\" rel=\"noopener\">lfcway.com<\/a> Pali, alias <a href=\"https:\/\/lfcway.com\/author\/fabio21\/\" target=\"_blank\" rel=\"noopener\">Fabio21<\/a>. <\/em><\/p>\n<h4><span style=\"font-size: 12pt;\"><strong><em>BlueBlooded:<\/em><\/strong><\/span><\/h4>\n<p>Ako osloven\u00fd si beriem slovo takto drzo na \u00favod. Ale len pre zi\u0161tn\u00e9 \u00fa\u010dely. Ako tomu bolo pri na\u0161om <a href=\"https:\/\/lfcway.com\/a-team\/don-carlo-vs-jurgen-a-minimalne-4-goly-tak-to-vidi-modra-strana-liverpoolu\/\" target=\"_blank\" rel=\"noopener\">prvom rozhovore pre v\u00e1\u0161 web e\u0161te v\u00a0okt\u00f3bri<\/a>, kde ma u\u017e teda poznaj\u00fa, pri tomto prvom spolo\u010dnom pre oba weby \u0165a popros\u00edm o\u00a0vizitku pre na\u0161e modr\u00e9 obecenstvo. Ako si sa dostal k\u00a0uctievaniu takej pochybnej bandy The Reds a\u00a0redaktor\u010dine na lfcway.com?<\/p>\n<h4><span style=\"font-size: 12pt;\"><strong><em>Fabio21:<\/em><\/strong><\/span><\/h4>\n<p>Tro\u0161ku sa rozp\u00ed\u0161em, traduje sa o mne toti\u017e, \u017ee som &#8222;dr\u017eka nevym\u00e1chan\u00e1&#8220;. Futbal ako tak\u00fd sledujem od 1994. Najprv som fandil Juventusu, e\u0161te ke\u010f za\u0148 hrali Del Piero, Ravanelli, Torricelli, Deschamps a podobne. Potom som sa k LFC dostal cca v 1999, kedy som sa ako zberate\u013e suven\u00edrov dostal k materi\u00e1lom z Anfieldu a zauj\u00edmal sa o\u0148. Ako inak, vtedy len prostredn\u00edctvom rel\u00e1cie Eurog\u00f3ly, v pondelok ve\u010der na STV. N\u00e1sledne z\u00e1ujem o futbal vyprchal, ke\u010f\u017ee pri pobyte na intern\u00e1te s\u00fa okrem \u0161t\u00fadia in\u00e9 priority.<\/p>\n<p>Teraz r\u00fdchly \u010dasov\u00fd presun. Na n\u00e1\u0161 web som narazil a\u017e po tom, \u010do som na\u0161iel in\u00fd, venuj\u00faci sa tie\u017e LFC. No tam to pre m\u0148a p\u00f4sobilo dos\u0165 chaoticky a ke\u010f\u017ee m\u00e1m r\u00e1d poriadok, \u010falej som to nerie\u0161il. Na lfcway.com p\u00f4sob\u00edm cca 3 roky a bav\u00ed ma to. V\u0161eobecne m\u00e1m r\u00e1d slohy a p\u00edsanie \u010dl\u00e1nkov. Tak\u017ee som sk\u00f4r slohov\u00fd tane\u010dn\u00edk, ako liter\u00e1rny akrobat.<\/p>\n<h4><span style=\"font-size: 12pt;\"><strong><em>BlueBlooded:<\/em><\/strong><\/span><\/h4>\n<p>No, to ja som mal popri \u0161t\u00fadiu presne opa\u010dn\u00fd probl\u00e9m, futbalu mi bolo v\u017edy m\u00e1lo. No ale k\u00a0t\u00e9me, na L4 sa op\u00e4\u0165 schy\u013euje k ostrej\u00a0v\u00fdmene futbalov\u00fdch n\u00e1zorov! Te\u0161\u00ed\u0161 sa? Ja moment\u00e1lne neviem op\u00edsa\u0165 tento m\u00f4j stav. Z\u00e1rove\u0148 sa te\u0161\u00edm, ale niekde vn\u00fatri panuje ist\u00e1 nervozita z\u00a0v\u00fdsledku a\u00a0jeho dopadov na zvy\u0161ok na na\u0161ej sez\u00f3ny. Predpoklad\u00e1m, \u017ee nie\u010do podobn\u00e9 m\u00f4\u017ee by\u0165 aj u\u00a0v\u00e1s, alebo sa m\u00fdlim?<\/p>\n<div id=\"attachment_12558\" style=\"width: 730px\" class=\"wp-caption aligncenter\"><img loading=\"lazy\" decoding=\"async\" aria-describedby=\"caption-attachment-12558\" class=\"wp-image-12558 size-full\" src=\"https:\/\/evertonfc.cz\/wp-content\/uploads\/2020\/10\/Calvert-Lewin-derby-Everton-FC-17-10-2020.jpg\" alt=\"\" width=\"720\" height=\"405\" srcset=\"https:\/\/evertonfc.cz\/wp-content\/uploads\/2020\/10\/Calvert-Lewin-derby-Everton-FC-17-10-2020.jpg 720w, https:\/\/evertonfc.cz\/wp-content\/uploads\/2020\/10\/Calvert-Lewin-derby-Everton-FC-17-10-2020-300x169.jpg 300w\" sizes=\"(max-width: 720px) 100vw, 720px\" \/><p id=\"caption-attachment-12558\" class=\"wp-caption-text\"><span style=\"font-size: 8pt;\">Dominic Calvert-Lewin stanovuje v\u00fdsledok prv\u00e9ho Merseyside derby v sez\u00f3ne 2020\/21 (fotozdroj: Laurence Griffiths\/Getty Images).<\/span><\/p><\/div>\n<h4><span style=\"font-size: 12pt;\"><strong><em>Fabio21:<\/em><\/strong><\/span><\/h4>\n<p>Te\u0161\u00edm sa na ka\u017ed\u00fd z\u00e1pas LFC, aj ke\u010f tej radosti pri ich sledovan\u00ed je v poslednom \u010dase pomenej. Preto si nedovol\u00edm odhadn\u00fa\u0165, \u010do zvy\u0161ok sez\u00f3ny prinesie, \u010di u\u017e u n\u00e1s alebo v\u0161eobecne v r\u00e1mci celej ligy. Je to kli\u0161\u00e9, ale najd\u00f4le\u017eitej\u0161\u00ed je najbli\u017e\u0161\u00ed z\u00e1pas. \u010cak\u00e1 n\u00e1s derby, nepochybne ostro sledovan\u00fd duel. Tak\u017ee si so sebou v sobotu nezabudnite vzia\u0165 vrece na g\u00f3ly. Mus\u00edme sa chyti\u0165, ako inak, ne\u017e v susedskom dueli, hej\u017ee?<\/p>\n<p>Na druh\u00fa stranu, prich\u00e1dza prekvapenie sez\u00f3ny, aj ke\u010f teraz sa u\u017e tabu\u013eka mie\u0161a ka\u017ed\u00fdm t\u00fd\u017ed\u0148om, ak nie \u010dastej\u0161ie. Vyznie to s\u00edce divne, ked\u017ee sme pustili perie s Burnley \u010di Brightonom, ale ned\u00e1 mi: vy sfackujete Mourinha v FA Cupe, Carlo si v k\u013eude up\u00edja k\u00e1vi\u010dku, a potom s\u00fa tu t\u00edmy z podpalubia (Newcastle a Fulham) a nie ste schopn\u00ed doma sk\u00f3rova\u0165? To u\u017e zav\u00e1\u0148a plagi\u00e1torstvom z\u00a0Anfieldu.<\/p>\n<h4><span style=\"font-size: 12pt;\"><strong><em>BlueBlooded:<\/em><\/strong><\/span><\/h4>\n<p>Ale, a \u010do tak predimenzovane? Vzh\u013eadom na va\u0161e febru\u00e1rov\u00e9 trojg\u00f3lov\u00e9 suchoty si mysl\u00edm, \u017ee n\u00e1m bude v\u00a0pohode sta\u010di\u0165 nejak\u00e1 pr\u00edru\u010dn\u00e1 ta\u0161ti\u010dka. Nie\u010do praktick\u00e9, nech k\u00a0sebe lad\u00edme. A\u00a0inak si nemysl\u00edm, \u017ee by sme nie\u010do plagiovali. Ako inak, aj v\u00a0tomto sme boli prv\u00ed, minim\u00e1lne t\u00fato sez\u00f3nu. Zav\u00e1hania s\u00a0najslab\u0161\u00edmi akosi m\u00e1me v\u00a0krvi u\u017e nejak\u00fd ten rok. \u010co ma mrz\u00ed samozrejme, ale z\u00e1rove\u0148 nap\u013a\u0148a d\u00f4verou. Preto\u017ee pr\u00e1ve proti \u0165a\u017ek\u00fdm v\u00e1ham sa vieme namotivova\u0165. A\u00a0toho by ste sa mo\u017eno mali b\u00e1\u0165 pri va\u0161ej s\u00fa\u010dasnej situ\u00e1cii. Ste tam u\u00a0v\u00e1s v\u0161etci u\u017e zmieren\u00ed s\u00a0neobh\u00e1jen\u00edm ligov\u00e9ho tr\u00f3nu?<\/p>\n<h4><span style=\"font-size: 12pt;\"><strong><em>Fabio21:<\/em><\/strong><\/span><\/h4>\n<p>No, vzh\u013eadom k posledn\u00fdm v\u00fdsledkom u\u017e asi nie sme \u0165a\u017ek\u00e1 v\u00e1ha, tak\u017ee oh\u013eadom motiv\u00e1cie ostane len pri pr\u00edvlastku &#8222;mestsk\u00e9 derby&#8220;. Presne ako p\u00ed\u0161e\u0161, po t\u00fdch turbulenci\u00e1ch s\u00e1m za seba vrav\u00edm, \u017ee titul nie \u017ee je v nedoh\u013eadne, ale a\u017e za horizontom. \u0160molkovia sa na \u010dele utrhli a zvy\u0161ok si to rozd\u00e1 o TOP4, resp. poh\u00e1rov\u00e9 prie\u010dky. Potrebujeme kdejak\u00fd, \u010do i len minim\u00e1lny impulz, aby si to zase sadlo. E\u0161te\u017ee sme zvl\u00e1dli prv\u00fd z\u00e1pas osemfin\u00e1le proti Lipsku, to je vzpruha. Sn\u00e1\u010f sa od toho dok\u00e1\u017eeme odrazi\u0165.<\/p>\n<p>Su\u017euj\u00fa n\u00e1s zranenia, da\u0148 za \u00fazky, a miestami nesk\u00fasen\u00fd k\u00e1der, je namieste. Tak\u017ee hore hlavy beda\u010d, ni\u010d nie je straten\u00e9. Bolo by ne\u00faspechom skon\u010di\u0165 sez\u00f3nu bez poh\u00e1rov resp. Eur\u00f3py. O to sa ale neboj\u00edm, ver\u00edm, \u017ee TOP4 urveme, aj ke\u010f to bude hnusn\u00fd futbal, chcem body.<\/p>\n<h4><span style=\"font-size: 12pt;\"><strong><em>BlueBlooded:<\/em><\/strong><\/span><\/h4>\n<p>Hnusn\u00fd futbal. To je nie\u010do, \u010do si s\u00a0LFC neasociujem. Bohu\u017eia\u013e. A\u00a0ak som si vedom\u00fd, tak tak\u00fdm sp\u00f4sobom sa neprezentujete. Ver mi, za\u017eili sme si so\u00a0Samom Allardyceom. A\u00a0okrem toho, never\u00edm, \u017ee by sa Klopp vedel uch\u00fdli\u0165 k\u00a0nie\u010domu tak\u00e9mu, tob\u00f4\u017e fan\u00fa\u0161ikovia. Jedine, \u017ee by v\u00e1m p\u00e4\u0165 rokov nonstop heavy metalu za\u010dalo vadi\u0165, \u010di?<\/p>\n<p>Ale spomenul si t\u00fa da\u0148. M\u0148a vlastne a\u017e zarazilo, ke\u010f som zistil, ako ste posledn\u00e9 dva roky, d\u00e1 sa poveda\u0165 podcenili vystu\u017eenie labiln\u00e9ho k\u00e1dra. Na koho plecia to ide? Klopp nechce masy, alebo Fenway nem\u00e1 prostriedky\/nechce financova\u0165? Predsa len, boli ste vicemajstrami, aj majstrami Eur\u00f3py, potom titul&#8230;<\/p>\n<h4><span style=\"font-size: 12pt;\"><strong><em>Fabio21:<\/em><\/strong><\/span><\/h4>\n<p>\u00c1no, ak bodujeme, tak na ihrisku aj dominujeme, herne a aj na kr\u00e1su. Sk\u00f4r to teraz smerujem tak, \u017ee aj ke\u010f to nebude oku lahodiaci futbal, ale zv\u00ed\u0165az\u00edme, budem spokojn\u00fd. Osobne m\u00e1m rad\u0161ej futbal hore-dole a 4:3, ne\u017e v 10. min\u00fate g\u00f3l a potom \u010d\u00ednsky m\u00far. Toto je ale proti Kloppovej strat\u00e9gii, tak\u017ee nem\u00e1m obavy, \u017ee by sa radik\u00e1lne menil \u0161t\u00fdl. Na druh\u00fa stranu, v z\u00e1lohe ani nie je playmaker, ktor\u00fd by tvoril hru. Thiago e\u0161te nenaplnil to, \u010do ho zdobilo v Bayerne.<\/p>\n<p>Hmm, to\u013eko omie\u013ean\u00e1 ot\u00e1zka, na ktor\u00fa by vedel odpoveda\u0165 iba tr\u00e9ner Klopp a p\u00e1ni z FSG. Je verejn\u00fdm tajomstvom, \u017ee Klopp r\u00e1d pracuje s \u00fazkym k\u00e1drom a pr\u00e1ve na to teraz doplatil. Tak\u017ee netu\u0161\u00edm, \u010di mal zviazan\u00e9 ruky a FSG zavrela koh\u00fatiky, ale teraz sa &#8222;efekt&#8220; dostavil. 10 hr\u00e1\u010dov na listine zranen\u00fdch a nahusten\u00fd kalend\u00e1r.<\/p>\n<p>Tak\u017ee nie, aby ste sa zase premotivovali (pozdravujeme Jordana &#8222;Air&#8220; Pickforda a Richarlisona) a doplnili n\u00e1m lazaret. Alebo o\u010dak\u00e1va\u0161 sn\u00e1\u010f opatrn\u00e9 a taktick\u00e9 stretnutie, pozorne sledovan\u00e9 eleg\u00e1nom Carlom s k\u013eudom jemu typick\u00fdm, \u010di vyhecovan\u00fd duel, s penaltou, \u010dervenou kartou, \u00faraduj\u00facim VAR-om a na \u010diare &#8222;besniacim&#8220; Kloppom?<\/p>\n<div id=\"attachment_11193\" style=\"width: 730px\" class=\"wp-caption aligncenter\"><img loading=\"lazy\" decoding=\"async\" aria-describedby=\"caption-attachment-11193\" class=\"wp-image-11193 size-full\" src=\"https:\/\/evertonfc.cz\/wp-content\/uploads\/2020\/06\/Richarlison-Liverpool-21-6-2020.jpg\" alt=\"\" width=\"720\" height=\"405\" srcset=\"https:\/\/evertonfc.cz\/wp-content\/uploads\/2020\/06\/Richarlison-Liverpool-21-6-2020.jpg 720w, https:\/\/evertonfc.cz\/wp-content\/uploads\/2020\/06\/Richarlison-Liverpool-21-6-2020-300x169.jpg 300w\" sizes=\"(max-width: 720px) 100vw, 720px\" \/><p id=\"caption-attachment-11193\" class=\"wp-caption-text\"><span style=\"font-size: 8pt;\">Richarlison strie\u013ea na br\u00e1nu pri bezg\u00f3lovej rem\u00edze s Liverpoolom pri re\u0161tarte ligy po\u010das pand\u00e9mie koronav\u00edrusu v j\u00fani 2020. (fotozdroj. evertonfc.com)<\/span><\/p><\/div>\n<h4><span style=\"font-size: 12pt;\"><strong><em>BlueBlooded:<\/em><\/strong><\/span><\/h4>\n<p>O\u010dak\u00e1vam sk\u00f4r perliaceho, ne\u017e besniaceho Kloppa. A\u00a0v\u00a0podstate si to op\u00edsal celkom presne. Don Carlo sa rozohn\u00ed len pri paberkuj\u00facich pokusoch na\u0161ich hr\u00e1\u010dov, alebo neplnen\u00ed jeho jednoduch\u00fdch taktick\u00fdch pokynov. Inak ho priebeh z\u00e1pasu nedr\u00e1sa. Nejak\u00fd pl\u00e1n tam na mieru u\u0161it\u00fd ur\u010dite bude.<\/p>\n<p>Klasicky budeme vami zavret\u00ed na vlastnej polovici a ob\u010das stra\u0161i\u0165 pr\u00edle\u017eitostn\u00fdmi \u00fanikmi, doplnen\u00fdmi skvel\u00fdmi \u0161tadardkami. Ale \u017ee by n\u00e1m to nejako ruky-nohy zv\u00e4zovalo pri snahe v\u00e1m z\u00e1\u0161kodn\u00ed\u010di\u0165, to si rozhodne nemysl\u00edm. D\u00fafam ale, \u017ee Richarlison sa sn\u00e1\u010f pou\u010dil, Picky dostal kone\u010dne konkurenciu, tak ver\u00edm, \u017ee stav na ukazovateli sk\u00f3re bude chvalabohu za\u010d\u00edna\u0165 od 0:0. A ke\u010f u\u017e sme pri tom, zatnem do \u017eiv\u00e9ho.<\/p>\n<p>Virgil van Dijk. Nepochybne ide o\u00a0stop\u00e9ra svetov\u00fdch kval\u00edt, o\u00a0tom \u017eiadna, ale nem\u00f4\u017ee mi neudrie\u0165 do o\u010d\u00ed ak\u00e1si v\u0161eobecn\u00e1 snaha zaka\u017ed\u00fdm spomen\u00fa\u0165 jeho meno, ak sa t\u00e9ma dot\u00fdka vysvetlenia s\u00fa\u010dasn\u00e9ho str\u00e1dania Liverpoolu. Ja som to v\u00a0na\u0161om poz\u00e1pasovom reporte priznal \u2013 Pickford mal by\u0165 vyl\u00fa\u010den\u00fd. Ale n\u00e1sledn\u00e1 \u201etsunami\u201c, doslova medi\u00e1lneho lyn\u010du a\u00a0nekone\u010dn\u00e9ho neobjekt\u00edvneho otrep\u00e1vania doslovnej Shakespearovskej trag\u00e9die, sn\u00e1\u010f nemala e\u0161te obdobu.<\/p>\n<p>Ale to nie je moja pointa. O\u010dividn\u00e1 zaujatos\u0165 v\u00e4\u010d\u0161iny m\u00e9di\u00ed v\u00a0prospech \u00faspe\u0161nej\u0161\u00edch klubov je dobre zdokumentovan\u00e1. M\u0148a v\u0161ak zauj\u00edma, \u010do si o\u00a0tom ty mysl\u00ed\u0161, preto\u017ee ke\u010f sme sa v\u00a0skor\u0161\u00edch riadkoch bavili o\u00a0hlavn\u00fdch faktoroch va\u0161ej n\u00fadze, meno van Dijk nebolo v\u00fdslovne spomenut\u00e9. A\u00a0to mi nesed\u00ed v narat\u00edve, ktor\u00fd som ti pop\u00edsal.<\/p>\n<h4><span style=\"font-size: 12pt;\"><strong><em>Fabio21:<\/em><\/strong><\/span><\/h4>\n<p>Ja to beriem inak, ch\u00fdbaj\u00fa n\u00e1m predov\u0161etk\u00fdm stop\u00e9ri, preto to nem\u00e1m zameran\u00e9 len na van Dijka. A ak spom\u00edna\u0161 lyn\u010d a pod., ktor\u00fd nastal po jesennom dueli, tak v tomto som asi in\u00fd, preto\u017ee to nerie\u0161im. Stalo sa a hotovo. Nem\u00e1 zmysel \u0161pekulova\u0165, \u010di mal by\u0165 g\u00f3l, ofsajd, karta pre Pickforda at\u010f. Nepozer\u00e1m sa dozadu, t\u00fdm smerom nejdem. Je lep\u0161ie to prija\u0165 tak, ako to je a hotovo. S\u00fa veci, ktor\u00e9 nem\u00f4\u017eeme ovplyvni\u0165. D\u00f4le\u017eit\u00e9 v\u0161ak je, ako na ne zareagujeme. \u010clovek je bezprostredne po z\u00e1pase frustrovan\u00fd, ale to je tak v\u0161etko.<\/p>\n<p>Teraz budem oponova\u0165, m\u00e1m pocit, \u017ee t\u00fato sez\u00f3nu nie sme ten \u00faspe\u0161nej\u0161\u00ed klub, ktor\u00fd je \u010di u\u017e v m\u00e9di\u00e1ch, alebo aj na ihrisku prote\u017eovan\u00fd, preto\u017ee sme viac bit\u00ed ako s\u00fdti. A to nep\u00ed\u0161em ako nejak\u00fd pla\u010dko, len re\u00e1lny poh\u013ead na vec.<\/p>\n<p>Liverpool str\u00e1da, o tom \u017eiadna. V nadv\u00e4znosti na vy\u0161\u0161ie mnou uveden\u00e9, nie s\u00fa adekv\u00e1tni stop\u00e9ri, t\u00fdm p\u00e1dom ide dozadu Fabinho a Henderson. A tu u\u017e str\u00e1da z\u00e1loha, kam obaja patria a s\u00fa v nej platnej\u0161\u00ed. Tak\u017ee v z\u00e1lohe Thiago, Wijnaldum, \u010di Milner a k nim rot\u00e1cia zop\u00e1r komparzistov. Tak\u017ee jedno s druh\u00fdm \u00fazko s\u00favis\u00ed a preto to nekonkretizujem len na van Dijka. Ch\u00fdba aj Matip a J.Gomez.<\/p>\n<p>Ale inak o\u010dami nezaujat\u00e9ho div\u00e1ka som s aktu\u00e1lnym priebehom ligy spokojn\u00fd, preto\u017ee nem\u00e1m r\u00e1d hegem\u00f3niu (dobre, dobre, minul\u00fd ro\u010dn\u00edk sme to mali v predstihu v kapse o parn\u00edk). Sledujem aj ostatn\u00e9 v\u00fdsledky paralelne s meniacou sa tabu\u013ekou. M\u00e1\u0161 to rovnako \u010di len Everton a bodka? Mimochodom, sta\u010d\u00ed zvl\u00e1dnu\u0165 dohr\u00e1vky a uk\u00e1\u017eete n\u00e1m v tabu\u013eke chrb\u00e1t, to asi pote\u0161\u00ed, \u017ee?<\/p>\n<h4><span style=\"font-size: 12pt;\"><strong><em>BlueBlooded:<\/em><\/strong><\/span><\/h4>\n<p>Keby bol futbal v\u00a0podan\u00ed Evertonu tak jednoduch\u00fd ako p\u00ed\u0161e\u0161, asi by sme boli pravideln\u00fdmi \u00fa\u010dastn\u00edkmi poh\u00e1rovej Eur\u00f3py a\u00a0nevyhodili za posledn\u00fdch \u0161es\u0165 rokov \u0161tyroch tr\u00e9nerov. S\u00a0nami nikdy ni\u010d nie je jednoduch\u00e9 a\u00a0u\u017e v\u00f4bec nie priamo\u010diare. Preto bude boj 5.\/6. miesto e\u0161te ve\u013emi nam\u00e1hav\u00fd a\u00a0tvrd\u00fd, pln\u00fd zvratov. Ale a\u017e do\u00a0Top 4 by to chcelo vrece \u0161\u0165astia a\u00a0\u017eivotn\u00e1 forma v\u0161etk\u00fdch z\u00fa\u010dastnen\u00fdch.<\/p>\n<p>\u010co sa t\u00fdka \u0161ir\u0161ieho diania, tak to samozrejme sledujem. Hlavne dianie na ostrovoch, aj v\u00a0ni\u017e\u0161\u00edch lig\u00e1ch. Av\u0161ak nesledujem z\u00e1pasy in\u00fdch t\u00edmov. Nie je tam citov\u00e9 zaanga\u017eovanie. Nebav\u00ed ma to, a\u00a0u\u017e tob\u00f4\u017e nie bez div\u00e1kov. Nem\u00f4\u017eem ani pochopi\u0165, ako m\u00f4\u017ee niekto fandi\u0165 viacer\u00fdm klubom naraz. Lebo s\u00fa tak\u00e9 nelogick\u00e9 pr\u00edpady. A\u00a0t\u00fdm sa dost\u00e1vam k\u00a0\u00fakazu, nad ktor\u00fdm mi rozum zastal.<\/p>\n<p>Ako sa stavia\u0161 k\u00a0rivalite medzi na\u0161imi klubmi? Lebo bol som svedkom p\u00e1r priznan\u00ed z\u00a0radov slovensk\u00fdch Kopites, \u017ee Everton ako v\u00a0pohode hej&#8230; s\u00fa radi, ke\u010f sa n\u00e1m dar\u00ed, pokia\u013e im pr\u00e1ve nekr\u00ed\u017eime cestu. Proste tak\u00e9 absurdity. Je to norm\u00e1lne? U\u00a0n\u00e1s v\u00a0opa\u010dnom garde som sa teda s nie\u010d\u00edm tak\u00fdm e\u0161te nestretol. A op\u00e4\u0165 t\u00fdmto pozdravujem Kwopa. Chv\u00e1lim, \u017ee je pravovern\u00fd neprajn\u00edk.<\/p>\n<div id=\"attachment_1386\" style=\"width: 730px\" class=\"wp-caption aligncenter\"><img loading=\"lazy\" decoding=\"async\" aria-describedby=\"caption-attachment-1386\" class=\"wp-image-1386 size-full\" src=\"https:\/\/evertonfc.cz\/wp-content\/uploads\/2019\/01\/origi_2_12_2018.jpg\" alt=\"\" width=\"720\" height=\"405\" srcset=\"https:\/\/evertonfc.cz\/wp-content\/uploads\/2019\/01\/origi_2_12_2018.jpg 720w, https:\/\/evertonfc.cz\/wp-content\/uploads\/2019\/01\/origi_2_12_2018-300x169.jpg 300w\" sizes=\"(max-width: 720px) 100vw, 720px\" \/><p id=\"caption-attachment-1386\" class=\"wp-caption-text\"><span style=\"font-size: 8pt;\">Nede\u013ea, 2. december, 2018: Origi d\u00e1va v\u00ed\u0165azn\u00fd g\u00f3l v nadstavenom \u010dase po hrubej chybe Pickforda. (fotozdroj: Paul Greenwood\/Propaganda)<\/span><\/p><\/div>\n<h4><span style=\"font-size: 12pt;\"><strong><em>Fabio21:<\/em><\/strong><\/span><\/h4>\n<p>Tie\u017e &#8222;na\u017eivo&#8220; sledujem len LFC ale prejdem si aj \u010fal\u0161ie v\u00fdsledky t. j. \u010disto informa\u010dn\u00fd charakter.<\/p>\n<p>Rivalitu beriem, t\u00e1 skr\u00e1tka mus\u00ed by\u0165, bez toho nem\u00e1 z\u00e1pas potrebn\u00fd n\u00e1boj, bitka o mesto a podobne. Neviem, \u010di je to norm\u00e1lne, \u017ee sa \u010derven\u00fd na adresu modr\u00e9ho vyjadruje len v superlat\u00edvoch. Na druh\u00fa stranu nech\u00e1pem nekone\u010dn\u00e9 expres\u00edva na City, United, Everton, resp. Fernandes je \u201epohlavn\u00fd \u00fad\u201c at\u010f. To mi sed\u00ed na kv\u00e1zi-fan\u00fa\u0161ikov, ktor\u00ed podporuj\u00fa klub t\u00fdm, \u017ee nad\u00e1vaj\u00fa na s\u00fapera, \u00farove\u0148 adolescentov. Na t\u00fato \u00farove\u0148 sa nezn\u00ed\u017eim: fandi, ale zosta\u0148 \u010dlovekom. Asi je to vekom.<\/p>\n<p>A na druhej strane, tie kluby sa vz\u00e1jomn\u00e9 potrebuj\u00fa, preto m\u00e1 liga adekv\u00e1tnu kvalitu. Inak by, pri v\u0161etkej \u00facte, nikoho nezauj\u00edmal duel Nottinghamu Forest proti Queens Park Rangers. No a ke\u010f sme u\u017e pri tom: \u010do teda sobota podve\u010der, ako to vid\u00ed\u0161? A chcem g\u00f3lov\u00fd v\u00fdsledok, strelcov, po\u010det rohov, \u017elt\u00fdch pr\u00edp. \u010derven\u00fdch kariet a \u010di bude penalta.<\/p>\n<h4><span style=\"font-size: 12pt;\"><strong><em>BlueBlooded:<\/em><\/strong><\/span><\/h4>\n<p>Rozumne. A\u017e sa \u010dudujem, \u017ee si nep\u00ed\u0161em s\u00a0fan\u00fa\u0161ikom in\u00e9ho klubu.<\/p>\n<p>Sobota bude, si mysl\u00edm, nap\u00ednav\u00e1 a\u017e do konca, no bez \u010derven\u00e9ho incidentu. Padn\u00fa len dva g\u00f3ly, aj to na oboch stran\u00e1ch. Chvalabohu, alebo bohu\u017eia\u013e? M\u00e1m pocit, \u017ee my sk\u00f3rujeme z\u00a0hry a\u00a0v\u00e1m sa podar\u00ed nie\u010do, pri \u010dom bude zasahova\u0165 VAR \u2013 penalta by to mohla by\u0165, u\u017e sme dlho \u017eiadnu nemali.<\/p>\n<p>Tipnem si, \u017ee nast\u00fapime v\u00a0tvare 4-4-1-1. Richarlison na hrote, pod n\u00edm James. Doucour\u00e9, Allan v\u00a0strede a\u00a0po krajoch Iwobi, mo\u017eno aj King. Vzadu Coleman, Mina, Keane, Digne, a\u00a0d\u00fafam, \u017ee medzi \u017er\u010fami nie Pickford (hoci va\u0161e n\u00faten\u00e9 striedanie by sa n\u00e1m hodilo hehe). Richarlison n\u00e1s v\u00a076. min\u00fate dostane do vedenia hlavou a\u00a0va\u0161e vyk\u00fapenie pr\u00edde\u00a04 min\u00faty pred koncom so Salahom.<\/p>\n<h4><span style=\"font-size: 12pt;\"><strong><em>Fabio21:<\/em><\/strong><\/span><\/h4>\n<p>U m\u0148a dobr\u00fd futbal znamen\u00e1 ve\u013ea g\u00f3lov, penalta a \u010derven\u00e1 karta. Naopak, nem\u00e1m r\u00e1d odchoden\u00fdch 0:0, to nech rad\u0161ej zostan\u00fa v\u00a0\u0161atni.<\/p>\n<p>Zostava sa u n\u00e1s vzh\u013eadom k lazaretu ve\u013emi nemen\u00ed. Tak\u017ee Alisson, pred n\u00edm Alexander-Arnold, Henderson, Kabak a Robertson, z\u00e1loha Thiago, Wijnaldum, Milner a vpredu Man\u00e9, Shaqiri a Salah.<\/p>\n<p>Ale aby som bol konkr\u00e9tny: zv\u00ed\u0165az\u00edme 2:1. Sk\u00f3ruje Man\u00e9 a Shaqiri. Za &#8222;v\u00e1s&#8220; sa presad\u00ed vlastencom Henderson. Bohu\u017eia\u013e, netraf\u00edte ani vr\u00e1ta od stodoly a v\u0161etky (slovom dva) va\u0161e pokusy skon\u010dia v 32. rade na trib\u00fane Anfield Road.<\/p>\n<p style=\"text-align: center;\"><em>\u010eakujeme Fabiovi21 z\u00a0LFCway.com za \u010das a ochotu podeli\u0165 sa pred Merseyside derby o n\u00e1zory na r\u00f4zne t\u00e9my. Spolo\u010dne ver\u00edme, \u017ee tento FACE OFF bude pre obe webstr\u00e1nky len pr\u00ednosom.<\/em><\/p>\n","protected":false},"excerpt":{"rendered":"<p>Na duel mestsk\u00fdch rivalov sme sa pozreli ve\u013emi zbl\u00edzka. V pomyselnom oku b\u00farky sme konfrontovali svoje n\u00e1zory s antip\u00f3lom n\u00e1\u0161ho webu \u2013 LFCway.com<\/p>\n","protected":false},"author":1,"featured_media":14225,"comment_status":"open","ping_status":"closed","sticky":false,"template":"","format":"standard","meta":{"_eb_attr":"","_monsterinsights_skip_tracking":false,"_monsterinsights_sitenote_active":false,"_monsterinsights_sitenote_note":"","_monsterinsights_sitenote_category":0,"footnotes":""},"categories":[1],"tags":[],"yoast_head":"<!-- This site is optimized with the Yoast SEO plugin v23.4 - https:\/\/yoast.com\/wordpress\/plugins\/seo\/ -->\n<title>Merseyside derby Face Off - Official Czech &amp; Slovak Everton Supporters&#039; Club<\/title>\n<meta name=\"robots\" content=\"index, follow, max-snippet:-1, max-image-preview:large, max-video-preview:-1\" \/>\n<link rel=\"canonical\" href=\"https:\/\/evertonfc.cz\/index.php\/2021\/02\/19\/merseyside-derby-face-off\/\" \/>\n<meta property=\"og:locale\" content=\"cs_CZ\" \/>\n<meta property=\"og:type\" content=\"article\" \/>\n<meta property=\"og:title\" content=\"Merseyside derby Face Off - Official Czech &amp; Slovak Everton Supporters&#039; Club\" \/>\n<meta property=\"og:description\" content=\"Na duel mestsk\u00fdch rivalov sme sa pozreli ve\u013emi zbl\u00edzka. V pomyselnom oku b\u00farky sme konfrontovali svoje n\u00e1zory s antip\u00f3lom n\u00e1\u0161ho webu \u2013 LFCway.com\" \/>\n<meta property=\"og:url\" content=\"https:\/\/evertonfc.cz\/index.php\/2021\/02\/19\/merseyside-derby-face-off\/\" \/>\n<meta property=\"og:site_name\" content=\"Official Czech &amp; Slovak Everton Supporters&#039; Club\" \/>\n<meta property=\"article:publisher\" content=\"https:\/\/www.facebook.com\/everton.fans.cz.sk\" \/>\n<meta property=\"article:published_time\" content=\"2021-02-19T07:50:14+00:00\" \/>\n<meta property=\"article:modified_time\" content=\"2021-02-19T10:41:16+00:00\" \/>\n<meta property=\"og:image\" content=\"https:\/\/evertonfc.cz\/wp-content\/uploads\/2021\/02\/Merseyside-derby-Face-Off.jpg\" \/>\n\t<meta property=\"og:image:width\" content=\"720\" \/>\n\t<meta property=\"og:image:height\" content=\"405\" \/>\n\t<meta property=\"og:image:type\" content=\"image\/jpeg\" \/>\n<meta name=\"author\" content=\"BlueBlooded\" \/>\n<meta name=\"twitter:card\" content=\"summary_large_image\" \/>\n<meta name=\"twitter:label1\" content=\"Napsal(a)\" \/>\n\t<meta name=\"twitter:data1\" content=\"BlueBlooded\" \/>\n\t<meta name=\"twitter:label2\" content=\"Odhadovan\u00e1 doba \u010dten\u00ed\" \/>\n\t<meta name=\"twitter:data2\" content=\"11 minut\" \/>\n<script type=\"application\/ld+json\" class=\"yoast-schema-graph\">{\"@context\":\"https:\/\/schema.org\",\"@graph\":[{\"@type\":\"Article\",\"@id\":\"https:\/\/evertonfc.cz\/index.php\/2021\/02\/19\/merseyside-derby-face-off\/#article\",\"isPartOf\":{\"@id\":\"https:\/\/evertonfc.cz\/index.php\/2021\/02\/19\/merseyside-derby-face-off\/\"},\"author\":{\"name\":\"BlueBlooded\",\"@id\":\"https:\/\/evertonfc.cz\/#\/schema\/person\/d4493b8cbea51532597fbc4685698916\"},\"headline\":\"Merseyside derby Face Off\",\"datePublished\":\"2021-02-19T07:50:14+00:00\",\"dateModified\":\"2021-02-19T10:41:16+00:00\",\"mainEntityOfPage\":{\"@id\":\"https:\/\/evertonfc.cz\/index.php\/2021\/02\/19\/merseyside-derby-face-off\/\"},\"wordCount\":2736,\"commentCount\":4,\"publisher\":{\"@id\":\"https:\/\/evertonfc.cz\/#organization\"},\"image\":{\"@id\":\"https:\/\/evertonfc.cz\/index.php\/2021\/02\/19\/merseyside-derby-face-off\/#primaryimage\"},\"thumbnailUrl\":\"https:\/\/evertonfc.cz\/wp-content\/uploads\/2021\/02\/Merseyside-derby-Face-Off.jpg\",\"articleSection\":[\"Rozhovory\"],\"inLanguage\":\"cs\",\"potentialAction\":[{\"@type\":\"CommentAction\",\"name\":\"Comment\",\"target\":[\"https:\/\/evertonfc.cz\/index.php\/2021\/02\/19\/merseyside-derby-face-off\/#respond\"]}]},{\"@type\":\"WebPage\",\"@id\":\"https:\/\/evertonfc.cz\/index.php\/2021\/02\/19\/merseyside-derby-face-off\/\",\"url\":\"https:\/\/evertonfc.cz\/index.php\/2021\/02\/19\/merseyside-derby-face-off\/\",\"name\":\"Merseyside derby Face Off - Official Czech &amp; Slovak Everton Supporters&#039; Club\",\"isPartOf\":{\"@id\":\"https:\/\/evertonfc.cz\/#website\"},\"primaryImageOfPage\":{\"@id\":\"https:\/\/evertonfc.cz\/index.php\/2021\/02\/19\/merseyside-derby-face-off\/#primaryimage\"},\"image\":{\"@id\":\"https:\/\/evertonfc.cz\/index.php\/2021\/02\/19\/merseyside-derby-face-off\/#primaryimage\"},\"thumbnailUrl\":\"https:\/\/evertonfc.cz\/wp-content\/uploads\/2021\/02\/Merseyside-derby-Face-Off.jpg\",\"datePublished\":\"2021-02-19T07:50:14+00:00\",\"dateModified\":\"2021-02-19T10:41:16+00:00\",\"breadcrumb\":{\"@id\":\"https:\/\/evertonfc.cz\/index.php\/2021\/02\/19\/merseyside-derby-face-off\/#breadcrumb\"},\"inLanguage\":\"cs\",\"potentialAction\":[{\"@type\":\"ReadAction\",\"target\":[\"https:\/\/evertonfc.cz\/index.php\/2021\/02\/19\/merseyside-derby-face-off\/\"]}]},{\"@type\":\"ImageObject\",\"inLanguage\":\"cs\",\"@id\":\"https:\/\/evertonfc.cz\/index.php\/2021\/02\/19\/merseyside-derby-face-off\/#primaryimage\",\"url\":\"https:\/\/evertonfc.cz\/wp-content\/uploads\/2021\/02\/Merseyside-derby-Face-Off.jpg\",\"contentUrl\":\"https:\/\/evertonfc.cz\/wp-content\/uploads\/2021\/02\/Merseyside-derby-Face-Off.jpg\",\"width\":720,\"height\":405},{\"@type\":\"BreadcrumbList\",\"@id\":\"https:\/\/evertonfc.cz\/index.php\/2021\/02\/19\/merseyside-derby-face-off\/#breadcrumb\",\"itemListElement\":[{\"@type\":\"ListItem\",\"position\":1,\"name\":\"Home\",\"item\":\"https:\/\/evertonfc.cz\/\"},{\"@type\":\"ListItem\",\"position\":2,\"name\":\"Merseyside derby Face Off\"}]},{\"@type\":\"WebSite\",\"@id\":\"https:\/\/evertonfc.cz\/#website\",\"url\":\"https:\/\/evertonfc.cz\/\",\"name\":\"Official Czech &amp; Slovak Everton Supporters&#039; Club\",\"description\":\"\",\"publisher\":{\"@id\":\"https:\/\/evertonfc.cz\/#organization\"},\"potentialAction\":[{\"@type\":\"SearchAction\",\"target\":{\"@type\":\"EntryPoint\",\"urlTemplate\":\"https:\/\/evertonfc.cz\/?s={search_term_string}\"},\"query-input\":{\"@type\":\"PropertyValueSpecification\",\"valueRequired\":true,\"valueName\":\"search_term_string\"}}],\"inLanguage\":\"cs\"},{\"@type\":\"Organization\",\"@id\":\"https:\/\/evertonfc.cz\/#organization\",\"name\":\"Official Czech & Slovak Everton Supporters' Club\",\"url\":\"https:\/\/evertonfc.cz\/\",\"logo\":{\"@type\":\"ImageObject\",\"inLanguage\":\"cs\",\"@id\":\"https:\/\/evertonfc.cz\/#\/schema\/logo\/image\/\",\"url\":\"https:\/\/evertonfc.cz\/wp-content\/uploads\/2019\/05\/logo.png\",\"contentUrl\":\"https:\/\/evertonfc.cz\/wp-content\/uploads\/2019\/05\/logo.png\",\"width\":112,\"height\":112,\"caption\":\"Official Czech & Slovak Everton Supporters' Club\"},\"image\":{\"@id\":\"https:\/\/evertonfc.cz\/#\/schema\/logo\/image\/\"},\"sameAs\":[\"https:\/\/www.facebook.com\/everton.fans.cz.sk\"]},{\"@type\":\"Person\",\"@id\":\"https:\/\/evertonfc.cz\/#\/schema\/person\/d4493b8cbea51532597fbc4685698916\",\"name\":\"BlueBlooded\",\"url\":\"https:\/\/evertonfc.cz\/index.php\/author\/admin\/\"}]}<\/script>\n<!-- \/ Yoast SEO plugin. -->","yoast_head_json":{"title":"Merseyside derby Face Off - Official Czech &amp; Slovak Everton Supporters&#039; Club","robots":{"index":"index","follow":"follow","max-snippet":"max-snippet:-1","max-image-preview":"max-image-preview:large","max-video-preview":"max-video-preview:-1"},"canonical":"https:\/\/evertonfc.cz\/index.php\/2021\/02\/19\/merseyside-derby-face-off\/","og_locale":"cs_CZ","og_type":"article","og_title":"Merseyside derby Face Off - Official Czech &amp; Slovak Everton Supporters&#039; Club","og_description":"Na duel mestsk\u00fdch rivalov sme sa pozreli ve\u013emi zbl\u00edzka. V pomyselnom oku b\u00farky sme konfrontovali svoje n\u00e1zory s antip\u00f3lom n\u00e1\u0161ho webu \u2013 LFCway.com","og_url":"https:\/\/evertonfc.cz\/index.php\/2021\/02\/19\/merseyside-derby-face-off\/","og_site_name":"Official Czech &amp; Slovak Everton Supporters&#039; Club","article_publisher":"https:\/\/www.facebook.com\/everton.fans.cz.sk","article_published_time":"2021-02-19T07:50:14+00:00","article_modified_time":"2021-02-19T10:41:16+00:00","og_image":[{"width":720,"height":405,"url":"https:\/\/evertonfc.cz\/wp-content\/uploads\/2021\/02\/Merseyside-derby-Face-Off.jpg","type":"image\/jpeg"}],"author":"BlueBlooded","twitter_card":"summary_large_image","twitter_misc":{"Napsal(a)":"BlueBlooded","Odhadovan\u00e1 doba \u010dten\u00ed":"11 minut"},"schema":{"@context":"https:\/\/schema.org","@graph":[{"@type":"Article","@id":"https:\/\/evertonfc.cz\/index.php\/2021\/02\/19\/merseyside-derby-face-off\/#article","isPartOf":{"@id":"https:\/\/evertonfc.cz\/index.php\/2021\/02\/19\/merseyside-derby-face-off\/"},"author":{"name":"BlueBlooded","@id":"https:\/\/evertonfc.cz\/#\/schema\/person\/d4493b8cbea51532597fbc4685698916"},"headline":"Merseyside derby Face Off","datePublished":"2021-02-19T07:50:14+00:00","dateModified":"2021-02-19T10:41:16+00:00","mainEntityOfPage":{"@id":"https:\/\/evertonfc.cz\/index.php\/2021\/02\/19\/merseyside-derby-face-off\/"},"wordCount":2736,"commentCount":4,"publisher":{"@id":"https:\/\/evertonfc.cz\/#organization"},"image":{"@id":"https:\/\/evertonfc.cz\/index.php\/2021\/02\/19\/merseyside-derby-face-off\/#primaryimage"},"thumbnailUrl":"https:\/\/evertonfc.cz\/wp-content\/uploads\/2021\/02\/Merseyside-derby-Face-Off.jpg","articleSection":["Rozhovory"],"inLanguage":"cs","potentialAction":[{"@type":"CommentAction","name":"Comment","target":["https:\/\/evertonfc.cz\/index.php\/2021\/02\/19\/merseyside-derby-face-off\/#respond"]}]},{"@type":"WebPage","@id":"https:\/\/evertonfc.cz\/index.php\/2021\/02\/19\/merseyside-derby-face-off\/","url":"https:\/\/evertonfc.cz\/index.php\/2021\/02\/19\/merseyside-derby-face-off\/","name":"Merseyside derby Face Off - Official Czech &amp; Slovak Everton Supporters&#039; Club","isPartOf":{"@id":"https:\/\/evertonfc.cz\/#website"},"primaryImageOfPage":{"@id":"https:\/\/evertonfc.cz\/index.php\/2021\/02\/19\/merseyside-derby-face-off\/#primaryimage"},"image":{"@id":"https:\/\/evertonfc.cz\/index.php\/2021\/02\/19\/merseyside-derby-face-off\/#primaryimage"},"thumbnailUrl":"https:\/\/evertonfc.cz\/wp-content\/uploads\/2021\/02\/Merseyside-derby-Face-Off.jpg","datePublished":"2021-02-19T07:50:14+00:00","dateModified":"2021-02-19T10:41:16+00:00","breadcrumb":{"@id":"https:\/\/evertonfc.cz\/index.php\/2021\/02\/19\/merseyside-derby-face-off\/#breadcrumb"},"inLanguage":"cs","potentialAction":[{"@type":"ReadAction","target":["https:\/\/evertonfc.cz\/index.php\/2021\/02\/19\/merseyside-derby-face-off\/"]}]},{"@type":"ImageObject","inLanguage":"cs","@id":"https:\/\/evertonfc.cz\/index.php\/2021\/02\/19\/merseyside-derby-face-off\/#primaryimage","url":"https:\/\/evertonfc.cz\/wp-content\/uploads\/2021\/02\/Merseyside-derby-Face-Off.jpg","contentUrl":"https:\/\/evertonfc.cz\/wp-content\/uploads\/2021\/02\/Merseyside-derby-Face-Off.jpg","width":720,"height":405},{"@type":"BreadcrumbList","@id":"https:\/\/evertonfc.cz\/index.php\/2021\/02\/19\/merseyside-derby-face-off\/#breadcrumb","itemListElement":[{"@type":"ListItem","position":1,"name":"Home","item":"https:\/\/evertonfc.cz\/"},{"@type":"ListItem","position":2,"name":"Merseyside derby Face Off"}]},{"@type":"WebSite","@id":"https:\/\/evertonfc.cz\/#website","url":"https:\/\/evertonfc.cz\/","name":"Official Czech &amp; Slovak Everton Supporters&#039; Club","description":"","publisher":{"@id":"https:\/\/evertonfc.cz\/#organization"},"potentialAction":[{"@type":"SearchAction","target":{"@type":"EntryPoint","urlTemplate":"https:\/\/evertonfc.cz\/?s={search_term_string}"},"query-input":{"@type":"PropertyValueSpecification","valueRequired":true,"valueName":"search_term_string"}}],"inLanguage":"cs"},{"@type":"Organization","@id":"https:\/\/evertonfc.cz\/#organization","name":"Official Czech & Slovak Everton Supporters' Club","url":"https:\/\/evertonfc.cz\/","logo":{"@type":"ImageObject","inLanguage":"cs","@id":"https:\/\/evertonfc.cz\/#\/schema\/logo\/image\/","url":"https:\/\/evertonfc.cz\/wp-content\/uploads\/2019\/05\/logo.png","contentUrl":"https:\/\/evertonfc.cz\/wp-content\/uploads\/2019\/05\/logo.png","width":112,"height":112,"caption":"Official Czech & Slovak Everton Supporters' Club"},"image":{"@id":"https:\/\/evertonfc.cz\/#\/schema\/logo\/image\/"},"sameAs":["https:\/\/www.facebook.com\/everton.fans.cz.sk"]},{"@type":"Person","@id":"https:\/\/evertonfc.cz\/#\/schema\/person\/d4493b8cbea51532597fbc4685698916","name":"BlueBlooded","url":"https:\/\/evertonfc.cz\/index.php\/author\/admin\/"}]}},"_links":{"self":[{"href":"https:\/\/evertonfc.cz\/index.php\/wp-json\/wp\/v2\/posts\/14215"}],"collection":[{"href":"https:\/\/evertonfc.cz\/index.php\/wp-json\/wp\/v2\/posts"}],"about":[{"href":"https:\/\/evertonfc.cz\/index.php\/wp-json\/wp\/v2\/types\/post"}],"author":[{"embeddable":true,"href":"https:\/\/evertonfc.cz\/index.php\/wp-json\/wp\/v2\/users\/1"}],"replies":[{"embeddable":true,"href":"https:\/\/evertonfc.cz\/index.php\/wp-json\/wp\/v2\/comments?post=14215"}],"version-history":[{"count":13,"href":"https:\/\/evertonfc.cz\/index.php\/wp-json\/wp\/v2\/posts\/14215\/revisions"}],"predecessor-version":[{"id":14230,"href":"https:\/\/evertonfc.cz\/index.php\/wp-json\/wp\/v2\/posts\/14215\/revisions\/14230"}],"wp:featuredmedia":[{"embeddable":true,"href":"https:\/\/evertonfc.cz\/index.php\/wp-json\/wp\/v2\/media\/14225"}],"wp:attachment":[{"href":"https:\/\/evertonfc.cz\/index.php\/wp-json\/wp\/v2\/media?parent=14215"}],"wp:term":[{"taxonomy":"category","embeddable":true,"href":"https:\/\/evertonfc.cz\/index.php\/wp-json\/wp\/v2\/categories?post=14215"},{"taxonomy":"post_tag","embeddable":true,"href":"https:\/\/evertonfc.cz\/index.php\/wp-json\/wp\/v2\/tags?post=14215"}],"curies":[{"name":"wp","href":"https:\/\/api.w.org\/{rel}","templated":true}]}}