{"id":14232,"date":"2021-02-20T11:22:34","date_gmt":"2021-02-20T10:22:34","guid":{"rendered":"https:\/\/evertonfc.cz\/?p=14232"},"modified":"2021-02-20T11:39:08","modified_gmt":"2021-02-20T10:39:08","slug":"preview-liverpool-everton-9","status":"publish","type":"post","link":"https:\/\/evertonfc.cz\/index.php\/2021\/02\/20\/preview-liverpool-everton-9\/","title":{"rendered":"Preview: Liverpool &#8211; Everton"},"content":{"rendered":"<h4>Dnes ve \u010dtvrti Anfield \u0161est\u00fd host\u00ed sedm\u00e9ho &#8211; a oba se p\u0159edh\u00e1n\u011bj\u00ed ve \u0161patn\u00fdch vykonech.<\/h4>\n<p>V\u0161ichni v\u00edme, \u017ee Merseyside derby je z\u00e1pas, kter\u00fd zaj\u00edm\u00e1 i fanou\u0161ky ostatn\u00edch t\u00fdm\u016f. Obvykle je na co se t\u011b\u0161it. Jen\u017ee dnes to bude jin\u00e9. M\u016f\u017ee za to forma obou t\u00fdm\u016f. Liverpool prohr\u00e1l v lize t\u0159ikr\u00e1t v \u0159ad\u011b, Everton za stejn\u00fd po\u010det utk\u00e1n\u00ed zvl\u00e1dl vyt\u011b\u017eit jeden bod (ale zase z Old Trafford, v par\u00e1dn\u00edm utk\u00e1n\u00ed &#8211; to se po\u010d\u00edt\u00e1). A tak se bude hr\u00e1t i o pos\u00edlen\u00ed sebev\u011bdom\u00ed do dal\u0161\u00ed \u010d\u00e1sti sez\u00f3ny. Dom\u00e1c\u00ed maj\u00ed m\u00edrnou psychickou v\u00fdhodu &#8211; zvl\u00e1dli v \u00fater\u00fd prvn\u00ed z\u00e1pas osmifin\u00e1le Ligy mistr\u016f proti Lipsku, a\u010d kv\u016fli koronaviru museli let\u011bt a\u017e do Budape\u0161ti. Host\u00e9 hr\u00e1li o den pozd\u011bji ligovou dohr\u00e1vku, v\u00fdkonem nep\u0159ekvapili (ani kladn\u011b, ani z\u00e1porn\u011b), ale sou\u010dasn\u00fd Manchester City je opravdu jinde proti zbytku ligy.<\/p>\n<p>Mana\u017eer Ancelotti m\u011bl na v\u010derej\u0161\u00ed tiskov\u00e9 konferenci dv\u011b dobr\u00e9 zpr\u00e1vy &#8211; do hry by m\u011bli v z\u00e1kladn\u00ed sestav\u011b zas\u00e1nout Calvert-Lewin a brazilsk\u00fd z\u00e1lo\u017en\u00edk Allan, kter\u00fd u\u017e v ned\u011bli proti Fulhamu byl na lavi\u010dce. V rekonvalescenci po zran\u011bn\u00ed achillovy paty pokra\u010duje Gbamin, st\u0159ede\u010dn\u00ed utk\u00e1n\u00ed nedohr\u00e1l kv\u016fli zran\u011bn\u00ed Mina. Jeho absence byla odhadnuta na 3-4 t\u00fddny. To dom\u00e1c\u00ed maj\u00ed absent\u00e9r\u016f v\u00edce. Jsou jimi: Fabinho (svalov\u00e9 zran\u011bn\u00ed), Gomez, Jota, Matip (v\u0161ichni koleno), Milner (t\u0159\u00edsla), van Dijk. Toho do konce sez\u00f3ny vy\u0159adil sv\u00fdm \u010dist\u00fdm z\u00e1krokem Pickford, mana\u017eer Klopp celkem pravideln\u011b tvrd\u00ed, \u017ee brank\u00e1\u0159 Evertonu m\u016f\u017ee za obrann\u00e9 probl\u00e9my Liverpoolu. Start Keity je s otazn\u00edkem.<\/p>\n<p><strong>Co:\u00a0<\/strong>Liverpool FC &#8211; Everton FC, 25. kolo Premier League<br \/>\n<strong>Kdy:\u00a0<\/strong>20. 2. 2021 od 18:30<br \/>\n<strong>Kde:\u00a0<\/strong>Anfield Road, Liverpool<br \/>\n<strong>TV:\u00a0<\/strong>P\u0159\u00edm\u00fd p\u0159enos na stanici Premier Sport<br \/>\n<strong>Rozhod\u010d\u00ed:\u00a0<\/strong>Chris Kavanagh &#8211; Dan Cook, Sian Masseyov\u00e1-Ellisov\u00e1\u00a0<strong>\u010ctvrt\u00fd rozhod\u010d\u00ed: <\/strong>Paul Tierney<br \/>\n<strong>Videorozhod\u010d\u00ed:\u00a0<\/strong>Andre Marriner\u00a0<strong>Asistent videorozhod\u010d\u00edho:\u00a0<\/strong>Derek Eaton<\/p>\n","protected":false},"excerpt":{"rendered":"<p>Dnes ve \u010dtvrti Anfield \u0161est\u00fd host\u00ed sedm\u00e9ho &#8211; a oba se p\u0159edh\u00e1n\u011bj\u00ed ve \u0161patn\u00fdch vykonech.<\/p>\n","protected":false},"author":12,"featured_media":14233,"comment_status":"open","ping_status":"closed","sticky":false,"template":"","format":"standard","meta":{"_eb_attr":"","_monsterinsights_skip_tracking":false,"_monsterinsights_sitenote_active":false,"_monsterinsights_sitenote_note":"","_monsterinsights_sitenote_category":0,"footnotes":""},"categories":[4],"tags":[],"yoast_head":"<!-- This site is optimized with the Yoast SEO plugin v23.4 - https:\/\/yoast.com\/wordpress\/plugins\/seo\/ -->\n<title>Preview: Liverpool - Everton - Official Czech &amp; Slovak Everton Supporters&#039; Club<\/title>\n<meta name=\"description\" content=\"Dnes ve \u010dtvrti Anfield \u0161est\u00fd host\u00ed sedm\u00e9ho - a oba se p\u0159edh\u00e1n\u011bj\u00ed ve \u0161patn\u00fdch vykonech.\" \/>\n<meta name=\"robots\" content=\"index, follow, max-snippet:-1, max-image-preview:large, max-video-preview:-1\" \/>\n<link rel=\"canonical\" href=\"https:\/\/evertonfc.cz\/index.php\/2021\/02\/20\/preview-liverpool-everton-9\/\" \/>\n<meta property=\"og:locale\" content=\"cs_CZ\" \/>\n<meta property=\"og:type\" content=\"article\" \/>\n<meta property=\"og:title\" content=\"Preview: Liverpool - Everton - Official Czech &amp; Slovak Everton Supporters&#039; Club\" \/>\n<meta property=\"og:description\" content=\"Dnes ve \u010dtvrti Anfield \u0161est\u00fd host\u00ed sedm\u00e9ho - a oba se p\u0159edh\u00e1n\u011bj\u00ed ve \u0161patn\u00fdch vykonech.\" \/>\n<meta property=\"og:url\" content=\"https:\/\/evertonfc.cz\/index.php\/2021\/02\/20\/preview-liverpool-everton-9\/\" \/>\n<meta property=\"og:site_name\" content=\"Official Czech &amp; Slovak Everton Supporters&#039; Club\" \/>\n<meta property=\"article:publisher\" content=\"https:\/\/www.facebook.com\/everton.fans.cz.sk\" \/>\n<meta property=\"article:published_time\" content=\"2021-02-20T10:22:34+00:00\" \/>\n<meta property=\"article:modified_time\" content=\"2021-02-20T10:39:08+00:00\" \/>\n<meta property=\"og:image\" content=\"https:\/\/evertonfc.cz\/wp-content\/uploads\/2021\/02\/Liverpool-VS-Everton.jpg\" \/>\n\t<meta property=\"og:image:width\" content=\"720\" \/>\n\t<meta property=\"og:image:height\" content=\"405\" \/>\n\t<meta property=\"og:image:type\" content=\"image\/jpeg\" \/>\n<meta name=\"author\" content=\"Javor\" \/>\n<meta name=\"twitter:card\" content=\"summary_large_image\" \/>\n<meta name=\"twitter:creator\" content=\"@LoudinJan\" \/>\n<meta name=\"twitter:label1\" content=\"Napsal(a)\" \/>\n\t<meta name=\"twitter:data1\" content=\"Javor\" \/>\n\t<meta name=\"twitter:label2\" content=\"Odhadovan\u00e1 doba \u010dten\u00ed\" \/>\n\t<meta name=\"twitter:data2\" content=\"2 minuty\" \/>\n<script type=\"application\/ld+json\" class=\"yoast-schema-graph\">{\"@context\":\"https:\/\/schema.org\",\"@graph\":[{\"@type\":\"Article\",\"@id\":\"https:\/\/evertonfc.cz\/index.php\/2021\/02\/20\/preview-liverpool-everton-9\/#article\",\"isPartOf\":{\"@id\":\"https:\/\/evertonfc.cz\/index.php\/2021\/02\/20\/preview-liverpool-everton-9\/\"},\"author\":{\"name\":\"Javor\",\"@id\":\"https:\/\/evertonfc.cz\/#\/schema\/person\/b30daf6a5852f4811f8207a17ec1bf78\"},\"headline\":\"Preview: Liverpool &#8211; Everton\",\"datePublished\":\"2021-02-20T10:22:34+00:00\",\"dateModified\":\"2021-02-20T10:39:08+00:00\",\"mainEntityOfPage\":{\"@id\":\"https:\/\/evertonfc.cz\/index.php\/2021\/02\/20\/preview-liverpool-everton-9\/\"},\"wordCount\":365,\"commentCount\":30,\"publisher\":{\"@id\":\"https:\/\/evertonfc.cz\/#organization\"},\"image\":{\"@id\":\"https:\/\/evertonfc.cz\/index.php\/2021\/02\/20\/preview-liverpool-everton-9\/#primaryimage\"},\"thumbnailUrl\":\"https:\/\/evertonfc.cz\/wp-content\/uploads\/2021\/02\/Liverpool-VS-Everton.jpg\",\"articleSection\":[\"Z\u00e1pasy\"],\"inLanguage\":\"cs\",\"potentialAction\":[{\"@type\":\"CommentAction\",\"name\":\"Comment\",\"target\":[\"https:\/\/evertonfc.cz\/index.php\/2021\/02\/20\/preview-liverpool-everton-9\/#respond\"]}]},{\"@type\":\"WebPage\",\"@id\":\"https:\/\/evertonfc.cz\/index.php\/2021\/02\/20\/preview-liverpool-everton-9\/\",\"url\":\"https:\/\/evertonfc.cz\/index.php\/2021\/02\/20\/preview-liverpool-everton-9\/\",\"name\":\"Preview: Liverpool - Everton - Official Czech &amp; Slovak Everton Supporters&#039; Club\",\"isPartOf\":{\"@id\":\"https:\/\/evertonfc.cz\/#website\"},\"primaryImageOfPage\":{\"@id\":\"https:\/\/evertonfc.cz\/index.php\/2021\/02\/20\/preview-liverpool-everton-9\/#primaryimage\"},\"image\":{\"@id\":\"https:\/\/evertonfc.cz\/index.php\/2021\/02\/20\/preview-liverpool-everton-9\/#primaryimage\"},\"thumbnailUrl\":\"https:\/\/evertonfc.cz\/wp-content\/uploads\/2021\/02\/Liverpool-VS-Everton.jpg\",\"datePublished\":\"2021-02-20T10:22:34+00:00\",\"dateModified\":\"2021-02-20T10:39:08+00:00\",\"description\":\"Dnes ve \u010dtvrti Anfield \u0161est\u00fd host\u00ed sedm\u00e9ho - a oba se p\u0159edh\u00e1n\u011bj\u00ed ve \u0161patn\u00fdch vykonech.\",\"breadcrumb\":{\"@id\":\"https:\/\/evertonfc.cz\/index.php\/2021\/02\/20\/preview-liverpool-everton-9\/#breadcrumb\"},\"inLanguage\":\"cs\",\"potentialAction\":[{\"@type\":\"ReadAction\",\"target\":[\"https:\/\/evertonfc.cz\/index.php\/2021\/02\/20\/preview-liverpool-everton-9\/\"]}]},{\"@type\":\"ImageObject\",\"inLanguage\":\"cs\",\"@id\":\"https:\/\/evertonfc.cz\/index.php\/2021\/02\/20\/preview-liverpool-everton-9\/#primaryimage\",\"url\":\"https:\/\/evertonfc.cz\/wp-content\/uploads\/2021\/02\/Liverpool-VS-Everton.jpg\",\"contentUrl\":\"https:\/\/evertonfc.cz\/wp-content\/uploads\/2021\/02\/Liverpool-VS-Everton.jpg\",\"width\":720,\"height\":405},{\"@type\":\"BreadcrumbList\",\"@id\":\"https:\/\/evertonfc.cz\/index.php\/2021\/02\/20\/preview-liverpool-everton-9\/#breadcrumb\",\"itemListElement\":[{\"@type\":\"ListItem\",\"position\":1,\"name\":\"Home\",\"item\":\"https:\/\/evertonfc.cz\/\"},{\"@type\":\"ListItem\",\"position\":2,\"name\":\"Preview: Liverpool &#8211; Everton\"}]},{\"@type\":\"WebSite\",\"@id\":\"https:\/\/evertonfc.cz\/#website\",\"url\":\"https:\/\/evertonfc.cz\/\",\"name\":\"Official Czech &amp; Slovak Everton Supporters&#039; Club\",\"description\":\"\",\"publisher\":{\"@id\":\"https:\/\/evertonfc.cz\/#organization\"},\"potentialAction\":[{\"@type\":\"SearchAction\",\"target\":{\"@type\":\"EntryPoint\",\"urlTemplate\":\"https:\/\/evertonfc.cz\/?s={search_term_string}\"},\"query-input\":{\"@type\":\"PropertyValueSpecification\",\"valueRequired\":true,\"valueName\":\"search_term_string\"}}],\"inLanguage\":\"cs\"},{\"@type\":\"Organization\",\"@id\":\"https:\/\/evertonfc.cz\/#organization\",\"name\":\"Official Czech & Slovak Everton Supporters' Club\",\"url\":\"https:\/\/evertonfc.cz\/\",\"logo\":{\"@type\":\"ImageObject\",\"inLanguage\":\"cs\",\"@id\":\"https:\/\/evertonfc.cz\/#\/schema\/logo\/image\/\",\"url\":\"https:\/\/evertonfc.cz\/wp-content\/uploads\/2019\/05\/logo.png\",\"contentUrl\":\"https:\/\/evertonfc.cz\/wp-content\/uploads\/2019\/05\/logo.png\",\"width\":112,\"height\":112,\"caption\":\"Official Czech & Slovak Everton Supporters' Club\"},\"image\":{\"@id\":\"https:\/\/evertonfc.cz\/#\/schema\/logo\/image\/\"},\"sameAs\":[\"https:\/\/www.facebook.com\/everton.fans.cz.sk\"]},{\"@type\":\"Person\",\"@id\":\"https:\/\/evertonfc.cz\/#\/schema\/person\/b30daf6a5852f4811f8207a17ec1bf78\",\"name\":\"Javor\",\"sameAs\":[\"https:\/\/x.com\/LoudinJan\"],\"url\":\"https:\/\/evertonfc.cz\/index.php\/author\/javor\/\"}]}<\/script>\n<!-- \/ Yoast SEO plugin. -->","yoast_head_json":{"title":"Preview: Liverpool - Everton - Official Czech &amp; Slovak Everton Supporters&#039; Club","description":"Dnes ve \u010dtvrti Anfield \u0161est\u00fd host\u00ed sedm\u00e9ho - a oba se p\u0159edh\u00e1n\u011bj\u00ed ve \u0161patn\u00fdch vykonech.","robots":{"index":"index","follow":"follow","max-snippet":"max-snippet:-1","max-image-preview":"max-image-preview:large","max-video-preview":"max-video-preview:-1"},"canonical":"https:\/\/evertonfc.cz\/index.php\/2021\/02\/20\/preview-liverpool-everton-9\/","og_locale":"cs_CZ","og_type":"article","og_title":"Preview: Liverpool - Everton - Official Czech &amp; Slovak Everton Supporters&#039; Club","og_description":"Dnes ve \u010dtvrti Anfield \u0161est\u00fd host\u00ed sedm\u00e9ho - a oba se p\u0159edh\u00e1n\u011bj\u00ed ve \u0161patn\u00fdch vykonech.","og_url":"https:\/\/evertonfc.cz\/index.php\/2021\/02\/20\/preview-liverpool-everton-9\/","og_site_name":"Official Czech &amp; Slovak Everton Supporters&#039; Club","article_publisher":"https:\/\/www.facebook.com\/everton.fans.cz.sk","article_published_time":"2021-02-20T10:22:34+00:00","article_modified_time":"2021-02-20T10:39:08+00:00","og_image":[{"width":720,"height":405,"url":"https:\/\/evertonfc.cz\/wp-content\/uploads\/2021\/02\/Liverpool-VS-Everton.jpg","type":"image\/jpeg"}],"author":"Javor","twitter_card":"summary_large_image","twitter_creator":"@LoudinJan","twitter_misc":{"Napsal(a)":"Javor","Odhadovan\u00e1 doba \u010dten\u00ed":"2 minuty"},"schema":{"@context":"https:\/\/schema.org","@graph":[{"@type":"Article","@id":"https:\/\/evertonfc.cz\/index.php\/2021\/02\/20\/preview-liverpool-everton-9\/#article","isPartOf":{"@id":"https:\/\/evertonfc.cz\/index.php\/2021\/02\/20\/preview-liverpool-everton-9\/"},"author":{"name":"Javor","@id":"https:\/\/evertonfc.cz\/#\/schema\/person\/b30daf6a5852f4811f8207a17ec1bf78"},"headline":"Preview: Liverpool &#8211; Everton","datePublished":"2021-02-20T10:22:34+00:00","dateModified":"2021-02-20T10:39:08+00:00","mainEntityOfPage":{"@id":"https:\/\/evertonfc.cz\/index.php\/2021\/02\/20\/preview-liverpool-everton-9\/"},"wordCount":365,"commentCount":30,"publisher":{"@id":"https:\/\/evertonfc.cz\/#organization"},"image":{"@id":"https:\/\/evertonfc.cz\/index.php\/2021\/02\/20\/preview-liverpool-everton-9\/#primaryimage"},"thumbnailUrl":"https:\/\/evertonfc.cz\/wp-content\/uploads\/2021\/02\/Liverpool-VS-Everton.jpg","articleSection":["Z\u00e1pasy"],"inLanguage":"cs","potentialAction":[{"@type":"CommentAction","name":"Comment","target":["https:\/\/evertonfc.cz\/index.php\/2021\/02\/20\/preview-liverpool-everton-9\/#respond"]}]},{"@type":"WebPage","@id":"https:\/\/evertonfc.cz\/index.php\/2021\/02\/20\/preview-liverpool-everton-9\/","url":"https:\/\/evertonfc.cz\/index.php\/2021\/02\/20\/preview-liverpool-everton-9\/","name":"Preview: Liverpool - Everton - Official Czech &amp; Slovak Everton Supporters&#039; Club","isPartOf":{"@id":"https:\/\/evertonfc.cz\/#website"},"primaryImageOfPage":{"@id":"https:\/\/evertonfc.cz\/index.php\/2021\/02\/20\/preview-liverpool-everton-9\/#primaryimage"},"image":{"@id":"https:\/\/evertonfc.cz\/index.php\/2021\/02\/20\/preview-liverpool-everton-9\/#primaryimage"},"thumbnailUrl":"https:\/\/evertonfc.cz\/wp-content\/uploads\/2021\/02\/Liverpool-VS-Everton.jpg","datePublished":"2021-02-20T10:22:34+00:00","dateModified":"2021-02-20T10:39:08+00:00","description":"Dnes ve \u010dtvrti Anfield \u0161est\u00fd host\u00ed sedm\u00e9ho - a oba se p\u0159edh\u00e1n\u011bj\u00ed ve \u0161patn\u00fdch vykonech.","breadcrumb":{"@id":"https:\/\/evertonfc.cz\/index.php\/2021\/02\/20\/preview-liverpool-everton-9\/#breadcrumb"},"inLanguage":"cs","potentialAction":[{"@type":"ReadAction","target":["https:\/\/evertonfc.cz\/index.php\/2021\/02\/20\/preview-liverpool-everton-9\/"]}]},{"@type":"ImageObject","inLanguage":"cs","@id":"https:\/\/evertonfc.cz\/index.php\/2021\/02\/20\/preview-liverpool-everton-9\/#primaryimage","url":"https:\/\/evertonfc.cz\/wp-content\/uploads\/2021\/02\/Liverpool-VS-Everton.jpg","contentUrl":"https:\/\/evertonfc.cz\/wp-content\/uploads\/2021\/02\/Liverpool-VS-Everton.jpg","width":720,"height":405},{"@type":"BreadcrumbList","@id":"https:\/\/evertonfc.cz\/index.php\/2021\/02\/20\/preview-liverpool-everton-9\/#breadcrumb","itemListElement":[{"@type":"ListItem","position":1,"name":"Home","item":"https:\/\/evertonfc.cz\/"},{"@type":"ListItem","position":2,"name":"Preview: Liverpool &#8211; Everton"}]},{"@type":"WebSite","@id":"https:\/\/evertonfc.cz\/#website","url":"https:\/\/evertonfc.cz\/","name":"Official Czech &amp; Slovak Everton Supporters&#039; Club","description":"","publisher":{"@id":"https:\/\/evertonfc.cz\/#organization"},"potentialAction":[{"@type":"SearchAction","target":{"@type":"EntryPoint","urlTemplate":"https:\/\/evertonfc.cz\/?s={search_term_string}"},"query-input":{"@type":"PropertyValueSpecification","valueRequired":true,"valueName":"search_term_string"}}],"inLanguage":"cs"},{"@type":"Organization","@id":"https:\/\/evertonfc.cz\/#organization","name":"Official Czech & Slovak Everton Supporters' Club","url":"https:\/\/evertonfc.cz\/","logo":{"@type":"ImageObject","inLanguage":"cs","@id":"https:\/\/evertonfc.cz\/#\/schema\/logo\/image\/","url":"https:\/\/evertonfc.cz\/wp-content\/uploads\/2019\/05\/logo.png","contentUrl":"https:\/\/evertonfc.cz\/wp-content\/uploads\/2019\/05\/logo.png","width":112,"height":112,"caption":"Official Czech & Slovak Everton Supporters' Club"},"image":{"@id":"https:\/\/evertonfc.cz\/#\/schema\/logo\/image\/"},"sameAs":["https:\/\/www.facebook.com\/everton.fans.cz.sk"]},{"@type":"Person","@id":"https:\/\/evertonfc.cz\/#\/schema\/person\/b30daf6a5852f4811f8207a17ec1bf78","name":"Javor","sameAs":["https:\/\/x.com\/LoudinJan"],"url":"https:\/\/evertonfc.cz\/index.php\/author\/javor\/"}]}},"_links":{"self":[{"href":"https:\/\/evertonfc.cz\/index.php\/wp-json\/wp\/v2\/posts\/14232"}],"collection":[{"href":"https:\/\/evertonfc.cz\/index.php\/wp-json\/wp\/v2\/posts"}],"about":[{"href":"https:\/\/evertonfc.cz\/index.php\/wp-json\/wp\/v2\/types\/post"}],"author":[{"embeddable":true,"href":"https:\/\/evertonfc.cz\/index.php\/wp-json\/wp\/v2\/users\/12"}],"replies":[{"embeddable":true,"href":"https:\/\/evertonfc.cz\/index.php\/wp-json\/wp\/v2\/comments?post=14232"}],"version-history":[{"count":5,"href":"https:\/\/evertonfc.cz\/index.php\/wp-json\/wp\/v2\/posts\/14232\/revisions"}],"predecessor-version":[{"id":14238,"href":"https:\/\/evertonfc.cz\/index.php\/wp-json\/wp\/v2\/posts\/14232\/revisions\/14238"}],"wp:featuredmedia":[{"embeddable":true,"href":"https:\/\/evertonfc.cz\/index.php\/wp-json\/wp\/v2\/media\/14233"}],"wp:attachment":[{"href":"https:\/\/evertonfc.cz\/index.php\/wp-json\/wp\/v2\/media?parent=14232"}],"wp:term":[{"taxonomy":"category","embeddable":true,"href":"https:\/\/evertonfc.cz\/index.php\/wp-json\/wp\/v2\/categories?post=14232"},{"taxonomy":"post_tag","embeddable":true,"href":"https:\/\/evertonfc.cz\/index.php\/wp-json\/wp\/v2\/tags?post=14232"}],"curies":[{"name":"wp","href":"https:\/\/api.w.org\/{rel}","templated":true}]}}