{"id":14284,"date":"2021-02-23T15:05:56","date_gmt":"2021-02-23T14:05:56","guid":{"rendered":"https:\/\/evertonfc.cz\/?p=14284"},"modified":"2021-02-26T22:14:04","modified_gmt":"2021-02-26T21:14:04","slug":"hell-its-about-time","status":"publish","type":"post","link":"https:\/\/evertonfc.cz\/index.php\/2021\/02\/23\/hell-its-about-time\/","title":{"rendered":"Hell, it\u2019s about time!"},"content":{"rendered":"<h4>Dvadsa\u0165jeden rokov, \u0161tyri mesiace a\u00a0dvadsa\u0165\u0161tyri dn\u00ed. To neznie ako ve\u010dnos\u0165, to ve\u010dnos\u0165 skuto\u010dne je. Pre jednu cel\u00fa mlad\u0161iu gener\u00e1ciu, ktor\u00e1 padn\u00fa\u0165 Anfield neza\u017eila.<\/h4>\n<p>Ani ja som tomu nebol svedkom, a\u00a0preto ma neskuto\u010dne mrz\u00ed, \u017ee nie\u010do tak hanebne v\u00fdnimo\u010dn\u00e9, ako si treba prizna\u0165, sa stalo pr\u00e1ve po\u010das tak\u00e9hoto celosvetov\u00e9ho str\u00e1dania s\u00a0n\u00e1strahou pomstychtivej pr\u00edrody, kedy \u010dlovek nem\u00e1 na v\u00fdber a\u00a0sleduje neopakovate\u013en\u00e9 s\u00a0nutn\u00fdm odstupom a\u00a0bez patri\u010dnej d\u00e1vky em\u00f3ci\u00ed s bl\u00edzkymi, ktor\u00e9 brzd\u00ed najm\u00e4 psychicky \u0165a\u017ek\u00e1 izol\u00e1cia pre dobro nez\u00fa\u010dastnenej v\u00e4\u010d\u0161iny.<\/p>\n<p>Z\u00fa\u010dastnen\u00e1 a e\u0161te k tomu rozdroben\u00e1 men\u0161ina si mus\u00ed preto vysta\u010di\u0165 po svojom. Improvizova\u0165 a vy\u0165a\u017ei\u0165 zo z\u00e1\u017eitku maximum. Zvolil som slovo z\u00e1\u017eitok. Op\u00e4\u0165 len trpk\u00e1 pripomienka rivalsk\u00e9ho z\u00e1polenia, ktor\u00e9 naposledy prinieslo plesanie modr\u00fdch s\u0155dc u\u017e bohu\u017eia\u013e v minulej dek\u00e1de. T\u00fa \u010fal\u0161iu, s\u00fa\u010dasn\u00fa, sme za\u010dali pod nov\u00fdm veden\u00edm. A netrvalo dlho, dostavil sa v\u00fdsledok.<\/p>\n<h4><strong>March of Progress<\/strong><\/h4>\n<p>Spr\u00e1vna vo\u013eba nie v\u017edy zodpoved\u00e1 tej dostupnej. A\u00a0kompromisy sa pri h\u013eadan\u00ed \u00faspechu m\u00e1lokedy sn\u00fabia s\u00a0v\u00fdsledkami. \u010clovek by a\u017e povedal, \u017ee je to neomyln\u00e1 rovnica. A\u00a0v\u00fdhradne len bez premenn\u00fdch. Ak toti\u017e chcete nie\u010do dosiahnu\u0165, mus\u00edte zosobni\u0165 slovo kvalita. Jej hromadenie na v\u0161etk\u00fdch miestach v\u00e1s n\u00e1sledne predur\u010duje k\u00a0pokroku a\u00a0vyt\u00fd\u010den\u00e9 ciele sa razom vyn\u00e1raj\u00fa nad horizontom.<\/p>\n<p>\u00dasvit v\u00a0podobe novodob\u00fdch futbalov\u00fdch \u00faspechov zav\u00edtal na opa\u010dn\u00fa stranu Stanley Parku bohu\u017eia\u013e sk\u00f4r. Ale to neznamen\u00e1, \u017ee jeho l\u00fa\u010de nepresvitn\u00fa cez koruny stromov a\u00a0ru\u0161n\u00fa Walton Lane a\u017e k\u00a0n\u00e1m. Nedeje sa to pr\u00e1ve patri\u010dnou r\u00fdchlos\u0165ou svetla, ale deje sa to. To je zrejm\u00fd fakt. A\u00a0m\u00f4\u017ee za to hlavne jeden \u010dlovek, ktor\u00e9mu bolo zveren\u00e9 \u0161\u0165astie posledn\u00fdch rokov pre\u017eit\u00fdch v\u00a0Goodison Parku.<\/p>\n<p>Pr\u00e1vom p\u00ed\u0161em o\u00a0\u0161\u0165ast\u00ed, lebo to s\u00fa pocity fan\u00fa\u0161ikov, ktor\u00ed za posledn\u00e9 polstoro\u010die ok\u00fasili sladk\u00fa chu\u0165 v\u00ed\u0165azstva na p\u00f4de ich sokov len \u0161es\u0165 kr\u00e1t. Presne tak. Od sez\u00f3ny 1962\/63 sa The Toffees podarilo vyhra\u0165 len \u0161es\u0165 z\u00e1pasov na ju\u017enom konci Stanley Parku. V\u00a0\u0161es\u0165desiatych rokoch, kedy si nasadili korunu a\u00a0z\u00edskali anglick\u00fd poh\u00e1r, si Anfield podmanili len raz. Op\u00e4\u0165 sedeli na tr\u00f3ne na za\u010diatku\u00a0sedemdesiatych a\u00a0The Kop si k\u013eakol len pri jednej pr\u00edle\u017eitosti. Musela to by\u0165 skuto\u010dn\u00e1 zostava toho najlep\u0161ieho, \u010do sa kedy na Starej D\u00e1me stretlo, aby v\u00a0naj\u00faspe\u0161nej\u0161ej \u00e9re klubu dobili kedysi vlastn\u00fa pevnos\u0165 po dva razy, \u010do sa takpovediac tiahlo e\u0161te aj do konca druh\u00e9ho mil\u00e9nia.<\/p>\n<h4><strong>When Your Worst Enemy Is Yourself<\/strong><\/h4>\n<p>Len\u017ee nasledovalo dvadsa\u0165 rokov bezbo\u017en\u00e9ho tr\u00e1penia. Everton ako keby zabudol, \u017ee aj derby je st\u00e1le len futbal. S tia\u017eou minulosti sa v\u00fdsledkovo pot\u00e1cal raz zbi\u010dovan\u00fd em\u00f3ciami, inokedy znechuten\u00fd strachom. Zn\u00e1my a nepr\u00edjemn\u00fd pocit sa stal pre hr\u00e1\u010dov takmer folkl\u00f3rom, ktor\u00fd ale trib\u00fanov\u00fd dav pr\u00e1vom odmietal. By\u0165 ka\u017edoro\u010dne pohlten\u00fd hanbou zo str\u00e1pnenia v derby, s inklin\u00e1ciou k v\u00e4\u010d\u0161\u00edm futbalov\u00fdm dopadom, je pre fan\u00fa\u0161ika ag\u00f3nia \u010do i len pomyslie\u0165, nie s ka\u017edoro\u010dnou istotou pre\u017e\u00edva\u0165.<\/p>\n<p>Av\u0161ak, s t\u00fdm je koniec. Aspo\u0148 do najbli\u017e\u0161ej hodiny H. Nasleduj\u00face derby si n\u00e1s po\u010dk\u00e1 a Ancelotti bude, d\u00fafam, pri tom. Lebo t\u00e1to v\u00fdhra je najm\u00e4 jeho z\u00e1sluhou. Ako jedin\u00fd v kr\u00e1tkej hist\u00f3rii a z\u00e1stupe posledn\u00fdch mana\u017e\u00e9rov dok\u00e1zal vynecha\u0165 z Merseyside derby pre seba a na\u0161ich hr\u00e1\u010dov to najzlo\u017eitej\u0161ie. Em\u00f3cie. Pov\u00fd\u0161il samotn\u00fd cie\u013e nad cestu k nemu. A to je spr\u00e1vne. Klub nikdy ni\u010d trv\u00e1cne nedosiahne, ak sa bude s\u00fastredi\u0165 len na to, \u010do m\u00e1 priamo pred nosom, a nie to, \u010do ho \u010dak\u00e1 za rohom.<\/p>\n<h4><strong><em>\u201eWhy are you laughing?\u201c &#8211; \u201cWe are allowed to talk or is it just you, J\u00fcrgen?\u201d<\/em><\/strong><\/h4>\n<p>J\u00fcrgen Klopp m\u00e1 zaujat\u00e9 vn\u00edmanie sveta. Nebudem to vola\u0165 pokrytectvo. Lebo nemus\u00edm. Jeho eskap\u00e1dy s oslavami cez cel\u00e9 ihrisko po smolnom g\u00f3le Pickforda z osudn\u00e9ho ve\u010dera na konci roku 2018 sa mu teraz vr\u00e1tili. A to sme nemuseli ani vyhra\u0165 v\u010faka \u0161\u0165astiu alebo \u010distej n\u00e1hode. Naopak, oddreli sme si to, a ponorili tak Liverpool e\u0161te do v\u00e4\u010d\u0161\u00edch probl\u00e9mov. Teraz si ten pocit m\u00f4\u017eeme u\u017e\u00edva\u0165, no so c\u0165ou a re\u0161pektom, ktor\u00fd my im na rozdiel od nich preukazujeme. A to som e\u0161te st\u00e1le nepochopil pre\u010do&#8230;<\/p>\n<blockquote>\n<p style=\"text-align: center;\"><span style=\"font-size: 12pt;\"><em>It went quiet at Anfield Road,<br \/>\nWhere we once watched us play with two strikers,<\/em><em><br \/>\nEight minutes to go,<br \/>\nDominic won a penalty kick,<br \/>\nGylfi put it in at the left stick,<br \/>\nIt went quiet round the fields of Anfield Road&#8230;<\/em><\/span><\/p>\n<\/blockquote>\n<p style=\"text-align: right;\"><span style=\"font-size: 8pt;\">(fotozdroj: Paul Ellis\/Pool\/AFP)<\/span><\/p>\n","protected":false},"excerpt":{"rendered":"<p>Dvadsa\u0165jeden rokov, \u0161tyri mesiace a\u00a0dvadsa\u0165\u0161tyri dn\u00ed. To neznie ako ve\u010dnos\u0165, to ve\u010dnos\u0165 skuto\u010dne je. Pre jednu cel\u00fa mlad\u0161iu gener\u00e1ciu, ktor\u00e1 padn\u00fa\u0165 Anfield neza\u017eila.<\/p>\n","protected":false},"author":1,"featured_media":14279,"comment_status":"open","ping_status":"closed","sticky":false,"template":"","format":"standard","meta":{"_eb_attr":"","_monsterinsights_skip_tracking":false,"_monsterinsights_sitenote_active":false,"_monsterinsights_sitenote_note":"","_monsterinsights_sitenote_category":0,"footnotes":""},"categories":[39],"tags":[],"yoast_head":"<!-- This site is optimized with the Yoast SEO plugin v23.4 - https:\/\/yoast.com\/wordpress\/plugins\/seo\/ -->\n<title>Hell, it\u2019s about time! - Official Czech &amp; Slovak Everton Supporters&#039; Club<\/title>\n<meta name=\"robots\" content=\"index, follow, max-snippet:-1, max-image-preview:large, max-video-preview:-1\" \/>\n<link rel=\"canonical\" href=\"https:\/\/evertonfc.cz\/index.php\/2021\/02\/23\/hell-its-about-time\/\" \/>\n<meta property=\"og:locale\" content=\"cs_CZ\" \/>\n<meta property=\"og:type\" content=\"article\" \/>\n<meta property=\"og:title\" content=\"Hell, it\u2019s about time! - Official Czech &amp; Slovak Everton Supporters&#039; Club\" \/>\n<meta property=\"og:description\" content=\"Dvadsa\u0165jeden rokov, \u0161tyri mesiace a\u00a0dvadsa\u0165\u0161tyri dn\u00ed. To neznie ako ve\u010dnos\u0165, to ve\u010dnos\u0165 skuto\u010dne je. Pre jednu cel\u00fa mlad\u0161iu gener\u00e1ciu, ktor\u00e1 padn\u00fa\u0165 Anfield neza\u017eila.\" \/>\n<meta property=\"og:url\" content=\"https:\/\/evertonfc.cz\/index.php\/2021\/02\/23\/hell-its-about-time\/\" \/>\n<meta property=\"og:site_name\" content=\"Official Czech &amp; Slovak Everton Supporters&#039; Club\" \/>\n<meta property=\"article:publisher\" content=\"https:\/\/www.facebook.com\/everton.fans.cz.sk\" \/>\n<meta property=\"article:published_time\" content=\"2021-02-23T14:05:56+00:00\" \/>\n<meta property=\"article:modified_time\" content=\"2021-02-26T21:14:04+00:00\" \/>\n<meta property=\"og:image\" content=\"https:\/\/evertonfc.cz\/wp-content\/uploads\/2021\/02\/Ben-Godfrey-Everton-by-Paul-Ellis-Pool-AFP.jpg\" \/>\n\t<meta property=\"og:image:width\" content=\"720\" \/>\n\t<meta property=\"og:image:height\" content=\"405\" \/>\n\t<meta property=\"og:image:type\" content=\"image\/jpeg\" \/>\n<meta name=\"author\" content=\"BlueBlooded\" \/>\n<meta name=\"twitter:card\" content=\"summary_large_image\" \/>\n<meta name=\"twitter:label1\" content=\"Napsal(a)\" \/>\n\t<meta name=\"twitter:data1\" content=\"BlueBlooded\" \/>\n\t<meta name=\"twitter:label2\" content=\"Odhadovan\u00e1 doba \u010dten\u00ed\" \/>\n\t<meta name=\"twitter:data2\" content=\"3 minuty\" \/>\n<script type=\"application\/ld+json\" class=\"yoast-schema-graph\">{\"@context\":\"https:\/\/schema.org\",\"@graph\":[{\"@type\":\"Article\",\"@id\":\"https:\/\/evertonfc.cz\/index.php\/2021\/02\/23\/hell-its-about-time\/#article\",\"isPartOf\":{\"@id\":\"https:\/\/evertonfc.cz\/index.php\/2021\/02\/23\/hell-its-about-time\/\"},\"author\":{\"name\":\"BlueBlooded\",\"@id\":\"https:\/\/evertonfc.cz\/#\/schema\/person\/d4493b8cbea51532597fbc4685698916\"},\"headline\":\"Hell, it\u2019s about time!\",\"datePublished\":\"2021-02-23T14:05:56+00:00\",\"dateModified\":\"2021-02-26T21:14:04+00:00\",\"mainEntityOfPage\":{\"@id\":\"https:\/\/evertonfc.cz\/index.php\/2021\/02\/23\/hell-its-about-time\/\"},\"wordCount\":871,\"commentCount\":0,\"publisher\":{\"@id\":\"https:\/\/evertonfc.cz\/#organization\"},\"image\":{\"@id\":\"https:\/\/evertonfc.cz\/index.php\/2021\/02\/23\/hell-its-about-time\/#primaryimage\"},\"thumbnailUrl\":\"https:\/\/evertonfc.cz\/wp-content\/uploads\/2021\/02\/Ben-Godfrey-Everton-by-Paul-Ellis-Pool-AFP.jpg\",\"articleSection\":[\"Blog\"],\"inLanguage\":\"cs\",\"potentialAction\":[{\"@type\":\"CommentAction\",\"name\":\"Comment\",\"target\":[\"https:\/\/evertonfc.cz\/index.php\/2021\/02\/23\/hell-its-about-time\/#respond\"]}]},{\"@type\":\"WebPage\",\"@id\":\"https:\/\/evertonfc.cz\/index.php\/2021\/02\/23\/hell-its-about-time\/\",\"url\":\"https:\/\/evertonfc.cz\/index.php\/2021\/02\/23\/hell-its-about-time\/\",\"name\":\"Hell, it\u2019s about time! - Official Czech &amp; Slovak Everton Supporters&#039; Club\",\"isPartOf\":{\"@id\":\"https:\/\/evertonfc.cz\/#website\"},\"primaryImageOfPage\":{\"@id\":\"https:\/\/evertonfc.cz\/index.php\/2021\/02\/23\/hell-its-about-time\/#primaryimage\"},\"image\":{\"@id\":\"https:\/\/evertonfc.cz\/index.php\/2021\/02\/23\/hell-its-about-time\/#primaryimage\"},\"thumbnailUrl\":\"https:\/\/evertonfc.cz\/wp-content\/uploads\/2021\/02\/Ben-Godfrey-Everton-by-Paul-Ellis-Pool-AFP.jpg\",\"datePublished\":\"2021-02-23T14:05:56+00:00\",\"dateModified\":\"2021-02-26T21:14:04+00:00\",\"breadcrumb\":{\"@id\":\"https:\/\/evertonfc.cz\/index.php\/2021\/02\/23\/hell-its-about-time\/#breadcrumb\"},\"inLanguage\":\"cs\",\"potentialAction\":[{\"@type\":\"ReadAction\",\"target\":[\"https:\/\/evertonfc.cz\/index.php\/2021\/02\/23\/hell-its-about-time\/\"]}]},{\"@type\":\"ImageObject\",\"inLanguage\":\"cs\",\"@id\":\"https:\/\/evertonfc.cz\/index.php\/2021\/02\/23\/hell-its-about-time\/#primaryimage\",\"url\":\"https:\/\/evertonfc.cz\/wp-content\/uploads\/2021\/02\/Ben-Godfrey-Everton-by-Paul-Ellis-Pool-AFP.jpg\",\"contentUrl\":\"https:\/\/evertonfc.cz\/wp-content\/uploads\/2021\/02\/Ben-Godfrey-Everton-by-Paul-Ellis-Pool-AFP.jpg\",\"width\":720,\"height\":405},{\"@type\":\"BreadcrumbList\",\"@id\":\"https:\/\/evertonfc.cz\/index.php\/2021\/02\/23\/hell-its-about-time\/#breadcrumb\",\"itemListElement\":[{\"@type\":\"ListItem\",\"position\":1,\"name\":\"Home\",\"item\":\"https:\/\/evertonfc.cz\/\"},{\"@type\":\"ListItem\",\"position\":2,\"name\":\"Hell, it\u2019s about time!\"}]},{\"@type\":\"WebSite\",\"@id\":\"https:\/\/evertonfc.cz\/#website\",\"url\":\"https:\/\/evertonfc.cz\/\",\"name\":\"Official Czech &amp; Slovak Everton Supporters&#039; Club\",\"description\":\"\",\"publisher\":{\"@id\":\"https:\/\/evertonfc.cz\/#organization\"},\"potentialAction\":[{\"@type\":\"SearchAction\",\"target\":{\"@type\":\"EntryPoint\",\"urlTemplate\":\"https:\/\/evertonfc.cz\/?s={search_term_string}\"},\"query-input\":{\"@type\":\"PropertyValueSpecification\",\"valueRequired\":true,\"valueName\":\"search_term_string\"}}],\"inLanguage\":\"cs\"},{\"@type\":\"Organization\",\"@id\":\"https:\/\/evertonfc.cz\/#organization\",\"name\":\"Official Czech & Slovak Everton Supporters' Club\",\"url\":\"https:\/\/evertonfc.cz\/\",\"logo\":{\"@type\":\"ImageObject\",\"inLanguage\":\"cs\",\"@id\":\"https:\/\/evertonfc.cz\/#\/schema\/logo\/image\/\",\"url\":\"https:\/\/evertonfc.cz\/wp-content\/uploads\/2019\/05\/logo.png\",\"contentUrl\":\"https:\/\/evertonfc.cz\/wp-content\/uploads\/2019\/05\/logo.png\",\"width\":112,\"height\":112,\"caption\":\"Official Czech & Slovak Everton Supporters' Club\"},\"image\":{\"@id\":\"https:\/\/evertonfc.cz\/#\/schema\/logo\/image\/\"},\"sameAs\":[\"https:\/\/www.facebook.com\/everton.fans.cz.sk\"]},{\"@type\":\"Person\",\"@id\":\"https:\/\/evertonfc.cz\/#\/schema\/person\/d4493b8cbea51532597fbc4685698916\",\"name\":\"BlueBlooded\",\"url\":\"https:\/\/evertonfc.cz\/index.php\/author\/admin\/\"}]}<\/script>\n<!-- \/ Yoast SEO plugin. -->","yoast_head_json":{"title":"Hell, it\u2019s about time! - Official Czech &amp; Slovak Everton Supporters&#039; Club","robots":{"index":"index","follow":"follow","max-snippet":"max-snippet:-1","max-image-preview":"max-image-preview:large","max-video-preview":"max-video-preview:-1"},"canonical":"https:\/\/evertonfc.cz\/index.php\/2021\/02\/23\/hell-its-about-time\/","og_locale":"cs_CZ","og_type":"article","og_title":"Hell, it\u2019s about time! - Official Czech &amp; Slovak Everton Supporters&#039; Club","og_description":"Dvadsa\u0165jeden rokov, \u0161tyri mesiace a\u00a0dvadsa\u0165\u0161tyri dn\u00ed. To neznie ako ve\u010dnos\u0165, to ve\u010dnos\u0165 skuto\u010dne je. Pre jednu cel\u00fa mlad\u0161iu gener\u00e1ciu, ktor\u00e1 padn\u00fa\u0165 Anfield neza\u017eila.","og_url":"https:\/\/evertonfc.cz\/index.php\/2021\/02\/23\/hell-its-about-time\/","og_site_name":"Official Czech &amp; Slovak Everton Supporters&#039; Club","article_publisher":"https:\/\/www.facebook.com\/everton.fans.cz.sk","article_published_time":"2021-02-23T14:05:56+00:00","article_modified_time":"2021-02-26T21:14:04+00:00","og_image":[{"width":720,"height":405,"url":"https:\/\/evertonfc.cz\/wp-content\/uploads\/2021\/02\/Ben-Godfrey-Everton-by-Paul-Ellis-Pool-AFP.jpg","type":"image\/jpeg"}],"author":"BlueBlooded","twitter_card":"summary_large_image","twitter_misc":{"Napsal(a)":"BlueBlooded","Odhadovan\u00e1 doba \u010dten\u00ed":"3 minuty"},"schema":{"@context":"https:\/\/schema.org","@graph":[{"@type":"Article","@id":"https:\/\/evertonfc.cz\/index.php\/2021\/02\/23\/hell-its-about-time\/#article","isPartOf":{"@id":"https:\/\/evertonfc.cz\/index.php\/2021\/02\/23\/hell-its-about-time\/"},"author":{"name":"BlueBlooded","@id":"https:\/\/evertonfc.cz\/#\/schema\/person\/d4493b8cbea51532597fbc4685698916"},"headline":"Hell, it\u2019s about time!","datePublished":"2021-02-23T14:05:56+00:00","dateModified":"2021-02-26T21:14:04+00:00","mainEntityOfPage":{"@id":"https:\/\/evertonfc.cz\/index.php\/2021\/02\/23\/hell-its-about-time\/"},"wordCount":871,"commentCount":0,"publisher":{"@id":"https:\/\/evertonfc.cz\/#organization"},"image":{"@id":"https:\/\/evertonfc.cz\/index.php\/2021\/02\/23\/hell-its-about-time\/#primaryimage"},"thumbnailUrl":"https:\/\/evertonfc.cz\/wp-content\/uploads\/2021\/02\/Ben-Godfrey-Everton-by-Paul-Ellis-Pool-AFP.jpg","articleSection":["Blog"],"inLanguage":"cs","potentialAction":[{"@type":"CommentAction","name":"Comment","target":["https:\/\/evertonfc.cz\/index.php\/2021\/02\/23\/hell-its-about-time\/#respond"]}]},{"@type":"WebPage","@id":"https:\/\/evertonfc.cz\/index.php\/2021\/02\/23\/hell-its-about-time\/","url":"https:\/\/evertonfc.cz\/index.php\/2021\/02\/23\/hell-its-about-time\/","name":"Hell, it\u2019s about time! - Official Czech &amp; Slovak Everton Supporters&#039; Club","isPartOf":{"@id":"https:\/\/evertonfc.cz\/#website"},"primaryImageOfPage":{"@id":"https:\/\/evertonfc.cz\/index.php\/2021\/02\/23\/hell-its-about-time\/#primaryimage"},"image":{"@id":"https:\/\/evertonfc.cz\/index.php\/2021\/02\/23\/hell-its-about-time\/#primaryimage"},"thumbnailUrl":"https:\/\/evertonfc.cz\/wp-content\/uploads\/2021\/02\/Ben-Godfrey-Everton-by-Paul-Ellis-Pool-AFP.jpg","datePublished":"2021-02-23T14:05:56+00:00","dateModified":"2021-02-26T21:14:04+00:00","breadcrumb":{"@id":"https:\/\/evertonfc.cz\/index.php\/2021\/02\/23\/hell-its-about-time\/#breadcrumb"},"inLanguage":"cs","potentialAction":[{"@type":"ReadAction","target":["https:\/\/evertonfc.cz\/index.php\/2021\/02\/23\/hell-its-about-time\/"]}]},{"@type":"ImageObject","inLanguage":"cs","@id":"https:\/\/evertonfc.cz\/index.php\/2021\/02\/23\/hell-its-about-time\/#primaryimage","url":"https:\/\/evertonfc.cz\/wp-content\/uploads\/2021\/02\/Ben-Godfrey-Everton-by-Paul-Ellis-Pool-AFP.jpg","contentUrl":"https:\/\/evertonfc.cz\/wp-content\/uploads\/2021\/02\/Ben-Godfrey-Everton-by-Paul-Ellis-Pool-AFP.jpg","width":720,"height":405},{"@type":"BreadcrumbList","@id":"https:\/\/evertonfc.cz\/index.php\/2021\/02\/23\/hell-its-about-time\/#breadcrumb","itemListElement":[{"@type":"ListItem","position":1,"name":"Home","item":"https:\/\/evertonfc.cz\/"},{"@type":"ListItem","position":2,"name":"Hell, it\u2019s about time!"}]},{"@type":"WebSite","@id":"https:\/\/evertonfc.cz\/#website","url":"https:\/\/evertonfc.cz\/","name":"Official Czech &amp; Slovak Everton Supporters&#039; Club","description":"","publisher":{"@id":"https:\/\/evertonfc.cz\/#organization"},"potentialAction":[{"@type":"SearchAction","target":{"@type":"EntryPoint","urlTemplate":"https:\/\/evertonfc.cz\/?s={search_term_string}"},"query-input":{"@type":"PropertyValueSpecification","valueRequired":true,"valueName":"search_term_string"}}],"inLanguage":"cs"},{"@type":"Organization","@id":"https:\/\/evertonfc.cz\/#organization","name":"Official Czech & Slovak Everton Supporters' Club","url":"https:\/\/evertonfc.cz\/","logo":{"@type":"ImageObject","inLanguage":"cs","@id":"https:\/\/evertonfc.cz\/#\/schema\/logo\/image\/","url":"https:\/\/evertonfc.cz\/wp-content\/uploads\/2019\/05\/logo.png","contentUrl":"https:\/\/evertonfc.cz\/wp-content\/uploads\/2019\/05\/logo.png","width":112,"height":112,"caption":"Official Czech & Slovak Everton Supporters' Club"},"image":{"@id":"https:\/\/evertonfc.cz\/#\/schema\/logo\/image\/"},"sameAs":["https:\/\/www.facebook.com\/everton.fans.cz.sk"]},{"@type":"Person","@id":"https:\/\/evertonfc.cz\/#\/schema\/person\/d4493b8cbea51532597fbc4685698916","name":"BlueBlooded","url":"https:\/\/evertonfc.cz\/index.php\/author\/admin\/"}]}},"_links":{"self":[{"href":"https:\/\/evertonfc.cz\/index.php\/wp-json\/wp\/v2\/posts\/14284"}],"collection":[{"href":"https:\/\/evertonfc.cz\/index.php\/wp-json\/wp\/v2\/posts"}],"about":[{"href":"https:\/\/evertonfc.cz\/index.php\/wp-json\/wp\/v2\/types\/post"}],"author":[{"embeddable":true,"href":"https:\/\/evertonfc.cz\/index.php\/wp-json\/wp\/v2\/users\/1"}],"replies":[{"embeddable":true,"href":"https:\/\/evertonfc.cz\/index.php\/wp-json\/wp\/v2\/comments?post=14284"}],"version-history":[{"count":6,"href":"https:\/\/evertonfc.cz\/index.php\/wp-json\/wp\/v2\/posts\/14284\/revisions"}],"predecessor-version":[{"id":14292,"href":"https:\/\/evertonfc.cz\/index.php\/wp-json\/wp\/v2\/posts\/14284\/revisions\/14292"}],"wp:featuredmedia":[{"embeddable":true,"href":"https:\/\/evertonfc.cz\/index.php\/wp-json\/wp\/v2\/media\/14279"}],"wp:attachment":[{"href":"https:\/\/evertonfc.cz\/index.php\/wp-json\/wp\/v2\/media?parent=14284"}],"wp:term":[{"taxonomy":"category","embeddable":true,"href":"https:\/\/evertonfc.cz\/index.php\/wp-json\/wp\/v2\/categories?post=14284"},{"taxonomy":"post_tag","embeddable":true,"href":"https:\/\/evertonfc.cz\/index.php\/wp-json\/wp\/v2\/tags?post=14284"}],"curies":[{"name":"wp","href":"https:\/\/api.w.org\/{rel}","templated":true}]}}