{"id":1432,"date":"2018-12-26T21:50:07","date_gmt":"2018-12-26T20:50:07","guid":{"rendered":"http:\/\/evertonfc.cz\/?p=1432"},"modified":"2021-03-12T10:27:19","modified_gmt":"2021-03-12T09:27:19","slug":"preview-burnley-everton","status":"publish","type":"post","link":"https:\/\/evertonfc.cz\/index.php\/2018\/12\/26\/preview-burnley-everton\/","title":{"rendered":"Preview: Burnley &#8211; Everton"},"content":{"rendered":"<h4>Pocit, a\u017e to m\u013eask\u00e1, ke\u010f v\u00e1s \u017eivot fack\u00e1. Lep\u0161ie skorej ako nikdy, veru neplytvajme bodmi. \u010eal\u0161\u00ed s\u00faper ich nem\u00e1 nazvy\u0161, bude rva\u0165 sa, to si p\u00ed\u0161. Poda\u0165 treba v\u00fdkon na p\u00e1na, nech nehanb\u00edme sa na \u0160tefana.<\/h4>\n<p>Posledn\u00fd z\u00e1pas prvej polovice tejto sez\u00f3ny. Je \u010das hodnoti\u0165? Mo\u017eno tak kon\u0161tatova\u0165. Siln\u00e9 n\u00e1tury ur\u010dite nevyviedla z koncentr\u00e1cie posledn\u00e1 expoz\u00edcia pokoren\u00e9ho man\u0161aftu, pohoden\u00e9ho pred la\u010dn\u00fd kus krvila\u010dnej hordy zo severn\u00e9ho Lond\u00fdna. Fakt pre siln\u00e9 povahy s R-kov\u00fdm ratingom. Ani sa nepam\u00e4t\u00e1m, kedy som naposledy videl polopr\u00e1zdnu Gwladys Street. St\u00e1\u0165 nohami na zemi a p\u00fdta\u0165 sa svedomite, bola to naivita jedn\u00e9ho, namyslenos\u0165 viacer\u00fdch alebo sa len naplno prejavila absencia k\u013e\u00fa\u010dovej postavy? Naivita sa m\u00f4\u017ee pretavi\u0165 v bl\u00e1znovstvo, ak bude pokra\u010dova\u0165 s rovnak\u00fdm o\u010dak\u00e1van\u00edm. Namyslenos\u0165 by bol ten lep\u0161\u00ed pr\u00edpad, preto\u017ee padn\u00fa\u0165 na hubu a pou\u010di\u0165 sa d\u00e1. Ob\u010das. Najlep\u0161ia je logicky pre m\u0148a posledn\u00e1 mo\u017enos\u0165, ktorej by som mohol prip\u00edsa\u0165 n\u00e1\u0161 posledn\u00fd pozornos\u0165 p\u00fataj\u00faci ne\u00faspech.<\/p>\n<h4><strong>\u201e<em>If you don\u00b4t believe you can win, there is no point in getting out of bed at the end of the day.\u201c<\/em><\/strong><\/h4>\n<p>V\u010faka ti, Binman. Vie\u0161, ako veci uvies\u0165 na prav\u00fa mieru. Ak by sme neverili, \u017ee dok\u00e1\u017eeme zavrie\u0165 kur\u00edn na vlastnej z\u00e1hrade, mohli sme rovno odmontova\u0165 dvierka. Tak\u017ee, pl\u00e1n sa nemen\u00ed. Len jeho kr\u00e1tkodob\u00e9 prevedenie. Marco Silva tvrd\u00ed, \u017ee mus\u00edme udr\u017ea\u0165 veci pohromade v tomto r\u00fdchlom slede z\u00e1pasov a m\u00e1 pravdu. Absol\u00fatne nie je d\u00f4vod na paniku. Viano\u010dn\u00fa n\u00e1dielku dostal (naozaj) ka\u017ed\u00fd, hoci aj nechcel. Av\u0161ak \u0165a\u017ek\u00e1 s\u00e9ria s\u00faperov sa skon\u010dila a body sa o\u010dak\u00e1vaj\u00fa v pravidelnej don\u00e1\u0161ke od s\u00faperov, po\u010dn\u00fac The Clarets. S t\u00fdm n\u00e1m asi st\u00e1le nebude vedie\u0165 pom\u00f4c\u0165 Gueye. Jeho \u0161tart ost\u00e1va rovnako ot\u00e1zny aj pred t\u00fdmto stretnut\u00edm. Na listine laz\u00e1rov sa pre ve\u013ek\u00fa smolu a sklamanie fan\u00fa\u0161ikov ocitol tie\u017e Gomes. Portugalsk\u00fd \u0161p\u00edlmacher si poranil koleno a v\u0161etci pevne veria, \u017ee to nebude na dlho. Strata a\u017e dvoch k\u013e\u00fa\u010dov\u00fdch os\u00f4b by s ve\u013ekou pravdepodobnos\u0165ou znamenala vymknut\u00fa z\u00e1lohu, jedin\u00fd komponent, funguj\u00faci v plnom stave na 100%.<\/p>\n<h4><em><strong>\u201eWe&#8217;re wealthy in the sense of being a balanced club financially but we&#8217;re not wealthy in Premier League terms. We&#8217;re the minnows of the Premier League.&#8220;<\/strong><\/em><\/h4>\n<p>Sean Dyche, mana\u017e\u00e9r klubu, v ktorom sa vo vitr\u00edne p\u00fd\u0161ia dva tituly majstra Anglicka a jeden FA Cup, to zhrnul dobre. Sna\u017eil sa zn\u00ed\u017ei\u0165 o\u010dak\u00e1vania po vydarenej sez\u00f3ne, a to pr\u00e1vom. Syndr\u00f3mom druhej sez\u00f3ny to ozna\u010dova\u0165 nemus\u00edme, povedzme len, \u017ee sa vr\u00e1tili do star\u00fdch ko\u013eaj\u00ed. Celky s najmen\u0161\u00edm rozpo\u010dtom v lige, medzi ktor\u00e9 patr\u00ed aj s\u00faper, to toti\u017e maj\u00fa ako be\u017en\u00fa re\u00e1liu. A jedno siedme miesto s kvalifik\u00e1ciou do fan\u00fa\u0161ikmi polstoro\u010dia nev\u00eddan\u00e9ho eur\u00f3pskeho poh\u00e1ra na tom ni\u010d nezmen\u00ed. Len v\u00e1m prid\u00e1 na probl\u00e9moch. Prek\u00fasanie sa cez Aberdeen, Istanbul Basaksehir a vyradenie Olympiacosom nie\u010do st\u00e1lo. A ak na cel\u00fa minul\u00fa kampa\u0148 sta\u010dilo 24 hr\u00e1\u010dov, m\u00f4\u017eete sa stavi\u0165, \u017ee to u\u017e je minulos\u0165. Pri fakte, \u017ee na Turf Moor nedisponuj\u00fa pr\u00e1ve h\u013abkou k\u00e1dra, to nie je pr\u00edli\u0161 dobr\u00e1 spr\u00e1va. \u00danava, p\u00e1r zranen\u00ed, vyn\u00faten\u00e1 rot\u00e1cia, nie v\u0161ak v\u00fdsledkov\u00e1. Blato strieda kalu\u017e, zase naopak, a tak to ide dookola. Denn\u00fd re\u017eim \u017eivorenia v z\u00f3ne zostupu, ktor\u00fd v\u00e1m komplikuje da\u0148 nepripravenosti na \u00faspech.<\/p>\n<p>Len\u017ee toto je t\u00edm, ktor\u00fd n\u00e1m to ned\u00e1 zadarmo. Ve\u013emi pravdepodobn\u00e1 p\u00e4\u0165 a viac\u010dlenn\u00e1 l\u00ednia obrancov nast\u00fapi pred vlastn\u00fdmi fan\u00fa\u0161ikmi, a aj napriek absencii Lennona, Warda \u010di Popea, sa n\u00e1m to bude sna\u017ei\u0165 s\u0165a\u017ei\u0165 \u010do najviac. Narozdiel od Toffees, Spurs vytr\u00e1pili pri tesnej prehre vo Wembley 1:0. V\u00fdkony s Liverpoolom, Arsenalom pote\u0161ili tie\u017e, v obidvoch so strelen\u00fdm g\u00f3lom. Mysl\u00edm, \u017ee netreba pripom\u00edna\u0165 posledn\u00e9 dve stretnutia, v ktor\u00fdch Everton \u0165ahal zaka\u017ed\u00fdm krat\u0161\u00ed koniec. Z toho pre milovn\u00edkov \u0161tatist\u00edk vypl\u00fdva zauj\u00edmavos\u0165, \u017ee ani raz za posledn\u00fdch osem ligov\u00fdch z\u00e1pasov sa nezrodila rem\u00edza. Pote\u0161\u00ed preto perli\u010dka na z\u00e1ver: Mysl\u00edte, \u017ee z\u00e1kon schv\u00e1lnosti \u010d\u00edta toto preview?<\/p>\n<h3 style=\"text-align: center;\"><span style=\"color: #3366ff;\"><em><strong>Up The Toffees !!!<\/strong><\/em><\/span><\/h3>\n<p><strong>\u010co:\u00a0<\/strong>Burnley FC \u2013 Everton FC, 19. kolo Premier League<br \/>\n<strong>Kedy:<\/strong>\u00a026.12. 2018 od 16:00 SE\u010c<br \/>\n<strong>Kde:<\/strong>\u00a0Turf Moor &#8211; Harry Potts Way, Burnley BB10 4BX (kapacita: 22\u00a0546)<br \/>\n<strong>Rozhodca:<\/strong>\u00a0M. Oliver\u00a0<strong>Asistenti:<\/strong>\u00a0S. Bennett, M. McDonough\u00a0<strong>\u0160tvrt\u00fd rozhodca:<\/strong>\u00a0P. Tierney<\/p>\n","protected":false},"excerpt":{"rendered":"<p>Pocit, a\u017e to m\u013eask\u00e1, ke\u010f v\u00e1s \u017eivot fack\u00e1. Lep\u0161ie skorej ako nikdy, veru neplytvajme bodmi. \u010eal\u0161\u00ed s\u00faper ich nem\u00e1 nazvy\u0161, bude rva\u0165 sa, to si p\u00ed\u0161. Poda\u0165 treba v\u00fdkon na p\u00e1na, nech nehanb\u00edme sa na \u0160tefana.<\/p>\n","protected":false},"author":1,"featured_media":13078,"comment_status":"open","ping_status":"closed","sticky":false,"template":"","format":"standard","meta":{"_eb_attr":"","_monsterinsights_skip_tracking":false,"_monsterinsights_sitenote_active":false,"_monsterinsights_sitenote_note":"","_monsterinsights_sitenote_category":0,"footnotes":""},"categories":[4],"tags":[],"yoast_head":"<!-- This site is optimized with the Yoast SEO plugin v23.4 - https:\/\/yoast.com\/wordpress\/plugins\/seo\/ -->\n<title>Preview: Burnley - Everton - Official Czech &amp; Slovak Everton Supporters&#039; Club<\/title>\n<meta name=\"robots\" content=\"index, follow, max-snippet:-1, max-image-preview:large, max-video-preview:-1\" \/>\n<link rel=\"canonical\" href=\"https:\/\/evertonfc.cz\/index.php\/2018\/12\/26\/preview-burnley-everton\/\" \/>\n<meta property=\"og:locale\" content=\"cs_CZ\" \/>\n<meta property=\"og:type\" content=\"article\" \/>\n<meta property=\"og:title\" content=\"Preview: Burnley - Everton - Official Czech &amp; Slovak Everton Supporters&#039; Club\" \/>\n<meta property=\"og:description\" content=\"Pocit, a\u017e to m\u013eask\u00e1, ke\u010f v\u00e1s \u017eivot fack\u00e1. Lep\u0161ie skorej ako nikdy, veru neplytvajme bodmi. \u010eal\u0161\u00ed s\u00faper ich nem\u00e1 nazvy\u0161, bude rva\u0165 sa, to si p\u00ed\u0161. Poda\u0165 treba v\u00fdkon na p\u00e1na, nech nehanb\u00edme sa na \u0160tefana.\" \/>\n<meta property=\"og:url\" content=\"https:\/\/evertonfc.cz\/index.php\/2018\/12\/26\/preview-burnley-everton\/\" \/>\n<meta property=\"og:site_name\" content=\"Official Czech &amp; Slovak Everton Supporters&#039; Club\" \/>\n<meta property=\"article:publisher\" content=\"https:\/\/www.facebook.com\/everton.fans.cz.sk\" \/>\n<meta property=\"article:published_time\" content=\"2018-12-26T20:50:07+00:00\" \/>\n<meta property=\"article:modified_time\" content=\"2021-03-12T09:27:19+00:00\" \/>\n<meta property=\"og:image\" content=\"https:\/\/evertonfc.cz\/wp-content\/uploads\/2020\/12\/Burnley-VS-Everton-5-12-2020.jpg\" \/>\n\t<meta property=\"og:image:width\" content=\"720\" \/>\n\t<meta property=\"og:image:height\" content=\"405\" \/>\n\t<meta property=\"og:image:type\" content=\"image\/jpeg\" \/>\n<meta name=\"author\" content=\"BlueBlooded\" \/>\n<meta name=\"twitter:card\" content=\"summary_large_image\" \/>\n<meta name=\"twitter:label1\" content=\"Napsal(a)\" \/>\n\t<meta name=\"twitter:data1\" content=\"BlueBlooded\" \/>\n\t<meta name=\"twitter:label2\" content=\"Odhadovan\u00e1 doba \u010dten\u00ed\" \/>\n\t<meta name=\"twitter:data2\" content=\"3 minuty\" \/>\n<script type=\"application\/ld+json\" class=\"yoast-schema-graph\">{\"@context\":\"https:\/\/schema.org\",\"@graph\":[{\"@type\":\"Article\",\"@id\":\"https:\/\/evertonfc.cz\/index.php\/2018\/12\/26\/preview-burnley-everton\/#article\",\"isPartOf\":{\"@id\":\"https:\/\/evertonfc.cz\/index.php\/2018\/12\/26\/preview-burnley-everton\/\"},\"author\":{\"name\":\"BlueBlooded\",\"@id\":\"https:\/\/evertonfc.cz\/#\/schema\/person\/d4493b8cbea51532597fbc4685698916\"},\"headline\":\"Preview: Burnley &#8211; Everton\",\"datePublished\":\"2018-12-26T20:50:07+00:00\",\"dateModified\":\"2021-03-12T09:27:19+00:00\",\"mainEntityOfPage\":{\"@id\":\"https:\/\/evertonfc.cz\/index.php\/2018\/12\/26\/preview-burnley-everton\/\"},\"wordCount\":824,\"commentCount\":0,\"publisher\":{\"@id\":\"https:\/\/evertonfc.cz\/#organization\"},\"image\":{\"@id\":\"https:\/\/evertonfc.cz\/index.php\/2018\/12\/26\/preview-burnley-everton\/#primaryimage\"},\"thumbnailUrl\":\"https:\/\/evertonfc.cz\/wp-content\/uploads\/2020\/12\/Burnley-VS-Everton-5-12-2020.jpg\",\"articleSection\":[\"Z\u00e1pasy\"],\"inLanguage\":\"cs\",\"potentialAction\":[{\"@type\":\"CommentAction\",\"name\":\"Comment\",\"target\":[\"https:\/\/evertonfc.cz\/index.php\/2018\/12\/26\/preview-burnley-everton\/#respond\"]}]},{\"@type\":\"WebPage\",\"@id\":\"https:\/\/evertonfc.cz\/index.php\/2018\/12\/26\/preview-burnley-everton\/\",\"url\":\"https:\/\/evertonfc.cz\/index.php\/2018\/12\/26\/preview-burnley-everton\/\",\"name\":\"Preview: Burnley - Everton - Official Czech &amp; Slovak Everton Supporters&#039; Club\",\"isPartOf\":{\"@id\":\"https:\/\/evertonfc.cz\/#website\"},\"primaryImageOfPage\":{\"@id\":\"https:\/\/evertonfc.cz\/index.php\/2018\/12\/26\/preview-burnley-everton\/#primaryimage\"},\"image\":{\"@id\":\"https:\/\/evertonfc.cz\/index.php\/2018\/12\/26\/preview-burnley-everton\/#primaryimage\"},\"thumbnailUrl\":\"https:\/\/evertonfc.cz\/wp-content\/uploads\/2020\/12\/Burnley-VS-Everton-5-12-2020.jpg\",\"datePublished\":\"2018-12-26T20:50:07+00:00\",\"dateModified\":\"2021-03-12T09:27:19+00:00\",\"breadcrumb\":{\"@id\":\"https:\/\/evertonfc.cz\/index.php\/2018\/12\/26\/preview-burnley-everton\/#breadcrumb\"},\"inLanguage\":\"cs\",\"potentialAction\":[{\"@type\":\"ReadAction\",\"target\":[\"https:\/\/evertonfc.cz\/index.php\/2018\/12\/26\/preview-burnley-everton\/\"]}]},{\"@type\":\"ImageObject\",\"inLanguage\":\"cs\",\"@id\":\"https:\/\/evertonfc.cz\/index.php\/2018\/12\/26\/preview-burnley-everton\/#primaryimage\",\"url\":\"https:\/\/evertonfc.cz\/wp-content\/uploads\/2020\/12\/Burnley-VS-Everton-5-12-2020.jpg\",\"contentUrl\":\"https:\/\/evertonfc.cz\/wp-content\/uploads\/2020\/12\/Burnley-VS-Everton-5-12-2020.jpg\",\"width\":720,\"height\":405},{\"@type\":\"BreadcrumbList\",\"@id\":\"https:\/\/evertonfc.cz\/index.php\/2018\/12\/26\/preview-burnley-everton\/#breadcrumb\",\"itemListElement\":[{\"@type\":\"ListItem\",\"position\":1,\"name\":\"Home\",\"item\":\"https:\/\/evertonfc.cz\/\"},{\"@type\":\"ListItem\",\"position\":2,\"name\":\"Preview: Burnley &#8211; Everton\"}]},{\"@type\":\"WebSite\",\"@id\":\"https:\/\/evertonfc.cz\/#website\",\"url\":\"https:\/\/evertonfc.cz\/\",\"name\":\"Official Czech &amp; Slovak Everton Supporters&#039; Club\",\"description\":\"\",\"publisher\":{\"@id\":\"https:\/\/evertonfc.cz\/#organization\"},\"potentialAction\":[{\"@type\":\"SearchAction\",\"target\":{\"@type\":\"EntryPoint\",\"urlTemplate\":\"https:\/\/evertonfc.cz\/?s={search_term_string}\"},\"query-input\":{\"@type\":\"PropertyValueSpecification\",\"valueRequired\":true,\"valueName\":\"search_term_string\"}}],\"inLanguage\":\"cs\"},{\"@type\":\"Organization\",\"@id\":\"https:\/\/evertonfc.cz\/#organization\",\"name\":\"Official Czech & Slovak Everton Supporters' Club\",\"url\":\"https:\/\/evertonfc.cz\/\",\"logo\":{\"@type\":\"ImageObject\",\"inLanguage\":\"cs\",\"@id\":\"https:\/\/evertonfc.cz\/#\/schema\/logo\/image\/\",\"url\":\"https:\/\/evertonfc.cz\/wp-content\/uploads\/2019\/05\/logo.png\",\"contentUrl\":\"https:\/\/evertonfc.cz\/wp-content\/uploads\/2019\/05\/logo.png\",\"width\":112,\"height\":112,\"caption\":\"Official Czech & Slovak Everton Supporters' Club\"},\"image\":{\"@id\":\"https:\/\/evertonfc.cz\/#\/schema\/logo\/image\/\"},\"sameAs\":[\"https:\/\/www.facebook.com\/everton.fans.cz.sk\"]},{\"@type\":\"Person\",\"@id\":\"https:\/\/evertonfc.cz\/#\/schema\/person\/d4493b8cbea51532597fbc4685698916\",\"name\":\"BlueBlooded\",\"url\":\"https:\/\/evertonfc.cz\/index.php\/author\/admin\/\"}]}<\/script>\n<!-- \/ Yoast SEO plugin. -->","yoast_head_json":{"title":"Preview: Burnley - Everton - Official Czech &amp; Slovak Everton Supporters&#039; Club","robots":{"index":"index","follow":"follow","max-snippet":"max-snippet:-1","max-image-preview":"max-image-preview:large","max-video-preview":"max-video-preview:-1"},"canonical":"https:\/\/evertonfc.cz\/index.php\/2018\/12\/26\/preview-burnley-everton\/","og_locale":"cs_CZ","og_type":"article","og_title":"Preview: Burnley - Everton - Official Czech &amp; Slovak Everton Supporters&#039; Club","og_description":"Pocit, a\u017e to m\u013eask\u00e1, ke\u010f v\u00e1s \u017eivot fack\u00e1. Lep\u0161ie skorej ako nikdy, veru neplytvajme bodmi. \u010eal\u0161\u00ed s\u00faper ich nem\u00e1 nazvy\u0161, bude rva\u0165 sa, to si p\u00ed\u0161. Poda\u0165 treba v\u00fdkon na p\u00e1na, nech nehanb\u00edme sa na \u0160tefana.","og_url":"https:\/\/evertonfc.cz\/index.php\/2018\/12\/26\/preview-burnley-everton\/","og_site_name":"Official Czech &amp; Slovak Everton Supporters&#039; Club","article_publisher":"https:\/\/www.facebook.com\/everton.fans.cz.sk","article_published_time":"2018-12-26T20:50:07+00:00","article_modified_time":"2021-03-12T09:27:19+00:00","og_image":[{"width":720,"height":405,"url":"https:\/\/evertonfc.cz\/wp-content\/uploads\/2020\/12\/Burnley-VS-Everton-5-12-2020.jpg","type":"image\/jpeg"}],"author":"BlueBlooded","twitter_card":"summary_large_image","twitter_misc":{"Napsal(a)":"BlueBlooded","Odhadovan\u00e1 doba \u010dten\u00ed":"3 minuty"},"schema":{"@context":"https:\/\/schema.org","@graph":[{"@type":"Article","@id":"https:\/\/evertonfc.cz\/index.php\/2018\/12\/26\/preview-burnley-everton\/#article","isPartOf":{"@id":"https:\/\/evertonfc.cz\/index.php\/2018\/12\/26\/preview-burnley-everton\/"},"author":{"name":"BlueBlooded","@id":"https:\/\/evertonfc.cz\/#\/schema\/person\/d4493b8cbea51532597fbc4685698916"},"headline":"Preview: Burnley &#8211; Everton","datePublished":"2018-12-26T20:50:07+00:00","dateModified":"2021-03-12T09:27:19+00:00","mainEntityOfPage":{"@id":"https:\/\/evertonfc.cz\/index.php\/2018\/12\/26\/preview-burnley-everton\/"},"wordCount":824,"commentCount":0,"publisher":{"@id":"https:\/\/evertonfc.cz\/#organization"},"image":{"@id":"https:\/\/evertonfc.cz\/index.php\/2018\/12\/26\/preview-burnley-everton\/#primaryimage"},"thumbnailUrl":"https:\/\/evertonfc.cz\/wp-content\/uploads\/2020\/12\/Burnley-VS-Everton-5-12-2020.jpg","articleSection":["Z\u00e1pasy"],"inLanguage":"cs","potentialAction":[{"@type":"CommentAction","name":"Comment","target":["https:\/\/evertonfc.cz\/index.php\/2018\/12\/26\/preview-burnley-everton\/#respond"]}]},{"@type":"WebPage","@id":"https:\/\/evertonfc.cz\/index.php\/2018\/12\/26\/preview-burnley-everton\/","url":"https:\/\/evertonfc.cz\/index.php\/2018\/12\/26\/preview-burnley-everton\/","name":"Preview: Burnley - Everton - Official Czech &amp; Slovak Everton Supporters&#039; Club","isPartOf":{"@id":"https:\/\/evertonfc.cz\/#website"},"primaryImageOfPage":{"@id":"https:\/\/evertonfc.cz\/index.php\/2018\/12\/26\/preview-burnley-everton\/#primaryimage"},"image":{"@id":"https:\/\/evertonfc.cz\/index.php\/2018\/12\/26\/preview-burnley-everton\/#primaryimage"},"thumbnailUrl":"https:\/\/evertonfc.cz\/wp-content\/uploads\/2020\/12\/Burnley-VS-Everton-5-12-2020.jpg","datePublished":"2018-12-26T20:50:07+00:00","dateModified":"2021-03-12T09:27:19+00:00","breadcrumb":{"@id":"https:\/\/evertonfc.cz\/index.php\/2018\/12\/26\/preview-burnley-everton\/#breadcrumb"},"inLanguage":"cs","potentialAction":[{"@type":"ReadAction","target":["https:\/\/evertonfc.cz\/index.php\/2018\/12\/26\/preview-burnley-everton\/"]}]},{"@type":"ImageObject","inLanguage":"cs","@id":"https:\/\/evertonfc.cz\/index.php\/2018\/12\/26\/preview-burnley-everton\/#primaryimage","url":"https:\/\/evertonfc.cz\/wp-content\/uploads\/2020\/12\/Burnley-VS-Everton-5-12-2020.jpg","contentUrl":"https:\/\/evertonfc.cz\/wp-content\/uploads\/2020\/12\/Burnley-VS-Everton-5-12-2020.jpg","width":720,"height":405},{"@type":"BreadcrumbList","@id":"https:\/\/evertonfc.cz\/index.php\/2018\/12\/26\/preview-burnley-everton\/#breadcrumb","itemListElement":[{"@type":"ListItem","position":1,"name":"Home","item":"https:\/\/evertonfc.cz\/"},{"@type":"ListItem","position":2,"name":"Preview: Burnley &#8211; Everton"}]},{"@type":"WebSite","@id":"https:\/\/evertonfc.cz\/#website","url":"https:\/\/evertonfc.cz\/","name":"Official Czech &amp; Slovak Everton Supporters&#039; Club","description":"","publisher":{"@id":"https:\/\/evertonfc.cz\/#organization"},"potentialAction":[{"@type":"SearchAction","target":{"@type":"EntryPoint","urlTemplate":"https:\/\/evertonfc.cz\/?s={search_term_string}"},"query-input":{"@type":"PropertyValueSpecification","valueRequired":true,"valueName":"search_term_string"}}],"inLanguage":"cs"},{"@type":"Organization","@id":"https:\/\/evertonfc.cz\/#organization","name":"Official Czech & Slovak Everton Supporters' Club","url":"https:\/\/evertonfc.cz\/","logo":{"@type":"ImageObject","inLanguage":"cs","@id":"https:\/\/evertonfc.cz\/#\/schema\/logo\/image\/","url":"https:\/\/evertonfc.cz\/wp-content\/uploads\/2019\/05\/logo.png","contentUrl":"https:\/\/evertonfc.cz\/wp-content\/uploads\/2019\/05\/logo.png","width":112,"height":112,"caption":"Official Czech & Slovak Everton Supporters' Club"},"image":{"@id":"https:\/\/evertonfc.cz\/#\/schema\/logo\/image\/"},"sameAs":["https:\/\/www.facebook.com\/everton.fans.cz.sk"]},{"@type":"Person","@id":"https:\/\/evertonfc.cz\/#\/schema\/person\/d4493b8cbea51532597fbc4685698916","name":"BlueBlooded","url":"https:\/\/evertonfc.cz\/index.php\/author\/admin\/"}]}},"_links":{"self":[{"href":"https:\/\/evertonfc.cz\/index.php\/wp-json\/wp\/v2\/posts\/1432"}],"collection":[{"href":"https:\/\/evertonfc.cz\/index.php\/wp-json\/wp\/v2\/posts"}],"about":[{"href":"https:\/\/evertonfc.cz\/index.php\/wp-json\/wp\/v2\/types\/post"}],"author":[{"embeddable":true,"href":"https:\/\/evertonfc.cz\/index.php\/wp-json\/wp\/v2\/users\/1"}],"replies":[{"embeddable":true,"href":"https:\/\/evertonfc.cz\/index.php\/wp-json\/wp\/v2\/comments?post=1432"}],"version-history":[{"count":3,"href":"https:\/\/evertonfc.cz\/index.php\/wp-json\/wp\/v2\/posts\/1432\/revisions"}],"predecessor-version":[{"id":14295,"href":"https:\/\/evertonfc.cz\/index.php\/wp-json\/wp\/v2\/posts\/1432\/revisions\/14295"}],"wp:featuredmedia":[{"embeddable":true,"href":"https:\/\/evertonfc.cz\/index.php\/wp-json\/wp\/v2\/media\/13078"}],"wp:attachment":[{"href":"https:\/\/evertonfc.cz\/index.php\/wp-json\/wp\/v2\/media?parent=1432"}],"wp:term":[{"taxonomy":"category","embeddable":true,"href":"https:\/\/evertonfc.cz\/index.php\/wp-json\/wp\/v2\/categories?post=1432"},{"taxonomy":"post_tag","embeddable":true,"href":"https:\/\/evertonfc.cz\/index.php\/wp-json\/wp\/v2\/tags?post=1432"}],"curies":[{"name":"wp","href":"https:\/\/api.w.org\/{rel}","templated":true}]}}