{"id":14350,"date":"2021-02-25T09:26:20","date_gmt":"2021-02-25T08:26:20","guid":{"rendered":"https:\/\/evertonfc.cz\/?p=14350"},"modified":"2021-02-26T11:07:53","modified_gmt":"2021-02-26T10:07:53","slug":"digne-podepsal-dlouhodoby-kontrakt","status":"publish","type":"post","link":"https:\/\/evertonfc.cz\/index.php\/2021\/02\/25\/digne-podepsal-dlouhodoby-kontrakt\/","title":{"rendered":"Digne podepsal dlouhodob\u00fd kontrakt"},"content":{"rendered":"<h4>Magnifique! Everton ofici\u00e1ln\u011b potvrdil zv\u011bsti z posledn\u00edch t\u00fddn\u016f a zav\u00e1zal si slu\u017eby Lucase Digneho a\u017e do l\u00e9ta 2025.<\/h4>\n<p>Francouzsk\u00fd reprezentant se od sv\u00e9ho p\u0159\u00edchodu do Goodison Parku p\u0159ed dv\u011bma a p\u016fl lety vypracoval mezi nejlep\u0161\u00ed lev\u00e9 obr\u00e1nce anglick\u00e9 Premier League \u2013 dokonce se najde i nem\u00e1lo odborn\u00fdch hlas\u016f, kter\u00e9 Dignemu nenach\u00e1z\u00ed konkurenci na jeho postu na Ostrovech.<\/p>\n<p>Minim\u00e1ln\u011b ale neoddiskutovatelnou skute\u010dnosti je, \u017ee Everton v potetovan\u00e9m blon\u010f\u00e1kovi na\u0161el kl\u00ed\u010dov\u00e9ho mu\u017ee. A\u010d obr\u00e1nce, d\u00edky pravideln\u00e9mu vytv\u00e1\u0159en\u00ed \u0161anc\u00ed je rovn\u011b\u017e nepostradateln\u00fdm pro ofenzivu t\u00fdmu. Prodlou\u017een\u00ed smlouvy o dva roky je potvrzen\u00edm ambic\u00ed klubu a snad dal\u0161\u00ed skl\u00e1da\u010dkou v \u00fasp\u011b\u0161n\u00e9 \u00e9\u0159e mana\u017eera Carla Ancelottiho.<\/p>\n<p><em>\u201eV Evertonu jsem na\u0161el domov, je to zejm\u00e9na z\u00e1sluhou skv\u011bl\u00fdch fanou\u0161k\u016f, kte\u0159\u00ed m\u011b maj\u00ed r\u00e1di. Dokonce mi vytvo\u0159ili chor\u00e1l. Velmi si v\u00e1\u017e\u00edm jejich podpory, rozhodn\u011b mi pom\u00e1h\u00e1 naj\u00edt stabilitu, co\u017e je velmi d\u016fle\u017eit\u00e9 pro mou v\u00fdkonnost,\u201c<\/em> prohl\u00e1sil pro klubovou televizi 27let\u00fd Digne.<\/p>\n<p><em>\u201eS klubem jsme na spr\u00e1vn\u00e9 cest\u011b dos\u00e1hnout velk\u00fdch v\u011bc\u00ed, a to mo\u017en\u00e1 u\u017e na konci aktu\u00e1ln\u00ed sez\u00f3ny. M\u00fdm c\u00edlem je hr\u00e1t v evropsk\u00fdch poh\u00e1rech a mysl\u00edm si, \u017ee v Evertonu k tomu m\u00e1me solidn\u011b na\u0161l\u00e1pnuto. Za posledn\u00ed rok jsme urazili kus cesty t\u00edm spr\u00e1vn\u00fdm sm\u011brem.<\/em><\/p>\n<p><em>Anga\u017em\u00e1 v Evertonu p\u0159irovn\u00e1v\u00e1m ke skv\u011bl\u00e9 svatb\u011b. Ka\u017ed\u00fd den mus\u00edm db\u00e1t na to, abych projevoval Evertonians svou l\u00e1sku. Chci jednodu\u0161e fanou\u0161k\u016fm opl\u00e1cet jejich n\u00e1klonost,\u201c <\/em>doplnil b\u00fdval\u00fd hr\u00e1\u010d PSG \u010di AS \u0158\u00edm.<\/p>\n<p>Toffees koupili Digneho v roce 2018 z Barcelony za 18 milion\u016f liber. Od t\u00e9 doby odehr\u00e1l v modr\u00e9m dresu 97 z\u00e1pas\u016f, v nich\u017e vst\u0159elil p\u011bt branek, rovn\u011b\u017e ale za dan\u00e9 obdob\u00ed v\u00e9vod\u00ed statistice v po\u010dtu vytvo\u0159en\u00fdch \u0161anc\u00ed nap\u0159\u00ed\u010d p\u011bti nejlep\u0161\u00edmi evropsk\u00fdmi ligami.<\/p>\n","protected":false},"excerpt":{"rendered":"<p>Magnifique! Everton ofici\u00e1ln\u011b potvrdil zv\u011bsti z posledn\u00edch t\u00fddn\u016f a zav\u00e1zal si slu\u017eby Lucase Digneho a\u017e do l\u00e9ta 2025.<\/p>\n","protected":false},"author":6,"featured_media":14349,"comment_status":"open","ping_status":"closed","sticky":false,"template":"","format":"standard","meta":{"_eb_attr":"","_monsterinsights_skip_tracking":false,"_monsterinsights_sitenote_active":false,"_monsterinsights_sitenote_note":"","_monsterinsights_sitenote_category":0,"footnotes":""},"categories":[42],"tags":[],"yoast_head":"<!-- This site is optimized with the Yoast SEO plugin v23.4 - https:\/\/yoast.com\/wordpress\/plugins\/seo\/ -->\n<title>Digne podepsal dlouhodob\u00fd kontrakt - Official Czech &amp; Slovak Everton Supporters&#039; Club<\/title>\n<meta name=\"description\" content=\"Everton ofici\u00e1ln\u011b potvrdil zv\u011bsti z posledn\u00edch t\u00fddn\u016f a zav\u00e1zal si slu\u017eby Lucase Digneho a\u017e do l\u00e9ta 2025.\" \/>\n<meta name=\"robots\" content=\"index, follow, max-snippet:-1, max-image-preview:large, max-video-preview:-1\" \/>\n<link rel=\"canonical\" href=\"https:\/\/evertonfc.cz\/index.php\/2021\/02\/25\/digne-podepsal-dlouhodoby-kontrakt\/\" \/>\n<meta property=\"og:locale\" content=\"cs_CZ\" \/>\n<meta property=\"og:type\" content=\"article\" \/>\n<meta property=\"og:title\" content=\"Digne podepsal dlouhodob\u00fd kontrakt - Official Czech &amp; Slovak Everton Supporters&#039; Club\" \/>\n<meta property=\"og:description\" content=\"Everton ofici\u00e1ln\u011b potvrdil zv\u011bsti z posledn\u00edch t\u00fddn\u016f a zav\u00e1zal si slu\u017eby Lucase Digneho a\u017e do l\u00e9ta 2025.\" \/>\n<meta property=\"og:url\" content=\"https:\/\/evertonfc.cz\/index.php\/2021\/02\/25\/digne-podepsal-dlouhodoby-kontrakt\/\" \/>\n<meta property=\"og:site_name\" content=\"Official Czech &amp; Slovak Everton Supporters&#039; Club\" \/>\n<meta property=\"article:publisher\" content=\"https:\/\/www.facebook.com\/everton.fans.cz.sk\" \/>\n<meta property=\"article:published_time\" content=\"2021-02-25T08:26:20+00:00\" \/>\n<meta property=\"article:modified_time\" content=\"2021-02-26T10:07:53+00:00\" \/>\n<meta property=\"og:image\" content=\"https:\/\/evertonfc.cz\/wp-content\/uploads\/2021\/02\/dige_25_2_2021.jpg\" \/>\n\t<meta property=\"og:image:width\" content=\"720\" \/>\n\t<meta property=\"og:image:height\" content=\"405\" \/>\n\t<meta property=\"og:image:type\" content=\"image\/jpeg\" \/>\n<meta name=\"author\" content=\"Ri\u010di\" \/>\n<meta name=\"twitter:card\" content=\"summary_large_image\" \/>\n<meta name=\"twitter:creator\" content=\"@rbrejsa\" \/>\n<meta name=\"twitter:label1\" content=\"Napsal(a)\" \/>\n\t<meta name=\"twitter:data1\" content=\"Ri\u010di\" \/>\n\t<meta name=\"twitter:label2\" content=\"Odhadovan\u00e1 doba \u010dten\u00ed\" \/>\n\t<meta name=\"twitter:data2\" content=\"2 minuty\" \/>\n<script type=\"application\/ld+json\" class=\"yoast-schema-graph\">{\"@context\":\"https:\/\/schema.org\",\"@graph\":[{\"@type\":\"Article\",\"@id\":\"https:\/\/evertonfc.cz\/index.php\/2021\/02\/25\/digne-podepsal-dlouhodoby-kontrakt\/#article\",\"isPartOf\":{\"@id\":\"https:\/\/evertonfc.cz\/index.php\/2021\/02\/25\/digne-podepsal-dlouhodoby-kontrakt\/\"},\"author\":{\"name\":\"Ri\u010di\",\"@id\":\"https:\/\/evertonfc.cz\/#\/schema\/person\/f7a5daedb2ffee98480bc70e191aaef1\"},\"headline\":\"Digne podepsal dlouhodob\u00fd kontrakt\",\"datePublished\":\"2021-02-25T08:26:20+00:00\",\"dateModified\":\"2021-02-26T10:07:53+00:00\",\"mainEntityOfPage\":{\"@id\":\"https:\/\/evertonfc.cz\/index.php\/2021\/02\/25\/digne-podepsal-dlouhodoby-kontrakt\/\"},\"wordCount\":359,\"commentCount\":1,\"publisher\":{\"@id\":\"https:\/\/evertonfc.cz\/#organization\"},\"image\":{\"@id\":\"https:\/\/evertonfc.cz\/index.php\/2021\/02\/25\/digne-podepsal-dlouhodoby-kontrakt\/#primaryimage\"},\"thumbnailUrl\":\"https:\/\/evertonfc.cz\/wp-content\/uploads\/2021\/02\/dige_25_2_2021.jpg\",\"articleSection\":[\"Aktuality\"],\"inLanguage\":\"cs\",\"potentialAction\":[{\"@type\":\"CommentAction\",\"name\":\"Comment\",\"target\":[\"https:\/\/evertonfc.cz\/index.php\/2021\/02\/25\/digne-podepsal-dlouhodoby-kontrakt\/#respond\"]}]},{\"@type\":\"WebPage\",\"@id\":\"https:\/\/evertonfc.cz\/index.php\/2021\/02\/25\/digne-podepsal-dlouhodoby-kontrakt\/\",\"url\":\"https:\/\/evertonfc.cz\/index.php\/2021\/02\/25\/digne-podepsal-dlouhodoby-kontrakt\/\",\"name\":\"Digne podepsal dlouhodob\u00fd kontrakt - Official Czech &amp; Slovak Everton Supporters&#039; Club\",\"isPartOf\":{\"@id\":\"https:\/\/evertonfc.cz\/#website\"},\"primaryImageOfPage\":{\"@id\":\"https:\/\/evertonfc.cz\/index.php\/2021\/02\/25\/digne-podepsal-dlouhodoby-kontrakt\/#primaryimage\"},\"image\":{\"@id\":\"https:\/\/evertonfc.cz\/index.php\/2021\/02\/25\/digne-podepsal-dlouhodoby-kontrakt\/#primaryimage\"},\"thumbnailUrl\":\"https:\/\/evertonfc.cz\/wp-content\/uploads\/2021\/02\/dige_25_2_2021.jpg\",\"datePublished\":\"2021-02-25T08:26:20+00:00\",\"dateModified\":\"2021-02-26T10:07:53+00:00\",\"description\":\"Everton ofici\u00e1ln\u011b potvrdil zv\u011bsti z posledn\u00edch t\u00fddn\u016f a zav\u00e1zal si slu\u017eby Lucase Digneho a\u017e do l\u00e9ta 2025.\",\"breadcrumb\":{\"@id\":\"https:\/\/evertonfc.cz\/index.php\/2021\/02\/25\/digne-podepsal-dlouhodoby-kontrakt\/#breadcrumb\"},\"inLanguage\":\"cs\",\"potentialAction\":[{\"@type\":\"ReadAction\",\"target\":[\"https:\/\/evertonfc.cz\/index.php\/2021\/02\/25\/digne-podepsal-dlouhodoby-kontrakt\/\"]}]},{\"@type\":\"ImageObject\",\"inLanguage\":\"cs\",\"@id\":\"https:\/\/evertonfc.cz\/index.php\/2021\/02\/25\/digne-podepsal-dlouhodoby-kontrakt\/#primaryimage\",\"url\":\"https:\/\/evertonfc.cz\/wp-content\/uploads\/2021\/02\/dige_25_2_2021.jpg\",\"contentUrl\":\"https:\/\/evertonfc.cz\/wp-content\/uploads\/2021\/02\/dige_25_2_2021.jpg\",\"width\":720,\"height\":405},{\"@type\":\"BreadcrumbList\",\"@id\":\"https:\/\/evertonfc.cz\/index.php\/2021\/02\/25\/digne-podepsal-dlouhodoby-kontrakt\/#breadcrumb\",\"itemListElement\":[{\"@type\":\"ListItem\",\"position\":1,\"name\":\"Home\",\"item\":\"https:\/\/evertonfc.cz\/\"},{\"@type\":\"ListItem\",\"position\":2,\"name\":\"Digne podepsal dlouhodob\u00fd kontrakt\"}]},{\"@type\":\"WebSite\",\"@id\":\"https:\/\/evertonfc.cz\/#website\",\"url\":\"https:\/\/evertonfc.cz\/\",\"name\":\"Official Czech &amp; Slovak Everton Supporters&#039; Club\",\"description\":\"\",\"publisher\":{\"@id\":\"https:\/\/evertonfc.cz\/#organization\"},\"potentialAction\":[{\"@type\":\"SearchAction\",\"target\":{\"@type\":\"EntryPoint\",\"urlTemplate\":\"https:\/\/evertonfc.cz\/?s={search_term_string}\"},\"query-input\":{\"@type\":\"PropertyValueSpecification\",\"valueRequired\":true,\"valueName\":\"search_term_string\"}}],\"inLanguage\":\"cs\"},{\"@type\":\"Organization\",\"@id\":\"https:\/\/evertonfc.cz\/#organization\",\"name\":\"Official Czech & Slovak Everton Supporters' Club\",\"url\":\"https:\/\/evertonfc.cz\/\",\"logo\":{\"@type\":\"ImageObject\",\"inLanguage\":\"cs\",\"@id\":\"https:\/\/evertonfc.cz\/#\/schema\/logo\/image\/\",\"url\":\"https:\/\/evertonfc.cz\/wp-content\/uploads\/2019\/05\/logo.png\",\"contentUrl\":\"https:\/\/evertonfc.cz\/wp-content\/uploads\/2019\/05\/logo.png\",\"width\":112,\"height\":112,\"caption\":\"Official Czech & Slovak Everton Supporters' Club\"},\"image\":{\"@id\":\"https:\/\/evertonfc.cz\/#\/schema\/logo\/image\/\"},\"sameAs\":[\"https:\/\/www.facebook.com\/everton.fans.cz.sk\"]},{\"@type\":\"Person\",\"@id\":\"https:\/\/evertonfc.cz\/#\/schema\/person\/f7a5daedb2ffee98480bc70e191aaef1\",\"name\":\"Ri\u010di\",\"sameAs\":[\"https:\/\/x.com\/rbrejsa\"],\"url\":\"https:\/\/evertonfc.cz\/index.php\/author\/rici\/\"}]}<\/script>\n<!-- \/ Yoast SEO plugin. -->","yoast_head_json":{"title":"Digne podepsal dlouhodob\u00fd kontrakt - Official Czech &amp; Slovak Everton Supporters&#039; Club","description":"Everton ofici\u00e1ln\u011b potvrdil zv\u011bsti z posledn\u00edch t\u00fddn\u016f a zav\u00e1zal si slu\u017eby Lucase Digneho a\u017e do l\u00e9ta 2025.","robots":{"index":"index","follow":"follow","max-snippet":"max-snippet:-1","max-image-preview":"max-image-preview:large","max-video-preview":"max-video-preview:-1"},"canonical":"https:\/\/evertonfc.cz\/index.php\/2021\/02\/25\/digne-podepsal-dlouhodoby-kontrakt\/","og_locale":"cs_CZ","og_type":"article","og_title":"Digne podepsal dlouhodob\u00fd kontrakt - Official Czech &amp; Slovak Everton Supporters&#039; Club","og_description":"Everton ofici\u00e1ln\u011b potvrdil zv\u011bsti z posledn\u00edch t\u00fddn\u016f a zav\u00e1zal si slu\u017eby Lucase Digneho a\u017e do l\u00e9ta 2025.","og_url":"https:\/\/evertonfc.cz\/index.php\/2021\/02\/25\/digne-podepsal-dlouhodoby-kontrakt\/","og_site_name":"Official Czech &amp; Slovak Everton Supporters&#039; Club","article_publisher":"https:\/\/www.facebook.com\/everton.fans.cz.sk","article_published_time":"2021-02-25T08:26:20+00:00","article_modified_time":"2021-02-26T10:07:53+00:00","og_image":[{"width":720,"height":405,"url":"https:\/\/evertonfc.cz\/wp-content\/uploads\/2021\/02\/dige_25_2_2021.jpg","type":"image\/jpeg"}],"author":"Ri\u010di","twitter_card":"summary_large_image","twitter_creator":"@rbrejsa","twitter_misc":{"Napsal(a)":"Ri\u010di","Odhadovan\u00e1 doba \u010dten\u00ed":"2 minuty"},"schema":{"@context":"https:\/\/schema.org","@graph":[{"@type":"Article","@id":"https:\/\/evertonfc.cz\/index.php\/2021\/02\/25\/digne-podepsal-dlouhodoby-kontrakt\/#article","isPartOf":{"@id":"https:\/\/evertonfc.cz\/index.php\/2021\/02\/25\/digne-podepsal-dlouhodoby-kontrakt\/"},"author":{"name":"Ri\u010di","@id":"https:\/\/evertonfc.cz\/#\/schema\/person\/f7a5daedb2ffee98480bc70e191aaef1"},"headline":"Digne podepsal dlouhodob\u00fd kontrakt","datePublished":"2021-02-25T08:26:20+00:00","dateModified":"2021-02-26T10:07:53+00:00","mainEntityOfPage":{"@id":"https:\/\/evertonfc.cz\/index.php\/2021\/02\/25\/digne-podepsal-dlouhodoby-kontrakt\/"},"wordCount":359,"commentCount":1,"publisher":{"@id":"https:\/\/evertonfc.cz\/#organization"},"image":{"@id":"https:\/\/evertonfc.cz\/index.php\/2021\/02\/25\/digne-podepsal-dlouhodoby-kontrakt\/#primaryimage"},"thumbnailUrl":"https:\/\/evertonfc.cz\/wp-content\/uploads\/2021\/02\/dige_25_2_2021.jpg","articleSection":["Aktuality"],"inLanguage":"cs","potentialAction":[{"@type":"CommentAction","name":"Comment","target":["https:\/\/evertonfc.cz\/index.php\/2021\/02\/25\/digne-podepsal-dlouhodoby-kontrakt\/#respond"]}]},{"@type":"WebPage","@id":"https:\/\/evertonfc.cz\/index.php\/2021\/02\/25\/digne-podepsal-dlouhodoby-kontrakt\/","url":"https:\/\/evertonfc.cz\/index.php\/2021\/02\/25\/digne-podepsal-dlouhodoby-kontrakt\/","name":"Digne podepsal dlouhodob\u00fd kontrakt - Official Czech &amp; Slovak Everton Supporters&#039; Club","isPartOf":{"@id":"https:\/\/evertonfc.cz\/#website"},"primaryImageOfPage":{"@id":"https:\/\/evertonfc.cz\/index.php\/2021\/02\/25\/digne-podepsal-dlouhodoby-kontrakt\/#primaryimage"},"image":{"@id":"https:\/\/evertonfc.cz\/index.php\/2021\/02\/25\/digne-podepsal-dlouhodoby-kontrakt\/#primaryimage"},"thumbnailUrl":"https:\/\/evertonfc.cz\/wp-content\/uploads\/2021\/02\/dige_25_2_2021.jpg","datePublished":"2021-02-25T08:26:20+00:00","dateModified":"2021-02-26T10:07:53+00:00","description":"Everton ofici\u00e1ln\u011b potvrdil zv\u011bsti z posledn\u00edch t\u00fddn\u016f a zav\u00e1zal si slu\u017eby Lucase Digneho a\u017e do l\u00e9ta 2025.","breadcrumb":{"@id":"https:\/\/evertonfc.cz\/index.php\/2021\/02\/25\/digne-podepsal-dlouhodoby-kontrakt\/#breadcrumb"},"inLanguage":"cs","potentialAction":[{"@type":"ReadAction","target":["https:\/\/evertonfc.cz\/index.php\/2021\/02\/25\/digne-podepsal-dlouhodoby-kontrakt\/"]}]},{"@type":"ImageObject","inLanguage":"cs","@id":"https:\/\/evertonfc.cz\/index.php\/2021\/02\/25\/digne-podepsal-dlouhodoby-kontrakt\/#primaryimage","url":"https:\/\/evertonfc.cz\/wp-content\/uploads\/2021\/02\/dige_25_2_2021.jpg","contentUrl":"https:\/\/evertonfc.cz\/wp-content\/uploads\/2021\/02\/dige_25_2_2021.jpg","width":720,"height":405},{"@type":"BreadcrumbList","@id":"https:\/\/evertonfc.cz\/index.php\/2021\/02\/25\/digne-podepsal-dlouhodoby-kontrakt\/#breadcrumb","itemListElement":[{"@type":"ListItem","position":1,"name":"Home","item":"https:\/\/evertonfc.cz\/"},{"@type":"ListItem","position":2,"name":"Digne podepsal dlouhodob\u00fd kontrakt"}]},{"@type":"WebSite","@id":"https:\/\/evertonfc.cz\/#website","url":"https:\/\/evertonfc.cz\/","name":"Official Czech &amp; Slovak Everton Supporters&#039; Club","description":"","publisher":{"@id":"https:\/\/evertonfc.cz\/#organization"},"potentialAction":[{"@type":"SearchAction","target":{"@type":"EntryPoint","urlTemplate":"https:\/\/evertonfc.cz\/?s={search_term_string}"},"query-input":{"@type":"PropertyValueSpecification","valueRequired":true,"valueName":"search_term_string"}}],"inLanguage":"cs"},{"@type":"Organization","@id":"https:\/\/evertonfc.cz\/#organization","name":"Official Czech & Slovak Everton Supporters' Club","url":"https:\/\/evertonfc.cz\/","logo":{"@type":"ImageObject","inLanguage":"cs","@id":"https:\/\/evertonfc.cz\/#\/schema\/logo\/image\/","url":"https:\/\/evertonfc.cz\/wp-content\/uploads\/2019\/05\/logo.png","contentUrl":"https:\/\/evertonfc.cz\/wp-content\/uploads\/2019\/05\/logo.png","width":112,"height":112,"caption":"Official Czech & Slovak Everton Supporters' Club"},"image":{"@id":"https:\/\/evertonfc.cz\/#\/schema\/logo\/image\/"},"sameAs":["https:\/\/www.facebook.com\/everton.fans.cz.sk"]},{"@type":"Person","@id":"https:\/\/evertonfc.cz\/#\/schema\/person\/f7a5daedb2ffee98480bc70e191aaef1","name":"Ri\u010di","sameAs":["https:\/\/x.com\/rbrejsa"],"url":"https:\/\/evertonfc.cz\/index.php\/author\/rici\/"}]}},"_links":{"self":[{"href":"https:\/\/evertonfc.cz\/index.php\/wp-json\/wp\/v2\/posts\/14350"}],"collection":[{"href":"https:\/\/evertonfc.cz\/index.php\/wp-json\/wp\/v2\/posts"}],"about":[{"href":"https:\/\/evertonfc.cz\/index.php\/wp-json\/wp\/v2\/types\/post"}],"author":[{"embeddable":true,"href":"https:\/\/evertonfc.cz\/index.php\/wp-json\/wp\/v2\/users\/6"}],"replies":[{"embeddable":true,"href":"https:\/\/evertonfc.cz\/index.php\/wp-json\/wp\/v2\/comments?post=14350"}],"version-history":[{"count":5,"href":"https:\/\/evertonfc.cz\/index.php\/wp-json\/wp\/v2\/posts\/14350\/revisions"}],"predecessor-version":[{"id":14355,"href":"https:\/\/evertonfc.cz\/index.php\/wp-json\/wp\/v2\/posts\/14350\/revisions\/14355"}],"wp:featuredmedia":[{"embeddable":true,"href":"https:\/\/evertonfc.cz\/index.php\/wp-json\/wp\/v2\/media\/14349"}],"wp:attachment":[{"href":"https:\/\/evertonfc.cz\/index.php\/wp-json\/wp\/v2\/media?parent=14350"}],"wp:term":[{"taxonomy":"category","embeddable":true,"href":"https:\/\/evertonfc.cz\/index.php\/wp-json\/wp\/v2\/categories?post=14350"},{"taxonomy":"post_tag","embeddable":true,"href":"https:\/\/evertonfc.cz\/index.php\/wp-json\/wp\/v2\/tags?post=14350"}],"curies":[{"name":"wp","href":"https:\/\/api.w.org\/{rel}","templated":true}]}}