{"id":14379,"date":"2021-02-28T18:18:46","date_gmt":"2021-02-28T17:18:46","guid":{"rendered":"https:\/\/evertonfc.cz\/?p=14379"},"modified":"2021-03-14T16:52:19","modified_gmt":"2021-03-14T15:52:19","slug":"preview-southampton-fc-everton-fc","status":"publish","type":"post","link":"https:\/\/evertonfc.cz\/index.php\/2021\/02\/28\/preview-southampton-fc-everton-fc\/","title":{"rendered":"Preview: Southampton &#8211; Everton"},"content":{"rendered":"<h4>26. kolo uzav\u0159eme pond\u011bln\u00ed dohr\u00e1vkou proti Saints. Derby se vyhr\u00e1lo, ale jede se d\u00e1l. Pokud chceme za\u010d\u00edt novou kapitolu, p\u0159idat se k fotbalov\u00e9 smet\u00e1nce, je t\u0159eba udr\u017eet v\u00edt\u011bznou vlnu.<\/h4>\n<p>Od v\u00edt\u011bzn\u00e9ho derby uplynul ji\u017e t\u00fdden. Mohli jsme si p\u0159e\u010d\u00edst a zhl\u00e9dnout n\u011bkolik rozhovor\u016f, koment\u00e1\u0159\u016f a dal\u0161\u00edch nad\u0161en\u00fdch projev\u016f, kter\u00e9 potvrzovali, jak opravdu moc to pro n\u00e1s znamen\u00e1. My v\u0161ichni, fanou\u0161ci, hr\u00e1\u010di, i ti b\u00fdval\u00ed, jsme mohli snad ji\u017e dostate\u010dn\u011b vst\u0159ebat v\u00edt\u011bzstv\u00ed a tak\u00e9 trochu vyst\u0159\u00edzliv\u011bt z v\u00edt\u011bzn\u00e9ho opojen\u00ed. Evertonu se po v\u00edce ne\u017e dvaceti letech poda\u0159ilo to, o co marn\u011b usilovala \u0159ada fotbalist\u016f. \u010casto byli Toffees sami sob\u011b velk\u00fdm soupe\u0159em. Te\u010f je t\u0159eba j\u00edt d\u00e1l.<\/p>\n<p>\u017d\u00e1dn\u00fd ze z\u00e1pas\u016f v\u00a0anglick\u00e9 nejvy\u0161\u0161\u00ed sout\u011b\u017ei nen\u00ed jednoduch\u00fd, \u010dasto se ta snaz\u0161\u00ed uk\u00e1\u017eou b\u00fdt jako ta nejzr\u00e1dn\u011bj\u0161\u00ed. To se, \u010das od \u010dasu, m\u016f\u017ee st\u00e1t ka\u017ed\u00e9mu. Ale Evertonu u\u017e se to stalo v\u00edc ne\u017e p\u00e1rkr\u00e1t i v\u00a0t\u00e9to sez\u00f3n\u011b. \u0158\u00edk\u00e1m dost!<\/p>\n<p>V\u017edycky se to n\u011bjak sejde, \u017ee jsou n\u011bkte\u0159\u00ed soupe\u0159i obl\u00edben\u011bj\u0161\u00ed ne\u017e jin\u00ed. Z tohoto pohledu pat\u0159il pro dom\u00e1c\u00ed z\u00e1pasy v EPL na Goodisonu k t\u011bm top host\u016fm Fulham. No, tak to m\u00e1me tak\u00e9 za sebou. Z t\u011bch vytrvalej\u0161\u00edch n\u00e1sleduj\u00ed Saints z jihu Anglie. Posu\u010fte sami: 14 v\u00edt\u011bzstv\u00ed, 6 rem\u00edz, 1 prohra. Ten \u010dern\u00fd fl\u00ed\u010dek poch\u00e1z\u00ed z listopadu 1997. Dlouh\u00e1 doba, jen\u017ee bacha, zn\u00e1me to!<\/p>\n<p>T\u00e9m\u011b\u0159 rok p\u0159ed t\u00edm to bylo ale t\u0159eba 7:1 pro dom\u00e1c\u00ed za pomoci hattricku Garyho Speeda, budi\u017e mu zem\u011b lehk\u00e1. Od sedmadevades\u00e1t\u00e9ho se st\u0159\u00eddaly u\u017e jen jedni\u010dky a nuly \u2013 110110111101010 \u2013 o\u010dima bookmaker\u016f. Pod\u00edl na t\u00e9 \u0161\u0148\u016f\u0159e neporazitelnosti maj\u00ed takov\u00ed borci jako Ibrahim Bakayoko, Ramiro Funes Mori, Enner Valencia \u010di Theo Walcott. Ten pr\u00e1v\u011b hostuje v Hampshiru, kam se vr\u00e1til po dlouh\u00fdch 14 letech na hostov\u00e1n\u00ed z Evertonu.<\/p>\n<p>K radosti ze h\u0159i\u0161t\u011b se p\u0159id\u00e1vaj\u00ed i dobr\u00e9 zpr\u00e1vy ze z\u00e1zem\u00ed. Te\u010f teda zrovna mysl\u00edm z m\u00edstnost\u00ed fyzioterapeut\u016f, kde se snad ji\u017e poda\u0159ilo d\u00e1t do kupy Allana, tak\u00e9 DCL by se mohl vr\u00e1tit do z\u00e1kladn\u00ed XI. To je fajn. M\u00e9n\u011b vesel\u00e1 je absence Yerryho Miny, kter\u00fd zam\u00ed\u0159il opa\u010dn\u00fdm sm\u011brem a doplnil sehranou dvojici marod\u016f Gbamin&amp;Delph. Omlouv\u00e1m se, jak je to s druh\u00fdm uveden\u00fdm, jist\u011b nev\u00edm, nikdo se na to u\u017e ani nept\u00e1.<\/p>\n<p>V opa\u010dn\u00e9m t\u00e1bo\u0159e panuje o pozn\u00e1n\u00ed m\u00e9n\u011b radosti. Japonsk\u00fd snajpr Minamino se po zap\u016fj\u010den\u00ed z temn\u00e9 strany jevil pozitivn\u011b. Tomu je te\u010f pro bolav\u00fd hamstry\u0148k na chv\u00edli konec. Opora st\u0159edov\u00fdch \u0159ad Oriol Romeu si v sez\u00f3n\u011b vinou zran\u011bn\u00ed kotn\u00edku u\u017e asi nekopne. K tomu budou chyb\u011bt Ibrahim Diallo, Michael Obafemi, Kyle Walker-Peters, William Smallbone, no a taky pan Walcott.<\/p>\n<p>T\u00fdm Saints sou\u010dasn\u011b nepro\u017e\u00edv\u00e1 lehk\u00e9 obdob\u00ed, z poledn\u00edch deseti z\u00e1pas\u016f uhr\u00e1l 5 bod\u016f. Mezi sedmi por\u00e1\u017ekami byla i ta\u00a0 dev\u00edtibrankov\u00e1 sabot\u00e1\u017e na Old Trafford. Po dobr\u00e9m za\u010d\u00e1tku, kdy byl t\u00fdm na 4. p\u0159\u00ed\u010dce a mluvilo se o n\u011bm jako o \u010dern\u00e9m koni ro\u010dn\u00edku, ale n\u00e1sledoval trochu p\u0159ekvapiv\u00fd se\u0161up. Naposledy se z v\u00fdhry radovali 4. ledna proti redshite. Ale to te\u010f d\u011bl\u00e1 kdekdo. Alespo\u0148 v FA Cupu se Sotonu da\u0159\u00ed a tak\u00e9 je \u010dek\u00e1 \u010dtvrtfin\u00e1le.<\/p>\n<p>Av\u0161ak net\u0159eba t\u00fdm rakousk\u00e9ho li\u0161\u00e1ka Ralpha Hassenh\u00fcttla podce\u0148ovat. Jednak se alpsk\u00fd strat\u00e9g vyzna\u010duje propracovan\u00fdm syst\u00e9mem (4-2-2-2), \u010dasto ale nar\u00e1\u017e\u00ed na nedostate\u010dn\u00fd person\u00e1l. Za druh\u00e9 se vrac\u00ed nebezpe\u010dn\u00fd Danny Ings (posledn\u00ed 3 z\u00e1pasy na GP = 3 branky), d\u00e1le jsou v t\u00fdmu st\u00e1le nap\u0159. James Ward-Prowse nebo Che Adams, tj. zn\u00e1m\u00ed nezbedov\u00e9 z podzimn\u00edho kl\u00e1n\u00ed. Jihoanglick\u00e1 akademie dok\u00e1zala vyprodukovat hr\u00e1\u010de jako Alan Shearer, Gareth Bale, zase ten Walcott nebo jeden \u010das snad polovinu ze sestavy monster z druh\u00e9 strany parku. Ur\u010dit\u011b tam \u010dek\u00e1 n\u011bjak\u00e1 dal\u0161\u00ed jisk\u0159i\u010dka. (A propos, poznali jste na obr\u00e1zku hr\u00e1\u010de, v\u010derej\u0161\u00edho oslavence, za jeho\u017e p\u0159estup zaplatil Everton v lednu 2005 tehdy rekordn\u00edch 6 milion\u016f liber?)<\/p>\n<p>Na prvn\u00ed pohled by se tedy mohlo zd\u00e1t, \u017ee n\u00e1s \u010dek\u00e1 soupe\u0159, co m\u00e1 dost pr\u00e1ce s\u00e1m se sebou. Zd\u00e1n\u00ed m\u016f\u017ee klamat, tak\u017ee douf\u00e1m, \u017ee je nepodcen\u00edme, nastudujeme jejich slab\u00e9 i siln\u00e9 str\u00e1nky, a hlavn\u011b u\u017e kone\u010dn\u011b budeme proti slab\u0161\u00edmu soupe\u0159i hr\u00e1t se sebev\u011bdom\u00edm a drivem t\u00fdmu, kter\u00fd chce pat\u0159it ke \u0161pi\u010dce.<\/p>\n<p><strong>Co<\/strong>: Southampton FC \u2013 Everton FC, 26. kolo Premier League<br \/>\n<strong>Kdy<\/strong>: 1.3.2021 od 21:00<br \/>\n<strong>Kde<\/strong>: Goodison Park,\u00a0Goodison Road,\u00a0Liverpool,\u00a0L4 4EL<br \/>\n<strong>TV<\/strong>: P\u0159\u00edm\u00fd p\u0159enos na stanici Premier Sport<br \/>\n<strong>Rozhod\u010d\u00ed:\u00a0<\/strong>Martin Atkinson <strong>Postrann\u00ed<\/strong>: Lee Betts, Eddie Smart <strong>\u010ctvrt\u00fd rozhod\u010d\u00ed:\u00a0<\/strong>Darren England<br \/>\n<strong>VAR:<\/strong> Jonathan Moss\u00a0 <strong>Asistent VAR:<\/strong> Marc Perry<\/p>\n","protected":false},"excerpt":{"rendered":"<p>26. kolo uzav\u0159eme pond\u011bln\u00ed dohr\u00e1vkou proti Saints. Derby se vyhr\u00e1lo, ale jede se d\u00e1l. Pokud chceme za\u010d\u00edt novou kapitolu, p\u0159idat se k fotbalov\u00e9 smet\u00e1nce, je t\u0159eba udr\u017eet v\u00edt\u011bznou vlnu.<\/p>\n","protected":false},"author":10,"featured_media":12698,"comment_status":"open","ping_status":"closed","sticky":false,"template":"","format":"standard","meta":{"_eb_attr":"","_monsterinsights_skip_tracking":false,"_monsterinsights_sitenote_active":false,"_monsterinsights_sitenote_note":"","_monsterinsights_sitenote_category":0,"footnotes":""},"categories":[4],"tags":[],"yoast_head":"<!-- This site is optimized with the Yoast SEO plugin v23.4 - https:\/\/yoast.com\/wordpress\/plugins\/seo\/ -->\n<title>Preview: Southampton - Everton - Official Czech &amp; Slovak Everton Supporters&#039; Club<\/title>\n<meta name=\"robots\" content=\"index, follow, max-snippet:-1, max-image-preview:large, max-video-preview:-1\" \/>\n<link rel=\"canonical\" href=\"https:\/\/evertonfc.cz\/index.php\/2021\/02\/28\/preview-southampton-fc-everton-fc\/\" \/>\n<meta property=\"og:locale\" content=\"cs_CZ\" \/>\n<meta property=\"og:type\" content=\"article\" \/>\n<meta property=\"og:title\" content=\"Preview: Southampton - Everton - Official Czech &amp; Slovak Everton Supporters&#039; Club\" \/>\n<meta property=\"og:description\" content=\"26. kolo uzav\u0159eme pond\u011bln\u00ed dohr\u00e1vkou proti Saints. Derby se vyhr\u00e1lo, ale jede se d\u00e1l. Pokud chceme za\u010d\u00edt novou kapitolu, p\u0159idat se k fotbalov\u00e9 smet\u00e1nce, je t\u0159eba udr\u017eet v\u00edt\u011bznou vlnu.\" \/>\n<meta property=\"og:url\" content=\"https:\/\/evertonfc.cz\/index.php\/2021\/02\/28\/preview-southampton-fc-everton-fc\/\" \/>\n<meta property=\"og:site_name\" content=\"Official Czech &amp; Slovak Everton Supporters&#039; Club\" \/>\n<meta property=\"article:publisher\" content=\"https:\/\/www.facebook.com\/everton.fans.cz.sk\" \/>\n<meta property=\"article:published_time\" content=\"2021-02-28T17:18:46+00:00\" \/>\n<meta property=\"article:modified_time\" content=\"2021-03-14T15:52:19+00:00\" \/>\n<meta property=\"og:image\" content=\"https:\/\/evertonfc.cz\/wp-content\/uploads\/2020\/10\/Southampton-VS-Everton-25-10-2020.png.jpg\" \/>\n\t<meta property=\"og:image:width\" content=\"720\" \/>\n\t<meta property=\"og:image:height\" content=\"405\" \/>\n\t<meta property=\"og:image:type\" content=\"image\/jpeg\" \/>\n<meta name=\"author\" content=\"Fip\" \/>\n<meta name=\"twitter:card\" content=\"summary_large_image\" \/>\n<meta name=\"twitter:label1\" content=\"Napsal(a)\" \/>\n\t<meta name=\"twitter:data1\" content=\"Fip\" \/>\n\t<meta name=\"twitter:label2\" content=\"Odhadovan\u00e1 doba \u010dten\u00ed\" \/>\n\t<meta name=\"twitter:data2\" content=\"4 minuty\" \/>\n<script type=\"application\/ld+json\" class=\"yoast-schema-graph\">{\"@context\":\"https:\/\/schema.org\",\"@graph\":[{\"@type\":\"Article\",\"@id\":\"https:\/\/evertonfc.cz\/index.php\/2021\/02\/28\/preview-southampton-fc-everton-fc\/#article\",\"isPartOf\":{\"@id\":\"https:\/\/evertonfc.cz\/index.php\/2021\/02\/28\/preview-southampton-fc-everton-fc\/\"},\"author\":{\"name\":\"Fip\",\"@id\":\"https:\/\/evertonfc.cz\/#\/schema\/person\/35904009755e8eaa0dc1a5f5f0419002\"},\"headline\":\"Preview: Southampton &#8211; Everton\",\"datePublished\":\"2021-02-28T17:18:46+00:00\",\"dateModified\":\"2021-03-14T15:52:19+00:00\",\"mainEntityOfPage\":{\"@id\":\"https:\/\/evertonfc.cz\/index.php\/2021\/02\/28\/preview-southampton-fc-everton-fc\/\"},\"wordCount\":888,\"commentCount\":34,\"publisher\":{\"@id\":\"https:\/\/evertonfc.cz\/#organization\"},\"image\":{\"@id\":\"https:\/\/evertonfc.cz\/index.php\/2021\/02\/28\/preview-southampton-fc-everton-fc\/#primaryimage\"},\"thumbnailUrl\":\"https:\/\/evertonfc.cz\/wp-content\/uploads\/2020\/10\/Southampton-VS-Everton-25-10-2020.png.jpg\",\"articleSection\":[\"Z\u00e1pasy\"],\"inLanguage\":\"cs\",\"potentialAction\":[{\"@type\":\"CommentAction\",\"name\":\"Comment\",\"target\":[\"https:\/\/evertonfc.cz\/index.php\/2021\/02\/28\/preview-southampton-fc-everton-fc\/#respond\"]}]},{\"@type\":\"WebPage\",\"@id\":\"https:\/\/evertonfc.cz\/index.php\/2021\/02\/28\/preview-southampton-fc-everton-fc\/\",\"url\":\"https:\/\/evertonfc.cz\/index.php\/2021\/02\/28\/preview-southampton-fc-everton-fc\/\",\"name\":\"Preview: Southampton - Everton - Official Czech &amp; Slovak Everton Supporters&#039; Club\",\"isPartOf\":{\"@id\":\"https:\/\/evertonfc.cz\/#website\"},\"primaryImageOfPage\":{\"@id\":\"https:\/\/evertonfc.cz\/index.php\/2021\/02\/28\/preview-southampton-fc-everton-fc\/#primaryimage\"},\"image\":{\"@id\":\"https:\/\/evertonfc.cz\/index.php\/2021\/02\/28\/preview-southampton-fc-everton-fc\/#primaryimage\"},\"thumbnailUrl\":\"https:\/\/evertonfc.cz\/wp-content\/uploads\/2020\/10\/Southampton-VS-Everton-25-10-2020.png.jpg\",\"datePublished\":\"2021-02-28T17:18:46+00:00\",\"dateModified\":\"2021-03-14T15:52:19+00:00\",\"breadcrumb\":{\"@id\":\"https:\/\/evertonfc.cz\/index.php\/2021\/02\/28\/preview-southampton-fc-everton-fc\/#breadcrumb\"},\"inLanguage\":\"cs\",\"potentialAction\":[{\"@type\":\"ReadAction\",\"target\":[\"https:\/\/evertonfc.cz\/index.php\/2021\/02\/28\/preview-southampton-fc-everton-fc\/\"]}]},{\"@type\":\"ImageObject\",\"inLanguage\":\"cs\",\"@id\":\"https:\/\/evertonfc.cz\/index.php\/2021\/02\/28\/preview-southampton-fc-everton-fc\/#primaryimage\",\"url\":\"https:\/\/evertonfc.cz\/wp-content\/uploads\/2020\/10\/Southampton-VS-Everton-25-10-2020.png.jpg\",\"contentUrl\":\"https:\/\/evertonfc.cz\/wp-content\/uploads\/2020\/10\/Southampton-VS-Everton-25-10-2020.png.jpg\",\"width\":720,\"height\":405},{\"@type\":\"BreadcrumbList\",\"@id\":\"https:\/\/evertonfc.cz\/index.php\/2021\/02\/28\/preview-southampton-fc-everton-fc\/#breadcrumb\",\"itemListElement\":[{\"@type\":\"ListItem\",\"position\":1,\"name\":\"Home\",\"item\":\"https:\/\/evertonfc.cz\/\"},{\"@type\":\"ListItem\",\"position\":2,\"name\":\"Preview: Southampton &#8211; Everton\"}]},{\"@type\":\"WebSite\",\"@id\":\"https:\/\/evertonfc.cz\/#website\",\"url\":\"https:\/\/evertonfc.cz\/\",\"name\":\"Official Czech &amp; Slovak Everton Supporters&#039; Club\",\"description\":\"\",\"publisher\":{\"@id\":\"https:\/\/evertonfc.cz\/#organization\"},\"potentialAction\":[{\"@type\":\"SearchAction\",\"target\":{\"@type\":\"EntryPoint\",\"urlTemplate\":\"https:\/\/evertonfc.cz\/?s={search_term_string}\"},\"query-input\":{\"@type\":\"PropertyValueSpecification\",\"valueRequired\":true,\"valueName\":\"search_term_string\"}}],\"inLanguage\":\"cs\"},{\"@type\":\"Organization\",\"@id\":\"https:\/\/evertonfc.cz\/#organization\",\"name\":\"Official Czech & Slovak Everton Supporters' Club\",\"url\":\"https:\/\/evertonfc.cz\/\",\"logo\":{\"@type\":\"ImageObject\",\"inLanguage\":\"cs\",\"@id\":\"https:\/\/evertonfc.cz\/#\/schema\/logo\/image\/\",\"url\":\"https:\/\/evertonfc.cz\/wp-content\/uploads\/2019\/05\/logo.png\",\"contentUrl\":\"https:\/\/evertonfc.cz\/wp-content\/uploads\/2019\/05\/logo.png\",\"width\":112,\"height\":112,\"caption\":\"Official Czech & Slovak Everton Supporters' Club\"},\"image\":{\"@id\":\"https:\/\/evertonfc.cz\/#\/schema\/logo\/image\/\"},\"sameAs\":[\"https:\/\/www.facebook.com\/everton.fans.cz.sk\"]},{\"@type\":\"Person\",\"@id\":\"https:\/\/evertonfc.cz\/#\/schema\/person\/35904009755e8eaa0dc1a5f5f0419002\",\"name\":\"Fip\",\"url\":\"https:\/\/evertonfc.cz\/index.php\/author\/fip\/\"}]}<\/script>\n<!-- \/ Yoast SEO plugin. -->","yoast_head_json":{"title":"Preview: Southampton - Everton - Official Czech &amp; Slovak Everton Supporters&#039; Club","robots":{"index":"index","follow":"follow","max-snippet":"max-snippet:-1","max-image-preview":"max-image-preview:large","max-video-preview":"max-video-preview:-1"},"canonical":"https:\/\/evertonfc.cz\/index.php\/2021\/02\/28\/preview-southampton-fc-everton-fc\/","og_locale":"cs_CZ","og_type":"article","og_title":"Preview: Southampton - Everton - Official Czech &amp; Slovak Everton Supporters&#039; Club","og_description":"26. kolo uzav\u0159eme pond\u011bln\u00ed dohr\u00e1vkou proti Saints. Derby se vyhr\u00e1lo, ale jede se d\u00e1l. Pokud chceme za\u010d\u00edt novou kapitolu, p\u0159idat se k fotbalov\u00e9 smet\u00e1nce, je t\u0159eba udr\u017eet v\u00edt\u011bznou vlnu.","og_url":"https:\/\/evertonfc.cz\/index.php\/2021\/02\/28\/preview-southampton-fc-everton-fc\/","og_site_name":"Official Czech &amp; Slovak Everton Supporters&#039; Club","article_publisher":"https:\/\/www.facebook.com\/everton.fans.cz.sk","article_published_time":"2021-02-28T17:18:46+00:00","article_modified_time":"2021-03-14T15:52:19+00:00","og_image":[{"width":720,"height":405,"url":"https:\/\/evertonfc.cz\/wp-content\/uploads\/2020\/10\/Southampton-VS-Everton-25-10-2020.png.jpg","type":"image\/jpeg"}],"author":"Fip","twitter_card":"summary_large_image","twitter_misc":{"Napsal(a)":"Fip","Odhadovan\u00e1 doba \u010dten\u00ed":"4 minuty"},"schema":{"@context":"https:\/\/schema.org","@graph":[{"@type":"Article","@id":"https:\/\/evertonfc.cz\/index.php\/2021\/02\/28\/preview-southampton-fc-everton-fc\/#article","isPartOf":{"@id":"https:\/\/evertonfc.cz\/index.php\/2021\/02\/28\/preview-southampton-fc-everton-fc\/"},"author":{"name":"Fip","@id":"https:\/\/evertonfc.cz\/#\/schema\/person\/35904009755e8eaa0dc1a5f5f0419002"},"headline":"Preview: Southampton &#8211; Everton","datePublished":"2021-02-28T17:18:46+00:00","dateModified":"2021-03-14T15:52:19+00:00","mainEntityOfPage":{"@id":"https:\/\/evertonfc.cz\/index.php\/2021\/02\/28\/preview-southampton-fc-everton-fc\/"},"wordCount":888,"commentCount":34,"publisher":{"@id":"https:\/\/evertonfc.cz\/#organization"},"image":{"@id":"https:\/\/evertonfc.cz\/index.php\/2021\/02\/28\/preview-southampton-fc-everton-fc\/#primaryimage"},"thumbnailUrl":"https:\/\/evertonfc.cz\/wp-content\/uploads\/2020\/10\/Southampton-VS-Everton-25-10-2020.png.jpg","articleSection":["Z\u00e1pasy"],"inLanguage":"cs","potentialAction":[{"@type":"CommentAction","name":"Comment","target":["https:\/\/evertonfc.cz\/index.php\/2021\/02\/28\/preview-southampton-fc-everton-fc\/#respond"]}]},{"@type":"WebPage","@id":"https:\/\/evertonfc.cz\/index.php\/2021\/02\/28\/preview-southampton-fc-everton-fc\/","url":"https:\/\/evertonfc.cz\/index.php\/2021\/02\/28\/preview-southampton-fc-everton-fc\/","name":"Preview: Southampton - Everton - Official Czech &amp; Slovak Everton Supporters&#039; Club","isPartOf":{"@id":"https:\/\/evertonfc.cz\/#website"},"primaryImageOfPage":{"@id":"https:\/\/evertonfc.cz\/index.php\/2021\/02\/28\/preview-southampton-fc-everton-fc\/#primaryimage"},"image":{"@id":"https:\/\/evertonfc.cz\/index.php\/2021\/02\/28\/preview-southampton-fc-everton-fc\/#primaryimage"},"thumbnailUrl":"https:\/\/evertonfc.cz\/wp-content\/uploads\/2020\/10\/Southampton-VS-Everton-25-10-2020.png.jpg","datePublished":"2021-02-28T17:18:46+00:00","dateModified":"2021-03-14T15:52:19+00:00","breadcrumb":{"@id":"https:\/\/evertonfc.cz\/index.php\/2021\/02\/28\/preview-southampton-fc-everton-fc\/#breadcrumb"},"inLanguage":"cs","potentialAction":[{"@type":"ReadAction","target":["https:\/\/evertonfc.cz\/index.php\/2021\/02\/28\/preview-southampton-fc-everton-fc\/"]}]},{"@type":"ImageObject","inLanguage":"cs","@id":"https:\/\/evertonfc.cz\/index.php\/2021\/02\/28\/preview-southampton-fc-everton-fc\/#primaryimage","url":"https:\/\/evertonfc.cz\/wp-content\/uploads\/2020\/10\/Southampton-VS-Everton-25-10-2020.png.jpg","contentUrl":"https:\/\/evertonfc.cz\/wp-content\/uploads\/2020\/10\/Southampton-VS-Everton-25-10-2020.png.jpg","width":720,"height":405},{"@type":"BreadcrumbList","@id":"https:\/\/evertonfc.cz\/index.php\/2021\/02\/28\/preview-southampton-fc-everton-fc\/#breadcrumb","itemListElement":[{"@type":"ListItem","position":1,"name":"Home","item":"https:\/\/evertonfc.cz\/"},{"@type":"ListItem","position":2,"name":"Preview: Southampton &#8211; Everton"}]},{"@type":"WebSite","@id":"https:\/\/evertonfc.cz\/#website","url":"https:\/\/evertonfc.cz\/","name":"Official Czech &amp; Slovak Everton Supporters&#039; Club","description":"","publisher":{"@id":"https:\/\/evertonfc.cz\/#organization"},"potentialAction":[{"@type":"SearchAction","target":{"@type":"EntryPoint","urlTemplate":"https:\/\/evertonfc.cz\/?s={search_term_string}"},"query-input":{"@type":"PropertyValueSpecification","valueRequired":true,"valueName":"search_term_string"}}],"inLanguage":"cs"},{"@type":"Organization","@id":"https:\/\/evertonfc.cz\/#organization","name":"Official Czech & Slovak Everton Supporters' Club","url":"https:\/\/evertonfc.cz\/","logo":{"@type":"ImageObject","inLanguage":"cs","@id":"https:\/\/evertonfc.cz\/#\/schema\/logo\/image\/","url":"https:\/\/evertonfc.cz\/wp-content\/uploads\/2019\/05\/logo.png","contentUrl":"https:\/\/evertonfc.cz\/wp-content\/uploads\/2019\/05\/logo.png","width":112,"height":112,"caption":"Official Czech & Slovak Everton Supporters' Club"},"image":{"@id":"https:\/\/evertonfc.cz\/#\/schema\/logo\/image\/"},"sameAs":["https:\/\/www.facebook.com\/everton.fans.cz.sk"]},{"@type":"Person","@id":"https:\/\/evertonfc.cz\/#\/schema\/person\/35904009755e8eaa0dc1a5f5f0419002","name":"Fip","url":"https:\/\/evertonfc.cz\/index.php\/author\/fip\/"}]}},"_links":{"self":[{"href":"https:\/\/evertonfc.cz\/index.php\/wp-json\/wp\/v2\/posts\/14379"}],"collection":[{"href":"https:\/\/evertonfc.cz\/index.php\/wp-json\/wp\/v2\/posts"}],"about":[{"href":"https:\/\/evertonfc.cz\/index.php\/wp-json\/wp\/v2\/types\/post"}],"author":[{"embeddable":true,"href":"https:\/\/evertonfc.cz\/index.php\/wp-json\/wp\/v2\/users\/10"}],"replies":[{"embeddable":true,"href":"https:\/\/evertonfc.cz\/index.php\/wp-json\/wp\/v2\/comments?post=14379"}],"version-history":[{"count":9,"href":"https:\/\/evertonfc.cz\/index.php\/wp-json\/wp\/v2\/posts\/14379\/revisions"}],"predecessor-version":[{"id":14405,"href":"https:\/\/evertonfc.cz\/index.php\/wp-json\/wp\/v2\/posts\/14379\/revisions\/14405"}],"wp:featuredmedia":[{"embeddable":true,"href":"https:\/\/evertonfc.cz\/index.php\/wp-json\/wp\/v2\/media\/12698"}],"wp:attachment":[{"href":"https:\/\/evertonfc.cz\/index.php\/wp-json\/wp\/v2\/media?parent=14379"}],"wp:term":[{"taxonomy":"category","embeddable":true,"href":"https:\/\/evertonfc.cz\/index.php\/wp-json\/wp\/v2\/categories?post=14379"},{"taxonomy":"post_tag","embeddable":true,"href":"https:\/\/evertonfc.cz\/index.php\/wp-json\/wp\/v2\/tags?post=14379"}],"curies":[{"name":"wp","href":"https:\/\/api.w.org\/{rel}","templated":true}]}}