{"id":1438,"date":"2018-12-22T21:53:24","date_gmt":"2018-12-22T20:53:24","guid":{"rendered":"http:\/\/evertonfc.cz\/?p=1438"},"modified":"2019-01-22T22:09:34","modified_gmt":"2019-01-22T21:09:34","slug":"navrzena-kapacita-noveho-stadionu-je-52-000","status":"publish","type":"post","link":"https:\/\/evertonfc.cz\/index.php\/2018\/12\/22\/navrzena-kapacita-noveho-stadionu-je-52-000\/","title":{"rendered":"Navr\u017een\u00e1 kapacita nov\u00e9ho stadionu je 52 000"},"content":{"rendered":"<h4>S mo\u017en\u00fdm roz\u0161\u00ed\u0159en\u00edm o 10000 m\u00edst. Nen\u00ed to m\u00e1lo, Ardavane Farhade?<\/h4>\n<p>Po mnoh\u00fdch konzultac\u00edch, mimo jin\u00e9 s fanou\u0161ky klubu, padlo rozhodnut\u00ed ohledn\u011b navr\u017een\u00e9 kapacity nov\u00e9ho stadionu. Je to zklam\u00e1n\u00ed. V\u011bt\u0161ina fand\u016f cht\u011bla kapacitu v\u011bt\u0161\u00ed, kolem 60 000, le\u010d rozhodnut\u00ed padlo jin\u00e9. Je to m\u00e1lo, a\u010dkoliv Stadium development director Colin Chong zd\u016fraz\u0148uje, \u017ee jde pouze o n\u00e1vrh (p\u0159\u00edpadn\u00e9 roz\u0161\u00ed\u0159en\u00ed na 62000 je naprost\u00e9 maximum). Jak \u0159\u00edk\u00e1 Josef &#8222;Tr\u00e9\u0148a&#8220; Csapl\u00e1r &#8211; &#8222;nerozum\u00edm, nech\u00e1pu&#8220;. M\u00edsto na roz\u0161\u00ed\u0159en\u00ed je samoz\u0159ejm\u011b hezk\u00e1 v\u011bc, ale i tak je navrhovan\u00fdch 52 tis\u00edc m\u00e9n\u011b, ne\u017e se \u010dekalo a ne\u017e je sou\u010dasn\u00e1 kapacita stadionu RS. Opravdu m\u011b p\u0159ekvapuje, \u017ee ve srovn\u00e1n\u00ed s Goodison Parkem je kapacita nav\u00fd\u0161ena pouze o necel\u00fdch 12 tis\u00edc&#8230;<\/p>\n<p>V l\u00e9t\u011b p\u0159\u00ed\u0161t\u00edho roku prob\u011bhne dal\u0161\u00ed konzultace s ve\u0159ejnost\u00ed, tentokr\u00e1t ohledn\u011b designu.<\/p>\n","protected":false},"excerpt":{"rendered":"<p>S mo\u017en\u00fdm roz\u0161\u00ed\u0159en\u00edm o 10000 m\u00edst. Nen\u00ed to m\u00e1lo, Ardavane Farhade? Po mnoh\u00fdch konzultac\u00edch, mimo jin\u00e9 s fanou\u0161ky klubu, padlo&hellip;<\/p>\n","protected":false},"author":12,"featured_media":1418,"comment_status":"open","ping_status":"closed","sticky":false,"template":"","format":"standard","meta":{"_eb_attr":"","_monsterinsights_skip_tracking":false,"_monsterinsights_sitenote_active":false,"_monsterinsights_sitenote_note":"","_monsterinsights_sitenote_category":0,"footnotes":""},"categories":[42],"tags":[],"yoast_head":"<!-- This site is optimized with the Yoast SEO plugin v23.4 - https:\/\/yoast.com\/wordpress\/plugins\/seo\/ -->\n<title>Navr\u017een\u00e1 kapacita nov\u00e9ho stadionu je 52 000 - Official Czech &amp; Slovak Everton Supporters&#039; Club<\/title>\n<meta name=\"robots\" content=\"index, follow, max-snippet:-1, max-image-preview:large, max-video-preview:-1\" \/>\n<link rel=\"canonical\" href=\"https:\/\/evertonfc.cz\/index.php\/2018\/12\/22\/navrzena-kapacita-noveho-stadionu-je-52-000\/\" \/>\n<meta property=\"og:locale\" content=\"cs_CZ\" \/>\n<meta property=\"og:type\" content=\"article\" \/>\n<meta property=\"og:title\" content=\"Navr\u017een\u00e1 kapacita nov\u00e9ho stadionu je 52 000 - Official Czech &amp; Slovak Everton Supporters&#039; Club\" \/>\n<meta property=\"og:description\" content=\"S mo\u017en\u00fdm roz\u0161\u00ed\u0159en\u00edm o 10000 m\u00edst. Nen\u00ed to m\u00e1lo, Ardavane Farhade? Po mnoh\u00fdch konzultac\u00edch, mimo jin\u00e9 s fanou\u0161ky klubu, padlo&hellip;\" \/>\n<meta property=\"og:url\" content=\"https:\/\/evertonfc.cz\/index.php\/2018\/12\/22\/navrzena-kapacita-noveho-stadionu-je-52-000\/\" \/>\n<meta property=\"og:site_name\" content=\"Official Czech &amp; Slovak Everton Supporters&#039; Club\" \/>\n<meta property=\"article:publisher\" content=\"https:\/\/www.facebook.com\/everton.fans.cz.sk\" \/>\n<meta property=\"article:published_time\" content=\"2018-12-22T20:53:24+00:00\" \/>\n<meta property=\"article:modified_time\" content=\"2019-01-22T21:09:34+00:00\" \/>\n<meta property=\"og:image\" content=\"https:\/\/evertonfc.cz\/wp-content\/uploads\/2019\/01\/bramley_22_12_2018.jpg\" \/>\n\t<meta property=\"og:image:width\" content=\"720\" \/>\n\t<meta property=\"og:image:height\" content=\"405\" \/>\n\t<meta property=\"og:image:type\" content=\"image\/jpeg\" \/>\n<meta name=\"author\" content=\"Javor\" \/>\n<meta name=\"twitter:card\" content=\"summary_large_image\" \/>\n<meta name=\"twitter:creator\" content=\"@LoudinJan\" \/>\n<meta name=\"twitter:label1\" content=\"Napsal(a)\" \/>\n\t<meta name=\"twitter:data1\" content=\"Javor\" \/>\n\t<meta name=\"twitter:label2\" content=\"Odhadovan\u00e1 doba \u010dten\u00ed\" \/>\n\t<meta name=\"twitter:data2\" content=\"1 minuta\" \/>\n<script type=\"application\/ld+json\" class=\"yoast-schema-graph\">{\"@context\":\"https:\/\/schema.org\",\"@graph\":[{\"@type\":\"Article\",\"@id\":\"https:\/\/evertonfc.cz\/index.php\/2018\/12\/22\/navrzena-kapacita-noveho-stadionu-je-52-000\/#article\",\"isPartOf\":{\"@id\":\"https:\/\/evertonfc.cz\/index.php\/2018\/12\/22\/navrzena-kapacita-noveho-stadionu-je-52-000\/\"},\"author\":{\"name\":\"Javor\",\"@id\":\"https:\/\/evertonfc.cz\/#\/schema\/person\/b30daf6a5852f4811f8207a17ec1bf78\"},\"headline\":\"Navr\u017een\u00e1 kapacita nov\u00e9ho stadionu je 52 000\",\"datePublished\":\"2018-12-22T20:53:24+00:00\",\"dateModified\":\"2019-01-22T21:09:34+00:00\",\"mainEntityOfPage\":{\"@id\":\"https:\/\/evertonfc.cz\/index.php\/2018\/12\/22\/navrzena-kapacita-noveho-stadionu-je-52-000\/\"},\"wordCount\":172,\"commentCount\":0,\"publisher\":{\"@id\":\"https:\/\/evertonfc.cz\/#organization\"},\"image\":{\"@id\":\"https:\/\/evertonfc.cz\/index.php\/2018\/12\/22\/navrzena-kapacita-noveho-stadionu-je-52-000\/#primaryimage\"},\"thumbnailUrl\":\"https:\/\/evertonfc.cz\/wp-content\/uploads\/2019\/01\/bramley_22_12_2018.jpg\",\"articleSection\":[\"Aktuality\"],\"inLanguage\":\"cs\",\"potentialAction\":[{\"@type\":\"CommentAction\",\"name\":\"Comment\",\"target\":[\"https:\/\/evertonfc.cz\/index.php\/2018\/12\/22\/navrzena-kapacita-noveho-stadionu-je-52-000\/#respond\"]}]},{\"@type\":\"WebPage\",\"@id\":\"https:\/\/evertonfc.cz\/index.php\/2018\/12\/22\/navrzena-kapacita-noveho-stadionu-je-52-000\/\",\"url\":\"https:\/\/evertonfc.cz\/index.php\/2018\/12\/22\/navrzena-kapacita-noveho-stadionu-je-52-000\/\",\"name\":\"Navr\u017een\u00e1 kapacita nov\u00e9ho stadionu je 52 000 - Official Czech &amp; Slovak Everton Supporters&#039; Club\",\"isPartOf\":{\"@id\":\"https:\/\/evertonfc.cz\/#website\"},\"primaryImageOfPage\":{\"@id\":\"https:\/\/evertonfc.cz\/index.php\/2018\/12\/22\/navrzena-kapacita-noveho-stadionu-je-52-000\/#primaryimage\"},\"image\":{\"@id\":\"https:\/\/evertonfc.cz\/index.php\/2018\/12\/22\/navrzena-kapacita-noveho-stadionu-je-52-000\/#primaryimage\"},\"thumbnailUrl\":\"https:\/\/evertonfc.cz\/wp-content\/uploads\/2019\/01\/bramley_22_12_2018.jpg\",\"datePublished\":\"2018-12-22T20:53:24+00:00\",\"dateModified\":\"2019-01-22T21:09:34+00:00\",\"breadcrumb\":{\"@id\":\"https:\/\/evertonfc.cz\/index.php\/2018\/12\/22\/navrzena-kapacita-noveho-stadionu-je-52-000\/#breadcrumb\"},\"inLanguage\":\"cs\",\"potentialAction\":[{\"@type\":\"ReadAction\",\"target\":[\"https:\/\/evertonfc.cz\/index.php\/2018\/12\/22\/navrzena-kapacita-noveho-stadionu-je-52-000\/\"]}]},{\"@type\":\"ImageObject\",\"inLanguage\":\"cs\",\"@id\":\"https:\/\/evertonfc.cz\/index.php\/2018\/12\/22\/navrzena-kapacita-noveho-stadionu-je-52-000\/#primaryimage\",\"url\":\"https:\/\/evertonfc.cz\/wp-content\/uploads\/2019\/01\/bramley_22_12_2018.jpg\",\"contentUrl\":\"https:\/\/evertonfc.cz\/wp-content\/uploads\/2019\/01\/bramley_22_12_2018.jpg\",\"width\":720,\"height\":405},{\"@type\":\"BreadcrumbList\",\"@id\":\"https:\/\/evertonfc.cz\/index.php\/2018\/12\/22\/navrzena-kapacita-noveho-stadionu-je-52-000\/#breadcrumb\",\"itemListElement\":[{\"@type\":\"ListItem\",\"position\":1,\"name\":\"Home\",\"item\":\"https:\/\/evertonfc.cz\/\"},{\"@type\":\"ListItem\",\"position\":2,\"name\":\"Navr\u017een\u00e1 kapacita nov\u00e9ho stadionu je 52 000\"}]},{\"@type\":\"WebSite\",\"@id\":\"https:\/\/evertonfc.cz\/#website\",\"url\":\"https:\/\/evertonfc.cz\/\",\"name\":\"Official Czech &amp; Slovak Everton Supporters&#039; Club\",\"description\":\"\",\"publisher\":{\"@id\":\"https:\/\/evertonfc.cz\/#organization\"},\"potentialAction\":[{\"@type\":\"SearchAction\",\"target\":{\"@type\":\"EntryPoint\",\"urlTemplate\":\"https:\/\/evertonfc.cz\/?s={search_term_string}\"},\"query-input\":{\"@type\":\"PropertyValueSpecification\",\"valueRequired\":true,\"valueName\":\"search_term_string\"}}],\"inLanguage\":\"cs\"},{\"@type\":\"Organization\",\"@id\":\"https:\/\/evertonfc.cz\/#organization\",\"name\":\"Official Czech & Slovak Everton Supporters' Club\",\"url\":\"https:\/\/evertonfc.cz\/\",\"logo\":{\"@type\":\"ImageObject\",\"inLanguage\":\"cs\",\"@id\":\"https:\/\/evertonfc.cz\/#\/schema\/logo\/image\/\",\"url\":\"https:\/\/evertonfc.cz\/wp-content\/uploads\/2019\/05\/logo.png\",\"contentUrl\":\"https:\/\/evertonfc.cz\/wp-content\/uploads\/2019\/05\/logo.png\",\"width\":112,\"height\":112,\"caption\":\"Official Czech & Slovak Everton Supporters' Club\"},\"image\":{\"@id\":\"https:\/\/evertonfc.cz\/#\/schema\/logo\/image\/\"},\"sameAs\":[\"https:\/\/www.facebook.com\/everton.fans.cz.sk\"]},{\"@type\":\"Person\",\"@id\":\"https:\/\/evertonfc.cz\/#\/schema\/person\/b30daf6a5852f4811f8207a17ec1bf78\",\"name\":\"Javor\",\"sameAs\":[\"https:\/\/x.com\/LoudinJan\"],\"url\":\"https:\/\/evertonfc.cz\/index.php\/author\/javor\/\"}]}<\/script>\n<!-- \/ Yoast SEO plugin. -->","yoast_head_json":{"title":"Navr\u017een\u00e1 kapacita nov\u00e9ho stadionu je 52 000 - Official Czech &amp; Slovak Everton Supporters&#039; Club","robots":{"index":"index","follow":"follow","max-snippet":"max-snippet:-1","max-image-preview":"max-image-preview:large","max-video-preview":"max-video-preview:-1"},"canonical":"https:\/\/evertonfc.cz\/index.php\/2018\/12\/22\/navrzena-kapacita-noveho-stadionu-je-52-000\/","og_locale":"cs_CZ","og_type":"article","og_title":"Navr\u017een\u00e1 kapacita nov\u00e9ho stadionu je 52 000 - Official Czech &amp; Slovak Everton Supporters&#039; Club","og_description":"S mo\u017en\u00fdm roz\u0161\u00ed\u0159en\u00edm o 10000 m\u00edst. Nen\u00ed to m\u00e1lo, Ardavane Farhade? Po mnoh\u00fdch konzultac\u00edch, mimo jin\u00e9 s fanou\u0161ky klubu, padlo&hellip;","og_url":"https:\/\/evertonfc.cz\/index.php\/2018\/12\/22\/navrzena-kapacita-noveho-stadionu-je-52-000\/","og_site_name":"Official Czech &amp; Slovak Everton Supporters&#039; Club","article_publisher":"https:\/\/www.facebook.com\/everton.fans.cz.sk","article_published_time":"2018-12-22T20:53:24+00:00","article_modified_time":"2019-01-22T21:09:34+00:00","og_image":[{"width":720,"height":405,"url":"https:\/\/evertonfc.cz\/wp-content\/uploads\/2019\/01\/bramley_22_12_2018.jpg","type":"image\/jpeg"}],"author":"Javor","twitter_card":"summary_large_image","twitter_creator":"@LoudinJan","twitter_misc":{"Napsal(a)":"Javor","Odhadovan\u00e1 doba \u010dten\u00ed":"1 minuta"},"schema":{"@context":"https:\/\/schema.org","@graph":[{"@type":"Article","@id":"https:\/\/evertonfc.cz\/index.php\/2018\/12\/22\/navrzena-kapacita-noveho-stadionu-je-52-000\/#article","isPartOf":{"@id":"https:\/\/evertonfc.cz\/index.php\/2018\/12\/22\/navrzena-kapacita-noveho-stadionu-je-52-000\/"},"author":{"name":"Javor","@id":"https:\/\/evertonfc.cz\/#\/schema\/person\/b30daf6a5852f4811f8207a17ec1bf78"},"headline":"Navr\u017een\u00e1 kapacita nov\u00e9ho stadionu je 52 000","datePublished":"2018-12-22T20:53:24+00:00","dateModified":"2019-01-22T21:09:34+00:00","mainEntityOfPage":{"@id":"https:\/\/evertonfc.cz\/index.php\/2018\/12\/22\/navrzena-kapacita-noveho-stadionu-je-52-000\/"},"wordCount":172,"commentCount":0,"publisher":{"@id":"https:\/\/evertonfc.cz\/#organization"},"image":{"@id":"https:\/\/evertonfc.cz\/index.php\/2018\/12\/22\/navrzena-kapacita-noveho-stadionu-je-52-000\/#primaryimage"},"thumbnailUrl":"https:\/\/evertonfc.cz\/wp-content\/uploads\/2019\/01\/bramley_22_12_2018.jpg","articleSection":["Aktuality"],"inLanguage":"cs","potentialAction":[{"@type":"CommentAction","name":"Comment","target":["https:\/\/evertonfc.cz\/index.php\/2018\/12\/22\/navrzena-kapacita-noveho-stadionu-je-52-000\/#respond"]}]},{"@type":"WebPage","@id":"https:\/\/evertonfc.cz\/index.php\/2018\/12\/22\/navrzena-kapacita-noveho-stadionu-je-52-000\/","url":"https:\/\/evertonfc.cz\/index.php\/2018\/12\/22\/navrzena-kapacita-noveho-stadionu-je-52-000\/","name":"Navr\u017een\u00e1 kapacita nov\u00e9ho stadionu je 52 000 - Official Czech &amp; Slovak Everton Supporters&#039; Club","isPartOf":{"@id":"https:\/\/evertonfc.cz\/#website"},"primaryImageOfPage":{"@id":"https:\/\/evertonfc.cz\/index.php\/2018\/12\/22\/navrzena-kapacita-noveho-stadionu-je-52-000\/#primaryimage"},"image":{"@id":"https:\/\/evertonfc.cz\/index.php\/2018\/12\/22\/navrzena-kapacita-noveho-stadionu-je-52-000\/#primaryimage"},"thumbnailUrl":"https:\/\/evertonfc.cz\/wp-content\/uploads\/2019\/01\/bramley_22_12_2018.jpg","datePublished":"2018-12-22T20:53:24+00:00","dateModified":"2019-01-22T21:09:34+00:00","breadcrumb":{"@id":"https:\/\/evertonfc.cz\/index.php\/2018\/12\/22\/navrzena-kapacita-noveho-stadionu-je-52-000\/#breadcrumb"},"inLanguage":"cs","potentialAction":[{"@type":"ReadAction","target":["https:\/\/evertonfc.cz\/index.php\/2018\/12\/22\/navrzena-kapacita-noveho-stadionu-je-52-000\/"]}]},{"@type":"ImageObject","inLanguage":"cs","@id":"https:\/\/evertonfc.cz\/index.php\/2018\/12\/22\/navrzena-kapacita-noveho-stadionu-je-52-000\/#primaryimage","url":"https:\/\/evertonfc.cz\/wp-content\/uploads\/2019\/01\/bramley_22_12_2018.jpg","contentUrl":"https:\/\/evertonfc.cz\/wp-content\/uploads\/2019\/01\/bramley_22_12_2018.jpg","width":720,"height":405},{"@type":"BreadcrumbList","@id":"https:\/\/evertonfc.cz\/index.php\/2018\/12\/22\/navrzena-kapacita-noveho-stadionu-je-52-000\/#breadcrumb","itemListElement":[{"@type":"ListItem","position":1,"name":"Home","item":"https:\/\/evertonfc.cz\/"},{"@type":"ListItem","position":2,"name":"Navr\u017een\u00e1 kapacita nov\u00e9ho stadionu je 52 000"}]},{"@type":"WebSite","@id":"https:\/\/evertonfc.cz\/#website","url":"https:\/\/evertonfc.cz\/","name":"Official Czech &amp; Slovak Everton Supporters&#039; Club","description":"","publisher":{"@id":"https:\/\/evertonfc.cz\/#organization"},"potentialAction":[{"@type":"SearchAction","target":{"@type":"EntryPoint","urlTemplate":"https:\/\/evertonfc.cz\/?s={search_term_string}"},"query-input":{"@type":"PropertyValueSpecification","valueRequired":true,"valueName":"search_term_string"}}],"inLanguage":"cs"},{"@type":"Organization","@id":"https:\/\/evertonfc.cz\/#organization","name":"Official Czech & Slovak Everton Supporters' Club","url":"https:\/\/evertonfc.cz\/","logo":{"@type":"ImageObject","inLanguage":"cs","@id":"https:\/\/evertonfc.cz\/#\/schema\/logo\/image\/","url":"https:\/\/evertonfc.cz\/wp-content\/uploads\/2019\/05\/logo.png","contentUrl":"https:\/\/evertonfc.cz\/wp-content\/uploads\/2019\/05\/logo.png","width":112,"height":112,"caption":"Official Czech & Slovak Everton Supporters' Club"},"image":{"@id":"https:\/\/evertonfc.cz\/#\/schema\/logo\/image\/"},"sameAs":["https:\/\/www.facebook.com\/everton.fans.cz.sk"]},{"@type":"Person","@id":"https:\/\/evertonfc.cz\/#\/schema\/person\/b30daf6a5852f4811f8207a17ec1bf78","name":"Javor","sameAs":["https:\/\/x.com\/LoudinJan"],"url":"https:\/\/evertonfc.cz\/index.php\/author\/javor\/"}]}},"_links":{"self":[{"href":"https:\/\/evertonfc.cz\/index.php\/wp-json\/wp\/v2\/posts\/1438"}],"collection":[{"href":"https:\/\/evertonfc.cz\/index.php\/wp-json\/wp\/v2\/posts"}],"about":[{"href":"https:\/\/evertonfc.cz\/index.php\/wp-json\/wp\/v2\/types\/post"}],"author":[{"embeddable":true,"href":"https:\/\/evertonfc.cz\/index.php\/wp-json\/wp\/v2\/users\/12"}],"replies":[{"embeddable":true,"href":"https:\/\/evertonfc.cz\/index.php\/wp-json\/wp\/v2\/comments?post=1438"}],"version-history":[{"count":1,"href":"https:\/\/evertonfc.cz\/index.php\/wp-json\/wp\/v2\/posts\/1438\/revisions"}],"predecessor-version":[{"id":1439,"href":"https:\/\/evertonfc.cz\/index.php\/wp-json\/wp\/v2\/posts\/1438\/revisions\/1439"}],"wp:featuredmedia":[{"embeddable":true,"href":"https:\/\/evertonfc.cz\/index.php\/wp-json\/wp\/v2\/media\/1418"}],"wp:attachment":[{"href":"https:\/\/evertonfc.cz\/index.php\/wp-json\/wp\/v2\/media?parent=1438"}],"wp:term":[{"taxonomy":"category","embeddable":true,"href":"https:\/\/evertonfc.cz\/index.php\/wp-json\/wp\/v2\/categories?post=1438"},{"taxonomy":"post_tag","embeddable":true,"href":"https:\/\/evertonfc.cz\/index.php\/wp-json\/wp\/v2\/tags?post=1438"}],"curies":[{"name":"wp","href":"https:\/\/api.w.org\/{rel}","templated":true}]}}