{"id":14400,"date":"2021-03-01T23:15:38","date_gmt":"2021-03-01T22:15:38","guid":{"rendered":"https:\/\/evertonfc.cz\/?p=14400"},"modified":"2021-03-04T19:01:10","modified_gmt":"2021-03-04T18:01:10","slug":"tottenham-w-everton-w-23","status":"publish","type":"post","link":"https:\/\/evertonfc.cz\/index.php\/2021\/03\/01\/tottenham-w-everton-w-23\/","title":{"rendered":"Tottenham W &#8211; Everton W 2:3"},"content":{"rendered":"<h4>V\u00fdlet do Lond\u00fdna n\u00e1m nakonec p\u0159inesl v\u0161echny t\u0159i body. Mohla to b\u00fdt pohodov\u00e1 z\u00e1le\u017eitost, ale Everton \u0159ekl &#8222;Ne!&#8220;<\/h4>\n<p>Everton st\u00e1le nevzdal sv\u016fj sen o poh\u00e1rov\u00e9 Evrop\u011b. T\u0159i body z lond\u00fdnsk\u00e9ho Hive Stadium by se mu tedy velmi hodily. (Jm\u00e9no stadionu zaslou\u017e\u00ed malou odbo\u010dku. Stadion je v sou\u010dasnosti sd\u00edlen t\u0159emi t\u00fdmy: v p\u00e1t\u00e9 lize hraj\u00edc\u00edm mu\u017esk\u00fdm t\u00fdmem Barnet FC, jeho \u017eenskou sekc\u00ed London Bees p\u016fsob\u00edc\u00ed v Championship a tottenhamsk\u00fdmi b\u011blostn\u00fdmi. Proto\u017ee Barnet FC se honos\u00ed tradi\u010dn\u00ed p\u0159ezd\u00edvkou &#8222;v\u010dely&#8220; a rovn\u011b\u017e jeho d\u00e1msk\u00e9 k\u0159\u00eddlo m\u00e1 tento spole\u010densk\u00fd hmyz ve sv\u00e9m n\u00e1zvu, bylo o jm\u00e9nu stadionu rozhodnuto. P\u0159ist\u011bhov\u00e1n\u00ed dr\u016fbe\u017e\u00edch host\u016f v roce\u00a0 2019 na tom u\u017e nic nezm\u011bnilo.)\u00a0 Branku host\u016f h\u00e1jila op\u011bt Sandy MacIver, kter\u00e1 se mezi ty\u010de vr\u00e1tila po n\u011bkolik t\u00fddn\u016f trvaj\u00edc\u00edm \u00fadajn\u00e9m v\u00fdpadku formy a fyzick\u00e9 kondice. Pozoruhodn\u00e9 je, \u017ee ani jedno j\u00ed nebr\u00e1nilo odb\u00fdt si minul\u00fd t\u00fdden sv\u016fj reprezenta\u010dn\u00ed debut v z\u00e1pase proti Severn\u00edmu Irsku. Hayley Raso op\u011bt za\u010d\u00ednala na lavi\u010dce, tak\u017ee vpravo jsme mohli pozorovat zda\u0159ilou spolupr\u00e1ci\u00a0 mezi Emslie a Moe Wold.<\/p>\n<h4>Prvn\u00ed polo\u010das<\/h4>\n<p>zah\u00e1jily oba t\u00fdmy svi\u017en\u011b. Ale spolupr\u00e1ce Scott a S\u00f8rensen vedla jen k nevyu\u017eit\u00e9mu rohu. Na druh\u00e9 stran\u011b m\u011bla g\u00f3l na kopa\u010dce Addison, kterou se na posledn\u00ed chv\u00edli poda\u0159ilo odzbrojit Turner. V 6. minut\u011b zahr\u00e1l Tottenham rukou ve v\u00e1pn\u011b a k na\u0159\u00edzen\u00e9 penalt\u011b se postavila <strong>Valerie Gauvin<\/strong>. Mikalsen v brance b\u011blostn\u00fdch sice vystihla sm\u011br st\u0159ely, ale to bylo tak v\u0161echno &#8211; <strong>0:1<\/strong>. Za p\u00e1r minut, p\u0159esn\u011bji za 13, si op\u011bt tottenhamsk\u00e9 po\u010d\u00ednaly v obran\u011b humpol\u00e1cky a za sra\u017een\u00ed Sevecke byla na\u0159\u00edzna penalta dal\u0161\u00ed. <strong>Gauvin<\/strong> ani tentokr\u00e1t nezav\u00e1hala &#8211; <strong>0:2<\/strong>. Po dal\u0161\u00ed akci zprava po ose Moe Wold\u00a0 &#8211; Emslie to zkou\u0161ela Gauvin tentokr\u00e1t ze hry a hlavou, ale netrefila se do branky. Pak za\u00fa\u0159adovaly dom\u00e1c\u00ed: Graham kr\u00e1snou kolmic\u00ed vyslala dop\u0159edu Angelu Addison, kter\u00e1 bez probl\u00e9m\u016f p\u0159ekonala vyb\u011bhnuv\u0161\u00ed MacIver &#8211; <strong>1:2<\/strong>. Do p\u0159est\u00e1vky to je\u0161t\u011b zkusila Gauvin op\u011bt hlavou a op\u011bt mimo. Tottenham zahrozil dal\u0161\u00edm pr\u016fnikem, ale takt\u00e9\u017e mimo.<\/p>\n<h4>Druh\u00fd polo\u010das<\/h4>\n<p>p\u0159ivedl za aplausu evertonsk\u00fdch do hry Gabby George, kter\u00e1 se po roce zotavila ze zran\u011bn\u00ed p\u0159edn\u00edho zk\u0159\u00ed\u017een\u00e9ho vazu. M\u00edsto na stoperu j\u00ed p\u0159enechala Finnigan, kter\u00e1 tak ukon\u010dila svoj\u00ed leto\u0161n\u00ed \u0161\u0148\u016fru nep\u0159etr\u017eit\u00e9 hry ve v\u0161ech z\u00e1pasech t\u00e9to sez\u00f3ny. Z kraje druh\u00e9ho polo\u010dasu si na\u0161\u00ed obranu rozebrala Gemma Davison a vyrovnala &#8211; <strong>2:2<\/strong>. Co\u017e n\u00e1s, tradi\u010dn\u011b, dostala do hern\u00edho \u00fatlumu. Ten ale na\u0161t\u011bst\u00ed netrval dlouho, proto\u017ee o 4 minuty pozd\u011bji si na roh nejv\u00fd\u0161e vysko\u010dila <strong>Jill Scott<\/strong> a sv\u00fdm prvn\u00edm g\u00f3lem v op\u011btovn\u00e9m evertonsk\u00e9m anga\u017em\u00e1 p\u0159ivedla karamely zp\u011bt do veden\u00ed &#8211; <strong>2:3<\/strong>. G\u00f3l vlil znovu \u017eivot do evertonsk\u00fdch \u017eil, ale st\u0159ela Christiansen postr\u00e1dala p\u0159esnost a moc p\u011bkn\u00e1 bomba Raso byla vyra\u017eena nem\u00e9n\u011b p\u011bkn\u00fdm z\u00e1krokem Mikalsen. Za dom\u00e1c\u00ed je\u0161t\u011b ne\u00fasp\u011b\u0161n\u011b hlavi\u010dkovala Zadorsky a sk\u00f3re tedy u\u017e z\u016fstalo nezm\u011bn\u011bn\u00e9.<\/p>\n<h4>Shrnut\u00ed<\/h4>\n<p>Zisk t\u0159\u00ed bod\u016f vypad\u00e1 jako \u00fasp\u011bch. Fakt, \u017ee jde o druh\u00e9 v\u00edt\u011bzstv\u00ed v posledn\u00edch deseti z\u00e1pasech u\u017e zase tak moc povzbudiv\u00fd nen\u00ed. A zp\u016fsob, jak\u00fdm Tottenham st\u0159elil oba sv\u00e9 g\u00f3ly nen\u00ed v\u016fbec dobrou vizitkou pro obranou hru cel\u00e9ho t\u00fdmu. Pat\u0159\u00ed n\u00e1m 5. m\u00edsto s 22 body, \u010d\u00edm\u017e jsme se odpoutali od Readingu, kter\u00fd m\u00e1 o z\u00e1pas v\u00edce a bod\u016f 19. P\u0159ed n\u00e1mi je ov\u0161em Arsenal s 26 body a Evropa se otv\u00edr\u00e1 a\u017e na m\u00edst\u011b t\u0159et\u00edm, kter\u00e9 moment\u00e1ln\u011b okupuje MUTD s 32 body. Ve h\u0159e je je\u0161t\u011b 24 bod\u016f. Je o co hr\u00e1t. Ale pokud to s postupem mysl\u00edme v\u00e1\u017en\u011b, mus\u00ed se na\u0161e hra podstatn\u011b zlep\u0161it. A nem\u016f\u017eeme si dovolit nejen zav\u00e1h\u00e1n\u00ed s outsiderem, ale mus\u00edme obrat o body i favority. Jak, to si m\u016f\u017eeme vyzkou\u0161et v ned\u011bli 7.3. od 15:00 na Academy Stadium, kde se op\u011bt utk\u00e1me s Manchester City. Come on, you blue girls!<\/p>\n<p style=\"text-align: right;\"><span style=\"font-size: 8pt;\"><em>(fotozdroj: https:\/\/twitter.com\/EvertonWomen)<\/em><\/span><\/p>\n<p><strong>G\u00f3ly: <\/strong>Addison (35\u2019), Davison (57\u2019) &#8211; Gauvin (6\u2019 (p), 18\u00b4 (p)), Scott (60\u2019)<\/p>\n<p><strong>\u017dK: <\/strong>Kennedy (18\u00b4) &#8211; Stringer (37\u00b4), Sevecke (66\u00b4)<\/p>\n<p><strong>Tottenham Hotspur (4-4-2):<\/strong> Mikalsen &#8211; Harrop, Zadorsky (c), McManus, Morgan &#8211; Addison (75\u00b4 Dean), Percival, Kennedy,\u00a0 Davison (62\u00b4Naz, 90\u00b4Peplow) &#8211; Graham,\u00a0 Ayane (75\u00b4 Quinn)<\/p>\n<p><strong>Everton (4-1-4-1):<\/strong> MacIver &#8211; Turner (c), Sevcke, Finnigan (46\u00b4George), Moe Wold &#8211; Stringer (46\u00b4 Clemaron)- S\u00f8rensen, Christiansen, Scott,\u00a0 Emslie (66\u00b4 Raso) &#8211; Gauvin (66\u00b4 Magill)<\/p>\n<p><strong>Rozhod\u010dee:<\/strong>\u00a0Abigail Byrne<\/p>\n","protected":false},"excerpt":{"rendered":"<p>V\u00fdlet do Lond\u00fdna n\u00e1m nakonec p\u0159inesl v\u0161echny t\u0159i body. Mohla to b\u00fdt pohodov\u00e1 z\u00e1le\u017eitost, ale Everton \u0159ekl &#8222;Ne!&#8220;<\/p>\n","protected":false},"author":26,"featured_media":14402,"comment_status":"open","ping_status":"closed","sticky":false,"template":"","format":"standard","meta":{"_eb_attr":"","_monsterinsights_skip_tracking":false,"_monsterinsights_sitenote_active":false,"_monsterinsights_sitenote_note":"","_monsterinsights_sitenote_category":0,"footnotes":""},"categories":[110],"tags":[],"yoast_head":"<!-- This site is optimized with the Yoast SEO plugin v23.4 - https:\/\/yoast.com\/wordpress\/plugins\/seo\/ -->\n<title>Tottenham W - Everton W 2:3 - Official Czech &amp; Slovak Everton Supporters&#039; Club<\/title>\n<meta name=\"robots\" content=\"index, follow, max-snippet:-1, max-image-preview:large, max-video-preview:-1\" \/>\n<link rel=\"canonical\" href=\"https:\/\/evertonfc.cz\/index.php\/2021\/03\/01\/tottenham-w-everton-w-23\/\" \/>\n<meta property=\"og:locale\" content=\"cs_CZ\" \/>\n<meta property=\"og:type\" content=\"article\" \/>\n<meta property=\"og:title\" content=\"Tottenham W - Everton W 2:3 - Official Czech &amp; Slovak Everton Supporters&#039; Club\" \/>\n<meta property=\"og:description\" content=\"V\u00fdlet do Lond\u00fdna n\u00e1m nakonec p\u0159inesl v\u0161echny t\u0159i body. Mohla to b\u00fdt pohodov\u00e1 z\u00e1le\u017eitost, ale Everton \u0159ekl &quot;Ne!&quot;\" \/>\n<meta property=\"og:url\" content=\"https:\/\/evertonfc.cz\/index.php\/2021\/03\/01\/tottenham-w-everton-w-23\/\" \/>\n<meta property=\"og:site_name\" content=\"Official Czech &amp; Slovak Everton Supporters&#039; Club\" \/>\n<meta property=\"article:publisher\" content=\"https:\/\/www.facebook.com\/everton.fans.cz.sk\" \/>\n<meta property=\"article:published_time\" content=\"2021-03-01T22:15:38+00:00\" \/>\n<meta property=\"article:modified_time\" content=\"2021-03-04T18:01:10+00:00\" \/>\n<meta property=\"og:image\" content=\"https:\/\/evertonfc.cz\/wp-content\/uploads\/2021\/03\/Kirk_vs_Spurs_28_02_21_web.jpg\" \/>\n\t<meta property=\"og:image:width\" content=\"720\" \/>\n\t<meta property=\"og:image:height\" content=\"405\" \/>\n\t<meta property=\"og:image:type\" content=\"image\/jpeg\" \/>\n<meta name=\"author\" content=\"Karamela\" \/>\n<meta name=\"twitter:card\" content=\"summary_large_image\" \/>\n<meta name=\"twitter:label1\" content=\"Napsal(a)\" \/>\n\t<meta name=\"twitter:data1\" content=\"Karamela\" \/>\n\t<meta name=\"twitter:label2\" content=\"Odhadovan\u00e1 doba \u010dten\u00ed\" \/>\n\t<meta name=\"twitter:data2\" content=\"3 minuty\" \/>\n<script type=\"application\/ld+json\" class=\"yoast-schema-graph\">{\"@context\":\"https:\/\/schema.org\",\"@graph\":[{\"@type\":\"Article\",\"@id\":\"https:\/\/evertonfc.cz\/index.php\/2021\/03\/01\/tottenham-w-everton-w-23\/#article\",\"isPartOf\":{\"@id\":\"https:\/\/evertonfc.cz\/index.php\/2021\/03\/01\/tottenham-w-everton-w-23\/\"},\"author\":{\"name\":\"Karamela\",\"@id\":\"https:\/\/evertonfc.cz\/#\/schema\/person\/e9a24a80a32efa1344dd2c4e5882185c\"},\"headline\":\"Tottenham W &#8211; Everton W 2:3\",\"datePublished\":\"2021-03-01T22:15:38+00:00\",\"dateModified\":\"2021-03-04T18:01:10+00:00\",\"mainEntityOfPage\":{\"@id\":\"https:\/\/evertonfc.cz\/index.php\/2021\/03\/01\/tottenham-w-everton-w-23\/\"},\"wordCount\":863,\"commentCount\":4,\"publisher\":{\"@id\":\"https:\/\/evertonfc.cz\/#organization\"},\"image\":{\"@id\":\"https:\/\/evertonfc.cz\/index.php\/2021\/03\/01\/tottenham-w-everton-w-23\/#primaryimage\"},\"thumbnailUrl\":\"https:\/\/evertonfc.cz\/wp-content\/uploads\/2021\/03\/Kirk_vs_Spurs_28_02_21_web.jpg\",\"articleSection\":[\"Everton Women\"],\"inLanguage\":\"cs\",\"potentialAction\":[{\"@type\":\"CommentAction\",\"name\":\"Comment\",\"target\":[\"https:\/\/evertonfc.cz\/index.php\/2021\/03\/01\/tottenham-w-everton-w-23\/#respond\"]}]},{\"@type\":\"WebPage\",\"@id\":\"https:\/\/evertonfc.cz\/index.php\/2021\/03\/01\/tottenham-w-everton-w-23\/\",\"url\":\"https:\/\/evertonfc.cz\/index.php\/2021\/03\/01\/tottenham-w-everton-w-23\/\",\"name\":\"Tottenham W - Everton W 2:3 - Official Czech &amp; Slovak Everton Supporters&#039; Club\",\"isPartOf\":{\"@id\":\"https:\/\/evertonfc.cz\/#website\"},\"primaryImageOfPage\":{\"@id\":\"https:\/\/evertonfc.cz\/index.php\/2021\/03\/01\/tottenham-w-everton-w-23\/#primaryimage\"},\"image\":{\"@id\":\"https:\/\/evertonfc.cz\/index.php\/2021\/03\/01\/tottenham-w-everton-w-23\/#primaryimage\"},\"thumbnailUrl\":\"https:\/\/evertonfc.cz\/wp-content\/uploads\/2021\/03\/Kirk_vs_Spurs_28_02_21_web.jpg\",\"datePublished\":\"2021-03-01T22:15:38+00:00\",\"dateModified\":\"2021-03-04T18:01:10+00:00\",\"breadcrumb\":{\"@id\":\"https:\/\/evertonfc.cz\/index.php\/2021\/03\/01\/tottenham-w-everton-w-23\/#breadcrumb\"},\"inLanguage\":\"cs\",\"potentialAction\":[{\"@type\":\"ReadAction\",\"target\":[\"https:\/\/evertonfc.cz\/index.php\/2021\/03\/01\/tottenham-w-everton-w-23\/\"]}]},{\"@type\":\"ImageObject\",\"inLanguage\":\"cs\",\"@id\":\"https:\/\/evertonfc.cz\/index.php\/2021\/03\/01\/tottenham-w-everton-w-23\/#primaryimage\",\"url\":\"https:\/\/evertonfc.cz\/wp-content\/uploads\/2021\/03\/Kirk_vs_Spurs_28_02_21_web.jpg\",\"contentUrl\":\"https:\/\/evertonfc.cz\/wp-content\/uploads\/2021\/03\/Kirk_vs_Spurs_28_02_21_web.jpg\",\"width\":720,\"height\":405},{\"@type\":\"BreadcrumbList\",\"@id\":\"https:\/\/evertonfc.cz\/index.php\/2021\/03\/01\/tottenham-w-everton-w-23\/#breadcrumb\",\"itemListElement\":[{\"@type\":\"ListItem\",\"position\":1,\"name\":\"Home\",\"item\":\"https:\/\/evertonfc.cz\/\"},{\"@type\":\"ListItem\",\"position\":2,\"name\":\"Tottenham W &#8211; Everton W 2:3\"}]},{\"@type\":\"WebSite\",\"@id\":\"https:\/\/evertonfc.cz\/#website\",\"url\":\"https:\/\/evertonfc.cz\/\",\"name\":\"Official Czech &amp; Slovak Everton Supporters&#039; Club\",\"description\":\"\",\"publisher\":{\"@id\":\"https:\/\/evertonfc.cz\/#organization\"},\"potentialAction\":[{\"@type\":\"SearchAction\",\"target\":{\"@type\":\"EntryPoint\",\"urlTemplate\":\"https:\/\/evertonfc.cz\/?s={search_term_string}\"},\"query-input\":{\"@type\":\"PropertyValueSpecification\",\"valueRequired\":true,\"valueName\":\"search_term_string\"}}],\"inLanguage\":\"cs\"},{\"@type\":\"Organization\",\"@id\":\"https:\/\/evertonfc.cz\/#organization\",\"name\":\"Official Czech & Slovak Everton Supporters' Club\",\"url\":\"https:\/\/evertonfc.cz\/\",\"logo\":{\"@type\":\"ImageObject\",\"inLanguage\":\"cs\",\"@id\":\"https:\/\/evertonfc.cz\/#\/schema\/logo\/image\/\",\"url\":\"https:\/\/evertonfc.cz\/wp-content\/uploads\/2019\/05\/logo.png\",\"contentUrl\":\"https:\/\/evertonfc.cz\/wp-content\/uploads\/2019\/05\/logo.png\",\"width\":112,\"height\":112,\"caption\":\"Official Czech & Slovak Everton Supporters' Club\"},\"image\":{\"@id\":\"https:\/\/evertonfc.cz\/#\/schema\/logo\/image\/\"},\"sameAs\":[\"https:\/\/www.facebook.com\/everton.fans.cz.sk\"]},{\"@type\":\"Person\",\"@id\":\"https:\/\/evertonfc.cz\/#\/schema\/person\/e9a24a80a32efa1344dd2c4e5882185c\",\"name\":\"Karamela\",\"url\":\"https:\/\/evertonfc.cz\/index.php\/author\/karamela\/\"}]}<\/script>\n<!-- \/ Yoast SEO plugin. -->","yoast_head_json":{"title":"Tottenham W - Everton W 2:3 - Official Czech &amp; Slovak Everton Supporters&#039; Club","robots":{"index":"index","follow":"follow","max-snippet":"max-snippet:-1","max-image-preview":"max-image-preview:large","max-video-preview":"max-video-preview:-1"},"canonical":"https:\/\/evertonfc.cz\/index.php\/2021\/03\/01\/tottenham-w-everton-w-23\/","og_locale":"cs_CZ","og_type":"article","og_title":"Tottenham W - Everton W 2:3 - Official Czech &amp; Slovak Everton Supporters&#039; Club","og_description":"V\u00fdlet do Lond\u00fdna n\u00e1m nakonec p\u0159inesl v\u0161echny t\u0159i body. Mohla to b\u00fdt pohodov\u00e1 z\u00e1le\u017eitost, ale Everton \u0159ekl \"Ne!\"","og_url":"https:\/\/evertonfc.cz\/index.php\/2021\/03\/01\/tottenham-w-everton-w-23\/","og_site_name":"Official Czech &amp; Slovak Everton Supporters&#039; Club","article_publisher":"https:\/\/www.facebook.com\/everton.fans.cz.sk","article_published_time":"2021-03-01T22:15:38+00:00","article_modified_time":"2021-03-04T18:01:10+00:00","og_image":[{"width":720,"height":405,"url":"https:\/\/evertonfc.cz\/wp-content\/uploads\/2021\/03\/Kirk_vs_Spurs_28_02_21_web.jpg","type":"image\/jpeg"}],"author":"Karamela","twitter_card":"summary_large_image","twitter_misc":{"Napsal(a)":"Karamela","Odhadovan\u00e1 doba \u010dten\u00ed":"3 minuty"},"schema":{"@context":"https:\/\/schema.org","@graph":[{"@type":"Article","@id":"https:\/\/evertonfc.cz\/index.php\/2021\/03\/01\/tottenham-w-everton-w-23\/#article","isPartOf":{"@id":"https:\/\/evertonfc.cz\/index.php\/2021\/03\/01\/tottenham-w-everton-w-23\/"},"author":{"name":"Karamela","@id":"https:\/\/evertonfc.cz\/#\/schema\/person\/e9a24a80a32efa1344dd2c4e5882185c"},"headline":"Tottenham W &#8211; Everton W 2:3","datePublished":"2021-03-01T22:15:38+00:00","dateModified":"2021-03-04T18:01:10+00:00","mainEntityOfPage":{"@id":"https:\/\/evertonfc.cz\/index.php\/2021\/03\/01\/tottenham-w-everton-w-23\/"},"wordCount":863,"commentCount":4,"publisher":{"@id":"https:\/\/evertonfc.cz\/#organization"},"image":{"@id":"https:\/\/evertonfc.cz\/index.php\/2021\/03\/01\/tottenham-w-everton-w-23\/#primaryimage"},"thumbnailUrl":"https:\/\/evertonfc.cz\/wp-content\/uploads\/2021\/03\/Kirk_vs_Spurs_28_02_21_web.jpg","articleSection":["Everton Women"],"inLanguage":"cs","potentialAction":[{"@type":"CommentAction","name":"Comment","target":["https:\/\/evertonfc.cz\/index.php\/2021\/03\/01\/tottenham-w-everton-w-23\/#respond"]}]},{"@type":"WebPage","@id":"https:\/\/evertonfc.cz\/index.php\/2021\/03\/01\/tottenham-w-everton-w-23\/","url":"https:\/\/evertonfc.cz\/index.php\/2021\/03\/01\/tottenham-w-everton-w-23\/","name":"Tottenham W - Everton W 2:3 - Official Czech &amp; Slovak Everton Supporters&#039; Club","isPartOf":{"@id":"https:\/\/evertonfc.cz\/#website"},"primaryImageOfPage":{"@id":"https:\/\/evertonfc.cz\/index.php\/2021\/03\/01\/tottenham-w-everton-w-23\/#primaryimage"},"image":{"@id":"https:\/\/evertonfc.cz\/index.php\/2021\/03\/01\/tottenham-w-everton-w-23\/#primaryimage"},"thumbnailUrl":"https:\/\/evertonfc.cz\/wp-content\/uploads\/2021\/03\/Kirk_vs_Spurs_28_02_21_web.jpg","datePublished":"2021-03-01T22:15:38+00:00","dateModified":"2021-03-04T18:01:10+00:00","breadcrumb":{"@id":"https:\/\/evertonfc.cz\/index.php\/2021\/03\/01\/tottenham-w-everton-w-23\/#breadcrumb"},"inLanguage":"cs","potentialAction":[{"@type":"ReadAction","target":["https:\/\/evertonfc.cz\/index.php\/2021\/03\/01\/tottenham-w-everton-w-23\/"]}]},{"@type":"ImageObject","inLanguage":"cs","@id":"https:\/\/evertonfc.cz\/index.php\/2021\/03\/01\/tottenham-w-everton-w-23\/#primaryimage","url":"https:\/\/evertonfc.cz\/wp-content\/uploads\/2021\/03\/Kirk_vs_Spurs_28_02_21_web.jpg","contentUrl":"https:\/\/evertonfc.cz\/wp-content\/uploads\/2021\/03\/Kirk_vs_Spurs_28_02_21_web.jpg","width":720,"height":405},{"@type":"BreadcrumbList","@id":"https:\/\/evertonfc.cz\/index.php\/2021\/03\/01\/tottenham-w-everton-w-23\/#breadcrumb","itemListElement":[{"@type":"ListItem","position":1,"name":"Home","item":"https:\/\/evertonfc.cz\/"},{"@type":"ListItem","position":2,"name":"Tottenham W &#8211; Everton W 2:3"}]},{"@type":"WebSite","@id":"https:\/\/evertonfc.cz\/#website","url":"https:\/\/evertonfc.cz\/","name":"Official Czech &amp; Slovak Everton Supporters&#039; Club","description":"","publisher":{"@id":"https:\/\/evertonfc.cz\/#organization"},"potentialAction":[{"@type":"SearchAction","target":{"@type":"EntryPoint","urlTemplate":"https:\/\/evertonfc.cz\/?s={search_term_string}"},"query-input":{"@type":"PropertyValueSpecification","valueRequired":true,"valueName":"search_term_string"}}],"inLanguage":"cs"},{"@type":"Organization","@id":"https:\/\/evertonfc.cz\/#organization","name":"Official Czech & Slovak Everton Supporters' Club","url":"https:\/\/evertonfc.cz\/","logo":{"@type":"ImageObject","inLanguage":"cs","@id":"https:\/\/evertonfc.cz\/#\/schema\/logo\/image\/","url":"https:\/\/evertonfc.cz\/wp-content\/uploads\/2019\/05\/logo.png","contentUrl":"https:\/\/evertonfc.cz\/wp-content\/uploads\/2019\/05\/logo.png","width":112,"height":112,"caption":"Official Czech & Slovak Everton Supporters' Club"},"image":{"@id":"https:\/\/evertonfc.cz\/#\/schema\/logo\/image\/"},"sameAs":["https:\/\/www.facebook.com\/everton.fans.cz.sk"]},{"@type":"Person","@id":"https:\/\/evertonfc.cz\/#\/schema\/person\/e9a24a80a32efa1344dd2c4e5882185c","name":"Karamela","url":"https:\/\/evertonfc.cz\/index.php\/author\/karamela\/"}]}},"_links":{"self":[{"href":"https:\/\/evertonfc.cz\/index.php\/wp-json\/wp\/v2\/posts\/14400"}],"collection":[{"href":"https:\/\/evertonfc.cz\/index.php\/wp-json\/wp\/v2\/posts"}],"about":[{"href":"https:\/\/evertonfc.cz\/index.php\/wp-json\/wp\/v2\/types\/post"}],"author":[{"embeddable":true,"href":"https:\/\/evertonfc.cz\/index.php\/wp-json\/wp\/v2\/users\/26"}],"replies":[{"embeddable":true,"href":"https:\/\/evertonfc.cz\/index.php\/wp-json\/wp\/v2\/comments?post=14400"}],"version-history":[{"count":14,"href":"https:\/\/evertonfc.cz\/index.php\/wp-json\/wp\/v2\/posts\/14400\/revisions"}],"predecessor-version":[{"id":14476,"href":"https:\/\/evertonfc.cz\/index.php\/wp-json\/wp\/v2\/posts\/14400\/revisions\/14476"}],"wp:featuredmedia":[{"embeddable":true,"href":"https:\/\/evertonfc.cz\/index.php\/wp-json\/wp\/v2\/media\/14402"}],"wp:attachment":[{"href":"https:\/\/evertonfc.cz\/index.php\/wp-json\/wp\/v2\/media?parent=14400"}],"wp:term":[{"taxonomy":"category","embeddable":true,"href":"https:\/\/evertonfc.cz\/index.php\/wp-json\/wp\/v2\/categories?post=14400"},{"taxonomy":"post_tag","embeddable":true,"href":"https:\/\/evertonfc.cz\/index.php\/wp-json\/wp\/v2\/tags?post=14400"}],"curies":[{"name":"wp","href":"https:\/\/api.w.org\/{rel}","templated":true}]}}