{"id":1442,"date":"2018-12-17T21:56:46","date_gmt":"2018-12-17T20:56:46","guid":{"rendered":"http:\/\/evertonfc.cz\/?p=1442"},"modified":"2019-02-10T15:42:40","modified_gmt":"2019-02-10T14:42:40","slug":"davies-zcela-urcite-neodejde-na-hostovani","status":"publish","type":"post","link":"https:\/\/evertonfc.cz\/index.php\/2018\/12\/17\/davies-zcela-urcite-neodejde-na-hostovani\/","title":{"rendered":"Davies zcela ur\u010dit\u011b neodejde na hostov\u00e1n\u00ed"},"content":{"rendered":"<h4>Mana\u017eer Marco Silva odm\u00edtl spekulace, \u017ee by Tom Davies ode\u0161el v druh\u00e9 polovin\u011b sez\u00f3n\u011b na hostov\u00e1n\u00ed. Dvacetilet\u00fd st\u0159edn\u00ed z\u00e1lo\u017en\u00edk pr\u00fd i p\u0159es men\u0161\u00ed hern\u00ed vyt\u00ed\u017eenost z\u016fst\u00e1v\u00e1 d\u016fle\u017eit\u00fdm \u010dlenem k\u00e1dru. Odli\u0161n\u00e1 situace v\u0161ak panuje ohledn\u011b nejbli\u017e\u0161\u00ed budoucnosti Masona Holgatea a Kierana Dowella.<\/h4>\n<p>Davies v aktu\u00e1ln\u00edm ro\u010dn\u00edku odehr\u00e1l dev\u011bt sout\u011b\u017en\u00edch z\u00e1pas\u016f, ov\u0161em mezi posledn\u00edm v sobotn\u00edm utk\u00e1n\u00ed s Manchesterem City a p\u0159edposledn\u00edm vysed\u00e1val na lavi\u010dce cel\u00e9 dva m\u011bs\u00edce, a tak se z\u00e1konit\u011b vyrojily spekulace o jeho do\u010dasn\u00e9m odchodu. Ty v\u0161ak portugalsk\u00fd strat\u00e9g r\u00e1zn\u011b pop\u0159el<em>: \u201eV \u017e\u00e1dn\u00e9m p\u0159\u00edpadn\u011b. Nemo\u017en\u00e9. V \u017e\u00e1dn\u00e9m p\u0159\u00edpad\u011b.<\/em><\/p>\n<p><em>Tom je sou\u010d\u00e1st\u00ed na\u0161eho k\u00e1dru. Osobn\u011b ho pova\u017euji za d\u016fle\u017eit\u00e9ho hr\u00e1\u010de a stejn\u011b sm\u00fd\u0161l\u00ed v\u0161ichni v klubu. P\u0159edstavuje sou\u010dasnost a budoucnost Evertonu.<\/em><\/p>\n<p><em>V\u00edm, \u017ee v posledn\u00edch duelech nenastupoval, nen\u00ed to ale jeho chyba. D\u016fvodem je, \u017ee hr\u00e1\u010di na jeho pozici pod\u00e1vaj\u00ed dobr\u00e9 v\u00fdkony. Kdy\u017e jsem se poprv\u00e9 rozhodl ho v z\u00e1kladn\u00ed sestav\u011b (utk\u00e1n\u00ed s Crystalem Palace) nahradit Andrem Gomesem, Tomovy v\u00fdkony se zlep\u0161ovaly.<\/em><\/p>\n<p><em>V p\u0159edch\u00e1zej\u00edc\u00edm z\u00e1pase s Leicesterem se mu da\u0159ilo, neposadil jsem Toma na z\u00e1klad\u011b jeho v\u00fdkon\u016f, ale z taktick\u00fdch d\u016fvod\u016f. P\u0159edpokl\u00e1dal jsem, \u017ee Crystal Palace bude praktikovat ur\u010dit\u00fd zp\u016fsob hry, co\u017e se nakonec potvrdilo.<\/em><\/p>\n<p><em>Tom tvrd\u011b pracuje a je p\u0159ipraven nastoupit, pokud tak rozhodnu.\u201c<\/em><\/p>\n<p>Mnohem pravd\u011bpodobn\u011bj\u0161\u00ed variantou je hostov\u00e1n\u00ed jin\u00fdch mlad\u00fdch hr\u00e1\u010d\u016f \u2013 Masona Holgatea a Kierana Dowella. Holgate pat\u0159il do z\u00e1kladn\u00ed sestavy od za\u010d\u00e1tku sez\u00f3ny do z\u00e1\u0159\u00ed, s\u00a0aklimatizac\u00ed letn\u00edch posil Zoumy a Miny byl ale vytla\u010den a\u017e na tribunu. O 22let\u00e9ho obr\u00e1nce \u00fadajn\u011b stoj\u00ed n\u011bkter\u00e9 t\u00fdmy z\u00a0doln\u00edch pater Premier League a tak\u00e9 p\u0159edn\u00ed mu\u017estva z\u00a0druh\u00e9 ligy.<\/p>\n<p>Dowell dokonce v\u00a0leto\u0161n\u00ed ligov\u00e9m ro\u010dn\u00edku neodehr\u00e1l ani minutu a v nabit\u00e9 konkurenci si jedin\u00e9 dva starty p\u0159ipsal v\u00a0Ligov\u00e9m poh\u00e1ru. Jeho jm\u00e9no se v\u00a0m\u00e9di\u00edch notn\u011b sklo\u0148uje se skotsk\u00fdmi Rangers a nav\u00edc mana\u017eer glasgowsk\u00e9ho celku Steven Gerrard vysekl Dowellovi ve\u0159ejnou poklonu:\u00a0<em>\u201eKierana velmi obdivuji, vid\u011bl jsem mnoho jeho z\u00e1pas\u016f. V sou\u010dasnosti je ale hr\u00e1\u010dem Evertonu, tak\u017ee v\u00edce \u0159\u00edct nemohu. Ka\u017edop\u00e1dn\u011b ano, jsem jeho obdivovatelem.\u201c<\/em><\/p>\n","protected":false},"excerpt":{"rendered":"<p>Mana\u017eer Marco Silva odm\u00edtl spekulace, \u017ee by Tom Davies ode\u0161el v druh\u00e9 polovin\u011b sez\u00f3n\u011b na hostov\u00e1n\u00ed. Dvacetilet\u00fd st\u0159edn\u00ed z\u00e1lo\u017en\u00edk pr\u00fd&hellip;<\/p>\n","protected":false},"author":6,"featured_media":1423,"comment_status":"open","ping_status":"closed","sticky":false,"template":"","format":"standard","meta":{"_eb_attr":"","_monsterinsights_skip_tracking":false,"_monsterinsights_sitenote_active":false,"_monsterinsights_sitenote_note":"","_monsterinsights_sitenote_category":0,"footnotes":""},"categories":[1],"tags":[],"yoast_head":"<!-- This site is optimized with the Yoast SEO plugin v23.4 - https:\/\/yoast.com\/wordpress\/plugins\/seo\/ -->\n<title>Davies zcela ur\u010dit\u011b neodejde na hostov\u00e1n\u00ed - Official Czech &amp; Slovak Everton Supporters&#039; Club<\/title>\n<meta name=\"robots\" content=\"index, follow, max-snippet:-1, max-image-preview:large, max-video-preview:-1\" \/>\n<link rel=\"canonical\" href=\"https:\/\/evertonfc.cz\/index.php\/2018\/12\/17\/davies-zcela-urcite-neodejde-na-hostovani\/\" \/>\n<meta property=\"og:locale\" content=\"cs_CZ\" \/>\n<meta property=\"og:type\" content=\"article\" \/>\n<meta property=\"og:title\" content=\"Davies zcela ur\u010dit\u011b neodejde na hostov\u00e1n\u00ed - Official Czech &amp; Slovak Everton Supporters&#039; Club\" \/>\n<meta property=\"og:description\" content=\"Mana\u017eer Marco Silva odm\u00edtl spekulace, \u017ee by Tom Davies ode\u0161el v druh\u00e9 polovin\u011b sez\u00f3n\u011b na hostov\u00e1n\u00ed. Dvacetilet\u00fd st\u0159edn\u00ed z\u00e1lo\u017en\u00edk pr\u00fd&hellip;\" \/>\n<meta property=\"og:url\" content=\"https:\/\/evertonfc.cz\/index.php\/2018\/12\/17\/davies-zcela-urcite-neodejde-na-hostovani\/\" \/>\n<meta property=\"og:site_name\" content=\"Official Czech &amp; Slovak Everton Supporters&#039; Club\" \/>\n<meta property=\"article:publisher\" content=\"https:\/\/www.facebook.com\/everton.fans.cz.sk\" \/>\n<meta property=\"article:published_time\" content=\"2018-12-17T20:56:46+00:00\" \/>\n<meta property=\"article:modified_time\" content=\"2019-02-10T14:42:40+00:00\" \/>\n<meta property=\"og:image\" content=\"https:\/\/evertonfc.cz\/wp-content\/uploads\/2019\/01\/davies_17_12_2018.jpg\" \/>\n\t<meta property=\"og:image:width\" content=\"720\" \/>\n\t<meta property=\"og:image:height\" content=\"405\" \/>\n\t<meta property=\"og:image:type\" content=\"image\/jpeg\" \/>\n<meta name=\"author\" content=\"Ri\u010di\" \/>\n<meta name=\"twitter:card\" content=\"summary_large_image\" \/>\n<meta name=\"twitter:creator\" content=\"@rbrejsa\" \/>\n<meta name=\"twitter:label1\" content=\"Napsal(a)\" \/>\n\t<meta name=\"twitter:data1\" content=\"Ri\u010di\" \/>\n\t<meta name=\"twitter:label2\" content=\"Odhadovan\u00e1 doba \u010dten\u00ed\" \/>\n\t<meta name=\"twitter:data2\" content=\"2 minuty\" \/>\n<script type=\"application\/ld+json\" class=\"yoast-schema-graph\">{\"@context\":\"https:\/\/schema.org\",\"@graph\":[{\"@type\":\"Article\",\"@id\":\"https:\/\/evertonfc.cz\/index.php\/2018\/12\/17\/davies-zcela-urcite-neodejde-na-hostovani\/#article\",\"isPartOf\":{\"@id\":\"https:\/\/evertonfc.cz\/index.php\/2018\/12\/17\/davies-zcela-urcite-neodejde-na-hostovani\/\"},\"author\":{\"name\":\"Ri\u010di\",\"@id\":\"https:\/\/evertonfc.cz\/#\/schema\/person\/f7a5daedb2ffee98480bc70e191aaef1\"},\"headline\":\"Davies zcela ur\u010dit\u011b neodejde na hostov\u00e1n\u00ed\",\"datePublished\":\"2018-12-17T20:56:46+00:00\",\"dateModified\":\"2019-02-10T14:42:40+00:00\",\"mainEntityOfPage\":{\"@id\":\"https:\/\/evertonfc.cz\/index.php\/2018\/12\/17\/davies-zcela-urcite-neodejde-na-hostovani\/\"},\"wordCount\":453,\"commentCount\":0,\"publisher\":{\"@id\":\"https:\/\/evertonfc.cz\/#organization\"},\"image\":{\"@id\":\"https:\/\/evertonfc.cz\/index.php\/2018\/12\/17\/davies-zcela-urcite-neodejde-na-hostovani\/#primaryimage\"},\"thumbnailUrl\":\"https:\/\/evertonfc.cz\/wp-content\/uploads\/2019\/01\/davies_17_12_2018.jpg\",\"articleSection\":[\"Rozhovory\"],\"inLanguage\":\"cs\",\"potentialAction\":[{\"@type\":\"CommentAction\",\"name\":\"Comment\",\"target\":[\"https:\/\/evertonfc.cz\/index.php\/2018\/12\/17\/davies-zcela-urcite-neodejde-na-hostovani\/#respond\"]}]},{\"@type\":\"WebPage\",\"@id\":\"https:\/\/evertonfc.cz\/index.php\/2018\/12\/17\/davies-zcela-urcite-neodejde-na-hostovani\/\",\"url\":\"https:\/\/evertonfc.cz\/index.php\/2018\/12\/17\/davies-zcela-urcite-neodejde-na-hostovani\/\",\"name\":\"Davies zcela ur\u010dit\u011b neodejde na hostov\u00e1n\u00ed - Official Czech &amp; Slovak Everton Supporters&#039; Club\",\"isPartOf\":{\"@id\":\"https:\/\/evertonfc.cz\/#website\"},\"primaryImageOfPage\":{\"@id\":\"https:\/\/evertonfc.cz\/index.php\/2018\/12\/17\/davies-zcela-urcite-neodejde-na-hostovani\/#primaryimage\"},\"image\":{\"@id\":\"https:\/\/evertonfc.cz\/index.php\/2018\/12\/17\/davies-zcela-urcite-neodejde-na-hostovani\/#primaryimage\"},\"thumbnailUrl\":\"https:\/\/evertonfc.cz\/wp-content\/uploads\/2019\/01\/davies_17_12_2018.jpg\",\"datePublished\":\"2018-12-17T20:56:46+00:00\",\"dateModified\":\"2019-02-10T14:42:40+00:00\",\"breadcrumb\":{\"@id\":\"https:\/\/evertonfc.cz\/index.php\/2018\/12\/17\/davies-zcela-urcite-neodejde-na-hostovani\/#breadcrumb\"},\"inLanguage\":\"cs\",\"potentialAction\":[{\"@type\":\"ReadAction\",\"target\":[\"https:\/\/evertonfc.cz\/index.php\/2018\/12\/17\/davies-zcela-urcite-neodejde-na-hostovani\/\"]}]},{\"@type\":\"ImageObject\",\"inLanguage\":\"cs\",\"@id\":\"https:\/\/evertonfc.cz\/index.php\/2018\/12\/17\/davies-zcela-urcite-neodejde-na-hostovani\/#primaryimage\",\"url\":\"https:\/\/evertonfc.cz\/wp-content\/uploads\/2019\/01\/davies_17_12_2018.jpg\",\"contentUrl\":\"https:\/\/evertonfc.cz\/wp-content\/uploads\/2019\/01\/davies_17_12_2018.jpg\",\"width\":720,\"height\":405},{\"@type\":\"BreadcrumbList\",\"@id\":\"https:\/\/evertonfc.cz\/index.php\/2018\/12\/17\/davies-zcela-urcite-neodejde-na-hostovani\/#breadcrumb\",\"itemListElement\":[{\"@type\":\"ListItem\",\"position\":1,\"name\":\"Home\",\"item\":\"https:\/\/evertonfc.cz\/\"},{\"@type\":\"ListItem\",\"position\":2,\"name\":\"Davies zcela ur\u010dit\u011b neodejde na hostov\u00e1n\u00ed\"}]},{\"@type\":\"WebSite\",\"@id\":\"https:\/\/evertonfc.cz\/#website\",\"url\":\"https:\/\/evertonfc.cz\/\",\"name\":\"Official Czech &amp; Slovak Everton Supporters&#039; Club\",\"description\":\"\",\"publisher\":{\"@id\":\"https:\/\/evertonfc.cz\/#organization\"},\"potentialAction\":[{\"@type\":\"SearchAction\",\"target\":{\"@type\":\"EntryPoint\",\"urlTemplate\":\"https:\/\/evertonfc.cz\/?s={search_term_string}\"},\"query-input\":{\"@type\":\"PropertyValueSpecification\",\"valueRequired\":true,\"valueName\":\"search_term_string\"}}],\"inLanguage\":\"cs\"},{\"@type\":\"Organization\",\"@id\":\"https:\/\/evertonfc.cz\/#organization\",\"name\":\"Official Czech & Slovak Everton Supporters' Club\",\"url\":\"https:\/\/evertonfc.cz\/\",\"logo\":{\"@type\":\"ImageObject\",\"inLanguage\":\"cs\",\"@id\":\"https:\/\/evertonfc.cz\/#\/schema\/logo\/image\/\",\"url\":\"https:\/\/evertonfc.cz\/wp-content\/uploads\/2019\/05\/logo.png\",\"contentUrl\":\"https:\/\/evertonfc.cz\/wp-content\/uploads\/2019\/05\/logo.png\",\"width\":112,\"height\":112,\"caption\":\"Official Czech & Slovak Everton Supporters' Club\"},\"image\":{\"@id\":\"https:\/\/evertonfc.cz\/#\/schema\/logo\/image\/\"},\"sameAs\":[\"https:\/\/www.facebook.com\/everton.fans.cz.sk\"]},{\"@type\":\"Person\",\"@id\":\"https:\/\/evertonfc.cz\/#\/schema\/person\/f7a5daedb2ffee98480bc70e191aaef1\",\"name\":\"Ri\u010di\",\"sameAs\":[\"https:\/\/x.com\/rbrejsa\"],\"url\":\"https:\/\/evertonfc.cz\/index.php\/author\/rici\/\"}]}<\/script>\n<!-- \/ Yoast SEO plugin. -->","yoast_head_json":{"title":"Davies zcela ur\u010dit\u011b neodejde na hostov\u00e1n\u00ed - Official Czech &amp; Slovak Everton Supporters&#039; Club","robots":{"index":"index","follow":"follow","max-snippet":"max-snippet:-1","max-image-preview":"max-image-preview:large","max-video-preview":"max-video-preview:-1"},"canonical":"https:\/\/evertonfc.cz\/index.php\/2018\/12\/17\/davies-zcela-urcite-neodejde-na-hostovani\/","og_locale":"cs_CZ","og_type":"article","og_title":"Davies zcela ur\u010dit\u011b neodejde na hostov\u00e1n\u00ed - Official Czech &amp; Slovak Everton Supporters&#039; Club","og_description":"Mana\u017eer Marco Silva odm\u00edtl spekulace, \u017ee by Tom Davies ode\u0161el v druh\u00e9 polovin\u011b sez\u00f3n\u011b na hostov\u00e1n\u00ed. Dvacetilet\u00fd st\u0159edn\u00ed z\u00e1lo\u017en\u00edk pr\u00fd&hellip;","og_url":"https:\/\/evertonfc.cz\/index.php\/2018\/12\/17\/davies-zcela-urcite-neodejde-na-hostovani\/","og_site_name":"Official Czech &amp; Slovak Everton Supporters&#039; Club","article_publisher":"https:\/\/www.facebook.com\/everton.fans.cz.sk","article_published_time":"2018-12-17T20:56:46+00:00","article_modified_time":"2019-02-10T14:42:40+00:00","og_image":[{"width":720,"height":405,"url":"https:\/\/evertonfc.cz\/wp-content\/uploads\/2019\/01\/davies_17_12_2018.jpg","type":"image\/jpeg"}],"author":"Ri\u010di","twitter_card":"summary_large_image","twitter_creator":"@rbrejsa","twitter_misc":{"Napsal(a)":"Ri\u010di","Odhadovan\u00e1 doba \u010dten\u00ed":"2 minuty"},"schema":{"@context":"https:\/\/schema.org","@graph":[{"@type":"Article","@id":"https:\/\/evertonfc.cz\/index.php\/2018\/12\/17\/davies-zcela-urcite-neodejde-na-hostovani\/#article","isPartOf":{"@id":"https:\/\/evertonfc.cz\/index.php\/2018\/12\/17\/davies-zcela-urcite-neodejde-na-hostovani\/"},"author":{"name":"Ri\u010di","@id":"https:\/\/evertonfc.cz\/#\/schema\/person\/f7a5daedb2ffee98480bc70e191aaef1"},"headline":"Davies zcela ur\u010dit\u011b neodejde na hostov\u00e1n\u00ed","datePublished":"2018-12-17T20:56:46+00:00","dateModified":"2019-02-10T14:42:40+00:00","mainEntityOfPage":{"@id":"https:\/\/evertonfc.cz\/index.php\/2018\/12\/17\/davies-zcela-urcite-neodejde-na-hostovani\/"},"wordCount":453,"commentCount":0,"publisher":{"@id":"https:\/\/evertonfc.cz\/#organization"},"image":{"@id":"https:\/\/evertonfc.cz\/index.php\/2018\/12\/17\/davies-zcela-urcite-neodejde-na-hostovani\/#primaryimage"},"thumbnailUrl":"https:\/\/evertonfc.cz\/wp-content\/uploads\/2019\/01\/davies_17_12_2018.jpg","articleSection":["Rozhovory"],"inLanguage":"cs","potentialAction":[{"@type":"CommentAction","name":"Comment","target":["https:\/\/evertonfc.cz\/index.php\/2018\/12\/17\/davies-zcela-urcite-neodejde-na-hostovani\/#respond"]}]},{"@type":"WebPage","@id":"https:\/\/evertonfc.cz\/index.php\/2018\/12\/17\/davies-zcela-urcite-neodejde-na-hostovani\/","url":"https:\/\/evertonfc.cz\/index.php\/2018\/12\/17\/davies-zcela-urcite-neodejde-na-hostovani\/","name":"Davies zcela ur\u010dit\u011b neodejde na hostov\u00e1n\u00ed - Official Czech &amp; Slovak Everton Supporters&#039; Club","isPartOf":{"@id":"https:\/\/evertonfc.cz\/#website"},"primaryImageOfPage":{"@id":"https:\/\/evertonfc.cz\/index.php\/2018\/12\/17\/davies-zcela-urcite-neodejde-na-hostovani\/#primaryimage"},"image":{"@id":"https:\/\/evertonfc.cz\/index.php\/2018\/12\/17\/davies-zcela-urcite-neodejde-na-hostovani\/#primaryimage"},"thumbnailUrl":"https:\/\/evertonfc.cz\/wp-content\/uploads\/2019\/01\/davies_17_12_2018.jpg","datePublished":"2018-12-17T20:56:46+00:00","dateModified":"2019-02-10T14:42:40+00:00","breadcrumb":{"@id":"https:\/\/evertonfc.cz\/index.php\/2018\/12\/17\/davies-zcela-urcite-neodejde-na-hostovani\/#breadcrumb"},"inLanguage":"cs","potentialAction":[{"@type":"ReadAction","target":["https:\/\/evertonfc.cz\/index.php\/2018\/12\/17\/davies-zcela-urcite-neodejde-na-hostovani\/"]}]},{"@type":"ImageObject","inLanguage":"cs","@id":"https:\/\/evertonfc.cz\/index.php\/2018\/12\/17\/davies-zcela-urcite-neodejde-na-hostovani\/#primaryimage","url":"https:\/\/evertonfc.cz\/wp-content\/uploads\/2019\/01\/davies_17_12_2018.jpg","contentUrl":"https:\/\/evertonfc.cz\/wp-content\/uploads\/2019\/01\/davies_17_12_2018.jpg","width":720,"height":405},{"@type":"BreadcrumbList","@id":"https:\/\/evertonfc.cz\/index.php\/2018\/12\/17\/davies-zcela-urcite-neodejde-na-hostovani\/#breadcrumb","itemListElement":[{"@type":"ListItem","position":1,"name":"Home","item":"https:\/\/evertonfc.cz\/"},{"@type":"ListItem","position":2,"name":"Davies zcela ur\u010dit\u011b neodejde na hostov\u00e1n\u00ed"}]},{"@type":"WebSite","@id":"https:\/\/evertonfc.cz\/#website","url":"https:\/\/evertonfc.cz\/","name":"Official Czech &amp; Slovak Everton Supporters&#039; Club","description":"","publisher":{"@id":"https:\/\/evertonfc.cz\/#organization"},"potentialAction":[{"@type":"SearchAction","target":{"@type":"EntryPoint","urlTemplate":"https:\/\/evertonfc.cz\/?s={search_term_string}"},"query-input":{"@type":"PropertyValueSpecification","valueRequired":true,"valueName":"search_term_string"}}],"inLanguage":"cs"},{"@type":"Organization","@id":"https:\/\/evertonfc.cz\/#organization","name":"Official Czech & Slovak Everton Supporters' Club","url":"https:\/\/evertonfc.cz\/","logo":{"@type":"ImageObject","inLanguage":"cs","@id":"https:\/\/evertonfc.cz\/#\/schema\/logo\/image\/","url":"https:\/\/evertonfc.cz\/wp-content\/uploads\/2019\/05\/logo.png","contentUrl":"https:\/\/evertonfc.cz\/wp-content\/uploads\/2019\/05\/logo.png","width":112,"height":112,"caption":"Official Czech & Slovak Everton Supporters' Club"},"image":{"@id":"https:\/\/evertonfc.cz\/#\/schema\/logo\/image\/"},"sameAs":["https:\/\/www.facebook.com\/everton.fans.cz.sk"]},{"@type":"Person","@id":"https:\/\/evertonfc.cz\/#\/schema\/person\/f7a5daedb2ffee98480bc70e191aaef1","name":"Ri\u010di","sameAs":["https:\/\/x.com\/rbrejsa"],"url":"https:\/\/evertonfc.cz\/index.php\/author\/rici\/"}]}},"_links":{"self":[{"href":"https:\/\/evertonfc.cz\/index.php\/wp-json\/wp\/v2\/posts\/1442"}],"collection":[{"href":"https:\/\/evertonfc.cz\/index.php\/wp-json\/wp\/v2\/posts"}],"about":[{"href":"https:\/\/evertonfc.cz\/index.php\/wp-json\/wp\/v2\/types\/post"}],"author":[{"embeddable":true,"href":"https:\/\/evertonfc.cz\/index.php\/wp-json\/wp\/v2\/users\/6"}],"replies":[{"embeddable":true,"href":"https:\/\/evertonfc.cz\/index.php\/wp-json\/wp\/v2\/comments?post=1442"}],"version-history":[{"count":1,"href":"https:\/\/evertonfc.cz\/index.php\/wp-json\/wp\/v2\/posts\/1442\/revisions"}],"predecessor-version":[{"id":1443,"href":"https:\/\/evertonfc.cz\/index.php\/wp-json\/wp\/v2\/posts\/1442\/revisions\/1443"}],"wp:featuredmedia":[{"embeddable":true,"href":"https:\/\/evertonfc.cz\/index.php\/wp-json\/wp\/v2\/media\/1423"}],"wp:attachment":[{"href":"https:\/\/evertonfc.cz\/index.php\/wp-json\/wp\/v2\/media?parent=1442"}],"wp:term":[{"taxonomy":"category","embeddable":true,"href":"https:\/\/evertonfc.cz\/index.php\/wp-json\/wp\/v2\/categories?post=1442"},{"taxonomy":"post_tag","embeddable":true,"href":"https:\/\/evertonfc.cz\/index.php\/wp-json\/wp\/v2\/tags?post=1442"}],"curies":[{"name":"wp","href":"https:\/\/api.w.org\/{rel}","templated":true}]}}