{"id":1444,"date":"2018-12-16T21:58:26","date_gmt":"2018-12-16T20:58:26","guid":{"rendered":"http:\/\/evertonfc.cz\/?p=1444"},"modified":"2019-01-22T22:08:10","modified_gmt":"2019-01-22T21:08:10","slug":"manchester-city-everton-31","status":"publish","type":"post","link":"https:\/\/evertonfc.cz\/index.php\/2018\/12\/16\/manchester-city-everton-31\/","title":{"rendered":"Manchester City &#8211; Everton 3:1"},"content":{"rendered":"<h4>Pep Guardiola po z\u00e1pase:\u00a0<em>\u201eEverton si vypracoval dv\u011b, t\u0159i \u0161ance, co\u017e se v z\u00e1pasech s n\u00e1mi b\u011b\u017en\u011b nest\u00e1v\u00e1. Je to \u0161pi\u010dkov\u00fd t\u00fdm.\u201c<\/em>\u00a0\u0160pi\u010dkov\u00fd t\u00fdm, kter\u00fd ale duel na Etihad Stadium prohr\u00e1l vinou lacin\u011b inkasovan\u00fdch branek a slab\u00e9 produktivity v zakon\u010den\u00ed.<\/h4>\n<p><em>\u201eMus\u00edm up\u0159\u00edmn\u011b p\u0159iznat, \u017ee si dom\u00e1c\u00ed zaslou\u017eili t\u0159i body. Byli efektivn\u011bj\u0161\u00ed ne\u017e my. Do prvn\u00edho g\u00f3lu se hra vyv\u00edjela, jak jsme pl\u00e1novali. N\u00e1sledkem jedn\u00e9 chyby jsme v\u0161ak za\u010dali ztr\u00e1cet sebev\u011bdom\u00ed,\u201c\u00a0<\/em>zhodnotil utk\u00e1n\u00ed rovn\u011b\u017e Guardiol\u016fv prot\u011bj\u0161ek Marco Silva.<\/p>\n<p>Portugalsk\u00fd mana\u017eer se odhodlal zran\u011bn\u00e9ho kl\u00ed\u010dov\u00e9ho z\u00e1lo\u017en\u00edka Idrissu Gueyeho nahradit stoperem Zoumou, Toffees tak poprv\u00e9 v sez\u00f3n\u011b zaujali rozestaven\u00ed se t\u0159emi stopery. To znamenalo v\u00edce defenzivn\u011bj\u0161\u00edch povinnost\u00ed pro st\u0159edopola\u0159e Gomese a Sigurdssona. Na hrotu \u00fatoku dostal p\u0159\u00edle\u017eitost mlad\u00fd Calvert-Lewin, jeho\u017e z k\u0159\u00eddeln\u00edch prostor\u016f dopl\u0148ovali Brazilci Richarlison s Bernardem.<\/p>\n<p>Hra se t\u0159emi st\u0159edn\u00edmi obr\u00e1nci Manchester City opravdu p\u0159ekvapila, alespo\u0148 tedy v \u00favodu utk\u00e1n\u00ed, kdy se Everton nenech\u00e1val zatla\u010dit, a naopak si vytvo\u0159il \u0161anci, kter\u00e1 m\u011bla skon\u010dit brankou. Digne vyprodukoval p\u0159esn\u00fd centr, jen\u017e z voleje poslal zbl\u00edzka nad b\u0159evno Richarlison.<\/p>\n<p>Postupem \u010dasu se Citizens, hraj\u00edc\u00ed bez sv\u00fdch nejlep\u0161\u00edch hr\u00e1\u010d\u016f, dost\u00e1vali do spr\u00e1vn\u00e9 provozn\u00ed teploty a defenziva Evertonu musela b\u00fdt ostra\u017eit\u00e1. Po jednom z centr\u016f Keane ne\u0161\u0165astn\u011b trefil m\u00ed\u010d ve skluzu a o sekundu pozd\u011bji d\u011bkoval Pickfordovi, \u017ee m\u00ed\u010d sm\u011b\u0159uj\u00edc\u00ed do br\u00e1ny dok\u00e1zal vy\u0161kr\u00e1bnout perfektn\u00edm z\u00e1krokem. Proti dal\u0161\u00edmu zav\u00e1h\u00e1n\u00ed sv\u00e9ho spoluhr\u00e1\u010de byl u\u017e ale anglick\u00fd brank\u00e1\u0159 p\u0159ekr\u00e1tk\u00fd. Mina p\u0159ebral od Pickforda rozehr\u00e1vku od br\u00e1ny a dlouh\u00fd odkop hloup\u011b nasm\u011broval do st\u0159edu h\u0159i\u0161t\u011b, \u010d\u00edm\u017e zalo\u017eil rychl\u00fd \u00fatok soupe\u0159e do otev\u0159en\u00e9 obrany, kter\u00fd po San\u00e9ho p\u0159ihr\u00e1vce p\u0159esn\u011b zakon\u010dil Gabriel Jesus &#8211;\u00a0<strong>1:0<\/strong>.<\/p>\n<p>Do polo\u010dasov\u00e9 p\u0159est\u00e1vky Manchester City diktoval tempo hry a Toffees byli r\u00e1di, \u017ee se sk\u00f3re ji\u017e nezm\u011bnilo. Proti Mahrezov\u011b st\u0159ele pohotov\u011b zas\u00e1hl Pickford.<\/p>\n<p>P\u011bt minut po polo\u010dasov\u00e9 pauze se ale dom\u00e1c\u00ed do\u010dkali. Mina s Keanem nechali ve v\u00e1pn\u011b trestuhodn\u011b voln\u00e9ho Jesuse, jen\u017e neopovrhl San\u00e9ho centrem &#8211;\u00a0<strong>2:0<\/strong>. Silva spr\u00e1vn\u011b zareagoval st\u0159\u00edd\u00e1n\u00edm a st\u00e1hl ze h\u0159i\u0161t\u011b nev\u00fdraznou dvojici Coleman, Bernard. Zejm\u00e9na prvn\u00ed jmenovan\u00fd se po cel\u00e9 utk\u00e1n\u00ed tr\u00e1pil a nest\u00edhal pokr\u00fdvat aktivn\u00edho San\u00e9ho. Po st\u0159\u00edd\u00e1n\u00ed Everton opustil od hry se t\u0159emi stopery, jeden z nich Kurt Zouma se p\u0159esunul na prav\u00fd kraj obrany. Novicov\u00e9 Walcott a Lookman se postavili na k\u0159\u00eddla.<\/p>\n<p>Netrvalo dlouho a Silva za sv\u00e9 st\u0159\u00edd\u00e1n\u00ed sklidil ovoce. V 65. minut\u011b Gomes rozjel \u00fato\u010dnou akci, na jej\u00edm\u017e konci Dominic Calvert-Lewin uklidil hlavi\u010dkou do s\u00edt\u011b Digneho &#8211;\u00a0<strong>2:1<\/strong>. City si ale dvoug\u00f3lov\u00e9 veden\u00ed vzali brzy zp\u011bt. Dal\u0161\u00ed pochybn\u00e9 br\u00e1n\u011bn\u00ed obrany Evertonu vyu\u017eil st\u0159\u00eddaj\u00edc\u00ed Sterling, nik\u00fdm neatakov\u00e1n hlavi\u010dkou p\u0159ekonal Pickforda &#8211;\u00a0<strong>3:1<\/strong>.<\/p>\n<p>Ke cti Evertonu t\u0159eba \u0159\u00edct, \u017ee a\u017e do z\u00e1v\u011bre\u010dn\u00e9ho hvizdu nevzdal snahu zvr\u00e1tit z\u00e1pas. Na rozd\u00edl od sv\u00e9ho soupe\u0159e ale sv\u00e9 \u0161ance neprom\u011b\u0148oval. Nab\u00eddku dob\u0159e hraj\u00edc\u00edho Lookman nam\u00ed\u0159il Richarlison nad b\u0159evno a dal\u0161\u00ed p\u0159ihr\u00e1vku Lookmana neu\u017eitkoval z prostoru mal\u00e9ho v\u00e1pna ani Walcott. Za zm\u00ednku stoj\u00ed rovn\u011b\u017e p\u011bkn\u00e1 pati\u010dka Calverta-Lewina, kterou zne\u0161kodnil brank\u00e1\u0159 Ederson. Calvert-Lewin v\u0161ak potvrdil, \u017ee pokud dostane spr\u00e1vn\u00e9 m\u00ed\u010de do v\u00e1pna, dok\u00e1\u017ee se prosadit. Stejn\u011b jako st\u0159\u00eddaj\u00edc\u00ed Lookman si \u0159ekl o m\u00edsto v z\u00e1kladn\u00ed sestav\u011b v nadch\u00e1zej\u00edc\u00edm utk\u00e1n\u00ed s Tottenhamem.<\/p>\n<p>J\u00e1dro \u010deskoslovensk\u00e9ho fanklubu tak spole\u010dn\u011b v Bratislav\u011b sledovalo (o na\u0161em srazu v jin\u00e9m \u010dl\u00e1nku), jak Toffees nevyhr\u00e1li ani \u010dtvrt\u00e9 utk\u00e1n\u00ed v \u0159ad\u011b, co\u017e p\u0159edstavuje nejdel\u0161\u00ed s\u00e9rii bez t\u0159\u00edbodov\u00e9 zisku v aktu\u00e1ln\u00ed sezo\u0144\u011b.<\/p>\n<p><strong>Branky:<\/strong>\u00a022. a 50. Gabriel Jesus, 69. Raheem Sterling &#8211; 65. Dominic Calvert-Lewin<\/p>\n<p><strong>\u017dK:<\/strong>\u00a076. Fabian Delph &#8211; 19. Lucas Digne, 76. Dominic Calvert-Lewin<\/p>\n<p><strong>Manchester City:\u00a0<\/strong>Ederson, Kyle Walker, Nicol\u00e1s Otamendi, Aymeric Laporte, Fabian Delph, Bernardo Silva, Fernandinho, \u0130lkay G\u00fcndogan, Riyad Mahrez (75. Kevin De Bruyne), Leroy San\u00e9 (66. Raheem Sterling), Gabriel Jesus<\/p>\n<p><strong>Everton:\u00a0<\/strong>Jordan Pickford, S\u00e9amus Coleman (57. Theo Walcott), Kurt Zouma, Michael Keane, Yerry Mina, Lucas Digne, Gylfi Sigurdsson (81. Tom Davies), Andr\u00e9 Gomes, Bernard (57. Ademola Lookman), Dominic Calvert-Lewin, Richarlison<\/p>\n<p><strong>Rozhod\u010d\u00ed:\u00a0<\/strong>Craig Pawson<\/p>\n","protected":false},"excerpt":{"rendered":"<p>Pep Guardiola po z\u00e1pase:\u00a0\u201eEverton si vypracoval dv\u011b, t\u0159i \u0161ance, co\u017e se v z\u00e1pasech s n\u00e1mi b\u011b\u017en\u011b nest\u00e1v\u00e1. Je to \u0161pi\u010dkov\u00fd&hellip;<\/p>\n","protected":false},"author":6,"featured_media":1422,"comment_status":"open","ping_status":"closed","sticky":false,"template":"","format":"standard","meta":{"_eb_attr":"","_monsterinsights_skip_tracking":false,"_monsterinsights_sitenote_active":false,"_monsterinsights_sitenote_note":"","_monsterinsights_sitenote_category":0,"footnotes":""},"categories":[4],"tags":[],"yoast_head":"<!-- This site is optimized with the Yoast SEO plugin v23.4 - https:\/\/yoast.com\/wordpress\/plugins\/seo\/ -->\n<title>Manchester City - Everton 3:1 - Official Czech &amp; Slovak Everton Supporters&#039; Club<\/title>\n<meta name=\"robots\" content=\"index, follow, max-snippet:-1, max-image-preview:large, max-video-preview:-1\" \/>\n<link rel=\"canonical\" href=\"https:\/\/evertonfc.cz\/index.php\/2018\/12\/16\/manchester-city-everton-31\/\" \/>\n<meta property=\"og:locale\" content=\"cs_CZ\" \/>\n<meta property=\"og:type\" content=\"article\" \/>\n<meta property=\"og:title\" content=\"Manchester City - Everton 3:1 - Official Czech &amp; Slovak Everton Supporters&#039; Club\" \/>\n<meta property=\"og:description\" content=\"Pep Guardiola po z\u00e1pase:\u00a0\u201eEverton si vypracoval dv\u011b, t\u0159i \u0161ance, co\u017e se v z\u00e1pasech s n\u00e1mi b\u011b\u017en\u011b nest\u00e1v\u00e1. Je to \u0161pi\u010dkov\u00fd&hellip;\" \/>\n<meta property=\"og:url\" content=\"https:\/\/evertonfc.cz\/index.php\/2018\/12\/16\/manchester-city-everton-31\/\" \/>\n<meta property=\"og:site_name\" content=\"Official Czech &amp; Slovak Everton Supporters&#039; Club\" \/>\n<meta property=\"article:publisher\" content=\"https:\/\/www.facebook.com\/everton.fans.cz.sk\" \/>\n<meta property=\"article:published_time\" content=\"2018-12-16T20:58:26+00:00\" \/>\n<meta property=\"article:modified_time\" content=\"2019-01-22T21:08:10+00:00\" \/>\n<meta property=\"og:image\" content=\"https:\/\/evertonfc.cz\/wp-content\/uploads\/2019\/01\/city_16_12_2018.jpg\" \/>\n\t<meta property=\"og:image:width\" content=\"720\" \/>\n\t<meta property=\"og:image:height\" content=\"405\" \/>\n\t<meta property=\"og:image:type\" content=\"image\/jpeg\" \/>\n<meta name=\"author\" content=\"Ri\u010di\" \/>\n<meta name=\"twitter:card\" content=\"summary_large_image\" \/>\n<meta name=\"twitter:creator\" content=\"@rbrejsa\" \/>\n<meta name=\"twitter:label1\" content=\"Napsal(a)\" \/>\n\t<meta name=\"twitter:data1\" content=\"Ri\u010di\" \/>\n\t<meta name=\"twitter:label2\" content=\"Odhadovan\u00e1 doba \u010dten\u00ed\" \/>\n\t<meta name=\"twitter:data2\" content=\"4 minuty\" \/>\n<script type=\"application\/ld+json\" class=\"yoast-schema-graph\">{\"@context\":\"https:\/\/schema.org\",\"@graph\":[{\"@type\":\"Article\",\"@id\":\"https:\/\/evertonfc.cz\/index.php\/2018\/12\/16\/manchester-city-everton-31\/#article\",\"isPartOf\":{\"@id\":\"https:\/\/evertonfc.cz\/index.php\/2018\/12\/16\/manchester-city-everton-31\/\"},\"author\":{\"name\":\"Ri\u010di\",\"@id\":\"https:\/\/evertonfc.cz\/#\/schema\/person\/f7a5daedb2ffee98480bc70e191aaef1\"},\"headline\":\"Manchester City &#8211; Everton 3:1\",\"datePublished\":\"2018-12-16T20:58:26+00:00\",\"dateModified\":\"2019-01-22T21:08:10+00:00\",\"mainEntityOfPage\":{\"@id\":\"https:\/\/evertonfc.cz\/index.php\/2018\/12\/16\/manchester-city-everton-31\/\"},\"wordCount\":805,\"commentCount\":0,\"publisher\":{\"@id\":\"https:\/\/evertonfc.cz\/#organization\"},\"image\":{\"@id\":\"https:\/\/evertonfc.cz\/index.php\/2018\/12\/16\/manchester-city-everton-31\/#primaryimage\"},\"thumbnailUrl\":\"https:\/\/evertonfc.cz\/wp-content\/uploads\/2019\/01\/city_16_12_2018.jpg\",\"articleSection\":[\"Z\u00e1pasy\"],\"inLanguage\":\"cs\",\"potentialAction\":[{\"@type\":\"CommentAction\",\"name\":\"Comment\",\"target\":[\"https:\/\/evertonfc.cz\/index.php\/2018\/12\/16\/manchester-city-everton-31\/#respond\"]}]},{\"@type\":\"WebPage\",\"@id\":\"https:\/\/evertonfc.cz\/index.php\/2018\/12\/16\/manchester-city-everton-31\/\",\"url\":\"https:\/\/evertonfc.cz\/index.php\/2018\/12\/16\/manchester-city-everton-31\/\",\"name\":\"Manchester City - Everton 3:1 - Official Czech &amp; Slovak Everton Supporters&#039; Club\",\"isPartOf\":{\"@id\":\"https:\/\/evertonfc.cz\/#website\"},\"primaryImageOfPage\":{\"@id\":\"https:\/\/evertonfc.cz\/index.php\/2018\/12\/16\/manchester-city-everton-31\/#primaryimage\"},\"image\":{\"@id\":\"https:\/\/evertonfc.cz\/index.php\/2018\/12\/16\/manchester-city-everton-31\/#primaryimage\"},\"thumbnailUrl\":\"https:\/\/evertonfc.cz\/wp-content\/uploads\/2019\/01\/city_16_12_2018.jpg\",\"datePublished\":\"2018-12-16T20:58:26+00:00\",\"dateModified\":\"2019-01-22T21:08:10+00:00\",\"breadcrumb\":{\"@id\":\"https:\/\/evertonfc.cz\/index.php\/2018\/12\/16\/manchester-city-everton-31\/#breadcrumb\"},\"inLanguage\":\"cs\",\"potentialAction\":[{\"@type\":\"ReadAction\",\"target\":[\"https:\/\/evertonfc.cz\/index.php\/2018\/12\/16\/manchester-city-everton-31\/\"]}]},{\"@type\":\"ImageObject\",\"inLanguage\":\"cs\",\"@id\":\"https:\/\/evertonfc.cz\/index.php\/2018\/12\/16\/manchester-city-everton-31\/#primaryimage\",\"url\":\"https:\/\/evertonfc.cz\/wp-content\/uploads\/2019\/01\/city_16_12_2018.jpg\",\"contentUrl\":\"https:\/\/evertonfc.cz\/wp-content\/uploads\/2019\/01\/city_16_12_2018.jpg\",\"width\":720,\"height\":405},{\"@type\":\"BreadcrumbList\",\"@id\":\"https:\/\/evertonfc.cz\/index.php\/2018\/12\/16\/manchester-city-everton-31\/#breadcrumb\",\"itemListElement\":[{\"@type\":\"ListItem\",\"position\":1,\"name\":\"Home\",\"item\":\"https:\/\/evertonfc.cz\/\"},{\"@type\":\"ListItem\",\"position\":2,\"name\":\"Manchester City &#8211; Everton 3:1\"}]},{\"@type\":\"WebSite\",\"@id\":\"https:\/\/evertonfc.cz\/#website\",\"url\":\"https:\/\/evertonfc.cz\/\",\"name\":\"Official Czech &amp; Slovak Everton Supporters&#039; Club\",\"description\":\"\",\"publisher\":{\"@id\":\"https:\/\/evertonfc.cz\/#organization\"},\"potentialAction\":[{\"@type\":\"SearchAction\",\"target\":{\"@type\":\"EntryPoint\",\"urlTemplate\":\"https:\/\/evertonfc.cz\/?s={search_term_string}\"},\"query-input\":{\"@type\":\"PropertyValueSpecification\",\"valueRequired\":true,\"valueName\":\"search_term_string\"}}],\"inLanguage\":\"cs\"},{\"@type\":\"Organization\",\"@id\":\"https:\/\/evertonfc.cz\/#organization\",\"name\":\"Official Czech & Slovak Everton Supporters' Club\",\"url\":\"https:\/\/evertonfc.cz\/\",\"logo\":{\"@type\":\"ImageObject\",\"inLanguage\":\"cs\",\"@id\":\"https:\/\/evertonfc.cz\/#\/schema\/logo\/image\/\",\"url\":\"https:\/\/evertonfc.cz\/wp-content\/uploads\/2019\/05\/logo.png\",\"contentUrl\":\"https:\/\/evertonfc.cz\/wp-content\/uploads\/2019\/05\/logo.png\",\"width\":112,\"height\":112,\"caption\":\"Official Czech & Slovak Everton Supporters' Club\"},\"image\":{\"@id\":\"https:\/\/evertonfc.cz\/#\/schema\/logo\/image\/\"},\"sameAs\":[\"https:\/\/www.facebook.com\/everton.fans.cz.sk\"]},{\"@type\":\"Person\",\"@id\":\"https:\/\/evertonfc.cz\/#\/schema\/person\/f7a5daedb2ffee98480bc70e191aaef1\",\"name\":\"Ri\u010di\",\"sameAs\":[\"https:\/\/x.com\/rbrejsa\"],\"url\":\"https:\/\/evertonfc.cz\/index.php\/author\/rici\/\"}]}<\/script>\n<!-- \/ Yoast SEO plugin. -->","yoast_head_json":{"title":"Manchester City - Everton 3:1 - Official Czech &amp; Slovak Everton Supporters&#039; Club","robots":{"index":"index","follow":"follow","max-snippet":"max-snippet:-1","max-image-preview":"max-image-preview:large","max-video-preview":"max-video-preview:-1"},"canonical":"https:\/\/evertonfc.cz\/index.php\/2018\/12\/16\/manchester-city-everton-31\/","og_locale":"cs_CZ","og_type":"article","og_title":"Manchester City - Everton 3:1 - Official Czech &amp; Slovak Everton Supporters&#039; Club","og_description":"Pep Guardiola po z\u00e1pase:\u00a0\u201eEverton si vypracoval dv\u011b, t\u0159i \u0161ance, co\u017e se v z\u00e1pasech s n\u00e1mi b\u011b\u017en\u011b nest\u00e1v\u00e1. Je to \u0161pi\u010dkov\u00fd&hellip;","og_url":"https:\/\/evertonfc.cz\/index.php\/2018\/12\/16\/manchester-city-everton-31\/","og_site_name":"Official Czech &amp; Slovak Everton Supporters&#039; Club","article_publisher":"https:\/\/www.facebook.com\/everton.fans.cz.sk","article_published_time":"2018-12-16T20:58:26+00:00","article_modified_time":"2019-01-22T21:08:10+00:00","og_image":[{"width":720,"height":405,"url":"https:\/\/evertonfc.cz\/wp-content\/uploads\/2019\/01\/city_16_12_2018.jpg","type":"image\/jpeg"}],"author":"Ri\u010di","twitter_card":"summary_large_image","twitter_creator":"@rbrejsa","twitter_misc":{"Napsal(a)":"Ri\u010di","Odhadovan\u00e1 doba \u010dten\u00ed":"4 minuty"},"schema":{"@context":"https:\/\/schema.org","@graph":[{"@type":"Article","@id":"https:\/\/evertonfc.cz\/index.php\/2018\/12\/16\/manchester-city-everton-31\/#article","isPartOf":{"@id":"https:\/\/evertonfc.cz\/index.php\/2018\/12\/16\/manchester-city-everton-31\/"},"author":{"name":"Ri\u010di","@id":"https:\/\/evertonfc.cz\/#\/schema\/person\/f7a5daedb2ffee98480bc70e191aaef1"},"headline":"Manchester City &#8211; Everton 3:1","datePublished":"2018-12-16T20:58:26+00:00","dateModified":"2019-01-22T21:08:10+00:00","mainEntityOfPage":{"@id":"https:\/\/evertonfc.cz\/index.php\/2018\/12\/16\/manchester-city-everton-31\/"},"wordCount":805,"commentCount":0,"publisher":{"@id":"https:\/\/evertonfc.cz\/#organization"},"image":{"@id":"https:\/\/evertonfc.cz\/index.php\/2018\/12\/16\/manchester-city-everton-31\/#primaryimage"},"thumbnailUrl":"https:\/\/evertonfc.cz\/wp-content\/uploads\/2019\/01\/city_16_12_2018.jpg","articleSection":["Z\u00e1pasy"],"inLanguage":"cs","potentialAction":[{"@type":"CommentAction","name":"Comment","target":["https:\/\/evertonfc.cz\/index.php\/2018\/12\/16\/manchester-city-everton-31\/#respond"]}]},{"@type":"WebPage","@id":"https:\/\/evertonfc.cz\/index.php\/2018\/12\/16\/manchester-city-everton-31\/","url":"https:\/\/evertonfc.cz\/index.php\/2018\/12\/16\/manchester-city-everton-31\/","name":"Manchester City - Everton 3:1 - Official Czech &amp; Slovak Everton Supporters&#039; Club","isPartOf":{"@id":"https:\/\/evertonfc.cz\/#website"},"primaryImageOfPage":{"@id":"https:\/\/evertonfc.cz\/index.php\/2018\/12\/16\/manchester-city-everton-31\/#primaryimage"},"image":{"@id":"https:\/\/evertonfc.cz\/index.php\/2018\/12\/16\/manchester-city-everton-31\/#primaryimage"},"thumbnailUrl":"https:\/\/evertonfc.cz\/wp-content\/uploads\/2019\/01\/city_16_12_2018.jpg","datePublished":"2018-12-16T20:58:26+00:00","dateModified":"2019-01-22T21:08:10+00:00","breadcrumb":{"@id":"https:\/\/evertonfc.cz\/index.php\/2018\/12\/16\/manchester-city-everton-31\/#breadcrumb"},"inLanguage":"cs","potentialAction":[{"@type":"ReadAction","target":["https:\/\/evertonfc.cz\/index.php\/2018\/12\/16\/manchester-city-everton-31\/"]}]},{"@type":"ImageObject","inLanguage":"cs","@id":"https:\/\/evertonfc.cz\/index.php\/2018\/12\/16\/manchester-city-everton-31\/#primaryimage","url":"https:\/\/evertonfc.cz\/wp-content\/uploads\/2019\/01\/city_16_12_2018.jpg","contentUrl":"https:\/\/evertonfc.cz\/wp-content\/uploads\/2019\/01\/city_16_12_2018.jpg","width":720,"height":405},{"@type":"BreadcrumbList","@id":"https:\/\/evertonfc.cz\/index.php\/2018\/12\/16\/manchester-city-everton-31\/#breadcrumb","itemListElement":[{"@type":"ListItem","position":1,"name":"Home","item":"https:\/\/evertonfc.cz\/"},{"@type":"ListItem","position":2,"name":"Manchester City &#8211; Everton 3:1"}]},{"@type":"WebSite","@id":"https:\/\/evertonfc.cz\/#website","url":"https:\/\/evertonfc.cz\/","name":"Official Czech &amp; Slovak Everton Supporters&#039; Club","description":"","publisher":{"@id":"https:\/\/evertonfc.cz\/#organization"},"potentialAction":[{"@type":"SearchAction","target":{"@type":"EntryPoint","urlTemplate":"https:\/\/evertonfc.cz\/?s={search_term_string}"},"query-input":{"@type":"PropertyValueSpecification","valueRequired":true,"valueName":"search_term_string"}}],"inLanguage":"cs"},{"@type":"Organization","@id":"https:\/\/evertonfc.cz\/#organization","name":"Official Czech & Slovak Everton Supporters' Club","url":"https:\/\/evertonfc.cz\/","logo":{"@type":"ImageObject","inLanguage":"cs","@id":"https:\/\/evertonfc.cz\/#\/schema\/logo\/image\/","url":"https:\/\/evertonfc.cz\/wp-content\/uploads\/2019\/05\/logo.png","contentUrl":"https:\/\/evertonfc.cz\/wp-content\/uploads\/2019\/05\/logo.png","width":112,"height":112,"caption":"Official Czech & Slovak Everton Supporters' Club"},"image":{"@id":"https:\/\/evertonfc.cz\/#\/schema\/logo\/image\/"},"sameAs":["https:\/\/www.facebook.com\/everton.fans.cz.sk"]},{"@type":"Person","@id":"https:\/\/evertonfc.cz\/#\/schema\/person\/f7a5daedb2ffee98480bc70e191aaef1","name":"Ri\u010di","sameAs":["https:\/\/x.com\/rbrejsa"],"url":"https:\/\/evertonfc.cz\/index.php\/author\/rici\/"}]}},"_links":{"self":[{"href":"https:\/\/evertonfc.cz\/index.php\/wp-json\/wp\/v2\/posts\/1444"}],"collection":[{"href":"https:\/\/evertonfc.cz\/index.php\/wp-json\/wp\/v2\/posts"}],"about":[{"href":"https:\/\/evertonfc.cz\/index.php\/wp-json\/wp\/v2\/types\/post"}],"author":[{"embeddable":true,"href":"https:\/\/evertonfc.cz\/index.php\/wp-json\/wp\/v2\/users\/6"}],"replies":[{"embeddable":true,"href":"https:\/\/evertonfc.cz\/index.php\/wp-json\/wp\/v2\/comments?post=1444"}],"version-history":[{"count":1,"href":"https:\/\/evertonfc.cz\/index.php\/wp-json\/wp\/v2\/posts\/1444\/revisions"}],"predecessor-version":[{"id":1445,"href":"https:\/\/evertonfc.cz\/index.php\/wp-json\/wp\/v2\/posts\/1444\/revisions\/1445"}],"wp:featuredmedia":[{"embeddable":true,"href":"https:\/\/evertonfc.cz\/index.php\/wp-json\/wp\/v2\/media\/1422"}],"wp:attachment":[{"href":"https:\/\/evertonfc.cz\/index.php\/wp-json\/wp\/v2\/media?parent=1444"}],"wp:term":[{"taxonomy":"category","embeddable":true,"href":"https:\/\/evertonfc.cz\/index.php\/wp-json\/wp\/v2\/categories?post=1444"},{"taxonomy":"post_tag","embeddable":true,"href":"https:\/\/evertonfc.cz\/index.php\/wp-json\/wp\/v2\/tags?post=1444"}],"curies":[{"name":"wp","href":"https:\/\/api.w.org\/{rel}","templated":true}]}}