{"id":14441,"date":"2021-03-04T11:53:38","date_gmt":"2021-03-04T10:53:38","guid":{"rendered":"https:\/\/evertonfc.cz\/?p=14441"},"modified":"2021-03-15T21:24:56","modified_gmt":"2021-03-15T20:24:56","slug":"ancelotti-dokud-budu-v-evertonu-richarlison-neodejde","status":"publish","type":"post","link":"https:\/\/evertonfc.cz\/index.php\/2021\/03\/04\/ancelotti-dokud-budu-v-evertonu-richarlison-neodejde\/","title":{"rendered":"Ancelotti: Dokud budu v Evertonu, Richarlison neodejde"},"content":{"rendered":"<h4>Mana\u017eer Carlo Ancelotti v\u00a0kr\u00e1tk\u00e9m rozhovoru pro britsk\u00fd den\u00edk The Times rezolutn\u011b odm\u00edtl odchod sv\u00e9ho kl\u00ed\u010dov\u00e9ho hr\u00e1\u010de Richarlisona.<\/h4>\n<p>Brzy 24let\u00fd \u00fato\u010dn\u00edk se na za\u010d\u00e1tku sez\u00f3ny nechal sly\u0161et pro brazilskou televizi, \u017ee informoval Ancelottiho o sv\u00e9 touze hr\u00e1t evropsk\u00e9 poh\u00e1ry. Italsk\u00fd strat\u00e9g na to reagoval prohl\u00e1\u0161en\u00edm, ve kter\u00e9m navrhl Richarlisonovi, aby z\u016fstal na Goodison Parku je\u0161t\u011b rok, po n\u011bm\u017e se uvid\u00ed, zda se spolu nekvalifikuj\u00ed do kontinent\u00e1ln\u00ed sout\u011b\u017ee.<\/p>\n<p>Rok sice je\u0161t\u011b neub\u011bhl, Toffees ale maj\u00ed sez\u00f3nu rozehranou velmi solidn\u011b s\u00a0ohledem na um\u00edst\u011bn\u00ed zaru\u010duj\u00edc\u00ed m\u00edstenku v\u00a0Evropsk\u00e9 lize, nebo dokonce Lize mistr\u016f.<\/p>\n<p>Ancelotti nyn\u00ed na ot\u00e1zku, zda si pamatuje sv\u016fj slib z\u00a0lo\u0148sk\u00e9ho pozdn\u00edho l\u00e9ta, reagoval s\u00a0\u00fasm\u011bvem: <em>\u201eMluv\u00edm s Richarlisonem ka\u017ed\u00fd den, i kdy\u017e mus\u00edm p\u0159iznat, \u017ee komunikace s n\u00edm je obt\u00ed\u017en\u00e1 \u2013 bohu\u017eel pot\u0159ebuji tlumo\u010dn\u00edka. Mo\u017en\u00e1 jsem mu v minulosti \u0159\u00edkal o zm\u00edn\u011bn\u00e9m slibu&#8230; Nev\u00edm p\u0159esn\u011b, na jak dlouho m\u00e1 je\u0161t\u011b v Evertonu smlouvu, ale mohu v\u0161echny ubezpe\u010dit, \u017ee Richarlison z\u016fstane v Evertonu, dokud budu v klubu tr\u00e9novat. Na tom trv\u00e1m.<\/em><\/p>\n<p><em>M\u00e1m ho r\u00e1d jako hr\u00e1\u010de. A pokud on m\u011b nem\u00e1 r\u00e1d jako mana\u017eera, vlastn\u011b na tom v\u016fbec nez\u00e1le\u017e\u00ed. Stejn\u011b z\u016fstane v\u00a0Evertonu.\u201c<\/em><\/p>\n<p>Ancelottiho ne\u00fastupnost v ot\u00e1zce potencion\u00e1ln\u00edch prodej\u016f sv\u00fdch d\u016fle\u017eit\u00fdch hr\u00e1\u010d\u016f je dob\u0159e zn\u00e1m\u00e1. Nap\u0159\u00edklad je\u0161t\u011b v Neapoli navzdory vehementn\u00edmu p\u0159\u00e1n\u00ed Allana zablokoval jeho transfer do PSG.<\/p>\n<p>Richarlison, jeho\u017e jm\u00e9no se v posledn\u00edch t\u00fddnech spojuje s Barcelonou nebo Manchesterem United, prodlou\u017eil p\u0159edloni smlouvu v Evertonu do roku 2024.<\/p>\n<p><em>\u201eRicharlison plat\u00ed za modern\u00edho a komplexn\u00edho \u00fato\u010dn\u00edka,\u201c<\/em> pokra\u010doval v\u00a0rozhovoru Ancelotti, <em>\u201ejeho pracovitost na h\u0159i\u0161ti je obdivuhodn\u00e1. Fyzicky nezaost\u00e1v\u00e1 za z\u00e1lo\u017en\u00edky, a nav\u00edc profituje ze sv\u00e9 rychlosti a efektivity ve v\u00e1pn\u011b. P\u0159ed br\u00e1nou soupe\u0159e je opravdu produktivn\u00ed, um\u00ed dob\u0159e hlavou a tak\u00e9 m\u00e1 v\u00fdborn\u00fd v\u00fdb\u011br m\u00edsta. Ur\u010dit\u011b m\u016f\u017ee v budoucnu pat\u0159it mezi nejlep\u0161\u00ed \u00fato\u010dn\u00edky v Evrop\u011b.\u201c<\/em><\/p>\n<p>Toffees ve sv\u00e9 historii je\u0161t\u011b nikdy nepronikli do Ligy mistr\u016f, a t\u0159eba\u017ee jsou j\u00ed nyn\u00ed na dost\u0159el, prioritou nad\u00e1le z\u016fst\u00e1v\u00e1 kvalifikace do evropsk\u00fdch poh\u00e1r\u016f. Na druhou stranu Ancelotti se milion\u00e1\u0159sk\u00e9 v\u00fdzvy neboj\u00ed: <em>\u201eO\u010dek\u00e1v\u00e1n\u00ed nen\u00ed sprost\u00e9 slovo. Minul\u00fd rok, kdy\u017e jsem p\u0159i\u0161el do Evertonu, se st\u00e1le mluvilo o z\u00e1chran\u011b v Premier League. Nyn\u00ed hovo\u0159\u00edme o Lize mistr\u016f. To se mi l\u00edb\u00ed.\u201c<\/em><\/p>\n","protected":false},"excerpt":{"rendered":"<p>Mana\u017eer Carlo Ancelotti v kr\u00e1tk\u00e9m rozhovoru pro britsk\u00fd den\u00edk The Times rezolutn\u011b odm\u00edtl odchod sv\u00e9ho kl\u00ed\u010dov\u00e9ho hr\u00e1\u010de Richarlisona.<\/p>\n","protected":false},"author":6,"featured_media":14451,"comment_status":"open","ping_status":"closed","sticky":false,"template":"","format":"standard","meta":{"_eb_attr":"","_monsterinsights_skip_tracking":false,"_monsterinsights_sitenote_active":false,"_monsterinsights_sitenote_note":"","_monsterinsights_sitenote_category":0,"footnotes":""},"categories":[42],"tags":[],"yoast_head":"<!-- This site is optimized with the Yoast SEO plugin v23.4 - https:\/\/yoast.com\/wordpress\/plugins\/seo\/ -->\n<title>Ancelotti: Dokud budu v Evertonu, Richarlison neodejde - Official Czech &amp; Slovak Everton Supporters&#039; Club<\/title>\n<meta name=\"description\" content=\"Mana\u017eer Carlo Ancelotti v kr\u00e1tk\u00e9m rozhovoru pro britsk\u00fd den\u00edk The Times rezolutn\u011b odm\u00edtl odchod sv\u00e9ho kl\u00ed\u010dov\u00e9ho hr\u00e1\u010de Richarlisona.\" \/>\n<meta name=\"robots\" content=\"index, follow, max-snippet:-1, max-image-preview:large, max-video-preview:-1\" \/>\n<link rel=\"canonical\" href=\"https:\/\/evertonfc.cz\/index.php\/2021\/03\/04\/ancelotti-dokud-budu-v-evertonu-richarlison-neodejde\/\" \/>\n<meta property=\"og:locale\" content=\"cs_CZ\" \/>\n<meta property=\"og:type\" content=\"article\" \/>\n<meta property=\"og:title\" content=\"Ancelotti: Dokud budu v Evertonu, Richarlison neodejde - Official Czech &amp; Slovak Everton Supporters&#039; Club\" \/>\n<meta property=\"og:description\" content=\"Mana\u017eer Carlo Ancelotti v kr\u00e1tk\u00e9m rozhovoru pro britsk\u00fd den\u00edk The Times rezolutn\u011b odm\u00edtl odchod sv\u00e9ho kl\u00ed\u010dov\u00e9ho hr\u00e1\u010de Richarlisona.\" \/>\n<meta property=\"og:url\" content=\"https:\/\/evertonfc.cz\/index.php\/2021\/03\/04\/ancelotti-dokud-budu-v-evertonu-richarlison-neodejde\/\" \/>\n<meta property=\"og:site_name\" content=\"Official Czech &amp; Slovak Everton Supporters&#039; Club\" \/>\n<meta property=\"article:publisher\" content=\"https:\/\/www.facebook.com\/everton.fans.cz.sk\" \/>\n<meta property=\"article:published_time\" content=\"2021-03-04T10:53:38+00:00\" \/>\n<meta property=\"article:modified_time\" content=\"2021-03-15T20:24:56+00:00\" \/>\n<meta property=\"og:image\" content=\"https:\/\/evertonfc.cz\/wp-content\/uploads\/2021\/03\/richy_4_3_2021.jpg\" \/>\n\t<meta property=\"og:image:width\" content=\"720\" \/>\n\t<meta property=\"og:image:height\" content=\"405\" \/>\n\t<meta property=\"og:image:type\" content=\"image\/jpeg\" \/>\n<meta name=\"author\" content=\"Ri\u010di\" \/>\n<meta name=\"twitter:card\" content=\"summary_large_image\" \/>\n<meta name=\"twitter:creator\" content=\"@rbrejsa\" \/>\n<meta name=\"twitter:label1\" content=\"Napsal(a)\" \/>\n\t<meta name=\"twitter:data1\" content=\"Ri\u010di\" \/>\n\t<meta name=\"twitter:label2\" content=\"Odhadovan\u00e1 doba \u010dten\u00ed\" \/>\n\t<meta name=\"twitter:data2\" content=\"2 minuty\" \/>\n<script type=\"application\/ld+json\" class=\"yoast-schema-graph\">{\"@context\":\"https:\/\/schema.org\",\"@graph\":[{\"@type\":\"Article\",\"@id\":\"https:\/\/evertonfc.cz\/index.php\/2021\/03\/04\/ancelotti-dokud-budu-v-evertonu-richarlison-neodejde\/#article\",\"isPartOf\":{\"@id\":\"https:\/\/evertonfc.cz\/index.php\/2021\/03\/04\/ancelotti-dokud-budu-v-evertonu-richarlison-neodejde\/\"},\"author\":{\"name\":\"Ri\u010di\",\"@id\":\"https:\/\/evertonfc.cz\/#\/schema\/person\/f7a5daedb2ffee98480bc70e191aaef1\"},\"headline\":\"Ancelotti: Dokud budu v Evertonu, Richarlison neodejde\",\"datePublished\":\"2021-03-04T10:53:38+00:00\",\"dateModified\":\"2021-03-15T20:24:56+00:00\",\"mainEntityOfPage\":{\"@id\":\"https:\/\/evertonfc.cz\/index.php\/2021\/03\/04\/ancelotti-dokud-budu-v-evertonu-richarlison-neodejde\/\"},\"wordCount\":486,\"commentCount\":0,\"publisher\":{\"@id\":\"https:\/\/evertonfc.cz\/#organization\"},\"image\":{\"@id\":\"https:\/\/evertonfc.cz\/index.php\/2021\/03\/04\/ancelotti-dokud-budu-v-evertonu-richarlison-neodejde\/#primaryimage\"},\"thumbnailUrl\":\"https:\/\/evertonfc.cz\/wp-content\/uploads\/2021\/03\/richy_4_3_2021.jpg\",\"articleSection\":[\"Aktuality\"],\"inLanguage\":\"cs\",\"potentialAction\":[{\"@type\":\"CommentAction\",\"name\":\"Comment\",\"target\":[\"https:\/\/evertonfc.cz\/index.php\/2021\/03\/04\/ancelotti-dokud-budu-v-evertonu-richarlison-neodejde\/#respond\"]}]},{\"@type\":\"WebPage\",\"@id\":\"https:\/\/evertonfc.cz\/index.php\/2021\/03\/04\/ancelotti-dokud-budu-v-evertonu-richarlison-neodejde\/\",\"url\":\"https:\/\/evertonfc.cz\/index.php\/2021\/03\/04\/ancelotti-dokud-budu-v-evertonu-richarlison-neodejde\/\",\"name\":\"Ancelotti: Dokud budu v Evertonu, Richarlison neodejde - Official Czech &amp; Slovak Everton Supporters&#039; Club\",\"isPartOf\":{\"@id\":\"https:\/\/evertonfc.cz\/#website\"},\"primaryImageOfPage\":{\"@id\":\"https:\/\/evertonfc.cz\/index.php\/2021\/03\/04\/ancelotti-dokud-budu-v-evertonu-richarlison-neodejde\/#primaryimage\"},\"image\":{\"@id\":\"https:\/\/evertonfc.cz\/index.php\/2021\/03\/04\/ancelotti-dokud-budu-v-evertonu-richarlison-neodejde\/#primaryimage\"},\"thumbnailUrl\":\"https:\/\/evertonfc.cz\/wp-content\/uploads\/2021\/03\/richy_4_3_2021.jpg\",\"datePublished\":\"2021-03-04T10:53:38+00:00\",\"dateModified\":\"2021-03-15T20:24:56+00:00\",\"description\":\"Mana\u017eer Carlo Ancelotti v kr\u00e1tk\u00e9m rozhovoru pro britsk\u00fd den\u00edk The Times rezolutn\u011b odm\u00edtl odchod sv\u00e9ho kl\u00ed\u010dov\u00e9ho hr\u00e1\u010de Richarlisona.\",\"breadcrumb\":{\"@id\":\"https:\/\/evertonfc.cz\/index.php\/2021\/03\/04\/ancelotti-dokud-budu-v-evertonu-richarlison-neodejde\/#breadcrumb\"},\"inLanguage\":\"cs\",\"potentialAction\":[{\"@type\":\"ReadAction\",\"target\":[\"https:\/\/evertonfc.cz\/index.php\/2021\/03\/04\/ancelotti-dokud-budu-v-evertonu-richarlison-neodejde\/\"]}]},{\"@type\":\"ImageObject\",\"inLanguage\":\"cs\",\"@id\":\"https:\/\/evertonfc.cz\/index.php\/2021\/03\/04\/ancelotti-dokud-budu-v-evertonu-richarlison-neodejde\/#primaryimage\",\"url\":\"https:\/\/evertonfc.cz\/wp-content\/uploads\/2021\/03\/richy_4_3_2021.jpg\",\"contentUrl\":\"https:\/\/evertonfc.cz\/wp-content\/uploads\/2021\/03\/richy_4_3_2021.jpg\",\"width\":720,\"height\":405},{\"@type\":\"BreadcrumbList\",\"@id\":\"https:\/\/evertonfc.cz\/index.php\/2021\/03\/04\/ancelotti-dokud-budu-v-evertonu-richarlison-neodejde\/#breadcrumb\",\"itemListElement\":[{\"@type\":\"ListItem\",\"position\":1,\"name\":\"Home\",\"item\":\"https:\/\/evertonfc.cz\/\"},{\"@type\":\"ListItem\",\"position\":2,\"name\":\"Ancelotti: Dokud budu v Evertonu, Richarlison neodejde\"}]},{\"@type\":\"WebSite\",\"@id\":\"https:\/\/evertonfc.cz\/#website\",\"url\":\"https:\/\/evertonfc.cz\/\",\"name\":\"Official Czech &amp; Slovak Everton Supporters&#039; Club\",\"description\":\"\",\"publisher\":{\"@id\":\"https:\/\/evertonfc.cz\/#organization\"},\"potentialAction\":[{\"@type\":\"SearchAction\",\"target\":{\"@type\":\"EntryPoint\",\"urlTemplate\":\"https:\/\/evertonfc.cz\/?s={search_term_string}\"},\"query-input\":{\"@type\":\"PropertyValueSpecification\",\"valueRequired\":true,\"valueName\":\"search_term_string\"}}],\"inLanguage\":\"cs\"},{\"@type\":\"Organization\",\"@id\":\"https:\/\/evertonfc.cz\/#organization\",\"name\":\"Official Czech & Slovak Everton Supporters' Club\",\"url\":\"https:\/\/evertonfc.cz\/\",\"logo\":{\"@type\":\"ImageObject\",\"inLanguage\":\"cs\",\"@id\":\"https:\/\/evertonfc.cz\/#\/schema\/logo\/image\/\",\"url\":\"https:\/\/evertonfc.cz\/wp-content\/uploads\/2019\/05\/logo.png\",\"contentUrl\":\"https:\/\/evertonfc.cz\/wp-content\/uploads\/2019\/05\/logo.png\",\"width\":112,\"height\":112,\"caption\":\"Official Czech & Slovak Everton Supporters' Club\"},\"image\":{\"@id\":\"https:\/\/evertonfc.cz\/#\/schema\/logo\/image\/\"},\"sameAs\":[\"https:\/\/www.facebook.com\/everton.fans.cz.sk\"]},{\"@type\":\"Person\",\"@id\":\"https:\/\/evertonfc.cz\/#\/schema\/person\/f7a5daedb2ffee98480bc70e191aaef1\",\"name\":\"Ri\u010di\",\"sameAs\":[\"https:\/\/x.com\/rbrejsa\"],\"url\":\"https:\/\/evertonfc.cz\/index.php\/author\/rici\/\"}]}<\/script>\n<!-- \/ Yoast SEO plugin. -->","yoast_head_json":{"title":"Ancelotti: Dokud budu v Evertonu, Richarlison neodejde - Official Czech &amp; Slovak Everton Supporters&#039; Club","description":"Mana\u017eer Carlo Ancelotti v kr\u00e1tk\u00e9m rozhovoru pro britsk\u00fd den\u00edk The Times rezolutn\u011b odm\u00edtl odchod sv\u00e9ho kl\u00ed\u010dov\u00e9ho hr\u00e1\u010de Richarlisona.","robots":{"index":"index","follow":"follow","max-snippet":"max-snippet:-1","max-image-preview":"max-image-preview:large","max-video-preview":"max-video-preview:-1"},"canonical":"https:\/\/evertonfc.cz\/index.php\/2021\/03\/04\/ancelotti-dokud-budu-v-evertonu-richarlison-neodejde\/","og_locale":"cs_CZ","og_type":"article","og_title":"Ancelotti: Dokud budu v Evertonu, Richarlison neodejde - Official Czech &amp; Slovak Everton Supporters&#039; Club","og_description":"Mana\u017eer Carlo Ancelotti v kr\u00e1tk\u00e9m rozhovoru pro britsk\u00fd den\u00edk The Times rezolutn\u011b odm\u00edtl odchod sv\u00e9ho kl\u00ed\u010dov\u00e9ho hr\u00e1\u010de Richarlisona.","og_url":"https:\/\/evertonfc.cz\/index.php\/2021\/03\/04\/ancelotti-dokud-budu-v-evertonu-richarlison-neodejde\/","og_site_name":"Official Czech &amp; Slovak Everton Supporters&#039; Club","article_publisher":"https:\/\/www.facebook.com\/everton.fans.cz.sk","article_published_time":"2021-03-04T10:53:38+00:00","article_modified_time":"2021-03-15T20:24:56+00:00","og_image":[{"width":720,"height":405,"url":"https:\/\/evertonfc.cz\/wp-content\/uploads\/2021\/03\/richy_4_3_2021.jpg","type":"image\/jpeg"}],"author":"Ri\u010di","twitter_card":"summary_large_image","twitter_creator":"@rbrejsa","twitter_misc":{"Napsal(a)":"Ri\u010di","Odhadovan\u00e1 doba \u010dten\u00ed":"2 minuty"},"schema":{"@context":"https:\/\/schema.org","@graph":[{"@type":"Article","@id":"https:\/\/evertonfc.cz\/index.php\/2021\/03\/04\/ancelotti-dokud-budu-v-evertonu-richarlison-neodejde\/#article","isPartOf":{"@id":"https:\/\/evertonfc.cz\/index.php\/2021\/03\/04\/ancelotti-dokud-budu-v-evertonu-richarlison-neodejde\/"},"author":{"name":"Ri\u010di","@id":"https:\/\/evertonfc.cz\/#\/schema\/person\/f7a5daedb2ffee98480bc70e191aaef1"},"headline":"Ancelotti: Dokud budu v Evertonu, Richarlison neodejde","datePublished":"2021-03-04T10:53:38+00:00","dateModified":"2021-03-15T20:24:56+00:00","mainEntityOfPage":{"@id":"https:\/\/evertonfc.cz\/index.php\/2021\/03\/04\/ancelotti-dokud-budu-v-evertonu-richarlison-neodejde\/"},"wordCount":486,"commentCount":0,"publisher":{"@id":"https:\/\/evertonfc.cz\/#organization"},"image":{"@id":"https:\/\/evertonfc.cz\/index.php\/2021\/03\/04\/ancelotti-dokud-budu-v-evertonu-richarlison-neodejde\/#primaryimage"},"thumbnailUrl":"https:\/\/evertonfc.cz\/wp-content\/uploads\/2021\/03\/richy_4_3_2021.jpg","articleSection":["Aktuality"],"inLanguage":"cs","potentialAction":[{"@type":"CommentAction","name":"Comment","target":["https:\/\/evertonfc.cz\/index.php\/2021\/03\/04\/ancelotti-dokud-budu-v-evertonu-richarlison-neodejde\/#respond"]}]},{"@type":"WebPage","@id":"https:\/\/evertonfc.cz\/index.php\/2021\/03\/04\/ancelotti-dokud-budu-v-evertonu-richarlison-neodejde\/","url":"https:\/\/evertonfc.cz\/index.php\/2021\/03\/04\/ancelotti-dokud-budu-v-evertonu-richarlison-neodejde\/","name":"Ancelotti: Dokud budu v Evertonu, Richarlison neodejde - Official Czech &amp; Slovak Everton Supporters&#039; Club","isPartOf":{"@id":"https:\/\/evertonfc.cz\/#website"},"primaryImageOfPage":{"@id":"https:\/\/evertonfc.cz\/index.php\/2021\/03\/04\/ancelotti-dokud-budu-v-evertonu-richarlison-neodejde\/#primaryimage"},"image":{"@id":"https:\/\/evertonfc.cz\/index.php\/2021\/03\/04\/ancelotti-dokud-budu-v-evertonu-richarlison-neodejde\/#primaryimage"},"thumbnailUrl":"https:\/\/evertonfc.cz\/wp-content\/uploads\/2021\/03\/richy_4_3_2021.jpg","datePublished":"2021-03-04T10:53:38+00:00","dateModified":"2021-03-15T20:24:56+00:00","description":"Mana\u017eer Carlo Ancelotti v kr\u00e1tk\u00e9m rozhovoru pro britsk\u00fd den\u00edk The Times rezolutn\u011b odm\u00edtl odchod sv\u00e9ho kl\u00ed\u010dov\u00e9ho hr\u00e1\u010de Richarlisona.","breadcrumb":{"@id":"https:\/\/evertonfc.cz\/index.php\/2021\/03\/04\/ancelotti-dokud-budu-v-evertonu-richarlison-neodejde\/#breadcrumb"},"inLanguage":"cs","potentialAction":[{"@type":"ReadAction","target":["https:\/\/evertonfc.cz\/index.php\/2021\/03\/04\/ancelotti-dokud-budu-v-evertonu-richarlison-neodejde\/"]}]},{"@type":"ImageObject","inLanguage":"cs","@id":"https:\/\/evertonfc.cz\/index.php\/2021\/03\/04\/ancelotti-dokud-budu-v-evertonu-richarlison-neodejde\/#primaryimage","url":"https:\/\/evertonfc.cz\/wp-content\/uploads\/2021\/03\/richy_4_3_2021.jpg","contentUrl":"https:\/\/evertonfc.cz\/wp-content\/uploads\/2021\/03\/richy_4_3_2021.jpg","width":720,"height":405},{"@type":"BreadcrumbList","@id":"https:\/\/evertonfc.cz\/index.php\/2021\/03\/04\/ancelotti-dokud-budu-v-evertonu-richarlison-neodejde\/#breadcrumb","itemListElement":[{"@type":"ListItem","position":1,"name":"Home","item":"https:\/\/evertonfc.cz\/"},{"@type":"ListItem","position":2,"name":"Ancelotti: Dokud budu v Evertonu, Richarlison neodejde"}]},{"@type":"WebSite","@id":"https:\/\/evertonfc.cz\/#website","url":"https:\/\/evertonfc.cz\/","name":"Official Czech &amp; Slovak Everton Supporters&#039; Club","description":"","publisher":{"@id":"https:\/\/evertonfc.cz\/#organization"},"potentialAction":[{"@type":"SearchAction","target":{"@type":"EntryPoint","urlTemplate":"https:\/\/evertonfc.cz\/?s={search_term_string}"},"query-input":{"@type":"PropertyValueSpecification","valueRequired":true,"valueName":"search_term_string"}}],"inLanguage":"cs"},{"@type":"Organization","@id":"https:\/\/evertonfc.cz\/#organization","name":"Official Czech & Slovak Everton Supporters' Club","url":"https:\/\/evertonfc.cz\/","logo":{"@type":"ImageObject","inLanguage":"cs","@id":"https:\/\/evertonfc.cz\/#\/schema\/logo\/image\/","url":"https:\/\/evertonfc.cz\/wp-content\/uploads\/2019\/05\/logo.png","contentUrl":"https:\/\/evertonfc.cz\/wp-content\/uploads\/2019\/05\/logo.png","width":112,"height":112,"caption":"Official Czech & Slovak Everton Supporters' Club"},"image":{"@id":"https:\/\/evertonfc.cz\/#\/schema\/logo\/image\/"},"sameAs":["https:\/\/www.facebook.com\/everton.fans.cz.sk"]},{"@type":"Person","@id":"https:\/\/evertonfc.cz\/#\/schema\/person\/f7a5daedb2ffee98480bc70e191aaef1","name":"Ri\u010di","sameAs":["https:\/\/x.com\/rbrejsa"],"url":"https:\/\/evertonfc.cz\/index.php\/author\/rici\/"}]}},"_links":{"self":[{"href":"https:\/\/evertonfc.cz\/index.php\/wp-json\/wp\/v2\/posts\/14441"}],"collection":[{"href":"https:\/\/evertonfc.cz\/index.php\/wp-json\/wp\/v2\/posts"}],"about":[{"href":"https:\/\/evertonfc.cz\/index.php\/wp-json\/wp\/v2\/types\/post"}],"author":[{"embeddable":true,"href":"https:\/\/evertonfc.cz\/index.php\/wp-json\/wp\/v2\/users\/6"}],"replies":[{"embeddable":true,"href":"https:\/\/evertonfc.cz\/index.php\/wp-json\/wp\/v2\/comments?post=14441"}],"version-history":[{"count":8,"href":"https:\/\/evertonfc.cz\/index.php\/wp-json\/wp\/v2\/posts\/14441\/revisions"}],"predecessor-version":[{"id":14450,"href":"https:\/\/evertonfc.cz\/index.php\/wp-json\/wp\/v2\/posts\/14441\/revisions\/14450"}],"wp:featuredmedia":[{"embeddable":true,"href":"https:\/\/evertonfc.cz\/index.php\/wp-json\/wp\/v2\/media\/14451"}],"wp:attachment":[{"href":"https:\/\/evertonfc.cz\/index.php\/wp-json\/wp\/v2\/media?parent=14441"}],"wp:term":[{"taxonomy":"category","embeddable":true,"href":"https:\/\/evertonfc.cz\/index.php\/wp-json\/wp\/v2\/categories?post=14441"},{"taxonomy":"post_tag","embeddable":true,"href":"https:\/\/evertonfc.cz\/index.php\/wp-json\/wp\/v2\/tags?post=14441"}],"curies":[{"name":"wp","href":"https:\/\/api.w.org\/{rel}","templated":true}]}}