{"id":14452,"date":"2021-03-04T12:50:25","date_gmt":"2021-03-04T11:50:25","guid":{"rendered":"https:\/\/evertonfc.cz\/?p=14452"},"modified":"2021-03-14T18:58:57","modified_gmt":"2021-03-14T17:58:57","slug":"preview-west-bromwich-albion-everton-8","status":"publish","type":"post","link":"https:\/\/evertonfc.cz\/index.php\/2021\/03\/04\/preview-west-bromwich-albion-everton-8\/","title":{"rendered":"Preview: West Bromwich Albion \u2013 Everton"},"content":{"rendered":"<h4>V predohr\u00e1vke 29. kola Premier League zav\u00edtaj\u00fa Karamelky na hor\u00facu p\u00f4du druh\u00e9ho najv\u00e4\u010d\u0161ieho kandid\u00e1ta na zostup. The Baggies kou\u010duje n\u00e1\u0161 star\u00fd zn\u00e1my Big Sam.<\/h4>\n<p>Everton pokra\u010duje v\u00a0nap\u00ednavej nah\u00e1\u0148a\u010dke za kontinent\u00e1lnymi dobrodru\u017estvami. Po dvoch cenn\u00fdch skalpoch Liverpoolu a\u00a0Southamptonu prich\u00e1dza na rad potvrdenie formy aj na midlandskom tr\u00e1vniku. Vyz\u00fdvame West Brom, kr\u010diaci sa na 19. prie\u010dke, s\u00a0najmen\u0161\u00edm po\u010dtom v\u00fdhier v\u00a0lige.<\/p>\n<p>Ancelotti si je vedom\u00fd, \u017ee n\u00e1ro\u010dn\u00fd program prever\u00ed na\u0161u schopnos\u0165 naplnenia amb\u00edci\u00ed. Tento duel je toti\u017e druh\u00fd z\u00a0troch, ktor\u00e9 odohr\u00e1me v\u00a0priebehu \u00f4smich dn\u00ed. R\u00e1ta s\u00a0rot\u00e1ciou, no ako ho pozn\u00e1me, ned\u00e1 sa mu veri\u0165. Zav\u00e1hanie s\u00a0predposledn\u00fdm si nem\u00f4\u017ee dovoli\u0165, tak\u017ee r\u00e1tajme s\u00a0relat\u00edvne silnou jeden\u00e1stkou.<\/p>\n<p>S\u00a0\u010d\u00edm, respekt\u00edve s\u00a0k\u00fdm r\u00e1ta\u0165 nem\u00f4\u017eeme, to je Yerry Mina kv\u00f4li l\u00fdtku, Fabian Delph so \u0161\u013eachov\u00fdm probl\u00e9mom, a\u00a0u\u017e folkl\u00f3rne ch\u00fdbaj\u00faci Gbamin. V\u010dera, na poobednom tr\u00e9ningu, sa mal skontrolova\u0165 stav \u0161tyroch hr\u00e1\u010dov, ktor\u00ed z\u00e1pasili s\u00a0men\u0161\u00edmi \u0165a\u017ekos\u0165ami. Tak\u017ee, \u010di bud\u00fa m\u00f4c\u0165 do z\u00e1pasu zasiahnu\u0165 Coleman, Davies, James Rodr\u00edguez, a\u00a0pr\u00edpadne v br\u00e1ne Olsen, to ost\u00e1va st\u00e1le ot\u00e1zne.<\/p>\n<h4><strong><em>\u201eI can&#8217;t guarantee it won&#8217;t happen&#8230;<\/em><\/strong><\/h4>\n<p>Rozv\u00e1\u017ene slov\u00e1 od niekoho, kto je hrd\u00fd na to, \u017ee nikdy so \u017eiadnym t\u00edmom z\u00a0prvej ligy nezost\u00fapil. Tentoraz sa v\u0161ak tomu zrejme nevyhne a\u00a0op\u00e4\u0165 bude v\u00a0lete sklaman\u00fd, ke\u010f mu nebude zveren\u00e1 d\u00f4vera aj na dlh\u0161ie obdobie. A\u00a0hlavne aj na in\u00fa pr\u00e1cu, ne\u017e zachra\u0148ovanie pr\u00edslu\u0161nosti vo v\u00fdsledkovej n\u00fadzi.<\/p>\n<p>Ale to predbiehame udalosti, preto\u017ee naposledy, ke\u010f ste na t\u00fdchto str\u00e1nkach \u010d\u00edtali report <a href=\"https:\/\/evertonfc.cz\/index.php\/2020\/09\/20\/everton-west-bromwich-albion-52\/\" target=\"_blank\" rel=\"noopener\">zo senza\u010dnej v\u00fdhry 5:2<\/a>, bol e\u0161te lodivod na The Hawthorns Slaven Bili\u0107. B\u00fdval\u00fd hr\u00e1\u010d Evertonu si balil kufre v decembri, po najlep\u0161om defenz\u00edvnom v\u00fdkone pri rem\u00edze s Manchesterom City 1:1. Nesk\u00f4r ne\u017e sa \u010dakalo. Pre\u010do?<\/p>\n<p>Toti\u017eto vz\u0165ahy medzi klubom a ex-mana\u017e\u00e9rom West Hamu boli u\u017e dlh\u0161iu dobu na\u0161trben\u00e9. Ani jedna strana nechcela pokra\u010dova\u0165 v\u00a0spolupr\u00e1ci po konci tejto sez\u00f3ny. Najvyhrotenej\u0161ie to bolo hlavne po predaji obrancu Hegaziho, kedy Bili\u0107 neskr\u00fdval svoju zlos\u0165 a\u00a0takmer s\u00e1m ukon\u010dil pracovn\u00fd pomer.<\/p>\n<p>Ve\u010f kto u\u017e by chcel \u00eds\u0165 do jednej z najv\u00e4\u010d\u0161\u00edch \u0161portov\u00fdch v\u00fdziev nepripraven\u00fd? Regrutovanie hr\u00e1\u010dov bolo hlavn\u00fdm probl\u00e9mom finan\u010dne poddimenzovan\u00e9ho klubu, a tak sa aj jav\u00ed \u0165a\u017eenie druholigov\u00e9ho k\u00e1dra v Premier League. Tam v\u00e1s nezachr\u00e1ni va\u0161a charaktern\u00e1 osobnos\u0165 a stmelen\u00e1 kab\u00edna.<\/p>\n<h4><strong><em>&#8230;there are no guarantees in football.\u201d<\/em><\/strong><\/h4>\n<p>Ke\u010f Fulham v novembri porazil doma Albion 2:0, Bili\u0107 si tie kufre mohol bali\u0165 u\u017e o nie\u010do sk\u00f4r. Len\u017ee n\u00e1hrada pod\u013ea predst\u00e1v vedenie nebola pr\u00e1ve k dispoz\u00edcii. Allardyce vtedy v\u00e1hal. A to bolo mo\u017eno osudov\u00e1 chyba, ktor\u00e1 pri \u010fal\u0161\u00edch \u0161iestich odohran\u00fdch stretnutiach mohla zohra\u0165 rolu. To u\u017e v\u0161ak v j\u00fani nebude nikoho zauj\u00edma\u0165.<\/p>\n<p>Teraz je pri kormidle Big Sam, naroden\u00fd v Black Country, \u00fazem\u00ed vl\u010dej svorky, ktor\u00fa v mladosti aj podporoval. Tomu na popularite rozhodne nepridalo. Ani fakt, \u017ee ke\u010f ho ako asistenta tr\u00e9nera Briana Talbota na konci 80. rokov z West Bromu vyhodili, povedal, \u017ee sa tam u\u017e nikdy nevr\u00e1ti. A asi veru nemal.<\/p>\n<p>Po strat\u00e1ch bodov so Sheffieldom a znova s Fulhamom je zostupov\u00e1 priepas\u0165 a\u017e pr\u00edli\u0161 \u0161irok\u00e1. Allardyce hlavne nedok\u00e1zal okam\u017eite zapl\u00e1ta\u0165 derav\u00fa obranu. Jeho t\u00edm u\u017e s\u00edce p\u00f4sob\u00ed schopnej\u0161ie, odhodlane br\u00e1ni a organizovanie vyv\u00edja n\u00e1tlak na loptu ke\u010f treba. Zimn\u00e9 posily Diagne, Maitland-Niles a Yokuslu spravili tie\u017e dojem. No \u010di to bude sta\u010di\u0165, to sa jav\u00ed nepravdepodobn\u00e9.<\/p>\n<p style=\"text-align: center;\"><u>Absencie s\u00fapera:<\/u> Kieran Gibbs (krk), Robert Snodgrass (koleno, ot\u00e1zny \u0161tart)<\/p>\n<h4><strong>\u0160tatistick\u00e9 okienko:<\/strong><\/h4>\n<ul>\n<li>Everton je neporazen\u00fd vo svojich posledn\u00fdch piatich dueloch Premier League na ihrisku West Bromu (W3 D2) od prehry 2:0 v septembri 2012 pod veden\u00edm Davida Moyesa.<\/li>\n<li>West Brom si v posledn\u00fdch 12 ligov\u00fdch stretnutiach s Evertonom (D5 L6) vybojoval iba jedno v\u00ed\u0165azstvo &#8211; vo febru\u00e1ri 2016 zv\u00ed\u0165azili v Goodison Parku pod veden\u00edm Tonyho Pulisa 0:1.<\/li>\n<li>Everton sa sna\u017e\u00ed dosiahnu\u0165 svoje piate double v Premier League proti West Bromu (2002\/3, 2008\/9, 2011\/12 a\u00a02016\/17), ke\u010f v\u00a0prvom z\u00e1pase zv\u00ed\u0165azil 5:2. V s\u00fa\u010dasnosti maj\u00fa The Toffees zaknihovan\u00fdch viac double v Premier League iba proti Blackburnu (5x), Man City (5x) a West Hamu (5x).<\/li>\n<\/ul>\n<h3 style=\"text-align: center;\"><span style=\"color: #3366ff;\"><strong><em>Up The Toffees !!!<\/em><\/strong><\/span><\/h3>\n<hr \/>\n<p><strong>\u010co:<\/strong> West Bromwich Albion FC \u2013 Everton FC, 29. kolo Premier League<br \/>\n<strong>Kedy:<\/strong> 4.3. 2021 od 19:00 SE\u010c<br \/>\n<strong>Ako:<\/strong> bez priameho prenosu, ani z\u00e1znam<br \/>\n<strong>Kde:<\/strong> The Hawthorns \u2013 West Bromwich B71 4LF (bez div\u00e1kov)<br \/>\n<strong>Rozhodca:<\/strong> Darren England <strong>Asistenti:<\/strong> G. Beswick, J. Mainwaring <strong>\u0160tvrt\u00fd rozhodca:<\/strong> M. Atkinson<br \/>\n<strong>VAR: <\/strong>Michael Oliver <strong>Asistent VAR: <\/strong>Timothy Wood<\/p>\n","protected":false},"excerpt":{"rendered":"<p>V predohr\u00e1vke 29. kola Premier League zav\u00edtaj\u00fa Karamelky na hor\u00facu p\u00f4du druh\u00e9ho najv\u00e4\u010d\u0161ieho kandid\u00e1ta na zostup. The Baggies kou\u010duje n\u00e1\u0161 star\u00fd zn\u00e1my Big Sam.<\/p>\n","protected":false},"author":1,"featured_media":14438,"comment_status":"open","ping_status":"closed","sticky":false,"template":"","format":"standard","meta":{"_eb_attr":"","_monsterinsights_skip_tracking":false,"_monsterinsights_sitenote_active":false,"_monsterinsights_sitenote_note":"","_monsterinsights_sitenote_category":0,"footnotes":""},"categories":[4],"tags":[],"yoast_head":"<!-- This site is optimized with the Yoast SEO plugin v23.4 - https:\/\/yoast.com\/wordpress\/plugins\/seo\/ -->\n<title>Preview: West Bromwich Albion \u2013 Everton - Official Czech &amp; Slovak Everton Supporters&#039; Club<\/title>\n<meta name=\"robots\" content=\"index, follow, max-snippet:-1, max-image-preview:large, max-video-preview:-1\" \/>\n<link rel=\"canonical\" href=\"https:\/\/evertonfc.cz\/index.php\/2021\/03\/04\/preview-west-bromwich-albion-everton-8\/\" \/>\n<meta property=\"og:locale\" content=\"cs_CZ\" \/>\n<meta property=\"og:type\" content=\"article\" \/>\n<meta property=\"og:title\" content=\"Preview: West Bromwich Albion \u2013 Everton - Official Czech &amp; Slovak Everton Supporters&#039; Club\" \/>\n<meta property=\"og:description\" content=\"V predohr\u00e1vke 29. kola Premier League zav\u00edtaj\u00fa Karamelky na hor\u00facu p\u00f4du druh\u00e9ho najv\u00e4\u010d\u0161ieho kandid\u00e1ta na zostup. The Baggies kou\u010duje n\u00e1\u0161 star\u00fd zn\u00e1my Big Sam.\" \/>\n<meta property=\"og:url\" content=\"https:\/\/evertonfc.cz\/index.php\/2021\/03\/04\/preview-west-bromwich-albion-everton-8\/\" \/>\n<meta property=\"og:site_name\" content=\"Official Czech &amp; Slovak Everton Supporters&#039; Club\" \/>\n<meta property=\"article:publisher\" content=\"https:\/\/www.facebook.com\/everton.fans.cz.sk\" \/>\n<meta property=\"article:published_time\" content=\"2021-03-04T11:50:25+00:00\" \/>\n<meta property=\"article:modified_time\" content=\"2021-03-14T17:58:57+00:00\" \/>\n<meta property=\"og:image\" content=\"https:\/\/evertonfc.cz\/wp-content\/uploads\/2021\/03\/West-Bromwich-Albion-VS-Everton.jpg\" \/>\n\t<meta property=\"og:image:width\" content=\"720\" \/>\n\t<meta property=\"og:image:height\" content=\"405\" \/>\n\t<meta property=\"og:image:type\" content=\"image\/jpeg\" \/>\n<meta name=\"author\" content=\"BlueBlooded\" \/>\n<meta name=\"twitter:card\" content=\"summary_large_image\" \/>\n<meta name=\"twitter:label1\" content=\"Napsal(a)\" \/>\n\t<meta name=\"twitter:data1\" content=\"BlueBlooded\" \/>\n\t<meta name=\"twitter:label2\" content=\"Odhadovan\u00e1 doba \u010dten\u00ed\" \/>\n\t<meta name=\"twitter:data2\" content=\"4 minuty\" \/>\n<script type=\"application\/ld+json\" class=\"yoast-schema-graph\">{\"@context\":\"https:\/\/schema.org\",\"@graph\":[{\"@type\":\"Article\",\"@id\":\"https:\/\/evertonfc.cz\/index.php\/2021\/03\/04\/preview-west-bromwich-albion-everton-8\/#article\",\"isPartOf\":{\"@id\":\"https:\/\/evertonfc.cz\/index.php\/2021\/03\/04\/preview-west-bromwich-albion-everton-8\/\"},\"author\":{\"name\":\"BlueBlooded\",\"@id\":\"https:\/\/evertonfc.cz\/#\/schema\/person\/d4493b8cbea51532597fbc4685698916\"},\"headline\":\"Preview: West Bromwich Albion \u2013 Everton\",\"datePublished\":\"2021-03-04T11:50:25+00:00\",\"dateModified\":\"2021-03-14T17:58:57+00:00\",\"mainEntityOfPage\":{\"@id\":\"https:\/\/evertonfc.cz\/index.php\/2021\/03\/04\/preview-west-bromwich-albion-everton-8\/\"},\"wordCount\":841,\"commentCount\":5,\"publisher\":{\"@id\":\"https:\/\/evertonfc.cz\/#organization\"},\"image\":{\"@id\":\"https:\/\/evertonfc.cz\/index.php\/2021\/03\/04\/preview-west-bromwich-albion-everton-8\/#primaryimage\"},\"thumbnailUrl\":\"https:\/\/evertonfc.cz\/wp-content\/uploads\/2021\/03\/West-Bromwich-Albion-VS-Everton.jpg\",\"articleSection\":[\"Z\u00e1pasy\"],\"inLanguage\":\"cs\",\"potentialAction\":[{\"@type\":\"CommentAction\",\"name\":\"Comment\",\"target\":[\"https:\/\/evertonfc.cz\/index.php\/2021\/03\/04\/preview-west-bromwich-albion-everton-8\/#respond\"]}]},{\"@type\":\"WebPage\",\"@id\":\"https:\/\/evertonfc.cz\/index.php\/2021\/03\/04\/preview-west-bromwich-albion-everton-8\/\",\"url\":\"https:\/\/evertonfc.cz\/index.php\/2021\/03\/04\/preview-west-bromwich-albion-everton-8\/\",\"name\":\"Preview: West Bromwich Albion \u2013 Everton - Official Czech &amp; Slovak Everton Supporters&#039; Club\",\"isPartOf\":{\"@id\":\"https:\/\/evertonfc.cz\/#website\"},\"primaryImageOfPage\":{\"@id\":\"https:\/\/evertonfc.cz\/index.php\/2021\/03\/04\/preview-west-bromwich-albion-everton-8\/#primaryimage\"},\"image\":{\"@id\":\"https:\/\/evertonfc.cz\/index.php\/2021\/03\/04\/preview-west-bromwich-albion-everton-8\/#primaryimage\"},\"thumbnailUrl\":\"https:\/\/evertonfc.cz\/wp-content\/uploads\/2021\/03\/West-Bromwich-Albion-VS-Everton.jpg\",\"datePublished\":\"2021-03-04T11:50:25+00:00\",\"dateModified\":\"2021-03-14T17:58:57+00:00\",\"breadcrumb\":{\"@id\":\"https:\/\/evertonfc.cz\/index.php\/2021\/03\/04\/preview-west-bromwich-albion-everton-8\/#breadcrumb\"},\"inLanguage\":\"cs\",\"potentialAction\":[{\"@type\":\"ReadAction\",\"target\":[\"https:\/\/evertonfc.cz\/index.php\/2021\/03\/04\/preview-west-bromwich-albion-everton-8\/\"]}]},{\"@type\":\"ImageObject\",\"inLanguage\":\"cs\",\"@id\":\"https:\/\/evertonfc.cz\/index.php\/2021\/03\/04\/preview-west-bromwich-albion-everton-8\/#primaryimage\",\"url\":\"https:\/\/evertonfc.cz\/wp-content\/uploads\/2021\/03\/West-Bromwich-Albion-VS-Everton.jpg\",\"contentUrl\":\"https:\/\/evertonfc.cz\/wp-content\/uploads\/2021\/03\/West-Bromwich-Albion-VS-Everton.jpg\",\"width\":720,\"height\":405},{\"@type\":\"BreadcrumbList\",\"@id\":\"https:\/\/evertonfc.cz\/index.php\/2021\/03\/04\/preview-west-bromwich-albion-everton-8\/#breadcrumb\",\"itemListElement\":[{\"@type\":\"ListItem\",\"position\":1,\"name\":\"Home\",\"item\":\"https:\/\/evertonfc.cz\/\"},{\"@type\":\"ListItem\",\"position\":2,\"name\":\"Preview: West Bromwich Albion \u2013 Everton\"}]},{\"@type\":\"WebSite\",\"@id\":\"https:\/\/evertonfc.cz\/#website\",\"url\":\"https:\/\/evertonfc.cz\/\",\"name\":\"Official Czech &amp; Slovak Everton Supporters&#039; Club\",\"description\":\"\",\"publisher\":{\"@id\":\"https:\/\/evertonfc.cz\/#organization\"},\"potentialAction\":[{\"@type\":\"SearchAction\",\"target\":{\"@type\":\"EntryPoint\",\"urlTemplate\":\"https:\/\/evertonfc.cz\/?s={search_term_string}\"},\"query-input\":{\"@type\":\"PropertyValueSpecification\",\"valueRequired\":true,\"valueName\":\"search_term_string\"}}],\"inLanguage\":\"cs\"},{\"@type\":\"Organization\",\"@id\":\"https:\/\/evertonfc.cz\/#organization\",\"name\":\"Official Czech & Slovak Everton Supporters' Club\",\"url\":\"https:\/\/evertonfc.cz\/\",\"logo\":{\"@type\":\"ImageObject\",\"inLanguage\":\"cs\",\"@id\":\"https:\/\/evertonfc.cz\/#\/schema\/logo\/image\/\",\"url\":\"https:\/\/evertonfc.cz\/wp-content\/uploads\/2019\/05\/logo.png\",\"contentUrl\":\"https:\/\/evertonfc.cz\/wp-content\/uploads\/2019\/05\/logo.png\",\"width\":112,\"height\":112,\"caption\":\"Official Czech & Slovak Everton Supporters' Club\"},\"image\":{\"@id\":\"https:\/\/evertonfc.cz\/#\/schema\/logo\/image\/\"},\"sameAs\":[\"https:\/\/www.facebook.com\/everton.fans.cz.sk\"]},{\"@type\":\"Person\",\"@id\":\"https:\/\/evertonfc.cz\/#\/schema\/person\/d4493b8cbea51532597fbc4685698916\",\"name\":\"BlueBlooded\",\"url\":\"https:\/\/evertonfc.cz\/index.php\/author\/admin\/\"}]}<\/script>\n<!-- \/ Yoast SEO plugin. -->","yoast_head_json":{"title":"Preview: West Bromwich Albion \u2013 Everton - Official Czech &amp; Slovak Everton Supporters&#039; Club","robots":{"index":"index","follow":"follow","max-snippet":"max-snippet:-1","max-image-preview":"max-image-preview:large","max-video-preview":"max-video-preview:-1"},"canonical":"https:\/\/evertonfc.cz\/index.php\/2021\/03\/04\/preview-west-bromwich-albion-everton-8\/","og_locale":"cs_CZ","og_type":"article","og_title":"Preview: West Bromwich Albion \u2013 Everton - Official Czech &amp; Slovak Everton Supporters&#039; Club","og_description":"V predohr\u00e1vke 29. kola Premier League zav\u00edtaj\u00fa Karamelky na hor\u00facu p\u00f4du druh\u00e9ho najv\u00e4\u010d\u0161ieho kandid\u00e1ta na zostup. The Baggies kou\u010duje n\u00e1\u0161 star\u00fd zn\u00e1my Big Sam.","og_url":"https:\/\/evertonfc.cz\/index.php\/2021\/03\/04\/preview-west-bromwich-albion-everton-8\/","og_site_name":"Official Czech &amp; Slovak Everton Supporters&#039; Club","article_publisher":"https:\/\/www.facebook.com\/everton.fans.cz.sk","article_published_time":"2021-03-04T11:50:25+00:00","article_modified_time":"2021-03-14T17:58:57+00:00","og_image":[{"width":720,"height":405,"url":"https:\/\/evertonfc.cz\/wp-content\/uploads\/2021\/03\/West-Bromwich-Albion-VS-Everton.jpg","type":"image\/jpeg"}],"author":"BlueBlooded","twitter_card":"summary_large_image","twitter_misc":{"Napsal(a)":"BlueBlooded","Odhadovan\u00e1 doba \u010dten\u00ed":"4 minuty"},"schema":{"@context":"https:\/\/schema.org","@graph":[{"@type":"Article","@id":"https:\/\/evertonfc.cz\/index.php\/2021\/03\/04\/preview-west-bromwich-albion-everton-8\/#article","isPartOf":{"@id":"https:\/\/evertonfc.cz\/index.php\/2021\/03\/04\/preview-west-bromwich-albion-everton-8\/"},"author":{"name":"BlueBlooded","@id":"https:\/\/evertonfc.cz\/#\/schema\/person\/d4493b8cbea51532597fbc4685698916"},"headline":"Preview: West Bromwich Albion \u2013 Everton","datePublished":"2021-03-04T11:50:25+00:00","dateModified":"2021-03-14T17:58:57+00:00","mainEntityOfPage":{"@id":"https:\/\/evertonfc.cz\/index.php\/2021\/03\/04\/preview-west-bromwich-albion-everton-8\/"},"wordCount":841,"commentCount":5,"publisher":{"@id":"https:\/\/evertonfc.cz\/#organization"},"image":{"@id":"https:\/\/evertonfc.cz\/index.php\/2021\/03\/04\/preview-west-bromwich-albion-everton-8\/#primaryimage"},"thumbnailUrl":"https:\/\/evertonfc.cz\/wp-content\/uploads\/2021\/03\/West-Bromwich-Albion-VS-Everton.jpg","articleSection":["Z\u00e1pasy"],"inLanguage":"cs","potentialAction":[{"@type":"CommentAction","name":"Comment","target":["https:\/\/evertonfc.cz\/index.php\/2021\/03\/04\/preview-west-bromwich-albion-everton-8\/#respond"]}]},{"@type":"WebPage","@id":"https:\/\/evertonfc.cz\/index.php\/2021\/03\/04\/preview-west-bromwich-albion-everton-8\/","url":"https:\/\/evertonfc.cz\/index.php\/2021\/03\/04\/preview-west-bromwich-albion-everton-8\/","name":"Preview: West Bromwich Albion \u2013 Everton - Official Czech &amp; Slovak Everton Supporters&#039; Club","isPartOf":{"@id":"https:\/\/evertonfc.cz\/#website"},"primaryImageOfPage":{"@id":"https:\/\/evertonfc.cz\/index.php\/2021\/03\/04\/preview-west-bromwich-albion-everton-8\/#primaryimage"},"image":{"@id":"https:\/\/evertonfc.cz\/index.php\/2021\/03\/04\/preview-west-bromwich-albion-everton-8\/#primaryimage"},"thumbnailUrl":"https:\/\/evertonfc.cz\/wp-content\/uploads\/2021\/03\/West-Bromwich-Albion-VS-Everton.jpg","datePublished":"2021-03-04T11:50:25+00:00","dateModified":"2021-03-14T17:58:57+00:00","breadcrumb":{"@id":"https:\/\/evertonfc.cz\/index.php\/2021\/03\/04\/preview-west-bromwich-albion-everton-8\/#breadcrumb"},"inLanguage":"cs","potentialAction":[{"@type":"ReadAction","target":["https:\/\/evertonfc.cz\/index.php\/2021\/03\/04\/preview-west-bromwich-albion-everton-8\/"]}]},{"@type":"ImageObject","inLanguage":"cs","@id":"https:\/\/evertonfc.cz\/index.php\/2021\/03\/04\/preview-west-bromwich-albion-everton-8\/#primaryimage","url":"https:\/\/evertonfc.cz\/wp-content\/uploads\/2021\/03\/West-Bromwich-Albion-VS-Everton.jpg","contentUrl":"https:\/\/evertonfc.cz\/wp-content\/uploads\/2021\/03\/West-Bromwich-Albion-VS-Everton.jpg","width":720,"height":405},{"@type":"BreadcrumbList","@id":"https:\/\/evertonfc.cz\/index.php\/2021\/03\/04\/preview-west-bromwich-albion-everton-8\/#breadcrumb","itemListElement":[{"@type":"ListItem","position":1,"name":"Home","item":"https:\/\/evertonfc.cz\/"},{"@type":"ListItem","position":2,"name":"Preview: West Bromwich Albion \u2013 Everton"}]},{"@type":"WebSite","@id":"https:\/\/evertonfc.cz\/#website","url":"https:\/\/evertonfc.cz\/","name":"Official Czech &amp; Slovak Everton Supporters&#039; Club","description":"","publisher":{"@id":"https:\/\/evertonfc.cz\/#organization"},"potentialAction":[{"@type":"SearchAction","target":{"@type":"EntryPoint","urlTemplate":"https:\/\/evertonfc.cz\/?s={search_term_string}"},"query-input":{"@type":"PropertyValueSpecification","valueRequired":true,"valueName":"search_term_string"}}],"inLanguage":"cs"},{"@type":"Organization","@id":"https:\/\/evertonfc.cz\/#organization","name":"Official Czech & Slovak Everton Supporters' Club","url":"https:\/\/evertonfc.cz\/","logo":{"@type":"ImageObject","inLanguage":"cs","@id":"https:\/\/evertonfc.cz\/#\/schema\/logo\/image\/","url":"https:\/\/evertonfc.cz\/wp-content\/uploads\/2019\/05\/logo.png","contentUrl":"https:\/\/evertonfc.cz\/wp-content\/uploads\/2019\/05\/logo.png","width":112,"height":112,"caption":"Official Czech & Slovak Everton Supporters' Club"},"image":{"@id":"https:\/\/evertonfc.cz\/#\/schema\/logo\/image\/"},"sameAs":["https:\/\/www.facebook.com\/everton.fans.cz.sk"]},{"@type":"Person","@id":"https:\/\/evertonfc.cz\/#\/schema\/person\/d4493b8cbea51532597fbc4685698916","name":"BlueBlooded","url":"https:\/\/evertonfc.cz\/index.php\/author\/admin\/"}]}},"_links":{"self":[{"href":"https:\/\/evertonfc.cz\/index.php\/wp-json\/wp\/v2\/posts\/14452"}],"collection":[{"href":"https:\/\/evertonfc.cz\/index.php\/wp-json\/wp\/v2\/posts"}],"about":[{"href":"https:\/\/evertonfc.cz\/index.php\/wp-json\/wp\/v2\/types\/post"}],"author":[{"embeddable":true,"href":"https:\/\/evertonfc.cz\/index.php\/wp-json\/wp\/v2\/users\/1"}],"replies":[{"embeddable":true,"href":"https:\/\/evertonfc.cz\/index.php\/wp-json\/wp\/v2\/comments?post=14452"}],"version-history":[{"count":14,"href":"https:\/\/evertonfc.cz\/index.php\/wp-json\/wp\/v2\/posts\/14452\/revisions"}],"predecessor-version":[{"id":14662,"href":"https:\/\/evertonfc.cz\/index.php\/wp-json\/wp\/v2\/posts\/14452\/revisions\/14662"}],"wp:featuredmedia":[{"embeddable":true,"href":"https:\/\/evertonfc.cz\/index.php\/wp-json\/wp\/v2\/media\/14438"}],"wp:attachment":[{"href":"https:\/\/evertonfc.cz\/index.php\/wp-json\/wp\/v2\/media?parent=14452"}],"wp:term":[{"taxonomy":"category","embeddable":true,"href":"https:\/\/evertonfc.cz\/index.php\/wp-json\/wp\/v2\/categories?post=14452"},{"taxonomy":"post_tag","embeddable":true,"href":"https:\/\/evertonfc.cz\/index.php\/wp-json\/wp\/v2\/tags?post=14452"}],"curies":[{"name":"wp","href":"https:\/\/api.w.org\/{rel}","templated":true}]}}