{"id":1446,"date":"2018-12-14T21:59:16","date_gmt":"2018-12-14T20:59:16","guid":{"rendered":"http:\/\/evertonfc.cz\/?p=1446"},"modified":"2021-02-17T15:56:39","modified_gmt":"2021-02-17T14:56:39","slug":"preview-manchester-city-everton","status":"publish","type":"post","link":"https:\/\/evertonfc.cz\/index.php\/2018\/12\/14\/preview-manchester-city-everton\/","title":{"rendered":"Preview: Manchester City &#8211; Everton"},"content":{"rendered":"<h4>Toffees se na \u00favod programu 17. kola leto\u0161n\u00ed sez\u00f3ny Premier League\u00a0p\u0159edstav\u00ed na p\u016fd\u011b Manchesteru City neboli nejv\u011bt\u0161\u00edho aspiranta na zisk ligov\u00e9ho titulu.<\/h4>\n<p>Za\u010d\u00e1tek prosince Everton nezastihl v ide\u00e1ln\u00ed pohod\u011b. Ze t\u0159\u00ed z\u00e1pas\u016f s Liverpoolem, Newcastlem a Watfordem vydoloval pouze dva body a do fanou\u0161ky obl\u00edben\u00e9ho v\u00e1no\u010dn\u00edho obdob\u00ed vstupuje s po\u0161ramocen\u00fdm sebev\u011bdom\u00edm.<\/p>\n<p>Etihad Stadium je nav\u00edc pro anglick\u00e9 celky snad posledn\u00edm m\u00edstem, kter\u00e9 p\u0159ich\u00e1z\u00ed v \u00favahu p\u0159i pomy\u0161len\u00ed na spraven\u00ed n\u00e1lady. Citizens vyhr\u00e1li v\u0161ech posledn\u00edch dev\u011bt dom\u00e1c\u00edch z\u00e1pas\u016f (naposledy 2:1 ve st\u0159edu s Hoffenheimem v Lize mistr\u016f) a s t\u00fdmem mimo &#8222;velkou ligovou \u0161estku&#8220; neprohr\u00e1li 51 z\u00e1pas\u016f (naposledy 0:4 s Evertonem v lo\u0148sk\u00e9m roce).<\/p>\n<p>Neporazitelnost v leto\u0161n\u00ed ro\u010dn\u00edku Premier League ztratili pouze p\u0159ed t\u00fddnem, kdy\u017e podlehli venku Chelsea 0:2, \u010d\u00edm\u017e tak\u00e9 p\u0159enechali prvn\u00ed m\u00edsto v tabulce Liverpoolu. Do sobotn\u00edho souboje tak st\u00e1vaj\u00edc\u00ed mist\u0159i p\u016fjdou s motivac\u00ed vr\u00e1tit se na v\u00edt\u011bznou ligovou vlnu, k \u010demu\u017e se zraniteln\u00fd Everton zd\u00e1 b\u00fdt vhodn\u00fdm soupe\u0159em. Guardiolu sice tr\u00e1p\u00ed rozs\u00e1hl\u00e1 marodka \u2013 pro zran\u011bn\u00ed nenastoup\u00ed kreativn\u00ed z\u00e1lo\u017en\u00edk David Silva i jedin\u00fd lev\u00fd obr\u00e1nce v t\u00fdmu Bernard Mendy a rovn\u011b\u017e\u00a0d\u00e1le starty Danila, Stonese, Fernandinha, de Bruyneho a Ag\u00fcera jsou nejist\u00e9 \u2013 na druhou stranu jeho siln\u00fd k\u00e1dr nab\u00edz\u00ed po\u010detn\u00e9 a adekv\u00e1tn\u00ed mo\u017enosti.<\/p>\n<p>Everton od za\u010d\u00e1tku srpna st\u00e1le \u010dek\u00e1 na skalp t\u00fdmu z\u00a0elitn\u00ed \u0161estky, t\u0159eba\u017ee se vytasil s\u00a0n\u011bkolika kvalitn\u00edmi v\u00fdkony. Bude zaj\u00edmav\u00e9 sledovat, zda se Marco Silva rozhodne pro zm\u011bnu stylu hry, \u010di aspo\u0148 rozestaven\u00ed, ve snaze zasko\u010dit protivn\u00edka a z\u00e1rove\u0148 trochu okysli\u010dit vlastn\u00ed t\u00fdm.<\/p>\n<p>Kl\u00ed\u010dov\u00fdm hybatelem on\u00e9 zm\u011bny by mohlo b\u00fdt zran\u011bn\u00ed d\u016fle\u017eit\u00e9ho st\u0159edopola\u0159e Idrissy Gueyeho, kter\u00fd si z\u00a0pond\u011bln\u00edho utk\u00e1n\u00ed odnesl bolav\u00fd \u0161r\u00e1m. Jeho p\u0159\u00edpadnou absenci lze vy\u0159e\u0161it p\u0159eskupen\u00edm na formaci se t\u0159emi stopery, nebo tak\u00e9 n\u00e1hradou mu\u017ee za mu\u017ee. P\u0159i druh\u00e9m \u0159e\u0161en\u00ed p\u0159ipad\u00e1 v \u00favahu mlad\u00fd Tom Davies, \u010di Morgan Schneiderlin, pro n\u011bho\u017e to m\u016f\u017ee b\u00fdt posledn\u00ed \u0161ance v\u00a0Evertonu.<\/p>\n<p>Silva v r\u00e1mci p\u0159edz\u00e1pasov\u00e9 p\u0159\u00edpravy ur\u010dit\u011b odhalil, \u017ee loni na Etihad Stadium p\u0159i rem\u00edze 1:1 odehr\u00e1l\u00a0velmi dobr\u00fdch 90 minut Dominic Calvert-Lewin. Nasazen\u00ed energick\u00e9ho a rychl\u00e9ho \u00fato\u010dn\u00edka je jednou z\u00a0variant i letos.<\/p>\n<p>\u00dasp\u011bch na h\u0159i\u0161ti siln\u00e9ho Manchesteru City by se rovnal mal\u00e9mu v\u00e1no\u010dn\u00edmu z\u00e1zraku, kter\u00fd by \u010de\u0161t\u00ed a sloven\u0161t\u00ed Evertonians zcela jist\u011b n\u00e1le\u017eit\u011b oslavili\u00a0na sv\u00e9m srazu. Chce\u0161 slavit s\u00a0nimi?<\/p>\n<p><strong>Co:<\/strong>\u00a0Manchester City FC \u2013 Everton FC, 17. kolo Premier League<br \/>\n<strong>Kdy:<\/strong>\u00a015. 12. 2018 od 13:30 SE\u010c<br \/>\n<strong>Kde:<\/strong>\u00a0Ashton New Road, Manchester (kapacita: 55 097)<br \/>\n<strong>Rozhod\u010d\u00ed:<\/strong>\u00a0Craig Pawson<\/p>\n","protected":false},"excerpt":{"rendered":"<p>Toffees se na \u00favod programu 17. kola leto\u0161n\u00ed sez\u00f3ny Premier League\u00a0p\u0159edstav\u00ed na p\u016fd\u011b Manchesteru City neboli nejv\u011bt\u0161\u00edho aspiranta na zisk&hellip;<\/p>\n","protected":false},"author":6,"featured_media":14182,"comment_status":"open","ping_status":"closed","sticky":false,"template":"","format":"standard","meta":{"_eb_attr":"","_monsterinsights_skip_tracking":false,"_monsterinsights_sitenote_active":false,"_monsterinsights_sitenote_note":"","_monsterinsights_sitenote_category":0,"footnotes":""},"categories":[4],"tags":[],"yoast_head":"<!-- This site is optimized with the Yoast SEO plugin v23.4 - https:\/\/yoast.com\/wordpress\/plugins\/seo\/ -->\n<title>Preview: Manchester City - Everton - Official Czech &amp; Slovak Everton Supporters&#039; Club<\/title>\n<meta name=\"robots\" content=\"index, follow, max-snippet:-1, max-image-preview:large, max-video-preview:-1\" \/>\n<link rel=\"canonical\" href=\"https:\/\/evertonfc.cz\/index.php\/2018\/12\/14\/preview-manchester-city-everton\/\" \/>\n<meta property=\"og:locale\" content=\"cs_CZ\" \/>\n<meta property=\"og:type\" content=\"article\" \/>\n<meta property=\"og:title\" content=\"Preview: Manchester City - Everton - Official Czech &amp; Slovak Everton Supporters&#039; Club\" \/>\n<meta property=\"og:description\" content=\"Toffees se na \u00favod programu 17. kola leto\u0161n\u00ed sez\u00f3ny Premier League\u00a0p\u0159edstav\u00ed na p\u016fd\u011b Manchesteru City neboli nejv\u011bt\u0161\u00edho aspiranta na zisk&hellip;\" \/>\n<meta property=\"og:url\" content=\"https:\/\/evertonfc.cz\/index.php\/2018\/12\/14\/preview-manchester-city-everton\/\" \/>\n<meta property=\"og:site_name\" content=\"Official Czech &amp; Slovak Everton Supporters&#039; Club\" \/>\n<meta property=\"article:publisher\" content=\"https:\/\/www.facebook.com\/everton.fans.cz.sk\" \/>\n<meta property=\"article:published_time\" content=\"2018-12-14T20:59:16+00:00\" \/>\n<meta property=\"article:modified_time\" content=\"2021-02-17T14:56:39+00:00\" \/>\n<meta property=\"og:image\" content=\"https:\/\/evertonfc.cz\/wp-content\/uploads\/2021\/02\/Manchester-City-VS-Everton.jpg\" \/>\n\t<meta property=\"og:image:width\" content=\"720\" \/>\n\t<meta property=\"og:image:height\" content=\"405\" \/>\n\t<meta property=\"og:image:type\" content=\"image\/jpeg\" \/>\n<meta name=\"author\" content=\"Ri\u010di\" \/>\n<meta name=\"twitter:card\" content=\"summary_large_image\" \/>\n<meta name=\"twitter:creator\" content=\"@rbrejsa\" \/>\n<meta name=\"twitter:label1\" content=\"Napsal(a)\" \/>\n\t<meta name=\"twitter:data1\" content=\"Ri\u010di\" \/>\n\t<meta name=\"twitter:label2\" content=\"Odhadovan\u00e1 doba \u010dten\u00ed\" \/>\n\t<meta name=\"twitter:data2\" content=\"3 minuty\" \/>\n<script type=\"application\/ld+json\" class=\"yoast-schema-graph\">{\"@context\":\"https:\/\/schema.org\",\"@graph\":[{\"@type\":\"Article\",\"@id\":\"https:\/\/evertonfc.cz\/index.php\/2018\/12\/14\/preview-manchester-city-everton\/#article\",\"isPartOf\":{\"@id\":\"https:\/\/evertonfc.cz\/index.php\/2018\/12\/14\/preview-manchester-city-everton\/\"},\"author\":{\"name\":\"Ri\u010di\",\"@id\":\"https:\/\/evertonfc.cz\/#\/schema\/person\/f7a5daedb2ffee98480bc70e191aaef1\"},\"headline\":\"Preview: Manchester City &#8211; Everton\",\"datePublished\":\"2018-12-14T20:59:16+00:00\",\"dateModified\":\"2021-02-17T14:56:39+00:00\",\"mainEntityOfPage\":{\"@id\":\"https:\/\/evertonfc.cz\/index.php\/2018\/12\/14\/preview-manchester-city-everton\/\"},\"wordCount\":524,\"commentCount\":0,\"publisher\":{\"@id\":\"https:\/\/evertonfc.cz\/#organization\"},\"image\":{\"@id\":\"https:\/\/evertonfc.cz\/index.php\/2018\/12\/14\/preview-manchester-city-everton\/#primaryimage\"},\"thumbnailUrl\":\"https:\/\/evertonfc.cz\/wp-content\/uploads\/2021\/02\/Manchester-City-VS-Everton.jpg\",\"articleSection\":[\"Z\u00e1pasy\"],\"inLanguage\":\"cs\",\"potentialAction\":[{\"@type\":\"CommentAction\",\"name\":\"Comment\",\"target\":[\"https:\/\/evertonfc.cz\/index.php\/2018\/12\/14\/preview-manchester-city-everton\/#respond\"]}]},{\"@type\":\"WebPage\",\"@id\":\"https:\/\/evertonfc.cz\/index.php\/2018\/12\/14\/preview-manchester-city-everton\/\",\"url\":\"https:\/\/evertonfc.cz\/index.php\/2018\/12\/14\/preview-manchester-city-everton\/\",\"name\":\"Preview: Manchester City - Everton - Official Czech &amp; Slovak Everton Supporters&#039; Club\",\"isPartOf\":{\"@id\":\"https:\/\/evertonfc.cz\/#website\"},\"primaryImageOfPage\":{\"@id\":\"https:\/\/evertonfc.cz\/index.php\/2018\/12\/14\/preview-manchester-city-everton\/#primaryimage\"},\"image\":{\"@id\":\"https:\/\/evertonfc.cz\/index.php\/2018\/12\/14\/preview-manchester-city-everton\/#primaryimage\"},\"thumbnailUrl\":\"https:\/\/evertonfc.cz\/wp-content\/uploads\/2021\/02\/Manchester-City-VS-Everton.jpg\",\"datePublished\":\"2018-12-14T20:59:16+00:00\",\"dateModified\":\"2021-02-17T14:56:39+00:00\",\"breadcrumb\":{\"@id\":\"https:\/\/evertonfc.cz\/index.php\/2018\/12\/14\/preview-manchester-city-everton\/#breadcrumb\"},\"inLanguage\":\"cs\",\"potentialAction\":[{\"@type\":\"ReadAction\",\"target\":[\"https:\/\/evertonfc.cz\/index.php\/2018\/12\/14\/preview-manchester-city-everton\/\"]}]},{\"@type\":\"ImageObject\",\"inLanguage\":\"cs\",\"@id\":\"https:\/\/evertonfc.cz\/index.php\/2018\/12\/14\/preview-manchester-city-everton\/#primaryimage\",\"url\":\"https:\/\/evertonfc.cz\/wp-content\/uploads\/2021\/02\/Manchester-City-VS-Everton.jpg\",\"contentUrl\":\"https:\/\/evertonfc.cz\/wp-content\/uploads\/2021\/02\/Manchester-City-VS-Everton.jpg\",\"width\":720,\"height\":405},{\"@type\":\"BreadcrumbList\",\"@id\":\"https:\/\/evertonfc.cz\/index.php\/2018\/12\/14\/preview-manchester-city-everton\/#breadcrumb\",\"itemListElement\":[{\"@type\":\"ListItem\",\"position\":1,\"name\":\"Home\",\"item\":\"https:\/\/evertonfc.cz\/\"},{\"@type\":\"ListItem\",\"position\":2,\"name\":\"Preview: Manchester City &#8211; Everton\"}]},{\"@type\":\"WebSite\",\"@id\":\"https:\/\/evertonfc.cz\/#website\",\"url\":\"https:\/\/evertonfc.cz\/\",\"name\":\"Official Czech &amp; Slovak Everton Supporters&#039; Club\",\"description\":\"\",\"publisher\":{\"@id\":\"https:\/\/evertonfc.cz\/#organization\"},\"potentialAction\":[{\"@type\":\"SearchAction\",\"target\":{\"@type\":\"EntryPoint\",\"urlTemplate\":\"https:\/\/evertonfc.cz\/?s={search_term_string}\"},\"query-input\":{\"@type\":\"PropertyValueSpecification\",\"valueRequired\":true,\"valueName\":\"search_term_string\"}}],\"inLanguage\":\"cs\"},{\"@type\":\"Organization\",\"@id\":\"https:\/\/evertonfc.cz\/#organization\",\"name\":\"Official Czech & Slovak Everton Supporters' Club\",\"url\":\"https:\/\/evertonfc.cz\/\",\"logo\":{\"@type\":\"ImageObject\",\"inLanguage\":\"cs\",\"@id\":\"https:\/\/evertonfc.cz\/#\/schema\/logo\/image\/\",\"url\":\"https:\/\/evertonfc.cz\/wp-content\/uploads\/2019\/05\/logo.png\",\"contentUrl\":\"https:\/\/evertonfc.cz\/wp-content\/uploads\/2019\/05\/logo.png\",\"width\":112,\"height\":112,\"caption\":\"Official Czech & Slovak Everton Supporters' Club\"},\"image\":{\"@id\":\"https:\/\/evertonfc.cz\/#\/schema\/logo\/image\/\"},\"sameAs\":[\"https:\/\/www.facebook.com\/everton.fans.cz.sk\"]},{\"@type\":\"Person\",\"@id\":\"https:\/\/evertonfc.cz\/#\/schema\/person\/f7a5daedb2ffee98480bc70e191aaef1\",\"name\":\"Ri\u010di\",\"sameAs\":[\"https:\/\/x.com\/rbrejsa\"],\"url\":\"https:\/\/evertonfc.cz\/index.php\/author\/rici\/\"}]}<\/script>\n<!-- \/ Yoast SEO plugin. -->","yoast_head_json":{"title":"Preview: Manchester City - Everton - Official Czech &amp; Slovak Everton Supporters&#039; Club","robots":{"index":"index","follow":"follow","max-snippet":"max-snippet:-1","max-image-preview":"max-image-preview:large","max-video-preview":"max-video-preview:-1"},"canonical":"https:\/\/evertonfc.cz\/index.php\/2018\/12\/14\/preview-manchester-city-everton\/","og_locale":"cs_CZ","og_type":"article","og_title":"Preview: Manchester City - Everton - Official Czech &amp; Slovak Everton Supporters&#039; Club","og_description":"Toffees se na \u00favod programu 17. kola leto\u0161n\u00ed sez\u00f3ny Premier League\u00a0p\u0159edstav\u00ed na p\u016fd\u011b Manchesteru City neboli nejv\u011bt\u0161\u00edho aspiranta na zisk&hellip;","og_url":"https:\/\/evertonfc.cz\/index.php\/2018\/12\/14\/preview-manchester-city-everton\/","og_site_name":"Official Czech &amp; Slovak Everton Supporters&#039; Club","article_publisher":"https:\/\/www.facebook.com\/everton.fans.cz.sk","article_published_time":"2018-12-14T20:59:16+00:00","article_modified_time":"2021-02-17T14:56:39+00:00","og_image":[{"width":720,"height":405,"url":"https:\/\/evertonfc.cz\/wp-content\/uploads\/2021\/02\/Manchester-City-VS-Everton.jpg","type":"image\/jpeg"}],"author":"Ri\u010di","twitter_card":"summary_large_image","twitter_creator":"@rbrejsa","twitter_misc":{"Napsal(a)":"Ri\u010di","Odhadovan\u00e1 doba \u010dten\u00ed":"3 minuty"},"schema":{"@context":"https:\/\/schema.org","@graph":[{"@type":"Article","@id":"https:\/\/evertonfc.cz\/index.php\/2018\/12\/14\/preview-manchester-city-everton\/#article","isPartOf":{"@id":"https:\/\/evertonfc.cz\/index.php\/2018\/12\/14\/preview-manchester-city-everton\/"},"author":{"name":"Ri\u010di","@id":"https:\/\/evertonfc.cz\/#\/schema\/person\/f7a5daedb2ffee98480bc70e191aaef1"},"headline":"Preview: Manchester City &#8211; Everton","datePublished":"2018-12-14T20:59:16+00:00","dateModified":"2021-02-17T14:56:39+00:00","mainEntityOfPage":{"@id":"https:\/\/evertonfc.cz\/index.php\/2018\/12\/14\/preview-manchester-city-everton\/"},"wordCount":524,"commentCount":0,"publisher":{"@id":"https:\/\/evertonfc.cz\/#organization"},"image":{"@id":"https:\/\/evertonfc.cz\/index.php\/2018\/12\/14\/preview-manchester-city-everton\/#primaryimage"},"thumbnailUrl":"https:\/\/evertonfc.cz\/wp-content\/uploads\/2021\/02\/Manchester-City-VS-Everton.jpg","articleSection":["Z\u00e1pasy"],"inLanguage":"cs","potentialAction":[{"@type":"CommentAction","name":"Comment","target":["https:\/\/evertonfc.cz\/index.php\/2018\/12\/14\/preview-manchester-city-everton\/#respond"]}]},{"@type":"WebPage","@id":"https:\/\/evertonfc.cz\/index.php\/2018\/12\/14\/preview-manchester-city-everton\/","url":"https:\/\/evertonfc.cz\/index.php\/2018\/12\/14\/preview-manchester-city-everton\/","name":"Preview: Manchester City - Everton - Official Czech &amp; Slovak Everton Supporters&#039; Club","isPartOf":{"@id":"https:\/\/evertonfc.cz\/#website"},"primaryImageOfPage":{"@id":"https:\/\/evertonfc.cz\/index.php\/2018\/12\/14\/preview-manchester-city-everton\/#primaryimage"},"image":{"@id":"https:\/\/evertonfc.cz\/index.php\/2018\/12\/14\/preview-manchester-city-everton\/#primaryimage"},"thumbnailUrl":"https:\/\/evertonfc.cz\/wp-content\/uploads\/2021\/02\/Manchester-City-VS-Everton.jpg","datePublished":"2018-12-14T20:59:16+00:00","dateModified":"2021-02-17T14:56:39+00:00","breadcrumb":{"@id":"https:\/\/evertonfc.cz\/index.php\/2018\/12\/14\/preview-manchester-city-everton\/#breadcrumb"},"inLanguage":"cs","potentialAction":[{"@type":"ReadAction","target":["https:\/\/evertonfc.cz\/index.php\/2018\/12\/14\/preview-manchester-city-everton\/"]}]},{"@type":"ImageObject","inLanguage":"cs","@id":"https:\/\/evertonfc.cz\/index.php\/2018\/12\/14\/preview-manchester-city-everton\/#primaryimage","url":"https:\/\/evertonfc.cz\/wp-content\/uploads\/2021\/02\/Manchester-City-VS-Everton.jpg","contentUrl":"https:\/\/evertonfc.cz\/wp-content\/uploads\/2021\/02\/Manchester-City-VS-Everton.jpg","width":720,"height":405},{"@type":"BreadcrumbList","@id":"https:\/\/evertonfc.cz\/index.php\/2018\/12\/14\/preview-manchester-city-everton\/#breadcrumb","itemListElement":[{"@type":"ListItem","position":1,"name":"Home","item":"https:\/\/evertonfc.cz\/"},{"@type":"ListItem","position":2,"name":"Preview: Manchester City &#8211; Everton"}]},{"@type":"WebSite","@id":"https:\/\/evertonfc.cz\/#website","url":"https:\/\/evertonfc.cz\/","name":"Official Czech &amp; Slovak Everton Supporters&#039; Club","description":"","publisher":{"@id":"https:\/\/evertonfc.cz\/#organization"},"potentialAction":[{"@type":"SearchAction","target":{"@type":"EntryPoint","urlTemplate":"https:\/\/evertonfc.cz\/?s={search_term_string}"},"query-input":{"@type":"PropertyValueSpecification","valueRequired":true,"valueName":"search_term_string"}}],"inLanguage":"cs"},{"@type":"Organization","@id":"https:\/\/evertonfc.cz\/#organization","name":"Official Czech & Slovak Everton Supporters' Club","url":"https:\/\/evertonfc.cz\/","logo":{"@type":"ImageObject","inLanguage":"cs","@id":"https:\/\/evertonfc.cz\/#\/schema\/logo\/image\/","url":"https:\/\/evertonfc.cz\/wp-content\/uploads\/2019\/05\/logo.png","contentUrl":"https:\/\/evertonfc.cz\/wp-content\/uploads\/2019\/05\/logo.png","width":112,"height":112,"caption":"Official Czech & Slovak Everton Supporters' Club"},"image":{"@id":"https:\/\/evertonfc.cz\/#\/schema\/logo\/image\/"},"sameAs":["https:\/\/www.facebook.com\/everton.fans.cz.sk"]},{"@type":"Person","@id":"https:\/\/evertonfc.cz\/#\/schema\/person\/f7a5daedb2ffee98480bc70e191aaef1","name":"Ri\u010di","sameAs":["https:\/\/x.com\/rbrejsa"],"url":"https:\/\/evertonfc.cz\/index.php\/author\/rici\/"}]}},"_links":{"self":[{"href":"https:\/\/evertonfc.cz\/index.php\/wp-json\/wp\/v2\/posts\/1446"}],"collection":[{"href":"https:\/\/evertonfc.cz\/index.php\/wp-json\/wp\/v2\/posts"}],"about":[{"href":"https:\/\/evertonfc.cz\/index.php\/wp-json\/wp\/v2\/types\/post"}],"author":[{"embeddable":true,"href":"https:\/\/evertonfc.cz\/index.php\/wp-json\/wp\/v2\/users\/6"}],"replies":[{"embeddable":true,"href":"https:\/\/evertonfc.cz\/index.php\/wp-json\/wp\/v2\/comments?post=1446"}],"version-history":[{"count":1,"href":"https:\/\/evertonfc.cz\/index.php\/wp-json\/wp\/v2\/posts\/1446\/revisions"}],"predecessor-version":[{"id":1447,"href":"https:\/\/evertonfc.cz\/index.php\/wp-json\/wp\/v2\/posts\/1446\/revisions\/1447"}],"wp:featuredmedia":[{"embeddable":true,"href":"https:\/\/evertonfc.cz\/index.php\/wp-json\/wp\/v2\/media\/14182"}],"wp:attachment":[{"href":"https:\/\/evertonfc.cz\/index.php\/wp-json\/wp\/v2\/media?parent=1446"}],"wp:term":[{"taxonomy":"category","embeddable":true,"href":"https:\/\/evertonfc.cz\/index.php\/wp-json\/wp\/v2\/categories?post=1446"},{"taxonomy":"post_tag","embeddable":true,"href":"https:\/\/evertonfc.cz\/index.php\/wp-json\/wp\/v2\/tags?post=1446"}],"curies":[{"name":"wp","href":"https:\/\/api.w.org\/{rel}","templated":true}]}}