{"id":14478,"date":"2021-03-04T21:02:23","date_gmt":"2021-03-04T20:02:23","guid":{"rendered":"https:\/\/evertonfc.cz\/?p=14478"},"modified":"2021-03-04T21:47:09","modified_gmt":"2021-03-04T20:47:09","slug":"west-bromwich-albion-everton-0-1","status":"publish","type":"post","link":"https:\/\/evertonfc.cz\/index.php\/2021\/03\/04\/west-bromwich-albion-everton-0-1\/","title":{"rendered":"West Bromwich Albion \u2013 Everton 0:1"},"content":{"rendered":"<h4>Toffees na The Hawthorns neoslnili, nakonec ale utrp\u011bli v\u00fdhru kv\u016fli \u010dtvrt\u00e9mu g\u00f3lu Richarlisona v \u0159ad\u011b, a tak stoupaj\u00ed tabulkou.<\/h4>\n<p>Oproti pond\u011bln\u00edmu v\u00edt\u011bzn\u00e9mu z\u00e1pasu se Southamptonem provedl Carlo Ancelotti dv\u011b zm\u011bny v z\u00e1kladn\u00ed sestav\u011b. Na lavi\u010dku usedli Allan a Sigurdsson, naopak trochu p\u0159ekvapivou \u0161anci dostali Iwobi a Bernard. Olsen, Coleman, Davies ani Rodr\u00edguez nestihli vyl\u00e9\u010dit sv\u00e1 men\u0161\u00ed zran\u011bn\u00ed.<\/p>\n<p>Everton za\u010dal utk\u00e1n\u00ed velmi lehkov\u00e1\u017en\u011b ztr\u00e1tou m\u00ed\u010de p\u0159ed vlastn\u00edm v\u00e1pnem, co\u017e z\u00e1hy vy\u00fastilo v nebezpe\u010dnou hlavi\u010dku dom\u00e1c\u00edho \u00fato\u010dn\u00edka Diagneho, kterou skv\u011bl\u00fdm z\u00e1krokem vyrazil Pickford.<\/p>\n<p>\u00davodn\u00ed zav\u00e1h\u00e1n\u00ed snad p\u0159edpov\u011bd\u011blo n\u00e1sleduj\u00edc\u00ed minuty tr\u00e1pen\u00ed. Evertonu, jen\u017e hr\u00e1l v rozestaven\u00ed se t\u0159emi stopery a wing-backy, to drhlo od v\u00fdstavby rozehr\u00e1vky a\u017e po fin\u00e1ln\u00ed f\u00e1zi. Sv\u00e9 prvn\u00ed \u0161ance v utk\u00e1n\u00ed si vypracoval a\u017e ke konci polo\u010dasu. Nejprve Richarlison p\u00e1lil z \u00fahlu nad br\u00e1nu a o chv\u00edli pozd\u011bji Calvert-Lewin nedok\u00e1zal v jasn\u00e9 g\u00f3l\u00f3vce uklidit odr\u00e1\u017een\u00fd m\u00ed\u010d z prostoru penalty do br\u00e1ny.<\/p>\n<p>Toffees pokra\u010dovali v neut\u011b\u0161en\u00e9m p\u0159edstaven\u00ed tak\u00e9 po polo\u010dasov\u00e9 p\u0159est\u00e1vce. Ancelotti se to odhodlal zm\u011bnit dv\u011bma slepen\u00fdmi st\u0159\u00edd\u00e1n\u00edmi, Iwobiho nahradil Allanem a Doucour\u00e9ho Sigurdssonem. A byl to pr\u00e1v\u011b Islan\u010fan, kter\u00fd po n\u011bkolika sekund\u00e1ch na h\u0159i\u0161ti poslal v 65. minut\u011b p\u0159esn\u00fd centr do mal\u00e9ho v\u00e1pna na hlavu Richarlisona &#8211; <strong>0:1<\/strong>.<\/p>\n<p>Everton ve zbytku duelu kontroloval hru, rozruch zp\u016fsobilo a\u017e nastaven\u00ed utk\u00e1n\u00ed, kdy Diagneho branka nebyla spr\u00e1vn\u011b uzn\u00e1na kv\u016fli centimetrov\u00e9mu ofsajdu. Ancelottiho sv\u011b\u0159enci tedy vyv\u00e1l\u010dili cenn\u00e9 t\u0159i body na p\u016fd\u011b p\u0159edposledn\u00edho celku Premier League.<\/p>\n<p><strong>Branka:<\/strong> 65. Richarlison<\/p>\n<p><strong>\u017dK:<\/strong> 60. Dara O&#8217;Shea, 68. Darnell Furlong, 82. Okay Yoku\u015flu &#8211; 37. Mason Holgate<\/p>\n<p><strong>West Bromwich Albion:<\/strong> Sam Johnstone, Darnell Furlong, Dara O&#8217;Shea, Kyle Bartley, Conor Townsend, Okay Yoku\u015flu, Conor Gallagher (78. Hal Robson-Kanu), Ainsley Maitland-Niles, Matt Phillips (78. Robert Snodgrass), Matheus Pereira, Mbaye Diagne<\/p>\n<p><strong>Everton:<\/strong> Jordan Pickford, Mason Holgate, Michael Keane, Ben Godfrey, Lucas Digne, Abdoulaye Doucour\u00e9 (64. Gylfi Sigurdsson), Andr\u00e9 Gomes, Alex Iwobi (58. Allan), Bernard (84. Joshua King), Richarlison, Dominic Calvert-Lewin<\/p>\n<p><strong>Rozhod\u010d\u00ed:<\/strong> Darren England<\/p>\n<p><strong>Bez div\u00e1k\u016f<\/strong><\/p>\n","protected":false},"excerpt":{"rendered":"<p>Toffees na The Hawthorns neoslnili, nakonec ale utrp\u011bli v\u00fdhru kv\u016fli \u010dtvrt\u00e9mu g\u00f3lu Richarlisona v \u0159ad\u011b, a tak stoupaj\u00ed tabulkou.<\/p>\n","protected":false},"author":6,"featured_media":14477,"comment_status":"open","ping_status":"closed","sticky":false,"template":"","format":"standard","meta":{"_eb_attr":"","_monsterinsights_skip_tracking":false,"_monsterinsights_sitenote_active":false,"_monsterinsights_sitenote_note":"","_monsterinsights_sitenote_category":0,"footnotes":""},"categories":[4],"tags":[],"yoast_head":"<!-- This site is optimized with the Yoast SEO plugin v23.4 - https:\/\/yoast.com\/wordpress\/plugins\/seo\/ -->\n<title>West Bromwich Albion \u2013 Everton 0:1 - Official Czech &amp; Slovak Everton Supporters&#039; Club<\/title>\n<meta name=\"description\" content=\"Toffees na The Hawthorns neoslnili, nakonec ale utrp\u011bli v\u00fdhru d\u00edky \u010dtvrt\u00e9mu g\u00f3lu Richarlisona v\u00a0\u0159ad\u011b a stoupaj\u00ed tabulkou.\" \/>\n<meta name=\"robots\" content=\"index, follow, max-snippet:-1, max-image-preview:large, max-video-preview:-1\" \/>\n<link rel=\"canonical\" href=\"https:\/\/evertonfc.cz\/index.php\/2021\/03\/04\/west-bromwich-albion-everton-0-1\/\" \/>\n<meta property=\"og:locale\" content=\"cs_CZ\" \/>\n<meta property=\"og:type\" content=\"article\" \/>\n<meta property=\"og:title\" content=\"West Bromwich Albion \u2013 Everton 0:1 - Official Czech &amp; Slovak Everton Supporters&#039; Club\" \/>\n<meta property=\"og:description\" content=\"Toffees na The Hawthorns neoslnili, nakonec ale utrp\u011bli v\u00fdhru d\u00edky \u010dtvrt\u00e9mu g\u00f3lu Richarlisona v\u00a0\u0159ad\u011b a stoupaj\u00ed tabulkou.\" \/>\n<meta property=\"og:url\" content=\"https:\/\/evertonfc.cz\/index.php\/2021\/03\/04\/west-bromwich-albion-everton-0-1\/\" \/>\n<meta property=\"og:site_name\" content=\"Official Czech &amp; Slovak Everton Supporters&#039; Club\" \/>\n<meta property=\"article:publisher\" content=\"https:\/\/www.facebook.com\/everton.fans.cz.sk\" \/>\n<meta property=\"article:published_time\" content=\"2021-03-04T20:02:23+00:00\" \/>\n<meta property=\"article:modified_time\" content=\"2021-03-04T20:47:09+00:00\" \/>\n<meta property=\"og:image\" content=\"https:\/\/evertonfc.cz\/wp-content\/uploads\/2021\/03\/wba_4_3_2021.jpg\" \/>\n\t<meta property=\"og:image:width\" content=\"720\" \/>\n\t<meta property=\"og:image:height\" content=\"405\" \/>\n\t<meta property=\"og:image:type\" content=\"image\/jpeg\" \/>\n<meta name=\"author\" content=\"Ri\u010di\" \/>\n<meta name=\"twitter:card\" content=\"summary_large_image\" \/>\n<meta name=\"twitter:creator\" content=\"@rbrejsa\" \/>\n<meta name=\"twitter:label1\" content=\"Napsal(a)\" \/>\n\t<meta name=\"twitter:data1\" content=\"Ri\u010di\" \/>\n\t<meta name=\"twitter:label2\" content=\"Odhadovan\u00e1 doba \u010dten\u00ed\" \/>\n\t<meta name=\"twitter:data2\" content=\"2 minuty\" \/>\n<script type=\"application\/ld+json\" class=\"yoast-schema-graph\">{\"@context\":\"https:\/\/schema.org\",\"@graph\":[{\"@type\":\"Article\",\"@id\":\"https:\/\/evertonfc.cz\/index.php\/2021\/03\/04\/west-bromwich-albion-everton-0-1\/#article\",\"isPartOf\":{\"@id\":\"https:\/\/evertonfc.cz\/index.php\/2021\/03\/04\/west-bromwich-albion-everton-0-1\/\"},\"author\":{\"name\":\"Ri\u010di\",\"@id\":\"https:\/\/evertonfc.cz\/#\/schema\/person\/f7a5daedb2ffee98480bc70e191aaef1\"},\"headline\":\"West Bromwich Albion \u2013 Everton 0:1\",\"datePublished\":\"2021-03-04T20:02:23+00:00\",\"dateModified\":\"2021-03-04T20:47:09+00:00\",\"mainEntityOfPage\":{\"@id\":\"https:\/\/evertonfc.cz\/index.php\/2021\/03\/04\/west-bromwich-albion-everton-0-1\/\"},\"wordCount\":398,\"commentCount\":33,\"publisher\":{\"@id\":\"https:\/\/evertonfc.cz\/#organization\"},\"image\":{\"@id\":\"https:\/\/evertonfc.cz\/index.php\/2021\/03\/04\/west-bromwich-albion-everton-0-1\/#primaryimage\"},\"thumbnailUrl\":\"https:\/\/evertonfc.cz\/wp-content\/uploads\/2021\/03\/wba_4_3_2021.jpg\",\"articleSection\":[\"Z\u00e1pasy\"],\"inLanguage\":\"cs\",\"potentialAction\":[{\"@type\":\"CommentAction\",\"name\":\"Comment\",\"target\":[\"https:\/\/evertonfc.cz\/index.php\/2021\/03\/04\/west-bromwich-albion-everton-0-1\/#respond\"]}]},{\"@type\":\"WebPage\",\"@id\":\"https:\/\/evertonfc.cz\/index.php\/2021\/03\/04\/west-bromwich-albion-everton-0-1\/\",\"url\":\"https:\/\/evertonfc.cz\/index.php\/2021\/03\/04\/west-bromwich-albion-everton-0-1\/\",\"name\":\"West Bromwich Albion \u2013 Everton 0:1 - Official Czech &amp; Slovak Everton Supporters&#039; Club\",\"isPartOf\":{\"@id\":\"https:\/\/evertonfc.cz\/#website\"},\"primaryImageOfPage\":{\"@id\":\"https:\/\/evertonfc.cz\/index.php\/2021\/03\/04\/west-bromwich-albion-everton-0-1\/#primaryimage\"},\"image\":{\"@id\":\"https:\/\/evertonfc.cz\/index.php\/2021\/03\/04\/west-bromwich-albion-everton-0-1\/#primaryimage\"},\"thumbnailUrl\":\"https:\/\/evertonfc.cz\/wp-content\/uploads\/2021\/03\/wba_4_3_2021.jpg\",\"datePublished\":\"2021-03-04T20:02:23+00:00\",\"dateModified\":\"2021-03-04T20:47:09+00:00\",\"description\":\"Toffees na The Hawthorns neoslnili, nakonec ale utrp\u011bli v\u00fdhru d\u00edky \u010dtvrt\u00e9mu g\u00f3lu Richarlisona v\u00a0\u0159ad\u011b a stoupaj\u00ed tabulkou.\",\"breadcrumb\":{\"@id\":\"https:\/\/evertonfc.cz\/index.php\/2021\/03\/04\/west-bromwich-albion-everton-0-1\/#breadcrumb\"},\"inLanguage\":\"cs\",\"potentialAction\":[{\"@type\":\"ReadAction\",\"target\":[\"https:\/\/evertonfc.cz\/index.php\/2021\/03\/04\/west-bromwich-albion-everton-0-1\/\"]}]},{\"@type\":\"ImageObject\",\"inLanguage\":\"cs\",\"@id\":\"https:\/\/evertonfc.cz\/index.php\/2021\/03\/04\/west-bromwich-albion-everton-0-1\/#primaryimage\",\"url\":\"https:\/\/evertonfc.cz\/wp-content\/uploads\/2021\/03\/wba_4_3_2021.jpg\",\"contentUrl\":\"https:\/\/evertonfc.cz\/wp-content\/uploads\/2021\/03\/wba_4_3_2021.jpg\",\"width\":720,\"height\":405},{\"@type\":\"BreadcrumbList\",\"@id\":\"https:\/\/evertonfc.cz\/index.php\/2021\/03\/04\/west-bromwich-albion-everton-0-1\/#breadcrumb\",\"itemListElement\":[{\"@type\":\"ListItem\",\"position\":1,\"name\":\"Home\",\"item\":\"https:\/\/evertonfc.cz\/\"},{\"@type\":\"ListItem\",\"position\":2,\"name\":\"West Bromwich Albion \u2013 Everton 0:1\"}]},{\"@type\":\"WebSite\",\"@id\":\"https:\/\/evertonfc.cz\/#website\",\"url\":\"https:\/\/evertonfc.cz\/\",\"name\":\"Official Czech &amp; Slovak Everton Supporters&#039; Club\",\"description\":\"\",\"publisher\":{\"@id\":\"https:\/\/evertonfc.cz\/#organization\"},\"potentialAction\":[{\"@type\":\"SearchAction\",\"target\":{\"@type\":\"EntryPoint\",\"urlTemplate\":\"https:\/\/evertonfc.cz\/?s={search_term_string}\"},\"query-input\":{\"@type\":\"PropertyValueSpecification\",\"valueRequired\":true,\"valueName\":\"search_term_string\"}}],\"inLanguage\":\"cs\"},{\"@type\":\"Organization\",\"@id\":\"https:\/\/evertonfc.cz\/#organization\",\"name\":\"Official Czech & Slovak Everton Supporters' Club\",\"url\":\"https:\/\/evertonfc.cz\/\",\"logo\":{\"@type\":\"ImageObject\",\"inLanguage\":\"cs\",\"@id\":\"https:\/\/evertonfc.cz\/#\/schema\/logo\/image\/\",\"url\":\"https:\/\/evertonfc.cz\/wp-content\/uploads\/2019\/05\/logo.png\",\"contentUrl\":\"https:\/\/evertonfc.cz\/wp-content\/uploads\/2019\/05\/logo.png\",\"width\":112,\"height\":112,\"caption\":\"Official Czech & Slovak Everton Supporters' Club\"},\"image\":{\"@id\":\"https:\/\/evertonfc.cz\/#\/schema\/logo\/image\/\"},\"sameAs\":[\"https:\/\/www.facebook.com\/everton.fans.cz.sk\"]},{\"@type\":\"Person\",\"@id\":\"https:\/\/evertonfc.cz\/#\/schema\/person\/f7a5daedb2ffee98480bc70e191aaef1\",\"name\":\"Ri\u010di\",\"sameAs\":[\"https:\/\/x.com\/rbrejsa\"],\"url\":\"https:\/\/evertonfc.cz\/index.php\/author\/rici\/\"}]}<\/script>\n<!-- \/ Yoast SEO plugin. -->","yoast_head_json":{"title":"West Bromwich Albion \u2013 Everton 0:1 - Official Czech &amp; Slovak Everton Supporters&#039; Club","description":"Toffees na The Hawthorns neoslnili, nakonec ale utrp\u011bli v\u00fdhru d\u00edky \u010dtvrt\u00e9mu g\u00f3lu Richarlisona v\u00a0\u0159ad\u011b a stoupaj\u00ed tabulkou.","robots":{"index":"index","follow":"follow","max-snippet":"max-snippet:-1","max-image-preview":"max-image-preview:large","max-video-preview":"max-video-preview:-1"},"canonical":"https:\/\/evertonfc.cz\/index.php\/2021\/03\/04\/west-bromwich-albion-everton-0-1\/","og_locale":"cs_CZ","og_type":"article","og_title":"West Bromwich Albion \u2013 Everton 0:1 - Official Czech &amp; Slovak Everton Supporters&#039; Club","og_description":"Toffees na The Hawthorns neoslnili, nakonec ale utrp\u011bli v\u00fdhru d\u00edky \u010dtvrt\u00e9mu g\u00f3lu Richarlisona v\u00a0\u0159ad\u011b a stoupaj\u00ed tabulkou.","og_url":"https:\/\/evertonfc.cz\/index.php\/2021\/03\/04\/west-bromwich-albion-everton-0-1\/","og_site_name":"Official Czech &amp; Slovak Everton Supporters&#039; Club","article_publisher":"https:\/\/www.facebook.com\/everton.fans.cz.sk","article_published_time":"2021-03-04T20:02:23+00:00","article_modified_time":"2021-03-04T20:47:09+00:00","og_image":[{"width":720,"height":405,"url":"https:\/\/evertonfc.cz\/wp-content\/uploads\/2021\/03\/wba_4_3_2021.jpg","type":"image\/jpeg"}],"author":"Ri\u010di","twitter_card":"summary_large_image","twitter_creator":"@rbrejsa","twitter_misc":{"Napsal(a)":"Ri\u010di","Odhadovan\u00e1 doba \u010dten\u00ed":"2 minuty"},"schema":{"@context":"https:\/\/schema.org","@graph":[{"@type":"Article","@id":"https:\/\/evertonfc.cz\/index.php\/2021\/03\/04\/west-bromwich-albion-everton-0-1\/#article","isPartOf":{"@id":"https:\/\/evertonfc.cz\/index.php\/2021\/03\/04\/west-bromwich-albion-everton-0-1\/"},"author":{"name":"Ri\u010di","@id":"https:\/\/evertonfc.cz\/#\/schema\/person\/f7a5daedb2ffee98480bc70e191aaef1"},"headline":"West Bromwich Albion \u2013 Everton 0:1","datePublished":"2021-03-04T20:02:23+00:00","dateModified":"2021-03-04T20:47:09+00:00","mainEntityOfPage":{"@id":"https:\/\/evertonfc.cz\/index.php\/2021\/03\/04\/west-bromwich-albion-everton-0-1\/"},"wordCount":398,"commentCount":33,"publisher":{"@id":"https:\/\/evertonfc.cz\/#organization"},"image":{"@id":"https:\/\/evertonfc.cz\/index.php\/2021\/03\/04\/west-bromwich-albion-everton-0-1\/#primaryimage"},"thumbnailUrl":"https:\/\/evertonfc.cz\/wp-content\/uploads\/2021\/03\/wba_4_3_2021.jpg","articleSection":["Z\u00e1pasy"],"inLanguage":"cs","potentialAction":[{"@type":"CommentAction","name":"Comment","target":["https:\/\/evertonfc.cz\/index.php\/2021\/03\/04\/west-bromwich-albion-everton-0-1\/#respond"]}]},{"@type":"WebPage","@id":"https:\/\/evertonfc.cz\/index.php\/2021\/03\/04\/west-bromwich-albion-everton-0-1\/","url":"https:\/\/evertonfc.cz\/index.php\/2021\/03\/04\/west-bromwich-albion-everton-0-1\/","name":"West Bromwich Albion \u2013 Everton 0:1 - Official Czech &amp; Slovak Everton Supporters&#039; Club","isPartOf":{"@id":"https:\/\/evertonfc.cz\/#website"},"primaryImageOfPage":{"@id":"https:\/\/evertonfc.cz\/index.php\/2021\/03\/04\/west-bromwich-albion-everton-0-1\/#primaryimage"},"image":{"@id":"https:\/\/evertonfc.cz\/index.php\/2021\/03\/04\/west-bromwich-albion-everton-0-1\/#primaryimage"},"thumbnailUrl":"https:\/\/evertonfc.cz\/wp-content\/uploads\/2021\/03\/wba_4_3_2021.jpg","datePublished":"2021-03-04T20:02:23+00:00","dateModified":"2021-03-04T20:47:09+00:00","description":"Toffees na The Hawthorns neoslnili, nakonec ale utrp\u011bli v\u00fdhru d\u00edky \u010dtvrt\u00e9mu g\u00f3lu Richarlisona v\u00a0\u0159ad\u011b a stoupaj\u00ed tabulkou.","breadcrumb":{"@id":"https:\/\/evertonfc.cz\/index.php\/2021\/03\/04\/west-bromwich-albion-everton-0-1\/#breadcrumb"},"inLanguage":"cs","potentialAction":[{"@type":"ReadAction","target":["https:\/\/evertonfc.cz\/index.php\/2021\/03\/04\/west-bromwich-albion-everton-0-1\/"]}]},{"@type":"ImageObject","inLanguage":"cs","@id":"https:\/\/evertonfc.cz\/index.php\/2021\/03\/04\/west-bromwich-albion-everton-0-1\/#primaryimage","url":"https:\/\/evertonfc.cz\/wp-content\/uploads\/2021\/03\/wba_4_3_2021.jpg","contentUrl":"https:\/\/evertonfc.cz\/wp-content\/uploads\/2021\/03\/wba_4_3_2021.jpg","width":720,"height":405},{"@type":"BreadcrumbList","@id":"https:\/\/evertonfc.cz\/index.php\/2021\/03\/04\/west-bromwich-albion-everton-0-1\/#breadcrumb","itemListElement":[{"@type":"ListItem","position":1,"name":"Home","item":"https:\/\/evertonfc.cz\/"},{"@type":"ListItem","position":2,"name":"West Bromwich Albion \u2013 Everton 0:1"}]},{"@type":"WebSite","@id":"https:\/\/evertonfc.cz\/#website","url":"https:\/\/evertonfc.cz\/","name":"Official Czech &amp; Slovak Everton Supporters&#039; Club","description":"","publisher":{"@id":"https:\/\/evertonfc.cz\/#organization"},"potentialAction":[{"@type":"SearchAction","target":{"@type":"EntryPoint","urlTemplate":"https:\/\/evertonfc.cz\/?s={search_term_string}"},"query-input":{"@type":"PropertyValueSpecification","valueRequired":true,"valueName":"search_term_string"}}],"inLanguage":"cs"},{"@type":"Organization","@id":"https:\/\/evertonfc.cz\/#organization","name":"Official Czech & Slovak Everton Supporters' Club","url":"https:\/\/evertonfc.cz\/","logo":{"@type":"ImageObject","inLanguage":"cs","@id":"https:\/\/evertonfc.cz\/#\/schema\/logo\/image\/","url":"https:\/\/evertonfc.cz\/wp-content\/uploads\/2019\/05\/logo.png","contentUrl":"https:\/\/evertonfc.cz\/wp-content\/uploads\/2019\/05\/logo.png","width":112,"height":112,"caption":"Official Czech & Slovak Everton Supporters' Club"},"image":{"@id":"https:\/\/evertonfc.cz\/#\/schema\/logo\/image\/"},"sameAs":["https:\/\/www.facebook.com\/everton.fans.cz.sk"]},{"@type":"Person","@id":"https:\/\/evertonfc.cz\/#\/schema\/person\/f7a5daedb2ffee98480bc70e191aaef1","name":"Ri\u010di","sameAs":["https:\/\/x.com\/rbrejsa"],"url":"https:\/\/evertonfc.cz\/index.php\/author\/rici\/"}]}},"_links":{"self":[{"href":"https:\/\/evertonfc.cz\/index.php\/wp-json\/wp\/v2\/posts\/14478"}],"collection":[{"href":"https:\/\/evertonfc.cz\/index.php\/wp-json\/wp\/v2\/posts"}],"about":[{"href":"https:\/\/evertonfc.cz\/index.php\/wp-json\/wp\/v2\/types\/post"}],"author":[{"embeddable":true,"href":"https:\/\/evertonfc.cz\/index.php\/wp-json\/wp\/v2\/users\/6"}],"replies":[{"embeddable":true,"href":"https:\/\/evertonfc.cz\/index.php\/wp-json\/wp\/v2\/comments?post=14478"}],"version-history":[{"count":11,"href":"https:\/\/evertonfc.cz\/index.php\/wp-json\/wp\/v2\/posts\/14478\/revisions"}],"predecessor-version":[{"id":14491,"href":"https:\/\/evertonfc.cz\/index.php\/wp-json\/wp\/v2\/posts\/14478\/revisions\/14491"}],"wp:featuredmedia":[{"embeddable":true,"href":"https:\/\/evertonfc.cz\/index.php\/wp-json\/wp\/v2\/media\/14477"}],"wp:attachment":[{"href":"https:\/\/evertonfc.cz\/index.php\/wp-json\/wp\/v2\/media?parent=14478"}],"wp:term":[{"taxonomy":"category","embeddable":true,"href":"https:\/\/evertonfc.cz\/index.php\/wp-json\/wp\/v2\/categories?post=14478"},{"taxonomy":"post_tag","embeddable":true,"href":"https:\/\/evertonfc.cz\/index.php\/wp-json\/wp\/v2\/tags?post=14478"}],"curies":[{"name":"wp","href":"https:\/\/api.w.org\/{rel}","templated":true}]}}