{"id":14495,"date":"2021-03-07T19:39:31","date_gmt":"2021-03-07T18:39:31","guid":{"rendered":"https:\/\/evertonfc.cz\/?p=14495"},"modified":"2021-03-08T20:09:41","modified_gmt":"2021-03-08T19:09:41","slug":"manchester-city-w-everton-w-10","status":"publish","type":"post","link":"https:\/\/evertonfc.cz\/index.php\/2021\/03\/07\/manchester-city-w-everton-w-10\/","title":{"rendered":"Manchester City W &#8211; Everton W 1:0"},"content":{"rendered":"<h4>Posledn\u00edch dev\u011bt z\u00e1pas\u016f proti Manchester City znamenalo pro evertonsk\u00e9 \u017eeny dev\u011bt proher. Hor\u0161\u00ed bilanci maj\u00ed jen s Arsenalem.<\/h4>\n<p>P\u0159esto se na Academy stadium vydaly s odhodl\u00e1n\u00edm ukr\u00e1st nebesky modr\u00fdm aspo\u0148 bod.\u00a0 A m\u00e1lem se to povedlo. Kirk zvolil defenzivn\u00ed sestavu s\u00a0 netradi\u010dn\u00ed Graham na lev\u00e9m k\u0159\u00eddle. Obvykl\u00e9 rychlono\u017eky Emslie a Raso zah\u00e1jily utk\u00e1n\u00ed na lavi\u010dce. Scott, jako\u017eto hostuj\u00edc\u00ed z MCFC nebyla do z\u00e1pasu nominovan\u00e1. Do vyztu\u017een\u00e9 obrann\u00e9 \u0159ady se od za\u010d\u00e1tku z\u00e1pasu za\u0159adila George. A \u0161lo se na v\u011bc.<\/p>\n<h4>Prvn\u00ed polo\u010das<\/h4>\n<p>od za\u010d\u00e1tku p\u0159edznamenal pr\u016fb\u011bh v\u011bt\u0161iny utk\u00e1n\u00ed: Citizens dob\u00fdvaj\u00ed evertonsk\u00e9 pozice a Everton\u00a0 v 10-11 hr\u00e1\u010dk\u00e1ch br\u00e1n\u00ed. Proti\u00fatoky jsou sporadick\u00e9 a vesm\u011bs ne\u0161kodn\u00e9.\u00a0 Do seri\u00f3zn\u011bj\u0161\u00ed \u0161ance jsme se dostali a\u017e v 17. minut\u011b, kdy Moe Wold vyvezla m\u00ed\u010d po prav\u00e9 stran\u011b a p\u0159es S\u00f8rensen doputoval do mal\u00e9ho v\u00e1pna t\u011bsn\u011b za paty nab\u00edhaj\u00edc\u00ed Gauvin. Za nedlouho pot\u00e9 po faulu na Bronze zahr\u00e1la Weir p\u0159\u00edm\u00fd roh do zdi. Na odra\u017een\u00fd m\u00ed\u010d si nab\u011bhla Mewis a z \u00fahlu netrefila na\u0161\u00ed pr\u00e1zdnou br\u00e1nu. 26. minuta p\u0159inesla p\u0159ed\u010dasn\u00e9 st\u0159\u00edd\u00e1n\u00ed: Turner (do t\u00e9 doby sv\u00e1d\u011bj\u00edc\u00ed \u010detn\u00e9 ostr\u00e9, ale p\u0159ev\u00e1\u017en\u011b \u00fasp\u011b\u0161n\u00e9 souboje s Kelly na lev\u00e9 stran\u011b obrany) byla po \u00faderu do hlavy od Weir sta\u017eena ze h\u0159i\u0161t\u011b a nahrazena Pattinson. Na\u0161e kapit\u00e1nka nebyla v \u017e\u00e1dn\u00e9m p\u0159\u00edpad\u011b spokojena. I kdy\u017e nebylo rozum\u011bt slov\u016fm, pohled na jej\u00ed tv\u00e1\u0159 nenechal nikoho na pochyb\u00e1ch, \u017ee takto si dne\u0161n\u00ed odpoledne nep\u0159edstavovala. Od t\u00e9to chv\u00edle se na\u0161e lev\u00e1 strana stala nebezpe\u010dn\u011b pr\u016fchoz\u00ed. Nebesky modr\u00e9 zahrozily je\u0161t\u011b st\u0159elou z d\u00e1lky (op\u011bt Mewis), i nyn\u00ed mimo br\u00e1nu. Ve 40. minut\u011b odch\u00e1z\u00ed ze h\u0159i\u0161t\u011b Moe Wold s pochroumanou nohou a na pozici wing backa p\u0159ich\u00e1z\u00ed Raso. P\u0159esto\u017ee do polo\u010dasu nezb\u00fdvalo ji\u017e mnoho \u010dasu, tak Hayley p\u0159esto stihla uk\u00e1zat zuby a sejmula Hemp.<\/p>\n<h4>Druh\u00fd polo\u010das<\/h4>\n<p>za\u010dal o\u010dek\u00e1van\u00fdm n\u00e1porem dom\u00e1c\u00edch. Everton tlak zvl\u00e1dl a\u00a0 hra se d\u00e1le odehr\u00e1vala pod obrazem cattenaccia jantarov\u00fdch dres\u016f. MacIver si p\u0159ipsala n\u011bkolik zda\u0159il\u00fdch z\u00e1krok\u016f. Evertonsk\u00e1 ofenziva se omezila na n\u011bkolik izolovan\u00fdch pr\u016fnik\u016f Raso, kter\u00e1 bohu\u017eel vesm\u011bs nena\u0161la dostatek spoluhr\u00e1\u010dek v posledn\u00ed t\u0159etin\u011b h\u0159i\u0161t\u011b. V 60. minut\u011b utekla na\u0161\u00ed obran\u011b White, ale netrefila br\u00e1nu. Z\u00e1hy pot\u00e9 p\u0159est\u0159elila br\u00e1nu tak\u00e9 Hemp, tentokr\u00e1te n\u016f\u017ekami p\u0159es hlavu. Urputnost na\u0161\u00ed obrany ilustruje Clemaron, kter\u00e1 nev\u00e1h\u00e1 hlavou zblokovat st\u0159elu Weir a nejsp\u00ed\u0161 se i sezn\u00e1mila s jej\u00ed kopa\u010dkou. Po kr\u00e1tk\u00e9m o\u0161et\u0159en\u00ed se vrac\u00ed do hry. V 73. minut\u011b odch\u00e1z\u00ed Gauvin a George, a p\u0159ich\u00e1z\u00ed Emslie s Magill. \u010cerstv\u00e9 nohy obou st\u0159\u00eddaj\u00edc\u00edch a urputnost Magill op\u011bt vrac\u00ed Everton do hry. Bohu\u017eel i Citizens prok\u00e1zali, \u017ee um\u00ed\u00a0 solidn\u011b br\u00e1nit, tak\u017ee snahu se do g\u00f3lu p\u0159etavit nepovedlo. V 81. minut\u011b op\u011bt zleva pronik\u00e1 White, zp\u011btnou p\u0159ihr\u00e1vkou p\u0159ed velk\u00e9 v\u00e1pno nal\u00e9z\u00e1 Keiru Walsh, kter\u00e1 bez v\u00e1h\u00e1n\u00ed vyp\u00e1l\u00ed d\u011blovku do doln\u00edho prav\u00e9ho rohu na\u0161\u00ed br\u00e1ny. MacIver se nesta\u010d\u00ed ani pohnout &#8211; <strong>1:0<\/strong>. V 89. minut\u011b bylo vynikaj\u00edc\u00ed s\u00f3lo Raso nepochopiteln\u011b p\u0159eru\u0161eno rozhod\u010d\u00ed. Ubr\u00e1n\u011bn\u00fd roh zahran\u00fd Emslie tak byl posledn\u00ed ofenzivn\u00ed te\u010dkou za dne\u0161n\u00edm utk\u00e1n\u00edm.<\/p>\n<h4>Shrnut\u00ed<\/h4>\n<p>U\u017e p\u0159ed z\u00e1pasem bylo jasn\u00e9, \u017ee jsme p\u0159ijeli s \u00famyslem z\u00edskat bod. A m\u00e1lem se n\u00e1m to povedlo, i kdy\u017e jsme \u010delili jsme jednomu ze dvou nejlep\u0161\u00edch \u00fatok\u016f v lize. P\u0159esto\u017ee nakonec v\u0161echny body z\u016fstaly dom\u00e1c\u00edm a v tabulce jsme si nepomohli, byl dojem z na\u0161eho v\u00fdkonu velmi dobr\u00fd. Obrana fungovala slu\u0161n\u011b, a\u010d d\u00e1my mnohdy hr\u00e1ly mimo sv\u00e9 obvykl\u00e9 posty. Pattinson p\u0159edvedla jeden ze sv\u00fdch nejlep\u0161\u00edch v\u00fdkon\u016f, na \u0161pi\u010dku to v\u0161ak zat\u00edm nesta\u010d\u00ed. Za inkasovan\u00fd g\u00f3l nejsp\u00ed\u0161 nelze MacIver p\u0159\u00edli\u0161 vinit, st\u0159elu vid\u011bla a\u017e hodn\u011b pozd\u011b. Do Birminghamu tak m\u016f\u017eeme ve \u010dtvrtek 11.3. odjet k dal\u0161\u00edmu z\u00e1pasu se slu\u0161n\u00fdm sebev\u011bdom\u00edm. Hraje se od 20:00 a z\u00e1pas bude jako obvykle k vid\u011bn\u00ed na FA playeru.\u00a0 Come on, you blue girls!<\/p>\n<p>(Editov\u00e1no 8.3.2021)<\/p>\n<p style=\"text-align: right;\"><span style=\"font-size: 8pt;\"><em>fotografie: Hayley Raso po faulu na Lauren Hemp (zdroj: FA Player)<\/em><\/span><\/p>\n<p><strong>Branky:<\/strong> Walsh (81\u00b4)<\/p>\n<p><strong>\u017dK:<\/strong> Clemaron (79\u2019), Pattinson (90\u2019)<\/p>\n<p><strong>Manchester City (4-3-3):<\/strong> Roebuck &#8211; Bronze, Houghton, Greenwood, Morgan &#8211; Walsh, Mewis (67\u00b4 Lavelle), Weir (88\u00b4 Coombs)- Kelly, White (67\u00b4 Stanway), Hemp<\/p>\n<p><strong>Everton (3-5-2):<\/strong> MacIver &#8211; Sevecke, Finnigan, George ( 73\u00b4 Magill) &#8211; Moe Wold (41\u00b4 Raso), Christiansen, Graham,\u00a0 Clemaron, Turner (26\u00b4 Pattinson)- S\u00f8rensen &#8211;\u00a0 Gauvin (73\u00b4 Emslie)<\/p>\n<p><strong>Rozhod\u010dee<\/strong>: Sarah Garratt\u00a0 \u00a0<strong>Bez div\u00e1k\u016f<\/strong><\/p>\n","protected":false},"excerpt":{"rendered":"<p>Posledn\u00edch dev\u011bt z\u00e1pas\u016f proti Manchester City znamenalo pro evertonsk\u00e9 \u017eeny dev\u011bt proher. Hor\u0161\u00ed bilanci maj\u00ed jen s Arsenalem.<\/p>\n","protected":false},"author":26,"featured_media":14513,"comment_status":"open","ping_status":"closed","sticky":false,"template":"","format":"standard","meta":{"_eb_attr":"","_monsterinsights_skip_tracking":false,"_monsterinsights_sitenote_active":false,"_monsterinsights_sitenote_note":"","_monsterinsights_sitenote_category":0,"footnotes":""},"categories":[110],"tags":[],"yoast_head":"<!-- This site is optimized with the Yoast SEO plugin v23.4 - https:\/\/yoast.com\/wordpress\/plugins\/seo\/ -->\n<title>Manchester City W - Everton W 1:0 - Official Czech &amp; Slovak Everton Supporters&#039; Club<\/title>\n<meta name=\"description\" content=\"Posledn\u00edch dev\u011bt z\u00e1pas\u016f proti Manchester City znamenalo pro evertonsk\u00e9 \u017eeny dev\u011bt proher. Hor\u0161\u00ed bilanci maj\u00ed jen s Arsenalem.\u00a0\" \/>\n<meta name=\"robots\" content=\"index, follow, max-snippet:-1, max-image-preview:large, max-video-preview:-1\" \/>\n<link rel=\"canonical\" href=\"https:\/\/evertonfc.cz\/index.php\/2021\/03\/07\/manchester-city-w-everton-w-10\/\" \/>\n<meta property=\"og:locale\" content=\"cs_CZ\" \/>\n<meta property=\"og:type\" content=\"article\" \/>\n<meta property=\"og:title\" content=\"Manchester City W - Everton W 1:0 - Official Czech &amp; Slovak Everton Supporters&#039; Club\" \/>\n<meta property=\"og:description\" content=\"Posledn\u00edch dev\u011bt z\u00e1pas\u016f proti Manchester City znamenalo pro evertonsk\u00e9 \u017eeny dev\u011bt proher. Hor\u0161\u00ed bilanci maj\u00ed jen s Arsenalem.\u00a0\" \/>\n<meta property=\"og:url\" content=\"https:\/\/evertonfc.cz\/index.php\/2021\/03\/07\/manchester-city-w-everton-w-10\/\" \/>\n<meta property=\"og:site_name\" content=\"Official Czech &amp; Slovak Everton Supporters&#039; Club\" \/>\n<meta property=\"article:publisher\" content=\"https:\/\/www.facebook.com\/everton.fans.cz.sk\" \/>\n<meta property=\"article:published_time\" content=\"2021-03-07T18:39:31+00:00\" \/>\n<meta property=\"article:modified_time\" content=\"2021-03-08T19:09:41+00:00\" \/>\n<meta property=\"og:image\" content=\"https:\/\/evertonfc.cz\/wp-content\/uploads\/2021\/03\/Raso_vs_city_07_03_2021.jpg\" \/>\n\t<meta property=\"og:image:width\" content=\"720\" \/>\n\t<meta property=\"og:image:height\" content=\"405\" \/>\n\t<meta property=\"og:image:type\" content=\"image\/jpeg\" \/>\n<meta name=\"author\" content=\"Karamela\" \/>\n<meta name=\"twitter:card\" content=\"summary_large_image\" \/>\n<meta name=\"twitter:label1\" content=\"Napsal(a)\" \/>\n\t<meta name=\"twitter:data1\" content=\"Karamela\" \/>\n\t<meta name=\"twitter:label2\" content=\"Odhadovan\u00e1 doba \u010dten\u00ed\" \/>\n\t<meta name=\"twitter:data2\" content=\"3 minuty\" \/>\n<script type=\"application\/ld+json\" class=\"yoast-schema-graph\">{\"@context\":\"https:\/\/schema.org\",\"@graph\":[{\"@type\":\"Article\",\"@id\":\"https:\/\/evertonfc.cz\/index.php\/2021\/03\/07\/manchester-city-w-everton-w-10\/#article\",\"isPartOf\":{\"@id\":\"https:\/\/evertonfc.cz\/index.php\/2021\/03\/07\/manchester-city-w-everton-w-10\/\"},\"author\":{\"name\":\"Karamela\",\"@id\":\"https:\/\/evertonfc.cz\/#\/schema\/person\/e9a24a80a32efa1344dd2c4e5882185c\"},\"headline\":\"Manchester City W &#8211; Everton W 1:0\",\"datePublished\":\"2021-03-07T18:39:31+00:00\",\"dateModified\":\"2021-03-08T19:09:41+00:00\",\"mainEntityOfPage\":{\"@id\":\"https:\/\/evertonfc.cz\/index.php\/2021\/03\/07\/manchester-city-w-everton-w-10\/\"},\"wordCount\":865,\"commentCount\":3,\"publisher\":{\"@id\":\"https:\/\/evertonfc.cz\/#organization\"},\"image\":{\"@id\":\"https:\/\/evertonfc.cz\/index.php\/2021\/03\/07\/manchester-city-w-everton-w-10\/#primaryimage\"},\"thumbnailUrl\":\"https:\/\/evertonfc.cz\/wp-content\/uploads\/2021\/03\/Raso_vs_city_07_03_2021.jpg\",\"articleSection\":[\"Everton Women\"],\"inLanguage\":\"cs\",\"potentialAction\":[{\"@type\":\"CommentAction\",\"name\":\"Comment\",\"target\":[\"https:\/\/evertonfc.cz\/index.php\/2021\/03\/07\/manchester-city-w-everton-w-10\/#respond\"]}]},{\"@type\":\"WebPage\",\"@id\":\"https:\/\/evertonfc.cz\/index.php\/2021\/03\/07\/manchester-city-w-everton-w-10\/\",\"url\":\"https:\/\/evertonfc.cz\/index.php\/2021\/03\/07\/manchester-city-w-everton-w-10\/\",\"name\":\"Manchester City W - Everton W 1:0 - Official Czech &amp; Slovak Everton Supporters&#039; Club\",\"isPartOf\":{\"@id\":\"https:\/\/evertonfc.cz\/#website\"},\"primaryImageOfPage\":{\"@id\":\"https:\/\/evertonfc.cz\/index.php\/2021\/03\/07\/manchester-city-w-everton-w-10\/#primaryimage\"},\"image\":{\"@id\":\"https:\/\/evertonfc.cz\/index.php\/2021\/03\/07\/manchester-city-w-everton-w-10\/#primaryimage\"},\"thumbnailUrl\":\"https:\/\/evertonfc.cz\/wp-content\/uploads\/2021\/03\/Raso_vs_city_07_03_2021.jpg\",\"datePublished\":\"2021-03-07T18:39:31+00:00\",\"dateModified\":\"2021-03-08T19:09:41+00:00\",\"description\":\"Posledn\u00edch dev\u011bt z\u00e1pas\u016f proti Manchester City znamenalo pro evertonsk\u00e9 \u017eeny dev\u011bt proher. Hor\u0161\u00ed bilanci maj\u00ed jen s Arsenalem.\u00a0\",\"breadcrumb\":{\"@id\":\"https:\/\/evertonfc.cz\/index.php\/2021\/03\/07\/manchester-city-w-everton-w-10\/#breadcrumb\"},\"inLanguage\":\"cs\",\"potentialAction\":[{\"@type\":\"ReadAction\",\"target\":[\"https:\/\/evertonfc.cz\/index.php\/2021\/03\/07\/manchester-city-w-everton-w-10\/\"]}]},{\"@type\":\"ImageObject\",\"inLanguage\":\"cs\",\"@id\":\"https:\/\/evertonfc.cz\/index.php\/2021\/03\/07\/manchester-city-w-everton-w-10\/#primaryimage\",\"url\":\"https:\/\/evertonfc.cz\/wp-content\/uploads\/2021\/03\/Raso_vs_city_07_03_2021.jpg\",\"contentUrl\":\"https:\/\/evertonfc.cz\/wp-content\/uploads\/2021\/03\/Raso_vs_city_07_03_2021.jpg\",\"width\":720,\"height\":405},{\"@type\":\"BreadcrumbList\",\"@id\":\"https:\/\/evertonfc.cz\/index.php\/2021\/03\/07\/manchester-city-w-everton-w-10\/#breadcrumb\",\"itemListElement\":[{\"@type\":\"ListItem\",\"position\":1,\"name\":\"Home\",\"item\":\"https:\/\/evertonfc.cz\/\"},{\"@type\":\"ListItem\",\"position\":2,\"name\":\"Manchester City W &#8211; Everton W 1:0\"}]},{\"@type\":\"WebSite\",\"@id\":\"https:\/\/evertonfc.cz\/#website\",\"url\":\"https:\/\/evertonfc.cz\/\",\"name\":\"Official Czech &amp; Slovak Everton Supporters&#039; Club\",\"description\":\"\",\"publisher\":{\"@id\":\"https:\/\/evertonfc.cz\/#organization\"},\"potentialAction\":[{\"@type\":\"SearchAction\",\"target\":{\"@type\":\"EntryPoint\",\"urlTemplate\":\"https:\/\/evertonfc.cz\/?s={search_term_string}\"},\"query-input\":{\"@type\":\"PropertyValueSpecification\",\"valueRequired\":true,\"valueName\":\"search_term_string\"}}],\"inLanguage\":\"cs\"},{\"@type\":\"Organization\",\"@id\":\"https:\/\/evertonfc.cz\/#organization\",\"name\":\"Official Czech & Slovak Everton Supporters' Club\",\"url\":\"https:\/\/evertonfc.cz\/\",\"logo\":{\"@type\":\"ImageObject\",\"inLanguage\":\"cs\",\"@id\":\"https:\/\/evertonfc.cz\/#\/schema\/logo\/image\/\",\"url\":\"https:\/\/evertonfc.cz\/wp-content\/uploads\/2019\/05\/logo.png\",\"contentUrl\":\"https:\/\/evertonfc.cz\/wp-content\/uploads\/2019\/05\/logo.png\",\"width\":112,\"height\":112,\"caption\":\"Official Czech & Slovak Everton Supporters' Club\"},\"image\":{\"@id\":\"https:\/\/evertonfc.cz\/#\/schema\/logo\/image\/\"},\"sameAs\":[\"https:\/\/www.facebook.com\/everton.fans.cz.sk\"]},{\"@type\":\"Person\",\"@id\":\"https:\/\/evertonfc.cz\/#\/schema\/person\/e9a24a80a32efa1344dd2c4e5882185c\",\"name\":\"Karamela\",\"url\":\"https:\/\/evertonfc.cz\/index.php\/author\/karamela\/\"}]}<\/script>\n<!-- \/ Yoast SEO plugin. -->","yoast_head_json":{"title":"Manchester City W - Everton W 1:0 - Official Czech &amp; Slovak Everton Supporters&#039; Club","description":"Posledn\u00edch dev\u011bt z\u00e1pas\u016f proti Manchester City znamenalo pro evertonsk\u00e9 \u017eeny dev\u011bt proher. Hor\u0161\u00ed bilanci maj\u00ed jen s Arsenalem.\u00a0","robots":{"index":"index","follow":"follow","max-snippet":"max-snippet:-1","max-image-preview":"max-image-preview:large","max-video-preview":"max-video-preview:-1"},"canonical":"https:\/\/evertonfc.cz\/index.php\/2021\/03\/07\/manchester-city-w-everton-w-10\/","og_locale":"cs_CZ","og_type":"article","og_title":"Manchester City W - Everton W 1:0 - Official Czech &amp; Slovak Everton Supporters&#039; Club","og_description":"Posledn\u00edch dev\u011bt z\u00e1pas\u016f proti Manchester City znamenalo pro evertonsk\u00e9 \u017eeny dev\u011bt proher. Hor\u0161\u00ed bilanci maj\u00ed jen s Arsenalem.\u00a0","og_url":"https:\/\/evertonfc.cz\/index.php\/2021\/03\/07\/manchester-city-w-everton-w-10\/","og_site_name":"Official Czech &amp; Slovak Everton Supporters&#039; Club","article_publisher":"https:\/\/www.facebook.com\/everton.fans.cz.sk","article_published_time":"2021-03-07T18:39:31+00:00","article_modified_time":"2021-03-08T19:09:41+00:00","og_image":[{"width":720,"height":405,"url":"https:\/\/evertonfc.cz\/wp-content\/uploads\/2021\/03\/Raso_vs_city_07_03_2021.jpg","type":"image\/jpeg"}],"author":"Karamela","twitter_card":"summary_large_image","twitter_misc":{"Napsal(a)":"Karamela","Odhadovan\u00e1 doba \u010dten\u00ed":"3 minuty"},"schema":{"@context":"https:\/\/schema.org","@graph":[{"@type":"Article","@id":"https:\/\/evertonfc.cz\/index.php\/2021\/03\/07\/manchester-city-w-everton-w-10\/#article","isPartOf":{"@id":"https:\/\/evertonfc.cz\/index.php\/2021\/03\/07\/manchester-city-w-everton-w-10\/"},"author":{"name":"Karamela","@id":"https:\/\/evertonfc.cz\/#\/schema\/person\/e9a24a80a32efa1344dd2c4e5882185c"},"headline":"Manchester City W &#8211; Everton W 1:0","datePublished":"2021-03-07T18:39:31+00:00","dateModified":"2021-03-08T19:09:41+00:00","mainEntityOfPage":{"@id":"https:\/\/evertonfc.cz\/index.php\/2021\/03\/07\/manchester-city-w-everton-w-10\/"},"wordCount":865,"commentCount":3,"publisher":{"@id":"https:\/\/evertonfc.cz\/#organization"},"image":{"@id":"https:\/\/evertonfc.cz\/index.php\/2021\/03\/07\/manchester-city-w-everton-w-10\/#primaryimage"},"thumbnailUrl":"https:\/\/evertonfc.cz\/wp-content\/uploads\/2021\/03\/Raso_vs_city_07_03_2021.jpg","articleSection":["Everton Women"],"inLanguage":"cs","potentialAction":[{"@type":"CommentAction","name":"Comment","target":["https:\/\/evertonfc.cz\/index.php\/2021\/03\/07\/manchester-city-w-everton-w-10\/#respond"]}]},{"@type":"WebPage","@id":"https:\/\/evertonfc.cz\/index.php\/2021\/03\/07\/manchester-city-w-everton-w-10\/","url":"https:\/\/evertonfc.cz\/index.php\/2021\/03\/07\/manchester-city-w-everton-w-10\/","name":"Manchester City W - Everton W 1:0 - Official Czech &amp; Slovak Everton Supporters&#039; Club","isPartOf":{"@id":"https:\/\/evertonfc.cz\/#website"},"primaryImageOfPage":{"@id":"https:\/\/evertonfc.cz\/index.php\/2021\/03\/07\/manchester-city-w-everton-w-10\/#primaryimage"},"image":{"@id":"https:\/\/evertonfc.cz\/index.php\/2021\/03\/07\/manchester-city-w-everton-w-10\/#primaryimage"},"thumbnailUrl":"https:\/\/evertonfc.cz\/wp-content\/uploads\/2021\/03\/Raso_vs_city_07_03_2021.jpg","datePublished":"2021-03-07T18:39:31+00:00","dateModified":"2021-03-08T19:09:41+00:00","description":"Posledn\u00edch dev\u011bt z\u00e1pas\u016f proti Manchester City znamenalo pro evertonsk\u00e9 \u017eeny dev\u011bt proher. Hor\u0161\u00ed bilanci maj\u00ed jen s Arsenalem.\u00a0","breadcrumb":{"@id":"https:\/\/evertonfc.cz\/index.php\/2021\/03\/07\/manchester-city-w-everton-w-10\/#breadcrumb"},"inLanguage":"cs","potentialAction":[{"@type":"ReadAction","target":["https:\/\/evertonfc.cz\/index.php\/2021\/03\/07\/manchester-city-w-everton-w-10\/"]}]},{"@type":"ImageObject","inLanguage":"cs","@id":"https:\/\/evertonfc.cz\/index.php\/2021\/03\/07\/manchester-city-w-everton-w-10\/#primaryimage","url":"https:\/\/evertonfc.cz\/wp-content\/uploads\/2021\/03\/Raso_vs_city_07_03_2021.jpg","contentUrl":"https:\/\/evertonfc.cz\/wp-content\/uploads\/2021\/03\/Raso_vs_city_07_03_2021.jpg","width":720,"height":405},{"@type":"BreadcrumbList","@id":"https:\/\/evertonfc.cz\/index.php\/2021\/03\/07\/manchester-city-w-everton-w-10\/#breadcrumb","itemListElement":[{"@type":"ListItem","position":1,"name":"Home","item":"https:\/\/evertonfc.cz\/"},{"@type":"ListItem","position":2,"name":"Manchester City W &#8211; Everton W 1:0"}]},{"@type":"WebSite","@id":"https:\/\/evertonfc.cz\/#website","url":"https:\/\/evertonfc.cz\/","name":"Official Czech &amp; Slovak Everton Supporters&#039; Club","description":"","publisher":{"@id":"https:\/\/evertonfc.cz\/#organization"},"potentialAction":[{"@type":"SearchAction","target":{"@type":"EntryPoint","urlTemplate":"https:\/\/evertonfc.cz\/?s={search_term_string}"},"query-input":{"@type":"PropertyValueSpecification","valueRequired":true,"valueName":"search_term_string"}}],"inLanguage":"cs"},{"@type":"Organization","@id":"https:\/\/evertonfc.cz\/#organization","name":"Official Czech & Slovak Everton Supporters' Club","url":"https:\/\/evertonfc.cz\/","logo":{"@type":"ImageObject","inLanguage":"cs","@id":"https:\/\/evertonfc.cz\/#\/schema\/logo\/image\/","url":"https:\/\/evertonfc.cz\/wp-content\/uploads\/2019\/05\/logo.png","contentUrl":"https:\/\/evertonfc.cz\/wp-content\/uploads\/2019\/05\/logo.png","width":112,"height":112,"caption":"Official Czech & Slovak Everton Supporters' Club"},"image":{"@id":"https:\/\/evertonfc.cz\/#\/schema\/logo\/image\/"},"sameAs":["https:\/\/www.facebook.com\/everton.fans.cz.sk"]},{"@type":"Person","@id":"https:\/\/evertonfc.cz\/#\/schema\/person\/e9a24a80a32efa1344dd2c4e5882185c","name":"Karamela","url":"https:\/\/evertonfc.cz\/index.php\/author\/karamela\/"}]}},"_links":{"self":[{"href":"https:\/\/evertonfc.cz\/index.php\/wp-json\/wp\/v2\/posts\/14495"}],"collection":[{"href":"https:\/\/evertonfc.cz\/index.php\/wp-json\/wp\/v2\/posts"}],"about":[{"href":"https:\/\/evertonfc.cz\/index.php\/wp-json\/wp\/v2\/types\/post"}],"author":[{"embeddable":true,"href":"https:\/\/evertonfc.cz\/index.php\/wp-json\/wp\/v2\/users\/26"}],"replies":[{"embeddable":true,"href":"https:\/\/evertonfc.cz\/index.php\/wp-json\/wp\/v2\/comments?post=14495"}],"version-history":[{"count":18,"href":"https:\/\/evertonfc.cz\/index.php\/wp-json\/wp\/v2\/posts\/14495\/revisions"}],"predecessor-version":[{"id":14523,"href":"https:\/\/evertonfc.cz\/index.php\/wp-json\/wp\/v2\/posts\/14495\/revisions\/14523"}],"wp:featuredmedia":[{"embeddable":true,"href":"https:\/\/evertonfc.cz\/index.php\/wp-json\/wp\/v2\/media\/14513"}],"wp:attachment":[{"href":"https:\/\/evertonfc.cz\/index.php\/wp-json\/wp\/v2\/media?parent=14495"}],"wp:term":[{"taxonomy":"category","embeddable":true,"href":"https:\/\/evertonfc.cz\/index.php\/wp-json\/wp\/v2\/categories?post=14495"},{"taxonomy":"post_tag","embeddable":true,"href":"https:\/\/evertonfc.cz\/index.php\/wp-json\/wp\/v2\/tags?post=14495"}],"curies":[{"name":"wp","href":"https:\/\/api.w.org\/{rel}","templated":true}]}}