{"id":14516,"date":"2021-03-07T21:52:15","date_gmt":"2021-03-07T20:52:15","guid":{"rendered":"https:\/\/evertonfc.cz\/?p=14516"},"modified":"2021-03-07T23:13:12","modified_gmt":"2021-03-07T22:13:12","slug":"preview-chelsea-everton-11","status":"publish","type":"post","link":"https:\/\/evertonfc.cz\/index.php\/2021\/03\/07\/preview-chelsea-everton-11\/","title":{"rendered":"Preview: Chelsea &#8211; Everton"},"content":{"rendered":"<h4>\u010ctvrt\u00fd host\u00ed p\u00e1t\u00e9ho. Po manchestersk\u00e9m derby je tu druh\u00fd \u0161l\u00e1gr kola.<\/h4>\n<p>Liga mistr\u016f. Dv\u011b slova, o kter\u00fdch se v Goodison Parku mluv\u00ed \u010d\u00edm d\u00e1l t\u00edm hlasit\u011bj\u0161\u00edm \u0161eptem. Je za\u010d\u00e1tek b\u0159ezna, Everton je za vysn\u011bnou \u010dtvrtou p\u0159\u00ed\u010dkou pouze bod a v posledn\u00edch t\u0159ech z\u00e1pasech udr\u017eel \u010dist\u00e9 konto. Je to pr\u00e1v\u011b t\u00fdm Romana Abramovi\u010de, kter\u00fd bude doma tuhle pozici h\u00e1jit.<\/p>\n<p>A \u017ee je co &#8211; Everton prohr\u00e1l venku v lize v t\u00e9to sez\u00f3n\u011b pouze dvakr\u00e1t &#8211; a to hned v po sob\u011b jdouc\u00edch z\u00e1pasech. Paradox? \u0160lo o z\u00e1pasy v Newcastlu a v Southamptonu, tedy s t\u00fdmy, kter\u00e9 budou r\u00e1dy, kdy\u017e se zachr\u00e1n\u00ed. Obzvl\u00e1\u0161t\u011b prohry s Newcastlem mohou b\u00fdt hodn\u011b drah\u00e9&#8230;<\/p>\n<p>Ale zp\u011bt k sou\u010dasnosti. V lize je t\u00fdm, kter\u00fd doma rozd\u00e1v\u00e1 body pln\u00fdmi hrstmi. Everton i Chelsea t\u00e9to pohostinnosti t\u00fdmu z Anfield Road vyu\u017eili. Kdy\u017e k tomu p\u0159ipo\u010dteme dne\u0161n\u00ed prohru s Fulhamem, tak je zjevn\u00e9, \u017ee si tento t\u00fdm vzal slova o p\u0159ekon\u00e1n\u00ed rekordu z roku 1923 k srdci. Redakce tohoto webu k p\u0159ekon\u00e1n\u00ed rekordu v po\u010dtu ligov\u00fdch por\u00e1\u017eek v \u0159ad\u011b samoz\u0159ejm\u011b srde\u010dn\u011b gratuluje a douf\u00e1, \u017ee si Aston Villa vzpomene na podzimn\u00ed z\u00e1pas, kdy se jej\u00ed kanon\u00fd\u0159i nechali inspirovat Gavrilem Principem.<\/p>\n<p>Pro Chelsea zat\u00edm plat\u00ed, \u017ee l\u00e9\u010dba Tuchelem funguje. Sez\u00f3nu za\u010dala jako jej\u00ed mana\u017eer nezpochybniteln\u00e1 klubov\u00e1 ikona Frank Lampard. Jen\u017ee tomu se na p\u0159elomu roku p\u0159estalo da\u0159it, k \u010demu\u017e p\u0159isp\u011bla i prohra v Goodison Parku. Majitel Abramovi\u010d s vyhazovem nev\u00e1hal a v lednu ho nahradil Thomas Tuchel, kter\u00fd dostal vyhazov od PSG na \u0160t\u011bdr\u00fd den. Ten zat\u00edm neprohr\u00e1l a po v\u00fdh\u0159e 1:0 nad Atl\u00e9ticem Madrid maj\u00ed Pensioners dob\u0159e rozehran\u00e9 i osmifin\u00e1le Ligy mistr\u016f. Chelsea je t\u00e9\u017e (stejn\u011b jako Everton) ve \u010dtvrtfin\u00e1le Anglick\u00e9ho poh\u00e1ru. To hraje doma a proti Sheffieldu United je celkem jednozna\u010dn\u00fdm favoritem.<\/p>\n<p>U Chelsea vis\u00ed otazn\u00edk nad \u00fa\u010dast\u00ed N&#8217;Gola Kant\u00e9ho, ten po zran\u011bn\u00ed mo\u017en\u00e1 nebude od za\u010d\u00e1tku, nab\u00edz\u00ed se tak spojen\u00ed Kova\u010di\u010de a Jorginha od za\u010d\u00e1tku. Na lavi\u010dce by ale francouzsk\u00fd z\u00e1lo\u017en\u00edk chyb\u011bt nem\u011bl. Dom\u00e1c\u00ed se budou muset obej\u00edt bez Abrahama (kotn\u00edk) a Thiaga Silvy (stehno). U Evertonu jsou jist\u00fdmi absent\u00e9ry Delph, Gbamin a Mina, s otazn\u00edkem je \u010dtve\u0159ice Coleman-Davies-Olsen-Rodr\u00edguez. Co se t\u00fdk\u00e1 sestavy, tak se nab\u00edz\u00ed d\u00e1t volno Gomesovi a Sigurdssona sp\u00e1rovat s Allanem.<\/p>\n<p>A jakou m\u00e1 Everton bilanci na Stamford Bridge? B\u00eddnou. Posledn\u00ed v\u00edt\u011bzstv\u00ed zajistil Paul Rideout 26. 11. 1994!!<\/p>\n<p><strong>Co:\u00a0<\/strong>Chelsea FC &#8211; Everton FC, 28. kolo Premier League<br \/>\n<strong>Kdy:\u00a0<\/strong>8. 3. 2021 od 19:00<br \/>\n<strong>Kde:\u00a0<\/strong>Stamford Bridge, Lond\u00fdn<br \/>\n<strong>TV:\u00a0<\/strong>P\u0159\u00edm\u00fd p\u0159enos na stanici Premier Sport<br \/>\n<strong>Rozhod\u010d\u00ed:<\/strong> Chris Kavanagh &#8211; Dan Cook, James Mainwaring\u00a0<strong>\u010ctvrt\u00fd rozhod\u010d\u00ed:\u00a0<\/strong>Simon Hooper<br \/>\n<strong>Videorozhod\u010d\u00ed: <\/strong>Michael Oliver\u00a0<strong>Asistent videorozhod\u010d\u00edho:<\/strong> Richard West<\/p>\n","protected":false},"excerpt":{"rendered":"<p>\u010ctvrt\u00fd host\u00ed p\u00e1t\u00e9ho &#8211; a d\u011bl\u00ed je pouze bod. Po manchestersk\u00e9m derby je tu druh\u00fd \u0161l\u00e1gr kola.<\/p>\n","protected":false},"author":12,"featured_media":14493,"comment_status":"open","ping_status":"closed","sticky":false,"template":"","format":"standard","meta":{"_eb_attr":"","_monsterinsights_skip_tracking":false,"_monsterinsights_sitenote_active":false,"_monsterinsights_sitenote_note":"","_monsterinsights_sitenote_category":0,"footnotes":""},"categories":[4],"tags":[],"yoast_head":"<!-- This site is optimized with the Yoast SEO plugin v23.4 - https:\/\/yoast.com\/wordpress\/plugins\/seo\/ -->\n<title>Preview: Chelsea - Everton - Official Czech &amp; Slovak Everton Supporters&#039; Club<\/title>\n<meta name=\"robots\" content=\"index, follow, max-snippet:-1, max-image-preview:large, max-video-preview:-1\" \/>\n<link rel=\"canonical\" href=\"https:\/\/evertonfc.cz\/index.php\/2021\/03\/07\/preview-chelsea-everton-11\/\" \/>\n<meta property=\"og:locale\" content=\"cs_CZ\" \/>\n<meta property=\"og:type\" content=\"article\" \/>\n<meta property=\"og:title\" content=\"Preview: Chelsea - Everton - Official Czech &amp; Slovak Everton Supporters&#039; Club\" \/>\n<meta property=\"og:description\" content=\"\u010ctvrt\u00fd host\u00ed p\u00e1t\u00e9ho - a d\u011bl\u00ed je pouze bod. Po manchestersk\u00e9m derby je tu druh\u00fd \u0161l\u00e1gr kola.\" \/>\n<meta property=\"og:url\" content=\"https:\/\/evertonfc.cz\/index.php\/2021\/03\/07\/preview-chelsea-everton-11\/\" \/>\n<meta property=\"og:site_name\" content=\"Official Czech &amp; Slovak Everton Supporters&#039; Club\" \/>\n<meta property=\"article:publisher\" content=\"https:\/\/www.facebook.com\/everton.fans.cz.sk\" \/>\n<meta property=\"article:published_time\" content=\"2021-03-07T20:52:15+00:00\" \/>\n<meta property=\"article:modified_time\" content=\"2021-03-07T22:13:12+00:00\" \/>\n<meta property=\"og:image\" content=\"https:\/\/evertonfc.cz\/wp-content\/uploads\/2021\/03\/Chelsea-VS-Everton.jpg\" \/>\n\t<meta property=\"og:image:width\" content=\"720\" \/>\n\t<meta property=\"og:image:height\" content=\"405\" \/>\n\t<meta property=\"og:image:type\" content=\"image\/jpeg\" \/>\n<meta name=\"author\" content=\"Javor\" \/>\n<meta name=\"twitter:card\" content=\"summary_large_image\" \/>\n<meta name=\"twitter:creator\" content=\"@LoudinJan\" \/>\n<meta name=\"twitter:label1\" content=\"Napsal(a)\" \/>\n\t<meta name=\"twitter:data1\" content=\"Javor\" \/>\n\t<meta name=\"twitter:label2\" content=\"Odhadovan\u00e1 doba \u010dten\u00ed\" \/>\n\t<meta name=\"twitter:data2\" content=\"2 minuty\" \/>\n<script type=\"application\/ld+json\" class=\"yoast-schema-graph\">{\"@context\":\"https:\/\/schema.org\",\"@graph\":[{\"@type\":\"Article\",\"@id\":\"https:\/\/evertonfc.cz\/index.php\/2021\/03\/07\/preview-chelsea-everton-11\/#article\",\"isPartOf\":{\"@id\":\"https:\/\/evertonfc.cz\/index.php\/2021\/03\/07\/preview-chelsea-everton-11\/\"},\"author\":{\"name\":\"Javor\",\"@id\":\"https:\/\/evertonfc.cz\/#\/schema\/person\/b30daf6a5852f4811f8207a17ec1bf78\"},\"headline\":\"Preview: Chelsea &#8211; Everton\",\"datePublished\":\"2021-03-07T20:52:15+00:00\",\"dateModified\":\"2021-03-07T22:13:12+00:00\",\"mainEntityOfPage\":{\"@id\":\"https:\/\/evertonfc.cz\/index.php\/2021\/03\/07\/preview-chelsea-everton-11\/\"},\"wordCount\":528,\"commentCount\":7,\"publisher\":{\"@id\":\"https:\/\/evertonfc.cz\/#organization\"},\"image\":{\"@id\":\"https:\/\/evertonfc.cz\/index.php\/2021\/03\/07\/preview-chelsea-everton-11\/#primaryimage\"},\"thumbnailUrl\":\"https:\/\/evertonfc.cz\/wp-content\/uploads\/2021\/03\/Chelsea-VS-Everton.jpg\",\"articleSection\":[\"Z\u00e1pasy\"],\"inLanguage\":\"cs\",\"potentialAction\":[{\"@type\":\"CommentAction\",\"name\":\"Comment\",\"target\":[\"https:\/\/evertonfc.cz\/index.php\/2021\/03\/07\/preview-chelsea-everton-11\/#respond\"]}]},{\"@type\":\"WebPage\",\"@id\":\"https:\/\/evertonfc.cz\/index.php\/2021\/03\/07\/preview-chelsea-everton-11\/\",\"url\":\"https:\/\/evertonfc.cz\/index.php\/2021\/03\/07\/preview-chelsea-everton-11\/\",\"name\":\"Preview: Chelsea - Everton - Official Czech &amp; Slovak Everton Supporters&#039; Club\",\"isPartOf\":{\"@id\":\"https:\/\/evertonfc.cz\/#website\"},\"primaryImageOfPage\":{\"@id\":\"https:\/\/evertonfc.cz\/index.php\/2021\/03\/07\/preview-chelsea-everton-11\/#primaryimage\"},\"image\":{\"@id\":\"https:\/\/evertonfc.cz\/index.php\/2021\/03\/07\/preview-chelsea-everton-11\/#primaryimage\"},\"thumbnailUrl\":\"https:\/\/evertonfc.cz\/wp-content\/uploads\/2021\/03\/Chelsea-VS-Everton.jpg\",\"datePublished\":\"2021-03-07T20:52:15+00:00\",\"dateModified\":\"2021-03-07T22:13:12+00:00\",\"breadcrumb\":{\"@id\":\"https:\/\/evertonfc.cz\/index.php\/2021\/03\/07\/preview-chelsea-everton-11\/#breadcrumb\"},\"inLanguage\":\"cs\",\"potentialAction\":[{\"@type\":\"ReadAction\",\"target\":[\"https:\/\/evertonfc.cz\/index.php\/2021\/03\/07\/preview-chelsea-everton-11\/\"]}]},{\"@type\":\"ImageObject\",\"inLanguage\":\"cs\",\"@id\":\"https:\/\/evertonfc.cz\/index.php\/2021\/03\/07\/preview-chelsea-everton-11\/#primaryimage\",\"url\":\"https:\/\/evertonfc.cz\/wp-content\/uploads\/2021\/03\/Chelsea-VS-Everton.jpg\",\"contentUrl\":\"https:\/\/evertonfc.cz\/wp-content\/uploads\/2021\/03\/Chelsea-VS-Everton.jpg\",\"width\":720,\"height\":405},{\"@type\":\"BreadcrumbList\",\"@id\":\"https:\/\/evertonfc.cz\/index.php\/2021\/03\/07\/preview-chelsea-everton-11\/#breadcrumb\",\"itemListElement\":[{\"@type\":\"ListItem\",\"position\":1,\"name\":\"Home\",\"item\":\"https:\/\/evertonfc.cz\/\"},{\"@type\":\"ListItem\",\"position\":2,\"name\":\"Preview: Chelsea &#8211; Everton\"}]},{\"@type\":\"WebSite\",\"@id\":\"https:\/\/evertonfc.cz\/#website\",\"url\":\"https:\/\/evertonfc.cz\/\",\"name\":\"Official Czech &amp; Slovak Everton Supporters&#039; Club\",\"description\":\"\",\"publisher\":{\"@id\":\"https:\/\/evertonfc.cz\/#organization\"},\"potentialAction\":[{\"@type\":\"SearchAction\",\"target\":{\"@type\":\"EntryPoint\",\"urlTemplate\":\"https:\/\/evertonfc.cz\/?s={search_term_string}\"},\"query-input\":{\"@type\":\"PropertyValueSpecification\",\"valueRequired\":true,\"valueName\":\"search_term_string\"}}],\"inLanguage\":\"cs\"},{\"@type\":\"Organization\",\"@id\":\"https:\/\/evertonfc.cz\/#organization\",\"name\":\"Official Czech & Slovak Everton Supporters' Club\",\"url\":\"https:\/\/evertonfc.cz\/\",\"logo\":{\"@type\":\"ImageObject\",\"inLanguage\":\"cs\",\"@id\":\"https:\/\/evertonfc.cz\/#\/schema\/logo\/image\/\",\"url\":\"https:\/\/evertonfc.cz\/wp-content\/uploads\/2019\/05\/logo.png\",\"contentUrl\":\"https:\/\/evertonfc.cz\/wp-content\/uploads\/2019\/05\/logo.png\",\"width\":112,\"height\":112,\"caption\":\"Official Czech & Slovak Everton Supporters' Club\"},\"image\":{\"@id\":\"https:\/\/evertonfc.cz\/#\/schema\/logo\/image\/\"},\"sameAs\":[\"https:\/\/www.facebook.com\/everton.fans.cz.sk\"]},{\"@type\":\"Person\",\"@id\":\"https:\/\/evertonfc.cz\/#\/schema\/person\/b30daf6a5852f4811f8207a17ec1bf78\",\"name\":\"Javor\",\"sameAs\":[\"https:\/\/x.com\/LoudinJan\"],\"url\":\"https:\/\/evertonfc.cz\/index.php\/author\/javor\/\"}]}<\/script>\n<!-- \/ Yoast SEO plugin. -->","yoast_head_json":{"title":"Preview: Chelsea - Everton - Official Czech &amp; Slovak Everton Supporters&#039; Club","robots":{"index":"index","follow":"follow","max-snippet":"max-snippet:-1","max-image-preview":"max-image-preview:large","max-video-preview":"max-video-preview:-1"},"canonical":"https:\/\/evertonfc.cz\/index.php\/2021\/03\/07\/preview-chelsea-everton-11\/","og_locale":"cs_CZ","og_type":"article","og_title":"Preview: Chelsea - Everton - Official Czech &amp; Slovak Everton Supporters&#039; Club","og_description":"\u010ctvrt\u00fd host\u00ed p\u00e1t\u00e9ho - a d\u011bl\u00ed je pouze bod. Po manchestersk\u00e9m derby je tu druh\u00fd \u0161l\u00e1gr kola.","og_url":"https:\/\/evertonfc.cz\/index.php\/2021\/03\/07\/preview-chelsea-everton-11\/","og_site_name":"Official Czech &amp; Slovak Everton Supporters&#039; Club","article_publisher":"https:\/\/www.facebook.com\/everton.fans.cz.sk","article_published_time":"2021-03-07T20:52:15+00:00","article_modified_time":"2021-03-07T22:13:12+00:00","og_image":[{"width":720,"height":405,"url":"https:\/\/evertonfc.cz\/wp-content\/uploads\/2021\/03\/Chelsea-VS-Everton.jpg","type":"image\/jpeg"}],"author":"Javor","twitter_card":"summary_large_image","twitter_creator":"@LoudinJan","twitter_misc":{"Napsal(a)":"Javor","Odhadovan\u00e1 doba \u010dten\u00ed":"2 minuty"},"schema":{"@context":"https:\/\/schema.org","@graph":[{"@type":"Article","@id":"https:\/\/evertonfc.cz\/index.php\/2021\/03\/07\/preview-chelsea-everton-11\/#article","isPartOf":{"@id":"https:\/\/evertonfc.cz\/index.php\/2021\/03\/07\/preview-chelsea-everton-11\/"},"author":{"name":"Javor","@id":"https:\/\/evertonfc.cz\/#\/schema\/person\/b30daf6a5852f4811f8207a17ec1bf78"},"headline":"Preview: Chelsea &#8211; Everton","datePublished":"2021-03-07T20:52:15+00:00","dateModified":"2021-03-07T22:13:12+00:00","mainEntityOfPage":{"@id":"https:\/\/evertonfc.cz\/index.php\/2021\/03\/07\/preview-chelsea-everton-11\/"},"wordCount":528,"commentCount":7,"publisher":{"@id":"https:\/\/evertonfc.cz\/#organization"},"image":{"@id":"https:\/\/evertonfc.cz\/index.php\/2021\/03\/07\/preview-chelsea-everton-11\/#primaryimage"},"thumbnailUrl":"https:\/\/evertonfc.cz\/wp-content\/uploads\/2021\/03\/Chelsea-VS-Everton.jpg","articleSection":["Z\u00e1pasy"],"inLanguage":"cs","potentialAction":[{"@type":"CommentAction","name":"Comment","target":["https:\/\/evertonfc.cz\/index.php\/2021\/03\/07\/preview-chelsea-everton-11\/#respond"]}]},{"@type":"WebPage","@id":"https:\/\/evertonfc.cz\/index.php\/2021\/03\/07\/preview-chelsea-everton-11\/","url":"https:\/\/evertonfc.cz\/index.php\/2021\/03\/07\/preview-chelsea-everton-11\/","name":"Preview: Chelsea - Everton - Official Czech &amp; Slovak Everton Supporters&#039; Club","isPartOf":{"@id":"https:\/\/evertonfc.cz\/#website"},"primaryImageOfPage":{"@id":"https:\/\/evertonfc.cz\/index.php\/2021\/03\/07\/preview-chelsea-everton-11\/#primaryimage"},"image":{"@id":"https:\/\/evertonfc.cz\/index.php\/2021\/03\/07\/preview-chelsea-everton-11\/#primaryimage"},"thumbnailUrl":"https:\/\/evertonfc.cz\/wp-content\/uploads\/2021\/03\/Chelsea-VS-Everton.jpg","datePublished":"2021-03-07T20:52:15+00:00","dateModified":"2021-03-07T22:13:12+00:00","breadcrumb":{"@id":"https:\/\/evertonfc.cz\/index.php\/2021\/03\/07\/preview-chelsea-everton-11\/#breadcrumb"},"inLanguage":"cs","potentialAction":[{"@type":"ReadAction","target":["https:\/\/evertonfc.cz\/index.php\/2021\/03\/07\/preview-chelsea-everton-11\/"]}]},{"@type":"ImageObject","inLanguage":"cs","@id":"https:\/\/evertonfc.cz\/index.php\/2021\/03\/07\/preview-chelsea-everton-11\/#primaryimage","url":"https:\/\/evertonfc.cz\/wp-content\/uploads\/2021\/03\/Chelsea-VS-Everton.jpg","contentUrl":"https:\/\/evertonfc.cz\/wp-content\/uploads\/2021\/03\/Chelsea-VS-Everton.jpg","width":720,"height":405},{"@type":"BreadcrumbList","@id":"https:\/\/evertonfc.cz\/index.php\/2021\/03\/07\/preview-chelsea-everton-11\/#breadcrumb","itemListElement":[{"@type":"ListItem","position":1,"name":"Home","item":"https:\/\/evertonfc.cz\/"},{"@type":"ListItem","position":2,"name":"Preview: Chelsea &#8211; Everton"}]},{"@type":"WebSite","@id":"https:\/\/evertonfc.cz\/#website","url":"https:\/\/evertonfc.cz\/","name":"Official Czech &amp; Slovak Everton Supporters&#039; Club","description":"","publisher":{"@id":"https:\/\/evertonfc.cz\/#organization"},"potentialAction":[{"@type":"SearchAction","target":{"@type":"EntryPoint","urlTemplate":"https:\/\/evertonfc.cz\/?s={search_term_string}"},"query-input":{"@type":"PropertyValueSpecification","valueRequired":true,"valueName":"search_term_string"}}],"inLanguage":"cs"},{"@type":"Organization","@id":"https:\/\/evertonfc.cz\/#organization","name":"Official Czech & Slovak Everton Supporters' Club","url":"https:\/\/evertonfc.cz\/","logo":{"@type":"ImageObject","inLanguage":"cs","@id":"https:\/\/evertonfc.cz\/#\/schema\/logo\/image\/","url":"https:\/\/evertonfc.cz\/wp-content\/uploads\/2019\/05\/logo.png","contentUrl":"https:\/\/evertonfc.cz\/wp-content\/uploads\/2019\/05\/logo.png","width":112,"height":112,"caption":"Official Czech & Slovak Everton Supporters' Club"},"image":{"@id":"https:\/\/evertonfc.cz\/#\/schema\/logo\/image\/"},"sameAs":["https:\/\/www.facebook.com\/everton.fans.cz.sk"]},{"@type":"Person","@id":"https:\/\/evertonfc.cz\/#\/schema\/person\/b30daf6a5852f4811f8207a17ec1bf78","name":"Javor","sameAs":["https:\/\/x.com\/LoudinJan"],"url":"https:\/\/evertonfc.cz\/index.php\/author\/javor\/"}]}},"_links":{"self":[{"href":"https:\/\/evertonfc.cz\/index.php\/wp-json\/wp\/v2\/posts\/14516"}],"collection":[{"href":"https:\/\/evertonfc.cz\/index.php\/wp-json\/wp\/v2\/posts"}],"about":[{"href":"https:\/\/evertonfc.cz\/index.php\/wp-json\/wp\/v2\/types\/post"}],"author":[{"embeddable":true,"href":"https:\/\/evertonfc.cz\/index.php\/wp-json\/wp\/v2\/users\/12"}],"replies":[{"embeddable":true,"href":"https:\/\/evertonfc.cz\/index.php\/wp-json\/wp\/v2\/comments?post=14516"}],"version-history":[{"count":4,"href":"https:\/\/evertonfc.cz\/index.php\/wp-json\/wp\/v2\/posts\/14516\/revisions"}],"predecessor-version":[{"id":14520,"href":"https:\/\/evertonfc.cz\/index.php\/wp-json\/wp\/v2\/posts\/14516\/revisions\/14520"}],"wp:featuredmedia":[{"embeddable":true,"href":"https:\/\/evertonfc.cz\/index.php\/wp-json\/wp\/v2\/media\/14493"}],"wp:attachment":[{"href":"https:\/\/evertonfc.cz\/index.php\/wp-json\/wp\/v2\/media?parent=14516"}],"wp:term":[{"taxonomy":"category","embeddable":true,"href":"https:\/\/evertonfc.cz\/index.php\/wp-json\/wp\/v2\/categories?post=14516"},{"taxonomy":"post_tag","embeddable":true,"href":"https:\/\/evertonfc.cz\/index.php\/wp-json\/wp\/v2\/tags?post=14516"}],"curies":[{"name":"wp","href":"https:\/\/api.w.org\/{rel}","templated":true}]}}