{"id":1458,"date":"2018-12-27T22:05:12","date_gmt":"2018-12-27T21:05:12","guid":{"rendered":"http:\/\/evertonfc.cz\/?p=1458"},"modified":"2019-01-22T22:05:39","modified_gmt":"2019-01-22T21:05:39","slug":"burnley-everton-15","status":"publish","type":"post","link":"https:\/\/evertonfc.cz\/index.php\/2018\/12\/27\/burnley-everton-15\/","title":{"rendered":"Burnley &#8211; Everton 1:5"},"content":{"rendered":"<h4>7000!<\/h4>\n<p>Richarlison za\u010dal na lavi\u010dce, stejn\u011b jako Vydra. A zjevn\u011b to m\u011blo kladn\u00fd \u00fa\u010dinek na produktivitu. Ji\u017e ve druh\u00e9 minut\u011b centr Bernarda zleva prom\u011bnil Mina hlavi\u010dkou v sedmitis\u00edc\u00ed g\u00f3l Evertonu v nejvy\u0161\u0161\u00ed sout\u011b\u017ei, p\u0159i\u010dem\u017e druh\u00fd takov\u00fd klub v Anglii nenajdete &#8211;\u00a0<strong>0:1!<\/strong>\u00a0A brzy bylo zv\u00fd\u0161eno &#8211; k trest\u0148\u00e1ku se p\u011bt metr\u016f za velk\u00fdm v\u00fdpnem postavil Digne a p\u0159esn\u011b poslal m\u00ed\u010d k bli\u017e\u0161\u00ed ty\u010di &#8211;\u00a0<strong>0:2!\u00a0<\/strong>Everton asi opravdu na\u0161el Bainesova n\u00e1stupce. Skv\u011blou prvn\u00ed p\u016flku prvn\u00edho polo\u010dasu zakon\u010dil Sigurdsson prom\u011bn\u011bnou penaltou po ruce Meeho, tentokr\u00e1t sta\u010dila norm\u00e1ln\u00ed st\u0159ela k ty\u010di &#8211;\u00a0<strong>0:3!\u00a0<\/strong>Dom\u00e1ci se dop\u0159edu opravdu neprosazovali a Pickford se v brance nudil. Trochu ale vzpl\u00e1ly emoce, atmosf\u00e9ru musel uklidnit \u017elut\u00fdmi kartami pro Lowtona se Sigurdssonem rozhod\u010d\u00ed. A p\u0159ed polo\u010dasem bylo po rohu sn\u00ed\u017eeno. Hlavi\u010dku Tarkowsk\u00e9ho je\u0161t\u011b vyt\u00e1hl z \u010d\u00e1ry Keane, ale dor\u00e1\u017eka Gibsona z oto\u010dky ji\u017e napnula s\u00ed\u0165 &#8211;\u00a0<strong>1:3.\u00a0<\/strong>Clarets i nad\u00e1le hrozili z rohov\u00fdch kop\u016f, ale poda\u0159ilo se neinkasovat, i kv\u016fli skv\u011bl\u00e9 hlavi\u010dce Zoumy.<\/p>\n<p>A Tarkowski mohl hned na za\u010d\u00e1tku druh\u00e9 p\u016fle sn\u00ed\u017eit. M\u00ed\u010d se mu ale po centru zleva a zakon\u010den\u00ed ze \u010dty\u0159 metr\u016f od nohy sp\u00ed\u0161e odrazil, tak\u017ee p\u0159elet\u011bl b\u0159evno. Reakce &#8222;hlava v dlan\u00edch&#8220; byla v\u0161evypov\u00eddaj\u00edc\u00ed. Dom\u00e1c\u00ed m\u011bli dal\u0161\u00ed \u0161ance, i jeden nebezpe\u010dn\u00fd z\u00e1var, ale v\u0161e se poda\u0159ilo ubr\u00e1nit, i za cenu velmi osvobozuj\u00edc\u00edch odkop\u016f. Digne si tedy op\u011bt vzal slovo. Odra\u017een\u00fd m\u00ed\u010d po rohu nap\u00e1lil z velk\u00e9 d\u00e1lky do s\u00edt\u011b &#8211;\u00a0<strong>1:4!<\/strong>\u00a0Ve zbytku z\u00e1pase u\u017e jen Gudmundsson t\u011bsn\u011b minul ty\u010dku br\u00e1ny Evertonu a n\u00e1hradn\u00edk Richarlison v posledn\u00ed minut\u011b sk\u00f3roval. Se zakon\u010den\u00edm se nijak nep\u00e1ral a prost\u0159elil brank\u00e1\u0159e k prav\u00e9 ty\u010di &#8211;\u00a0<strong>1:5!<\/strong><\/p>\n<p>Everton tak v posledn\u00edch dvou z\u00e1pasech uk\u00e1zal vrchol i dno sv\u00e9 sinusoidy. Jist\u00e1 stabilizace v\u00fdkon\u016f je po\u017eadov\u00e1na.<\/p>\n<p><strong>Branky:<\/strong>\u00a037. Gibson \u2013\u00a0 13. a 72. Digne, 2. Mina, 22. Sigurdsson z penalty, 90+3. Richarlison<\/p>\n<p class=\"cards_item_452611\"><strong>Karty:<\/strong>\u00a032. Lowton, 45. Gibson \u2013 25. Sigurdsson, 30. Gomes, 90+1. Gana, 90.+4. Richarlison<\/p>\n<p><strong>Burnley:<\/strong>\u00a0Hart \u2013 Lowton, Taylor, Tarkowski, Mee \u2013 Gibson (63. McNeil), Cork, Hendrick (63. Gudmundsson), Westwood \u2013 Vokes (73. Wood), Barnes<\/p>\n<p><strong>Everton:<\/strong>\u00a0Pickford \u2013 Coleman, Keane, Zouma, Mina, Digne \u2013 Gomes\u00a0(75. Gana) &#8211; Bernard (81. Davies), Sigurdsson, Walcott \u2013 Calvert-Lewin (67. Richarlison)<\/p>\n<p><strong>Rozhod\u010d\u00ed:<\/strong>\u00a0Michael Oliver<\/p>\n<p><strong>Div\u00e1ci:\u00a0<\/strong>21 484<\/p>\n","protected":false},"excerpt":{"rendered":"<p>7000! Richarlison za\u010dal na lavi\u010dce, stejn\u011b jako Vydra. A zjevn\u011b to m\u011blo kladn\u00fd \u00fa\u010dinek na produktivitu. Ji\u017e ve druh\u00e9 minut\u011b&hellip;<\/p>\n","protected":false},"author":12,"featured_media":1420,"comment_status":"open","ping_status":"closed","sticky":false,"template":"","format":"standard","meta":{"_eb_attr":"","_monsterinsights_skip_tracking":false,"_monsterinsights_sitenote_active":false,"_monsterinsights_sitenote_note":"","_monsterinsights_sitenote_category":0,"footnotes":""},"categories":[4],"tags":[],"yoast_head":"<!-- This site is optimized with the Yoast SEO plugin v23.4 - https:\/\/yoast.com\/wordpress\/plugins\/seo\/ -->\n<title>Burnley - Everton 1:5 - Official Czech &amp; Slovak Everton Supporters&#039; Club<\/title>\n<meta name=\"robots\" content=\"index, follow, max-snippet:-1, max-image-preview:large, max-video-preview:-1\" \/>\n<link rel=\"canonical\" href=\"https:\/\/evertonfc.cz\/index.php\/2018\/12\/27\/burnley-everton-15\/\" \/>\n<meta property=\"og:locale\" content=\"cs_CZ\" \/>\n<meta property=\"og:type\" content=\"article\" \/>\n<meta property=\"og:title\" content=\"Burnley - Everton 1:5 - Official Czech &amp; Slovak Everton Supporters&#039; Club\" \/>\n<meta property=\"og:description\" content=\"7000! Richarlison za\u010dal na lavi\u010dce, stejn\u011b jako Vydra. A zjevn\u011b to m\u011blo kladn\u00fd \u00fa\u010dinek na produktivitu. Ji\u017e ve druh\u00e9 minut\u011b&hellip;\" \/>\n<meta property=\"og:url\" content=\"https:\/\/evertonfc.cz\/index.php\/2018\/12\/27\/burnley-everton-15\/\" \/>\n<meta property=\"og:site_name\" content=\"Official Czech &amp; Slovak Everton Supporters&#039; Club\" \/>\n<meta property=\"article:publisher\" content=\"https:\/\/www.facebook.com\/everton.fans.cz.sk\" \/>\n<meta property=\"article:published_time\" content=\"2018-12-27T21:05:12+00:00\" \/>\n<meta property=\"article:modified_time\" content=\"2019-01-22T21:05:39+00:00\" \/>\n<meta property=\"og:image\" content=\"https:\/\/evertonfc.cz\/wp-content\/uploads\/2019\/01\/burnley_27_12_2018.jpg\" \/>\n\t<meta property=\"og:image:width\" content=\"720\" \/>\n\t<meta property=\"og:image:height\" content=\"405\" \/>\n\t<meta property=\"og:image:type\" content=\"image\/jpeg\" \/>\n<meta name=\"author\" content=\"Javor\" \/>\n<meta name=\"twitter:card\" content=\"summary_large_image\" \/>\n<meta name=\"twitter:creator\" content=\"@LoudinJan\" \/>\n<meta name=\"twitter:label1\" content=\"Napsal(a)\" \/>\n\t<meta name=\"twitter:data1\" content=\"Javor\" \/>\n\t<meta name=\"twitter:label2\" content=\"Odhadovan\u00e1 doba \u010dten\u00ed\" \/>\n\t<meta name=\"twitter:data2\" content=\"2 minuty\" \/>\n<script type=\"application\/ld+json\" class=\"yoast-schema-graph\">{\"@context\":\"https:\/\/schema.org\",\"@graph\":[{\"@type\":\"Article\",\"@id\":\"https:\/\/evertonfc.cz\/index.php\/2018\/12\/27\/burnley-everton-15\/#article\",\"isPartOf\":{\"@id\":\"https:\/\/evertonfc.cz\/index.php\/2018\/12\/27\/burnley-everton-15\/\"},\"author\":{\"name\":\"Javor\",\"@id\":\"https:\/\/evertonfc.cz\/#\/schema\/person\/b30daf6a5852f4811f8207a17ec1bf78\"},\"headline\":\"Burnley &#8211; Everton 1:5\",\"datePublished\":\"2018-12-27T21:05:12+00:00\",\"dateModified\":\"2019-01-22T21:05:39+00:00\",\"mainEntityOfPage\":{\"@id\":\"https:\/\/evertonfc.cz\/index.php\/2018\/12\/27\/burnley-everton-15\/\"},\"wordCount\":421,\"commentCount\":0,\"publisher\":{\"@id\":\"https:\/\/evertonfc.cz\/#organization\"},\"image\":{\"@id\":\"https:\/\/evertonfc.cz\/index.php\/2018\/12\/27\/burnley-everton-15\/#primaryimage\"},\"thumbnailUrl\":\"https:\/\/evertonfc.cz\/wp-content\/uploads\/2019\/01\/burnley_27_12_2018.jpg\",\"articleSection\":[\"Z\u00e1pasy\"],\"inLanguage\":\"cs\",\"potentialAction\":[{\"@type\":\"CommentAction\",\"name\":\"Comment\",\"target\":[\"https:\/\/evertonfc.cz\/index.php\/2018\/12\/27\/burnley-everton-15\/#respond\"]}]},{\"@type\":\"WebPage\",\"@id\":\"https:\/\/evertonfc.cz\/index.php\/2018\/12\/27\/burnley-everton-15\/\",\"url\":\"https:\/\/evertonfc.cz\/index.php\/2018\/12\/27\/burnley-everton-15\/\",\"name\":\"Burnley - Everton 1:5 - Official Czech &amp; Slovak Everton Supporters&#039; Club\",\"isPartOf\":{\"@id\":\"https:\/\/evertonfc.cz\/#website\"},\"primaryImageOfPage\":{\"@id\":\"https:\/\/evertonfc.cz\/index.php\/2018\/12\/27\/burnley-everton-15\/#primaryimage\"},\"image\":{\"@id\":\"https:\/\/evertonfc.cz\/index.php\/2018\/12\/27\/burnley-everton-15\/#primaryimage\"},\"thumbnailUrl\":\"https:\/\/evertonfc.cz\/wp-content\/uploads\/2019\/01\/burnley_27_12_2018.jpg\",\"datePublished\":\"2018-12-27T21:05:12+00:00\",\"dateModified\":\"2019-01-22T21:05:39+00:00\",\"breadcrumb\":{\"@id\":\"https:\/\/evertonfc.cz\/index.php\/2018\/12\/27\/burnley-everton-15\/#breadcrumb\"},\"inLanguage\":\"cs\",\"potentialAction\":[{\"@type\":\"ReadAction\",\"target\":[\"https:\/\/evertonfc.cz\/index.php\/2018\/12\/27\/burnley-everton-15\/\"]}]},{\"@type\":\"ImageObject\",\"inLanguage\":\"cs\",\"@id\":\"https:\/\/evertonfc.cz\/index.php\/2018\/12\/27\/burnley-everton-15\/#primaryimage\",\"url\":\"https:\/\/evertonfc.cz\/wp-content\/uploads\/2019\/01\/burnley_27_12_2018.jpg\",\"contentUrl\":\"https:\/\/evertonfc.cz\/wp-content\/uploads\/2019\/01\/burnley_27_12_2018.jpg\",\"width\":720,\"height\":405},{\"@type\":\"BreadcrumbList\",\"@id\":\"https:\/\/evertonfc.cz\/index.php\/2018\/12\/27\/burnley-everton-15\/#breadcrumb\",\"itemListElement\":[{\"@type\":\"ListItem\",\"position\":1,\"name\":\"Home\",\"item\":\"https:\/\/evertonfc.cz\/\"},{\"@type\":\"ListItem\",\"position\":2,\"name\":\"Burnley &#8211; Everton 1:5\"}]},{\"@type\":\"WebSite\",\"@id\":\"https:\/\/evertonfc.cz\/#website\",\"url\":\"https:\/\/evertonfc.cz\/\",\"name\":\"Official Czech &amp; Slovak Everton Supporters&#039; Club\",\"description\":\"\",\"publisher\":{\"@id\":\"https:\/\/evertonfc.cz\/#organization\"},\"potentialAction\":[{\"@type\":\"SearchAction\",\"target\":{\"@type\":\"EntryPoint\",\"urlTemplate\":\"https:\/\/evertonfc.cz\/?s={search_term_string}\"},\"query-input\":{\"@type\":\"PropertyValueSpecification\",\"valueRequired\":true,\"valueName\":\"search_term_string\"}}],\"inLanguage\":\"cs\"},{\"@type\":\"Organization\",\"@id\":\"https:\/\/evertonfc.cz\/#organization\",\"name\":\"Official Czech & Slovak Everton Supporters' Club\",\"url\":\"https:\/\/evertonfc.cz\/\",\"logo\":{\"@type\":\"ImageObject\",\"inLanguage\":\"cs\",\"@id\":\"https:\/\/evertonfc.cz\/#\/schema\/logo\/image\/\",\"url\":\"https:\/\/evertonfc.cz\/wp-content\/uploads\/2019\/05\/logo.png\",\"contentUrl\":\"https:\/\/evertonfc.cz\/wp-content\/uploads\/2019\/05\/logo.png\",\"width\":112,\"height\":112,\"caption\":\"Official Czech & Slovak Everton Supporters' Club\"},\"image\":{\"@id\":\"https:\/\/evertonfc.cz\/#\/schema\/logo\/image\/\"},\"sameAs\":[\"https:\/\/www.facebook.com\/everton.fans.cz.sk\"]},{\"@type\":\"Person\",\"@id\":\"https:\/\/evertonfc.cz\/#\/schema\/person\/b30daf6a5852f4811f8207a17ec1bf78\",\"name\":\"Javor\",\"sameAs\":[\"https:\/\/x.com\/LoudinJan\"],\"url\":\"https:\/\/evertonfc.cz\/index.php\/author\/javor\/\"}]}<\/script>\n<!-- \/ Yoast SEO plugin. -->","yoast_head_json":{"title":"Burnley - Everton 1:5 - Official Czech &amp; Slovak Everton Supporters&#039; Club","robots":{"index":"index","follow":"follow","max-snippet":"max-snippet:-1","max-image-preview":"max-image-preview:large","max-video-preview":"max-video-preview:-1"},"canonical":"https:\/\/evertonfc.cz\/index.php\/2018\/12\/27\/burnley-everton-15\/","og_locale":"cs_CZ","og_type":"article","og_title":"Burnley - Everton 1:5 - Official Czech &amp; Slovak Everton Supporters&#039; Club","og_description":"7000! Richarlison za\u010dal na lavi\u010dce, stejn\u011b jako Vydra. A zjevn\u011b to m\u011blo kladn\u00fd \u00fa\u010dinek na produktivitu. Ji\u017e ve druh\u00e9 minut\u011b&hellip;","og_url":"https:\/\/evertonfc.cz\/index.php\/2018\/12\/27\/burnley-everton-15\/","og_site_name":"Official Czech &amp; Slovak Everton Supporters&#039; Club","article_publisher":"https:\/\/www.facebook.com\/everton.fans.cz.sk","article_published_time":"2018-12-27T21:05:12+00:00","article_modified_time":"2019-01-22T21:05:39+00:00","og_image":[{"width":720,"height":405,"url":"https:\/\/evertonfc.cz\/wp-content\/uploads\/2019\/01\/burnley_27_12_2018.jpg","type":"image\/jpeg"}],"author":"Javor","twitter_card":"summary_large_image","twitter_creator":"@LoudinJan","twitter_misc":{"Napsal(a)":"Javor","Odhadovan\u00e1 doba \u010dten\u00ed":"2 minuty"},"schema":{"@context":"https:\/\/schema.org","@graph":[{"@type":"Article","@id":"https:\/\/evertonfc.cz\/index.php\/2018\/12\/27\/burnley-everton-15\/#article","isPartOf":{"@id":"https:\/\/evertonfc.cz\/index.php\/2018\/12\/27\/burnley-everton-15\/"},"author":{"name":"Javor","@id":"https:\/\/evertonfc.cz\/#\/schema\/person\/b30daf6a5852f4811f8207a17ec1bf78"},"headline":"Burnley &#8211; Everton 1:5","datePublished":"2018-12-27T21:05:12+00:00","dateModified":"2019-01-22T21:05:39+00:00","mainEntityOfPage":{"@id":"https:\/\/evertonfc.cz\/index.php\/2018\/12\/27\/burnley-everton-15\/"},"wordCount":421,"commentCount":0,"publisher":{"@id":"https:\/\/evertonfc.cz\/#organization"},"image":{"@id":"https:\/\/evertonfc.cz\/index.php\/2018\/12\/27\/burnley-everton-15\/#primaryimage"},"thumbnailUrl":"https:\/\/evertonfc.cz\/wp-content\/uploads\/2019\/01\/burnley_27_12_2018.jpg","articleSection":["Z\u00e1pasy"],"inLanguage":"cs","potentialAction":[{"@type":"CommentAction","name":"Comment","target":["https:\/\/evertonfc.cz\/index.php\/2018\/12\/27\/burnley-everton-15\/#respond"]}]},{"@type":"WebPage","@id":"https:\/\/evertonfc.cz\/index.php\/2018\/12\/27\/burnley-everton-15\/","url":"https:\/\/evertonfc.cz\/index.php\/2018\/12\/27\/burnley-everton-15\/","name":"Burnley - Everton 1:5 - Official Czech &amp; Slovak Everton Supporters&#039; Club","isPartOf":{"@id":"https:\/\/evertonfc.cz\/#website"},"primaryImageOfPage":{"@id":"https:\/\/evertonfc.cz\/index.php\/2018\/12\/27\/burnley-everton-15\/#primaryimage"},"image":{"@id":"https:\/\/evertonfc.cz\/index.php\/2018\/12\/27\/burnley-everton-15\/#primaryimage"},"thumbnailUrl":"https:\/\/evertonfc.cz\/wp-content\/uploads\/2019\/01\/burnley_27_12_2018.jpg","datePublished":"2018-12-27T21:05:12+00:00","dateModified":"2019-01-22T21:05:39+00:00","breadcrumb":{"@id":"https:\/\/evertonfc.cz\/index.php\/2018\/12\/27\/burnley-everton-15\/#breadcrumb"},"inLanguage":"cs","potentialAction":[{"@type":"ReadAction","target":["https:\/\/evertonfc.cz\/index.php\/2018\/12\/27\/burnley-everton-15\/"]}]},{"@type":"ImageObject","inLanguage":"cs","@id":"https:\/\/evertonfc.cz\/index.php\/2018\/12\/27\/burnley-everton-15\/#primaryimage","url":"https:\/\/evertonfc.cz\/wp-content\/uploads\/2019\/01\/burnley_27_12_2018.jpg","contentUrl":"https:\/\/evertonfc.cz\/wp-content\/uploads\/2019\/01\/burnley_27_12_2018.jpg","width":720,"height":405},{"@type":"BreadcrumbList","@id":"https:\/\/evertonfc.cz\/index.php\/2018\/12\/27\/burnley-everton-15\/#breadcrumb","itemListElement":[{"@type":"ListItem","position":1,"name":"Home","item":"https:\/\/evertonfc.cz\/"},{"@type":"ListItem","position":2,"name":"Burnley &#8211; Everton 1:5"}]},{"@type":"WebSite","@id":"https:\/\/evertonfc.cz\/#website","url":"https:\/\/evertonfc.cz\/","name":"Official Czech &amp; Slovak Everton Supporters&#039; Club","description":"","publisher":{"@id":"https:\/\/evertonfc.cz\/#organization"},"potentialAction":[{"@type":"SearchAction","target":{"@type":"EntryPoint","urlTemplate":"https:\/\/evertonfc.cz\/?s={search_term_string}"},"query-input":{"@type":"PropertyValueSpecification","valueRequired":true,"valueName":"search_term_string"}}],"inLanguage":"cs"},{"@type":"Organization","@id":"https:\/\/evertonfc.cz\/#organization","name":"Official Czech & Slovak Everton Supporters' Club","url":"https:\/\/evertonfc.cz\/","logo":{"@type":"ImageObject","inLanguage":"cs","@id":"https:\/\/evertonfc.cz\/#\/schema\/logo\/image\/","url":"https:\/\/evertonfc.cz\/wp-content\/uploads\/2019\/05\/logo.png","contentUrl":"https:\/\/evertonfc.cz\/wp-content\/uploads\/2019\/05\/logo.png","width":112,"height":112,"caption":"Official Czech & Slovak Everton Supporters' Club"},"image":{"@id":"https:\/\/evertonfc.cz\/#\/schema\/logo\/image\/"},"sameAs":["https:\/\/www.facebook.com\/everton.fans.cz.sk"]},{"@type":"Person","@id":"https:\/\/evertonfc.cz\/#\/schema\/person\/b30daf6a5852f4811f8207a17ec1bf78","name":"Javor","sameAs":["https:\/\/x.com\/LoudinJan"],"url":"https:\/\/evertonfc.cz\/index.php\/author\/javor\/"}]}},"_links":{"self":[{"href":"https:\/\/evertonfc.cz\/index.php\/wp-json\/wp\/v2\/posts\/1458"}],"collection":[{"href":"https:\/\/evertonfc.cz\/index.php\/wp-json\/wp\/v2\/posts"}],"about":[{"href":"https:\/\/evertonfc.cz\/index.php\/wp-json\/wp\/v2\/types\/post"}],"author":[{"embeddable":true,"href":"https:\/\/evertonfc.cz\/index.php\/wp-json\/wp\/v2\/users\/12"}],"replies":[{"embeddable":true,"href":"https:\/\/evertonfc.cz\/index.php\/wp-json\/wp\/v2\/comments?post=1458"}],"version-history":[{"count":1,"href":"https:\/\/evertonfc.cz\/index.php\/wp-json\/wp\/v2\/posts\/1458\/revisions"}],"predecessor-version":[{"id":1459,"href":"https:\/\/evertonfc.cz\/index.php\/wp-json\/wp\/v2\/posts\/1458\/revisions\/1459"}],"wp:featuredmedia":[{"embeddable":true,"href":"https:\/\/evertonfc.cz\/index.php\/wp-json\/wp\/v2\/media\/1420"}],"wp:attachment":[{"href":"https:\/\/evertonfc.cz\/index.php\/wp-json\/wp\/v2\/media?parent=1458"}],"wp:term":[{"taxonomy":"category","embeddable":true,"href":"https:\/\/evertonfc.cz\/index.php\/wp-json\/wp\/v2\/categories?post=1458"},{"taxonomy":"post_tag","embeddable":true,"href":"https:\/\/evertonfc.cz\/index.php\/wp-json\/wp\/v2\/tags?post=1458"}],"curies":[{"name":"wp","href":"https:\/\/api.w.org\/{rel}","templated":true}]}}