{"id":14645,"date":"2021-03-14T10:47:06","date_gmt":"2021-03-14T09:47:06","guid":{"rendered":"https:\/\/evertonfc.cz\/?p=14645"},"modified":"2021-11-01T08:59:52","modified_gmt":"2021-11-01T07:59:52","slug":"everton-burnley-12","status":"publish","type":"post","link":"https:\/\/evertonfc.cz\/index.php\/2021\/03\/14\/everton-burnley-12\/","title":{"rendered":"Everton &#8211; Burnley 1:2"},"content":{"rendered":"<h4>Dom\u00e1c\u00ed Everton dal\u0161\u00ed prohrou potvrdil, \u017ee se mu v t\u00e9to sez\u00f3n\u011b v Goodison Parku neda\u0159\u00ed, obzvl\u00e1\u0161t\u011b proti t\u00fdm\u016fm bojuj\u00edc\u00edm o z\u00e1chranu. Burnley p\u0159edvedlo sv\u016fj typick\u00fd bojovn\u00fd v\u00fdkon a bere t\u0159i body. Zaslou\u017een\u011b.<\/h4>\n<p>Pokud m\u00e1 v t\u00e9to sez\u00f3n\u011b t\u00fdm z nedalek\u00e9ho Burnley s n\u011b\u010d\u00edm probl\u00e9m, je to rozhodn\u011b st\u0159\u00edlen\u00ed g\u00f3l\u016f. Do v\u010derej\u0161\u00edho z\u00e1pasu jich vs\u00edtilo pouze 20, proto tak\u00e9 bojuje o z\u00e1chranu. V\u010dera se mu bohu\u017eel poda\u0159ilo p\u0159idat dal\u0161\u00ed dva a jeliko\u017e se Everton nezmohl na v\u00fdrazn\u011bj\u0161\u00ed odpor, bude je\u0161t\u011b boj o evropsk\u00e9 poh\u00e1ry v z\u00e1v\u011bru sez\u00f3ny nepochybn\u011b dramatick\u00fd.<\/p>\n<h4>Ostr\u00fd n\u00e1stup The Clarets<\/h4>\n<p>Z\u00e1pas za\u010dal celkem slibn\u011b, u\u017e ve t\u0159et\u00ed minut\u011b Richarlison \u0161ikovn\u011b vyst\u0159elil z hranice v\u00e1pna, st\u0159elu sm\u011b\u0159uj\u00edc\u00ed k ty\u010di ale bezpe\u010dn\u011b lapil Nick Pope. \u00davodn\u00ed desetiminutovka p\u0159inesla vz\u00e1jemn\u00e9 o\u0165uk\u00e1v\u00e1n\u00ed (pokud se to tak v pod\u00e1n\u00ed Burnley d\u00e1 nazvat), ale host\u00e9 p\u0159ekvapiv\u011b ude\u0159ili u\u017e z prvn\u00ed akce. Po ztr\u00e1t\u011b Toma Daviese se ke sra\u017een\u00e9mu centru dostal Chris Wood a poslal nekompromisn\u011b m\u00ed\u010d k prav\u00e9 ty\u010di Pickfordovy svatyn\u011b &#8211; <strong>0:1<\/strong> pro Burnley.<\/p>\n<p>Hostuj\u00edc\u00ed celek se tak celkem brzy dostal do komfortn\u00ed pozice, Everton musel doh\u00e1n\u011bt. Burnley d\u011blalo to, co um\u00ed asi nejl\u00e9pe &#8211; br\u00e1nilo, a br\u00e1nilo dob\u0159e. Karamelk\u00e1m se mo\u017en\u00e1 i d\u00edky absenci kreativn\u00edch hr\u00e1\u010d\u016f ve st\u0159edu pole neda\u0159ilo nic vymyslet, toho rychle vyu\u017eili host\u00e9, kter\u00fdm o\u010dividn\u011b narostlo sebev\u011bdom\u00ed. V 21. minut\u011b je\u0161t\u011b Godfrey srazil Woodovu st\u0159elu na roh, ale \u0161anc\u00ed host\u016f p\u0159ib\u00fdvalo a o chv\u00edli pozd\u011bji se znovu m\u011bnilo sk\u00f3re. \u010cesk\u00fd reprezentant Mat\u011bj Vydra poslal od autov\u00e9 \u010d\u00e1ry m\u00ed\u010d na hranici v\u00e1pna. Tam \u010dekal p\u0159ipraven\u00fd Dwight McNeil, kter\u00fd se lehce zbavil dot\u00edraj\u00edc\u00edho Allana a precizn\u00edm obst\u0159elem do vzd\u00e1len\u011bj\u0161\u00edho ro\u017eku br\u00e1ny zv\u00fd\u0161il veden\u00ed &#8211; <strong>0:2<\/strong>.<\/p>\n<h4>Nov\u00e1 nad\u011bje<\/h4>\n<p>S dom\u00e1c\u00edmi mohlo b\u00fdt je\u0161t\u011b h\u016f\u0159e u\u017e po dvou minut\u00e1ch, dal\u0161\u00ed ztr\u00e1ta m\u00ed\u010de ve st\u0159edu h\u0159i\u0161t\u011b p\u0159inesla proti\u00fatok host\u016f a st\u0159elu Gudmundssona do ty\u010de. P\u0159i z\u00e1kroku se\u00a0 lehce zranil Pickford, v br\u00e1n\u011b v\u0161ak prozat\u00edm z\u016fstal. Mohl tak sledovat povedenou akci sv\u00e9ho t\u00fdmu z dvaat\u0159ic\u00e1t\u00e9 minuty. Jinak velmi pozorn\u00e1 hostuj\u00edc\u00ed obrana se nechala trochu uspat, proto Davies mohl klidn\u011b odcentrovat na nik\u00fdm nehl\u00eddan\u00e9ho Calvert-Lewina, kter\u00fd hlavou pohodln\u011b sn\u00ed\u017eil na <strong>1:2.<\/strong><\/p>\n<p>Ve 42. minut\u011b se po\u00a0 p\u0159edchoz\u00edm zran\u011bn\u00ed musel ze h\u0159i\u0161t\u011b porou\u010det g\u00f3lman dom\u00e1c\u00edch Jordan Pickford, kter\u00e9ho kv\u016fli absenci Robina Olsena nahradil mlad\u00fd Portugalec Jo\u00e3o Virg\u00ednia. Jednalo se pro n\u011bj o debut v Premier League. O dv\u011b minuty pozd\u011bji si mohl poprv\u00e9 s\u00e1hnout na m\u00ed\u010d po st\u0159ele Brownhilla a na\u017eivo sledovat sebev\u011bdom\u00e9, v kombinaci siln\u00e9 Burnley. V\u00edce toho prvn\u00ed polo\u010das nep\u0159inesl.<\/p>\n<h4>Honba za vyrovn\u00e1n\u00edm a pokles tempa<\/h4>\n<p>Dom\u00e1c\u00ed v \u00favodu druh\u00e9 p\u016fle za\u010dali slibn\u011b, stejn\u011b jako v \u00favodu t\u00e9 prvn\u00ed. Andr\u00e9 Gomes se nejd\u0159\u00edve prezentoval kr\u00e1snou p\u0159\u00edzemn\u00ed st\u0159elou k ty\u010di, Nick Pope v\u0161ak byl pozorn\u00fd a bravurn\u011b vyt\u00e1hl jeho pokus na roh. O chv\u00edli pozd\u011bji si na centr Digneho nasko\u010dil DCL, hlavi\u010dka mu bohu\u017eel nesedla a st\u0159ela skon\u010dila vedle. N\u00e1sledn\u00e9 minuty p\u0159inesly pokles tempa, vr\u00e1tily z\u00e1pas do star\u00fdch kolej\u00ed a ke sk\u00f3rov\u00e1n\u00ed m\u011bl op\u011bt bl\u00ed\u017ee hostuj\u00edc\u00ed celek.<\/p>\n<p>M\u00ed\u010d se v 69. minut\u011b dostal do pokutov\u00e9ho \u00fazem\u00ed dom\u00e1c\u00edch, kde souboj s Mat\u011bjem Vydrou svedl Ben Godfrey. Vyb\u011bhnuv\u0161\u00ed Virginia ov\u0161em minul m\u00ed\u010d a m\u011bl obrovsk\u00e9 \u0161t\u011bst\u00ed, \u017ee Vydra z oto\u010dky netrefil m\u00ed\u010d. Vz\u00e1p\u011bt\u00ed po rohov\u00e9m kopu rozehran\u00e9m na vzd\u00e1len\u011bj\u0161\u00ed ty\u010d hlavi\u010dkoval do b\u0159evna Ben Mee. O dal\u0161\u00ed minutu pozd\u011bji Burnley rozehr\u00e1lo dal\u0161\u00ed povedenou kombinaci, Mat\u011bj Vydra v zakon\u010den\u00ed v\u0161ak ztroskotal na p\u0159ipraven\u00e9m g\u00f3lmanovi Evertonu.<\/p>\n<h4>Z\u00e1v\u011br a hodnocen\u00ed<\/h4>\n<p>Carlo Ancelloti se sna\u017eil o\u017eivit hru p\u0159\u00edchodem Kinga (v 66.minut\u011b), n\u00e1sledn\u011b na h\u0159i\u0161t\u011b poslal Colemana. Prvn\u00ed jmenovan\u00fd byl prakticky neviditeln\u00fd, druh\u00fd jmenovan\u00fd se v 87.minut\u011b po p\u0159ihr\u00e1vce od Richarlisona dostal k zaj\u00edmav\u00e9 st\u0159ele, kterou ale zablokovala hostuj\u00edc\u00ed obrana. Posledn\u00ed zoufal\u00fd pokus Andre Gomese z 89. minuty m\u00ed\u0159il o dost vedle a Burnley se mohlo radovat z pln\u00e9ho bodov\u00e9ho zisku.<\/p>\n<p>Hr\u00e1\u010dem utk\u00e1n\u00ed je kv\u016fli kr\u00e1sn\u00e9mu g\u00f3lu a spoust\u011b vytvo\u0159en\u00fdch \u0161anc\u00ed <strong>Dwight McNeil<\/strong>. Z dom\u00e1c\u00edch bych asi nejv\u00edce ocenil v\u00fdkon Digneho a Richarlisona. Pozitivn\u00ed je, \u017ee i mlad\u00fd portugalsk\u00fd g\u00f3lman sv\u016fj nelehk\u00fd debut zvl\u00e1dnul a neinkasoval. Ztracen\u00e9 t\u0159i body v boji o poh\u00e1rovou Evropu jist\u011b mrz\u00ed, nicm\u00e9n\u011b Burnley rozhodn\u011b nen\u00ed \u017e\u00e1dn\u00fd otlouk\u00e1nek, kter\u00fd by body rozd\u00e1val na potk\u00e1n\u00ed. Nezb\u00fdv\u00e1 ne\u017e se pou\u010dit z prohry a j\u00edt d\u00e1l&#8230;<\/p>\n<p style=\"text-align: right;\"><span style=\"font-size: 8pt;\">(foto zdroj: Pool \/ Getty Images)<\/span><\/p>\n<p><strong>Branky:<\/strong> 32. Dominic Calvert-Lewin &#8211; 13. Chris Wood , 24. Dwight McNeil<\/p>\n<p><strong>\u017dK:<\/strong> 38. Chris Wood, 45+2. Matthew Lowton , 76. James Tarkowski , 85. Nick Pope<\/p>\n<p><strong>Everton FC:<\/strong> Jordan Pickford (43. Jo\u00e3o Virg\u00ednia), Lucas Digne, Ben Godfrey, Michael Keane, Mason Holgate (73. S\u00e9amus Coleman), Andr\u00e9 Gomes, Allan, Alex Iwobi, Tom Davies (66. Joshua King), Dominic Calvert-Lewin, Richarlison<\/p>\n<p><strong>Burnley FC:<\/strong> Nick Pope, Erik Pieters, Matthew Lowton, Ben Mee, James Tarkowski, Ashley Westwood, Josh Brownhill, Dwight McNeil, J\u00f3hann Gudmundsson (66. Robbie Brady), Mat\u011bj Vydra (78. Jay Rodriguez), Chris Wood<\/p>\n<p><strong>Rozhod\u010d\u00ed:<\/strong> Jonathan Moss \u00a0<b>Bez div\u00e1k\u016f<\/b><\/p>\n","protected":false},"excerpt":{"rendered":"<p>Dom\u00e1c\u00ed Everton dal\u0161\u00ed prohrou potvrdil, \u017ee se mu v t\u00e9to sez\u00f3n\u011b v Goodison Parku neda\u0159\u00ed, obzvl\u00e1\u0161t\u011b proti t\u00fdm\u016fm bojuj\u00edc\u00edm o z\u00e1chranu. Burnley p\u0159edvedlo sv\u016fj typick\u00fd bojovn\u00fd v\u00fdkon a bere t\u0159i body. Zaslou\u017een\u011b.<\/p>\n","protected":false},"author":562,"featured_media":14647,"comment_status":"open","ping_status":"closed","sticky":false,"template":"","format":"standard","meta":{"_eb_attr":"","_monsterinsights_skip_tracking":false,"_monsterinsights_sitenote_active":false,"_monsterinsights_sitenote_note":"","_monsterinsights_sitenote_category":0,"footnotes":""},"categories":[4],"tags":[],"yoast_head":"<!-- This site is optimized with the Yoast SEO plugin v23.4 - https:\/\/yoast.com\/wordpress\/plugins\/seo\/ -->\n<title>Everton - Burnley 1:2 - Official Czech &amp; Slovak Everton Supporters&#039; Club<\/title>\n<meta name=\"robots\" content=\"index, follow, max-snippet:-1, max-image-preview:large, max-video-preview:-1\" \/>\n<link rel=\"canonical\" href=\"https:\/\/evertonfc.cz\/index.php\/2021\/03\/14\/everton-burnley-12\/\" \/>\n<meta property=\"og:locale\" content=\"cs_CZ\" \/>\n<meta property=\"og:type\" content=\"article\" \/>\n<meta property=\"og:title\" content=\"Everton - Burnley 1:2 - Official Czech &amp; Slovak Everton Supporters&#039; Club\" \/>\n<meta property=\"og:description\" content=\"Dom\u00e1c\u00ed Everton dal\u0161\u00ed prohrou potvrdil, \u017ee se mu v t\u00e9to sez\u00f3n\u011b v Goodison Parku neda\u0159\u00ed, obzvl\u00e1\u0161t\u011b proti t\u00fdm\u016fm bojuj\u00edc\u00edm o z\u00e1chranu. Burnley p\u0159edvedlo sv\u016fj typick\u00fd bojovn\u00fd v\u00fdkon a bere t\u0159i body. Zaslou\u017een\u011b.\" \/>\n<meta property=\"og:url\" content=\"https:\/\/evertonfc.cz\/index.php\/2021\/03\/14\/everton-burnley-12\/\" \/>\n<meta property=\"og:site_name\" content=\"Official Czech &amp; Slovak Everton Supporters&#039; Club\" \/>\n<meta property=\"article:publisher\" content=\"https:\/\/www.facebook.com\/everton.fans.cz.sk\" \/>\n<meta property=\"article:published_time\" content=\"2021-03-14T09:47:06+00:00\" \/>\n<meta property=\"article:modified_time\" content=\"2021-11-01T07:59:52+00:00\" \/>\n<meta property=\"og:image\" content=\"https:\/\/evertonfc.cz\/wp-content\/uploads\/2021\/03\/Everton-1-2-Burnley-13-03-2021.jpg\" \/>\n\t<meta property=\"og:image:width\" content=\"720\" \/>\n\t<meta property=\"og:image:height\" content=\"405\" \/>\n\t<meta property=\"og:image:type\" content=\"image\/jpeg\" \/>\n<meta name=\"author\" content=\"Petr\" \/>\n<meta name=\"twitter:card\" content=\"summary_large_image\" \/>\n<meta name=\"twitter:label1\" content=\"Napsal(a)\" \/>\n\t<meta name=\"twitter:data1\" content=\"Petr\" \/>\n\t<meta name=\"twitter:label2\" content=\"Odhadovan\u00e1 doba \u010dten\u00ed\" \/>\n\t<meta name=\"twitter:data2\" content=\"4 minuty\" \/>\n<script type=\"application\/ld+json\" class=\"yoast-schema-graph\">{\"@context\":\"https:\/\/schema.org\",\"@graph\":[{\"@type\":\"Article\",\"@id\":\"https:\/\/evertonfc.cz\/index.php\/2021\/03\/14\/everton-burnley-12\/#article\",\"isPartOf\":{\"@id\":\"https:\/\/evertonfc.cz\/index.php\/2021\/03\/14\/everton-burnley-12\/\"},\"author\":{\"name\":\"Petr\",\"@id\":\"https:\/\/evertonfc.cz\/#\/schema\/person\/5b54d20cd919070efc6fd6f92621fc50\"},\"headline\":\"Everton &#8211; Burnley 1:2\",\"datePublished\":\"2021-03-14T09:47:06+00:00\",\"dateModified\":\"2021-11-01T07:59:52+00:00\",\"mainEntityOfPage\":{\"@id\":\"https:\/\/evertonfc.cz\/index.php\/2021\/03\/14\/everton-burnley-12\/\"},\"wordCount\":998,\"commentCount\":19,\"publisher\":{\"@id\":\"https:\/\/evertonfc.cz\/#organization\"},\"image\":{\"@id\":\"https:\/\/evertonfc.cz\/index.php\/2021\/03\/14\/everton-burnley-12\/#primaryimage\"},\"thumbnailUrl\":\"https:\/\/evertonfc.cz\/wp-content\/uploads\/2021\/03\/Everton-1-2-Burnley-13-03-2021.jpg\",\"articleSection\":[\"Z\u00e1pasy\"],\"inLanguage\":\"cs\",\"potentialAction\":[{\"@type\":\"CommentAction\",\"name\":\"Comment\",\"target\":[\"https:\/\/evertonfc.cz\/index.php\/2021\/03\/14\/everton-burnley-12\/#respond\"]}]},{\"@type\":\"WebPage\",\"@id\":\"https:\/\/evertonfc.cz\/index.php\/2021\/03\/14\/everton-burnley-12\/\",\"url\":\"https:\/\/evertonfc.cz\/index.php\/2021\/03\/14\/everton-burnley-12\/\",\"name\":\"Everton - Burnley 1:2 - Official Czech &amp; Slovak Everton Supporters&#039; Club\",\"isPartOf\":{\"@id\":\"https:\/\/evertonfc.cz\/#website\"},\"primaryImageOfPage\":{\"@id\":\"https:\/\/evertonfc.cz\/index.php\/2021\/03\/14\/everton-burnley-12\/#primaryimage\"},\"image\":{\"@id\":\"https:\/\/evertonfc.cz\/index.php\/2021\/03\/14\/everton-burnley-12\/#primaryimage\"},\"thumbnailUrl\":\"https:\/\/evertonfc.cz\/wp-content\/uploads\/2021\/03\/Everton-1-2-Burnley-13-03-2021.jpg\",\"datePublished\":\"2021-03-14T09:47:06+00:00\",\"dateModified\":\"2021-11-01T07:59:52+00:00\",\"breadcrumb\":{\"@id\":\"https:\/\/evertonfc.cz\/index.php\/2021\/03\/14\/everton-burnley-12\/#breadcrumb\"},\"inLanguage\":\"cs\",\"potentialAction\":[{\"@type\":\"ReadAction\",\"target\":[\"https:\/\/evertonfc.cz\/index.php\/2021\/03\/14\/everton-burnley-12\/\"]}]},{\"@type\":\"ImageObject\",\"inLanguage\":\"cs\",\"@id\":\"https:\/\/evertonfc.cz\/index.php\/2021\/03\/14\/everton-burnley-12\/#primaryimage\",\"url\":\"https:\/\/evertonfc.cz\/wp-content\/uploads\/2021\/03\/Everton-1-2-Burnley-13-03-2021.jpg\",\"contentUrl\":\"https:\/\/evertonfc.cz\/wp-content\/uploads\/2021\/03\/Everton-1-2-Burnley-13-03-2021.jpg\",\"width\":720,\"height\":405},{\"@type\":\"BreadcrumbList\",\"@id\":\"https:\/\/evertonfc.cz\/index.php\/2021\/03\/14\/everton-burnley-12\/#breadcrumb\",\"itemListElement\":[{\"@type\":\"ListItem\",\"position\":1,\"name\":\"Home\",\"item\":\"https:\/\/evertonfc.cz\/\"},{\"@type\":\"ListItem\",\"position\":2,\"name\":\"Everton &#8211; Burnley 1:2\"}]},{\"@type\":\"WebSite\",\"@id\":\"https:\/\/evertonfc.cz\/#website\",\"url\":\"https:\/\/evertonfc.cz\/\",\"name\":\"Official Czech &amp; Slovak Everton Supporters&#039; Club\",\"description\":\"\",\"publisher\":{\"@id\":\"https:\/\/evertonfc.cz\/#organization\"},\"potentialAction\":[{\"@type\":\"SearchAction\",\"target\":{\"@type\":\"EntryPoint\",\"urlTemplate\":\"https:\/\/evertonfc.cz\/?s={search_term_string}\"},\"query-input\":{\"@type\":\"PropertyValueSpecification\",\"valueRequired\":true,\"valueName\":\"search_term_string\"}}],\"inLanguage\":\"cs\"},{\"@type\":\"Organization\",\"@id\":\"https:\/\/evertonfc.cz\/#organization\",\"name\":\"Official Czech & Slovak Everton Supporters' Club\",\"url\":\"https:\/\/evertonfc.cz\/\",\"logo\":{\"@type\":\"ImageObject\",\"inLanguage\":\"cs\",\"@id\":\"https:\/\/evertonfc.cz\/#\/schema\/logo\/image\/\",\"url\":\"https:\/\/evertonfc.cz\/wp-content\/uploads\/2019\/05\/logo.png\",\"contentUrl\":\"https:\/\/evertonfc.cz\/wp-content\/uploads\/2019\/05\/logo.png\",\"width\":112,\"height\":112,\"caption\":\"Official Czech & Slovak Everton Supporters' Club\"},\"image\":{\"@id\":\"https:\/\/evertonfc.cz\/#\/schema\/logo\/image\/\"},\"sameAs\":[\"https:\/\/www.facebook.com\/everton.fans.cz.sk\"]},{\"@type\":\"Person\",\"@id\":\"https:\/\/evertonfc.cz\/#\/schema\/person\/5b54d20cd919070efc6fd6f92621fc50\",\"name\":\"Petr\",\"url\":\"https:\/\/evertonfc.cz\/index.php\/author\/petr\/\"}]}<\/script>\n<!-- \/ Yoast SEO plugin. -->","yoast_head_json":{"title":"Everton - Burnley 1:2 - Official Czech &amp; Slovak Everton Supporters&#039; Club","robots":{"index":"index","follow":"follow","max-snippet":"max-snippet:-1","max-image-preview":"max-image-preview:large","max-video-preview":"max-video-preview:-1"},"canonical":"https:\/\/evertonfc.cz\/index.php\/2021\/03\/14\/everton-burnley-12\/","og_locale":"cs_CZ","og_type":"article","og_title":"Everton - Burnley 1:2 - Official Czech &amp; Slovak Everton Supporters&#039; Club","og_description":"Dom\u00e1c\u00ed Everton dal\u0161\u00ed prohrou potvrdil, \u017ee se mu v t\u00e9to sez\u00f3n\u011b v Goodison Parku neda\u0159\u00ed, obzvl\u00e1\u0161t\u011b proti t\u00fdm\u016fm bojuj\u00edc\u00edm o z\u00e1chranu. Burnley p\u0159edvedlo sv\u016fj typick\u00fd bojovn\u00fd v\u00fdkon a bere t\u0159i body. Zaslou\u017een\u011b.","og_url":"https:\/\/evertonfc.cz\/index.php\/2021\/03\/14\/everton-burnley-12\/","og_site_name":"Official Czech &amp; Slovak Everton Supporters&#039; Club","article_publisher":"https:\/\/www.facebook.com\/everton.fans.cz.sk","article_published_time":"2021-03-14T09:47:06+00:00","article_modified_time":"2021-11-01T07:59:52+00:00","og_image":[{"width":720,"height":405,"url":"https:\/\/evertonfc.cz\/wp-content\/uploads\/2021\/03\/Everton-1-2-Burnley-13-03-2021.jpg","type":"image\/jpeg"}],"author":"Petr","twitter_card":"summary_large_image","twitter_misc":{"Napsal(a)":"Petr","Odhadovan\u00e1 doba \u010dten\u00ed":"4 minuty"},"schema":{"@context":"https:\/\/schema.org","@graph":[{"@type":"Article","@id":"https:\/\/evertonfc.cz\/index.php\/2021\/03\/14\/everton-burnley-12\/#article","isPartOf":{"@id":"https:\/\/evertonfc.cz\/index.php\/2021\/03\/14\/everton-burnley-12\/"},"author":{"name":"Petr","@id":"https:\/\/evertonfc.cz\/#\/schema\/person\/5b54d20cd919070efc6fd6f92621fc50"},"headline":"Everton &#8211; Burnley 1:2","datePublished":"2021-03-14T09:47:06+00:00","dateModified":"2021-11-01T07:59:52+00:00","mainEntityOfPage":{"@id":"https:\/\/evertonfc.cz\/index.php\/2021\/03\/14\/everton-burnley-12\/"},"wordCount":998,"commentCount":19,"publisher":{"@id":"https:\/\/evertonfc.cz\/#organization"},"image":{"@id":"https:\/\/evertonfc.cz\/index.php\/2021\/03\/14\/everton-burnley-12\/#primaryimage"},"thumbnailUrl":"https:\/\/evertonfc.cz\/wp-content\/uploads\/2021\/03\/Everton-1-2-Burnley-13-03-2021.jpg","articleSection":["Z\u00e1pasy"],"inLanguage":"cs","potentialAction":[{"@type":"CommentAction","name":"Comment","target":["https:\/\/evertonfc.cz\/index.php\/2021\/03\/14\/everton-burnley-12\/#respond"]}]},{"@type":"WebPage","@id":"https:\/\/evertonfc.cz\/index.php\/2021\/03\/14\/everton-burnley-12\/","url":"https:\/\/evertonfc.cz\/index.php\/2021\/03\/14\/everton-burnley-12\/","name":"Everton - Burnley 1:2 - Official Czech &amp; Slovak Everton Supporters&#039; Club","isPartOf":{"@id":"https:\/\/evertonfc.cz\/#website"},"primaryImageOfPage":{"@id":"https:\/\/evertonfc.cz\/index.php\/2021\/03\/14\/everton-burnley-12\/#primaryimage"},"image":{"@id":"https:\/\/evertonfc.cz\/index.php\/2021\/03\/14\/everton-burnley-12\/#primaryimage"},"thumbnailUrl":"https:\/\/evertonfc.cz\/wp-content\/uploads\/2021\/03\/Everton-1-2-Burnley-13-03-2021.jpg","datePublished":"2021-03-14T09:47:06+00:00","dateModified":"2021-11-01T07:59:52+00:00","breadcrumb":{"@id":"https:\/\/evertonfc.cz\/index.php\/2021\/03\/14\/everton-burnley-12\/#breadcrumb"},"inLanguage":"cs","potentialAction":[{"@type":"ReadAction","target":["https:\/\/evertonfc.cz\/index.php\/2021\/03\/14\/everton-burnley-12\/"]}]},{"@type":"ImageObject","inLanguage":"cs","@id":"https:\/\/evertonfc.cz\/index.php\/2021\/03\/14\/everton-burnley-12\/#primaryimage","url":"https:\/\/evertonfc.cz\/wp-content\/uploads\/2021\/03\/Everton-1-2-Burnley-13-03-2021.jpg","contentUrl":"https:\/\/evertonfc.cz\/wp-content\/uploads\/2021\/03\/Everton-1-2-Burnley-13-03-2021.jpg","width":720,"height":405},{"@type":"BreadcrumbList","@id":"https:\/\/evertonfc.cz\/index.php\/2021\/03\/14\/everton-burnley-12\/#breadcrumb","itemListElement":[{"@type":"ListItem","position":1,"name":"Home","item":"https:\/\/evertonfc.cz\/"},{"@type":"ListItem","position":2,"name":"Everton &#8211; Burnley 1:2"}]},{"@type":"WebSite","@id":"https:\/\/evertonfc.cz\/#website","url":"https:\/\/evertonfc.cz\/","name":"Official Czech &amp; Slovak Everton Supporters&#039; Club","description":"","publisher":{"@id":"https:\/\/evertonfc.cz\/#organization"},"potentialAction":[{"@type":"SearchAction","target":{"@type":"EntryPoint","urlTemplate":"https:\/\/evertonfc.cz\/?s={search_term_string}"},"query-input":{"@type":"PropertyValueSpecification","valueRequired":true,"valueName":"search_term_string"}}],"inLanguage":"cs"},{"@type":"Organization","@id":"https:\/\/evertonfc.cz\/#organization","name":"Official Czech & Slovak Everton Supporters' Club","url":"https:\/\/evertonfc.cz\/","logo":{"@type":"ImageObject","inLanguage":"cs","@id":"https:\/\/evertonfc.cz\/#\/schema\/logo\/image\/","url":"https:\/\/evertonfc.cz\/wp-content\/uploads\/2019\/05\/logo.png","contentUrl":"https:\/\/evertonfc.cz\/wp-content\/uploads\/2019\/05\/logo.png","width":112,"height":112,"caption":"Official Czech & Slovak Everton Supporters' Club"},"image":{"@id":"https:\/\/evertonfc.cz\/#\/schema\/logo\/image\/"},"sameAs":["https:\/\/www.facebook.com\/everton.fans.cz.sk"]},{"@type":"Person","@id":"https:\/\/evertonfc.cz\/#\/schema\/person\/5b54d20cd919070efc6fd6f92621fc50","name":"Petr","url":"https:\/\/evertonfc.cz\/index.php\/author\/petr\/"}]}},"_links":{"self":[{"href":"https:\/\/evertonfc.cz\/index.php\/wp-json\/wp\/v2\/posts\/14645"}],"collection":[{"href":"https:\/\/evertonfc.cz\/index.php\/wp-json\/wp\/v2\/posts"}],"about":[{"href":"https:\/\/evertonfc.cz\/index.php\/wp-json\/wp\/v2\/types\/post"}],"author":[{"embeddable":true,"href":"https:\/\/evertonfc.cz\/index.php\/wp-json\/wp\/v2\/users\/562"}],"replies":[{"embeddable":true,"href":"https:\/\/evertonfc.cz\/index.php\/wp-json\/wp\/v2\/comments?post=14645"}],"version-history":[{"count":10,"href":"https:\/\/evertonfc.cz\/index.php\/wp-json\/wp\/v2\/posts\/14645\/revisions"}],"predecessor-version":[{"id":14656,"href":"https:\/\/evertonfc.cz\/index.php\/wp-json\/wp\/v2\/posts\/14645\/revisions\/14656"}],"wp:featuredmedia":[{"embeddable":true,"href":"https:\/\/evertonfc.cz\/index.php\/wp-json\/wp\/v2\/media\/14647"}],"wp:attachment":[{"href":"https:\/\/evertonfc.cz\/index.php\/wp-json\/wp\/v2\/media?parent=14645"}],"wp:term":[{"taxonomy":"category","embeddable":true,"href":"https:\/\/evertonfc.cz\/index.php\/wp-json\/wp\/v2\/categories?post=14645"},{"taxonomy":"post_tag","embeddable":true,"href":"https:\/\/evertonfc.cz\/index.php\/wp-json\/wp\/v2\/tags?post=14645"}],"curies":[{"name":"wp","href":"https:\/\/api.w.org\/{rel}","templated":true}]}}