{"id":14669,"date":"2021-03-15T21:20:49","date_gmt":"2021-03-15T20:20:49","guid":{"rendered":"https:\/\/evertonfc.cz\/?p=14669"},"modified":"2021-03-31T19:57:10","modified_gmt":"2021-03-31T17:57:10","slug":"pokojne-vedenie-diel-druhy","status":"publish","type":"post","link":"https:\/\/evertonfc.cz\/index.php\/2021\/03\/15\/pokojne-vedenie-diel-druhy\/","title":{"rendered":"Pokojn\u00e9 Vedenie: diel druh\u00fd"},"content":{"rendered":"<h4>Nasleduj\u00face riadky s\u00fa preklad \u00faryvku z biografie Carla Ancelottiho \u2013 \u201cQuiet Leadership: Winning Hearts, Minds and Matches\u201d, ktor\u00fd ich poskytol ofici\u00e1lnemu webu EFC.<\/h4>\n<p>Ke\u010f som za\u010dal hra\u0165 v Parme profesion\u00e1lne, mojimi prv\u00fdmi vzormi boli star\u0161\u00ed hr\u00e1\u010di, ktor\u00ed mi d\u00e1vali pr\u00edkazy. Ja som bol to decko a musel som v\u0161ade nosi\u0165 ich ta\u0161ky, niekedy dokonca \u010disti\u0165 kopa\u010dky ako s\u00fa\u010das\u0165 mojej v\u00fduky. Nevedel som, \u010di je to f\u00e9r alebo nie. Bolo to nep\u00edsan\u00e9 pravidlo, \u017ee najmlad\u0161\u00ed musia robi\u0165 to, \u010do sa im povie. Neh\u00e1dal som sa.<\/p>\n<p>Tie\u017e som po\u010dul, \u017ee mlad\u00ed hr\u00e1\u010di v Manchesteri United zvykli rovnako \u010disti\u0165 kopa\u010dky hr\u00e1\u010dom prv\u00e9ho t\u00edmu. Sl\u00e1vny Ro\u010dn\u00edk 92 &#8211; Paul Scholes, Ryan Giggs, David Beckham a ostatn\u00ed \u2013 povedali, \u017ee to pod Sirom Alexom Fergusonom robili, ke\u010f boli mlad\u0161\u00ed. Ale nemysl\u00edm si, \u017ee sa to e\u0161te deje aj dnes.<\/p>\n<h4 style=\"text-align: center;\"><span style=\"font-size: 18pt;\"><strong>&#8230;<\/strong><\/span><\/h4>\n<p>Nikdy som sa nec\u00edtil dobre ako hlas kab\u00edny, \u010dlovek ktor\u00fd rozd\u00e1va najviac pr\u00edkazov ako vodca. V\u017edy som h\u013eadal skuto\u010dn\u00e9ho l\u00eddra, najd\u00f4le\u017eitej\u0161iu osobu v\u00a0t\u00edme. Vedel som, \u017ee to bude hr\u00e1\u010d, ktor\u00fd m\u00e1 najviac osobnosti a\u00a0vplyvu, niekto, kto je skuto\u010dn\u00fd profesion\u00e1l a\u00a0ide pr\u00edkladom ostatn\u00fdm.<\/p>\n<p>V Parme bol t\u00fdmto hr\u00e1\u010dom Lucio Mongardi. V tom \u010dase bola Parma v tretej lige a Mongardi bol jedn\u00fdm z m\u00e1la hr\u00e1\u010dov v mu\u017estve, ktor\u00ed hrali v Serie A, s jeho predo\u0161l\u00fdm klubom, Atalantou. Postaral sa o m\u0148a, preto\u017ee som bol mlad\u0161\u00ed a videl vo mne kvalitu na to by\u0165 profesion\u00e1lom. Niekedy ma pozval aj do jeho domu na obed alebo ve\u010deru s jeho rodinou. On bol m\u00f4j vzor ako \u010dlovek a tie\u017e ako hr\u00e1\u010d.<\/p>\n<p>Bol toti\u017e tvorcom hry v\u00a0t\u00edme. Poz\u00edcia, na ktorej som chcel hra\u0165 ja. Uvedomil som si, \u017ee toto je sp\u00f4sob, ako by\u0165 l\u00eddrom. Vedel som, \u017ee len rozkazova\u0165 nebolo spr\u00e1vne. Nebolo to f\u00e9r. Chcel som, aby sa so mnou zaobch\u00e1dzalo ako s\u00a0ostatn\u00fdmi. Dobre, bol som mlad\u00fd, ale bol som hr\u00e1\u010d ako ka\u017ed\u00fd in\u00fd.<\/p>\n<p>Ak som nebol hodn\u00fd to\u013eko, \u010do ostatn\u00ed, pre\u010do som bol potom v t\u00edme? Mo\u017eno som nezar\u00e1bal tak ve\u013ea ako oni, ale ak som hral v t\u00edme, tak som mnou ur\u010dite malo by\u0165 jednan\u00e9 ako so seberovn\u00fdm. Mongardi bol jedin\u00fd, \u010do mal podobn\u00e9 zm\u00fd\u0161lanie. V\u0161etci by si mali by\u0165 v t\u00edme rovn\u00ed. Mongardi nebol arogantn\u00fd hr\u00e1\u010d. Nevyu\u017e\u00edval svoje postavenie, aby \u0161ikanoval mlad\u0161\u00edch hr\u00e1\u010dov, a to bola pre m\u0148a d\u00f4le\u017eit\u00e1 lekcia.<\/p>\n<p>Mo\u017eno preto bol tak\u00fd empatick\u00fd, lebo bol v\u00a0Serie A\u00a0a\u00a0vr\u00e1til sa sp\u00e4\u0165 dole. Za\u017eil v\u0161etko a\u00a0nemusel ni\u010d dokazova\u0165, tak\u017ee jeho ego bolo na spr\u00e1vnom mieste. Bol vodca t\u00edmu, ale nie kapit\u00e1n. V\u00a0Taliansku bolo v\u00a0tom \u010dase trad\u00edciou, \u017ee kapit\u00e1nom bol hr\u00e1\u010d, ktor\u00fd v\u00a0klube str\u00e1vil najviac rokov.<\/p>\n<p>Vedel som, \u017ee kapit\u00e1nom je len star\u0161\u00ed hr\u00e1\u010d, a rovnako som vedel, \u017ee Mongardi bol to, \u010domu ja teraz hovor\u00edm technick\u00fd l\u00edder. Mal sk\u00fasenosti zo Serie A, najviac vedomost\u00ed na ihrisku, a bol skvel\u00fdm pr\u00edkladom zvy\u0161ku t\u00edmu. Nasledoval som jeho spr\u00e1vanie, a ke\u010f pri\u0161la moja \u0161anca hra\u0165 v Serie A s R\u00edmom, bol som si vedom\u00fd, \u010do sa bude odo m\u0148a o\u010dak\u00e1va\u0165. A to v\u010faka nemu.<\/p>\n<div id=\"attachment_14667\" style=\"width: 730px\" class=\"wp-caption aligncenter\"><img loading=\"lazy\" decoding=\"async\" aria-describedby=\"caption-attachment-14667\" class=\"wp-image-14667 size-full\" src=\"https:\/\/evertonfc.cz\/wp-content\/uploads\/2021\/03\/Carlo-Ancelotti-at-Parma.jpg\" alt=\"\" width=\"720\" height=\"405\" srcset=\"https:\/\/evertonfc.cz\/wp-content\/uploads\/2021\/03\/Carlo-Ancelotti-at-Parma.jpg 720w, https:\/\/evertonfc.cz\/wp-content\/uploads\/2021\/03\/Carlo-Ancelotti-at-Parma-300x169.jpg 300w\" sizes=\"(max-width: 720px) 100vw, 720px\" \/><p id=\"caption-attachment-14667\" class=\"wp-caption-text\"><span style=\"font-size: 8pt;\">Carlo Ancelotti na za\u010diatku kari\u00e9ry v Parme, Serie C.<\/span><\/p><\/div>\n<h4 style=\"text-align: center;\"><span style=\"font-size: 18pt;\"><strong>&#8230;<\/strong><\/span><\/h4>\n<p>Ke\u010f som potom pri\u0161iel do R\u00edma, nemusel som vodcu h\u013eada\u0165 medzi hr\u00e1\u010dmi. Vodcom bol toti\u017e mana\u017e\u00e9r. Agostino Di Bartolomei bol kapit\u00e1n, naroden\u00fd v R\u00edme a odchovanec z ich akad\u00e9mie, ale vodcom vyzeral by\u0165 len pre t\u00fdch mimo kab\u00ednu. Bol, mo\u017eno, politick\u00fdm l\u00eddrom. Mal dobr\u00e9 vz\u0165ahy s tla\u010dou, fan\u00fa\u0161ikmi a klubom, a mo\u017eno aj mana\u017e\u00e9r ho vn\u00edmal ako l\u00eddra. Ale medzi hr\u00e1\u010dmi tomu tak nebolo.<\/p>\n<p>Pre m\u0148a to bol Nils Liedholm, mana\u017e\u00e9r, ktor\u00fd viedol mu\u017estvo, \u010do bolo nezvy\u010dajn\u00e9. Bol tich\u00fd, ale siln\u00fd. Nesk\u00f4r, ako som sa s\u00e1m stal mana\u017e\u00e9rom, stretol som ho a\u00a0bolo to celkom nepr\u00edjemn\u00e9. St\u00e1le bol ako m\u00f4j otec. V\u00a0Rusku hovoria, \u017ee \u0161\u00e9f nem\u00e1 v\u017edy pravdu, ale v\u017edy je to \u0161\u00e9f. A\u00a0tak to bolo aj so mnou a\u00a0Liedholmom. Kv\u00f4li jeho prirodzenej autorite by v\u00e1m ani neodpovedal, ak by ste ho konfrontovali. Jednoducho by v\u00e1m polo\u017eil sp\u00e4\u0165 ot\u00e1zku a vedeli by ste, \u010do po v\u00e1s chce.<\/p>\n<p>Na konci mojej prvej sez\u00f3ny v\u00a0klube som sa rozhodol si prenaja\u0165 apartm\u00e1n s\u00a0kamar\u00e1tom z\u00a0t\u00edmu a\u00a0ods\u0165ahova\u0165 sa tak z\u00a0ubytovania v\u00a0tr\u00e9ningovom centre. \u0160li sme za Liedholmom do jeho kancel\u00e1rie a\u00a0vysvetlili mu n\u00e1\u0161 pl\u00e1n. <em>\u201eSte si ist\u00ed?\u201c<\/em> sp\u00fdtal sa. <em>\u201e\u00c1no,\u201c<\/em> odvetili sme, <em>\u201esme si ist\u00ed.\u201c<\/em><\/p>\n<p><em>\u201eOK, \u017eiadny probl\u00e9m. Ale mysl\u00edm si, \u017ee by ste obaja mali potom tr\u00e9nova\u0165 s\u00a0akad\u00e9miou, nie s\u00a0prv\u00fdm t\u00edmom. Ak chcete tr\u00e9nova\u0165 s\u00a0prv\u00fdm t\u00edmom, mus\u00edte tu zosta\u0165 a\u00a0b\u00fdva\u0165 v\u00a0tr\u00e9ningovom centre.\u201c <\/em>S\u00a0kamar\u00e1tom sme sa na seba pozreli a\u00a0spolu odpovedali: <em>\u201eOK, ostaneme v tr\u00e9ningovom centre.\u201c<\/em><\/p>\n<h4 style=\"text-align: center;\"><span style=\"font-size: 18pt;\"><strong>&#8230;<\/strong><\/span><\/h4>\n<p>Niekedy sa v kab\u00edne objavia nespokojn\u00ed hr\u00e1\u010di, s\u0165a\u017euj\u00faci sa na mana\u017e\u00e9ra. Ale nikto sa nes\u0165a\u017eoval na Liedholma. Ka\u017ed\u00fd jeden mal pred n\u00edm absol\u00fatny re\u0161pekt. Ke\u010f pri\u0161iel Braz\u00edl\u010dan Falc\u00e3o, Liedholm ho poveril veden\u00edm t\u00edmu. Bol to hr\u00e1\u010d so skvel\u00fdmi kvalitami profesion\u00e1la. Ihne\u010f to pozn\u00e1te, ke\u010f stretnete vodcu. Je to t\u00e1 osobnos\u0165, charakter. Nie technick\u00e9 zru\u010dnosti na tr\u00e1vniku. Falc\u00e3o bol jedn\u00fdm z prv\u00fdch zahrani\u010dn\u00fdch hr\u00e1\u010dov, s ktor\u00fdmi som sa stretol. Bol pre m\u0148a ako zjav z inej plan\u00e9ty.<\/p>\n<p>Nebol zvyknut\u00fd na n\u00e1\u0161 \u0161t\u00fdl tr\u00e9novania, tak\u017ee sa musel prisp\u00f4sobi\u0165. V Braz\u00edlii ve\u013ea tr\u00e9novali s loptou, pok\u00fdm v Taliansku v tej dobe ani nie. Liedholm tak pomaly za\u010dal meni\u0165 na\u0161e tr\u00e9ningov\u00e9 jednotky. Nielen preto, aby pomohol Falc\u00e3ovi, ale taktie\u017e, aby sa nau\u010dil nie\u010do aj od hr\u00e1\u010da.<\/p>\n<p>Zrazu sme za\u010dali m\u00e1va\u0165 viac tr\u00e9ningov s loptou a menej bez nej. Liedholm teda pozmenil trochu tr\u00e9ning, trochu Falc\u00e3a, aby tak mohol spravi\u0165 kompromis niekde uprostred. Ak je v mu\u017estve viac hr\u00e1\u010dov z odli\u0161n\u00fdch kult\u00far, najlep\u0161\u00ed mana\u017e\u00e9ri si zober\u00fa to najlep\u0161ie z ka\u017edej. \u010co teda priniesol Falc\u00e3o, to bol pr\u00edstup typu: <em>\u201ePre\u010do tu nie je lopta? Pre\u010do s\u00a0\u0148ou netr\u00e9nujeme viac?\u201c<\/em><\/p>\n<div id=\"attachment_14690\" style=\"width: 730px\" class=\"wp-caption aligncenter\"><img loading=\"lazy\" decoding=\"async\" aria-describedby=\"caption-attachment-14690\" class=\"wp-image-14690 size-full\" src=\"https:\/\/evertonfc.cz\/wp-content\/uploads\/2021\/03\/Falcao-and-Nils-Liedholm-at-AS-Roma.jpg\" alt=\"\" width=\"720\" height=\"405\" srcset=\"https:\/\/evertonfc.cz\/wp-content\/uploads\/2021\/03\/Falcao-and-Nils-Liedholm-at-AS-Roma.jpg 720w, https:\/\/evertonfc.cz\/wp-content\/uploads\/2021\/03\/Falcao-and-Nils-Liedholm-at-AS-Roma-300x169.jpg 300w\" sizes=\"(max-width: 720px) 100vw, 720px\" \/><p id=\"caption-attachment-14690\" class=\"wp-caption-text\"><span style=\"font-size: 8pt;\">Paulo Roberto Falc\u00e3o a Nils Liedholm na tr\u00e9ningu AS R\u00edm.<\/span><\/p><\/div>\n<h4 style=\"text-align: center;\"><span style=\"font-size: 18pt;\"><strong>&#8230;<\/strong><\/span><\/h4>\n<p>Komunik\u00e1cia je k\u013e\u00fa\u010d. Je to z\u00e1klad ka\u017ed\u00e9ho vz\u0165ahu. \u010co poviete, ako to poviete a\u00a0kedy to poviete. V\u0161etci maj\u00fa svoju vlastn\u00fa osobnos\u0165 a\u00a0vlastn\u00fd \u0161t\u00fdl komunik\u00e1cie. S\u00fa hr\u00e1\u010di, ktor\u00ed potrebuj\u00fa by\u0165 podnecovan\u00ed a s\u00fa tak\u00ed, ktor\u00ed uprednost\u0148uj\u00fa delegovanie, zatia\u013e \u010do in\u00ed hr\u00e1\u010di s\u00fa ako pe\u0161iaci, ktor\u00ed chc\u00fa iba vykon\u00e1va\u0165 pr\u00edkazy.<\/p>\n<p>Mana\u017e\u00e9r preto mus\u00ed bra\u0165 do \u00favahy v\u0161etky tieto rozdiely v\u00a0charakteroch a\u00a0porozumie\u0165, \u010do si ka\u017ed\u00fd hr\u00e1\u010d mysl\u00ed. Preto\u017ee aby na ihrisku odovzdali v\u0161etko, musia by\u0165 presved\u010den\u00ed o\u00a0tom, \u010do robia. Ako mana\u017e\u00e9r mus\u00edte by\u0165 ochotn\u00fd na\u010d\u00fava\u0165 a\u00a0meni\u0165 svoje n\u00e1zory, ak to bude znamena\u0165 v\u00e4\u010d\u0161iu \u0161ancu na \u00faspech. T\u00fato lekciu som si plne osvojil po\u010das mojej kari\u00e9ry a\u017e nesk\u00f4r, ke\u010f som robil veci ako zmenu poz\u00edcie Adreu Pirla v\u00a0t\u00edme, alebo ke\u010f som sa rozpr\u00e1val so Sergiom Ramosom o\u00a0hran\u00ed v\u00a0z\u00e1lohe.<\/p>\n<p>Liedholm mal tak\u00fa d\u00f4veru vo svoje vlastn\u00e9 schopnosti, \u017ee d\u00e1val hr\u00e1\u010dom ve\u013ea zodpovednosti. Nebol vo svojej taktike vyhranen\u00fd. D\u00e1val n\u00e1m nejak\u00e9 inform\u00e1cie, nie ve\u013ea, a hr\u00e1\u010di boli na ihrisku slobodnej\u0161\u00ed, \u010do samozrejme vytvorilo lep\u0161\u00ed vz\u0165ah s mana\u017e\u00e9rom. V tomto smere v podstate vytv\u00e1ral nov\u00fdch l\u00eddrov. Falc\u00e3o sa stal tr\u00e9nerom, ja som tr\u00e9ner, a Liedholm bol n\u00e1\u0161 u\u010dite\u013e.<\/p>\n<p>Nikdy sa neb\u00e1l splnomoc\u0148ova\u0165, \u010di u\u017e hr\u00e1\u010dov na ihrisku alebo mimo neho tr\u00e9nerov fyzickej pr\u00edpravy. Aj ke\u010f miloval by\u0165 na ihrisku, len m\u00e1lokedy zasahoval. Iba ke\u010f zbadal nie\u010do ve\u013emi zl\u00e9. A\u00a0aj vtedy to neb\u00fdvalo s\u00a0hnevom, ale so starostlivos\u0165ou. Bol to ve\u013emi odli\u0161n\u00fd \u0161t\u00fdl tr\u00e9novania v\u00a0porovnan\u00ed s\u00a0dne\u0161kom. Zbo\u017e\u0148oval u\u010di\u0165 hr\u00e1\u010dov na ihrisku rad\u0161ej technick\u00e9 ne\u017e taktick\u00e9 aspekty hry. R\u00e1d ich dola\u010foval. A\u00a0u\u00a0najlep\u0161\u00edch z\u00a0nich to jedin\u00e9 sta\u010d\u00ed. Vedel str\u00e1vi\u0165 aj dve hodiny len pri technickom cvi\u010den\u00ed.<\/p>\n<h4 style=\"text-align: center;\"><span style=\"font-size: 18pt;\"><strong>&#8230;<\/strong><\/span><\/h4>\n<p>Profesion\u00e1lom bol v ka\u017edej situ\u00e1cii, aj ke\u010f len \u017eartoval. To sa v\u0161ak nedalo v\u017edy poveda\u0165 aj o hr\u00e1\u010doch. No tak\u00e1 bola vtedy doba. M\u00f4\u017eem poveda\u0165, \u017ee dnes u\u017e s\u00fa omnoho viac profesion\u00e1lni. Vidia to ako pr\u00e1cu, zamestnanie. Ke\u010f som ja za\u010d\u00ednal, mysleli sme si, \u017ee je skvel\u00e9 hra\u0165 a by\u0165 zato e\u0161te aj platen\u00ed. V\u00fdborn\u00fd \u017eivot. Na toto je d\u00f4le\u017eit\u00e9 myslie\u0165 aj dnes, preto\u017ee koniec koncov aj hr\u00e1\u010di chc\u00fa len hra\u0165.<\/p>\n<p>V s\u00fa\u010dasnosti je najv\u00e4\u010d\u0161ou zmenou postavenie hr\u00e1\u010dov. Teraz m\u00f4\u017eu robi\u0165 vlastn\u00e9 rozhodnutia, ale ke\u010f som ja hr\u00e1val, boli sme majetkom klubu. \u010co sa udeje z roka na rok sme nevedeli. Nebolo to na n\u00e1s \u2013 boli sme vlastnen\u00ed. Nevedel som, \u010di budem aj o rok \u010falej zar\u00e1ba\u0165 ako futbalista, alebo od\u00eddem z klubu.<\/p>\n<p>V\u00a0t\u00fdchto \u010dasoch sa hr\u00e1\u010di viac staraj\u00fa o\u00a0seba a\u00a0s\u00fa bli\u017e\u0161ie k\u00a0strojcom vlastn\u00e9ho osudu. Situ\u00e1cia oh\u013eadom zml\u00fav a\u00a0platov je teraz tak odli\u0161n\u00e1 od minulosti, \u017ee mus\u00edm pripusti\u0165, \u017ee s hr\u00e1\u010dmi by sa malo zaobch\u00e1dza\u0165 ako s jednotlivcami s osobnou agendou. Bol by preto dnes mana\u017e\u00e9r ako Liedholm \u00faspe\u0161n\u00fd?<\/p>\n<p>\u00c1no, samozrejme. Prisp\u00f4sobil by sa. Pochopil by, \u017ee t\u00e1to nov\u00e1 profesion\u00e1lnos\u0165 je intenz\u00edvnej\u0161ia a \u017ee je menej pr\u00edle\u017eitost\u00ed na z\u00e1bavu. Na cvi\u010disku hr\u00e1\u010di v\u017edy tvrdo pracuj\u00fa, preto\u017ee je to ich profesia. Pre m\u0148a sa profesionalita sp\u00e1ja s intenzitou, ktor\u00fa vyu\u017e\u00edvate na tr\u00e9ningu \u2013 fyzick\u00fa intenzitu, ale predov\u0161etk\u00fdm psychick\u00fa intenzitu. S\u00a0t\u00fdmto sa modern\u00fd mana\u017e\u00e9r mus\u00ed vysporiada\u0165 zaka\u017ed\u00fdm, ke\u010f hr\u00e1\u010di tr\u00e9nuj\u00fa.<\/p>\n<p>Pochopite\u013ene, dnes sa vyv\u00edjaj\u00fa mimo ihriska na hr\u00e1\u010dov aj mana\u017e\u00e9rov \u00faplne in\u00e9 tlaky. Ako tr\u00e9ner nem\u00f4\u017eem kontrolova\u0165, \u010do hr\u00e1\u010di robia, ke\u010f s\u00fa mimo klubu. V\u0161etko, \u010do zm\u00f4\u017eem, je im mu da\u0165 inform\u00e1ciu, \u010do od nich a ich spr\u00e1vania o\u010dak\u00e1vam. A to je rozumne sa stravova\u0165, pi\u0165 zodpovedne, dopria\u0165 si dostatok sp\u00e1nku. Jednoducho \u017ei\u0165 norm\u00e1lny \u017eivot a by\u0165 schopn\u00fd zapadn\u00fa\u0165 medzi ostatn\u00fdch. Ka\u017ed\u00fd m\u00e1 pr\u00e1vo na s\u00fakromn\u00fd \u017eivot. A ak hr\u00e1\u010d pln\u00ed tieto veci a tvrdo pracuje na tr\u00e9ningu, potom som s n\u00edm spokojn\u00fd.<\/p>\n<h4 style=\"text-align: center;\"><span style=\"font-size: 18pt;\"><strong>&#8230;<\/strong><\/span><\/h4>\n<p>Bolo to e\u0161te v\u00a0R\u00edme, ke\u010f sa odo m\u0148a prv\u00fdkr\u00e1t vy\u017eadovalo, aby som bol l\u00eddrom. Sven-G\u00f6ran Eriksson prevzal vedenie od Liedholma a Agostino Di Bartolomei z\u00a0klubu odi\u0161iel, tak\u017ee ma Eriksson po\u017eiadal, aby som bol kapit\u00e1nom. Pomyslel som si: <em>\u201eSta\u010d\u00ed mi vzia\u0165 si p\u00e1sku, rozpr\u00e1va\u0165 sa s rozhodcom, h\u00e1dza\u0165 mincou, voli\u0165 sp\u00f4sob hry a po z\u00e1pase odpoveda\u0165 novin\u00e1rom. To ma rob\u00ed teraz vodcom?\u201c<\/em><\/p>\n<p>V\u017edy som si myslel, \u017ee kapit\u00e1n by mal \u00eds\u0165 t\u00edmu pr\u00edkladom. No nie v tom, \u010do hovor\u00ed, ale v tom, \u010do rob\u00ed. \u00daloha kapit\u00e1na nezmenila moju predstavu o profesionalite, o spr\u00e1vnom spr\u00e1van\u00ed. Ale c\u00edtil som, prirodzene, v\u00e4\u010d\u0161iu zodpovednos\u0165. Medzi mojimi najbli\u017e\u0161\u00edmi spoluhr\u00e1\u010dmi to v\u0161ak bolo st\u00e1le rovnak\u00e9, ni\u010d sa nezmenilo. Bol som ten ist\u00fd predt\u00fdm, ako som dostal p\u00e1sku, a\u00a0aj potom.<\/p>\n<p>Najv\u00e4\u010d\u0161iu zmenu pre m\u0148a predstavovali mlad\u0161\u00ed hr\u00e1\u010di, ktor\u00ed pri\u0161li z akad\u00e9mie. Mohol som by\u0165 pre nich vzorom rovnako, ako bol pre m\u0148a Mongardi v Parme. Rovnako ako sa o m\u0148a staral, sna\u017eil som sa vies\u0165 rozhovory s mlad\u0161\u00edmi hr\u00e1\u010dmi a stara\u0165 sa o nich tie\u017e. Pam\u00e4tal som si toti\u017e, \u010do sa mi stalo ako chlapcovi, a nechcel som, aby na\u0161i mlad\u0161\u00ed hr\u00e1\u010di mali rovnak\u00e9 zl\u00e9 sk\u00fasenosti. Sna\u017eil som sa t\u00fdmto mlad\u00fdm hr\u00e1\u010dom poskytn\u00fa\u0165 oboje \u2013 poznatky aj podporu. A pravda\u017ee, nemuseli \u010disti\u0165 kopa\u010dky&#8230;<\/p>\n<div id=\"attachment_14668\" style=\"width: 730px\" class=\"wp-caption aligncenter\"><img loading=\"lazy\" decoding=\"async\" aria-describedby=\"caption-attachment-14668\" class=\"wp-image-14668 size-full\" src=\"https:\/\/evertonfc.cz\/wp-content\/uploads\/2021\/03\/1951\u201352-AC-Milan-Gunnar-Nordahl-with-Nils-Liedholm-and-Gunnar-Gren.jpg\" alt=\"\" width=\"720\" height=\"405\" srcset=\"https:\/\/evertonfc.cz\/wp-content\/uploads\/2021\/03\/1951\u201352-AC-Milan-Gunnar-Nordahl-with-Nils-Liedholm-and-Gunnar-Gren.jpg 720w, https:\/\/evertonfc.cz\/wp-content\/uploads\/2021\/03\/1951\u201352-AC-Milan-Gunnar-Nordahl-with-Nils-Liedholm-and-Gunnar-Gren-300x169.jpg 300w\" sizes=\"(max-width: 720px) 100vw, 720px\" \/><p id=\"caption-attachment-14668\" class=\"wp-caption-text\"><span style=\"font-size: 8pt;\">Sez\u00f3na 1951\/52 AC Mil\u00e1no &#8211; z\u013eava Gunnar Nordahl, Nils Liedholm a Gunnar Gren.<\/span><\/p><\/div>\n<h4 style=\"text-align: center;\"><span style=\"font-size: 18pt;\"><strong>&#8230;<\/strong><\/span><\/h4>\n<p>Aj za ten kr\u00e1tky \u010das, \u010do som bol kapit\u00e1nom v R\u00edme, som si za\u010dal uvedomova\u0165 t\u00fa zodpovednos\u0165, ktor\u00e1 prich\u00e1dza s poz\u00edciou vodcu. Postupne som \u010doraz viac rozumel tomu, \u017ee to nie je o tom, ako vid\u00edte seba, ale ako ostatn\u00ed vidia v\u00e1s. Mojou povinnos\u0165ou bolo by\u0165 vzorom. Ka\u017ed\u00fd t\u00edm m\u00e1 svoje pravidl\u00e1, p\u00edsan\u00e9 i\u00a0nep\u00edsan\u00e9, a\u00a0prv\u00fd, kto ich mus\u00ed re\u0161pektova\u0165 je pr\u00e1ve kapit\u00e1n. Mana\u017e\u00e9r ich stanovil, ale dodr\u017eiava\u0165 ich bola v\u00a0prvom rade moja pr\u00e1ca. Ako som u\u017e povedal, s\u00a0Liedholmom tam bola flexibilita, ale Eriksson bol pr\u00edsnej\u0161\u00ed.<\/p>\n<p>R\u00edm bol pre neho ve\u013ek\u00fd klub, tak mo\u017eno vyu\u017e\u00edval t\u00fa pr\u00edsnos\u0165, aby si viac veril. Naopak, Liedholm mal to\u013eko sebavedomia, \u017ee si mohol dovoli\u0165 by\u0165 uvo\u013enenej\u0161\u00ed. Pramenilo to nielen z to\u013ek\u00fdch jeho vedomost\u00ed o futbale, a \u00faspechov \u010do by mana\u017e\u00e9ra, ale tie\u017e z poz\u00edcie jedn\u00e9ho z najlep\u0161\u00edch hr\u00e1\u010dov sveta, ktor\u00fdm po\u010das kari\u00e9ry bol.<\/p>\n<p>O svojich hr\u00e1\u010dskych \u010dasoch hovoril skuto\u010dne vtipne, sebapodce\u0148uj\u00faco. Za Mil\u00e1no hral s \u010fal\u0161\u00edmi dvoma skvel\u00fdmi \u0161v\u00e9dskymi futbalistami &#8211; Gunnarom Grenom a Gunnarom Nordahlom. Spolu tvorili sl\u00e1vny z\u00e1prah Gre-No-Li. Zvykol n\u00e1m rozpr\u00e1va\u0165: <em>\u201eNa San Sire som nepokazil prihr\u00e1vku tri roky. A\u00a0ke\u010f som jednu kone\u010dne pokazil, cel\u00fd dav bol tak\u00fd \u0161okovan\u00fd, \u017ee sa zmohol len na ,Ooooh!\u2018.\u201c<\/em><\/p>\n<p>Nemo\u017en\u00e9, hovorili sme mu smej\u00fac sa. Ale bol takou legendou medzi Mil\u00e1nskym publikom, \u017ee t\u00ed st\u00e1le opakuj\u00fa ten ist\u00fd pr\u00edbeh \u2013 na konci kari\u00e9ry jeho pokazenej prihr\u00e1vke vraj tlieskalo cel\u00e9 San Siro rovn\u00fdch p\u00e4\u0165 min\u00fat. Uznanie rokov neomylnosti, ale pov\u00e4\u010d\u0161ine sk\u00f4r uznanie l\u00e1sky.<\/p>\n<p>A aj ke\u010f tak\u00fd uvo\u013enen\u00fd, ako Liedholm bol, st\u00e1le jestvovali veci, na ktor\u00e9 bol ve\u013emi h\u00e1kliv\u00fd. Museli ste re\u0161pektova\u0165 svojich spoluhr\u00e1\u010dov, v\u00e1\u017ei\u0165 si mana\u017e\u00e9ra, neh\u00e1da\u0165 sa na tr\u00e9ningu, a nesmeli ste ohov\u00e1ra\u0165 spoluhr\u00e1\u010dov. To boli jeho pravidl\u00e1, o ktor\u00fdch sa nevyjedn\u00e1valo. A ako mus\u00ed by\u0165 u\u017e teraz zrejm\u00e9, od Liedholma som sa ve\u013ea nau\u010dil. Bol a st\u00e1le je moj\u00edm najd\u00f4le\u017eitej\u0161\u00edm futbalov\u00fdm vzorom.<\/p>\n<p style=\"text-align: right;\"><span style=\"font-size: 8pt;\">(Biografiu si m\u00f4\u017eete zak\u00fapi\u0165 u n\u00e1s <a href=\"https:\/\/www.martinus.sk\/?uItem=239986\" target=\"_blank\" rel=\"noopener noreferrer\">v anglickom origin\u00e1li<\/a>, alebo <a href=\"https:\/\/www.martinus.sk\/?uItem=269994\" target=\"_blank\" rel=\"noopener noreferrer\">v \u010deskej verzii<\/a>.)<\/span><\/p>\n","protected":false},"excerpt":{"rendered":"<p>Nasleduj\u00face riadky s\u00fa preklad \u00faryvku z biografie Carla Ancelottiho \u2013 \u201cQuiet Leadership: Winning Hearts, Minds and Matches\u201d, ktor\u00fd ich poskytol ofici\u00e1lnemu webu EFC.<\/p>\n","protected":false},"author":1,"featured_media":13457,"comment_status":"open","ping_status":"closed","sticky":false,"template":"","format":"standard","meta":{"_eb_attr":"","_monsterinsights_skip_tracking":false,"_monsterinsights_sitenote_active":false,"_monsterinsights_sitenote_note":"","_monsterinsights_sitenote_category":0,"footnotes":""},"categories":[115],"tags":[],"yoast_head":"<!-- This site is optimized with the Yoast SEO plugin v23.4 - https:\/\/yoast.com\/wordpress\/plugins\/seo\/ -->\n<title>Pokojn\u00e9 Vedenie: diel druh\u00fd - Official Czech &amp; Slovak Everton Supporters&#039; Club<\/title>\n<meta name=\"robots\" content=\"index, follow, max-snippet:-1, max-image-preview:large, max-video-preview:-1\" \/>\n<link rel=\"canonical\" href=\"https:\/\/evertonfc.cz\/index.php\/2021\/03\/15\/pokojne-vedenie-diel-druhy\/\" \/>\n<meta property=\"og:locale\" content=\"cs_CZ\" \/>\n<meta property=\"og:type\" content=\"article\" \/>\n<meta property=\"og:title\" content=\"Pokojn\u00e9 Vedenie: diel druh\u00fd - Official Czech &amp; Slovak Everton Supporters&#039; Club\" \/>\n<meta property=\"og:description\" content=\"Nasleduj\u00face riadky s\u00fa preklad \u00faryvku z biografie Carla Ancelottiho \u2013 \u201cQuiet Leadership: Winning Hearts, Minds and Matches\u201d, ktor\u00fd ich poskytol ofici\u00e1lnemu webu EFC.\" \/>\n<meta property=\"og:url\" content=\"https:\/\/evertonfc.cz\/index.php\/2021\/03\/15\/pokojne-vedenie-diel-druhy\/\" \/>\n<meta property=\"og:site_name\" content=\"Official Czech &amp; Slovak Everton Supporters&#039; Club\" \/>\n<meta property=\"article:publisher\" content=\"https:\/\/www.facebook.com\/everton.fans.cz.sk\" \/>\n<meta property=\"article:published_time\" content=\"2021-03-15T20:20:49+00:00\" \/>\n<meta property=\"article:modified_time\" content=\"2021-03-31T17:57:10+00:00\" \/>\n<meta property=\"og:image\" content=\"https:\/\/evertonfc.cz\/wp-content\/uploads\/2021\/01\/Qiet-Leadership-web-sign.jpg\" \/>\n\t<meta property=\"og:image:width\" content=\"720\" \/>\n\t<meta property=\"og:image:height\" content=\"405\" \/>\n\t<meta property=\"og:image:type\" content=\"image\/jpeg\" \/>\n<meta name=\"author\" content=\"BlueBlooded\" \/>\n<meta name=\"twitter:card\" content=\"summary_large_image\" \/>\n<meta name=\"twitter:label1\" content=\"Napsal(a)\" \/>\n\t<meta name=\"twitter:data1\" content=\"BlueBlooded\" \/>\n\t<meta name=\"twitter:label2\" content=\"Odhadovan\u00e1 doba \u010dten\u00ed\" \/>\n\t<meta name=\"twitter:data2\" content=\"10 minut\" \/>\n<script type=\"application\/ld+json\" class=\"yoast-schema-graph\">{\"@context\":\"https:\/\/schema.org\",\"@graph\":[{\"@type\":\"Article\",\"@id\":\"https:\/\/evertonfc.cz\/index.php\/2021\/03\/15\/pokojne-vedenie-diel-druhy\/#article\",\"isPartOf\":{\"@id\":\"https:\/\/evertonfc.cz\/index.php\/2021\/03\/15\/pokojne-vedenie-diel-druhy\/\"},\"author\":{\"name\":\"BlueBlooded\",\"@id\":\"https:\/\/evertonfc.cz\/#\/schema\/person\/d4493b8cbea51532597fbc4685698916\"},\"headline\":\"Pokojn\u00e9 Vedenie: diel druh\u00fd\",\"datePublished\":\"2021-03-15T20:20:49+00:00\",\"dateModified\":\"2021-03-31T17:57:10+00:00\",\"mainEntityOfPage\":{\"@id\":\"https:\/\/evertonfc.cz\/index.php\/2021\/03\/15\/pokojne-vedenie-diel-druhy\/\"},\"wordCount\":2630,\"commentCount\":0,\"publisher\":{\"@id\":\"https:\/\/evertonfc.cz\/#organization\"},\"image\":{\"@id\":\"https:\/\/evertonfc.cz\/index.php\/2021\/03\/15\/pokojne-vedenie-diel-druhy\/#primaryimage\"},\"thumbnailUrl\":\"https:\/\/evertonfc.cz\/wp-content\/uploads\/2021\/01\/Qiet-Leadership-web-sign.jpg\",\"articleSection\":[\"Quiet Leadership\"],\"inLanguage\":\"cs\",\"potentialAction\":[{\"@type\":\"CommentAction\",\"name\":\"Comment\",\"target\":[\"https:\/\/evertonfc.cz\/index.php\/2021\/03\/15\/pokojne-vedenie-diel-druhy\/#respond\"]}]},{\"@type\":\"WebPage\",\"@id\":\"https:\/\/evertonfc.cz\/index.php\/2021\/03\/15\/pokojne-vedenie-diel-druhy\/\",\"url\":\"https:\/\/evertonfc.cz\/index.php\/2021\/03\/15\/pokojne-vedenie-diel-druhy\/\",\"name\":\"Pokojn\u00e9 Vedenie: diel druh\u00fd - Official Czech &amp; Slovak Everton Supporters&#039; Club\",\"isPartOf\":{\"@id\":\"https:\/\/evertonfc.cz\/#website\"},\"primaryImageOfPage\":{\"@id\":\"https:\/\/evertonfc.cz\/index.php\/2021\/03\/15\/pokojne-vedenie-diel-druhy\/#primaryimage\"},\"image\":{\"@id\":\"https:\/\/evertonfc.cz\/index.php\/2021\/03\/15\/pokojne-vedenie-diel-druhy\/#primaryimage\"},\"thumbnailUrl\":\"https:\/\/evertonfc.cz\/wp-content\/uploads\/2021\/01\/Qiet-Leadership-web-sign.jpg\",\"datePublished\":\"2021-03-15T20:20:49+00:00\",\"dateModified\":\"2021-03-31T17:57:10+00:00\",\"breadcrumb\":{\"@id\":\"https:\/\/evertonfc.cz\/index.php\/2021\/03\/15\/pokojne-vedenie-diel-druhy\/#breadcrumb\"},\"inLanguage\":\"cs\",\"potentialAction\":[{\"@type\":\"ReadAction\",\"target\":[\"https:\/\/evertonfc.cz\/index.php\/2021\/03\/15\/pokojne-vedenie-diel-druhy\/\"]}]},{\"@type\":\"ImageObject\",\"inLanguage\":\"cs\",\"@id\":\"https:\/\/evertonfc.cz\/index.php\/2021\/03\/15\/pokojne-vedenie-diel-druhy\/#primaryimage\",\"url\":\"https:\/\/evertonfc.cz\/wp-content\/uploads\/2021\/01\/Qiet-Leadership-web-sign.jpg\",\"contentUrl\":\"https:\/\/evertonfc.cz\/wp-content\/uploads\/2021\/01\/Qiet-Leadership-web-sign.jpg\",\"width\":720,\"height\":405},{\"@type\":\"BreadcrumbList\",\"@id\":\"https:\/\/evertonfc.cz\/index.php\/2021\/03\/15\/pokojne-vedenie-diel-druhy\/#breadcrumb\",\"itemListElement\":[{\"@type\":\"ListItem\",\"position\":1,\"name\":\"Home\",\"item\":\"https:\/\/evertonfc.cz\/\"},{\"@type\":\"ListItem\",\"position\":2,\"name\":\"Pokojn\u00e9 Vedenie: diel druh\u00fd\"}]},{\"@type\":\"WebSite\",\"@id\":\"https:\/\/evertonfc.cz\/#website\",\"url\":\"https:\/\/evertonfc.cz\/\",\"name\":\"Official Czech &amp; Slovak Everton Supporters&#039; Club\",\"description\":\"\",\"publisher\":{\"@id\":\"https:\/\/evertonfc.cz\/#organization\"},\"potentialAction\":[{\"@type\":\"SearchAction\",\"target\":{\"@type\":\"EntryPoint\",\"urlTemplate\":\"https:\/\/evertonfc.cz\/?s={search_term_string}\"},\"query-input\":{\"@type\":\"PropertyValueSpecification\",\"valueRequired\":true,\"valueName\":\"search_term_string\"}}],\"inLanguage\":\"cs\"},{\"@type\":\"Organization\",\"@id\":\"https:\/\/evertonfc.cz\/#organization\",\"name\":\"Official Czech & Slovak Everton Supporters' Club\",\"url\":\"https:\/\/evertonfc.cz\/\",\"logo\":{\"@type\":\"ImageObject\",\"inLanguage\":\"cs\",\"@id\":\"https:\/\/evertonfc.cz\/#\/schema\/logo\/image\/\",\"url\":\"https:\/\/evertonfc.cz\/wp-content\/uploads\/2019\/05\/logo.png\",\"contentUrl\":\"https:\/\/evertonfc.cz\/wp-content\/uploads\/2019\/05\/logo.png\",\"width\":112,\"height\":112,\"caption\":\"Official Czech & Slovak Everton Supporters' Club\"},\"image\":{\"@id\":\"https:\/\/evertonfc.cz\/#\/schema\/logo\/image\/\"},\"sameAs\":[\"https:\/\/www.facebook.com\/everton.fans.cz.sk\"]},{\"@type\":\"Person\",\"@id\":\"https:\/\/evertonfc.cz\/#\/schema\/person\/d4493b8cbea51532597fbc4685698916\",\"name\":\"BlueBlooded\",\"url\":\"https:\/\/evertonfc.cz\/index.php\/author\/admin\/\"}]}<\/script>\n<!-- \/ Yoast SEO plugin. -->","yoast_head_json":{"title":"Pokojn\u00e9 Vedenie: diel druh\u00fd - Official Czech &amp; Slovak Everton Supporters&#039; Club","robots":{"index":"index","follow":"follow","max-snippet":"max-snippet:-1","max-image-preview":"max-image-preview:large","max-video-preview":"max-video-preview:-1"},"canonical":"https:\/\/evertonfc.cz\/index.php\/2021\/03\/15\/pokojne-vedenie-diel-druhy\/","og_locale":"cs_CZ","og_type":"article","og_title":"Pokojn\u00e9 Vedenie: diel druh\u00fd - Official Czech &amp; Slovak Everton Supporters&#039; Club","og_description":"Nasleduj\u00face riadky s\u00fa preklad \u00faryvku z biografie Carla Ancelottiho \u2013 \u201cQuiet Leadership: Winning Hearts, Minds and Matches\u201d, ktor\u00fd ich poskytol ofici\u00e1lnemu webu EFC.","og_url":"https:\/\/evertonfc.cz\/index.php\/2021\/03\/15\/pokojne-vedenie-diel-druhy\/","og_site_name":"Official Czech &amp; Slovak Everton Supporters&#039; Club","article_publisher":"https:\/\/www.facebook.com\/everton.fans.cz.sk","article_published_time":"2021-03-15T20:20:49+00:00","article_modified_time":"2021-03-31T17:57:10+00:00","og_image":[{"width":720,"height":405,"url":"https:\/\/evertonfc.cz\/wp-content\/uploads\/2021\/01\/Qiet-Leadership-web-sign.jpg","type":"image\/jpeg"}],"author":"BlueBlooded","twitter_card":"summary_large_image","twitter_misc":{"Napsal(a)":"BlueBlooded","Odhadovan\u00e1 doba \u010dten\u00ed":"10 minut"},"schema":{"@context":"https:\/\/schema.org","@graph":[{"@type":"Article","@id":"https:\/\/evertonfc.cz\/index.php\/2021\/03\/15\/pokojne-vedenie-diel-druhy\/#article","isPartOf":{"@id":"https:\/\/evertonfc.cz\/index.php\/2021\/03\/15\/pokojne-vedenie-diel-druhy\/"},"author":{"name":"BlueBlooded","@id":"https:\/\/evertonfc.cz\/#\/schema\/person\/d4493b8cbea51532597fbc4685698916"},"headline":"Pokojn\u00e9 Vedenie: diel druh\u00fd","datePublished":"2021-03-15T20:20:49+00:00","dateModified":"2021-03-31T17:57:10+00:00","mainEntityOfPage":{"@id":"https:\/\/evertonfc.cz\/index.php\/2021\/03\/15\/pokojne-vedenie-diel-druhy\/"},"wordCount":2630,"commentCount":0,"publisher":{"@id":"https:\/\/evertonfc.cz\/#organization"},"image":{"@id":"https:\/\/evertonfc.cz\/index.php\/2021\/03\/15\/pokojne-vedenie-diel-druhy\/#primaryimage"},"thumbnailUrl":"https:\/\/evertonfc.cz\/wp-content\/uploads\/2021\/01\/Qiet-Leadership-web-sign.jpg","articleSection":["Quiet Leadership"],"inLanguage":"cs","potentialAction":[{"@type":"CommentAction","name":"Comment","target":["https:\/\/evertonfc.cz\/index.php\/2021\/03\/15\/pokojne-vedenie-diel-druhy\/#respond"]}]},{"@type":"WebPage","@id":"https:\/\/evertonfc.cz\/index.php\/2021\/03\/15\/pokojne-vedenie-diel-druhy\/","url":"https:\/\/evertonfc.cz\/index.php\/2021\/03\/15\/pokojne-vedenie-diel-druhy\/","name":"Pokojn\u00e9 Vedenie: diel druh\u00fd - Official Czech &amp; Slovak Everton Supporters&#039; Club","isPartOf":{"@id":"https:\/\/evertonfc.cz\/#website"},"primaryImageOfPage":{"@id":"https:\/\/evertonfc.cz\/index.php\/2021\/03\/15\/pokojne-vedenie-diel-druhy\/#primaryimage"},"image":{"@id":"https:\/\/evertonfc.cz\/index.php\/2021\/03\/15\/pokojne-vedenie-diel-druhy\/#primaryimage"},"thumbnailUrl":"https:\/\/evertonfc.cz\/wp-content\/uploads\/2021\/01\/Qiet-Leadership-web-sign.jpg","datePublished":"2021-03-15T20:20:49+00:00","dateModified":"2021-03-31T17:57:10+00:00","breadcrumb":{"@id":"https:\/\/evertonfc.cz\/index.php\/2021\/03\/15\/pokojne-vedenie-diel-druhy\/#breadcrumb"},"inLanguage":"cs","potentialAction":[{"@type":"ReadAction","target":["https:\/\/evertonfc.cz\/index.php\/2021\/03\/15\/pokojne-vedenie-diel-druhy\/"]}]},{"@type":"ImageObject","inLanguage":"cs","@id":"https:\/\/evertonfc.cz\/index.php\/2021\/03\/15\/pokojne-vedenie-diel-druhy\/#primaryimage","url":"https:\/\/evertonfc.cz\/wp-content\/uploads\/2021\/01\/Qiet-Leadership-web-sign.jpg","contentUrl":"https:\/\/evertonfc.cz\/wp-content\/uploads\/2021\/01\/Qiet-Leadership-web-sign.jpg","width":720,"height":405},{"@type":"BreadcrumbList","@id":"https:\/\/evertonfc.cz\/index.php\/2021\/03\/15\/pokojne-vedenie-diel-druhy\/#breadcrumb","itemListElement":[{"@type":"ListItem","position":1,"name":"Home","item":"https:\/\/evertonfc.cz\/"},{"@type":"ListItem","position":2,"name":"Pokojn\u00e9 Vedenie: diel druh\u00fd"}]},{"@type":"WebSite","@id":"https:\/\/evertonfc.cz\/#website","url":"https:\/\/evertonfc.cz\/","name":"Official Czech &amp; Slovak Everton Supporters&#039; Club","description":"","publisher":{"@id":"https:\/\/evertonfc.cz\/#organization"},"potentialAction":[{"@type":"SearchAction","target":{"@type":"EntryPoint","urlTemplate":"https:\/\/evertonfc.cz\/?s={search_term_string}"},"query-input":{"@type":"PropertyValueSpecification","valueRequired":true,"valueName":"search_term_string"}}],"inLanguage":"cs"},{"@type":"Organization","@id":"https:\/\/evertonfc.cz\/#organization","name":"Official Czech & Slovak Everton Supporters' Club","url":"https:\/\/evertonfc.cz\/","logo":{"@type":"ImageObject","inLanguage":"cs","@id":"https:\/\/evertonfc.cz\/#\/schema\/logo\/image\/","url":"https:\/\/evertonfc.cz\/wp-content\/uploads\/2019\/05\/logo.png","contentUrl":"https:\/\/evertonfc.cz\/wp-content\/uploads\/2019\/05\/logo.png","width":112,"height":112,"caption":"Official Czech & Slovak Everton Supporters' Club"},"image":{"@id":"https:\/\/evertonfc.cz\/#\/schema\/logo\/image\/"},"sameAs":["https:\/\/www.facebook.com\/everton.fans.cz.sk"]},{"@type":"Person","@id":"https:\/\/evertonfc.cz\/#\/schema\/person\/d4493b8cbea51532597fbc4685698916","name":"BlueBlooded","url":"https:\/\/evertonfc.cz\/index.php\/author\/admin\/"}]}},"_links":{"self":[{"href":"https:\/\/evertonfc.cz\/index.php\/wp-json\/wp\/v2\/posts\/14669"}],"collection":[{"href":"https:\/\/evertonfc.cz\/index.php\/wp-json\/wp\/v2\/posts"}],"about":[{"href":"https:\/\/evertonfc.cz\/index.php\/wp-json\/wp\/v2\/types\/post"}],"author":[{"embeddable":true,"href":"https:\/\/evertonfc.cz\/index.php\/wp-json\/wp\/v2\/users\/1"}],"replies":[{"embeddable":true,"href":"https:\/\/evertonfc.cz\/index.php\/wp-json\/wp\/v2\/comments?post=14669"}],"version-history":[{"count":19,"href":"https:\/\/evertonfc.cz\/index.php\/wp-json\/wp\/v2\/posts\/14669\/revisions"}],"predecessor-version":[{"id":14698,"href":"https:\/\/evertonfc.cz\/index.php\/wp-json\/wp\/v2\/posts\/14669\/revisions\/14698"}],"wp:featuredmedia":[{"embeddable":true,"href":"https:\/\/evertonfc.cz\/index.php\/wp-json\/wp\/v2\/media\/13457"}],"wp:attachment":[{"href":"https:\/\/evertonfc.cz\/index.php\/wp-json\/wp\/v2\/media?parent=14669"}],"wp:term":[{"taxonomy":"category","embeddable":true,"href":"https:\/\/evertonfc.cz\/index.php\/wp-json\/wp\/v2\/categories?post=14669"},{"taxonomy":"post_tag","embeddable":true,"href":"https:\/\/evertonfc.cz\/index.php\/wp-json\/wp\/v2\/tags?post=14669"}],"curies":[{"name":"wp","href":"https:\/\/api.w.org\/{rel}","templated":true}]}}