{"id":14703,"date":"2021-03-17T09:50:13","date_gmt":"2021-03-17T08:50:13","guid":{"rendered":"https:\/\/evertonfc.cz\/?p=14703"},"modified":"2021-03-17T10:03:08","modified_gmt":"2021-03-17T09:03:08","slug":"ta-iwobi-vs-burnley","status":"publish","type":"post","link":"https:\/\/evertonfc.cz\/index.php\/2021\/03\/17\/ta-iwobi-vs-burnley\/","title":{"rendered":"TA: Iwobi vs. Burnley"},"content":{"rendered":"<h4>V tomto \u010dl\u00e1nku v\u00e1m prin\u00e1\u0161ame taktick\u00fa anal\u00fdzu od Davida Alexandra Hughesa pre Liverpool Echo. Zameral sa v\u00a0nej na efekt\u00edvnos\u0165 Iwobiho v\u00a0dom\u00e1cej prehre s\u00a0The Clarets.<\/h4>\n<p>Alex Iwobi. Hr\u00e1\u010d, okolo ktor\u00e9ho sa za posledn\u00fdch p\u00e1r dn\u00ed strhla hor\u00faca debata. T\u00fdka sa predov\u0161etk\u00fdm kritiky jeho v\u00fdkonov, a treba poveda\u0165, \u017ee t\u00e1 je na mieste. Pod ostr\u00e9 svetlo drobnoh\u013eadu fan\u00fa\u0161ikov aj m\u00e9di\u00ed sa ale dostal s\u00e1m. Vypenil hlavne na soci\u00e1lnej sieti Instagram po nepodarenom z\u00e1pase s Chelsea, \u010d\u00edm prezentoval, \u017ee sa mu nep\u00e1\u010di, ak sa mu vy\u010d\u00edta v\u00fdkon na poste, jemu nie vlastn\u00fd:<\/p>\n<blockquote><p><span style=\"font-size: 12pt;\"><em>&#8222;V\u017edy \u010des\u0165 dosta\u0165 pozv\u00e1nku do n\u00e1rodn\u00e9ho t\u00edmu. D\u00fafam, \u017ee budem hra\u0165 v mojej preferovanej poz\u00edci\u00ed.&#8220;<\/em><\/span><\/p><\/blockquote>\n<p>T\u00fdm postom m\u00e1 by\u0165 poz\u00edcia \u010d\u00edsla desa\u0165, respekt\u00edve podhrotov\u00e1. Tam vcelku pravidelne hr\u00e1 v reprezent\u00e1cii Nig\u00e9rie, no treba poznamena\u0165, \u017ee v\u00e4\u010d\u0161inu svojej profesion\u00e1lnej kari\u00e9ry odohral na kr\u00eddeln\u00fdch poz\u00edci\u00e1ch.<\/p>\n<p>T\u00e1to s\u0165a\u017enos\u0165 sa dostala do u\u0161\u00ed aj samotn\u00e9ho Ancelottiho a ten sa ve\u013emi nebr\u00e1nil. Ako naschv\u00e1l doprial Alexovi hne\u010f \u010fal\u0161\u00ed z\u00e1pas s Burnley, kde 24 ro\u010dn\u00e1 posila z Arsenalu hrala pod\u013ea svojich predst\u00e1v \u2013 v ofenz\u00edvnom c\u00edpe \u0161tvor\u010dlennej z\u00e1lohy form\u00e1cie 4-3-1-2.<\/p>\n<h4><strong>Taktick\u00e9 alebo mana\u017e\u00e9rske rozhodnutie?<\/strong><\/h4>\n<p>Aby sme nepreh\u00e1\u0148ali s \u010d\u00edtan\u00edm mysle talianskeho strat\u00e9ga. Nie je jasn\u00e9, \u010di d\u00f4vody \u0161tartu Iwobiho v tejto \u00falohe boli \u010disto taktick\u00e9, alebo aj (a na ko\u013eko) v d\u00f4sledku koment\u00e1rov, ktor\u00e9 hr\u00e1\u010d uviedol za\u010diatkom t\u00fd\u017ed\u0148a po reprezenta\u010dnej pozv\u00e1nke. Carla sa na to toti\u017e pred duelom p\u00fdtali novin\u00e1ri. Mus\u00edme bra\u0165 do \u00favahy fakty ako zranenia hlavn\u00fdch tvorcov hry v podan\u00ed Sigurdssona a Jamesa Rodr\u00edgueza. A tie\u017e zvy\u0161uj\u00facu sa frekvenciu viac \u010di menej \u00faspe\u0161n\u00e9ho nasadzovania form\u00e1cie diamantu Ancelottim, bez ortodoxn\u00fdch kr\u00eddeln\u00edkov.<\/p>\n<p>A\u00a0tu sa dost\u00e1vame k\u00a0pointe anal\u00fdzy od p\u00e1na Hughesa, ktor\u00fd p\u00ed\u0161e pre vydavate\u013estvo Reach PLC, pod ktor\u00e9 patr\u00ed ako Liverpool Echo, tak Daily Mirror alebo MENSports. Z\u00e1rove\u0148 pracuje tie\u017e ako analytik prv\u00e9ho t\u00edmu celku Clitheroe F.C. v Northern Premier League. Ten z\u00a0dostupn\u00fdch d\u00e1t zistil nasledovn\u00e9.<\/p>\n<div id=\"attachment_14702\" style=\"width: 650px\" class=\"wp-caption aligncenter\"><img loading=\"lazy\" decoding=\"async\" aria-describedby=\"caption-attachment-14702\" class=\"wp-image-14702 size-full\" src=\"https:\/\/evertonfc.cz\/wp-content\/uploads\/2021\/03\/Iwobi-pass-map-Burnley-16-3-2021.png\" alt=\"\" width=\"640\" height=\"488\" srcset=\"https:\/\/evertonfc.cz\/wp-content\/uploads\/2021\/03\/Iwobi-pass-map-Burnley-16-3-2021.png 640w, https:\/\/evertonfc.cz\/wp-content\/uploads\/2021\/03\/Iwobi-pass-map-Burnley-16-3-2021-300x229.png 300w\" sizes=\"(max-width: 640px) 100vw, 640px\" \/><p id=\"caption-attachment-14702\" class=\"wp-caption-text\"><span style=\"font-size: 8pt;\">Mapa prihr\u00e1vok Iwobiho &#8211; v\u013eavo prv\u00fd pol\u010das (rola \u010d\u00edsla 10), vpravo druh\u00fd (rol\u00e1 prav\u00e9 kr\u00eddlo). Zelen\u00e9 = \u00faspe\u0161n\u00e9 \/ \u010derven\u00e9 = ne\u00faspe\u0161n\u00e9 prihr\u00e1vky. Alex si v\u0161ak za cel\u00fd z\u00e1pas neprip\u00edsal ani jednu k\u013e\u00fa\u010dov\u00fa.<\/span><\/p><\/div>\n<p>Pre na\u0161e \u010d\u00edslo 17 bola podhrotov\u00e1 poz\u00edcia ur\u010dite prospe\u0161n\u00e1 z h\u013eadiska toho, \u017ee si logicky u\u017eil viac \u010dasu na lopte. V prvom pol\u010dase, a pred prechodom Evertonu z diamantu na klasickej\u0161ie rozostavanie 4-3-3, prijal Iwobi 21 prihr\u00e1vok, \u010do nie je pr\u00edli\u0161 \u010faleko z jeho priemeru za 90 min\u00fat t\u00fato sez\u00f3nu (25.21). Pri v\u00e4\u010d\u0161om vyu\u017eit\u00ed lopty v stredov\u00fdch z\u00f3nach ihriska odviedol dobr\u00fa pr\u00e1cu pri sp\u00e1jan\u00ed hry. Pol\u010das zakon\u010dil \u00faspe\u0161nos\u0165ou prihr\u00e1vok 87% z peknej \u0161k\u00e1ly r\u00f4znych prihr\u00e1vok po celom ihrisku.<\/p>\n<h4>Ch\u00fdbaj\u00fa mu r\u00fdchle rozhodnutia<\/h4>\n<p>Av\u0161ak, ke\u010f pri\u0161lo na to skuto\u010dne prenikn\u00fa\u0165 do \u0161estn\u00e1stky Burnley na vytvorenie \u0161ance, uk\u00e1zal sa do zna\u010dnej miery ne\u00fa\u010dinn\u00fd. Ka\u017ed\u00fd pokus z jeho dvoch centrov a jednej prihr\u00e1vky do pokutov\u00e9ho \u00fazemia bol ne\u00faspe\u0161n\u00fd.<\/p>\n<p>Meranie kvality \u00fato\u010dn\u00fdch akci\u00ed, ako s\u00fa centrovan\u00e9 lopty, na z\u00e1klade toho, \u010di s\u00fa \u00faspe\u0161n\u00e9 alebo ne\u00faspe\u0161n\u00e9 pri n\u00e1jden\u00ed svojho cie\u013ea, nie je v\u017edy najlep\u0161\u00ed sp\u00f4sob, ako ohodnoti\u0165 kvalitu odoslanej prihr\u00e1vky. Pre\u010do? Lebo napr\u00edklad center by sa mohol pova\u017eova\u0165 za ne\u00faspe\u0161n\u00fd aj v d\u00f4sledku toho, \u017ee sa \u00fato\u010dn\u00edk neprepracoval do dobrej poz\u00edcie, aby ho vyu\u017eil. Ke\u010f si v\u0161ak sp\u00e4tne pozrieme Iwobiho klipy zo soboty, m\u00f4\u017eeme vidie\u0165, \u017ee tento pr\u00edpad to pr\u00e1ve nebol. Ni\u017e\u0161ie je uveden\u00fd dobr\u00fd pr\u00edklad z prv\u00e9ho pol\u010dasu.<\/p>\n<div id=\"attachment_14699\" style=\"width: 650px\" class=\"wp-caption aligncenter\"><img loading=\"lazy\" decoding=\"async\" aria-describedby=\"caption-attachment-14699\" class=\"wp-image-14699 size-full\" src=\"https:\/\/evertonfc.cz\/wp-content\/uploads\/2021\/03\/Iwobi-cross-vs-Burnley-16-3-2021.jpg\" alt=\"\" width=\"640\" height=\"550\" srcset=\"https:\/\/evertonfc.cz\/wp-content\/uploads\/2021\/03\/Iwobi-cross-vs-Burnley-16-3-2021.jpg 640w, https:\/\/evertonfc.cz\/wp-content\/uploads\/2021\/03\/Iwobi-cross-vs-Burnley-16-3-2021-300x258.jpg 300w\" sizes=\"(max-width: 640px) 100vw, 640px\" \/><p id=\"caption-attachment-14699\" class=\"wp-caption-text\"><span style=\"font-size: 8pt;\">Akcia Iwobiho z konca 1. pol\u010dasu, u\u017e ako prav\u00e9ho kr\u00eddeln\u00edka. V\u00e1ha s rie\u0161en\u00edm situ\u00e1cie, jeho neskor\u00fd center je zablokovan\u00fd a akcia kon\u010d\u00ed.<\/span><\/p><\/div>\n<p>Lopta sa rozohrala k Iwobimu, ktor\u00fd m\u00e1 dve mo\u017enosti. M\u00f4\u017ee zahra\u0165 bu\u010f r\u00fdchly center z\u00a0prv\u00e9ho dotyku do v\u00e1pna smerom na Richarlisona a Calverta-Lewina, alebo m\u00f4\u017ee \u00eds\u0165 do s\u00faboja jeden na jedn\u00e9ho s obrancom. Len\u017ee neurob\u00ed ani jedno z\u00a0toho a zbyto\u010dne sa zdr\u017euje na lopte, \u010do umo\u017e\u0148uje Burnley zdvoji\u0165 ho v\u00a0br\u00e1nen\u00ed.<\/p>\n<p>U\u017e teda s obmedzen\u00fdmi mo\u017enos\u0165ami sa n\u00e1sledne pok\u00fa\u0161a o slab\u00fd center, ktor\u00fd sa odr\u00e1\u017ea od obrancu od v\u00fd\u0161ky, \u010do vedie k rozbitiu \u00fatoku s mno\u017estvom zapojen\u00fdch hr\u00e1\u010dov Evertonu vo vn\u00fatri pokutov\u00e9ho \u00fazemia Burnley. T\u00ed s\u00fa potom chyten\u00ed za rozohr\u00e1vkou s\u00fapera, ak ten z\u00edska loptu. Ak sa jej aj zmocn\u00ed op\u00e4\u0165 Everton, hostia nebezpe\u010dn\u00fa v\u00e4\u010d\u0161inu m\u00f4\u017eu ve\u013emi r\u00fdchlo vystavi\u0165 do ofsajdov\u00e9ho postavenia.<\/p>\n<h4><strong>Dobr\u00fd dribling bez vyu\u017eitia<\/strong><\/h4>\n<p>Dribling je pova\u017eovan\u00fd za jednu z najsilnej\u0161\u00edch vlastnost\u00ed Iwobiho \u2013 v mlad\u0161om veku ho porovn\u00e1vali s Wilfriedom Zahom \u2013 ale je zrejm\u00e9, \u017ee \u010d\u00edm dlh\u0161ie jeho kari\u00e9ra v Evertone postupuje, tieto porovnania sa ukazuj\u00fa nepresn\u00e9.<\/p>\n<p>Zaha v tejto sez\u00f3ne zaznamenal v priemere 8,56 driblingu za 90 min\u00fat, zatia\u013e \u010do Iwobi iba 5,33. Kr\u00eddeln\u00edk Crystal Palace strelil tie\u017e dev\u00e4\u0165 ligov\u00fdch g\u00f3lov a v priemere si prip\u00ed\u0161e 2,08 striel za z\u00e1pas. N\u00e1\u0161 Alex v\u0161ak v\u00fdrazne zaost\u00e1va \u2013 zaknihoval jeden ligov\u00fd g\u00f3l a priemer stre\u013eby m\u00e1 0,63. Je zrejm\u00e9, \u017ee obaja plnia na tr\u00e1vniku r\u00f4zne role, pri\u010dom Zaha hr\u00e1 ove\u013ea bli\u017e\u0161ie k br\u00e1ne v porovnan\u00ed s Iwobim, ktor\u00fd viac obstar\u00e1va krajn\u00fa z\u00e1lohu.<\/p>\n<p>Av\u0161ak aj v minulej sez\u00f3ne, ke\u010f Iwobi hr\u00e1val vy\u0161\u0161ie na ihrisku pravidelnej\u0161ie, mal v priemere st\u00e1le takmer o strelu menej, ako teraz Zaha. Na rozdiel od hr\u00e1\u010da Palace sa Iwobi nikdy nejavil ako typ, ktor\u00fd by mohol prosperova\u0165 ako \u00fato\u010dn\u00edk, pr\u00e1ve v\u010faka svojmu n\u00edzkemu ofenz\u00edvnemu v\u00fdstupu. Preto ak ho nestavaj\u00fa do centr\u00e1lnej\u0161\u00edch poz\u00edcii, kon\u010d\u00ed obvykle na kraji. A tam skon\u010dil aj v druhom pol\u010dase proti Burnley.<\/p>\n<h4><strong>Prav\u00e1 strana mu nesed\u00ed<\/strong><\/h4>\n<p>Ako kr\u00eddlo v\u00a0tomto stretnut\u00ed dobre vyv\u00e1\u017eal loptu a urobil \u0161es\u0165 progres\u00edvnych behov. \u010casto sa v\u0161ak zdalo, \u017ee na konci t\u00fdchto v\u00fdpadov s loptou narazil na slep\u00e9 uli\u010dky. A m\u00e1 to dobr\u00fd d\u00f4vod. Iwobi \u010dasto dost\u00e1val loptu na kraji ihriska a ke\u010f \u010falej postupoval, vnikal rad\u0161ej do stredu ihriska. Na tom nie je ni\u010d zl\u00e9, ke\u010f vyn\u00e1\u0161a loptu do nebezpe\u010dnej\u0161\u00edch priestorov bli\u017e\u0161ie k br\u00e1ne.<\/p>\n<div id=\"attachment_14700\" style=\"width: 650px\" class=\"wp-caption aligncenter\"><img loading=\"lazy\" decoding=\"async\" aria-describedby=\"caption-attachment-14700\" class=\"wp-image-14700 size-full\" src=\"https:\/\/evertonfc.cz\/wp-content\/uploads\/2021\/03\/Iwobi-cut-inside-vs-Burnley-16-3-2021.jpg\" alt=\"\" width=\"640\" height=\"1066\" srcset=\"https:\/\/evertonfc.cz\/wp-content\/uploads\/2021\/03\/Iwobi-cut-inside-vs-Burnley-16-3-2021.jpg 640w, https:\/\/evertonfc.cz\/wp-content\/uploads\/2021\/03\/Iwobi-cut-inside-vs-Burnley-16-3-2021-180x300.jpg 180w, https:\/\/evertonfc.cz\/wp-content\/uploads\/2021\/03\/Iwobi-cut-inside-vs-Burnley-16-3-2021-615x1024.jpg 615w\" sizes=\"(max-width: 640px) 100vw, 640px\" \/><p id=\"caption-attachment-14700\" class=\"wp-caption-text\"><span style=\"font-size: 8pt;\">Akcia z polovice druh\u00e9ho pol\u010dasu. Iwobi na lopte vol\u00ed v\u00fdpad do stredu ihriska. Nevyu\u017eije mo\u017enos\u0165 kombin\u00e1cie s DCL a obrana ho vytla\u010d\u00ed len do prihr\u00e1vky Gomesovi.<\/span><\/p><\/div>\n<p>Av\u0161ak t\u00e1to akcia z pravej strany lep\u0161ie vyhovuje \u013eav\u00e1kovi, preto\u017ee spo\u010d\u00edva v presune lopty na favorizovan\u00fa nohu. A Nig\u00e9rij\u010dan je do zna\u010dnej miery z\u00e1visl\u00fd na jeho prava\u010dke, ktor\u00fa pod\u013ea d\u00e1tov\u00fdch expertov Statsbomb pou\u017e\u00edva v 87% svojich akci\u00ed na lopte. Preto sme boli svedkami situ\u00e1ci\u00ed, ako vid\u00edte vy\u0161\u0161ie.<\/p>\n<p>Iwobi preber\u00e1 loptu pri lajne a vyr\u00e1\u017ea do stredu, s \u00fato\u010dn\u00edkmi Evertonu pred sebou. Po\u010das akcie v\u0161ak nevyzer\u00e1 schopn\u00fd im prihra\u0165, preto\u017ee obranca Burnley mu blokuje mo\u017enos\u0165 zahra\u0165 loptu pravou nohou. Jeho re\u010d tela tie\u017e nazna\u010duje, \u017ee zjavne nechce pou\u017ei\u0165 svoju \u013eava\u010dku na zapojenie\u00a0 Calverta-Lewina.<\/p>\n<p>Prihr\u00e1vka, ktor\u00fa nakoniec dokon\u010d\u00ed, smeruje do strany, a t\u00e1 nepon\u00faka \u017eiadny \u00fato\u010dn\u00fd prienik a cel\u00e1 akcia op\u00e4\u0165 nikam nevedie. Pri objekt\u00edvnom poh\u013eade sa jeho sobotn\u00fd v\u00fdkon d\u00e1 \u0165a\u017eko ozna\u010di\u0165 za mimoriadne slab\u00fd. Obhajoba by bola ale nepresved\u010div\u00e1 rovnako. A to je celkom presn\u00e9 zhrnutie jeho doteraj\u0161ej kari\u00e9ry v Evertone.<\/p>\n<p>A \u010do zhr\u0148uje p\u00e1n Hughes? Ak Ancelotti videl z\u00e1pas proti Burnley ako pr\u00edle\u017eitos\u0165 zisti\u0165, ak\u00e1 je najlep\u0161ia rola pre Iwobiho, potom existuje ve\u013ek\u00e1 \u0161anca, \u017ee odpove\u010f st\u00e1le nedostal. Ja s\u00fahlas\u00edm, a vy?<\/p>\n<p style=\"text-align: right;\"><span style=\"font-size: 8pt;\">(p\u00f4vodn\u00fd \u010dl\u00e1nok: <a href=\"https:\/\/www.liverpoolecho.co.uk\/sport\/football\/football-news\/carlo-ancelotti-change-leaves-everton-20170279\" target=\"_blank\" rel=\"noopener\">liverpoolecho.co.uk<\/a>)<\/span><\/p>\n","protected":false},"excerpt":{"rendered":"<p>V tomto \u010dl\u00e1nku v\u00e1m prin\u00e1\u0161ame taktick\u00fa anal\u00fdzu od Davida Alexandra Hughesa pre Liverpool Echo. Zameral sa v\u00a0nej na efekt\u00edvnos\u0165 Iwobiho v\u00a0dom\u00e1cej prehre s\u00a0The Clarets.<\/p>\n","protected":false},"author":1,"featured_media":14704,"comment_status":"open","ping_status":"closed","sticky":false,"template":"","format":"standard","meta":{"_eb_attr":"","_monsterinsights_skip_tracking":false,"_monsterinsights_sitenote_active":false,"_monsterinsights_sitenote_note":"","_monsterinsights_sitenote_category":0,"footnotes":""},"categories":[39],"tags":[],"yoast_head":"<!-- This site is optimized with the Yoast SEO plugin v23.4 - https:\/\/yoast.com\/wordpress\/plugins\/seo\/ -->\n<title>TA: Iwobi vs. Burnley - Official Czech &amp; Slovak Everton Supporters&#039; Club<\/title>\n<meta name=\"robots\" content=\"index, follow, max-snippet:-1, max-image-preview:large, max-video-preview:-1\" \/>\n<link rel=\"canonical\" href=\"https:\/\/evertonfc.cz\/index.php\/2021\/03\/17\/ta-iwobi-vs-burnley\/\" \/>\n<meta property=\"og:locale\" content=\"cs_CZ\" \/>\n<meta property=\"og:type\" content=\"article\" \/>\n<meta property=\"og:title\" content=\"TA: Iwobi vs. Burnley - Official Czech &amp; Slovak Everton Supporters&#039; Club\" \/>\n<meta property=\"og:description\" content=\"V tomto \u010dl\u00e1nku v\u00e1m prin\u00e1\u0161ame taktick\u00fa anal\u00fdzu od Davida Alexandra Hughesa pre Liverpool Echo. Zameral sa v\u00a0nej na efekt\u00edvnos\u0165 Iwobiho v\u00a0dom\u00e1cej prehre s\u00a0The Clarets.\" \/>\n<meta property=\"og:url\" content=\"https:\/\/evertonfc.cz\/index.php\/2021\/03\/17\/ta-iwobi-vs-burnley\/\" \/>\n<meta property=\"og:site_name\" content=\"Official Czech &amp; Slovak Everton Supporters&#039; Club\" \/>\n<meta property=\"article:publisher\" content=\"https:\/\/www.facebook.com\/everton.fans.cz.sk\" \/>\n<meta property=\"article:published_time\" content=\"2021-03-17T08:50:13+00:00\" \/>\n<meta property=\"article:modified_time\" content=\"2021-03-17T09:03:08+00:00\" \/>\n<meta property=\"og:image\" content=\"https:\/\/evertonfc.cz\/wp-content\/uploads\/2021\/03\/TA-Iwobi-vs-Burnley-16-3-2021.jpg\" \/>\n\t<meta property=\"og:image:width\" content=\"720\" \/>\n\t<meta property=\"og:image:height\" content=\"405\" \/>\n\t<meta property=\"og:image:type\" content=\"image\/jpeg\" \/>\n<meta name=\"author\" content=\"BlueBlooded\" \/>\n<meta name=\"twitter:card\" content=\"summary_large_image\" \/>\n<meta name=\"twitter:label1\" content=\"Napsal(a)\" \/>\n\t<meta name=\"twitter:data1\" content=\"BlueBlooded\" \/>\n\t<meta name=\"twitter:label2\" content=\"Odhadovan\u00e1 doba \u010dten\u00ed\" \/>\n\t<meta name=\"twitter:data2\" content=\"6 minut\" \/>\n<script type=\"application\/ld+json\" class=\"yoast-schema-graph\">{\"@context\":\"https:\/\/schema.org\",\"@graph\":[{\"@type\":\"Article\",\"@id\":\"https:\/\/evertonfc.cz\/index.php\/2021\/03\/17\/ta-iwobi-vs-burnley\/#article\",\"isPartOf\":{\"@id\":\"https:\/\/evertonfc.cz\/index.php\/2021\/03\/17\/ta-iwobi-vs-burnley\/\"},\"author\":{\"name\":\"BlueBlooded\",\"@id\":\"https:\/\/evertonfc.cz\/#\/schema\/person\/d4493b8cbea51532597fbc4685698916\"},\"headline\":\"TA: Iwobi vs. Burnley\",\"datePublished\":\"2021-03-17T08:50:13+00:00\",\"dateModified\":\"2021-03-17T09:03:08+00:00\",\"mainEntityOfPage\":{\"@id\":\"https:\/\/evertonfc.cz\/index.php\/2021\/03\/17\/ta-iwobi-vs-burnley\/\"},\"wordCount\":1466,\"commentCount\":4,\"publisher\":{\"@id\":\"https:\/\/evertonfc.cz\/#organization\"},\"image\":{\"@id\":\"https:\/\/evertonfc.cz\/index.php\/2021\/03\/17\/ta-iwobi-vs-burnley\/#primaryimage\"},\"thumbnailUrl\":\"https:\/\/evertonfc.cz\/wp-content\/uploads\/2021\/03\/TA-Iwobi-vs-Burnley-16-3-2021.jpg\",\"articleSection\":[\"Blog\"],\"inLanguage\":\"cs\",\"potentialAction\":[{\"@type\":\"CommentAction\",\"name\":\"Comment\",\"target\":[\"https:\/\/evertonfc.cz\/index.php\/2021\/03\/17\/ta-iwobi-vs-burnley\/#respond\"]}]},{\"@type\":\"WebPage\",\"@id\":\"https:\/\/evertonfc.cz\/index.php\/2021\/03\/17\/ta-iwobi-vs-burnley\/\",\"url\":\"https:\/\/evertonfc.cz\/index.php\/2021\/03\/17\/ta-iwobi-vs-burnley\/\",\"name\":\"TA: Iwobi vs. Burnley - Official Czech &amp; Slovak Everton Supporters&#039; Club\",\"isPartOf\":{\"@id\":\"https:\/\/evertonfc.cz\/#website\"},\"primaryImageOfPage\":{\"@id\":\"https:\/\/evertonfc.cz\/index.php\/2021\/03\/17\/ta-iwobi-vs-burnley\/#primaryimage\"},\"image\":{\"@id\":\"https:\/\/evertonfc.cz\/index.php\/2021\/03\/17\/ta-iwobi-vs-burnley\/#primaryimage\"},\"thumbnailUrl\":\"https:\/\/evertonfc.cz\/wp-content\/uploads\/2021\/03\/TA-Iwobi-vs-Burnley-16-3-2021.jpg\",\"datePublished\":\"2021-03-17T08:50:13+00:00\",\"dateModified\":\"2021-03-17T09:03:08+00:00\",\"breadcrumb\":{\"@id\":\"https:\/\/evertonfc.cz\/index.php\/2021\/03\/17\/ta-iwobi-vs-burnley\/#breadcrumb\"},\"inLanguage\":\"cs\",\"potentialAction\":[{\"@type\":\"ReadAction\",\"target\":[\"https:\/\/evertonfc.cz\/index.php\/2021\/03\/17\/ta-iwobi-vs-burnley\/\"]}]},{\"@type\":\"ImageObject\",\"inLanguage\":\"cs\",\"@id\":\"https:\/\/evertonfc.cz\/index.php\/2021\/03\/17\/ta-iwobi-vs-burnley\/#primaryimage\",\"url\":\"https:\/\/evertonfc.cz\/wp-content\/uploads\/2021\/03\/TA-Iwobi-vs-Burnley-16-3-2021.jpg\",\"contentUrl\":\"https:\/\/evertonfc.cz\/wp-content\/uploads\/2021\/03\/TA-Iwobi-vs-Burnley-16-3-2021.jpg\",\"width\":720,\"height\":405},{\"@type\":\"BreadcrumbList\",\"@id\":\"https:\/\/evertonfc.cz\/index.php\/2021\/03\/17\/ta-iwobi-vs-burnley\/#breadcrumb\",\"itemListElement\":[{\"@type\":\"ListItem\",\"position\":1,\"name\":\"Home\",\"item\":\"https:\/\/evertonfc.cz\/\"},{\"@type\":\"ListItem\",\"position\":2,\"name\":\"TA: Iwobi vs. Burnley\"}]},{\"@type\":\"WebSite\",\"@id\":\"https:\/\/evertonfc.cz\/#website\",\"url\":\"https:\/\/evertonfc.cz\/\",\"name\":\"Official Czech &amp; Slovak Everton Supporters&#039; Club\",\"description\":\"\",\"publisher\":{\"@id\":\"https:\/\/evertonfc.cz\/#organization\"},\"potentialAction\":[{\"@type\":\"SearchAction\",\"target\":{\"@type\":\"EntryPoint\",\"urlTemplate\":\"https:\/\/evertonfc.cz\/?s={search_term_string}\"},\"query-input\":{\"@type\":\"PropertyValueSpecification\",\"valueRequired\":true,\"valueName\":\"search_term_string\"}}],\"inLanguage\":\"cs\"},{\"@type\":\"Organization\",\"@id\":\"https:\/\/evertonfc.cz\/#organization\",\"name\":\"Official Czech & Slovak Everton Supporters' Club\",\"url\":\"https:\/\/evertonfc.cz\/\",\"logo\":{\"@type\":\"ImageObject\",\"inLanguage\":\"cs\",\"@id\":\"https:\/\/evertonfc.cz\/#\/schema\/logo\/image\/\",\"url\":\"https:\/\/evertonfc.cz\/wp-content\/uploads\/2019\/05\/logo.png\",\"contentUrl\":\"https:\/\/evertonfc.cz\/wp-content\/uploads\/2019\/05\/logo.png\",\"width\":112,\"height\":112,\"caption\":\"Official Czech & Slovak Everton Supporters' Club\"},\"image\":{\"@id\":\"https:\/\/evertonfc.cz\/#\/schema\/logo\/image\/\"},\"sameAs\":[\"https:\/\/www.facebook.com\/everton.fans.cz.sk\"]},{\"@type\":\"Person\",\"@id\":\"https:\/\/evertonfc.cz\/#\/schema\/person\/d4493b8cbea51532597fbc4685698916\",\"name\":\"BlueBlooded\",\"url\":\"https:\/\/evertonfc.cz\/index.php\/author\/admin\/\"}]}<\/script>\n<!-- \/ Yoast SEO plugin. -->","yoast_head_json":{"title":"TA: Iwobi vs. Burnley - Official Czech &amp; Slovak Everton Supporters&#039; Club","robots":{"index":"index","follow":"follow","max-snippet":"max-snippet:-1","max-image-preview":"max-image-preview:large","max-video-preview":"max-video-preview:-1"},"canonical":"https:\/\/evertonfc.cz\/index.php\/2021\/03\/17\/ta-iwobi-vs-burnley\/","og_locale":"cs_CZ","og_type":"article","og_title":"TA: Iwobi vs. Burnley - Official Czech &amp; Slovak Everton Supporters&#039; Club","og_description":"V tomto \u010dl\u00e1nku v\u00e1m prin\u00e1\u0161ame taktick\u00fa anal\u00fdzu od Davida Alexandra Hughesa pre Liverpool Echo. Zameral sa v\u00a0nej na efekt\u00edvnos\u0165 Iwobiho v\u00a0dom\u00e1cej prehre s\u00a0The Clarets.","og_url":"https:\/\/evertonfc.cz\/index.php\/2021\/03\/17\/ta-iwobi-vs-burnley\/","og_site_name":"Official Czech &amp; Slovak Everton Supporters&#039; Club","article_publisher":"https:\/\/www.facebook.com\/everton.fans.cz.sk","article_published_time":"2021-03-17T08:50:13+00:00","article_modified_time":"2021-03-17T09:03:08+00:00","og_image":[{"width":720,"height":405,"url":"https:\/\/evertonfc.cz\/wp-content\/uploads\/2021\/03\/TA-Iwobi-vs-Burnley-16-3-2021.jpg","type":"image\/jpeg"}],"author":"BlueBlooded","twitter_card":"summary_large_image","twitter_misc":{"Napsal(a)":"BlueBlooded","Odhadovan\u00e1 doba \u010dten\u00ed":"6 minut"},"schema":{"@context":"https:\/\/schema.org","@graph":[{"@type":"Article","@id":"https:\/\/evertonfc.cz\/index.php\/2021\/03\/17\/ta-iwobi-vs-burnley\/#article","isPartOf":{"@id":"https:\/\/evertonfc.cz\/index.php\/2021\/03\/17\/ta-iwobi-vs-burnley\/"},"author":{"name":"BlueBlooded","@id":"https:\/\/evertonfc.cz\/#\/schema\/person\/d4493b8cbea51532597fbc4685698916"},"headline":"TA: Iwobi vs. Burnley","datePublished":"2021-03-17T08:50:13+00:00","dateModified":"2021-03-17T09:03:08+00:00","mainEntityOfPage":{"@id":"https:\/\/evertonfc.cz\/index.php\/2021\/03\/17\/ta-iwobi-vs-burnley\/"},"wordCount":1466,"commentCount":4,"publisher":{"@id":"https:\/\/evertonfc.cz\/#organization"},"image":{"@id":"https:\/\/evertonfc.cz\/index.php\/2021\/03\/17\/ta-iwobi-vs-burnley\/#primaryimage"},"thumbnailUrl":"https:\/\/evertonfc.cz\/wp-content\/uploads\/2021\/03\/TA-Iwobi-vs-Burnley-16-3-2021.jpg","articleSection":["Blog"],"inLanguage":"cs","potentialAction":[{"@type":"CommentAction","name":"Comment","target":["https:\/\/evertonfc.cz\/index.php\/2021\/03\/17\/ta-iwobi-vs-burnley\/#respond"]}]},{"@type":"WebPage","@id":"https:\/\/evertonfc.cz\/index.php\/2021\/03\/17\/ta-iwobi-vs-burnley\/","url":"https:\/\/evertonfc.cz\/index.php\/2021\/03\/17\/ta-iwobi-vs-burnley\/","name":"TA: Iwobi vs. Burnley - Official Czech &amp; Slovak Everton Supporters&#039; Club","isPartOf":{"@id":"https:\/\/evertonfc.cz\/#website"},"primaryImageOfPage":{"@id":"https:\/\/evertonfc.cz\/index.php\/2021\/03\/17\/ta-iwobi-vs-burnley\/#primaryimage"},"image":{"@id":"https:\/\/evertonfc.cz\/index.php\/2021\/03\/17\/ta-iwobi-vs-burnley\/#primaryimage"},"thumbnailUrl":"https:\/\/evertonfc.cz\/wp-content\/uploads\/2021\/03\/TA-Iwobi-vs-Burnley-16-3-2021.jpg","datePublished":"2021-03-17T08:50:13+00:00","dateModified":"2021-03-17T09:03:08+00:00","breadcrumb":{"@id":"https:\/\/evertonfc.cz\/index.php\/2021\/03\/17\/ta-iwobi-vs-burnley\/#breadcrumb"},"inLanguage":"cs","potentialAction":[{"@type":"ReadAction","target":["https:\/\/evertonfc.cz\/index.php\/2021\/03\/17\/ta-iwobi-vs-burnley\/"]}]},{"@type":"ImageObject","inLanguage":"cs","@id":"https:\/\/evertonfc.cz\/index.php\/2021\/03\/17\/ta-iwobi-vs-burnley\/#primaryimage","url":"https:\/\/evertonfc.cz\/wp-content\/uploads\/2021\/03\/TA-Iwobi-vs-Burnley-16-3-2021.jpg","contentUrl":"https:\/\/evertonfc.cz\/wp-content\/uploads\/2021\/03\/TA-Iwobi-vs-Burnley-16-3-2021.jpg","width":720,"height":405},{"@type":"BreadcrumbList","@id":"https:\/\/evertonfc.cz\/index.php\/2021\/03\/17\/ta-iwobi-vs-burnley\/#breadcrumb","itemListElement":[{"@type":"ListItem","position":1,"name":"Home","item":"https:\/\/evertonfc.cz\/"},{"@type":"ListItem","position":2,"name":"TA: Iwobi vs. Burnley"}]},{"@type":"WebSite","@id":"https:\/\/evertonfc.cz\/#website","url":"https:\/\/evertonfc.cz\/","name":"Official Czech &amp; Slovak Everton Supporters&#039; Club","description":"","publisher":{"@id":"https:\/\/evertonfc.cz\/#organization"},"potentialAction":[{"@type":"SearchAction","target":{"@type":"EntryPoint","urlTemplate":"https:\/\/evertonfc.cz\/?s={search_term_string}"},"query-input":{"@type":"PropertyValueSpecification","valueRequired":true,"valueName":"search_term_string"}}],"inLanguage":"cs"},{"@type":"Organization","@id":"https:\/\/evertonfc.cz\/#organization","name":"Official Czech & Slovak Everton Supporters' Club","url":"https:\/\/evertonfc.cz\/","logo":{"@type":"ImageObject","inLanguage":"cs","@id":"https:\/\/evertonfc.cz\/#\/schema\/logo\/image\/","url":"https:\/\/evertonfc.cz\/wp-content\/uploads\/2019\/05\/logo.png","contentUrl":"https:\/\/evertonfc.cz\/wp-content\/uploads\/2019\/05\/logo.png","width":112,"height":112,"caption":"Official Czech & Slovak Everton Supporters' Club"},"image":{"@id":"https:\/\/evertonfc.cz\/#\/schema\/logo\/image\/"},"sameAs":["https:\/\/www.facebook.com\/everton.fans.cz.sk"]},{"@type":"Person","@id":"https:\/\/evertonfc.cz\/#\/schema\/person\/d4493b8cbea51532597fbc4685698916","name":"BlueBlooded","url":"https:\/\/evertonfc.cz\/index.php\/author\/admin\/"}]}},"_links":{"self":[{"href":"https:\/\/evertonfc.cz\/index.php\/wp-json\/wp\/v2\/posts\/14703"}],"collection":[{"href":"https:\/\/evertonfc.cz\/index.php\/wp-json\/wp\/v2\/posts"}],"about":[{"href":"https:\/\/evertonfc.cz\/index.php\/wp-json\/wp\/v2\/types\/post"}],"author":[{"embeddable":true,"href":"https:\/\/evertonfc.cz\/index.php\/wp-json\/wp\/v2\/users\/1"}],"replies":[{"embeddable":true,"href":"https:\/\/evertonfc.cz\/index.php\/wp-json\/wp\/v2\/comments?post=14703"}],"version-history":[{"count":22,"href":"https:\/\/evertonfc.cz\/index.php\/wp-json\/wp\/v2\/posts\/14703\/revisions"}],"predecessor-version":[{"id":14725,"href":"https:\/\/evertonfc.cz\/index.php\/wp-json\/wp\/v2\/posts\/14703\/revisions\/14725"}],"wp:featuredmedia":[{"embeddable":true,"href":"https:\/\/evertonfc.cz\/index.php\/wp-json\/wp\/v2\/media\/14704"}],"wp:attachment":[{"href":"https:\/\/evertonfc.cz\/index.php\/wp-json\/wp\/v2\/media?parent=14703"}],"wp:term":[{"taxonomy":"category","embeddable":true,"href":"https:\/\/evertonfc.cz\/index.php\/wp-json\/wp\/v2\/categories?post=14703"},{"taxonomy":"post_tag","embeddable":true,"href":"https:\/\/evertonfc.cz\/index.php\/wp-json\/wp\/v2\/tags?post=14703"}],"curies":[{"name":"wp","href":"https:\/\/api.w.org\/{rel}","templated":true}]}}