{"id":14727,"date":"2021-03-19T19:05:40","date_gmt":"2021-03-19T18:05:40","guid":{"rendered":"https:\/\/evertonfc.cz\/?p=14727"},"modified":"2021-03-21T22:23:12","modified_gmt":"2021-03-21T21:23:12","slug":"meverton-w-chelsea-w-03","status":"publish","type":"post","link":"https:\/\/evertonfc.cz\/index.php\/2021\/03\/19\/meverton-w-chelsea-w-03\/","title":{"rendered":"Everton W &#8211; Chelsea W 0:3"},"content":{"rendered":"<h4>Na decentn\u011b oho\u0159el\u00fd Walton Hall Park p\u0159icestovaly \u010derstv\u00e9 v\u00edt\u011bzky Conti Cup &#8211; fotbalistky Chelsea. Ve fin\u00e1le ligov\u00e9ho poh\u00e1ru smetly v ned\u011bli Bristol 6:0. \u0160ampa\u0148sk\u00e9 z ned\u011bln\u00edch oslav, na jeho\u017e vliv optimist\u00e9 spol\u00e9hali se z krve Pensioners vypa\u0159ilo bez n\u00e1sledk\u016f. Everton podlehl 0:3.<\/h4>\n<p>Chelsea hraje letos svou vlastn\u00ed ligu, sekundovat j\u00ed m\u016f\u017ee jen Manchester City a nevyzpytateln\u00e9 rud\u00e9 \u010f\u00e1blice. Chelsea pr\u016fm\u011brn\u011b nad\u011bl\u00ed sv\u00fdm soupe\u0159k\u00e1m 3,05 g\u00f3lu za z\u00e1pas, naopak inkasuje v jednom z\u00e1pase 0,5 branky. Takto nalad\u011bn\u00e9mu t\u00fdmu \u010delil Everton bez sv\u00fdch zran\u011bn\u00fdch kl\u00ed\u010dov\u00fdch hr\u00e1\u010dek: MacIver, Moe Wold a Turner.<\/p>\n<h4>Prvn\u00ed polo\u010das<\/h4>\n<p>za\u010dal penaltou v 1. minut\u011b pro ruku Finnigan. Korpela v\u0161ak elegantn\u00ed robinzon\u00e1dou zne\u0161kodnila pokus Leupolz a udr\u017eela nad\u011bje karamel na vyrovnan\u00fd z\u00e1pas.\u00a0 Chv\u00edli to tak skute\u010dn\u011b vypadalo, ale dva p\u0159\u00edm\u00e9 kopy v 5. a 7. minut\u011b byly na dlouhou dobu posledn\u00ed rozumnou \u00fato\u010dnou akc\u00ed Evertonu.<\/p>\n<p>Chelsea se nenechala neprom\u011bn\u011bnou penaltou rozhodit a uzamkla Everton na na jeho vlastn\u00ed polovin\u011b. Rozd\u00edl mezi rychlost\u00ed lond\u00fd\u0148anek a jejich hrou na jeden dotek na stran\u011b jedn\u00e9 a na\u0161\u00ed snahou n\u011bkomu-aspo\u0148-trochu-p\u0159esn\u011b-p\u0159ihr\u00e1t-aspo\u0148-trochu-dop\u0159edu na stran\u011b druh\u00e9 byl a\u017e nep\u0159\u00edjemn\u011b n\u00e1padn\u00fd. Ve 13. minut\u011b za\u00fa\u0159adovala osv\u011bd\u010den\u00e1 dvojice Kerr &#8211; Kirby, kter\u00e1 v ned\u011bli ve fin\u00e1le Conti Cup destruovala Bristol. Kerr rychlou kolmic\u00ed z prvn\u00edho doteku poslala dop\u0159edu Kirby a ta po kr\u00e1tk\u00e9m sprintu prost\u0159elila Korpelu &#8211; <strong>0:1<\/strong>.<\/p>\n<p>O \u0161est minut pozd\u011bji byla spolupr\u00e1ce K+K na\u0161t\u011bst\u00ed zavr\u0161ena st\u0159elou mimo. O t\u00e9to f\u00e1zi hry nejl\u00e9pe vypov\u00edd\u00e1 fakt, \u017ee st\u0159edn\u00ed \u00fato\u010dnice Magill se \u010dasto vyskytovala v m\u00edstech, kdy by \u010dlov\u011bk za norm\u00e1ln\u00edch okolnost\u00ed \u010dekal st\u0159edn\u00ed obr\u00e1nkyni. Korpela vyt\u00e1hla n\u011bkolik p\u011bkn\u00fdch z\u00e1krok\u016f. K\u0159\u00eddeln\u00ed hra se tak\u0159ka vytratila, p\u0159ihr\u00e1vky na paty n\u00e1s je\u0161t\u011b v\u00edce brzdily. Neb\u00fdt n\u011bkolika vla\u017en\u00fdch pr\u016fnik\u016f S\u00f8rensen, nebylo by mo\u017en\u00e9 o na\u0161\u00ed ofenziv\u011b v\u016fbec hovo\u0159it. Ve 29. minut\u011b st\u0159\u00edl\u00ed Harder m\u00ed\u010d do na\u0161\u00ed branky, ale\u00a0 pro ofsajd nebyla branka uznan\u00e1. Na patn\u00e1ct posledn\u00edch minut polo\u010dasu se Everton vzchopil a dostal se trochu v\u00edce do hry (bez v\u00fdsledku). Chelsea odpov\u011bd\u011bla nast\u0159elen\u00fdm b\u0159evnem.<\/p>\n<h4>Druh\u00fd polo\u010das<\/h4>\n<p>vypadal zprvu slibn\u011bji. Za\u010dal napadat Chelsea na jej\u00ed polovin\u011b, p\u0159ihr\u00e1vky se staly smyslupln\u00fdmi a na\u0161e hra se celkov\u011b zrychlila. Emslie si vytvo\u0159ila n\u011bkolik p\u011bkn\u00fdch \u0161anc\u00ed, Raso se vydala na v\u00fdlet a \u0159\u00e1dn\u011b zam\u00edchala obranou Chelsea. Z\u00e1hy si vyslou\u017eila \u017elutou kartu za dr\u017een\u00ed. V 59. minut\u011b st\u0159\u00eddala Magill a na h\u0159i\u0161t\u011b se dostala Gauvin.<\/p>\n<p>O minutu pozd\u011bji p\u0159i\u0161el dal\u0161\u00ed \u00fader: po bili\u00e1rov\u00e9 kombinaci Kerr-Kirby-Harder st\u0159\u00edl\u00ed posledn\u011b jmenovan\u00e1 g\u00f3l &#8211;<strong> 0:2<\/strong>. Gauvin se pokusila odpov\u011bd\u011bt, ale jej\u00ed hlavi\u010dka \u0161la nad b\u0159evno. V 71. minut\u011b odch\u00e1z\u00ed Raso a S\u00f8rensen, na pa\u017eit vyb\u00edh\u00e1 Lehmann a Moe Wold. Pr\u00e1v\u011b norsk\u00e1 reprezentantka za p\u00e1r minut nato doru\u010dila do v\u00e1pna kr\u00e1snou p\u0159ihr\u00e1vku, kterou bohu\u017eel sp\u00e1lila Gauvin. V 79. minut\u011b st\u0159\u00edl\u00ed Kirby nep\u0159esn\u011b a evertonsk\u00e1 obrana p\u0159est\u00e1v\u00e1 hr\u00e1t v dom\u011bn\u00ed, \u017ee o nic nejde. Omyl. Odra\u017een\u00fd m\u00ed\u010d dorazila do s\u00edt\u011b Leuopolz &#8211; <strong>0:3<\/strong>. Pro Leupolz to byla n\u00e1plast na penaltov\u00fd ne\u00fasp\u011bch, ale pro Everton r\u00e1na do vazu. Dal\u0161\u00ed pr\u016fb\u011bh z\u00e1pasu se u\u017e zvrhl jen v obraz modr\u00e9 beznad\u011bje, kde jedin\u00e9 vzru\u0161en\u00ed p\u0159in\u00e1\u0161ela ot\u00e1zka, zda se Chelsea poda\u0159\u00ed st\u0159elit \u010dtvrt\u00fd g\u00f3l. Co\u017e se nakonec nepovedlo.<\/p>\n<h4>Shrnut\u00ed<\/h4>\n<p>Chelsea, asi nejsiln\u011bj\u0161\u00edmu t\u00fdmu ligy jsme \u010delili bez na\u0161\u00ed brank\u00e1\u0159sk\u00e9 jedni\u010dky a bez na\u0161ich skv\u011bl\u00fdch bek\u016f. Korpela chytala excelentn\u011b. Moe Wold se do hry dostala aspo\u0148 z lavi\u010dky (a hned vytvo\u0159ila g\u00f3lovou \u0161anci), ale Turner chyb\u011bla. Raso na m\u00edst\u011b prav\u00e9ho beka sice v obran\u011b vysloven\u011b neho\u0159ela, ale zato chyb\u011bla na k\u0159\u00eddle.<\/p>\n<p>Zde nebyl nikdo, s k\u00fdm by si mohla narazit m\u00ed\u010d. George na lev\u00e9 stran\u011b obrany m\u011bla a\u017e nad hlavu pr\u00e1ce s br\u00e1n\u011bn\u00edm a \u00fatok pr\u00e1v\u011b nepodporovala. Prob\u00edt se p\u0159es st\u0159ed bylo tak\u0159ka nemo\u017en\u00e9, vysok\u00fd pressing Chelsea pro n\u00e1s p\u0159edstavoval ne\u0159e\u0161iteln\u00fd probl\u00e9m. Snad jen Emslie byla jednou z m\u00e1la ochotn\u00fdch riskovat p\u0159ihr\u00e1vku dop\u0159edu a byla asi jedinou re\u00e1lnou hrozbu pro obranu Chelsea.\u00a0 Suma sum\u00e1rum z\u00e1pas op\u011bt uk\u00e1zal, \u017ee na prvn\u00ed t\u0159i a\u017e \u010dty\u0159i t\u00fdmy tabulky zat\u00edm nem\u00e1me. V ned\u011bli 28.3. od 13:30 n\u00e1s \u010dek\u00e1 dom\u00e1c\u00ed z\u00e1pas s Brighton and Hove Albion. Ten nad na\u0161e mo\u017enosti nen\u00ed.\u00a0 Come on, you blue girls!<\/p>\n<p style=\"text-align: right;\"><span style=\"font-size: 8pt;\"><em>Fotografie: Korpela vyr\u00e1\u017e\u00ed penaltu (fotozdroj: Getty Images)<\/em><\/span><\/p>\n<p><strong>Branky:<\/strong> Kirby 13\u00b4, Harder 60\u00b4, Leupolz 79\u00b4<\/p>\n<p><strong>\u017dK: <\/strong>Raso 49\u00b4 &#8211; Leupolz 73\u00b4<\/p>\n<p><strong>Everton (4-2-3-1)<\/strong>: Korpela &#8211; Raso (Lehmann 71\u00b4), Finnigan,\u00a0 Sevecke, George &#8211; S\u00f8rensen (Moe Wold 71\u00b4), Christiansen &#8211; Emslie, Scott, Graham &#8211; Magill (Gauvin 59\u00b4)<\/p>\n<p id=\"K3qS5W\"><strong>Chelsea (4-3-3)<\/strong>: Berger &#8211; Charles, Eriksson, Bright, Andersson (Carter 83\u00b4) &#8211; Kirby (Fleming 83\u00b4), Leupolz, Ji &#8211;\u00a0 Cuthbert, Kerr (Reiten 72\u00b4), Harder<\/p>\n","protected":false},"excerpt":{"rendered":"<p>Na decentn\u011b oho\u0159el\u00fd Walton Hall Park p\u0159icestovaly \u010derstv\u00e9 v\u00edt\u011bzky Conti Cup &#8211; fotbalistky Chelsea. Ve fin\u00e1le ligov\u00e9ho poh\u00e1ru smetly v ned\u011bli Bristol 6:0. \u0160ampa\u0148sk\u00e9 z ned\u011bln\u00edch oslav, na jeho\u017e vliv optimist\u00e9 spol\u00e9hali se z krve Pensioners vypa\u0159ilo bez n\u00e1sledk\u016f. Everton podlehl 0:3.<\/p>\n","protected":false},"author":26,"featured_media":14756,"comment_status":"open","ping_status":"closed","sticky":false,"template":"","format":"standard","meta":{"_eb_attr":"","_monsterinsights_skip_tracking":false,"_monsterinsights_sitenote_active":false,"_monsterinsights_sitenote_note":"","_monsterinsights_sitenote_category":0,"footnotes":""},"categories":[110],"tags":[],"yoast_head":"<!-- This site is optimized with the Yoast SEO plugin v23.4 - https:\/\/yoast.com\/wordpress\/plugins\/seo\/ -->\n<title>Everton W - Chelsea W 0:3 - Official Czech &amp; Slovak Everton Supporters&#039; Club<\/title>\n<meta name=\"robots\" content=\"index, follow, max-snippet:-1, max-image-preview:large, max-video-preview:-1\" \/>\n<link rel=\"canonical\" href=\"https:\/\/evertonfc.cz\/index.php\/2021\/03\/19\/meverton-w-chelsea-w-03\/\" \/>\n<meta property=\"og:locale\" content=\"cs_CZ\" \/>\n<meta property=\"og:type\" content=\"article\" \/>\n<meta property=\"og:title\" content=\"Everton W - Chelsea W 0:3 - Official Czech &amp; Slovak Everton Supporters&#039; Club\" \/>\n<meta property=\"og:description\" content=\"Na decentn\u011b oho\u0159el\u00fd Walton Hall Park p\u0159icestovaly \u010derstv\u00e9 v\u00edt\u011bzky Conti Cup - fotbalistky Chelsea. Ve fin\u00e1le ligov\u00e9ho poh\u00e1ru smetly v ned\u011bli Bristol 6:0. \u0160ampa\u0148sk\u00e9 z ned\u011bln\u00edch oslav, na jeho\u017e vliv optimist\u00e9 spol\u00e9hali se z krve Pensioners vypa\u0159ilo bez n\u00e1sledk\u016f. Everton podlehl 0:3.\" \/>\n<meta property=\"og:url\" content=\"https:\/\/evertonfc.cz\/index.php\/2021\/03\/19\/meverton-w-chelsea-w-03\/\" \/>\n<meta property=\"og:site_name\" content=\"Official Czech &amp; Slovak Everton Supporters&#039; Club\" \/>\n<meta property=\"article:publisher\" content=\"https:\/\/www.facebook.com\/everton.fans.cz.sk\" \/>\n<meta property=\"article:published_time\" content=\"2021-03-19T18:05:40+00:00\" \/>\n<meta property=\"article:modified_time\" content=\"2021-03-21T21:23:12+00:00\" \/>\n<meta property=\"og:image\" content=\"https:\/\/evertonfc.cz\/wp-content\/uploads\/2021\/03\/Korpela-vs-Chelsea-17-3-2021.jpg\" \/>\n\t<meta property=\"og:image:width\" content=\"720\" \/>\n\t<meta property=\"og:image:height\" content=\"405\" \/>\n\t<meta property=\"og:image:type\" content=\"image\/jpeg\" \/>\n<meta name=\"author\" content=\"Karamela\" \/>\n<meta name=\"twitter:card\" content=\"summary_large_image\" \/>\n<meta name=\"twitter:label1\" content=\"Napsal(a)\" \/>\n\t<meta name=\"twitter:data1\" content=\"Karamela\" \/>\n\t<meta name=\"twitter:label2\" content=\"Odhadovan\u00e1 doba \u010dten\u00ed\" \/>\n\t<meta name=\"twitter:data2\" content=\"4 minuty\" \/>\n<script type=\"application\/ld+json\" class=\"yoast-schema-graph\">{\"@context\":\"https:\/\/schema.org\",\"@graph\":[{\"@type\":\"Article\",\"@id\":\"https:\/\/evertonfc.cz\/index.php\/2021\/03\/19\/meverton-w-chelsea-w-03\/#article\",\"isPartOf\":{\"@id\":\"https:\/\/evertonfc.cz\/index.php\/2021\/03\/19\/meverton-w-chelsea-w-03\/\"},\"author\":{\"name\":\"Karamela\",\"@id\":\"https:\/\/evertonfc.cz\/#\/schema\/person\/e9a24a80a32efa1344dd2c4e5882185c\"},\"headline\":\"Everton W &#8211; Chelsea W 0:3\",\"datePublished\":\"2021-03-19T18:05:40+00:00\",\"dateModified\":\"2021-03-21T21:23:12+00:00\",\"mainEntityOfPage\":{\"@id\":\"https:\/\/evertonfc.cz\/index.php\/2021\/03\/19\/meverton-w-chelsea-w-03\/\"},\"wordCount\":928,\"commentCount\":0,\"publisher\":{\"@id\":\"https:\/\/evertonfc.cz\/#organization\"},\"image\":{\"@id\":\"https:\/\/evertonfc.cz\/index.php\/2021\/03\/19\/meverton-w-chelsea-w-03\/#primaryimage\"},\"thumbnailUrl\":\"https:\/\/evertonfc.cz\/wp-content\/uploads\/2021\/03\/Korpela-vs-Chelsea-17-3-2021.jpg\",\"articleSection\":[\"Everton Women\"],\"inLanguage\":\"cs\",\"potentialAction\":[{\"@type\":\"CommentAction\",\"name\":\"Comment\",\"target\":[\"https:\/\/evertonfc.cz\/index.php\/2021\/03\/19\/meverton-w-chelsea-w-03\/#respond\"]}]},{\"@type\":\"WebPage\",\"@id\":\"https:\/\/evertonfc.cz\/index.php\/2021\/03\/19\/meverton-w-chelsea-w-03\/\",\"url\":\"https:\/\/evertonfc.cz\/index.php\/2021\/03\/19\/meverton-w-chelsea-w-03\/\",\"name\":\"Everton W - Chelsea W 0:3 - Official Czech &amp; Slovak Everton Supporters&#039; Club\",\"isPartOf\":{\"@id\":\"https:\/\/evertonfc.cz\/#website\"},\"primaryImageOfPage\":{\"@id\":\"https:\/\/evertonfc.cz\/index.php\/2021\/03\/19\/meverton-w-chelsea-w-03\/#primaryimage\"},\"image\":{\"@id\":\"https:\/\/evertonfc.cz\/index.php\/2021\/03\/19\/meverton-w-chelsea-w-03\/#primaryimage\"},\"thumbnailUrl\":\"https:\/\/evertonfc.cz\/wp-content\/uploads\/2021\/03\/Korpela-vs-Chelsea-17-3-2021.jpg\",\"datePublished\":\"2021-03-19T18:05:40+00:00\",\"dateModified\":\"2021-03-21T21:23:12+00:00\",\"breadcrumb\":{\"@id\":\"https:\/\/evertonfc.cz\/index.php\/2021\/03\/19\/meverton-w-chelsea-w-03\/#breadcrumb\"},\"inLanguage\":\"cs\",\"potentialAction\":[{\"@type\":\"ReadAction\",\"target\":[\"https:\/\/evertonfc.cz\/index.php\/2021\/03\/19\/meverton-w-chelsea-w-03\/\"]}]},{\"@type\":\"ImageObject\",\"inLanguage\":\"cs\",\"@id\":\"https:\/\/evertonfc.cz\/index.php\/2021\/03\/19\/meverton-w-chelsea-w-03\/#primaryimage\",\"url\":\"https:\/\/evertonfc.cz\/wp-content\/uploads\/2021\/03\/Korpela-vs-Chelsea-17-3-2021.jpg\",\"contentUrl\":\"https:\/\/evertonfc.cz\/wp-content\/uploads\/2021\/03\/Korpela-vs-Chelsea-17-3-2021.jpg\",\"width\":720,\"height\":405},{\"@type\":\"BreadcrumbList\",\"@id\":\"https:\/\/evertonfc.cz\/index.php\/2021\/03\/19\/meverton-w-chelsea-w-03\/#breadcrumb\",\"itemListElement\":[{\"@type\":\"ListItem\",\"position\":1,\"name\":\"Home\",\"item\":\"https:\/\/evertonfc.cz\/\"},{\"@type\":\"ListItem\",\"position\":2,\"name\":\"Everton W &#8211; Chelsea W 0:3\"}]},{\"@type\":\"WebSite\",\"@id\":\"https:\/\/evertonfc.cz\/#website\",\"url\":\"https:\/\/evertonfc.cz\/\",\"name\":\"Official Czech &amp; Slovak Everton Supporters&#039; Club\",\"description\":\"\",\"publisher\":{\"@id\":\"https:\/\/evertonfc.cz\/#organization\"},\"potentialAction\":[{\"@type\":\"SearchAction\",\"target\":{\"@type\":\"EntryPoint\",\"urlTemplate\":\"https:\/\/evertonfc.cz\/?s={search_term_string}\"},\"query-input\":{\"@type\":\"PropertyValueSpecification\",\"valueRequired\":true,\"valueName\":\"search_term_string\"}}],\"inLanguage\":\"cs\"},{\"@type\":\"Organization\",\"@id\":\"https:\/\/evertonfc.cz\/#organization\",\"name\":\"Official Czech & Slovak Everton Supporters' Club\",\"url\":\"https:\/\/evertonfc.cz\/\",\"logo\":{\"@type\":\"ImageObject\",\"inLanguage\":\"cs\",\"@id\":\"https:\/\/evertonfc.cz\/#\/schema\/logo\/image\/\",\"url\":\"https:\/\/evertonfc.cz\/wp-content\/uploads\/2019\/05\/logo.png\",\"contentUrl\":\"https:\/\/evertonfc.cz\/wp-content\/uploads\/2019\/05\/logo.png\",\"width\":112,\"height\":112,\"caption\":\"Official Czech & Slovak Everton Supporters' Club\"},\"image\":{\"@id\":\"https:\/\/evertonfc.cz\/#\/schema\/logo\/image\/\"},\"sameAs\":[\"https:\/\/www.facebook.com\/everton.fans.cz.sk\"]},{\"@type\":\"Person\",\"@id\":\"https:\/\/evertonfc.cz\/#\/schema\/person\/e9a24a80a32efa1344dd2c4e5882185c\",\"name\":\"Karamela\",\"url\":\"https:\/\/evertonfc.cz\/index.php\/author\/karamela\/\"}]}<\/script>\n<!-- \/ Yoast SEO plugin. -->","yoast_head_json":{"title":"Everton W - Chelsea W 0:3 - Official Czech &amp; Slovak Everton Supporters&#039; Club","robots":{"index":"index","follow":"follow","max-snippet":"max-snippet:-1","max-image-preview":"max-image-preview:large","max-video-preview":"max-video-preview:-1"},"canonical":"https:\/\/evertonfc.cz\/index.php\/2021\/03\/19\/meverton-w-chelsea-w-03\/","og_locale":"cs_CZ","og_type":"article","og_title":"Everton W - Chelsea W 0:3 - Official Czech &amp; Slovak Everton Supporters&#039; Club","og_description":"Na decentn\u011b oho\u0159el\u00fd Walton Hall Park p\u0159icestovaly \u010derstv\u00e9 v\u00edt\u011bzky Conti Cup - fotbalistky Chelsea. Ve fin\u00e1le ligov\u00e9ho poh\u00e1ru smetly v ned\u011bli Bristol 6:0. \u0160ampa\u0148sk\u00e9 z ned\u011bln\u00edch oslav, na jeho\u017e vliv optimist\u00e9 spol\u00e9hali se z krve Pensioners vypa\u0159ilo bez n\u00e1sledk\u016f. Everton podlehl 0:3.","og_url":"https:\/\/evertonfc.cz\/index.php\/2021\/03\/19\/meverton-w-chelsea-w-03\/","og_site_name":"Official Czech &amp; Slovak Everton Supporters&#039; Club","article_publisher":"https:\/\/www.facebook.com\/everton.fans.cz.sk","article_published_time":"2021-03-19T18:05:40+00:00","article_modified_time":"2021-03-21T21:23:12+00:00","og_image":[{"width":720,"height":405,"url":"https:\/\/evertonfc.cz\/wp-content\/uploads\/2021\/03\/Korpela-vs-Chelsea-17-3-2021.jpg","type":"image\/jpeg"}],"author":"Karamela","twitter_card":"summary_large_image","twitter_misc":{"Napsal(a)":"Karamela","Odhadovan\u00e1 doba \u010dten\u00ed":"4 minuty"},"schema":{"@context":"https:\/\/schema.org","@graph":[{"@type":"Article","@id":"https:\/\/evertonfc.cz\/index.php\/2021\/03\/19\/meverton-w-chelsea-w-03\/#article","isPartOf":{"@id":"https:\/\/evertonfc.cz\/index.php\/2021\/03\/19\/meverton-w-chelsea-w-03\/"},"author":{"name":"Karamela","@id":"https:\/\/evertonfc.cz\/#\/schema\/person\/e9a24a80a32efa1344dd2c4e5882185c"},"headline":"Everton W &#8211; Chelsea W 0:3","datePublished":"2021-03-19T18:05:40+00:00","dateModified":"2021-03-21T21:23:12+00:00","mainEntityOfPage":{"@id":"https:\/\/evertonfc.cz\/index.php\/2021\/03\/19\/meverton-w-chelsea-w-03\/"},"wordCount":928,"commentCount":0,"publisher":{"@id":"https:\/\/evertonfc.cz\/#organization"},"image":{"@id":"https:\/\/evertonfc.cz\/index.php\/2021\/03\/19\/meverton-w-chelsea-w-03\/#primaryimage"},"thumbnailUrl":"https:\/\/evertonfc.cz\/wp-content\/uploads\/2021\/03\/Korpela-vs-Chelsea-17-3-2021.jpg","articleSection":["Everton Women"],"inLanguage":"cs","potentialAction":[{"@type":"CommentAction","name":"Comment","target":["https:\/\/evertonfc.cz\/index.php\/2021\/03\/19\/meverton-w-chelsea-w-03\/#respond"]}]},{"@type":"WebPage","@id":"https:\/\/evertonfc.cz\/index.php\/2021\/03\/19\/meverton-w-chelsea-w-03\/","url":"https:\/\/evertonfc.cz\/index.php\/2021\/03\/19\/meverton-w-chelsea-w-03\/","name":"Everton W - Chelsea W 0:3 - Official Czech &amp; Slovak Everton Supporters&#039; Club","isPartOf":{"@id":"https:\/\/evertonfc.cz\/#website"},"primaryImageOfPage":{"@id":"https:\/\/evertonfc.cz\/index.php\/2021\/03\/19\/meverton-w-chelsea-w-03\/#primaryimage"},"image":{"@id":"https:\/\/evertonfc.cz\/index.php\/2021\/03\/19\/meverton-w-chelsea-w-03\/#primaryimage"},"thumbnailUrl":"https:\/\/evertonfc.cz\/wp-content\/uploads\/2021\/03\/Korpela-vs-Chelsea-17-3-2021.jpg","datePublished":"2021-03-19T18:05:40+00:00","dateModified":"2021-03-21T21:23:12+00:00","breadcrumb":{"@id":"https:\/\/evertonfc.cz\/index.php\/2021\/03\/19\/meverton-w-chelsea-w-03\/#breadcrumb"},"inLanguage":"cs","potentialAction":[{"@type":"ReadAction","target":["https:\/\/evertonfc.cz\/index.php\/2021\/03\/19\/meverton-w-chelsea-w-03\/"]}]},{"@type":"ImageObject","inLanguage":"cs","@id":"https:\/\/evertonfc.cz\/index.php\/2021\/03\/19\/meverton-w-chelsea-w-03\/#primaryimage","url":"https:\/\/evertonfc.cz\/wp-content\/uploads\/2021\/03\/Korpela-vs-Chelsea-17-3-2021.jpg","contentUrl":"https:\/\/evertonfc.cz\/wp-content\/uploads\/2021\/03\/Korpela-vs-Chelsea-17-3-2021.jpg","width":720,"height":405},{"@type":"BreadcrumbList","@id":"https:\/\/evertonfc.cz\/index.php\/2021\/03\/19\/meverton-w-chelsea-w-03\/#breadcrumb","itemListElement":[{"@type":"ListItem","position":1,"name":"Home","item":"https:\/\/evertonfc.cz\/"},{"@type":"ListItem","position":2,"name":"Everton W &#8211; Chelsea W 0:3"}]},{"@type":"WebSite","@id":"https:\/\/evertonfc.cz\/#website","url":"https:\/\/evertonfc.cz\/","name":"Official Czech &amp; Slovak Everton Supporters&#039; Club","description":"","publisher":{"@id":"https:\/\/evertonfc.cz\/#organization"},"potentialAction":[{"@type":"SearchAction","target":{"@type":"EntryPoint","urlTemplate":"https:\/\/evertonfc.cz\/?s={search_term_string}"},"query-input":{"@type":"PropertyValueSpecification","valueRequired":true,"valueName":"search_term_string"}}],"inLanguage":"cs"},{"@type":"Organization","@id":"https:\/\/evertonfc.cz\/#organization","name":"Official Czech & Slovak Everton Supporters' Club","url":"https:\/\/evertonfc.cz\/","logo":{"@type":"ImageObject","inLanguage":"cs","@id":"https:\/\/evertonfc.cz\/#\/schema\/logo\/image\/","url":"https:\/\/evertonfc.cz\/wp-content\/uploads\/2019\/05\/logo.png","contentUrl":"https:\/\/evertonfc.cz\/wp-content\/uploads\/2019\/05\/logo.png","width":112,"height":112,"caption":"Official Czech & Slovak Everton Supporters' Club"},"image":{"@id":"https:\/\/evertonfc.cz\/#\/schema\/logo\/image\/"},"sameAs":["https:\/\/www.facebook.com\/everton.fans.cz.sk"]},{"@type":"Person","@id":"https:\/\/evertonfc.cz\/#\/schema\/person\/e9a24a80a32efa1344dd2c4e5882185c","name":"Karamela","url":"https:\/\/evertonfc.cz\/index.php\/author\/karamela\/"}]}},"_links":{"self":[{"href":"https:\/\/evertonfc.cz\/index.php\/wp-json\/wp\/v2\/posts\/14727"}],"collection":[{"href":"https:\/\/evertonfc.cz\/index.php\/wp-json\/wp\/v2\/posts"}],"about":[{"href":"https:\/\/evertonfc.cz\/index.php\/wp-json\/wp\/v2\/types\/post"}],"author":[{"embeddable":true,"href":"https:\/\/evertonfc.cz\/index.php\/wp-json\/wp\/v2\/users\/26"}],"replies":[{"embeddable":true,"href":"https:\/\/evertonfc.cz\/index.php\/wp-json\/wp\/v2\/comments?post=14727"}],"version-history":[{"count":16,"href":"https:\/\/evertonfc.cz\/index.php\/wp-json\/wp\/v2\/posts\/14727\/revisions"}],"predecessor-version":[{"id":14798,"href":"https:\/\/evertonfc.cz\/index.php\/wp-json\/wp\/v2\/posts\/14727\/revisions\/14798"}],"wp:featuredmedia":[{"embeddable":true,"href":"https:\/\/evertonfc.cz\/index.php\/wp-json\/wp\/v2\/media\/14756"}],"wp:attachment":[{"href":"https:\/\/evertonfc.cz\/index.php\/wp-json\/wp\/v2\/media?parent=14727"}],"wp:term":[{"taxonomy":"category","embeddable":true,"href":"https:\/\/evertonfc.cz\/index.php\/wp-json\/wp\/v2\/categories?post=14727"},{"taxonomy":"post_tag","embeddable":true,"href":"https:\/\/evertonfc.cz\/index.php\/wp-json\/wp\/v2\/tags?post=14727"}],"curies":[{"name":"wp","href":"https:\/\/api.w.org\/{rel}","templated":true}]}}