{"id":14732,"date":"2021-03-19T11:20:23","date_gmt":"2021-03-19T10:20:23","guid":{"rendered":"https:\/\/evertonfc.cz\/?p=14732"},"modified":"2021-03-19T11:20:23","modified_gmt":"2021-03-19T10:20:23","slug":"davies-chcel-odist-hostovat","status":"publish","type":"post","link":"https:\/\/evertonfc.cz\/index.php\/2021\/03\/19\/davies-chcel-odist-hostovat\/","title":{"rendered":"Davies chcel od\u00eds\u0165 hos\u0165ova\u0165"},"content":{"rendered":"<h4>Dvadsa\u0165dvaro\u010dn\u00fd z\u00e1lo\u017en\u00edk a\u00a0odchovanec klubu chcel po\u010das leta od\u00eds\u0165 na hos\u0165ovanie pre zv\u00fd\u0161en\u00fa konkurenciu v\u00a0strede po\u013ea. Len\u017ee Ancelotti zasiahol a\u00a0Toma presved\u010dil osta\u0165.<\/h4>\n<p>Davies to prezradil v z\u00e1pasovom programe pred sobotn\u00fdm poh\u00e1rov\u00fdm stretnut\u00edm s Manchesterom City. Pr\u00e1ve konverz\u00e1cia s ostrie\u013ean\u00fdm talianskym strat\u00e9gom pred za\u010diatkom sez\u00f3ny ho prin\u00fatila prehodnoti\u0165 svoje pl\u00e1ny a napokon osta\u0165 v Goodison Parku. Doposia\u013e v tomto ro\u010dn\u00edku nast\u00fapil v lige osemn\u00e1s\u0165kr\u00e1t, prip\u00edsal si jednu asistenciu a proti man\u0161aftu Pepa Guardiolu si m\u00f4\u017ee prip\u00edsa\u0165 svoj st\u00fd \u0161tart za Everton.<\/p>\n<p>Pr\u00e1ve pr\u00edchody Abdoulaya Doucour\u00e9ho a\u00a0Allana vzbudili v\u00a0mladom z\u00e1lo\u017en\u00edkovi pocity zbyto\u010dnosti, a\u00a0najbli\u017e\u0161iu bud\u00facnos\u0165 v\u00a0klube spojen\u00fa s\u00a0vysed\u00e1van\u00edm na lavi\u010dke. Z\u00e1ujem \u00fadajne prejavili Southampton a Newcastle United. Don Carlo v\u0161ak presved\u010dil Daviesa o\u00a0jeho platnosti pre t\u00edm.<\/p>\n<p>Jeho dostato\u010dn\u00e9 vyu\u017eitie sa odzrkadlilo hne\u010f v \u00favode sez\u00f3ny, ke\u010f zaskakoval za zranen\u00e9ho Allana v z\u00e1pase s Brightonom. V decembri op\u00e4\u0165 pri\u0161la mo\u017enos\u0165 zaskakova\u0165 za Braz\u00edl\u010dana a roden\u00fd Liverpool\u010dan nesklamal. Minul\u00fd mesiac tie\u017e pomohol pri v\u00fdhrach nad Tottenhamom a Liverpoolom. Jeho sebavedomie vraj nie v\u017edy bolo na spr\u00e1vnom mieste, ale jemn\u00e9 vedenie od Ancelottiho mu pomohlo.<\/p>\n<h4>Tom Davies:<\/h4>\n<blockquote><p><span style=\"font-size: 12pt;\"><em>\u201eV jednej chv\u00edli som chcel \u00eds\u0165 na hos\u0165ovanie. St\u00e1le sa vyv\u00edjam a nechcelo sa mi rok iba tr\u00e9nova\u0165 a sedie\u0165 na lavi\u010dke. Chcem nabra\u0165 sk\u00fasenos\u0165 hran\u00edm z\u00e1pasov. Ke\u010f som pred rokom hovoril, \u017ee sa chcem nau\u010di\u0165 ako diktova\u0165 hru, nedosiahnem to t\u00fdm, \u017ee budem ka\u017ed\u00fd de\u0148 len poctivo tr\u00e9nova\u0165.\u201c<\/em><\/span><\/p>\n<p><span style=\"font-size: 12pt;\"><em>\u201eMus\u00edm by\u0165 v situ\u00e1cii, ke\u010f hr\u00e1m, diktujem tempo a sna\u017e\u00edm sa tomu porozumie\u0165. I\u0161iel som za mana\u017e\u00e9rom a ten ma uistil, \u017ee ak budem tvrdo pracova\u0165 a pokra\u010dova\u0165 v tom, \u010do som robil, bud\u00fa sa mi naskytova\u0165 pr\u00edle\u017eitosti. Pod\u013ea neho by bolo lep\u0161ie zosta\u0165 a pom\u00f4c\u0165 mu\u017estvu, dobre tr\u00e9nova\u0165 a tak sa zlep\u0161ova\u0165. Po\u010du\u0165 to od neho ma uistilo, \u017ee som potrebn\u00fd, a tie dve nov\u00e9 posily ma nevytla\u010dia.\u201c<\/em><\/span><\/p>\n<p><span style=\"font-size: 12pt;\"><em>\u201eKeby to bol ktoko\u013evek in\u00fd ako Carlo Ancelotti, mo\u017eno by som k\u00a0odchodu tla\u010dil viac. Za\u0165al by som sa a\u00a0povedal, \u017ee chcem \u00eds\u0165 pre\u010d a\u00a0uk\u00e1za\u0165 mu, ak\u00fd som dobr\u00fd. Ale mana\u017e\u00e9r bol skvel\u00fd. Vedel som, \u017ee si bude st\u00e1\u0165 za svojim slovom, a tak si ho v\u00e1\u017eim. Presadil som sa, ako som to v\u017edy robil, v\u0161etko spr\u00e1vne s\u00e1m. Zosilnel som, zv\u00fd\u0161il svoju kond\u00edciu a tvrd\u0161ie som pracoval na tr\u00e9ningu.\u201c <\/em><\/span><\/p>\n<p><span style=\"font-size: 12pt;\"><em>\u201ePovedal mi, aby som zjednodu\u0161il hru, a neskuto\u010dne to funguje. Ve\u013emi mi pomohol s pozi\u010dnou hrou a menej dotykmi. Mus\u00edm vedie\u0165 \u010do robi\u0165, k\u00fdm mi lopta doraz\u00ed k noh\u00e1m. Pripomenul mi, \u017ee to je moja \u00faloha. Pomohlo mi to vr\u00e1ti\u0165 sa, kde som bol. Chce, aby som hral dopredu a rozb\u00edjal l\u00ednie prihr\u00e1vkami. Ale nem\u00e1m zbyto\u010dne plytva\u0165 dr\u017ean\u00edm lopty a riskova\u0165 prihr\u00e1vky, ktor\u00e9 sa nikam nedostan\u00fa.\u201c<\/em><\/span><\/p>\n<p style=\"text-align: left;\"><span style=\"font-size: 12pt;\"><em>\u201eAk prihr\u00e1vka dopredu nie je mo\u017en\u00e1, existuj\u00fa sp\u00f4soby, ako n\u00e1js\u0165 miesta na ihrisku, odkia\u013e to mo\u017en\u00e9 bude. Alebo, ak urob\u00edm menej dotykov, m\u00f4\u017eem sa tam dosta\u0165 r\u00fdchlej\u0161ie. Predt\u00fdm som mo\u017eno tieto veci nezachyt\u00e1val. Je to to, \u010do chcem robi\u0165 a kde ma Everton potrebuje ako hr\u00e1\u010da. Vy\u010dnievam proti \u0161pi\u010dkov\u00fdm t\u00edmom, \u010fal\u0161\u00edm krokom je pod\u00e1va\u0165 tak\u00fd v\u00fdkon a ovl\u00e1da\u0165 hru z\u00e1pas \u010do z\u00e1pas.\u201c<\/em><\/span><\/p>\n<\/blockquote>\n<p style=\"text-align: right;\"><span style=\"font-size: 8pt;\">(fotozdroj: Peter Powell &#8211; Pool)<\/span><\/p>\n","protected":false},"excerpt":{"rendered":"<p>Dvadsa\u0165dvaro\u010dn\u00fd z\u00e1lo\u017en\u00edk a\u00a0odchovanec klubu chcel po\u010das leta od\u00eds\u0165 na hos\u0165ovanie pre zv\u00fd\u0161en\u00fa konkurenciu v\u00a0strede po\u013ea. Len\u017ee Ancelotti zasiahol a\u00a0Toma presved\u010dil osta\u0165.<\/p>\n","protected":false},"author":1,"featured_media":14733,"comment_status":"open","ping_status":"closed","sticky":false,"template":"","format":"standard","meta":{"_eb_attr":"","_monsterinsights_skip_tracking":false,"_monsterinsights_sitenote_active":false,"_monsterinsights_sitenote_note":"","_monsterinsights_sitenote_category":0,"footnotes":""},"categories":[42],"tags":[],"yoast_head":"<!-- This site is optimized with the Yoast SEO plugin v23.4 - https:\/\/yoast.com\/wordpress\/plugins\/seo\/ -->\n<title>Davies chcel od\u00eds\u0165 hos\u0165ova\u0165 - Official Czech &amp; Slovak Everton Supporters&#039; Club<\/title>\n<meta name=\"robots\" content=\"index, follow, max-snippet:-1, max-image-preview:large, max-video-preview:-1\" \/>\n<link rel=\"canonical\" href=\"https:\/\/evertonfc.cz\/index.php\/2021\/03\/19\/davies-chcel-odist-hostovat\/\" \/>\n<meta property=\"og:locale\" content=\"cs_CZ\" \/>\n<meta property=\"og:type\" content=\"article\" \/>\n<meta property=\"og:title\" content=\"Davies chcel od\u00eds\u0165 hos\u0165ova\u0165 - Official Czech &amp; Slovak Everton Supporters&#039; Club\" \/>\n<meta property=\"og:description\" content=\"Dvadsa\u0165dvaro\u010dn\u00fd z\u00e1lo\u017en\u00edk a\u00a0odchovanec klubu chcel po\u010das leta od\u00eds\u0165 na hos\u0165ovanie pre zv\u00fd\u0161en\u00fa konkurenciu v\u00a0strede po\u013ea. Len\u017ee Ancelotti zasiahol a\u00a0Toma presved\u010dil osta\u0165.\" \/>\n<meta property=\"og:url\" content=\"https:\/\/evertonfc.cz\/index.php\/2021\/03\/19\/davies-chcel-odist-hostovat\/\" \/>\n<meta property=\"og:site_name\" content=\"Official Czech &amp; Slovak Everton Supporters&#039; Club\" \/>\n<meta property=\"article:publisher\" content=\"https:\/\/www.facebook.com\/everton.fans.cz.sk\" \/>\n<meta property=\"article:published_time\" content=\"2021-03-19T10:20:23+00:00\" \/>\n<meta property=\"og:image\" content=\"https:\/\/evertonfc.cz\/wp-content\/uploads\/2021\/03\/Tom-Davies-VS-Salford-LC-by-Peter-Powell-Pool.jpg\" \/>\n\t<meta property=\"og:image:width\" content=\"720\" \/>\n\t<meta property=\"og:image:height\" content=\"405\" \/>\n\t<meta property=\"og:image:type\" content=\"image\/jpeg\" \/>\n<meta name=\"author\" content=\"BlueBlooded\" \/>\n<meta name=\"twitter:card\" content=\"summary_large_image\" \/>\n<meta name=\"twitter:label1\" content=\"Napsal(a)\" \/>\n\t<meta name=\"twitter:data1\" content=\"BlueBlooded\" \/>\n\t<meta name=\"twitter:label2\" content=\"Odhadovan\u00e1 doba \u010dten\u00ed\" \/>\n\t<meta name=\"twitter:data2\" content=\"3 minuty\" \/>\n<script type=\"application\/ld+json\" class=\"yoast-schema-graph\">{\"@context\":\"https:\/\/schema.org\",\"@graph\":[{\"@type\":\"Article\",\"@id\":\"https:\/\/evertonfc.cz\/index.php\/2021\/03\/19\/davies-chcel-odist-hostovat\/#article\",\"isPartOf\":{\"@id\":\"https:\/\/evertonfc.cz\/index.php\/2021\/03\/19\/davies-chcel-odist-hostovat\/\"},\"author\":{\"name\":\"BlueBlooded\",\"@id\":\"https:\/\/evertonfc.cz\/#\/schema\/person\/d4493b8cbea51532597fbc4685698916\"},\"headline\":\"Davies chcel od\u00eds\u0165 hos\u0165ova\u0165\",\"datePublished\":\"2021-03-19T10:20:23+00:00\",\"dateModified\":\"2021-03-19T10:20:23+00:00\",\"mainEntityOfPage\":{\"@id\":\"https:\/\/evertonfc.cz\/index.php\/2021\/03\/19\/davies-chcel-odist-hostovat\/\"},\"wordCount\":656,\"commentCount\":1,\"publisher\":{\"@id\":\"https:\/\/evertonfc.cz\/#organization\"},\"image\":{\"@id\":\"https:\/\/evertonfc.cz\/index.php\/2021\/03\/19\/davies-chcel-odist-hostovat\/#primaryimage\"},\"thumbnailUrl\":\"https:\/\/evertonfc.cz\/wp-content\/uploads\/2021\/03\/Tom-Davies-VS-Salford-LC-by-Peter-Powell-Pool.jpg\",\"articleSection\":[\"Aktuality\"],\"inLanguage\":\"cs\",\"potentialAction\":[{\"@type\":\"CommentAction\",\"name\":\"Comment\",\"target\":[\"https:\/\/evertonfc.cz\/index.php\/2021\/03\/19\/davies-chcel-odist-hostovat\/#respond\"]}]},{\"@type\":\"WebPage\",\"@id\":\"https:\/\/evertonfc.cz\/index.php\/2021\/03\/19\/davies-chcel-odist-hostovat\/\",\"url\":\"https:\/\/evertonfc.cz\/index.php\/2021\/03\/19\/davies-chcel-odist-hostovat\/\",\"name\":\"Davies chcel od\u00eds\u0165 hos\u0165ova\u0165 - Official Czech &amp; Slovak Everton Supporters&#039; Club\",\"isPartOf\":{\"@id\":\"https:\/\/evertonfc.cz\/#website\"},\"primaryImageOfPage\":{\"@id\":\"https:\/\/evertonfc.cz\/index.php\/2021\/03\/19\/davies-chcel-odist-hostovat\/#primaryimage\"},\"image\":{\"@id\":\"https:\/\/evertonfc.cz\/index.php\/2021\/03\/19\/davies-chcel-odist-hostovat\/#primaryimage\"},\"thumbnailUrl\":\"https:\/\/evertonfc.cz\/wp-content\/uploads\/2021\/03\/Tom-Davies-VS-Salford-LC-by-Peter-Powell-Pool.jpg\",\"datePublished\":\"2021-03-19T10:20:23+00:00\",\"dateModified\":\"2021-03-19T10:20:23+00:00\",\"breadcrumb\":{\"@id\":\"https:\/\/evertonfc.cz\/index.php\/2021\/03\/19\/davies-chcel-odist-hostovat\/#breadcrumb\"},\"inLanguage\":\"cs\",\"potentialAction\":[{\"@type\":\"ReadAction\",\"target\":[\"https:\/\/evertonfc.cz\/index.php\/2021\/03\/19\/davies-chcel-odist-hostovat\/\"]}]},{\"@type\":\"ImageObject\",\"inLanguage\":\"cs\",\"@id\":\"https:\/\/evertonfc.cz\/index.php\/2021\/03\/19\/davies-chcel-odist-hostovat\/#primaryimage\",\"url\":\"https:\/\/evertonfc.cz\/wp-content\/uploads\/2021\/03\/Tom-Davies-VS-Salford-LC-by-Peter-Powell-Pool.jpg\",\"contentUrl\":\"https:\/\/evertonfc.cz\/wp-content\/uploads\/2021\/03\/Tom-Davies-VS-Salford-LC-by-Peter-Powell-Pool.jpg\",\"width\":720,\"height\":405},{\"@type\":\"BreadcrumbList\",\"@id\":\"https:\/\/evertonfc.cz\/index.php\/2021\/03\/19\/davies-chcel-odist-hostovat\/#breadcrumb\",\"itemListElement\":[{\"@type\":\"ListItem\",\"position\":1,\"name\":\"Home\",\"item\":\"https:\/\/evertonfc.cz\/\"},{\"@type\":\"ListItem\",\"position\":2,\"name\":\"Davies chcel od\u00eds\u0165 hos\u0165ova\u0165\"}]},{\"@type\":\"WebSite\",\"@id\":\"https:\/\/evertonfc.cz\/#website\",\"url\":\"https:\/\/evertonfc.cz\/\",\"name\":\"Official Czech &amp; Slovak Everton Supporters&#039; Club\",\"description\":\"\",\"publisher\":{\"@id\":\"https:\/\/evertonfc.cz\/#organization\"},\"potentialAction\":[{\"@type\":\"SearchAction\",\"target\":{\"@type\":\"EntryPoint\",\"urlTemplate\":\"https:\/\/evertonfc.cz\/?s={search_term_string}\"},\"query-input\":{\"@type\":\"PropertyValueSpecification\",\"valueRequired\":true,\"valueName\":\"search_term_string\"}}],\"inLanguage\":\"cs\"},{\"@type\":\"Organization\",\"@id\":\"https:\/\/evertonfc.cz\/#organization\",\"name\":\"Official Czech & Slovak Everton Supporters' Club\",\"url\":\"https:\/\/evertonfc.cz\/\",\"logo\":{\"@type\":\"ImageObject\",\"inLanguage\":\"cs\",\"@id\":\"https:\/\/evertonfc.cz\/#\/schema\/logo\/image\/\",\"url\":\"https:\/\/evertonfc.cz\/wp-content\/uploads\/2019\/05\/logo.png\",\"contentUrl\":\"https:\/\/evertonfc.cz\/wp-content\/uploads\/2019\/05\/logo.png\",\"width\":112,\"height\":112,\"caption\":\"Official Czech & Slovak Everton Supporters' Club\"},\"image\":{\"@id\":\"https:\/\/evertonfc.cz\/#\/schema\/logo\/image\/\"},\"sameAs\":[\"https:\/\/www.facebook.com\/everton.fans.cz.sk\"]},{\"@type\":\"Person\",\"@id\":\"https:\/\/evertonfc.cz\/#\/schema\/person\/d4493b8cbea51532597fbc4685698916\",\"name\":\"BlueBlooded\",\"url\":\"https:\/\/evertonfc.cz\/index.php\/author\/admin\/\"}]}<\/script>\n<!-- \/ Yoast SEO plugin. -->","yoast_head_json":{"title":"Davies chcel od\u00eds\u0165 hos\u0165ova\u0165 - Official Czech &amp; Slovak Everton Supporters&#039; Club","robots":{"index":"index","follow":"follow","max-snippet":"max-snippet:-1","max-image-preview":"max-image-preview:large","max-video-preview":"max-video-preview:-1"},"canonical":"https:\/\/evertonfc.cz\/index.php\/2021\/03\/19\/davies-chcel-odist-hostovat\/","og_locale":"cs_CZ","og_type":"article","og_title":"Davies chcel od\u00eds\u0165 hos\u0165ova\u0165 - Official Czech &amp; Slovak Everton Supporters&#039; Club","og_description":"Dvadsa\u0165dvaro\u010dn\u00fd z\u00e1lo\u017en\u00edk a\u00a0odchovanec klubu chcel po\u010das leta od\u00eds\u0165 na hos\u0165ovanie pre zv\u00fd\u0161en\u00fa konkurenciu v\u00a0strede po\u013ea. Len\u017ee Ancelotti zasiahol a\u00a0Toma presved\u010dil osta\u0165.","og_url":"https:\/\/evertonfc.cz\/index.php\/2021\/03\/19\/davies-chcel-odist-hostovat\/","og_site_name":"Official Czech &amp; Slovak Everton Supporters&#039; Club","article_publisher":"https:\/\/www.facebook.com\/everton.fans.cz.sk","article_published_time":"2021-03-19T10:20:23+00:00","og_image":[{"width":720,"height":405,"url":"https:\/\/evertonfc.cz\/wp-content\/uploads\/2021\/03\/Tom-Davies-VS-Salford-LC-by-Peter-Powell-Pool.jpg","type":"image\/jpeg"}],"author":"BlueBlooded","twitter_card":"summary_large_image","twitter_misc":{"Napsal(a)":"BlueBlooded","Odhadovan\u00e1 doba \u010dten\u00ed":"3 minuty"},"schema":{"@context":"https:\/\/schema.org","@graph":[{"@type":"Article","@id":"https:\/\/evertonfc.cz\/index.php\/2021\/03\/19\/davies-chcel-odist-hostovat\/#article","isPartOf":{"@id":"https:\/\/evertonfc.cz\/index.php\/2021\/03\/19\/davies-chcel-odist-hostovat\/"},"author":{"name":"BlueBlooded","@id":"https:\/\/evertonfc.cz\/#\/schema\/person\/d4493b8cbea51532597fbc4685698916"},"headline":"Davies chcel od\u00eds\u0165 hos\u0165ova\u0165","datePublished":"2021-03-19T10:20:23+00:00","dateModified":"2021-03-19T10:20:23+00:00","mainEntityOfPage":{"@id":"https:\/\/evertonfc.cz\/index.php\/2021\/03\/19\/davies-chcel-odist-hostovat\/"},"wordCount":656,"commentCount":1,"publisher":{"@id":"https:\/\/evertonfc.cz\/#organization"},"image":{"@id":"https:\/\/evertonfc.cz\/index.php\/2021\/03\/19\/davies-chcel-odist-hostovat\/#primaryimage"},"thumbnailUrl":"https:\/\/evertonfc.cz\/wp-content\/uploads\/2021\/03\/Tom-Davies-VS-Salford-LC-by-Peter-Powell-Pool.jpg","articleSection":["Aktuality"],"inLanguage":"cs","potentialAction":[{"@type":"CommentAction","name":"Comment","target":["https:\/\/evertonfc.cz\/index.php\/2021\/03\/19\/davies-chcel-odist-hostovat\/#respond"]}]},{"@type":"WebPage","@id":"https:\/\/evertonfc.cz\/index.php\/2021\/03\/19\/davies-chcel-odist-hostovat\/","url":"https:\/\/evertonfc.cz\/index.php\/2021\/03\/19\/davies-chcel-odist-hostovat\/","name":"Davies chcel od\u00eds\u0165 hos\u0165ova\u0165 - Official Czech &amp; Slovak Everton Supporters&#039; Club","isPartOf":{"@id":"https:\/\/evertonfc.cz\/#website"},"primaryImageOfPage":{"@id":"https:\/\/evertonfc.cz\/index.php\/2021\/03\/19\/davies-chcel-odist-hostovat\/#primaryimage"},"image":{"@id":"https:\/\/evertonfc.cz\/index.php\/2021\/03\/19\/davies-chcel-odist-hostovat\/#primaryimage"},"thumbnailUrl":"https:\/\/evertonfc.cz\/wp-content\/uploads\/2021\/03\/Tom-Davies-VS-Salford-LC-by-Peter-Powell-Pool.jpg","datePublished":"2021-03-19T10:20:23+00:00","dateModified":"2021-03-19T10:20:23+00:00","breadcrumb":{"@id":"https:\/\/evertonfc.cz\/index.php\/2021\/03\/19\/davies-chcel-odist-hostovat\/#breadcrumb"},"inLanguage":"cs","potentialAction":[{"@type":"ReadAction","target":["https:\/\/evertonfc.cz\/index.php\/2021\/03\/19\/davies-chcel-odist-hostovat\/"]}]},{"@type":"ImageObject","inLanguage":"cs","@id":"https:\/\/evertonfc.cz\/index.php\/2021\/03\/19\/davies-chcel-odist-hostovat\/#primaryimage","url":"https:\/\/evertonfc.cz\/wp-content\/uploads\/2021\/03\/Tom-Davies-VS-Salford-LC-by-Peter-Powell-Pool.jpg","contentUrl":"https:\/\/evertonfc.cz\/wp-content\/uploads\/2021\/03\/Tom-Davies-VS-Salford-LC-by-Peter-Powell-Pool.jpg","width":720,"height":405},{"@type":"BreadcrumbList","@id":"https:\/\/evertonfc.cz\/index.php\/2021\/03\/19\/davies-chcel-odist-hostovat\/#breadcrumb","itemListElement":[{"@type":"ListItem","position":1,"name":"Home","item":"https:\/\/evertonfc.cz\/"},{"@type":"ListItem","position":2,"name":"Davies chcel od\u00eds\u0165 hos\u0165ova\u0165"}]},{"@type":"WebSite","@id":"https:\/\/evertonfc.cz\/#website","url":"https:\/\/evertonfc.cz\/","name":"Official Czech &amp; Slovak Everton Supporters&#039; Club","description":"","publisher":{"@id":"https:\/\/evertonfc.cz\/#organization"},"potentialAction":[{"@type":"SearchAction","target":{"@type":"EntryPoint","urlTemplate":"https:\/\/evertonfc.cz\/?s={search_term_string}"},"query-input":{"@type":"PropertyValueSpecification","valueRequired":true,"valueName":"search_term_string"}}],"inLanguage":"cs"},{"@type":"Organization","@id":"https:\/\/evertonfc.cz\/#organization","name":"Official Czech & Slovak Everton Supporters' Club","url":"https:\/\/evertonfc.cz\/","logo":{"@type":"ImageObject","inLanguage":"cs","@id":"https:\/\/evertonfc.cz\/#\/schema\/logo\/image\/","url":"https:\/\/evertonfc.cz\/wp-content\/uploads\/2019\/05\/logo.png","contentUrl":"https:\/\/evertonfc.cz\/wp-content\/uploads\/2019\/05\/logo.png","width":112,"height":112,"caption":"Official Czech & Slovak Everton Supporters' Club"},"image":{"@id":"https:\/\/evertonfc.cz\/#\/schema\/logo\/image\/"},"sameAs":["https:\/\/www.facebook.com\/everton.fans.cz.sk"]},{"@type":"Person","@id":"https:\/\/evertonfc.cz\/#\/schema\/person\/d4493b8cbea51532597fbc4685698916","name":"BlueBlooded","url":"https:\/\/evertonfc.cz\/index.php\/author\/admin\/"}]}},"_links":{"self":[{"href":"https:\/\/evertonfc.cz\/index.php\/wp-json\/wp\/v2\/posts\/14732"}],"collection":[{"href":"https:\/\/evertonfc.cz\/index.php\/wp-json\/wp\/v2\/posts"}],"about":[{"href":"https:\/\/evertonfc.cz\/index.php\/wp-json\/wp\/v2\/types\/post"}],"author":[{"embeddable":true,"href":"https:\/\/evertonfc.cz\/index.php\/wp-json\/wp\/v2\/users\/1"}],"replies":[{"embeddable":true,"href":"https:\/\/evertonfc.cz\/index.php\/wp-json\/wp\/v2\/comments?post=14732"}],"version-history":[{"count":12,"href":"https:\/\/evertonfc.cz\/index.php\/wp-json\/wp\/v2\/posts\/14732\/revisions"}],"predecessor-version":[{"id":14745,"href":"https:\/\/evertonfc.cz\/index.php\/wp-json\/wp\/v2\/posts\/14732\/revisions\/14745"}],"wp:featuredmedia":[{"embeddable":true,"href":"https:\/\/evertonfc.cz\/index.php\/wp-json\/wp\/v2\/media\/14733"}],"wp:attachment":[{"href":"https:\/\/evertonfc.cz\/index.php\/wp-json\/wp\/v2\/media?parent=14732"}],"wp:term":[{"taxonomy":"category","embeddable":true,"href":"https:\/\/evertonfc.cz\/index.php\/wp-json\/wp\/v2\/categories?post=14732"},{"taxonomy":"post_tag","embeddable":true,"href":"https:\/\/evertonfc.cz\/index.php\/wp-json\/wp\/v2\/tags?post=14732"}],"curies":[{"name":"wp","href":"https:\/\/api.w.org\/{rel}","templated":true}]}}