{"id":14761,"date":"2021-03-20T13:59:18","date_gmt":"2021-03-20T12:59:18","guid":{"rendered":"https:\/\/evertonfc.cz\/?p=14761"},"modified":"2021-04-20T09:18:41","modified_gmt":"2021-04-20T07:18:41","slug":"fa-cup-preview-everton-manchester-city","status":"publish","type":"post","link":"https:\/\/evertonfc.cz\/index.php\/2021\/03\/20\/fa-cup-preview-everton-manchester-city\/","title":{"rendered":"FA Cup Preview: Everton \u2013 Manchester City"},"content":{"rendered":"<h4>S nad\u011bj\u00ed a tak\u00e9 trochu s obavou vyhl\u00ed\u017eej\u00ed v\u0161ichni Evertonians dne\u0161n\u00ed d\u016fle\u017eit\u00fd z\u00e1pas. S nad\u011bj\u00ed, \u017ee tato sez\u00f3na bude po letech ta v\u00fdjime\u010dn\u00e1. S obavou, proto\u017ee v cest\u011b stoj\u00ed soupe\u0159 a\u017e imperi\u00e1ln\u00edch rozm\u011br\u016f.<\/h4>\n<p>Ne, nem\u00e1m City nijak v oblib\u011b. Pro v\u0161echno, co p\u0159edstavuj\u00ed v modern\u00edm fotbale. Nebyli zdaleka prvn\u00ed, ani nedr\u017e\u00ed \u017e\u00e1dn\u00e9 rekordn\u00ed n\u00e1kupy. Ale jejich mo\u017enosti jsou, zd\u00e1 se, neomezen\u00e9.<\/p>\n<p>U\u017e jen fakt, \u017ee aktu\u00e1ln\u011b nen\u00ed na jejich marodce nikdo. Samoz\u0159ejm\u011b, v\u00a0ofenz\u00edv\u011b maj\u00ed tolik hr\u00e1\u010d\u016f, kte\u0159\u00ed by jinde dr\u017eeli status superstar, no na Etihad Stadium se jejich z\u00e1\u0159 sl\u00e9v\u00e1 v\u00a0mocn\u00fd paprsek s\u00edly nejm\u00e9n\u011b jedn\u00e9 hv\u011bzdy smrti. Mohou se tedy snadno zastupovat.<\/p>\n<p>Sou\u010dasn\u011b i v obran\u011b je t\u011b\u017ek\u00e9 hledat n\u011bjak\u00e9 slabiny a ani se ned\u00e1 p\u0159edpokl\u00e1dat, \u017ee by Guardiola n\u011bco podcenil. Ned\u00e1 se ani o\u010dek\u00e1vat, \u017ee by kv\u016fli Evertonu m\u011bnil obvykl\u00e9 hern\u00ed pojet\u00ed. Po vzoru prohry Citizens v ned\u00e1vn\u00e9m derby by cesta mohla v\u00e9st p\u0159es dlouh\u00e9 m\u00ed\u010de za obranu. Toffees u\u017e v sez\u00f3n\u011b n\u011bkolikr\u00e1t uk\u00e1zali, \u017ee se dok\u00e1\u017eou proti favorizovan\u00e9mu soupe\u0159i semknout do neproniknuteln\u00e9ho bloku.<\/p>\n<h4>V\u00a0dom\u00e1c\u00edm t\u00e1bo\u0159e<\/h4>\n<p>Everton m\u00e1 sv\u00e9 zn\u00e1m\u00e9 probl\u00e9my. Vrtkav\u00fd osud ale neust\u00e1v\u00e1 a klade nov\u00e9 v\u00fdzvy. Nevinn\u011b vypadaj\u00edc\u00ed z\u00e1krok, hop a m\u00e1me tu ne\u010dekanou p\u0159\u00edle\u017eitost pro t\u0159et\u00edho brank\u00e1\u0159e Jo\u00e3a Virginiu. P\u0159ed n\u00edm stoj\u00ed nejv\u011bt\u0161\u00ed v\u00fdzva jeho kari\u00e9ry. Portugalsk\u00fd mlad\u00edk m\u011bl minulou sez\u00f3nu rozvinout sv\u016fj potenci\u00e1l na hostov\u00e1n\u00ed v\u00a0Readingu, ale po slab\u0161\u00edm za\u010d\u00e1tku nedostal u\u017e p\u0159\u00edle\u017eitost. P\u0159ejeme hodn\u011b \u0161t\u011bst\u00ed, aby udr\u017eel svou nepr\u016fst\u0159elnost, kterou dr\u017e\u00ed v\u00a0brance prvn\u00edho t\u00fdmu.<\/p>\n<p>James Rodriguez st\u00e1le nen\u00ed stoprocentn\u011b fit, aby mohl nastoupit. Gbamina u\u017e dokonce n\u011bkdo zahl\u00e9dl s m\u00ed\u010dem. Z p\u0159edchoz\u00edho vypl\u00fdv\u00e1, resp. asi je v\u0161em zn\u00e1me, \u017ee oba senior brank\u00e1\u0159i jsou mimo. No a pak tak\u00e9 bude chyb\u011bt s velk\u00fdm Ch i Abdulouye Doucour\u00e9. N\u00e1hrada se nab\u00edz\u00ed v podob\u011b uzdraven\u00e9ho Allana spolu s Tomem Daviesem. Ten uk\u00e1zal, \u017ee dok\u00e1\u017ee rozd\u00e1vat dobr\u00e9 p\u0159ihr\u00e1vky za obranu. Pro m\u011b jist\u011bj\u0161\u00ed varianta ne\u017e t\u00e1paj\u00edc\u00ed Andr\u00e9 Gomes. Na experimenty v podob\u011b vyta\u017een\u00ed jednoho z dua Holgate\/Godfrey na pozici defenzivn\u00edho \u0161t\u00edtu nen\u00ed \u010das.<\/p>\n<p>N\u011bkter\u00e9 posty se tedy zapl\u0148uj\u00ed t\u00e9m\u011b\u0159 automaticky. P\u0159esto z\u016fst\u00e1vaj\u00ed je\u0161t\u011b n\u011bjak\u00e9 otazn\u00edky. \u010cek\u00e1me, zda by mohl prapor n\u00e9st kapit\u00e1n Coleman, dvojice wingback\u016f vypad\u00e1 na pap\u00ed\u0159e nebezpe\u010dn\u011bji ne\u017e na\u0161e k\u0159\u00eddla Iwobi a Bernard. Do st\u0159edu obrany se vrac\u00ed Yerry Mina.<\/p>\n<h4>Pohled do minulosti<\/h4>\n<p>Everton, jak zn\u00e1mo, m\u00e1 bohatou historii v FA Cupu. Vedle 5 v\u00fdher a k tomu 8 fin\u00e1lov\u00fdch \u00fa\u010dast\u00ed se 13kr\u00e1t probojoval do semifin\u00e1le. Naposledy to bylo v roce 2016, kdy\u017e Lukaku bo\u017esky odrovnal Chelsea. Pak ale n\u00e1sledovala 4 such\u00e1 l\u00e9ta. Te\u010f jsme op\u011bt ve \u010dtvrtfin\u00e1le a je to u\u017e 46. \u00fa\u010dast. Dosavadn\u00ed \u00fasp\u011b\u0161nost je nadpolovi\u010dn\u00ed, 26:19 pro cestu d\u00e1l. Lukakovu z\u00e1pisu do historie p\u0159edch\u00e1zely prohry s Arsenalem (2014) a Wiganem (2013), ale je\u0161t\u011b p\u0159ed nimi \u00fasp\u011b\u0161n\u00e9 \u010dtvrtfin\u00e1le se Sunderlandem (2012) a Middlesbrough (2009). City m\u00e1me co vracet za vy\u0159azen\u00ed ve \u010dtvrtfin\u00e1le 1981, v opakovan\u00e9m z\u00e1pase jsme podlehli 3:1.<\/p>\n<p>Stejn\u011b skon\u010dil posledn\u00ed vz\u00e1jemn\u00fd z\u00e1pas p\u0159ed m\u011bs\u00edcem. Aktu\u00e1ln\u011b jsme s nimi prohr\u00e1li u\u017e 6 z\u00e1pas\u016f v \u0159ad\u011b. Posledn\u00ed v\u00fdhru z ledna 2017 \u2013 4:0, kdy u kormidla st\u00e1l sou\u010dasn\u00fd barcelonsk\u00fd lodivod, je velkou inspirac\u00ed, hodnou zopakov\u00e1n\u00ed!<\/p>\n<p style=\"text-align: right;\"><span style=\"font-size: 8pt;\">(foto zdroj: <a style=\"outline: 0px;\" href=\"https:\/\/www.thefa.com\/news\/2016\/mar\/12\/everton-v-chelsea-emirates-fa-cup-match-report\">thefa.com<\/a>)<\/span><\/p>\n<p><strong>Co<\/strong>: \u010dtvrtfin\u00e1le The Emirates FA Cupu<br \/>\n<strong>Kdy<\/strong>: 20.3. 2021, od 18:30<br \/>\n<strong>Jak<\/strong>: od 18:25 na stanici Digi Sport 1<br \/>\n<strong>Kde<\/strong>: Goodison Park,\u00a0Goodison Road,\u00a0Liverpool,\u00a0L4 4EL (bez div\u00e1k\u016f)<br \/>\n<strong>Rozhod\u010d\u00ed<\/strong>: Michael Oliver <strong>Postrann\u00ed rozhod\u010d\u00ed<\/strong>: Lee Betts, Sian Masseyov\u00e1-Ellisov\u00e1<br \/>\n<strong>\u010ctvrt\u00fd rozhod\u010d\u00ed<\/strong>: Michael Dean <strong>VAR<\/strong>: Andre Marriner <strong>Asistent VAR<\/strong>: Adrian Holmes<\/p>\n","protected":false},"excerpt":{"rendered":"<p>S nad\u011bj\u00ed a tak\u00e9 trochu s obavou vyhl\u00ed\u017eej\u00ed v\u0161ichni Evertonians dne\u0161n\u00ed d\u016fle\u017eit\u00fd z\u00e1pas. S nad\u011bj\u00ed, \u017ee tato sez\u00f3na bude po letech ta v\u00fdjime\u010dn\u00e1. S obavou, proto\u017ee v cest\u011b stoj\u00ed soupe\u0159 a\u017e imperi\u00e1ln\u00edch rozm\u011br\u016f.<\/p>\n","protected":false},"author":10,"featured_media":13482,"comment_status":"open","ping_status":"closed","sticky":false,"template":"","format":"standard","meta":{"_eb_attr":"","_monsterinsights_skip_tracking":false,"_monsterinsights_sitenote_active":false,"_monsterinsights_sitenote_note":"","_monsterinsights_sitenote_category":0,"footnotes":""},"categories":[4],"tags":[],"yoast_head":"<!-- This site is optimized with the Yoast SEO plugin v23.4 - https:\/\/yoast.com\/wordpress\/plugins\/seo\/ -->\n<title>FA Cup Preview: Everton \u2013 Manchester City - Official Czech &amp; Slovak Everton Supporters&#039; Club<\/title>\n<meta name=\"robots\" content=\"index, follow, max-snippet:-1, max-image-preview:large, max-video-preview:-1\" \/>\n<link rel=\"canonical\" href=\"https:\/\/evertonfc.cz\/index.php\/2021\/03\/20\/fa-cup-preview-everton-manchester-city\/\" \/>\n<meta property=\"og:locale\" content=\"cs_CZ\" \/>\n<meta property=\"og:type\" content=\"article\" \/>\n<meta property=\"og:title\" content=\"FA Cup Preview: Everton \u2013 Manchester City - Official Czech &amp; Slovak Everton Supporters&#039; Club\" \/>\n<meta property=\"og:description\" content=\"S nad\u011bj\u00ed a tak\u00e9 trochu s obavou vyhl\u00ed\u017eej\u00ed v\u0161ichni Evertonians dne\u0161n\u00ed d\u016fle\u017eit\u00fd z\u00e1pas. S nad\u011bj\u00ed, \u017ee tato sez\u00f3na bude po letech ta v\u00fdjime\u010dn\u00e1. S obavou, proto\u017ee v cest\u011b stoj\u00ed soupe\u0159 a\u017e imperi\u00e1ln\u00edch rozm\u011br\u016f.\" \/>\n<meta property=\"og:url\" content=\"https:\/\/evertonfc.cz\/index.php\/2021\/03\/20\/fa-cup-preview-everton-manchester-city\/\" \/>\n<meta property=\"og:site_name\" content=\"Official Czech &amp; Slovak Everton Supporters&#039; Club\" \/>\n<meta property=\"article:publisher\" content=\"https:\/\/www.facebook.com\/everton.fans.cz.sk\" \/>\n<meta property=\"article:published_time\" content=\"2021-03-20T12:59:18+00:00\" \/>\n<meta property=\"article:modified_time\" content=\"2021-04-20T07:18:41+00:00\" \/>\n<meta property=\"og:image\" content=\"https:\/\/evertonfc.cz\/wp-content\/uploads\/2021\/01\/Everton-VS-Manchester-City.jpg\" \/>\n\t<meta property=\"og:image:width\" content=\"720\" \/>\n\t<meta property=\"og:image:height\" content=\"405\" \/>\n\t<meta property=\"og:image:type\" content=\"image\/jpeg\" \/>\n<meta name=\"author\" content=\"Fip\" \/>\n<meta name=\"twitter:card\" content=\"summary_large_image\" \/>\n<meta name=\"twitter:label1\" content=\"Napsal(a)\" \/>\n\t<meta name=\"twitter:data1\" content=\"Fip\" \/>\n\t<meta name=\"twitter:label2\" content=\"Odhadovan\u00e1 doba \u010dten\u00ed\" \/>\n\t<meta name=\"twitter:data2\" content=\"3 minuty\" \/>\n<script type=\"application\/ld+json\" class=\"yoast-schema-graph\">{\"@context\":\"https:\/\/schema.org\",\"@graph\":[{\"@type\":\"Article\",\"@id\":\"https:\/\/evertonfc.cz\/index.php\/2021\/03\/20\/fa-cup-preview-everton-manchester-city\/#article\",\"isPartOf\":{\"@id\":\"https:\/\/evertonfc.cz\/index.php\/2021\/03\/20\/fa-cup-preview-everton-manchester-city\/\"},\"author\":{\"name\":\"Fip\",\"@id\":\"https:\/\/evertonfc.cz\/#\/schema\/person\/35904009755e8eaa0dc1a5f5f0419002\"},\"headline\":\"FA Cup Preview: Everton \u2013 Manchester City\",\"datePublished\":\"2021-03-20T12:59:18+00:00\",\"dateModified\":\"2021-04-20T07:18:41+00:00\",\"mainEntityOfPage\":{\"@id\":\"https:\/\/evertonfc.cz\/index.php\/2021\/03\/20\/fa-cup-preview-everton-manchester-city\/\"},\"wordCount\":714,\"commentCount\":3,\"publisher\":{\"@id\":\"https:\/\/evertonfc.cz\/#organization\"},\"image\":{\"@id\":\"https:\/\/evertonfc.cz\/index.php\/2021\/03\/20\/fa-cup-preview-everton-manchester-city\/#primaryimage\"},\"thumbnailUrl\":\"https:\/\/evertonfc.cz\/wp-content\/uploads\/2021\/01\/Everton-VS-Manchester-City.jpg\",\"articleSection\":[\"Z\u00e1pasy\"],\"inLanguage\":\"cs\",\"potentialAction\":[{\"@type\":\"CommentAction\",\"name\":\"Comment\",\"target\":[\"https:\/\/evertonfc.cz\/index.php\/2021\/03\/20\/fa-cup-preview-everton-manchester-city\/#respond\"]}]},{\"@type\":\"WebPage\",\"@id\":\"https:\/\/evertonfc.cz\/index.php\/2021\/03\/20\/fa-cup-preview-everton-manchester-city\/\",\"url\":\"https:\/\/evertonfc.cz\/index.php\/2021\/03\/20\/fa-cup-preview-everton-manchester-city\/\",\"name\":\"FA Cup Preview: Everton \u2013 Manchester City - Official Czech &amp; Slovak Everton Supporters&#039; Club\",\"isPartOf\":{\"@id\":\"https:\/\/evertonfc.cz\/#website\"},\"primaryImageOfPage\":{\"@id\":\"https:\/\/evertonfc.cz\/index.php\/2021\/03\/20\/fa-cup-preview-everton-manchester-city\/#primaryimage\"},\"image\":{\"@id\":\"https:\/\/evertonfc.cz\/index.php\/2021\/03\/20\/fa-cup-preview-everton-manchester-city\/#primaryimage\"},\"thumbnailUrl\":\"https:\/\/evertonfc.cz\/wp-content\/uploads\/2021\/01\/Everton-VS-Manchester-City.jpg\",\"datePublished\":\"2021-03-20T12:59:18+00:00\",\"dateModified\":\"2021-04-20T07:18:41+00:00\",\"breadcrumb\":{\"@id\":\"https:\/\/evertonfc.cz\/index.php\/2021\/03\/20\/fa-cup-preview-everton-manchester-city\/#breadcrumb\"},\"inLanguage\":\"cs\",\"potentialAction\":[{\"@type\":\"ReadAction\",\"target\":[\"https:\/\/evertonfc.cz\/index.php\/2021\/03\/20\/fa-cup-preview-everton-manchester-city\/\"]}]},{\"@type\":\"ImageObject\",\"inLanguage\":\"cs\",\"@id\":\"https:\/\/evertonfc.cz\/index.php\/2021\/03\/20\/fa-cup-preview-everton-manchester-city\/#primaryimage\",\"url\":\"https:\/\/evertonfc.cz\/wp-content\/uploads\/2021\/01\/Everton-VS-Manchester-City.jpg\",\"contentUrl\":\"https:\/\/evertonfc.cz\/wp-content\/uploads\/2021\/01\/Everton-VS-Manchester-City.jpg\",\"width\":720,\"height\":405},{\"@type\":\"BreadcrumbList\",\"@id\":\"https:\/\/evertonfc.cz\/index.php\/2021\/03\/20\/fa-cup-preview-everton-manchester-city\/#breadcrumb\",\"itemListElement\":[{\"@type\":\"ListItem\",\"position\":1,\"name\":\"Home\",\"item\":\"https:\/\/evertonfc.cz\/\"},{\"@type\":\"ListItem\",\"position\":2,\"name\":\"FA Cup Preview: Everton \u2013 Manchester City\"}]},{\"@type\":\"WebSite\",\"@id\":\"https:\/\/evertonfc.cz\/#website\",\"url\":\"https:\/\/evertonfc.cz\/\",\"name\":\"Official Czech &amp; Slovak Everton Supporters&#039; Club\",\"description\":\"\",\"publisher\":{\"@id\":\"https:\/\/evertonfc.cz\/#organization\"},\"potentialAction\":[{\"@type\":\"SearchAction\",\"target\":{\"@type\":\"EntryPoint\",\"urlTemplate\":\"https:\/\/evertonfc.cz\/?s={search_term_string}\"},\"query-input\":{\"@type\":\"PropertyValueSpecification\",\"valueRequired\":true,\"valueName\":\"search_term_string\"}}],\"inLanguage\":\"cs\"},{\"@type\":\"Organization\",\"@id\":\"https:\/\/evertonfc.cz\/#organization\",\"name\":\"Official Czech & Slovak Everton Supporters' Club\",\"url\":\"https:\/\/evertonfc.cz\/\",\"logo\":{\"@type\":\"ImageObject\",\"inLanguage\":\"cs\",\"@id\":\"https:\/\/evertonfc.cz\/#\/schema\/logo\/image\/\",\"url\":\"https:\/\/evertonfc.cz\/wp-content\/uploads\/2019\/05\/logo.png\",\"contentUrl\":\"https:\/\/evertonfc.cz\/wp-content\/uploads\/2019\/05\/logo.png\",\"width\":112,\"height\":112,\"caption\":\"Official Czech & Slovak Everton Supporters' Club\"},\"image\":{\"@id\":\"https:\/\/evertonfc.cz\/#\/schema\/logo\/image\/\"},\"sameAs\":[\"https:\/\/www.facebook.com\/everton.fans.cz.sk\"]},{\"@type\":\"Person\",\"@id\":\"https:\/\/evertonfc.cz\/#\/schema\/person\/35904009755e8eaa0dc1a5f5f0419002\",\"name\":\"Fip\",\"url\":\"https:\/\/evertonfc.cz\/index.php\/author\/fip\/\"}]}<\/script>\n<!-- \/ Yoast SEO plugin. -->","yoast_head_json":{"title":"FA Cup Preview: Everton \u2013 Manchester City - Official Czech &amp; Slovak Everton Supporters&#039; Club","robots":{"index":"index","follow":"follow","max-snippet":"max-snippet:-1","max-image-preview":"max-image-preview:large","max-video-preview":"max-video-preview:-1"},"canonical":"https:\/\/evertonfc.cz\/index.php\/2021\/03\/20\/fa-cup-preview-everton-manchester-city\/","og_locale":"cs_CZ","og_type":"article","og_title":"FA Cup Preview: Everton \u2013 Manchester City - Official Czech &amp; Slovak Everton Supporters&#039; Club","og_description":"S nad\u011bj\u00ed a tak\u00e9 trochu s obavou vyhl\u00ed\u017eej\u00ed v\u0161ichni Evertonians dne\u0161n\u00ed d\u016fle\u017eit\u00fd z\u00e1pas. S nad\u011bj\u00ed, \u017ee tato sez\u00f3na bude po letech ta v\u00fdjime\u010dn\u00e1. S obavou, proto\u017ee v cest\u011b stoj\u00ed soupe\u0159 a\u017e imperi\u00e1ln\u00edch rozm\u011br\u016f.","og_url":"https:\/\/evertonfc.cz\/index.php\/2021\/03\/20\/fa-cup-preview-everton-manchester-city\/","og_site_name":"Official Czech &amp; Slovak Everton Supporters&#039; Club","article_publisher":"https:\/\/www.facebook.com\/everton.fans.cz.sk","article_published_time":"2021-03-20T12:59:18+00:00","article_modified_time":"2021-04-20T07:18:41+00:00","og_image":[{"width":720,"height":405,"url":"https:\/\/evertonfc.cz\/wp-content\/uploads\/2021\/01\/Everton-VS-Manchester-City.jpg","type":"image\/jpeg"}],"author":"Fip","twitter_card":"summary_large_image","twitter_misc":{"Napsal(a)":"Fip","Odhadovan\u00e1 doba \u010dten\u00ed":"3 minuty"},"schema":{"@context":"https:\/\/schema.org","@graph":[{"@type":"Article","@id":"https:\/\/evertonfc.cz\/index.php\/2021\/03\/20\/fa-cup-preview-everton-manchester-city\/#article","isPartOf":{"@id":"https:\/\/evertonfc.cz\/index.php\/2021\/03\/20\/fa-cup-preview-everton-manchester-city\/"},"author":{"name":"Fip","@id":"https:\/\/evertonfc.cz\/#\/schema\/person\/35904009755e8eaa0dc1a5f5f0419002"},"headline":"FA Cup Preview: Everton \u2013 Manchester City","datePublished":"2021-03-20T12:59:18+00:00","dateModified":"2021-04-20T07:18:41+00:00","mainEntityOfPage":{"@id":"https:\/\/evertonfc.cz\/index.php\/2021\/03\/20\/fa-cup-preview-everton-manchester-city\/"},"wordCount":714,"commentCount":3,"publisher":{"@id":"https:\/\/evertonfc.cz\/#organization"},"image":{"@id":"https:\/\/evertonfc.cz\/index.php\/2021\/03\/20\/fa-cup-preview-everton-manchester-city\/#primaryimage"},"thumbnailUrl":"https:\/\/evertonfc.cz\/wp-content\/uploads\/2021\/01\/Everton-VS-Manchester-City.jpg","articleSection":["Z\u00e1pasy"],"inLanguage":"cs","potentialAction":[{"@type":"CommentAction","name":"Comment","target":["https:\/\/evertonfc.cz\/index.php\/2021\/03\/20\/fa-cup-preview-everton-manchester-city\/#respond"]}]},{"@type":"WebPage","@id":"https:\/\/evertonfc.cz\/index.php\/2021\/03\/20\/fa-cup-preview-everton-manchester-city\/","url":"https:\/\/evertonfc.cz\/index.php\/2021\/03\/20\/fa-cup-preview-everton-manchester-city\/","name":"FA Cup Preview: Everton \u2013 Manchester City - Official Czech &amp; Slovak Everton Supporters&#039; Club","isPartOf":{"@id":"https:\/\/evertonfc.cz\/#website"},"primaryImageOfPage":{"@id":"https:\/\/evertonfc.cz\/index.php\/2021\/03\/20\/fa-cup-preview-everton-manchester-city\/#primaryimage"},"image":{"@id":"https:\/\/evertonfc.cz\/index.php\/2021\/03\/20\/fa-cup-preview-everton-manchester-city\/#primaryimage"},"thumbnailUrl":"https:\/\/evertonfc.cz\/wp-content\/uploads\/2021\/01\/Everton-VS-Manchester-City.jpg","datePublished":"2021-03-20T12:59:18+00:00","dateModified":"2021-04-20T07:18:41+00:00","breadcrumb":{"@id":"https:\/\/evertonfc.cz\/index.php\/2021\/03\/20\/fa-cup-preview-everton-manchester-city\/#breadcrumb"},"inLanguage":"cs","potentialAction":[{"@type":"ReadAction","target":["https:\/\/evertonfc.cz\/index.php\/2021\/03\/20\/fa-cup-preview-everton-manchester-city\/"]}]},{"@type":"ImageObject","inLanguage":"cs","@id":"https:\/\/evertonfc.cz\/index.php\/2021\/03\/20\/fa-cup-preview-everton-manchester-city\/#primaryimage","url":"https:\/\/evertonfc.cz\/wp-content\/uploads\/2021\/01\/Everton-VS-Manchester-City.jpg","contentUrl":"https:\/\/evertonfc.cz\/wp-content\/uploads\/2021\/01\/Everton-VS-Manchester-City.jpg","width":720,"height":405},{"@type":"BreadcrumbList","@id":"https:\/\/evertonfc.cz\/index.php\/2021\/03\/20\/fa-cup-preview-everton-manchester-city\/#breadcrumb","itemListElement":[{"@type":"ListItem","position":1,"name":"Home","item":"https:\/\/evertonfc.cz\/"},{"@type":"ListItem","position":2,"name":"FA Cup Preview: Everton \u2013 Manchester City"}]},{"@type":"WebSite","@id":"https:\/\/evertonfc.cz\/#website","url":"https:\/\/evertonfc.cz\/","name":"Official Czech &amp; Slovak Everton Supporters&#039; Club","description":"","publisher":{"@id":"https:\/\/evertonfc.cz\/#organization"},"potentialAction":[{"@type":"SearchAction","target":{"@type":"EntryPoint","urlTemplate":"https:\/\/evertonfc.cz\/?s={search_term_string}"},"query-input":{"@type":"PropertyValueSpecification","valueRequired":true,"valueName":"search_term_string"}}],"inLanguage":"cs"},{"@type":"Organization","@id":"https:\/\/evertonfc.cz\/#organization","name":"Official Czech & Slovak Everton Supporters' Club","url":"https:\/\/evertonfc.cz\/","logo":{"@type":"ImageObject","inLanguage":"cs","@id":"https:\/\/evertonfc.cz\/#\/schema\/logo\/image\/","url":"https:\/\/evertonfc.cz\/wp-content\/uploads\/2019\/05\/logo.png","contentUrl":"https:\/\/evertonfc.cz\/wp-content\/uploads\/2019\/05\/logo.png","width":112,"height":112,"caption":"Official Czech & Slovak Everton Supporters' Club"},"image":{"@id":"https:\/\/evertonfc.cz\/#\/schema\/logo\/image\/"},"sameAs":["https:\/\/www.facebook.com\/everton.fans.cz.sk"]},{"@type":"Person","@id":"https:\/\/evertonfc.cz\/#\/schema\/person\/35904009755e8eaa0dc1a5f5f0419002","name":"Fip","url":"https:\/\/evertonfc.cz\/index.php\/author\/fip\/"}]}},"_links":{"self":[{"href":"https:\/\/evertonfc.cz\/index.php\/wp-json\/wp\/v2\/posts\/14761"}],"collection":[{"href":"https:\/\/evertonfc.cz\/index.php\/wp-json\/wp\/v2\/posts"}],"about":[{"href":"https:\/\/evertonfc.cz\/index.php\/wp-json\/wp\/v2\/types\/post"}],"author":[{"embeddable":true,"href":"https:\/\/evertonfc.cz\/index.php\/wp-json\/wp\/v2\/users\/10"}],"replies":[{"embeddable":true,"href":"https:\/\/evertonfc.cz\/index.php\/wp-json\/wp\/v2\/comments?post=14761"}],"version-history":[{"count":10,"href":"https:\/\/evertonfc.cz\/index.php\/wp-json\/wp\/v2\/posts\/14761\/revisions"}],"predecessor-version":[{"id":14772,"href":"https:\/\/evertonfc.cz\/index.php\/wp-json\/wp\/v2\/posts\/14761\/revisions\/14772"}],"wp:featuredmedia":[{"embeddable":true,"href":"https:\/\/evertonfc.cz\/index.php\/wp-json\/wp\/v2\/media\/13482"}],"wp:attachment":[{"href":"https:\/\/evertonfc.cz\/index.php\/wp-json\/wp\/v2\/media?parent=14761"}],"wp:term":[{"taxonomy":"category","embeddable":true,"href":"https:\/\/evertonfc.cz\/index.php\/wp-json\/wp\/v2\/categories?post=14761"},{"taxonomy":"post_tag","embeddable":true,"href":"https:\/\/evertonfc.cz\/index.php\/wp-json\/wp\/v2\/tags?post=14761"}],"curies":[{"name":"wp","href":"https:\/\/api.w.org\/{rel}","templated":true}]}}