{"id":14775,"date":"2021-03-21T14:06:29","date_gmt":"2021-03-21T13:06:29","guid":{"rendered":"https:\/\/evertonfc.cz\/?p=14775"},"modified":"2021-03-21T17:50:11","modified_gmt":"2021-03-21T16:50:11","slug":"everton-manchester-city-02-3","status":"publish","type":"post","link":"https:\/\/evertonfc.cz\/index.php\/2021\/03\/21\/everton-manchester-city-02-3\/","title":{"rendered":"Everton \u2013 Manchester City 0:2"},"content":{"rendered":"<h4>Ani bezchybn\u00fd v\u00fdkon nesta\u010dil na najlep\u0161\u00ed t\u00edm v krajine, zhodnotil Ancelotti. A m\u00e1 pravdu. Lebo hoc bez ch\u00fdb br\u00e1nime, z\u010faleka nie sme kompletn\u00e9 mu\u017estvo v \u00fatoku.<\/h4>\n<p>Narukova\u0165 do stretnutia tak\u00e9hoto rangu s vidinou \u00faspechu len na b\u00e1ze dobrej defenz\u00edvy je ako \u0161plha\u0165 po lane bez r\u00fak. Ale to nie je kritika. Len re\u00e1lne zhodnotenie \u0161anc\u00ed The Toffees, ktor\u00e9 som im s\u0165a pozorn\u00fd obdivovate\u013e d\u00e1val pred t\u00fdmto \u0161tvr\u0165fin\u00e1le. C\u00edtim sklamanie? Nie, pre istotu som zbyto\u010dne nenadch\u00fdnal. Karty sa rozdali u\u017e v prvom ligovom dueli, ktor\u00fd n\u00e1m jasne uk\u00e1zal, \u010do bud\u00facnos\u0165 prinesie.<\/p>\n<p>N\u00e1m fan\u00fa\u0161ikom m\u00f4\u017ee prinies\u0165 len v\u00e4\u010d\u0161\u00ed pokrok. Mal\u00fd sa u\u017e dostavil, to vid\u00edme v tabu\u013eke. A razantnej\u0161\u00ed rozpozn\u00e1me, ke\u010f sa budeme m\u00f4c\u0165 odhodla\u0165 aj k \u00fatoku na s\u00fapera tohto cvengu, a na\u0161e ojedinel\u00e9 \u00falety na jeho polovicu tr\u00e1vnika nebud\u00fa preva\u017ene znamena\u0165 iba chv\u00ed\u013ekov\u00fa \u00fa\u013eavu od neprestajn\u00e9ho dikt\u00e1tu, smeruj\u00faceho k nevyhnutn\u00e9mu koncu &#8211; ortie\u013eu prehry, vypadnutia, \u0161portov\u00e9ho ne\u00faspechu.<\/p>\n<h4><strong>Bigger Better Stronger<\/strong><\/h4>\n<p>Po kopanci od Burnley spravil Ancelotti v z\u00e1kladnej zostave proti, dovol\u00edm si poveda\u0165 bud\u00facemu majstrovi \u0161tyri zmeny. Virg\u00ednia zast\u00fapil v br\u00e1ne zranen\u00fa seniorsk\u00fa dvojicu Pickford\/Olsen, Yerry Mina vystriedal Keanea (pod\u013ea Carla pre v\u00e4\u010d\u0161iu agresivitu), \u010falej sa do p\u00e4\u0165\u010dlennej obrany vr\u00e1til Coleman a Sigurdsson nahradil Daviesa v z\u00e1lo\u017enej trojici. Iwobi sa ocitol na lavi\u010dke tie\u017e, a to spolo\u010dnosti u\u017e len mlad\u0161\u00edch ro\u010dn\u00edkov z akad\u00e9mie.<\/p>\n<p>Pep Guardiola rotoval viac, hlavne kv\u00f4li povinnostiam v Lige majstrov, ktor\u00e9 si cez t\u00fd\u017ede\u0148 s M\u00f6nchengladbachom splnili. Celkovo \u0161es\u0165 zmien sa v\u0161ak nijak\u00fdm sp\u00f4sobom neprejavilo na ich v\u00fdkonnosti, s\u00fahre a dominancii. Z ich drsnej lavice n\u00e1hradn\u00edkov by sa toti\u017e bezprobl\u00e9movo poskladal jeden a najm\u00e4 lep\u0161\u00ed Everton.<\/p>\n<p>T\u00e1to te\u00f3ria sa po\u010das oboch pol\u010dasov pretavila do praxe a div\u00e1ci pri obrazovk\u00e1ch preto sledovali stereotypn\u00fd priebeh z\u00e1pasu, v pomere 26 ku 74 v dr\u017ean\u00ed lopty. V tej prvej \u0161tyridsa\u0165p\u00e4\u0165min\u00fatovke si hostia v\u010faka zodpovednej a pozornej obrane nemohli ni\u010d dovoli\u0165 a pravdepodobne najlep\u0161iu \u0161ancu mali Karamelky, ke\u010f Mina hlavi\u010dkou po rohovom kope mohol vlni\u0165 sie\u0165, neby\u0165 tvrdohlav\u00e9ho Zinchenka na br\u00e1nkovej \u010diare.<\/p>\n<h4><strong>Glory In Slaughter<\/strong><\/h4>\n<p>Druh\u00e9 dejstvo predstavovalo viac pr\u00e1ce pre mlad\u00e9ho Virg\u00edniu v br\u00e1ne. A nutno uzna\u0165, \u017ee po\u010d\u00ednal si veru nadmieru dobre. Obzvl\u00e1\u0161\u0165 pri strele z prvej nabiehaj\u00faceho Sterlinga vo v\u00e1pne, ktor\u00fa koncami prstov vytla\u010dil von. Na dor\u00e1\u017eky v\u0161ak b\u00fdva bez \u0161\u0165astia kr\u00e1tka v\u00e4\u010d\u0161ina brank\u00e1rov. A na jednu tak\u00fa sme nedok\u00e1zali reagova\u0165 po akcii, ktor\u00fa zalo\u017eil stop\u00e9r Laporte. Ten s\u00e1m neatakovan\u00fd vyviezol loptu takmer a\u017e do \u0161estn\u00e1stky, kde sa s\u00e1m zapojil do \u00fatoku, aby po ne\u00faspechu De Bruyneho zakon\u010dil akciu obstrelom ponad brank\u00e1ra.<\/p>\n<p>Jeho pokus prava\u010dkou vytla\u010dil n\u00e1\u0161 Jo\u00e3o <del>len<\/del> na brvno, a na odraz najlep\u0161ie, hlavne pozi\u010dne, reagoval G\u00fcndo\u011fan ryby\u010dkuj\u00faci loptu do br\u00e1ny. D\u00e1 sa nie\u010do vy\u010d\u00edta\u0165? Iste\u017ee. Gomes ostal hypnotizovan\u00fd pohybom lopty, a ani si nev\u0161imol, ako sa popred neho do mal\u00e9ho v\u00e1pna li\u0161iacky \u0161pac\u00edruje rod\u00e1k z Gelsenkirchenu. No \u0161anca, \u017ee by stihol Nemcovi zabr\u00e1ni\u0165 interferova\u0165 s loptou, bola pod\u013ea m\u0148a minim\u00e1lna.<\/p>\n<p>Z lavi\u010dky pri\u0161lo rozhodnutie hoden\u00edm kockou, in\u00fdmi slovami Iwobi, a Everton sa platonicky pok\u00fa\u0161al o zvr\u00e1tenie nepriazniv\u00e9ho stavu. Len\u017ee po autovom vhadzovan\u00ed pri\u0161la strata lopty a kolmica s\u00fapera do otvorenej obrany, ktor\u00fa si prebral De Bruyne a zat\u013akol druh\u00fd klinec do rakvy s n\u00e1zvom \u0161tvr\u0165fin\u00e1le FA Cupu.<\/p>\n<h4><strong>Zauj\u00edmavosti<\/strong><\/h4>\n<ul>\n<li>Dr\u017eanie lopty 26% v podan\u00ed Evertonu bolo pre najni\u017e\u0161ie vo v\u0161etk\u00fdch s\u00fa\u0165a\u017eiach od marca 2018, ke\u010f v Premier League zaregistroval len 18%, tie\u017e proti Manchesteru City.<\/li>\n<li>Manchester City v prvom pol\u010dase skompletizoval 322 prihr\u00e1vok. Everton 73. Allan bol jedin\u00fdm hr\u00e1\u010dom Evertonu, ktor\u00fd absolvoval aspo\u0148 10 prihr\u00e1vok. (WhoScored)<\/li>\n<li>Everton si prvom pol\u010dase prip\u00edsal a\u017e 4 strely zvn\u00fatra \u0161estn\u00e1stky s\u00fapera. Manchesteru City sa odtia\u013e prekvapivo podarilo vystreli\u0165 do 45. min\u00faty len raz.<\/li>\n<li>Jo\u00e3o Virg\u00ednia po\u010das z\u00e1pasu zaknihoval \u0161tyri z\u00e1kroky, z\u00a0toho dve strely s\u00fapera zvn\u00fatra \u0161estn\u00e1stky. Navy\u0161e a\u017e 43% (12\/28) z jeho dlh\u00fdch prihr\u00e1vok na\u0161lo svojho adres\u00e1ta.<\/li>\n<\/ul>\n<h3 style=\"text-align: center;\"><span style=\"color: #3366ff;\"><strong><em>Come On You Blues!<\/em><\/strong><\/span><\/h3>\n<p style=\"text-align: right;\"><span style=\"font-size: 8pt;\">(fotozdroj: evertonfc.com)<\/span><\/p>\n<hr \/>\n<p><strong>Zostrihy + z\u00e1pas:<\/strong> <a href=\"https:\/\/www.fullmatchesandshows.com\/2021\/03\/20\/everton-vs-manchester-city-highlights-full-match-2\/\" target=\"_blank\" rel=\"noopener\">fullmatchesandshows.com<\/a> \u00a0<strong>Mu\u017e z\u00e1pasu redakcie: <\/strong>Yerry Mina<\/p>\n<p><strong>G\u00f3ly: <\/strong>84\u00b4 G\u00fcndo\u011fan, 90\u00b4 De Bruyne (Rodri)<\/p>\n<p><strong>\u017dlt\u00e9 karty: <\/strong>23\u00b4 Allan, 57\u00b4 Fernandinho, 75\u00b4 Gomes<\/p>\n<p><strong>Manchester City FC:\u00a0<\/strong>Steffen \u2013 Walker, Dias, Laporte, Zinchenko \u2013 Silva (64\u00b4 Mahrez), Fernandinho, G\u00fcndo\u011fan (90\u00b4 Rodri) \u2013 Foden, Jesus, Sterling (80\u00b4 De Bruyne)<\/p>\n<p><strong>Everton FC:\u00a0<\/strong>Virg\u00ednia \u2013 Coleman, Holgate (87\u00b4 Iwobi), Mina, Godfrey, Digne \u2013 Sigurdsson, Allan, Gomes \u2013 Richarlison, Calvert-Lewin<\/p>\n<p><strong>Rozhodca:\u00a0<\/strong>Michael Oliver \u00a0<strong>Bez div\u00e1kov<\/strong><\/p>\n","protected":false},"excerpt":{"rendered":"<p>Ani bezchybn\u00fd v\u00fdkon nesta\u010dil na najlep\u0161\u00ed t\u00edm v\u00a0krajine, zhodnotil Ancelotti. A\u00a0m\u00e1 pravdu. Lebo hoc bez ch\u00fdb br\u00e1nime, z\u010faleka nie sme kompletn\u00e9 mu\u017estvo v\u00a0\u00fatoku.<\/p>\n","protected":false},"author":1,"featured_media":14776,"comment_status":"open","ping_status":"closed","sticky":false,"template":"","format":"standard","meta":{"_eb_attr":"","_monsterinsights_skip_tracking":false,"_monsterinsights_sitenote_active":false,"_monsterinsights_sitenote_note":"","_monsterinsights_sitenote_category":0,"footnotes":""},"categories":[4],"tags":[],"yoast_head":"<!-- This site is optimized with the Yoast SEO plugin v23.4 - https:\/\/yoast.com\/wordpress\/plugins\/seo\/ -->\n<title>Everton \u2013 Manchester City 0:2 - Official Czech &amp; Slovak Everton Supporters&#039; Club<\/title>\n<meta name=\"robots\" content=\"index, follow, max-snippet:-1, max-image-preview:large, max-video-preview:-1\" \/>\n<link rel=\"canonical\" href=\"https:\/\/evertonfc.cz\/index.php\/2021\/03\/21\/everton-manchester-city-02-3\/\" \/>\n<meta property=\"og:locale\" content=\"cs_CZ\" \/>\n<meta property=\"og:type\" content=\"article\" \/>\n<meta property=\"og:title\" content=\"Everton \u2013 Manchester City 0:2 - Official Czech &amp; Slovak Everton Supporters&#039; Club\" \/>\n<meta property=\"og:description\" content=\"Ani bezchybn\u00fd v\u00fdkon nesta\u010dil na najlep\u0161\u00ed t\u00edm v\u00a0krajine, zhodnotil Ancelotti. A\u00a0m\u00e1 pravdu. Lebo hoc bez ch\u00fdb br\u00e1nime, z\u010faleka nie sme kompletn\u00e9 mu\u017estvo v\u00a0\u00fatoku.\" \/>\n<meta property=\"og:url\" content=\"https:\/\/evertonfc.cz\/index.php\/2021\/03\/21\/everton-manchester-city-02-3\/\" \/>\n<meta property=\"og:site_name\" content=\"Official Czech &amp; Slovak Everton Supporters&#039; Club\" \/>\n<meta property=\"article:publisher\" content=\"https:\/\/www.facebook.com\/everton.fans.cz.sk\" \/>\n<meta property=\"article:published_time\" content=\"2021-03-21T13:06:29+00:00\" \/>\n<meta property=\"article:modified_time\" content=\"2021-03-21T16:50:11+00:00\" \/>\n<meta property=\"og:image\" content=\"https:\/\/evertonfc.cz\/wp-content\/uploads\/2021\/03\/Yerry-Mina-vs-Manchester-City-by-evertonfc.com-20-3-2021.jpg\" \/>\n\t<meta property=\"og:image:width\" content=\"720\" \/>\n\t<meta property=\"og:image:height\" content=\"405\" \/>\n\t<meta property=\"og:image:type\" content=\"image\/jpeg\" \/>\n<meta name=\"author\" content=\"BlueBlooded\" \/>\n<meta name=\"twitter:card\" content=\"summary_large_image\" \/>\n<meta name=\"twitter:label1\" content=\"Napsal(a)\" \/>\n\t<meta name=\"twitter:data1\" content=\"BlueBlooded\" \/>\n\t<meta name=\"twitter:label2\" content=\"Odhadovan\u00e1 doba \u010dten\u00ed\" \/>\n\t<meta name=\"twitter:data2\" content=\"3 minuty\" \/>\n<script type=\"application\/ld+json\" class=\"yoast-schema-graph\">{\"@context\":\"https:\/\/schema.org\",\"@graph\":[{\"@type\":\"Article\",\"@id\":\"https:\/\/evertonfc.cz\/index.php\/2021\/03\/21\/everton-manchester-city-02-3\/#article\",\"isPartOf\":{\"@id\":\"https:\/\/evertonfc.cz\/index.php\/2021\/03\/21\/everton-manchester-city-02-3\/\"},\"author\":{\"name\":\"BlueBlooded\",\"@id\":\"https:\/\/evertonfc.cz\/#\/schema\/person\/d4493b8cbea51532597fbc4685698916\"},\"headline\":\"Everton \u2013 Manchester City 0:2\",\"datePublished\":\"2021-03-21T13:06:29+00:00\",\"dateModified\":\"2021-03-21T16:50:11+00:00\",\"mainEntityOfPage\":{\"@id\":\"https:\/\/evertonfc.cz\/index.php\/2021\/03\/21\/everton-manchester-city-02-3\/\"},\"wordCount\":849,\"commentCount\":5,\"publisher\":{\"@id\":\"https:\/\/evertonfc.cz\/#organization\"},\"image\":{\"@id\":\"https:\/\/evertonfc.cz\/index.php\/2021\/03\/21\/everton-manchester-city-02-3\/#primaryimage\"},\"thumbnailUrl\":\"https:\/\/evertonfc.cz\/wp-content\/uploads\/2021\/03\/Yerry-Mina-vs-Manchester-City-by-evertonfc.com-20-3-2021.jpg\",\"articleSection\":[\"Z\u00e1pasy\"],\"inLanguage\":\"cs\",\"potentialAction\":[{\"@type\":\"CommentAction\",\"name\":\"Comment\",\"target\":[\"https:\/\/evertonfc.cz\/index.php\/2021\/03\/21\/everton-manchester-city-02-3\/#respond\"]}]},{\"@type\":\"WebPage\",\"@id\":\"https:\/\/evertonfc.cz\/index.php\/2021\/03\/21\/everton-manchester-city-02-3\/\",\"url\":\"https:\/\/evertonfc.cz\/index.php\/2021\/03\/21\/everton-manchester-city-02-3\/\",\"name\":\"Everton \u2013 Manchester City 0:2 - Official Czech &amp; Slovak Everton Supporters&#039; Club\",\"isPartOf\":{\"@id\":\"https:\/\/evertonfc.cz\/#website\"},\"primaryImageOfPage\":{\"@id\":\"https:\/\/evertonfc.cz\/index.php\/2021\/03\/21\/everton-manchester-city-02-3\/#primaryimage\"},\"image\":{\"@id\":\"https:\/\/evertonfc.cz\/index.php\/2021\/03\/21\/everton-manchester-city-02-3\/#primaryimage\"},\"thumbnailUrl\":\"https:\/\/evertonfc.cz\/wp-content\/uploads\/2021\/03\/Yerry-Mina-vs-Manchester-City-by-evertonfc.com-20-3-2021.jpg\",\"datePublished\":\"2021-03-21T13:06:29+00:00\",\"dateModified\":\"2021-03-21T16:50:11+00:00\",\"breadcrumb\":{\"@id\":\"https:\/\/evertonfc.cz\/index.php\/2021\/03\/21\/everton-manchester-city-02-3\/#breadcrumb\"},\"inLanguage\":\"cs\",\"potentialAction\":[{\"@type\":\"ReadAction\",\"target\":[\"https:\/\/evertonfc.cz\/index.php\/2021\/03\/21\/everton-manchester-city-02-3\/\"]}]},{\"@type\":\"ImageObject\",\"inLanguage\":\"cs\",\"@id\":\"https:\/\/evertonfc.cz\/index.php\/2021\/03\/21\/everton-manchester-city-02-3\/#primaryimage\",\"url\":\"https:\/\/evertonfc.cz\/wp-content\/uploads\/2021\/03\/Yerry-Mina-vs-Manchester-City-by-evertonfc.com-20-3-2021.jpg\",\"contentUrl\":\"https:\/\/evertonfc.cz\/wp-content\/uploads\/2021\/03\/Yerry-Mina-vs-Manchester-City-by-evertonfc.com-20-3-2021.jpg\",\"width\":720,\"height\":405},{\"@type\":\"BreadcrumbList\",\"@id\":\"https:\/\/evertonfc.cz\/index.php\/2021\/03\/21\/everton-manchester-city-02-3\/#breadcrumb\",\"itemListElement\":[{\"@type\":\"ListItem\",\"position\":1,\"name\":\"Home\",\"item\":\"https:\/\/evertonfc.cz\/\"},{\"@type\":\"ListItem\",\"position\":2,\"name\":\"Everton \u2013 Manchester City 0:2\"}]},{\"@type\":\"WebSite\",\"@id\":\"https:\/\/evertonfc.cz\/#website\",\"url\":\"https:\/\/evertonfc.cz\/\",\"name\":\"Official Czech &amp; Slovak Everton Supporters&#039; Club\",\"description\":\"\",\"publisher\":{\"@id\":\"https:\/\/evertonfc.cz\/#organization\"},\"potentialAction\":[{\"@type\":\"SearchAction\",\"target\":{\"@type\":\"EntryPoint\",\"urlTemplate\":\"https:\/\/evertonfc.cz\/?s={search_term_string}\"},\"query-input\":{\"@type\":\"PropertyValueSpecification\",\"valueRequired\":true,\"valueName\":\"search_term_string\"}}],\"inLanguage\":\"cs\"},{\"@type\":\"Organization\",\"@id\":\"https:\/\/evertonfc.cz\/#organization\",\"name\":\"Official Czech & Slovak Everton Supporters' Club\",\"url\":\"https:\/\/evertonfc.cz\/\",\"logo\":{\"@type\":\"ImageObject\",\"inLanguage\":\"cs\",\"@id\":\"https:\/\/evertonfc.cz\/#\/schema\/logo\/image\/\",\"url\":\"https:\/\/evertonfc.cz\/wp-content\/uploads\/2019\/05\/logo.png\",\"contentUrl\":\"https:\/\/evertonfc.cz\/wp-content\/uploads\/2019\/05\/logo.png\",\"width\":112,\"height\":112,\"caption\":\"Official Czech & Slovak Everton Supporters' Club\"},\"image\":{\"@id\":\"https:\/\/evertonfc.cz\/#\/schema\/logo\/image\/\"},\"sameAs\":[\"https:\/\/www.facebook.com\/everton.fans.cz.sk\"]},{\"@type\":\"Person\",\"@id\":\"https:\/\/evertonfc.cz\/#\/schema\/person\/d4493b8cbea51532597fbc4685698916\",\"name\":\"BlueBlooded\",\"url\":\"https:\/\/evertonfc.cz\/index.php\/author\/admin\/\"}]}<\/script>\n<!-- \/ Yoast SEO plugin. -->","yoast_head_json":{"title":"Everton \u2013 Manchester City 0:2 - Official Czech &amp; Slovak Everton Supporters&#039; Club","robots":{"index":"index","follow":"follow","max-snippet":"max-snippet:-1","max-image-preview":"max-image-preview:large","max-video-preview":"max-video-preview:-1"},"canonical":"https:\/\/evertonfc.cz\/index.php\/2021\/03\/21\/everton-manchester-city-02-3\/","og_locale":"cs_CZ","og_type":"article","og_title":"Everton \u2013 Manchester City 0:2 - Official Czech &amp; Slovak Everton Supporters&#039; Club","og_description":"Ani bezchybn\u00fd v\u00fdkon nesta\u010dil na najlep\u0161\u00ed t\u00edm v\u00a0krajine, zhodnotil Ancelotti. A\u00a0m\u00e1 pravdu. Lebo hoc bez ch\u00fdb br\u00e1nime, z\u010faleka nie sme kompletn\u00e9 mu\u017estvo v\u00a0\u00fatoku.","og_url":"https:\/\/evertonfc.cz\/index.php\/2021\/03\/21\/everton-manchester-city-02-3\/","og_site_name":"Official Czech &amp; Slovak Everton Supporters&#039; Club","article_publisher":"https:\/\/www.facebook.com\/everton.fans.cz.sk","article_published_time":"2021-03-21T13:06:29+00:00","article_modified_time":"2021-03-21T16:50:11+00:00","og_image":[{"width":720,"height":405,"url":"https:\/\/evertonfc.cz\/wp-content\/uploads\/2021\/03\/Yerry-Mina-vs-Manchester-City-by-evertonfc.com-20-3-2021.jpg","type":"image\/jpeg"}],"author":"BlueBlooded","twitter_card":"summary_large_image","twitter_misc":{"Napsal(a)":"BlueBlooded","Odhadovan\u00e1 doba \u010dten\u00ed":"3 minuty"},"schema":{"@context":"https:\/\/schema.org","@graph":[{"@type":"Article","@id":"https:\/\/evertonfc.cz\/index.php\/2021\/03\/21\/everton-manchester-city-02-3\/#article","isPartOf":{"@id":"https:\/\/evertonfc.cz\/index.php\/2021\/03\/21\/everton-manchester-city-02-3\/"},"author":{"name":"BlueBlooded","@id":"https:\/\/evertonfc.cz\/#\/schema\/person\/d4493b8cbea51532597fbc4685698916"},"headline":"Everton \u2013 Manchester City 0:2","datePublished":"2021-03-21T13:06:29+00:00","dateModified":"2021-03-21T16:50:11+00:00","mainEntityOfPage":{"@id":"https:\/\/evertonfc.cz\/index.php\/2021\/03\/21\/everton-manchester-city-02-3\/"},"wordCount":849,"commentCount":5,"publisher":{"@id":"https:\/\/evertonfc.cz\/#organization"},"image":{"@id":"https:\/\/evertonfc.cz\/index.php\/2021\/03\/21\/everton-manchester-city-02-3\/#primaryimage"},"thumbnailUrl":"https:\/\/evertonfc.cz\/wp-content\/uploads\/2021\/03\/Yerry-Mina-vs-Manchester-City-by-evertonfc.com-20-3-2021.jpg","articleSection":["Z\u00e1pasy"],"inLanguage":"cs","potentialAction":[{"@type":"CommentAction","name":"Comment","target":["https:\/\/evertonfc.cz\/index.php\/2021\/03\/21\/everton-manchester-city-02-3\/#respond"]}]},{"@type":"WebPage","@id":"https:\/\/evertonfc.cz\/index.php\/2021\/03\/21\/everton-manchester-city-02-3\/","url":"https:\/\/evertonfc.cz\/index.php\/2021\/03\/21\/everton-manchester-city-02-3\/","name":"Everton \u2013 Manchester City 0:2 - Official Czech &amp; Slovak Everton Supporters&#039; Club","isPartOf":{"@id":"https:\/\/evertonfc.cz\/#website"},"primaryImageOfPage":{"@id":"https:\/\/evertonfc.cz\/index.php\/2021\/03\/21\/everton-manchester-city-02-3\/#primaryimage"},"image":{"@id":"https:\/\/evertonfc.cz\/index.php\/2021\/03\/21\/everton-manchester-city-02-3\/#primaryimage"},"thumbnailUrl":"https:\/\/evertonfc.cz\/wp-content\/uploads\/2021\/03\/Yerry-Mina-vs-Manchester-City-by-evertonfc.com-20-3-2021.jpg","datePublished":"2021-03-21T13:06:29+00:00","dateModified":"2021-03-21T16:50:11+00:00","breadcrumb":{"@id":"https:\/\/evertonfc.cz\/index.php\/2021\/03\/21\/everton-manchester-city-02-3\/#breadcrumb"},"inLanguage":"cs","potentialAction":[{"@type":"ReadAction","target":["https:\/\/evertonfc.cz\/index.php\/2021\/03\/21\/everton-manchester-city-02-3\/"]}]},{"@type":"ImageObject","inLanguage":"cs","@id":"https:\/\/evertonfc.cz\/index.php\/2021\/03\/21\/everton-manchester-city-02-3\/#primaryimage","url":"https:\/\/evertonfc.cz\/wp-content\/uploads\/2021\/03\/Yerry-Mina-vs-Manchester-City-by-evertonfc.com-20-3-2021.jpg","contentUrl":"https:\/\/evertonfc.cz\/wp-content\/uploads\/2021\/03\/Yerry-Mina-vs-Manchester-City-by-evertonfc.com-20-3-2021.jpg","width":720,"height":405},{"@type":"BreadcrumbList","@id":"https:\/\/evertonfc.cz\/index.php\/2021\/03\/21\/everton-manchester-city-02-3\/#breadcrumb","itemListElement":[{"@type":"ListItem","position":1,"name":"Home","item":"https:\/\/evertonfc.cz\/"},{"@type":"ListItem","position":2,"name":"Everton \u2013 Manchester City 0:2"}]},{"@type":"WebSite","@id":"https:\/\/evertonfc.cz\/#website","url":"https:\/\/evertonfc.cz\/","name":"Official Czech &amp; Slovak Everton Supporters&#039; Club","description":"","publisher":{"@id":"https:\/\/evertonfc.cz\/#organization"},"potentialAction":[{"@type":"SearchAction","target":{"@type":"EntryPoint","urlTemplate":"https:\/\/evertonfc.cz\/?s={search_term_string}"},"query-input":{"@type":"PropertyValueSpecification","valueRequired":true,"valueName":"search_term_string"}}],"inLanguage":"cs"},{"@type":"Organization","@id":"https:\/\/evertonfc.cz\/#organization","name":"Official Czech & Slovak Everton Supporters' Club","url":"https:\/\/evertonfc.cz\/","logo":{"@type":"ImageObject","inLanguage":"cs","@id":"https:\/\/evertonfc.cz\/#\/schema\/logo\/image\/","url":"https:\/\/evertonfc.cz\/wp-content\/uploads\/2019\/05\/logo.png","contentUrl":"https:\/\/evertonfc.cz\/wp-content\/uploads\/2019\/05\/logo.png","width":112,"height":112,"caption":"Official Czech & Slovak Everton Supporters' Club"},"image":{"@id":"https:\/\/evertonfc.cz\/#\/schema\/logo\/image\/"},"sameAs":["https:\/\/www.facebook.com\/everton.fans.cz.sk"]},{"@type":"Person","@id":"https:\/\/evertonfc.cz\/#\/schema\/person\/d4493b8cbea51532597fbc4685698916","name":"BlueBlooded","url":"https:\/\/evertonfc.cz\/index.php\/author\/admin\/"}]}},"_links":{"self":[{"href":"https:\/\/evertonfc.cz\/index.php\/wp-json\/wp\/v2\/posts\/14775"}],"collection":[{"href":"https:\/\/evertonfc.cz\/index.php\/wp-json\/wp\/v2\/posts"}],"about":[{"href":"https:\/\/evertonfc.cz\/index.php\/wp-json\/wp\/v2\/types\/post"}],"author":[{"embeddable":true,"href":"https:\/\/evertonfc.cz\/index.php\/wp-json\/wp\/v2\/users\/1"}],"replies":[{"embeddable":true,"href":"https:\/\/evertonfc.cz\/index.php\/wp-json\/wp\/v2\/comments?post=14775"}],"version-history":[{"count":20,"href":"https:\/\/evertonfc.cz\/index.php\/wp-json\/wp\/v2\/posts\/14775\/revisions"}],"predecessor-version":[{"id":14796,"href":"https:\/\/evertonfc.cz\/index.php\/wp-json\/wp\/v2\/posts\/14775\/revisions\/14796"}],"wp:featuredmedia":[{"embeddable":true,"href":"https:\/\/evertonfc.cz\/index.php\/wp-json\/wp\/v2\/media\/14776"}],"wp:attachment":[{"href":"https:\/\/evertonfc.cz\/index.php\/wp-json\/wp\/v2\/media?parent=14775"}],"wp:term":[{"taxonomy":"category","embeddable":true,"href":"https:\/\/evertonfc.cz\/index.php\/wp-json\/wp\/v2\/categories?post=14775"},{"taxonomy":"post_tag","embeddable":true,"href":"https:\/\/evertonfc.cz\/index.php\/wp-json\/wp\/v2\/tags?post=14775"}],"curies":[{"name":"wp","href":"https:\/\/api.w.org\/{rel}","templated":true}]}}