{"id":14804,"date":"2021-03-27T13:53:54","date_gmt":"2021-03-27T12:53:54","guid":{"rendered":"https:\/\/evertonfc.cz\/?p=14804"},"modified":"2021-11-10T09:44:05","modified_gmt":"2021-11-10T08:44:05","slug":"bramley-moore-dostal-zelenu","status":"publish","type":"post","link":"https:\/\/evertonfc.cz\/index.php\/2021\/03\/27\/bramley-moore-dostal-zelenu\/","title":{"rendered":"Bramley-Moore dostal zelen\u00fa"},"content":{"rendered":"<h4>Pl\u00e1ny Evertonu na v\u00fdstavbu nov\u00e9ho \u0161tadi\u00f3na v dokoch Bramley-Moore na severe Liverpoolu m\u00f4\u017eu pokra\u010dova\u0165 po tom, \u010do \u017eiados\u0165 klubu bola schv\u00e1len\u00e1 aj vl\u00e1dou.<\/h4>\n<p>Tak\u00e9to vl\u00e1dne schv\u00e1lenie je \u0161tandardn\u00e1 prax pri v\u00fdstavbe takej ve\u013ekosti a rozsahu, akou bud\u00faci \u0161tadi\u00f3n Evertonu bezpochyby je. Proces presk\u00famania za\u010dal ihne\u010f potom, \u010do pl\u00e1novac\u00ed v\u00fdbor mestskej rady Liverpoolu jednomyse\u013ene schv\u00e1lil pl\u00e1ny v\u00fdstavby 23. febru\u00e1ra, o ktorej sme v\u00e1s u\u017e informovali.<\/p>\n<p>Klub v\u010dera obdr\u017eal p\u00edsomn\u00e9 potvrdenie o schv\u00e1len\u00ed \u0161t\u00e1tnym tajomn\u00edkom pre b\u00fdvanie, spolo\u010denstv\u00e1 a miestnu spr\u00e1vu. Rozhodnutie schv\u00e1li\u0165 nov\u00fd \u0161tadi\u00f3n na brehu rieky Mersey s projektovanou kapacitou 52 888 \u013eud\u00ed umo\u017e\u0148uje klubu dokon\u010di\u0165 dohodnut\u00fa akviz\u00edciu are\u00e1lu doku od spolo\u010dnosti Peel L&amp;P a finan\u010dn\u00e9 rie\u0161enie projektu. V\u010faka tomu m\u00f4\u017ee EFC za\u010da\u0165 uskuto\u010d\u0148ova\u0165 svoje pl\u00e1ny.<\/p>\n<h4><strong>Realiz\u00e1cia stavby neza\u010dne hne\u010f<\/strong><\/h4>\n<p>Everton d\u00fafa, \u017ee s pr\u00e1cou za\u010dne e\u0161te pred druhou polovicou roka 2021. E\u0161te predt\u00fdm toti\u017e mus\u00ed dokon\u010di\u0165 nieko\u013eko posledn\u00fdch \u00faloh t\u00fdkaj\u00facich sa tohto mega projektu. Jeho v\u00fdstavba sa odhaduje na pribli\u017ene tri roky. Tou prvou je dosta\u0165 p\u00edsomn\u00e9 povolenie od mestskej rady mesta Liverpool, hoci minul\u00fd mesiac bolo z\u00edskan\u00e9 jednomyse\u013en\u00fdm s\u00fahlasom. Vy\u017eaduje sa v\u0161ak \u010dierne na bielom.<\/p>\n<p>Everton ho mus\u00ed ma\u0165 sk\u00f4r, ne\u017e za\u010dne pracova\u0165 na n\u00e1bre\u017e\u00ed Liverpoolu. P\u00edsomn\u00e9 potvrdenie o schv\u00e1len\u00ed pl\u00e1novania je formalita, nako\u013eko sa rozumie, \u017ee spr\u00e1va o rozhodnut\u00ed vl\u00e1dy nezasahova\u0165 do projektu bola ozn\u00e1men\u00e1 pl\u00e1novaciemu referentovi prostredn\u00edctvom e-mailu e\u0161te predt\u00fdm, ako bolo rozhodnutie vl\u00e1dy doru\u010den\u00e9 klubu. Existuje tie\u017e mo\u017enos\u0165 odvolania sa proti rozhodnutiu vl\u00e1dy a mo\u017en\u00e9ho s\u00fadneho presk\u00famania. No ni\u010d tak\u00e9 sa zo \u017eiadnej z\u00fa\u010dastnenej strany neo\u010dak\u00e1va, ke\u010f\u017ee Everton podal nepriestreln\u00fa argument\u00e1ciu v ka\u017edej oblasti.<\/p>\n<p><iframe loading=\"lazy\" title=\"NEW EVERTON STADIUM | BRAMLEY-MOORE DOCK | VIRTUAL FLYTHROUGH\" width=\"1140\" height=\"641\" src=\"https:\/\/www.youtube.com\/embed\/eHnPtZGeBfA?feature=oembed\" frameborder=\"0\" allow=\"accelerometer; autoplay; clipboard-write; encrypted-media; gyroscope; picture-in-picture\" allowfullscreen><\/iframe><\/p>\n<h4><strong>Bez pe\u0148az\u00ed to nep\u00f4jde<\/strong><\/h4>\n<p>Najd\u00f4le\u017eitej\u0161ia z \u00faloh je ale ur\u010dite dokon\u010denie p\u00f4\u017ei\u010dky vo v\u00fd\u0161ke pribli\u017ene 300 mili\u00f3nov libier. V\u00e4\u010d\u0161inov\u00fd vlastn\u00edk klubu Farhad Moshiri sa u\u017e zaviazal, \u017ee investuje do projektu sumou 100 mili\u00f3nov libier, zatia\u013e \u010do do celkovej sumy sa zar\u00e1ta aj v\u00fdnos zo zmluvy na pomenovanie \u0161tadi\u00f3na. Spolo\u010dnos\u0165 USM na to m\u00e1 opciu.<\/p>\n<p>V\u00e4\u010d\u0161ina z celkov\u00fdch n\u00e1kladov vo v\u00fd\u0161ke pol miliardy v\u0161ak bude poch\u00e1dza\u0165 zo s\u00fakromn\u00e9ho sektoru. Everton bude vies\u0165 \u010fal\u0161ie rozhovory so svoj\u00edm u\u017e\u0161\u00edm zoznamom poskytovate\u013eov p\u00f4\u017ei\u010diek predt\u00fdm, ako sa rozhodne, ktor\u00fa dohodu podp\u00ed\u0161e. O\u010dak\u00e1va sa, \u017ee tento proces bude trva\u0165 najmenej p\u00e1r mesiacov.<\/p>\n<h4><strong>Dod\u00e1vate\u013e je takmer ist\u00fd, pozemok tie\u017e<\/strong><\/h4>\n<p>Vo febru\u00e1ri minul\u00e9ho roku Everton potvrdil, \u017ee si vybral spolo\u010dnos\u0165 Laing O&#8217;Rourke ako preferovan\u00e9ho dod\u00e1vate\u013ea pri realiz\u00e1cii stavby v dokoch. Tak\u017ee teraz musia form\u00e1lne uzavrie\u0165 dohodu, aby sa z nich stal ofici\u00e1lny dod\u00e1vate\u013e projektu. Klub mus\u00ed taktie\u017e pripravi\u0165 podrobn\u00fd harmonogram v\u00fdstavby. Po jeho dokon\u010den\u00ed bude m\u00f4c\u0165 poskytn\u00fa\u0165 presnej\u0161ie inform\u00e1cie o o\u010dak\u00e1van\u00fdch n\u00e1kladoch.<\/p>\n<p>\u010co sa t\u00fdka z\u00edskania pozemku doku Bramley-Moore, pred \u0161tyrmi rokmi sa Everton v z\u00e1sade dohodol so s\u00fa\u010dasn\u00fdm vlastn\u00edkom, firmou Peel L&amp;P, a od tej doby v podstate pozemok vlastnil, ale ofici\u00e1lne z\u00edskanie p\u00f4dy z\u00e1viselo od schv\u00e1lenia pl\u00e1novania. Zmluva, ktor\u00e1 m\u00e1 ma\u0165 hodnotu 22,5 mili\u00f3na libier, sa teraz bude finalizova\u0165.<\/p>\n<h4><strong>V\u010faka patr\u00ed v\u0161etk\u00fdm, prosperova\u0165 bude cel\u00e9 mesto<\/strong><\/h4>\n<p>Ako sa p\u00ed\u0161e vo vyjadren\u00ed klubu \u2013 po\u010fakova\u0165 treba ka\u017ed\u00e9mu fan\u00fa\u0161ikovi, mnoh\u00fdm organiz\u00e1ci\u00e1m a desa\u0165tis\u00edcom \u013eud\u00ed v celom regi\u00f3ne mesta za neochvejn\u00fa podporu. A samozrejme t\u00edmu oddan\u00e9ho person\u00e1lu, ktor\u00ed zohrali d\u00f4le\u017eit\u00fa \u00falohu pri zabezpe\u010dovan\u00ed toho, aby klub dosiahol dne\u0161n\u00fd v\u00fdznamn\u00fd m\u00ed\u013enik. Ten znamen\u00e1, \u017ee rozvoj \u0161tadi\u00f3na a pl\u00e1ny na zachovanie dedi\u010dstva Goodison Parku prines\u00fa ekonomike mesta odhadovan\u00fa podporu vo v\u00fd\u0161ke 1,3 miliardy libier. Vytvoria viac ako 15 000 pracovn\u00fdch miest a pril\u00e1kaj\u00fa do mesta 1,4 mili\u00f3na nov\u00fdch n\u00e1v\u0161tevn\u00edkov. D\u00fafajme, \u017ee medzi nimi budeme \u010doskoro aj my.<\/p>\n<h3 style=\"text-align: center;\"><span style=\"color: #3366ff;\"><strong><em>Up The Toffees !!!<\/em><\/strong><\/span><\/h3>\n","protected":false},"excerpt":{"rendered":"<p>Pl\u00e1ny Evertonu na v\u00fdstavbu nov\u00e9ho \u0161tadi\u00f3na v dokoch Bramley-Moore na severe Liverpoolu m\u00f4\u017eu pokra\u010dova\u0165 po tom, \u010do \u017eiados\u0165 klubu bola schv\u00e1len\u00e1 aj vl\u00e1dou.<\/p>\n","protected":false},"author":1,"featured_media":14805,"comment_status":"open","ping_status":"closed","sticky":false,"template":"","format":"standard","meta":{"_eb_attr":"","_monsterinsights_skip_tracking":false,"_monsterinsights_sitenote_active":false,"_monsterinsights_sitenote_note":"","_monsterinsights_sitenote_category":0,"footnotes":""},"categories":[146],"tags":[],"yoast_head":"<!-- This site is optimized with the Yoast SEO plugin v23.4 - https:\/\/yoast.com\/wordpress\/plugins\/seo\/ -->\n<title>Bramley-Moore dostal zelen\u00fa - Official Czech &amp; Slovak Everton Supporters&#039; Club<\/title>\n<meta name=\"robots\" content=\"index, follow, max-snippet:-1, max-image-preview:large, max-video-preview:-1\" \/>\n<link rel=\"canonical\" href=\"https:\/\/evertonfc.cz\/index.php\/2021\/03\/27\/bramley-moore-dostal-zelenu\/\" \/>\n<meta property=\"og:locale\" content=\"cs_CZ\" \/>\n<meta property=\"og:type\" content=\"article\" \/>\n<meta property=\"og:title\" content=\"Bramley-Moore dostal zelen\u00fa - Official Czech &amp; Slovak Everton Supporters&#039; Club\" \/>\n<meta property=\"og:description\" content=\"Pl\u00e1ny Evertonu na v\u00fdstavbu nov\u00e9ho \u0161tadi\u00f3na v dokoch Bramley-Moore na severe Liverpoolu m\u00f4\u017eu pokra\u010dova\u0165 po tom, \u010do \u017eiados\u0165 klubu bola schv\u00e1len\u00e1 aj vl\u00e1dou.\" \/>\n<meta property=\"og:url\" content=\"https:\/\/evertonfc.cz\/index.php\/2021\/03\/27\/bramley-moore-dostal-zelenu\/\" \/>\n<meta property=\"og:site_name\" content=\"Official Czech &amp; Slovak Everton Supporters&#039; Club\" \/>\n<meta property=\"article:publisher\" content=\"https:\/\/www.facebook.com\/everton.fans.cz.sk\" \/>\n<meta property=\"article:published_time\" content=\"2021-03-27T12:53:54+00:00\" \/>\n<meta property=\"article:modified_time\" content=\"2021-11-10T08:44:05+00:00\" \/>\n<meta property=\"og:image\" content=\"https:\/\/evertonfc.cz\/wp-content\/uploads\/2021\/03\/Bramley-Moore-split-Approved-27-3-2021.jpg\" \/>\n\t<meta property=\"og:image:width\" content=\"720\" \/>\n\t<meta property=\"og:image:height\" content=\"405\" \/>\n\t<meta property=\"og:image:type\" content=\"image\/jpeg\" \/>\n<meta name=\"author\" content=\"BlueBlooded\" \/>\n<meta name=\"twitter:card\" content=\"summary_large_image\" \/>\n<meta name=\"twitter:label1\" content=\"Napsal(a)\" \/>\n\t<meta name=\"twitter:data1\" content=\"BlueBlooded\" \/>\n\t<meta name=\"twitter:label2\" content=\"Odhadovan\u00e1 doba \u010dten\u00ed\" \/>\n\t<meta name=\"twitter:data2\" content=\"3 minuty\" \/>\n<script type=\"application\/ld+json\" class=\"yoast-schema-graph\">{\"@context\":\"https:\/\/schema.org\",\"@graph\":[{\"@type\":\"Article\",\"@id\":\"https:\/\/evertonfc.cz\/index.php\/2021\/03\/27\/bramley-moore-dostal-zelenu\/#article\",\"isPartOf\":{\"@id\":\"https:\/\/evertonfc.cz\/index.php\/2021\/03\/27\/bramley-moore-dostal-zelenu\/\"},\"author\":{\"name\":\"BlueBlooded\",\"@id\":\"https:\/\/evertonfc.cz\/#\/schema\/person\/d4493b8cbea51532597fbc4685698916\"},\"headline\":\"Bramley-Moore dostal zelen\u00fa\",\"datePublished\":\"2021-03-27T12:53:54+00:00\",\"dateModified\":\"2021-11-10T08:44:05+00:00\",\"mainEntityOfPage\":{\"@id\":\"https:\/\/evertonfc.cz\/index.php\/2021\/03\/27\/bramley-moore-dostal-zelenu\/\"},\"wordCount\":755,\"commentCount\":7,\"publisher\":{\"@id\":\"https:\/\/evertonfc.cz\/#organization\"},\"image\":{\"@id\":\"https:\/\/evertonfc.cz\/index.php\/2021\/03\/27\/bramley-moore-dostal-zelenu\/#primaryimage\"},\"thumbnailUrl\":\"https:\/\/evertonfc.cz\/wp-content\/uploads\/2021\/03\/Bramley-Moore-split-Approved-27-3-2021.jpg\",\"articleSection\":[\"Making of Bramley-Moore\"],\"inLanguage\":\"cs\",\"potentialAction\":[{\"@type\":\"CommentAction\",\"name\":\"Comment\",\"target\":[\"https:\/\/evertonfc.cz\/index.php\/2021\/03\/27\/bramley-moore-dostal-zelenu\/#respond\"]}]},{\"@type\":\"WebPage\",\"@id\":\"https:\/\/evertonfc.cz\/index.php\/2021\/03\/27\/bramley-moore-dostal-zelenu\/\",\"url\":\"https:\/\/evertonfc.cz\/index.php\/2021\/03\/27\/bramley-moore-dostal-zelenu\/\",\"name\":\"Bramley-Moore dostal zelen\u00fa - Official Czech &amp; Slovak Everton Supporters&#039; Club\",\"isPartOf\":{\"@id\":\"https:\/\/evertonfc.cz\/#website\"},\"primaryImageOfPage\":{\"@id\":\"https:\/\/evertonfc.cz\/index.php\/2021\/03\/27\/bramley-moore-dostal-zelenu\/#primaryimage\"},\"image\":{\"@id\":\"https:\/\/evertonfc.cz\/index.php\/2021\/03\/27\/bramley-moore-dostal-zelenu\/#primaryimage\"},\"thumbnailUrl\":\"https:\/\/evertonfc.cz\/wp-content\/uploads\/2021\/03\/Bramley-Moore-split-Approved-27-3-2021.jpg\",\"datePublished\":\"2021-03-27T12:53:54+00:00\",\"dateModified\":\"2021-11-10T08:44:05+00:00\",\"breadcrumb\":{\"@id\":\"https:\/\/evertonfc.cz\/index.php\/2021\/03\/27\/bramley-moore-dostal-zelenu\/#breadcrumb\"},\"inLanguage\":\"cs\",\"potentialAction\":[{\"@type\":\"ReadAction\",\"target\":[\"https:\/\/evertonfc.cz\/index.php\/2021\/03\/27\/bramley-moore-dostal-zelenu\/\"]}]},{\"@type\":\"ImageObject\",\"inLanguage\":\"cs\",\"@id\":\"https:\/\/evertonfc.cz\/index.php\/2021\/03\/27\/bramley-moore-dostal-zelenu\/#primaryimage\",\"url\":\"https:\/\/evertonfc.cz\/wp-content\/uploads\/2021\/03\/Bramley-Moore-split-Approved-27-3-2021.jpg\",\"contentUrl\":\"https:\/\/evertonfc.cz\/wp-content\/uploads\/2021\/03\/Bramley-Moore-split-Approved-27-3-2021.jpg\",\"width\":720,\"height\":405},{\"@type\":\"BreadcrumbList\",\"@id\":\"https:\/\/evertonfc.cz\/index.php\/2021\/03\/27\/bramley-moore-dostal-zelenu\/#breadcrumb\",\"itemListElement\":[{\"@type\":\"ListItem\",\"position\":1,\"name\":\"Home\",\"item\":\"https:\/\/evertonfc.cz\/\"},{\"@type\":\"ListItem\",\"position\":2,\"name\":\"Bramley-Moore dostal zelen\u00fa\"}]},{\"@type\":\"WebSite\",\"@id\":\"https:\/\/evertonfc.cz\/#website\",\"url\":\"https:\/\/evertonfc.cz\/\",\"name\":\"Official Czech &amp; Slovak Everton Supporters&#039; Club\",\"description\":\"\",\"publisher\":{\"@id\":\"https:\/\/evertonfc.cz\/#organization\"},\"potentialAction\":[{\"@type\":\"SearchAction\",\"target\":{\"@type\":\"EntryPoint\",\"urlTemplate\":\"https:\/\/evertonfc.cz\/?s={search_term_string}\"},\"query-input\":{\"@type\":\"PropertyValueSpecification\",\"valueRequired\":true,\"valueName\":\"search_term_string\"}}],\"inLanguage\":\"cs\"},{\"@type\":\"Organization\",\"@id\":\"https:\/\/evertonfc.cz\/#organization\",\"name\":\"Official Czech & Slovak Everton Supporters' Club\",\"url\":\"https:\/\/evertonfc.cz\/\",\"logo\":{\"@type\":\"ImageObject\",\"inLanguage\":\"cs\",\"@id\":\"https:\/\/evertonfc.cz\/#\/schema\/logo\/image\/\",\"url\":\"https:\/\/evertonfc.cz\/wp-content\/uploads\/2019\/05\/logo.png\",\"contentUrl\":\"https:\/\/evertonfc.cz\/wp-content\/uploads\/2019\/05\/logo.png\",\"width\":112,\"height\":112,\"caption\":\"Official Czech & Slovak Everton Supporters' Club\"},\"image\":{\"@id\":\"https:\/\/evertonfc.cz\/#\/schema\/logo\/image\/\"},\"sameAs\":[\"https:\/\/www.facebook.com\/everton.fans.cz.sk\"]},{\"@type\":\"Person\",\"@id\":\"https:\/\/evertonfc.cz\/#\/schema\/person\/d4493b8cbea51532597fbc4685698916\",\"name\":\"BlueBlooded\",\"url\":\"https:\/\/evertonfc.cz\/index.php\/author\/admin\/\"}]}<\/script>\n<!-- \/ Yoast SEO plugin. -->","yoast_head_json":{"title":"Bramley-Moore dostal zelen\u00fa - Official Czech &amp; Slovak Everton Supporters&#039; Club","robots":{"index":"index","follow":"follow","max-snippet":"max-snippet:-1","max-image-preview":"max-image-preview:large","max-video-preview":"max-video-preview:-1"},"canonical":"https:\/\/evertonfc.cz\/index.php\/2021\/03\/27\/bramley-moore-dostal-zelenu\/","og_locale":"cs_CZ","og_type":"article","og_title":"Bramley-Moore dostal zelen\u00fa - Official Czech &amp; Slovak Everton Supporters&#039; Club","og_description":"Pl\u00e1ny Evertonu na v\u00fdstavbu nov\u00e9ho \u0161tadi\u00f3na v dokoch Bramley-Moore na severe Liverpoolu m\u00f4\u017eu pokra\u010dova\u0165 po tom, \u010do \u017eiados\u0165 klubu bola schv\u00e1len\u00e1 aj vl\u00e1dou.","og_url":"https:\/\/evertonfc.cz\/index.php\/2021\/03\/27\/bramley-moore-dostal-zelenu\/","og_site_name":"Official Czech &amp; Slovak Everton Supporters&#039; Club","article_publisher":"https:\/\/www.facebook.com\/everton.fans.cz.sk","article_published_time":"2021-03-27T12:53:54+00:00","article_modified_time":"2021-11-10T08:44:05+00:00","og_image":[{"width":720,"height":405,"url":"https:\/\/evertonfc.cz\/wp-content\/uploads\/2021\/03\/Bramley-Moore-split-Approved-27-3-2021.jpg","type":"image\/jpeg"}],"author":"BlueBlooded","twitter_card":"summary_large_image","twitter_misc":{"Napsal(a)":"BlueBlooded","Odhadovan\u00e1 doba \u010dten\u00ed":"3 minuty"},"schema":{"@context":"https:\/\/schema.org","@graph":[{"@type":"Article","@id":"https:\/\/evertonfc.cz\/index.php\/2021\/03\/27\/bramley-moore-dostal-zelenu\/#article","isPartOf":{"@id":"https:\/\/evertonfc.cz\/index.php\/2021\/03\/27\/bramley-moore-dostal-zelenu\/"},"author":{"name":"BlueBlooded","@id":"https:\/\/evertonfc.cz\/#\/schema\/person\/d4493b8cbea51532597fbc4685698916"},"headline":"Bramley-Moore dostal zelen\u00fa","datePublished":"2021-03-27T12:53:54+00:00","dateModified":"2021-11-10T08:44:05+00:00","mainEntityOfPage":{"@id":"https:\/\/evertonfc.cz\/index.php\/2021\/03\/27\/bramley-moore-dostal-zelenu\/"},"wordCount":755,"commentCount":7,"publisher":{"@id":"https:\/\/evertonfc.cz\/#organization"},"image":{"@id":"https:\/\/evertonfc.cz\/index.php\/2021\/03\/27\/bramley-moore-dostal-zelenu\/#primaryimage"},"thumbnailUrl":"https:\/\/evertonfc.cz\/wp-content\/uploads\/2021\/03\/Bramley-Moore-split-Approved-27-3-2021.jpg","articleSection":["Making of Bramley-Moore"],"inLanguage":"cs","potentialAction":[{"@type":"CommentAction","name":"Comment","target":["https:\/\/evertonfc.cz\/index.php\/2021\/03\/27\/bramley-moore-dostal-zelenu\/#respond"]}]},{"@type":"WebPage","@id":"https:\/\/evertonfc.cz\/index.php\/2021\/03\/27\/bramley-moore-dostal-zelenu\/","url":"https:\/\/evertonfc.cz\/index.php\/2021\/03\/27\/bramley-moore-dostal-zelenu\/","name":"Bramley-Moore dostal zelen\u00fa - Official Czech &amp; Slovak Everton Supporters&#039; Club","isPartOf":{"@id":"https:\/\/evertonfc.cz\/#website"},"primaryImageOfPage":{"@id":"https:\/\/evertonfc.cz\/index.php\/2021\/03\/27\/bramley-moore-dostal-zelenu\/#primaryimage"},"image":{"@id":"https:\/\/evertonfc.cz\/index.php\/2021\/03\/27\/bramley-moore-dostal-zelenu\/#primaryimage"},"thumbnailUrl":"https:\/\/evertonfc.cz\/wp-content\/uploads\/2021\/03\/Bramley-Moore-split-Approved-27-3-2021.jpg","datePublished":"2021-03-27T12:53:54+00:00","dateModified":"2021-11-10T08:44:05+00:00","breadcrumb":{"@id":"https:\/\/evertonfc.cz\/index.php\/2021\/03\/27\/bramley-moore-dostal-zelenu\/#breadcrumb"},"inLanguage":"cs","potentialAction":[{"@type":"ReadAction","target":["https:\/\/evertonfc.cz\/index.php\/2021\/03\/27\/bramley-moore-dostal-zelenu\/"]}]},{"@type":"ImageObject","inLanguage":"cs","@id":"https:\/\/evertonfc.cz\/index.php\/2021\/03\/27\/bramley-moore-dostal-zelenu\/#primaryimage","url":"https:\/\/evertonfc.cz\/wp-content\/uploads\/2021\/03\/Bramley-Moore-split-Approved-27-3-2021.jpg","contentUrl":"https:\/\/evertonfc.cz\/wp-content\/uploads\/2021\/03\/Bramley-Moore-split-Approved-27-3-2021.jpg","width":720,"height":405},{"@type":"BreadcrumbList","@id":"https:\/\/evertonfc.cz\/index.php\/2021\/03\/27\/bramley-moore-dostal-zelenu\/#breadcrumb","itemListElement":[{"@type":"ListItem","position":1,"name":"Home","item":"https:\/\/evertonfc.cz\/"},{"@type":"ListItem","position":2,"name":"Bramley-Moore dostal zelen\u00fa"}]},{"@type":"WebSite","@id":"https:\/\/evertonfc.cz\/#website","url":"https:\/\/evertonfc.cz\/","name":"Official Czech &amp; Slovak Everton Supporters&#039; Club","description":"","publisher":{"@id":"https:\/\/evertonfc.cz\/#organization"},"potentialAction":[{"@type":"SearchAction","target":{"@type":"EntryPoint","urlTemplate":"https:\/\/evertonfc.cz\/?s={search_term_string}"},"query-input":{"@type":"PropertyValueSpecification","valueRequired":true,"valueName":"search_term_string"}}],"inLanguage":"cs"},{"@type":"Organization","@id":"https:\/\/evertonfc.cz\/#organization","name":"Official Czech & Slovak Everton Supporters' Club","url":"https:\/\/evertonfc.cz\/","logo":{"@type":"ImageObject","inLanguage":"cs","@id":"https:\/\/evertonfc.cz\/#\/schema\/logo\/image\/","url":"https:\/\/evertonfc.cz\/wp-content\/uploads\/2019\/05\/logo.png","contentUrl":"https:\/\/evertonfc.cz\/wp-content\/uploads\/2019\/05\/logo.png","width":112,"height":112,"caption":"Official Czech & Slovak Everton Supporters' Club"},"image":{"@id":"https:\/\/evertonfc.cz\/#\/schema\/logo\/image\/"},"sameAs":["https:\/\/www.facebook.com\/everton.fans.cz.sk"]},{"@type":"Person","@id":"https:\/\/evertonfc.cz\/#\/schema\/person\/d4493b8cbea51532597fbc4685698916","name":"BlueBlooded","url":"https:\/\/evertonfc.cz\/index.php\/author\/admin\/"}]}},"_links":{"self":[{"href":"https:\/\/evertonfc.cz\/index.php\/wp-json\/wp\/v2\/posts\/14804"}],"collection":[{"href":"https:\/\/evertonfc.cz\/index.php\/wp-json\/wp\/v2\/posts"}],"about":[{"href":"https:\/\/evertonfc.cz\/index.php\/wp-json\/wp\/v2\/types\/post"}],"author":[{"embeddable":true,"href":"https:\/\/evertonfc.cz\/index.php\/wp-json\/wp\/v2\/users\/1"}],"replies":[{"embeddable":true,"href":"https:\/\/evertonfc.cz\/index.php\/wp-json\/wp\/v2\/comments?post=14804"}],"version-history":[{"count":10,"href":"https:\/\/evertonfc.cz\/index.php\/wp-json\/wp\/v2\/posts\/14804\/revisions"}],"predecessor-version":[{"id":14815,"href":"https:\/\/evertonfc.cz\/index.php\/wp-json\/wp\/v2\/posts\/14804\/revisions\/14815"}],"wp:featuredmedia":[{"embeddable":true,"href":"https:\/\/evertonfc.cz\/index.php\/wp-json\/wp\/v2\/media\/14805"}],"wp:attachment":[{"href":"https:\/\/evertonfc.cz\/index.php\/wp-json\/wp\/v2\/media?parent=14804"}],"wp:term":[{"taxonomy":"category","embeddable":true,"href":"https:\/\/evertonfc.cz\/index.php\/wp-json\/wp\/v2\/categories?post=14804"},{"taxonomy":"post_tag","embeddable":true,"href":"https:\/\/evertonfc.cz\/index.php\/wp-json\/wp\/v2\/tags?post=14804"}],"curies":[{"name":"wp","href":"https:\/\/api.w.org\/{rel}","templated":true}]}}