{"id":14816,"date":"2021-03-28T22:04:33","date_gmt":"2021-03-28T20:04:33","guid":{"rendered":"https:\/\/evertonfc.cz\/?p=14816"},"modified":"2021-04-04T14:02:27","modified_gmt":"2021-04-04T12:02:27","slug":"brighton-hove-albion-w-everton-w-05","status":"publish","type":"post","link":"https:\/\/evertonfc.cz\/index.php\/2021\/03\/28\/brighton-hove-albion-w-everton-w-05\/","title":{"rendered":"Brighton &#038; Hove Albion W &#8211; Everton W 0:5"},"content":{"rendered":"<h4>Everton vyrazil za racky na jih Anglie, ale nep\u0159ijel je na Broadfield Stadium krmit. Po v\u00fdborn\u00e9m v\u00fdkonu si zp\u011bt na Merseyside odv\u00e1\u017e\u00ed 3 body, kdy\u017e Seaguls nad\u011blil 5 g\u00f3l\u016f.<\/h4>\n<p>Sez\u00f3na se ch\u00fdl\u00ed ke konci a v Evertonu je te\u010f ka\u017ed\u00fd bod v\u00edtan\u00fd. Z mo\u017en\u00fdch 15 jich Willie Kirk po\u017eaduje 15, my realist\u00e9 po\u010d\u00edt\u00e1me s 9. Po skv\u011bl\u00e9m venkovn\u00edm v\u00fdkonu dnes do kasi\u010dky spadly t\u0159i. Everton nenastoupil v nejsiln\u011bj\u0161\u00ed sestav\u011b. Dan Turner m\u00e1 pro poran\u011bn\u00ed l\u00fdtka nejsp\u00ed\u0161 u\u017e po sez\u00f3n\u011b. MacIver po\u0159\u00e1d nen\u00ed v dokonal\u00e9m po\u0159\u00e1dku po kolizi v z\u00e1pasu s Birminghamem. S\u00f8rensen za\u010dala z\u00e1pas na lavi\u010dce,\u00a0 Graham zrovna tak.<\/p>\n<h4>Prvn\u00ed polo\u010das<\/h4>\n<p>za\u010dali odhodlan\u011bji dom\u00e1c\u00ed. V 5. minut\u011b poslala svou sk\u00e1kavou vizitku na branku Lee, Korpela v\u0161ak nezav\u00e1hala. O p\u00e1r minut pozd\u011bji prov\u011b\u0159ila Walsh v brance rack\u016f st\u0159ela Raso, ale byla tak\u00e9 zne\u0161kodn\u011bna. Hra nad\u00e1le prob\u00edhala celkem vyrovnan\u011b s m\u00edrn\u00fdmi \u0161ancemi i zav\u00e1h\u00e1n\u00edmi na obou stran\u00e1ch. V 17. a 19. minut\u011b m\u00ed\u010de zna\u010dky mitro vypustily du\u0161i. Tenisov\u00fd pokyn &#8222;New ball!&#8220; ale\u00a0 v obou p\u0159\u00edpadech rychle zajistil p\u0159\u00edtomnost nov\u00e9 hern\u00ed pom\u016fcky a jelo se d\u00e1l. A\u017e do 23. minuty, kdy Raso nevzdala st\u00edh\u00e1n\u00ed m\u00ed\u010de a byla ve v\u00e1pn\u011b hokejov\u00fdm z\u00e1krokem posl\u00e1na k zemi Mayou Le Tissier. Penalta! Exekuce se ujala kapit\u00e1nka <strong>Izzy<\/strong> <strong>Christiansen<\/strong> a poslala m\u00ed\u010d do prav\u00e9ho doln\u00edho rohu za z\u00e1da Walsh &#8211;<strong> 0:1<\/strong>. O dv\u011b minuty pozd\u011bji prokli\u010dkovala <strong>Hayley Raso<\/strong> a\u017e p\u0159ed br\u00e1nu soupe\u0159ek a zv\u00fd\u0161ila na <strong>0:2<\/strong>. Brighton and Hove o chv\u00edli pozd\u011bji po zmatku v evertonsk\u00e9 obran\u011b m\u00e1lem sn\u00ed\u017eil, ale m\u00ed\u010d se nakonec povedlo uklidit do bezpe\u010d\u00ed.\u00a0 A p\u0159es ve\u0161kerou snahu dom\u00e1c\u00edch u\u017e do polo\u010dasu z\u016fstalo sk\u00f3re nezm\u011bn\u011bn\u00e9.<\/p>\n<h4>Druh\u00fd polo\u010das<\/h4>\n<p>p\u0159inesl dal\u0161\u00ed g\u00f3lovou nad\u00edlku. Ve 48. minut\u011b nebyla Emslie l\u00edn\u00e1 napadat rozehr\u00e1vku soupe\u0159ek. Povedlo se j\u00ed dostat pod tlak Le Tissier, uko\u0159istit j\u00ed m\u00ed\u010d i p\u0159ihr\u00e1t. Do jej\u00edho crossu se polo\u017eila <strong>Hayley Raso<\/strong> a hlavou p\u0159idala sv\u016fj druh\u00fd dne\u0161n\u00ed g\u00f3l &#8211;<strong> 0:3<\/strong>. Everton nad\u00e1le ve h\u0159e dominoval. P\u0159es slu\u0161nou \u0159\u00e1dku \u0161anc\u00ed p\u0159i\u0161el dal\u0161\u00ed g\u00f3l a\u017e v 64. minut\u011b, kdy po faulu na Scott rozehr\u00e1vala p\u0159\u00edm\u00fd kop Christainsen. M\u00ed\u010d propadl chaotickou obranou Seaguls a Riike Sevecke se <strong>Simone Magill<\/strong> zv\u00fd\u0161ily na <strong>0:4<\/strong> (g\u00f3l byl nakonec p\u0159ips\u00e1n na\u0161\u00ed Severoirce). Zlikvidovan\u00e1 hlavi\u010dka Whelan byla jedna z m\u00e1la \u0161anc\u00ed dom\u00e1c\u00edch, Everton v t\u00e9to dob\u011b p\u0159evzal ot\u011b\u017ee z\u00e1pasu. Aby toho nebylo m\u00e1lo, tak v 79. minut\u011b zprava centrovala S\u00f8rensen, jeji p\u0159ihr\u00e1vka se propletla mezi nohama rack\u016f a <strong>Hayley<\/strong> zbl\u00edzka zavr\u0161ila sv\u016fj dne\u0161n\u00ed hattrick &#8211; <strong>0:5<\/strong>. Dom\u00e1c\u00edm se u\u017e se sk\u00f3re nic ud\u011blat nepoda\u0159ilo.<\/p>\n<h4>Shrnut\u00ed:<\/h4>\n<p>Z\u00e1pas dnes bez debat pat\u0159il Hayley.\u00a0 Nejen\u017ee se j\u00ed povedl se prvn\u00ed hattrick v \u017eivot\u011b (nav\u00edc v klasick\u00e9 kombinaci prav\u00e1 noha, hlava a lev\u00e1 noha), ale pro obranu dom\u00e1c\u00edch byla st\u00e1lou hrozbou. Nen\u00ed divu, \u017ee si dnes odnesla m\u00ed\u010d dom\u016f. Velmi dob\u0159e ale dnes hr\u00e1l cel\u00fd n\u00e1\u0161 t\u00fdm.\u00a0 Pokud podobn\u00e9 v\u00fdkony p\u0159edvedeme i ve zbytku sez\u00f3ny, tak sice vzhledem k bodov\u00e9 propasti od postupov\u00fdch m\u00edst to na Evropu nejsp\u00ed\u0161 sta\u010dit nebude, ale na sez\u00f3nu se bude vzpom\u00ednat v dobr\u00e9m. Je to ale jen spekulace, na kone\u010dn\u00e9 \u00fa\u010dtov\u00e1n\u00ed je t\u0159eba si je\u0161t\u011b po\u010dkat. P\u0159i takov\u00fdchto v\u00fdkonech by to bylo \u010dek\u00e1n\u00ed p\u0159\u00edjemn\u00e9. Come on, you blue girls!<\/p>\n<p style=\"text-align: right;\"><span style=\"font-size: 8pt;\"><em>fotografie: Alisha Lehmann a Hayley Raso (zdroj: pinkerpost.com)<\/em><\/span><\/p>\n<p><strong>Branky:<\/strong> Christiansen 23\u2019, Raso 25\u2019 48\u2019 78\u2019, Magill 63<\/p>\n<p><strong>\u017dK:<\/strong> Kerkdijk 50\u2019 &#8211; Emslie 39\u2019, Pattinson 67\u2019<\/p>\n<p><strong>Brighton (4-2-3-1):<\/strong> Walsh &#8211; Kerdijk, Le Tissier, Whelan, Connolly &#8211; Lee (Green 56\u2019), Kaagman &#8211; Koivisto, Brazil (Symonds\u00a0 78\u2019), Simpkins (Bance 45\u2019) &#8211; Williams<\/p>\n<p><strong>Everton (4-2-3-1):<\/strong> Korpela &#8211; Moe Wold, Finnigan, Sevecke (George 85\u00b4), Pattinson &#8211; Christiansen, Scott (Graham 72\u00b4), &#8211; Raso, Stringer (Clinton 85\u00b4), Emslie (S\u00f8rensen 72\u00b4) &#8211; Magill (Lehmann 65\u00b4),<\/p>\n<p><strong>Rozhod\u010d\u00ed<\/strong>: Cristiana Hattersley<\/p>\n","protected":false},"excerpt":{"rendered":"<p>Everton vyrazil za racky na jih Anglie, ale nep\u0159ijel je na Broadfield Stadium krmit. Po v\u00fdborn\u00e9m v\u00fdkonu si zp\u011bt na Merseyside odv\u00e1\u017e\u00ed 3 body, kdy\u017e Seaguls nad\u011blil 5 g\u00f3l\u016f.<\/p>\n","protected":false},"author":26,"featured_media":14818,"comment_status":"open","ping_status":"closed","sticky":false,"template":"","format":"standard","meta":{"_eb_attr":"","_monsterinsights_skip_tracking":false,"_monsterinsights_sitenote_active":false,"_monsterinsights_sitenote_note":"","_monsterinsights_sitenote_category":0,"footnotes":""},"categories":[110],"tags":[],"yoast_head":"<!-- This site is optimized with the Yoast SEO plugin v23.4 - https:\/\/yoast.com\/wordpress\/plugins\/seo\/ -->\n<title>Brighton &amp; Hove Albion W - Everton W 0:5 - Official Czech &amp; Slovak Everton Supporters&#039; Club<\/title>\n<meta name=\"robots\" content=\"index, follow, max-snippet:-1, max-image-preview:large, max-video-preview:-1\" \/>\n<link rel=\"canonical\" href=\"https:\/\/evertonfc.cz\/index.php\/2021\/03\/28\/brighton-hove-albion-w-everton-w-05\/\" \/>\n<meta property=\"og:locale\" content=\"cs_CZ\" \/>\n<meta property=\"og:type\" content=\"article\" \/>\n<meta property=\"og:title\" content=\"Brighton &amp; Hove Albion W - Everton W 0:5 - Official Czech &amp; Slovak Everton Supporters&#039; Club\" \/>\n<meta property=\"og:description\" content=\"Everton vyrazil za racky na jih Anglie, ale nep\u0159ijel je na Broadfield Stadium krmit. Po v\u00fdborn\u00e9m v\u00fdkonu si zp\u011bt na Merseyside odv\u00e1\u017e\u00ed 3 body, kdy\u017e Seaguls nad\u011blil 5 g\u00f3l\u016f.\" \/>\n<meta property=\"og:url\" content=\"https:\/\/evertonfc.cz\/index.php\/2021\/03\/28\/brighton-hove-albion-w-everton-w-05\/\" \/>\n<meta property=\"og:site_name\" content=\"Official Czech &amp; Slovak Everton Supporters&#039; Club\" \/>\n<meta property=\"article:publisher\" content=\"https:\/\/www.facebook.com\/everton.fans.cz.sk\" \/>\n<meta property=\"article:published_time\" content=\"2021-03-28T20:04:33+00:00\" \/>\n<meta property=\"article:modified_time\" content=\"2021-04-04T12:02:27+00:00\" \/>\n<meta property=\"og:image\" content=\"https:\/\/evertonfc.cz\/wp-content\/uploads\/2021\/03\/Raso_vs_Brighton-and-Hove-Albion-Women_28_3_2021_web.jpg\" \/>\n\t<meta property=\"og:image:width\" content=\"720\" \/>\n\t<meta property=\"og:image:height\" content=\"405\" \/>\n\t<meta property=\"og:image:type\" content=\"image\/jpeg\" \/>\n<meta name=\"author\" content=\"Karamela\" \/>\n<meta name=\"twitter:card\" content=\"summary_large_image\" \/>\n<meta name=\"twitter:label1\" content=\"Napsal(a)\" \/>\n\t<meta name=\"twitter:data1\" content=\"Karamela\" \/>\n\t<meta name=\"twitter:label2\" content=\"Odhadovan\u00e1 doba \u010dten\u00ed\" \/>\n\t<meta name=\"twitter:data2\" content=\"3 minuty\" \/>\n<script type=\"application\/ld+json\" class=\"yoast-schema-graph\">{\"@context\":\"https:\/\/schema.org\",\"@graph\":[{\"@type\":\"Article\",\"@id\":\"https:\/\/evertonfc.cz\/index.php\/2021\/03\/28\/brighton-hove-albion-w-everton-w-05\/#article\",\"isPartOf\":{\"@id\":\"https:\/\/evertonfc.cz\/index.php\/2021\/03\/28\/brighton-hove-albion-w-everton-w-05\/\"},\"author\":{\"name\":\"Karamela\",\"@id\":\"https:\/\/evertonfc.cz\/#\/schema\/person\/e9a24a80a32efa1344dd2c4e5882185c\"},\"headline\":\"Brighton &#038; Hove Albion W &#8211; Everton W 0:5\",\"datePublished\":\"2021-03-28T20:04:33+00:00\",\"dateModified\":\"2021-04-04T12:02:27+00:00\",\"mainEntityOfPage\":{\"@id\":\"https:\/\/evertonfc.cz\/index.php\/2021\/03\/28\/brighton-hove-albion-w-everton-w-05\/\"},\"wordCount\":737,\"commentCount\":0,\"publisher\":{\"@id\":\"https:\/\/evertonfc.cz\/#organization\"},\"image\":{\"@id\":\"https:\/\/evertonfc.cz\/index.php\/2021\/03\/28\/brighton-hove-albion-w-everton-w-05\/#primaryimage\"},\"thumbnailUrl\":\"https:\/\/evertonfc.cz\/wp-content\/uploads\/2021\/03\/Raso_vs_Brighton-and-Hove-Albion-Women_28_3_2021_web.jpg\",\"articleSection\":[\"Everton Women\"],\"inLanguage\":\"cs\",\"potentialAction\":[{\"@type\":\"CommentAction\",\"name\":\"Comment\",\"target\":[\"https:\/\/evertonfc.cz\/index.php\/2021\/03\/28\/brighton-hove-albion-w-everton-w-05\/#respond\"]}]},{\"@type\":\"WebPage\",\"@id\":\"https:\/\/evertonfc.cz\/index.php\/2021\/03\/28\/brighton-hove-albion-w-everton-w-05\/\",\"url\":\"https:\/\/evertonfc.cz\/index.php\/2021\/03\/28\/brighton-hove-albion-w-everton-w-05\/\",\"name\":\"Brighton & Hove Albion W - Everton W 0:5 - Official Czech &amp; Slovak Everton Supporters&#039; Club\",\"isPartOf\":{\"@id\":\"https:\/\/evertonfc.cz\/#website\"},\"primaryImageOfPage\":{\"@id\":\"https:\/\/evertonfc.cz\/index.php\/2021\/03\/28\/brighton-hove-albion-w-everton-w-05\/#primaryimage\"},\"image\":{\"@id\":\"https:\/\/evertonfc.cz\/index.php\/2021\/03\/28\/brighton-hove-albion-w-everton-w-05\/#primaryimage\"},\"thumbnailUrl\":\"https:\/\/evertonfc.cz\/wp-content\/uploads\/2021\/03\/Raso_vs_Brighton-and-Hove-Albion-Women_28_3_2021_web.jpg\",\"datePublished\":\"2021-03-28T20:04:33+00:00\",\"dateModified\":\"2021-04-04T12:02:27+00:00\",\"breadcrumb\":{\"@id\":\"https:\/\/evertonfc.cz\/index.php\/2021\/03\/28\/brighton-hove-albion-w-everton-w-05\/#breadcrumb\"},\"inLanguage\":\"cs\",\"potentialAction\":[{\"@type\":\"ReadAction\",\"target\":[\"https:\/\/evertonfc.cz\/index.php\/2021\/03\/28\/brighton-hove-albion-w-everton-w-05\/\"]}]},{\"@type\":\"ImageObject\",\"inLanguage\":\"cs\",\"@id\":\"https:\/\/evertonfc.cz\/index.php\/2021\/03\/28\/brighton-hove-albion-w-everton-w-05\/#primaryimage\",\"url\":\"https:\/\/evertonfc.cz\/wp-content\/uploads\/2021\/03\/Raso_vs_Brighton-and-Hove-Albion-Women_28_3_2021_web.jpg\",\"contentUrl\":\"https:\/\/evertonfc.cz\/wp-content\/uploads\/2021\/03\/Raso_vs_Brighton-and-Hove-Albion-Women_28_3_2021_web.jpg\",\"width\":720,\"height\":405},{\"@type\":\"BreadcrumbList\",\"@id\":\"https:\/\/evertonfc.cz\/index.php\/2021\/03\/28\/brighton-hove-albion-w-everton-w-05\/#breadcrumb\",\"itemListElement\":[{\"@type\":\"ListItem\",\"position\":1,\"name\":\"Home\",\"item\":\"https:\/\/evertonfc.cz\/\"},{\"@type\":\"ListItem\",\"position\":2,\"name\":\"Brighton &#038; Hove Albion W &#8211; Everton W 0:5\"}]},{\"@type\":\"WebSite\",\"@id\":\"https:\/\/evertonfc.cz\/#website\",\"url\":\"https:\/\/evertonfc.cz\/\",\"name\":\"Official Czech &amp; Slovak Everton Supporters&#039; Club\",\"description\":\"\",\"publisher\":{\"@id\":\"https:\/\/evertonfc.cz\/#organization\"},\"potentialAction\":[{\"@type\":\"SearchAction\",\"target\":{\"@type\":\"EntryPoint\",\"urlTemplate\":\"https:\/\/evertonfc.cz\/?s={search_term_string}\"},\"query-input\":{\"@type\":\"PropertyValueSpecification\",\"valueRequired\":true,\"valueName\":\"search_term_string\"}}],\"inLanguage\":\"cs\"},{\"@type\":\"Organization\",\"@id\":\"https:\/\/evertonfc.cz\/#organization\",\"name\":\"Official Czech & Slovak Everton Supporters' Club\",\"url\":\"https:\/\/evertonfc.cz\/\",\"logo\":{\"@type\":\"ImageObject\",\"inLanguage\":\"cs\",\"@id\":\"https:\/\/evertonfc.cz\/#\/schema\/logo\/image\/\",\"url\":\"https:\/\/evertonfc.cz\/wp-content\/uploads\/2019\/05\/logo.png\",\"contentUrl\":\"https:\/\/evertonfc.cz\/wp-content\/uploads\/2019\/05\/logo.png\",\"width\":112,\"height\":112,\"caption\":\"Official Czech & Slovak Everton Supporters' Club\"},\"image\":{\"@id\":\"https:\/\/evertonfc.cz\/#\/schema\/logo\/image\/\"},\"sameAs\":[\"https:\/\/www.facebook.com\/everton.fans.cz.sk\"]},{\"@type\":\"Person\",\"@id\":\"https:\/\/evertonfc.cz\/#\/schema\/person\/e9a24a80a32efa1344dd2c4e5882185c\",\"name\":\"Karamela\",\"url\":\"https:\/\/evertonfc.cz\/index.php\/author\/karamela\/\"}]}<\/script>\n<!-- \/ Yoast SEO plugin. -->","yoast_head_json":{"title":"Brighton & Hove Albion W - Everton W 0:5 - Official Czech &amp; Slovak Everton Supporters&#039; Club","robots":{"index":"index","follow":"follow","max-snippet":"max-snippet:-1","max-image-preview":"max-image-preview:large","max-video-preview":"max-video-preview:-1"},"canonical":"https:\/\/evertonfc.cz\/index.php\/2021\/03\/28\/brighton-hove-albion-w-everton-w-05\/","og_locale":"cs_CZ","og_type":"article","og_title":"Brighton & Hove Albion W - Everton W 0:5 - Official Czech &amp; Slovak Everton Supporters&#039; Club","og_description":"Everton vyrazil za racky na jih Anglie, ale nep\u0159ijel je na Broadfield Stadium krmit. Po v\u00fdborn\u00e9m v\u00fdkonu si zp\u011bt na Merseyside odv\u00e1\u017e\u00ed 3 body, kdy\u017e Seaguls nad\u011blil 5 g\u00f3l\u016f.","og_url":"https:\/\/evertonfc.cz\/index.php\/2021\/03\/28\/brighton-hove-albion-w-everton-w-05\/","og_site_name":"Official Czech &amp; Slovak Everton Supporters&#039; Club","article_publisher":"https:\/\/www.facebook.com\/everton.fans.cz.sk","article_published_time":"2021-03-28T20:04:33+00:00","article_modified_time":"2021-04-04T12:02:27+00:00","og_image":[{"width":720,"height":405,"url":"https:\/\/evertonfc.cz\/wp-content\/uploads\/2021\/03\/Raso_vs_Brighton-and-Hove-Albion-Women_28_3_2021_web.jpg","type":"image\/jpeg"}],"author":"Karamela","twitter_card":"summary_large_image","twitter_misc":{"Napsal(a)":"Karamela","Odhadovan\u00e1 doba \u010dten\u00ed":"3 minuty"},"schema":{"@context":"https:\/\/schema.org","@graph":[{"@type":"Article","@id":"https:\/\/evertonfc.cz\/index.php\/2021\/03\/28\/brighton-hove-albion-w-everton-w-05\/#article","isPartOf":{"@id":"https:\/\/evertonfc.cz\/index.php\/2021\/03\/28\/brighton-hove-albion-w-everton-w-05\/"},"author":{"name":"Karamela","@id":"https:\/\/evertonfc.cz\/#\/schema\/person\/e9a24a80a32efa1344dd2c4e5882185c"},"headline":"Brighton &#038; Hove Albion W &#8211; Everton W 0:5","datePublished":"2021-03-28T20:04:33+00:00","dateModified":"2021-04-04T12:02:27+00:00","mainEntityOfPage":{"@id":"https:\/\/evertonfc.cz\/index.php\/2021\/03\/28\/brighton-hove-albion-w-everton-w-05\/"},"wordCount":737,"commentCount":0,"publisher":{"@id":"https:\/\/evertonfc.cz\/#organization"},"image":{"@id":"https:\/\/evertonfc.cz\/index.php\/2021\/03\/28\/brighton-hove-albion-w-everton-w-05\/#primaryimage"},"thumbnailUrl":"https:\/\/evertonfc.cz\/wp-content\/uploads\/2021\/03\/Raso_vs_Brighton-and-Hove-Albion-Women_28_3_2021_web.jpg","articleSection":["Everton Women"],"inLanguage":"cs","potentialAction":[{"@type":"CommentAction","name":"Comment","target":["https:\/\/evertonfc.cz\/index.php\/2021\/03\/28\/brighton-hove-albion-w-everton-w-05\/#respond"]}]},{"@type":"WebPage","@id":"https:\/\/evertonfc.cz\/index.php\/2021\/03\/28\/brighton-hove-albion-w-everton-w-05\/","url":"https:\/\/evertonfc.cz\/index.php\/2021\/03\/28\/brighton-hove-albion-w-everton-w-05\/","name":"Brighton & Hove Albion W - Everton W 0:5 - Official Czech &amp; Slovak Everton Supporters&#039; Club","isPartOf":{"@id":"https:\/\/evertonfc.cz\/#website"},"primaryImageOfPage":{"@id":"https:\/\/evertonfc.cz\/index.php\/2021\/03\/28\/brighton-hove-albion-w-everton-w-05\/#primaryimage"},"image":{"@id":"https:\/\/evertonfc.cz\/index.php\/2021\/03\/28\/brighton-hove-albion-w-everton-w-05\/#primaryimage"},"thumbnailUrl":"https:\/\/evertonfc.cz\/wp-content\/uploads\/2021\/03\/Raso_vs_Brighton-and-Hove-Albion-Women_28_3_2021_web.jpg","datePublished":"2021-03-28T20:04:33+00:00","dateModified":"2021-04-04T12:02:27+00:00","breadcrumb":{"@id":"https:\/\/evertonfc.cz\/index.php\/2021\/03\/28\/brighton-hove-albion-w-everton-w-05\/#breadcrumb"},"inLanguage":"cs","potentialAction":[{"@type":"ReadAction","target":["https:\/\/evertonfc.cz\/index.php\/2021\/03\/28\/brighton-hove-albion-w-everton-w-05\/"]}]},{"@type":"ImageObject","inLanguage":"cs","@id":"https:\/\/evertonfc.cz\/index.php\/2021\/03\/28\/brighton-hove-albion-w-everton-w-05\/#primaryimage","url":"https:\/\/evertonfc.cz\/wp-content\/uploads\/2021\/03\/Raso_vs_Brighton-and-Hove-Albion-Women_28_3_2021_web.jpg","contentUrl":"https:\/\/evertonfc.cz\/wp-content\/uploads\/2021\/03\/Raso_vs_Brighton-and-Hove-Albion-Women_28_3_2021_web.jpg","width":720,"height":405},{"@type":"BreadcrumbList","@id":"https:\/\/evertonfc.cz\/index.php\/2021\/03\/28\/brighton-hove-albion-w-everton-w-05\/#breadcrumb","itemListElement":[{"@type":"ListItem","position":1,"name":"Home","item":"https:\/\/evertonfc.cz\/"},{"@type":"ListItem","position":2,"name":"Brighton &#038; Hove Albion W &#8211; Everton W 0:5"}]},{"@type":"WebSite","@id":"https:\/\/evertonfc.cz\/#website","url":"https:\/\/evertonfc.cz\/","name":"Official Czech &amp; Slovak Everton Supporters&#039; Club","description":"","publisher":{"@id":"https:\/\/evertonfc.cz\/#organization"},"potentialAction":[{"@type":"SearchAction","target":{"@type":"EntryPoint","urlTemplate":"https:\/\/evertonfc.cz\/?s={search_term_string}"},"query-input":{"@type":"PropertyValueSpecification","valueRequired":true,"valueName":"search_term_string"}}],"inLanguage":"cs"},{"@type":"Organization","@id":"https:\/\/evertonfc.cz\/#organization","name":"Official Czech & Slovak Everton Supporters' Club","url":"https:\/\/evertonfc.cz\/","logo":{"@type":"ImageObject","inLanguage":"cs","@id":"https:\/\/evertonfc.cz\/#\/schema\/logo\/image\/","url":"https:\/\/evertonfc.cz\/wp-content\/uploads\/2019\/05\/logo.png","contentUrl":"https:\/\/evertonfc.cz\/wp-content\/uploads\/2019\/05\/logo.png","width":112,"height":112,"caption":"Official Czech & Slovak Everton Supporters' Club"},"image":{"@id":"https:\/\/evertonfc.cz\/#\/schema\/logo\/image\/"},"sameAs":["https:\/\/www.facebook.com\/everton.fans.cz.sk"]},{"@type":"Person","@id":"https:\/\/evertonfc.cz\/#\/schema\/person\/e9a24a80a32efa1344dd2c4e5882185c","name":"Karamela","url":"https:\/\/evertonfc.cz\/index.php\/author\/karamela\/"}]}},"_links":{"self":[{"href":"https:\/\/evertonfc.cz\/index.php\/wp-json\/wp\/v2\/posts\/14816"}],"collection":[{"href":"https:\/\/evertonfc.cz\/index.php\/wp-json\/wp\/v2\/posts"}],"about":[{"href":"https:\/\/evertonfc.cz\/index.php\/wp-json\/wp\/v2\/types\/post"}],"author":[{"embeddable":true,"href":"https:\/\/evertonfc.cz\/index.php\/wp-json\/wp\/v2\/users\/26"}],"replies":[{"embeddable":true,"href":"https:\/\/evertonfc.cz\/index.php\/wp-json\/wp\/v2\/comments?post=14816"}],"version-history":[{"count":8,"href":"https:\/\/evertonfc.cz\/index.php\/wp-json\/wp\/v2\/posts\/14816\/revisions"}],"predecessor-version":[{"id":14825,"href":"https:\/\/evertonfc.cz\/index.php\/wp-json\/wp\/v2\/posts\/14816\/revisions\/14825"}],"wp:featuredmedia":[{"embeddable":true,"href":"https:\/\/evertonfc.cz\/index.php\/wp-json\/wp\/v2\/media\/14818"}],"wp:attachment":[{"href":"https:\/\/evertonfc.cz\/index.php\/wp-json\/wp\/v2\/media?parent=14816"}],"wp:term":[{"taxonomy":"category","embeddable":true,"href":"https:\/\/evertonfc.cz\/index.php\/wp-json\/wp\/v2\/categories?post=14816"},{"taxonomy":"post_tag","embeddable":true,"href":"https:\/\/evertonfc.cz\/index.php\/wp-json\/wp\/v2\/tags?post=14816"}],"curies":[{"name":"wp","href":"https:\/\/api.w.org\/{rel}","templated":true}]}}