{"id":14829,"date":"2021-03-31T19:54:38","date_gmt":"2021-03-31T17:54:38","guid":{"rendered":"https:\/\/evertonfc.cz\/?p=14829"},"modified":"2021-04-30T21:37:00","modified_gmt":"2021-04-30T19:37:00","slug":"listky-do-goodison-parku-nebyly-nahoda","status":"publish","type":"post","link":"https:\/\/evertonfc.cz\/index.php\/2021\/03\/31\/listky-do-goodison-parku-nebyly-nahoda\/","title":{"rendered":"\u201eL\u00edstky do Goodison Parku nebyly n\u00e1hoda\u201c"},"content":{"rendered":"<h4>Koncom minul\u00e9ho roka na\u0161e skromn\u00e9 rady roz\u0161\u00edril nov\u00fd redaktor. Napadlo n\u00e1m, \u017ee vzh\u013eadom na jeho pletky s EFC, ktor\u00e9 za\u017eil z prvej ruky, by nebolo od veci vyspoveda\u0165 ho.<\/h4>\n<p style=\"text-align: center;\">***<\/p>\n<h4><span style=\"font-size: 12pt;\"><em>Jeho meno je Petr, a\u00a0tu na webe p\u00f4sob\u00ed pod rovnak\u00fdm nickom. Tak\u017ee, zdrav\u00edm \u0165a, Pet\u0159e, a\u00a0e\u0161te raz \u0165a v\u00a0na\u0161ej komunite v\u00edtam. Ani nevie\u0161, ako m\u0148a osobne pote\u0161ilo tvoje zjavenie sa z\u00a0\u010dista jasna. Je skvel\u00e9, \u017ee sa n\u00e1m po dlhom \u010dase kone\u010dne niekto ozval na pomoc (t\u00fdmto tie\u017e pozdravujem Karamelu a\u00a0Fipa). A\u00a0e\u0161te k tomu niekto \u00faplne nov\u00fd, kto na\u0161e str\u00e1nky v\u00f4bec nepoznal, ako si s\u00e1m spomenul vo svojej reakcii na n\u00e1\u0161 inzer\u00e1t. Prezra\u010f, ako si na\u0148 natrafil? Alebo, vie\u0161 \u010do? Za\u010dni t\u00fdm, ako si sa dostal k\u00a0Evertonu!<\/em><\/span><\/h4>\n<p>Ahoj, d\u00edky je\u0161t\u011b jednou za p\u0159iv\u00edt\u00e1n\u00ed a \u0161anci se pod\u00edlet na webu. K Evertonu jsem se dostal t\u00edm, \u017ee jsme se se \u017eenou v n\u011bkdy l\u00e9t\u011b 2017 odst\u011bhovali do Liverpoolu. P\u0159edt\u00edm jsem Everton nesledoval n\u011bjak v\u00edc ne\u017e zbytek Premier League, ale po prvn\u00edm z\u00e1pasu v Goodison Parku jsem m\u011bl jasno. Up\u0159\u00edmn\u011b \u0159e\u010deno jsem do t\u00e9 doby v\u00edc sledoval LFC, asi kv\u016fli v\u00fdrazn\u011bj\u0161\u00ed \u010desk\u00e9 stop\u011b v klubu, taky se dote\u010f pova\u017euju za fanou\u0161ka Kloppa a jeho pr\u00e1ce. Kdy\u017e jsme se pak asi p\u0159ed rokem vr\u00e1tili z Anglie, hledal jsem z \u010dir\u00e9 zv\u011bdavosti, jestli tady existuje n\u011bco jako fanklub, p\u0159\u00edpadn\u011b web s novinkami z <span style=\"font-size: 12pt;\">klubu. Tak jsem narazil na zm\u00edn\u011bn\u00fd inzer\u00e1t a \u0159ekl jsem si, \u017ee to zkus\u00edm&#8230;.<\/span><\/p>\n<h4><span style=\"font-size: 12pt;\"><em>Uff, to bolo tesn\u00e9&#8230; e\u0161te \u017ee si sa dostal na to spr\u00e1vne miesto! A\u00a0t\u00e1 \u00faprimnos\u0165 sa cen\u00ed tie\u017e. Ale ned\u00e1 mi nesp\u00fdta\u0165 sa, ak m\u00f4\u017eem, \u010do m\u00f4\u017ee robi\u0165 tuzem\u010dan v\u00a0tak nie pr\u00edli\u0161 l\u00e1kavom meste ako Liverpool? Ja asi nie som \u010dlovek, \u010do by sa len tak zobral a\u00a0odi\u0161iel \u017ei\u0165 do inej krajiny. Av\u0161ak pre m\u0148a ako fan\u00fa\u0161ika, by bolo zauj\u00edmav\u00e9 vedie\u0165, ako vyzer\u00e1 tak\u00fd be\u017en\u00fd \u017eivot v\u00a0meste The Beatles, \u010di by som bol eventu\u00e1lne schopn\u00fd si tam zvykn\u00fa\u0165. Predsa len zohna\u0165 pr\u00e1cu, zvykn\u00fa\u0165 si na kult\u00faru, \u013eud\u00ed. O\u00a0pr\u00edzvuku nehovoriac.<\/em><\/span><\/h4>\n<p>Liverpool rozhodn\u011b m\u016f\u017ee b\u00fdt zaj\u00edmav\u00e1 destinace. M\u011bsto samo o sob\u011b nen\u00ed jenom o Beatles a fotbalu, nab\u00edz\u00ed vlastn\u011b v\u0161echno, na co si vzpomene\u0161 jako ka\u017ed\u00e1 modern\u00ed metropole. Rozhodn\u011b ale poskytuje levn\u00e9 a dostupn\u00e9 bydlen\u00ed, dostatek pr\u00e1ce pro nov\u011b p\u0159\u00edchoz\u00ed, je tam po\u010detn\u00e1 komunita \u010cech\u016f a Slov\u00e1k\u016f. Nav\u00edc dal\u0161\u00ed, pro n\u00e1s asi rozhoduj\u00edc\u00ed krit\u00e9rium &#8211; poloha a dopravn\u00ed dostupnost. V\u00fdlet\u016f po okol\u00ed by se dalo naj\u00edt nespo\u010detn\u011b &#8211; doporu\u010dil bych t\u0159eba severn\u00ed pob\u0159e\u017e\u00ed Walesu, Snowdonia, Isle of Man, Lake District&#8230; Obecn\u011b si mysl\u00edm, \u017ee si tam zvykne\u0161 rychle a bez probl\u00e9m\u016f, pokud tedy m\u00e1\u0161 pr\u00e1ci a rozum\u00ed\u0161 alespo\u0148 trochu anglicky. Kulturn\u00ed rozd\u00edly samoz\u0159ejm\u011b najde\u0161, ale nijak z\u00e1sadn\u00ed, v\u011bt\u0161ina Angli\u010dan\u016f kter\u00e9 jsme poznali byli mil\u00ed a p\u0159\u00e1tel\u0161t\u00ed lid\u00e9. Scouse je kapitola sama o sob\u011b, ob\u010das jsem doopravdy nev\u011bd\u011bl, jestli je to po\u0159\u00e1d angli\u010dtina.<\/p>\n<h4><span style=\"font-size: 12pt;\"><em><span style=\"font-size: 12pt;\">Spom\u00ednal si svoju osudov\u00fa n\u00e1v\u0161tevu The Grand Old Lady. T\u00fa prv\u00fa. Tak\u017ee jednoduch\u00e9 ot\u00e1zky vy\u017eaduj\u00face preh\u00e1\u0148aj\u00face odpovede. Ako k tomu do\u0161lo, ktor\u00fd z\u00e1pas to bol, a ak\u00e9 si mal z toho dojmy? Ke\u010f\u017ee sa z teba stal Evertonian, musel to by\u0165 ur\u010dite siln\u00fd <\/span><span style=\"font-size: 16px;\">z\u00e1\u017eitok<\/span><span style=\"font-size: 12pt;\">.<\/span><\/em><\/span><\/h4>\n<p>Na to nikdy nezapomenu, dostal jsem lupeny k narozenin\u00e1m. Bylo to v listopadu 2017 t\u011bsn\u011b p\u0159ed p\u0159\u00edchodem Big Sama, v\u00fdhra 4:0 nad Hammers, Wayne Rooney dal hattrick, kr\u00e1sn\u00fd g\u00f3l z p\u016flky h\u0159i\u0161t\u011b, Joe Hart jen koukal co se d\u011bje&#8230; Atmosf\u00e9ra na stadionu byla skv\u011bl\u00e1. Nemohl jsem se do\u010dkat dal\u0161\u00edho z\u00e1pasu.<\/p>\n<h4><span style=\"font-size: 12pt;\"><em>\u00c1no, na to sa dobre spom\u00edna, hoci to nebolo pr\u00e1ve naj\u0161\u0165astnej\u0161ie obdobie klubu. Pickford dokonca vychatal Lanziniho penaltu. Av\u0161ak v\u00eddavali sme Sigurdssona na kr\u00eddle, ignor\u00e1ciu Vla\u0161i\u0107a a\u00a0Martinu na \u013eavom beku. Hehe, ale nezam\u00fd\u0161\u013eal si sa niekedy, \u017ee by si mohol chodi\u0165 na ved\u013eaj\u0161\u00ed \u0161tadi\u00f3n, keby sa narodeninov\u00fd dar\u010dek zvrhol \u201ezl\u00fdm\u201c smerom? Bohu\u017eia\u013e, Anfield u\u010daroval u\u017e ve\u013ea ne\u0161\u0165astn\u00edkom&#8230;<\/em><\/span><\/h4>\n<p>V\u011b\u0159\u00edm, \u017ee atmosf\u00e9ra na Anfieldu je unik\u00e1tn\u00ed, p\u0159i z\u00e1pasech sly\u0161\u00ed\u0161 &#8222;You&#8217;ll Never Walk Alone&#8220; skoro p\u0159es p\u016fl m\u011bsta. Stadion z architektonick\u00e9 str\u00e1nky taky ur\u010dit\u011b stoj\u00ed za to vid\u011bt, osobn\u011b se mi l\u00edb\u00ed t\u0159eba v\u00edc ne\u017e Camp Nou nebo Old Trafford. Ale t\u00edm to asi kon\u010d\u00ed, l\u00edstky do Goodison Parku nebyly n\u00e1hoda, cht\u011bl jsem vid\u011bt Everton a dostal jsem co jsem cht\u011bl.<\/p>\n<h4><span style=\"font-size: 12pt;\"><em>Ah, to sa dobre \u010d\u00edta. Spom\u00edna\u0161 r\u00f4zne \u0161tadi\u00f3ny, nav\u0161t\u00edvil si aj in\u00e9 z\u00e1pasy po\u010das tvojho pobytu na ostrovoch? Z\u00e1\u017eitky, o ktor\u00e9 by si sa mohol podeli\u0165? Na Merseyside sa pon\u00faka tradi\u010dn\u00fd Prenton Park, bl\u00edzko walesk\u00fd Wrexham a samozrejme nespo\u010det in\u00fdch v\u00e4\u010d\u0161\u00edch aj men\u0161\u00edch anglick\u00fdch b\u00e1\u0161t futbalu v bl\u00edzkom aj vzdialenej\u0161om okol\u00ed.<\/em><\/span><\/h4>\n<p>P\u00e1rkr\u00e1t jsem byl na z\u00e1pasu v Birkenheadu na Tranmere Rovers, ale to sp\u00ed\u0161 ze zv\u011bdavosti, ne \u017ee bych jim fandil. Nejv\u00edc m\u011b tam asi bavil z\u00e1pas kdy se hr\u00e1la s Forest Green Rovers bar\u00e1\u017e o postup do League One. Fanou\u0161ci FGR byli fakt skv\u011bl\u00ed lidi, dob\u0159e jsem si s nimi popov\u00eddal a i kdy\u017e jich tam bylo jenom p\u00e1r a FGR prohr\u00e1vali, prost\u011b si to u\u017e\u00edvali a fandili naplno cel\u00fd z\u00e1pas. Jin\u00e9 stadiony jsem bohu\u017eel moc nestihl, nebo jen letmo p\u0159i n\u00e1v\u0161t\u011bv\u011b m\u011bsta (Glasgow, Manchester).<\/p>\n<h4><span style=\"font-size: 12pt;\"><em>A\u00a0\u010do Evertonians? Priamo v\u00a0meste, \u010di celkovo. Ur\u010dite si mal mo\u017enos\u0165 spozna\u0165 ich ne\u00farekom, \u010di u\u017e po\u010das z\u00e1pasov alebo v\u00a0be\u017enom \u017eivote v\u00a0meste. C\u00edtil si sa \u201eby\u0165 prijat\u00fd\u201c dom\u00e1cou komunitou fan\u00fa\u0161ikov ako \u010cech, pracuj\u00faci v\u00a0zahrani\u010d\u00ed? Celkom by ma tie\u017e zauj\u00edmalo, ke\u010f si spomenul, \u017ee je tam aj mno\u017estvo na\u0161incov, s\u00a0ktor\u00fdmi si sa predpoklad\u00e1m aj stretol, \u010di niektor\u00fdch z\u00a0nich pobl\u00e1znil Everton tak ako teba. Mohli by sme z\u00a0nich mo\u017eno regrutova\u0165, haha. Nem\u00f4\u017ee tie\u017e ch\u00fdba\u0165 ot\u00e1zka \u2013 je mesto modr\u00e9?<\/em><\/span><\/h4>\n<p>Mysl\u00edm si, \u017ee v Liverpoolu nemaj\u00ed probl\u00e9m se zahrani\u010dn\u00edmi pracovn\u00edky, je to tam opravdu multi-kulti, jsou na n\u00e1s zvykl\u00ed. V\u017edycky se samoz\u0159ejm\u011b najdou vyj\u00edmky, kter\u00e9 jsem na\u0161t\u011bst\u00ed osobn\u011b nepoznal. Co se t\u00fdk\u00e1 kraj\u00e1nk\u016f, bohu\u017eel jsem nenarazil na fotbalov\u00e9 fandy obecn\u011b, nezn\u00e1m ani nikoho, kdo by chodil t\u0159eba na LFC. Co se t\u00fdk\u00e1 Anglick\u00fdch Evertonians kter\u00e9 jsem mohl poznat, m\u016f\u017eu mluvit jen v superlativech, ale to by asi bylo na del\u0161\u00ed pov\u00edd\u00e1n\u00ed. \u017de je m\u011bsto modr\u00e9 se rozhodn\u011b \u0159\u00edct ned\u00e1, ale ur\u010dit\u011b nen\u00ed ani \u010derven\u00e9. Oba velk\u00e9 t\u00fdmy maj\u00ed po\u010detnou fanou\u0161kovskou z\u00e1kladnu a je to vid\u011bt.<\/p>\n<h4><span style=\"font-size: 12pt;\"><em>Fajn, s\u00a0t\u00fdm sa viem stoto\u017eni\u0165. \u010clovek by sa aj ob\u00e1val prevahy popularity temnej strany v\u010faka poslednej pol dek\u00e1de \u00faspechov. Preto prejdime trochu viac na dianie v\u00a0klube. Ke\u010f si spom\u00ednal, \u017ee si sa do EFC \u00faplne zamiloval po n\u00e1v\u0161teve Goodison Parku, to u\u017e bola naplno rozbehnut\u00e1 \u00e9ra Moshiriho. Do klubu sa pumpovali peniaze, no v\u00fdsledky akosi st\u00e1le zaost\u00e1vali, aj preto sme pretrpeli hne\u010f nieko\u013eko falo\u0161n\u00fdch \u00fasvitov a\u00a0mana\u017e\u00e9rskych nezdarov. Ako ty vn\u00edma\u0161 aktu\u00e1lne dianie v\u00a0klube?<\/em><\/span><\/h4>\n<p>Popularita jak \u0159\u00edk\u00e1\u0161 temn\u00e9 strany se d\u00e1 naj\u00edt hlavn\u011b mimo Liverpool, po cel\u00e9m sv\u011bt\u011b. Spousta lid\u00ed prost\u011b fand\u00ed v\u00edt\u011bz\u016fm a za p\u00e1r let si na n\u011b ani nevzpomene. P\u0159\u00edmo ve m\u011bst\u011b je to trochu jin\u00fd, kdy\u017e se v tam narod\u00ed\u0161 a \u017eije\u0161 tam od mala, u\u017e t\u011b\u00a0 tolik nezaj\u00edmaj\u00ed \u00fasp\u011bchy jako sp\u00ed\u0161 ta komunita. Zn\u00e1m skaln\u00ed fanou\u0161ky, kte\u0159\u00ed za\u010dali chodit na Everton jenom kv\u016fli tomu, \u017ee je tam kdysi vzali jejich d\u011bdov\u00e9. Co se t\u00fdk\u00e1 aktu\u00e1ln\u00edho d\u011bn\u00ed, jsem r\u00e1d, \u017ee jsme p\u0159ivedli tren\u00e9ra, jak\u00e9ho si Everton zaslou\u017e\u00ed. Do budoucna jsem ur\u010dit\u011b optimista, Marcel Brands je mu\u017e na sv\u00e9m m\u00edst\u011b, klub u\u017e letos p\u0159edv\u00e1d\u00ed dobr\u00e9 v\u00fdsledky. Douf\u00e1m, \u017ee udr\u017e\u00edme opory, trochu pos\u00edl\u00edme a za p\u00e1r let se bude v Bramley-Moore hr\u00e1t Liga mistr\u016f pravideln\u011b.<\/p>\n<h4><span style=\"font-size: 12pt;\"><em>V\u00fdborne si mi nahral na aktu\u00e1lnu t\u00e9mu. Rieka Mersey a\u00a0nov\u00fd ikonick\u00fd \u0161tadi\u00f3n Evertonu na jej brehu v\u00a0priebehu troch rokov. M\u00e1\u0161 pochoden\u00fa oblas\u0165 dokov, pozn\u00e1\u0161 Bramley-Moore? U\u017e to veru nebude prech\u00e1dzka medzi obytnou \u0161tvr\u0165ou. Nebude Ti ako fan\u00fa\u0161ikovi, ktor\u00fdm si sa stal pr\u00e1ve v\u00a0s\u00fa\u010dasnom domove EFC, \u013e\u00fato opusti\u0165 hist\u00f3riou d\u00fdchaj\u00faci Goodison, a\u00a0prejs\u0165 do modernej ar\u00e9ny, pr\u00e1zdnej na spomienky, m\u00ed\u013eniky a\u00a0v\u0161etko to \u010daro spojen\u00e9 s\u00a0tradi\u010dn\u00fdm britsk\u00fdm sv\u00e4tost\u00e1nkom?<\/em><\/span><\/h4>\n<p>V\u00edm, kde je Bramley-Moore, byl jsem se tam pod\u00edvat. Nicm\u00e9n\u011b tou dobou tam nebylo nic moc k vid\u011bn\u00ed. I proto jsem r\u00e1d, \u017ee se stadion stav\u00ed v centru, kde vyu\u017e\u00edv\u00e1 nepot\u0159ebn\u00e9 m\u00edsto, ne n\u011bkde na p\u0159edm\u011bst\u00ed. To, jak je stadion navr\u017een, mu d\u00e1v\u00e1 dobr\u00e9 p\u0159edpoklady st\u00e1t se destinac\u00ed nejen pro fans, ale sou\u010d\u00e1st\u00ed b\u011b\u017en\u00e9ho \u017eivota m\u00edstn\u00edch lid\u00ed. J\u00e1 osobn\u011b si zvyknu na nov\u00fd stadion asi rychle. Ale jeden m\u016fj zn\u00e1m\u00fd mi vypr\u00e1v\u011bl \u017ee m\u00e1lem bre\u010del, kdy\u017e v devades\u00e1t\u00fdch letech p\u0159estavovali Park End a strhli tribunu, kam chodil od d\u011btstv\u00ed. Pak postavili novou a za posledn\u00edch 20 let nevynechal ani jeden dom\u00e1c\u00ed z\u00e1pas. Takov\u00ed lid\u00e9 jsou s t\u00edm m\u00edstem doslova srostl\u00ed a t\u011b\u017eko \u0159\u00edct jak si zvyknou jinde. Goodison Park je prost\u011b jak strom, kter\u00fd vyrostl ze siln\u00fdch ko\u0159en\u016f, m\u00e1m trochu strach, jestli nebudou na jin\u00e9m m\u00edst\u011b chyb\u011bt.<\/p>\n<h4><span style=\"font-size: 12pt;\"><em>To ur\u010dite bud\u00fa, ale ver\u00edm, \u017ee klub sprav\u00ed v\u0161etko preto, aby bol prechod \u010do najhlad\u0161\u00ed, a odchod z Goodisonu z \u010do najv\u00e4\u010d\u0161\u00edmi poctami a patri\u010dn\u00fdm re\u0161pektom. Sn\u00e1\u010f n\u00e1s nezastihne pri tom nejak\u00e1 udalos\u0165 podobn\u00e1 tejto pand\u00e9mii. P\u00e1r klubov pri s\u0165ahovan\u00ed sa do nov\u00fdch domovov toti\u017e u\u017e na \u0148u doplatilo, a fan\u00fa\u0161ikovia nemali ani \u0161ancu sa rozl\u00fa\u010di\u0165 posledn\u00fdm z\u00e1pasom. Takto potichu dali zbohom Griffin Parku v Brentforde a v Yorku st\u00e1nku Bootham Crescent. Vlastne aj my tu v na\u0161ej komunite sme sa ned\u00e1vno s\u0165ahovali, ke\u010f sme web previedli zo zastaran\u00e9ho CMS na teraj\u0161\u00ed WordPress. Preto sa vr\u00e1tim na za\u010diatok n\u00e1\u0161ho rozhovoru. Natrafil si na n\u00e1s bl\u00faden\u00edm po internete, ako sme zap\u00f4sobili? \u010cakal si viac, \u010di menej? Prekvapilo \u0165a nie\u010do? Pote\u0161 n\u00e1s na z\u00e1ver sp\u00e4tnou v\u00e4zbou!<\/em><\/span><\/h4>\n<p>Web se mi zd\u00e1 jednoduch\u00fd a p\u0159ehledn\u00fd, ale z\u00e1rove\u0148 pln\u00fd informac\u00ed. Je vid\u011bt, \u017ee se na n\u011bm pr\u016fb\u011b\u017en\u011b pracuje, nen\u00ed to \u017e\u00e1dn\u00e1 &#8222;rychlokva\u0161ka&#8220;. Samoz\u0159ejm\u011b je super vid\u011bt pr\u00e1ci v\u0161ech lid\u00ed, kte\u0159\u00ed se na tom pod\u00edl\u00ed nebo v minulosti pod\u00edleli. Pokud m\u011b n\u011bco p\u0159ekvapilo, tak rozhodn\u011b p\u0159\u00edjemn\u011b &#8211; jak u\u017e jsem zmi\u0148oval, \u010dekal jsem trochu povrchn\u011bj\u0161\u00ed informace. Co se t\u00fdk\u00e1 obsahu, tak mus\u00ed podle m\u011b ka\u017ed\u00fd Evertonian spokojen.<\/p>\n<h4><span style=\"font-size: 12pt;\"><em>\u010eakujeme, dobre sa to \u010d\u00edta. D\u00fafam tie\u017e, \u017ee Tebe vydr\u017e\u00ed entuziazmus, s ktor\u00fdm si sa k n\u00e1m pripojil, a postupom \u010dasu sa v\u00fdrazne podp\u00ed\u0161e\u0161 pod kvalitu na\u0161ich riadkov. Ja som asi vy\u010derpal v\u0161etky t\u00e9my, ktor\u00e9 ma zauj\u00edmali. Preto Ti za m\u0148a \u010fakujem za ochotu podrobi\u0165 sa v\u00fdsluchu. To sa v\u0161ak nemus\u00ed t\u00fdka\u0165 na\u0161ich \u010ditate\u013eov, a preto ten m\u00f4\u017ee \u010falej pokra\u010dova\u0165 pod \u010dl\u00e1nkom v koment\u00e1roch.<\/em><\/span><\/h4>\n<h3 style=\"text-align: center;\"><span style=\"color: #3366ff;\"><strong><em>Up The Toffees !!!<\/em><\/strong><\/span><\/h3>\n","protected":false},"excerpt":{"rendered":"<p>Koncom minul\u00e9ho roka na\u0161e skromn\u00e9 rady roz\u0161\u00edril nov\u00fd redaktor. Napadlo n\u00e1m, \u017ee vzh\u013eadom na jeho pletky s EFC, ktor\u00e9 za\u017eil z prvej ruky, by nebolo od veci vyspoveda\u0165 ho.<\/p>\n","protected":false},"author":1,"featured_media":14841,"comment_status":"open","ping_status":"closed","sticky":false,"template":"","format":"standard","meta":{"_eb_attr":"","_monsterinsights_skip_tracking":false,"_monsterinsights_sitenote_active":false,"_monsterinsights_sitenote_note":"","_monsterinsights_sitenote_category":0,"footnotes":""},"categories":[1,85],"tags":[],"yoast_head":"<!-- This site is optimized with the Yoast SEO plugin v23.4 - https:\/\/yoast.com\/wordpress\/plugins\/seo\/ -->\n<title>\u201eL\u00edstky do Goodison Parku nebyly n\u00e1hoda\u201c - Official Czech &amp; Slovak Everton Supporters&#039; Club<\/title>\n<meta name=\"robots\" content=\"index, follow, max-snippet:-1, max-image-preview:large, max-video-preview:-1\" \/>\n<link rel=\"canonical\" href=\"https:\/\/evertonfc.cz\/index.php\/2021\/03\/31\/listky-do-goodison-parku-nebyly-nahoda\/\" \/>\n<meta property=\"og:locale\" content=\"cs_CZ\" \/>\n<meta property=\"og:type\" content=\"article\" \/>\n<meta property=\"og:title\" content=\"\u201eL\u00edstky do Goodison Parku nebyly n\u00e1hoda\u201c - Official Czech &amp; Slovak Everton Supporters&#039; Club\" \/>\n<meta property=\"og:description\" content=\"Koncom minul\u00e9ho roka na\u0161e skromn\u00e9 rady roz\u0161\u00edril nov\u00fd redaktor. Napadlo n\u00e1m, \u017ee vzh\u013eadom na jeho pletky s EFC, ktor\u00e9 za\u017eil z prvej ruky, by nebolo od veci vyspoveda\u0165 ho.\" \/>\n<meta property=\"og:url\" content=\"https:\/\/evertonfc.cz\/index.php\/2021\/03\/31\/listky-do-goodison-parku-nebyly-nahoda\/\" \/>\n<meta property=\"og:site_name\" content=\"Official Czech &amp; Slovak Everton Supporters&#039; Club\" \/>\n<meta property=\"article:publisher\" content=\"https:\/\/www.facebook.com\/everton.fans.cz.sk\" \/>\n<meta property=\"article:published_time\" content=\"2021-03-31T17:54:38+00:00\" \/>\n<meta property=\"article:modified_time\" content=\"2021-04-30T19:37:00+00:00\" \/>\n<meta property=\"og:image\" content=\"https:\/\/evertonfc.cz\/wp-content\/uploads\/2021\/03\/Petr-Goodison-Park-31-3-2021.jpg\" \/>\n\t<meta property=\"og:image:width\" content=\"720\" \/>\n\t<meta property=\"og:image:height\" content=\"405\" \/>\n\t<meta property=\"og:image:type\" content=\"image\/jpeg\" \/>\n<meta name=\"author\" content=\"BlueBlooded\" \/>\n<meta name=\"twitter:card\" content=\"summary_large_image\" \/>\n<meta name=\"twitter:label1\" content=\"Napsal(a)\" \/>\n\t<meta name=\"twitter:data1\" content=\"BlueBlooded\" \/>\n\t<meta name=\"twitter:label2\" content=\"Odhadovan\u00e1 doba \u010dten\u00ed\" \/>\n\t<meta name=\"twitter:data2\" content=\"8 minut\" \/>\n<script type=\"application\/ld+json\" class=\"yoast-schema-graph\">{\"@context\":\"https:\/\/schema.org\",\"@graph\":[{\"@type\":\"Article\",\"@id\":\"https:\/\/evertonfc.cz\/index.php\/2021\/03\/31\/listky-do-goodison-parku-nebyly-nahoda\/#article\",\"isPartOf\":{\"@id\":\"https:\/\/evertonfc.cz\/index.php\/2021\/03\/31\/listky-do-goodison-parku-nebyly-nahoda\/\"},\"author\":{\"name\":\"BlueBlooded\",\"@id\":\"https:\/\/evertonfc.cz\/#\/schema\/person\/d4493b8cbea51532597fbc4685698916\"},\"headline\":\"\u201eL\u00edstky do Goodison Parku nebyly n\u00e1hoda\u201c\",\"datePublished\":\"2021-03-31T17:54:38+00:00\",\"dateModified\":\"2021-04-30T19:37:00+00:00\",\"mainEntityOfPage\":{\"@id\":\"https:\/\/evertonfc.cz\/index.php\/2021\/03\/31\/listky-do-goodison-parku-nebyly-nahoda\/\"},\"wordCount\":2126,\"commentCount\":1,\"publisher\":{\"@id\":\"https:\/\/evertonfc.cz\/#organization\"},\"image\":{\"@id\":\"https:\/\/evertonfc.cz\/index.php\/2021\/03\/31\/listky-do-goodison-parku-nebyly-nahoda\/#primaryimage\"},\"thumbnailUrl\":\"https:\/\/evertonfc.cz\/wp-content\/uploads\/2021\/03\/Petr-Goodison-Park-31-3-2021.jpg\",\"articleSection\":[\"Rozhovory\",\"Supporters' Club\"],\"inLanguage\":\"cs\",\"potentialAction\":[{\"@type\":\"CommentAction\",\"name\":\"Comment\",\"target\":[\"https:\/\/evertonfc.cz\/index.php\/2021\/03\/31\/listky-do-goodison-parku-nebyly-nahoda\/#respond\"]}]},{\"@type\":\"WebPage\",\"@id\":\"https:\/\/evertonfc.cz\/index.php\/2021\/03\/31\/listky-do-goodison-parku-nebyly-nahoda\/\",\"url\":\"https:\/\/evertonfc.cz\/index.php\/2021\/03\/31\/listky-do-goodison-parku-nebyly-nahoda\/\",\"name\":\"\u201eL\u00edstky do Goodison Parku nebyly n\u00e1hoda\u201c - Official Czech &amp; Slovak Everton Supporters&#039; Club\",\"isPartOf\":{\"@id\":\"https:\/\/evertonfc.cz\/#website\"},\"primaryImageOfPage\":{\"@id\":\"https:\/\/evertonfc.cz\/index.php\/2021\/03\/31\/listky-do-goodison-parku-nebyly-nahoda\/#primaryimage\"},\"image\":{\"@id\":\"https:\/\/evertonfc.cz\/index.php\/2021\/03\/31\/listky-do-goodison-parku-nebyly-nahoda\/#primaryimage\"},\"thumbnailUrl\":\"https:\/\/evertonfc.cz\/wp-content\/uploads\/2021\/03\/Petr-Goodison-Park-31-3-2021.jpg\",\"datePublished\":\"2021-03-31T17:54:38+00:00\",\"dateModified\":\"2021-04-30T19:37:00+00:00\",\"breadcrumb\":{\"@id\":\"https:\/\/evertonfc.cz\/index.php\/2021\/03\/31\/listky-do-goodison-parku-nebyly-nahoda\/#breadcrumb\"},\"inLanguage\":\"cs\",\"potentialAction\":[{\"@type\":\"ReadAction\",\"target\":[\"https:\/\/evertonfc.cz\/index.php\/2021\/03\/31\/listky-do-goodison-parku-nebyly-nahoda\/\"]}]},{\"@type\":\"ImageObject\",\"inLanguage\":\"cs\",\"@id\":\"https:\/\/evertonfc.cz\/index.php\/2021\/03\/31\/listky-do-goodison-parku-nebyly-nahoda\/#primaryimage\",\"url\":\"https:\/\/evertonfc.cz\/wp-content\/uploads\/2021\/03\/Petr-Goodison-Park-31-3-2021.jpg\",\"contentUrl\":\"https:\/\/evertonfc.cz\/wp-content\/uploads\/2021\/03\/Petr-Goodison-Park-31-3-2021.jpg\",\"width\":720,\"height\":405},{\"@type\":\"BreadcrumbList\",\"@id\":\"https:\/\/evertonfc.cz\/index.php\/2021\/03\/31\/listky-do-goodison-parku-nebyly-nahoda\/#breadcrumb\",\"itemListElement\":[{\"@type\":\"ListItem\",\"position\":1,\"name\":\"Home\",\"item\":\"https:\/\/evertonfc.cz\/\"},{\"@type\":\"ListItem\",\"position\":2,\"name\":\"\u201eL\u00edstky do Goodison Parku nebyly n\u00e1hoda\u201c\"}]},{\"@type\":\"WebSite\",\"@id\":\"https:\/\/evertonfc.cz\/#website\",\"url\":\"https:\/\/evertonfc.cz\/\",\"name\":\"Official Czech &amp; Slovak Everton Supporters&#039; Club\",\"description\":\"\",\"publisher\":{\"@id\":\"https:\/\/evertonfc.cz\/#organization\"},\"potentialAction\":[{\"@type\":\"SearchAction\",\"target\":{\"@type\":\"EntryPoint\",\"urlTemplate\":\"https:\/\/evertonfc.cz\/?s={search_term_string}\"},\"query-input\":{\"@type\":\"PropertyValueSpecification\",\"valueRequired\":true,\"valueName\":\"search_term_string\"}}],\"inLanguage\":\"cs\"},{\"@type\":\"Organization\",\"@id\":\"https:\/\/evertonfc.cz\/#organization\",\"name\":\"Official Czech & Slovak Everton Supporters' Club\",\"url\":\"https:\/\/evertonfc.cz\/\",\"logo\":{\"@type\":\"ImageObject\",\"inLanguage\":\"cs\",\"@id\":\"https:\/\/evertonfc.cz\/#\/schema\/logo\/image\/\",\"url\":\"https:\/\/evertonfc.cz\/wp-content\/uploads\/2019\/05\/logo.png\",\"contentUrl\":\"https:\/\/evertonfc.cz\/wp-content\/uploads\/2019\/05\/logo.png\",\"width\":112,\"height\":112,\"caption\":\"Official Czech & Slovak Everton Supporters' Club\"},\"image\":{\"@id\":\"https:\/\/evertonfc.cz\/#\/schema\/logo\/image\/\"},\"sameAs\":[\"https:\/\/www.facebook.com\/everton.fans.cz.sk\"]},{\"@type\":\"Person\",\"@id\":\"https:\/\/evertonfc.cz\/#\/schema\/person\/d4493b8cbea51532597fbc4685698916\",\"name\":\"BlueBlooded\",\"url\":\"https:\/\/evertonfc.cz\/index.php\/author\/admin\/\"}]}<\/script>\n<!-- \/ Yoast SEO plugin. -->","yoast_head_json":{"title":"\u201eL\u00edstky do Goodison Parku nebyly n\u00e1hoda\u201c - Official Czech &amp; Slovak Everton Supporters&#039; Club","robots":{"index":"index","follow":"follow","max-snippet":"max-snippet:-1","max-image-preview":"max-image-preview:large","max-video-preview":"max-video-preview:-1"},"canonical":"https:\/\/evertonfc.cz\/index.php\/2021\/03\/31\/listky-do-goodison-parku-nebyly-nahoda\/","og_locale":"cs_CZ","og_type":"article","og_title":"\u201eL\u00edstky do Goodison Parku nebyly n\u00e1hoda\u201c - Official Czech &amp; Slovak Everton Supporters&#039; Club","og_description":"Koncom minul\u00e9ho roka na\u0161e skromn\u00e9 rady roz\u0161\u00edril nov\u00fd redaktor. Napadlo n\u00e1m, \u017ee vzh\u013eadom na jeho pletky s EFC, ktor\u00e9 za\u017eil z prvej ruky, by nebolo od veci vyspoveda\u0165 ho.","og_url":"https:\/\/evertonfc.cz\/index.php\/2021\/03\/31\/listky-do-goodison-parku-nebyly-nahoda\/","og_site_name":"Official Czech &amp; Slovak Everton Supporters&#039; Club","article_publisher":"https:\/\/www.facebook.com\/everton.fans.cz.sk","article_published_time":"2021-03-31T17:54:38+00:00","article_modified_time":"2021-04-30T19:37:00+00:00","og_image":[{"width":720,"height":405,"url":"https:\/\/evertonfc.cz\/wp-content\/uploads\/2021\/03\/Petr-Goodison-Park-31-3-2021.jpg","type":"image\/jpeg"}],"author":"BlueBlooded","twitter_card":"summary_large_image","twitter_misc":{"Napsal(a)":"BlueBlooded","Odhadovan\u00e1 doba \u010dten\u00ed":"8 minut"},"schema":{"@context":"https:\/\/schema.org","@graph":[{"@type":"Article","@id":"https:\/\/evertonfc.cz\/index.php\/2021\/03\/31\/listky-do-goodison-parku-nebyly-nahoda\/#article","isPartOf":{"@id":"https:\/\/evertonfc.cz\/index.php\/2021\/03\/31\/listky-do-goodison-parku-nebyly-nahoda\/"},"author":{"name":"BlueBlooded","@id":"https:\/\/evertonfc.cz\/#\/schema\/person\/d4493b8cbea51532597fbc4685698916"},"headline":"\u201eL\u00edstky do Goodison Parku nebyly n\u00e1hoda\u201c","datePublished":"2021-03-31T17:54:38+00:00","dateModified":"2021-04-30T19:37:00+00:00","mainEntityOfPage":{"@id":"https:\/\/evertonfc.cz\/index.php\/2021\/03\/31\/listky-do-goodison-parku-nebyly-nahoda\/"},"wordCount":2126,"commentCount":1,"publisher":{"@id":"https:\/\/evertonfc.cz\/#organization"},"image":{"@id":"https:\/\/evertonfc.cz\/index.php\/2021\/03\/31\/listky-do-goodison-parku-nebyly-nahoda\/#primaryimage"},"thumbnailUrl":"https:\/\/evertonfc.cz\/wp-content\/uploads\/2021\/03\/Petr-Goodison-Park-31-3-2021.jpg","articleSection":["Rozhovory","Supporters' Club"],"inLanguage":"cs","potentialAction":[{"@type":"CommentAction","name":"Comment","target":["https:\/\/evertonfc.cz\/index.php\/2021\/03\/31\/listky-do-goodison-parku-nebyly-nahoda\/#respond"]}]},{"@type":"WebPage","@id":"https:\/\/evertonfc.cz\/index.php\/2021\/03\/31\/listky-do-goodison-parku-nebyly-nahoda\/","url":"https:\/\/evertonfc.cz\/index.php\/2021\/03\/31\/listky-do-goodison-parku-nebyly-nahoda\/","name":"\u201eL\u00edstky do Goodison Parku nebyly n\u00e1hoda\u201c - Official Czech &amp; Slovak Everton Supporters&#039; Club","isPartOf":{"@id":"https:\/\/evertonfc.cz\/#website"},"primaryImageOfPage":{"@id":"https:\/\/evertonfc.cz\/index.php\/2021\/03\/31\/listky-do-goodison-parku-nebyly-nahoda\/#primaryimage"},"image":{"@id":"https:\/\/evertonfc.cz\/index.php\/2021\/03\/31\/listky-do-goodison-parku-nebyly-nahoda\/#primaryimage"},"thumbnailUrl":"https:\/\/evertonfc.cz\/wp-content\/uploads\/2021\/03\/Petr-Goodison-Park-31-3-2021.jpg","datePublished":"2021-03-31T17:54:38+00:00","dateModified":"2021-04-30T19:37:00+00:00","breadcrumb":{"@id":"https:\/\/evertonfc.cz\/index.php\/2021\/03\/31\/listky-do-goodison-parku-nebyly-nahoda\/#breadcrumb"},"inLanguage":"cs","potentialAction":[{"@type":"ReadAction","target":["https:\/\/evertonfc.cz\/index.php\/2021\/03\/31\/listky-do-goodison-parku-nebyly-nahoda\/"]}]},{"@type":"ImageObject","inLanguage":"cs","@id":"https:\/\/evertonfc.cz\/index.php\/2021\/03\/31\/listky-do-goodison-parku-nebyly-nahoda\/#primaryimage","url":"https:\/\/evertonfc.cz\/wp-content\/uploads\/2021\/03\/Petr-Goodison-Park-31-3-2021.jpg","contentUrl":"https:\/\/evertonfc.cz\/wp-content\/uploads\/2021\/03\/Petr-Goodison-Park-31-3-2021.jpg","width":720,"height":405},{"@type":"BreadcrumbList","@id":"https:\/\/evertonfc.cz\/index.php\/2021\/03\/31\/listky-do-goodison-parku-nebyly-nahoda\/#breadcrumb","itemListElement":[{"@type":"ListItem","position":1,"name":"Home","item":"https:\/\/evertonfc.cz\/"},{"@type":"ListItem","position":2,"name":"\u201eL\u00edstky do Goodison Parku nebyly n\u00e1hoda\u201c"}]},{"@type":"WebSite","@id":"https:\/\/evertonfc.cz\/#website","url":"https:\/\/evertonfc.cz\/","name":"Official Czech &amp; Slovak Everton Supporters&#039; Club","description":"","publisher":{"@id":"https:\/\/evertonfc.cz\/#organization"},"potentialAction":[{"@type":"SearchAction","target":{"@type":"EntryPoint","urlTemplate":"https:\/\/evertonfc.cz\/?s={search_term_string}"},"query-input":{"@type":"PropertyValueSpecification","valueRequired":true,"valueName":"search_term_string"}}],"inLanguage":"cs"},{"@type":"Organization","@id":"https:\/\/evertonfc.cz\/#organization","name":"Official Czech & Slovak Everton Supporters' Club","url":"https:\/\/evertonfc.cz\/","logo":{"@type":"ImageObject","inLanguage":"cs","@id":"https:\/\/evertonfc.cz\/#\/schema\/logo\/image\/","url":"https:\/\/evertonfc.cz\/wp-content\/uploads\/2019\/05\/logo.png","contentUrl":"https:\/\/evertonfc.cz\/wp-content\/uploads\/2019\/05\/logo.png","width":112,"height":112,"caption":"Official Czech & Slovak Everton Supporters' Club"},"image":{"@id":"https:\/\/evertonfc.cz\/#\/schema\/logo\/image\/"},"sameAs":["https:\/\/www.facebook.com\/everton.fans.cz.sk"]},{"@type":"Person","@id":"https:\/\/evertonfc.cz\/#\/schema\/person\/d4493b8cbea51532597fbc4685698916","name":"BlueBlooded","url":"https:\/\/evertonfc.cz\/index.php\/author\/admin\/"}]}},"_links":{"self":[{"href":"https:\/\/evertonfc.cz\/index.php\/wp-json\/wp\/v2\/posts\/14829"}],"collection":[{"href":"https:\/\/evertonfc.cz\/index.php\/wp-json\/wp\/v2\/posts"}],"about":[{"href":"https:\/\/evertonfc.cz\/index.php\/wp-json\/wp\/v2\/types\/post"}],"author":[{"embeddable":true,"href":"https:\/\/evertonfc.cz\/index.php\/wp-json\/wp\/v2\/users\/1"}],"replies":[{"embeddable":true,"href":"https:\/\/evertonfc.cz\/index.php\/wp-json\/wp\/v2\/comments?post=14829"}],"version-history":[{"count":15,"href":"https:\/\/evertonfc.cz\/index.php\/wp-json\/wp\/v2\/posts\/14829\/revisions"}],"predecessor-version":[{"id":14847,"href":"https:\/\/evertonfc.cz\/index.php\/wp-json\/wp\/v2\/posts\/14829\/revisions\/14847"}],"wp:featuredmedia":[{"embeddable":true,"href":"https:\/\/evertonfc.cz\/index.php\/wp-json\/wp\/v2\/media\/14841"}],"wp:attachment":[{"href":"https:\/\/evertonfc.cz\/index.php\/wp-json\/wp\/v2\/media?parent=14829"}],"wp:term":[{"taxonomy":"category","embeddable":true,"href":"https:\/\/evertonfc.cz\/index.php\/wp-json\/wp\/v2\/categories?post=14829"},{"taxonomy":"post_tag","embeddable":true,"href":"https:\/\/evertonfc.cz\/index.php\/wp-json\/wp\/v2\/tags?post=14829"}],"curies":[{"name":"wp","href":"https:\/\/api.w.org\/{rel}","templated":true}]}}