{"id":14882,"date":"2021-04-07T17:10:35","date_gmt":"2021-04-07T15:10:35","guid":{"rendered":"https:\/\/evertonfc.cz\/?p=14882"},"modified":"2021-04-19T20:09:09","modified_gmt":"2021-04-19T18:09:09","slug":"everton-w-aston-villa-w-31","status":"publish","type":"post","link":"https:\/\/evertonfc.cz\/index.php\/2021\/04\/07\/everton-w-aston-villa-w-31\/","title":{"rendered":"Everton W &#8211; Aston Villa W 3:1"},"content":{"rendered":"<h4>Everton, st\u00e1le st\u00edhaj\u00edc\u00ed prvn\u00ed \u010dty\u0159ku, p\u0159iv\u00edtal na Walton Hall Park aktu\u00e1ln\u011b posledn\u00ed Aston Villu. T\u0159i body za v\u00edtezstv\u00ed 3:1 z\u016fstaly doma.<\/h4>\n<p>Odpoledne na Bo\u017e\u00ed hod velikono\u010dn\u00ed dorazila na Merseyside Aston Villa. T\u00e9, d\u00edky ne\u010dekan\u00e9mu v\u00edtezstv\u00ed West Hamu nad Readingem p\u0159ipadl \u010cern\u00fd Petr sestupov\u00e9ho posledn\u00edho m\u00edsta v tabulce. Dom\u00e1c\u00ed nastoupily s Lehmann na hrotu, ale jinak v klasick\u00e9 zahajovac\u00ed sestav\u011b. Losov\u00e1n\u00ed vyhr\u00e1la Graham a t\u00fdmy si tedy prohodily poloviny tak, aby Everton hr\u00e1l prvn\u00ed p\u016fli se sluncem v z\u00e1dech.<\/p>\n<h4>Prvn\u00ed polo\u010das<\/h4>\n<p>byl p\u0159ev\u00e1\u017en\u011b vcelku nudn\u00fd. Hra se odehr\u00e1vala hlavn\u011b uprost\u0159ed h\u0159i\u0161t\u011b, a pokud se u\u017e n\u011bkter\u00fd t\u00fdm dostal s m\u00ed\u010dem do v\u00e1pna soupe\u0159ek, byla to p\u0159ekvapiv\u011b \u010dast\u011bji lvice. S v\u00fdjimkou st\u0159ely Raso ze 6. minuty, po kter\u00e9 (marn\u011b) reklamovala ruku se pro Everton nic moc zaj\u00edmav\u00e9ho ned\u011blo. Zm\u011bnu p\u0159inesla a\u017e minuta 36., ve kter\u00e9 Izzy Christiansen naserv\u00edrovala m\u00ed\u010d na st\u0159\u00edbrn\u00e9m podnosu <strong>Lucy Graham<\/strong>, kter\u00e1 hlavou otev\u0159ela sk\u00f3re\u00a0 &#8211; <strong>1:0<\/strong>. Po t\u00e9to injekci nabrala hra dom\u00e1c\u00edch kone\u010dn\u011b na obr\u00e1tk\u00e1ch. T\u011bsn\u011b p\u0159ed polo\u010dasem dopravila m\u00ed\u010d do s\u00edt\u011b i Hayley Raso, ale jej\u00ed g\u00f3l nebyl pro sporn\u00fd ofsajd uzn\u00e1n.<\/p>\n<h4>Druh\u00fd polo\u010das<\/h4>\n<p>byl oproti prvn\u00ed p\u016fli p\u0159ev\u00e1\u017en\u011b v na\u0161\u00ed re\u017eii. O vzru\u0161en\u00ed se postarala v 54. minut\u011b Lucy Graham. Villans ve v\u00e1pn\u011b zahr\u00e1ly rukou a Graham se chopila exekuce n\u00e1sledn\u011b na\u0159\u00edzen\u00e9 penalty. Pokutov\u00fd kop ale zahr\u00e1la vla\u017en\u011b do lev\u00e9ho doln\u00edho roh branky. Pro Lisu Weiss v brance host\u00ed nep\u0159edstavovala takov\u00e1 st\u0159ela probl\u00e9m. Po tomto intermezzu narostly Villans do\u010dasn\u011b k\u0159\u00eddla, ale zakr\u00e1tko si Everton ji\u017e op\u011bt pr\u016fb\u011bh hry kontroloval. v 64. minut\u011b po faulu na Sevecke m\u011bl Everton mo\u017enost svoj\u00ed penaltovou reputaci napravit. K m\u00ed\u010di se tentokr\u00e1t postavila <strong>Izzy Christiansen<\/strong>, kter\u00e1\u00a0poslalal brank\u00e1\u0159ku do prav\u00e9ho doln\u00edho rohu, zat\u00edmco merunu doprost\u0159ed branky &#8211; <strong>2:0<\/strong>. V minut\u011b 78. nahr\u00e1v\u00e1 Emslie do mal\u00e9ho v\u00e1pna host\u00ed, \u010d\u00edm\u017e zp\u016fsob\u00ed nep\u0159ehlednou skrum\u00e1\u017e. V t\u00e9 se nejl\u00e9pe zorientovala <strong>Simone Magill &#8211; 3:0<\/strong>. V nastaven\u00e9m \u010dase zachra\u0148uje \u010dest birminghamsk\u00fdch Chloe Arthur, kdy\u017e hlavi\u010dkou p\u0159elobuje MacIver &#8211; <strong>3:1<\/strong>.<\/p>\n<h4>Shrnut\u00ed<\/h4>\n<p>St\u00edhac\u00ed j\u00edzda Evertonu pokra\u010duje. V top three zav\u00e1haly \u017eeny MUTD, kter\u00e9 prohr\u00e1ly s Brightonem 0:1 a ocitly se r\u00e1zem v top four. St\u00e1le v\u0161ak m\u00e1me odstup na \u010dtvrt\u00e9, resp. t\u0159et\u00ed m\u00edsto 7 bod\u016f. P\u0159\u00edzna\u010dn\u00e9 tak\u00e9 je, \u017ee jsme tuto sez\u00f3nu ve WSL neprohr\u00e1li s \u017e\u00e1dn\u00fdm t\u00fdmem pod n\u00e1mi, ale spolehliv\u011b ztratili v\u0161ech 6 dosavadn\u00edch z\u00e1pas\u016f s celky tabulkov\u011b nad n\u00e1mi. Sou\u010dasn\u00e1 na\u0161e forma je velmi slu\u0161n\u00e1, v podstat\u011b dnes nen\u00ed mo\u017en\u00e9 naj\u00edt hr\u00e1\u010dku, kter\u00e1 by hr\u00e1la vysloven\u011b slab\u011b. Doufejme, \u017ee n\u00e1m to vydr\u017e\u00ed do konce sez\u00f3ny. Christiansen a Magill se ocitly na 11. m\u00edst\u011b v tabulce st\u0159elky\u0148 se 6 brankami (pro srovn\u00e1n\u00ed: krom\u011b 8. Inessy Kaagman od Rack\u016f jsou v\u0161echny ostatn\u00ed lep\u0161\u00ed st\u0159elkyn\u011b z prvn\u00edch \u010dty\u0159 t\u00fdm\u016f tabulky, p\u0159i\u010dem\u017e prvn\u00ed Sam Kerr z Chelsea letos st\u0159elila zat\u00edm 17 branek a na 5 p\u0159ihr\u00e1la). P\u0159\u00ed\u0161t\u00ed zast\u00e1vka: dom\u00e1c\u00ed ma\u010d s Durhamem v r\u00e1mci FA Cup, a to 18.4. od 15:00. Come on, you blue girls!<\/p>\n<p style=\"text-align: right;\"><span style=\"font-size: 8pt;\"><em>Fotografie: Lucy Graham (zdroj: royalbluemersey.com)<\/em><\/span><\/p>\n<p><strong>Branky:<\/strong> Graham (36), Chritiansen (64), Magill (78) &#8211; Arthur (90+4)<\/p>\n<p><strong>\u017dK:<\/strong> Hutton (45), Ale (75), Arthur (83)<\/p>\n<p><strong>Everton (4-2-3-1)<\/strong>: MacIver &#8211; Moe-Wold, Finnigan, Sevecke, Pattinson (George 79) &#8211; Scott\u00a0 (Clinton 88), Graham &#8211; Raso, Christiansen (Stringer 88), Emslie (S\u00f8rensen 88) &#8211;\u00a0 Lehmann (Magill 66)<\/p>\n<p><strong>Aston Villa (5-4-1)<\/strong>: Weiss &#8211; Ale, Franklin-Fraiture, Asante, Ewers (N\u00b4Dow 20), Hutton &#8211; McLoughlin (Siems 65), Arthur, Gregory (Silva 81), Hayles (Larsen 65) &#8211;\u00a0 Hanssen (Syme 81)<\/p>\n<p><strong>Rozhod\u010d\u00ed<\/strong>: Stacey Pearson<\/p>\n","protected":false},"excerpt":{"rendered":"<p>Everton, st\u00e1le st\u00edhaj\u00edc\u00ed prvn\u00ed \u010dty\u0159ku, p\u0159iv\u00edtal na Walton Hall Park aktu\u00e1ln\u011b posledn\u00ed Aston Villu. T\u0159i body za v\u00edtezstv\u00ed 3:1 z\u016fstaly doma.<\/p>\n","protected":false},"author":26,"featured_media":14885,"comment_status":"open","ping_status":"closed","sticky":false,"template":"","format":"standard","meta":{"_eb_attr":"","_monsterinsights_skip_tracking":false,"_monsterinsights_sitenote_active":false,"_monsterinsights_sitenote_note":"","_monsterinsights_sitenote_category":0,"footnotes":""},"categories":[110],"tags":[],"yoast_head":"<!-- This site is optimized with the Yoast SEO plugin v23.4 - https:\/\/yoast.com\/wordpress\/plugins\/seo\/ -->\n<title>Everton W - Aston Villa W 3:1 - Official Czech &amp; Slovak Everton Supporters&#039; Club<\/title>\n<meta name=\"robots\" content=\"index, follow, max-snippet:-1, max-image-preview:large, max-video-preview:-1\" \/>\n<link rel=\"canonical\" href=\"https:\/\/evertonfc.cz\/index.php\/2021\/04\/07\/everton-w-aston-villa-w-31\/\" \/>\n<meta property=\"og:locale\" content=\"cs_CZ\" \/>\n<meta property=\"og:type\" content=\"article\" \/>\n<meta property=\"og:title\" content=\"Everton W - Aston Villa W 3:1 - Official Czech &amp; Slovak Everton Supporters&#039; Club\" \/>\n<meta property=\"og:description\" content=\"Everton, st\u00e1le st\u00edhaj\u00edc\u00ed prvn\u00ed \u010dty\u0159ku, p\u0159iv\u00edtal na Walton Hall Park aktu\u00e1ln\u011b posledn\u00ed Aston Villu. T\u0159i body za v\u00edtezstv\u00ed 3:1 z\u016fstaly doma.\" \/>\n<meta property=\"og:url\" content=\"https:\/\/evertonfc.cz\/index.php\/2021\/04\/07\/everton-w-aston-villa-w-31\/\" \/>\n<meta property=\"og:site_name\" content=\"Official Czech &amp; Slovak Everton Supporters&#039; Club\" \/>\n<meta property=\"article:publisher\" content=\"https:\/\/www.facebook.com\/everton.fans.cz.sk\" \/>\n<meta property=\"article:published_time\" content=\"2021-04-07T15:10:35+00:00\" \/>\n<meta property=\"article:modified_time\" content=\"2021-04-19T18:09:09+00:00\" \/>\n<meta property=\"og:image\" content=\"https:\/\/evertonfc.cz\/wp-content\/uploads\/2021\/04\/Graham_vs_Villa_4_4_2021_web.jpg\" \/>\n\t<meta property=\"og:image:width\" content=\"720\" \/>\n\t<meta property=\"og:image:height\" content=\"405\" \/>\n\t<meta property=\"og:image:type\" content=\"image\/jpeg\" \/>\n<meta name=\"author\" content=\"Karamela\" \/>\n<meta name=\"twitter:card\" content=\"summary_large_image\" \/>\n<meta name=\"twitter:label1\" content=\"Napsal(a)\" \/>\n\t<meta name=\"twitter:data1\" content=\"Karamela\" \/>\n\t<meta name=\"twitter:label2\" content=\"Odhadovan\u00e1 doba \u010dten\u00ed\" \/>\n\t<meta name=\"twitter:data2\" content=\"3 minuty\" \/>\n<script type=\"application\/ld+json\" class=\"yoast-schema-graph\">{\"@context\":\"https:\/\/schema.org\",\"@graph\":[{\"@type\":\"Article\",\"@id\":\"https:\/\/evertonfc.cz\/index.php\/2021\/04\/07\/everton-w-aston-villa-w-31\/#article\",\"isPartOf\":{\"@id\":\"https:\/\/evertonfc.cz\/index.php\/2021\/04\/07\/everton-w-aston-villa-w-31\/\"},\"author\":{\"name\":\"Karamela\",\"@id\":\"https:\/\/evertonfc.cz\/#\/schema\/person\/e9a24a80a32efa1344dd2c4e5882185c\"},\"headline\":\"Everton W &#8211; Aston Villa W 3:1\",\"datePublished\":\"2021-04-07T15:10:35+00:00\",\"dateModified\":\"2021-04-19T18:09:09+00:00\",\"mainEntityOfPage\":{\"@id\":\"https:\/\/evertonfc.cz\/index.php\/2021\/04\/07\/everton-w-aston-villa-w-31\/\"},\"wordCount\":676,\"commentCount\":0,\"publisher\":{\"@id\":\"https:\/\/evertonfc.cz\/#organization\"},\"image\":{\"@id\":\"https:\/\/evertonfc.cz\/index.php\/2021\/04\/07\/everton-w-aston-villa-w-31\/#primaryimage\"},\"thumbnailUrl\":\"https:\/\/evertonfc.cz\/wp-content\/uploads\/2021\/04\/Graham_vs_Villa_4_4_2021_web.jpg\",\"articleSection\":[\"Everton Women\"],\"inLanguage\":\"cs\",\"potentialAction\":[{\"@type\":\"CommentAction\",\"name\":\"Comment\",\"target\":[\"https:\/\/evertonfc.cz\/index.php\/2021\/04\/07\/everton-w-aston-villa-w-31\/#respond\"]}]},{\"@type\":\"WebPage\",\"@id\":\"https:\/\/evertonfc.cz\/index.php\/2021\/04\/07\/everton-w-aston-villa-w-31\/\",\"url\":\"https:\/\/evertonfc.cz\/index.php\/2021\/04\/07\/everton-w-aston-villa-w-31\/\",\"name\":\"Everton W - Aston Villa W 3:1 - Official Czech &amp; Slovak Everton Supporters&#039; Club\",\"isPartOf\":{\"@id\":\"https:\/\/evertonfc.cz\/#website\"},\"primaryImageOfPage\":{\"@id\":\"https:\/\/evertonfc.cz\/index.php\/2021\/04\/07\/everton-w-aston-villa-w-31\/#primaryimage\"},\"image\":{\"@id\":\"https:\/\/evertonfc.cz\/index.php\/2021\/04\/07\/everton-w-aston-villa-w-31\/#primaryimage\"},\"thumbnailUrl\":\"https:\/\/evertonfc.cz\/wp-content\/uploads\/2021\/04\/Graham_vs_Villa_4_4_2021_web.jpg\",\"datePublished\":\"2021-04-07T15:10:35+00:00\",\"dateModified\":\"2021-04-19T18:09:09+00:00\",\"breadcrumb\":{\"@id\":\"https:\/\/evertonfc.cz\/index.php\/2021\/04\/07\/everton-w-aston-villa-w-31\/#breadcrumb\"},\"inLanguage\":\"cs\",\"potentialAction\":[{\"@type\":\"ReadAction\",\"target\":[\"https:\/\/evertonfc.cz\/index.php\/2021\/04\/07\/everton-w-aston-villa-w-31\/\"]}]},{\"@type\":\"ImageObject\",\"inLanguage\":\"cs\",\"@id\":\"https:\/\/evertonfc.cz\/index.php\/2021\/04\/07\/everton-w-aston-villa-w-31\/#primaryimage\",\"url\":\"https:\/\/evertonfc.cz\/wp-content\/uploads\/2021\/04\/Graham_vs_Villa_4_4_2021_web.jpg\",\"contentUrl\":\"https:\/\/evertonfc.cz\/wp-content\/uploads\/2021\/04\/Graham_vs_Villa_4_4_2021_web.jpg\",\"width\":720,\"height\":405},{\"@type\":\"BreadcrumbList\",\"@id\":\"https:\/\/evertonfc.cz\/index.php\/2021\/04\/07\/everton-w-aston-villa-w-31\/#breadcrumb\",\"itemListElement\":[{\"@type\":\"ListItem\",\"position\":1,\"name\":\"Home\",\"item\":\"https:\/\/evertonfc.cz\/\"},{\"@type\":\"ListItem\",\"position\":2,\"name\":\"Everton W &#8211; Aston Villa W 3:1\"}]},{\"@type\":\"WebSite\",\"@id\":\"https:\/\/evertonfc.cz\/#website\",\"url\":\"https:\/\/evertonfc.cz\/\",\"name\":\"Official Czech &amp; Slovak Everton Supporters&#039; Club\",\"description\":\"\",\"publisher\":{\"@id\":\"https:\/\/evertonfc.cz\/#organization\"},\"potentialAction\":[{\"@type\":\"SearchAction\",\"target\":{\"@type\":\"EntryPoint\",\"urlTemplate\":\"https:\/\/evertonfc.cz\/?s={search_term_string}\"},\"query-input\":{\"@type\":\"PropertyValueSpecification\",\"valueRequired\":true,\"valueName\":\"search_term_string\"}}],\"inLanguage\":\"cs\"},{\"@type\":\"Organization\",\"@id\":\"https:\/\/evertonfc.cz\/#organization\",\"name\":\"Official Czech & Slovak Everton Supporters' Club\",\"url\":\"https:\/\/evertonfc.cz\/\",\"logo\":{\"@type\":\"ImageObject\",\"inLanguage\":\"cs\",\"@id\":\"https:\/\/evertonfc.cz\/#\/schema\/logo\/image\/\",\"url\":\"https:\/\/evertonfc.cz\/wp-content\/uploads\/2019\/05\/logo.png\",\"contentUrl\":\"https:\/\/evertonfc.cz\/wp-content\/uploads\/2019\/05\/logo.png\",\"width\":112,\"height\":112,\"caption\":\"Official Czech & Slovak Everton Supporters' Club\"},\"image\":{\"@id\":\"https:\/\/evertonfc.cz\/#\/schema\/logo\/image\/\"},\"sameAs\":[\"https:\/\/www.facebook.com\/everton.fans.cz.sk\"]},{\"@type\":\"Person\",\"@id\":\"https:\/\/evertonfc.cz\/#\/schema\/person\/e9a24a80a32efa1344dd2c4e5882185c\",\"name\":\"Karamela\",\"url\":\"https:\/\/evertonfc.cz\/index.php\/author\/karamela\/\"}]}<\/script>\n<!-- \/ Yoast SEO plugin. -->","yoast_head_json":{"title":"Everton W - Aston Villa W 3:1 - Official Czech &amp; Slovak Everton Supporters&#039; Club","robots":{"index":"index","follow":"follow","max-snippet":"max-snippet:-1","max-image-preview":"max-image-preview:large","max-video-preview":"max-video-preview:-1"},"canonical":"https:\/\/evertonfc.cz\/index.php\/2021\/04\/07\/everton-w-aston-villa-w-31\/","og_locale":"cs_CZ","og_type":"article","og_title":"Everton W - Aston Villa W 3:1 - Official Czech &amp; Slovak Everton Supporters&#039; Club","og_description":"Everton, st\u00e1le st\u00edhaj\u00edc\u00ed prvn\u00ed \u010dty\u0159ku, p\u0159iv\u00edtal na Walton Hall Park aktu\u00e1ln\u011b posledn\u00ed Aston Villu. T\u0159i body za v\u00edtezstv\u00ed 3:1 z\u016fstaly doma.","og_url":"https:\/\/evertonfc.cz\/index.php\/2021\/04\/07\/everton-w-aston-villa-w-31\/","og_site_name":"Official Czech &amp; Slovak Everton Supporters&#039; Club","article_publisher":"https:\/\/www.facebook.com\/everton.fans.cz.sk","article_published_time":"2021-04-07T15:10:35+00:00","article_modified_time":"2021-04-19T18:09:09+00:00","og_image":[{"width":720,"height":405,"url":"https:\/\/evertonfc.cz\/wp-content\/uploads\/2021\/04\/Graham_vs_Villa_4_4_2021_web.jpg","type":"image\/jpeg"}],"author":"Karamela","twitter_card":"summary_large_image","twitter_misc":{"Napsal(a)":"Karamela","Odhadovan\u00e1 doba \u010dten\u00ed":"3 minuty"},"schema":{"@context":"https:\/\/schema.org","@graph":[{"@type":"Article","@id":"https:\/\/evertonfc.cz\/index.php\/2021\/04\/07\/everton-w-aston-villa-w-31\/#article","isPartOf":{"@id":"https:\/\/evertonfc.cz\/index.php\/2021\/04\/07\/everton-w-aston-villa-w-31\/"},"author":{"name":"Karamela","@id":"https:\/\/evertonfc.cz\/#\/schema\/person\/e9a24a80a32efa1344dd2c4e5882185c"},"headline":"Everton W &#8211; Aston Villa W 3:1","datePublished":"2021-04-07T15:10:35+00:00","dateModified":"2021-04-19T18:09:09+00:00","mainEntityOfPage":{"@id":"https:\/\/evertonfc.cz\/index.php\/2021\/04\/07\/everton-w-aston-villa-w-31\/"},"wordCount":676,"commentCount":0,"publisher":{"@id":"https:\/\/evertonfc.cz\/#organization"},"image":{"@id":"https:\/\/evertonfc.cz\/index.php\/2021\/04\/07\/everton-w-aston-villa-w-31\/#primaryimage"},"thumbnailUrl":"https:\/\/evertonfc.cz\/wp-content\/uploads\/2021\/04\/Graham_vs_Villa_4_4_2021_web.jpg","articleSection":["Everton Women"],"inLanguage":"cs","potentialAction":[{"@type":"CommentAction","name":"Comment","target":["https:\/\/evertonfc.cz\/index.php\/2021\/04\/07\/everton-w-aston-villa-w-31\/#respond"]}]},{"@type":"WebPage","@id":"https:\/\/evertonfc.cz\/index.php\/2021\/04\/07\/everton-w-aston-villa-w-31\/","url":"https:\/\/evertonfc.cz\/index.php\/2021\/04\/07\/everton-w-aston-villa-w-31\/","name":"Everton W - Aston Villa W 3:1 - Official Czech &amp; Slovak Everton Supporters&#039; Club","isPartOf":{"@id":"https:\/\/evertonfc.cz\/#website"},"primaryImageOfPage":{"@id":"https:\/\/evertonfc.cz\/index.php\/2021\/04\/07\/everton-w-aston-villa-w-31\/#primaryimage"},"image":{"@id":"https:\/\/evertonfc.cz\/index.php\/2021\/04\/07\/everton-w-aston-villa-w-31\/#primaryimage"},"thumbnailUrl":"https:\/\/evertonfc.cz\/wp-content\/uploads\/2021\/04\/Graham_vs_Villa_4_4_2021_web.jpg","datePublished":"2021-04-07T15:10:35+00:00","dateModified":"2021-04-19T18:09:09+00:00","breadcrumb":{"@id":"https:\/\/evertonfc.cz\/index.php\/2021\/04\/07\/everton-w-aston-villa-w-31\/#breadcrumb"},"inLanguage":"cs","potentialAction":[{"@type":"ReadAction","target":["https:\/\/evertonfc.cz\/index.php\/2021\/04\/07\/everton-w-aston-villa-w-31\/"]}]},{"@type":"ImageObject","inLanguage":"cs","@id":"https:\/\/evertonfc.cz\/index.php\/2021\/04\/07\/everton-w-aston-villa-w-31\/#primaryimage","url":"https:\/\/evertonfc.cz\/wp-content\/uploads\/2021\/04\/Graham_vs_Villa_4_4_2021_web.jpg","contentUrl":"https:\/\/evertonfc.cz\/wp-content\/uploads\/2021\/04\/Graham_vs_Villa_4_4_2021_web.jpg","width":720,"height":405},{"@type":"BreadcrumbList","@id":"https:\/\/evertonfc.cz\/index.php\/2021\/04\/07\/everton-w-aston-villa-w-31\/#breadcrumb","itemListElement":[{"@type":"ListItem","position":1,"name":"Home","item":"https:\/\/evertonfc.cz\/"},{"@type":"ListItem","position":2,"name":"Everton W &#8211; Aston Villa W 3:1"}]},{"@type":"WebSite","@id":"https:\/\/evertonfc.cz\/#website","url":"https:\/\/evertonfc.cz\/","name":"Official Czech &amp; Slovak Everton Supporters&#039; Club","description":"","publisher":{"@id":"https:\/\/evertonfc.cz\/#organization"},"potentialAction":[{"@type":"SearchAction","target":{"@type":"EntryPoint","urlTemplate":"https:\/\/evertonfc.cz\/?s={search_term_string}"},"query-input":{"@type":"PropertyValueSpecification","valueRequired":true,"valueName":"search_term_string"}}],"inLanguage":"cs"},{"@type":"Organization","@id":"https:\/\/evertonfc.cz\/#organization","name":"Official Czech & Slovak Everton Supporters' Club","url":"https:\/\/evertonfc.cz\/","logo":{"@type":"ImageObject","inLanguage":"cs","@id":"https:\/\/evertonfc.cz\/#\/schema\/logo\/image\/","url":"https:\/\/evertonfc.cz\/wp-content\/uploads\/2019\/05\/logo.png","contentUrl":"https:\/\/evertonfc.cz\/wp-content\/uploads\/2019\/05\/logo.png","width":112,"height":112,"caption":"Official Czech & Slovak Everton Supporters' Club"},"image":{"@id":"https:\/\/evertonfc.cz\/#\/schema\/logo\/image\/"},"sameAs":["https:\/\/www.facebook.com\/everton.fans.cz.sk"]},{"@type":"Person","@id":"https:\/\/evertonfc.cz\/#\/schema\/person\/e9a24a80a32efa1344dd2c4e5882185c","name":"Karamela","url":"https:\/\/evertonfc.cz\/index.php\/author\/karamela\/"}]}},"_links":{"self":[{"href":"https:\/\/evertonfc.cz\/index.php\/wp-json\/wp\/v2\/posts\/14882"}],"collection":[{"href":"https:\/\/evertonfc.cz\/index.php\/wp-json\/wp\/v2\/posts"}],"about":[{"href":"https:\/\/evertonfc.cz\/index.php\/wp-json\/wp\/v2\/types\/post"}],"author":[{"embeddable":true,"href":"https:\/\/evertonfc.cz\/index.php\/wp-json\/wp\/v2\/users\/26"}],"replies":[{"embeddable":true,"href":"https:\/\/evertonfc.cz\/index.php\/wp-json\/wp\/v2\/comments?post=14882"}],"version-history":[{"count":15,"href":"https:\/\/evertonfc.cz\/index.php\/wp-json\/wp\/v2\/posts\/14882\/revisions"}],"predecessor-version":[{"id":15032,"href":"https:\/\/evertonfc.cz\/index.php\/wp-json\/wp\/v2\/posts\/14882\/revisions\/15032"}],"wp:featuredmedia":[{"embeddable":true,"href":"https:\/\/evertonfc.cz\/index.php\/wp-json\/wp\/v2\/media\/14885"}],"wp:attachment":[{"href":"https:\/\/evertonfc.cz\/index.php\/wp-json\/wp\/v2\/media?parent=14882"}],"wp:term":[{"taxonomy":"category","embeddable":true,"href":"https:\/\/evertonfc.cz\/index.php\/wp-json\/wp\/v2\/categories?post=14882"},{"taxonomy":"post_tag","embeddable":true,"href":"https:\/\/evertonfc.cz\/index.php\/wp-json\/wp\/v2\/tags?post=14882"}],"curies":[{"name":"wp","href":"https:\/\/api.w.org\/{rel}","templated":true}]}}