{"id":14890,"date":"2021-04-06T14:07:29","date_gmt":"2021-04-06T12:07:29","guid":{"rendered":"https:\/\/evertonfc.cz\/?p=14890"},"modified":"2021-04-07T13:40:56","modified_gmt":"2021-04-07T11:40:56","slug":"everton-crystal-palace-11-3","status":"publish","type":"post","link":"https:\/\/evertonfc.cz\/index.php\/2021\/04\/06\/everton-crystal-palace-11-3\/","title":{"rendered":"Everton \u2013 Crystal Palace 1:1"},"content":{"rendered":"<h4>M\u00e1rnivos\u0165 pred br\u00e1nou n\u00e1s st\u00e1la dva d\u00f4le\u017eit\u00e9 body v boji o \u00fa\u010das\u0165 v jednej z kontinent\u00e1lnych s\u00fa\u0165a\u017e\u00ed. A to si nem\u00f4\u017eeme dovoli\u0165. Rozpis stretnut\u00ed u\u017e ve\u013ea bodov nepon\u00faka.<\/h4>\n<p>Hlavne s t\u00edmami, pri ktor\u00fdch m\u00e1me t\u00fa drzos\u0165 si nahov\u00e1ra\u0165, \u017ee je to povinn\u00e1 v\u00fdhra. Teda aspo\u0148 tomu bolo tak v minulosti. Dnes u\u017e si fan\u00fa\u0161ik nem\u00f4\u017ee by\u0165 ni\u010d\u00edm ist\u00fd. Bez podpory div\u00e1kov sa dom\u00e1ce prostredie premie\u0148a na oslaben\u00fd pilier v\u00fdsledkov, na labiln\u00fa kon\u0161trukciu \u00faspechu, na zdroj ne\u017eiad\u00facich probl\u00e9mov.<\/p>\n<p>Na t\u00fato sez\u00f3nu sa aj preto bude dobre zab\u00fada\u0165. Narozdiel od Taliana u\u017e never\u00edm, \u017ee mu\u017estvo m\u00e1 na to, prebojova\u0165 sa k vyt\u00fa\u017eenej Eur\u00f3pe. To ale neznamen\u00e1, \u017ee do poslednej chv\u00edle nebudem d\u00fafa\u0165 a pria\u0165 si opak. Klub to potrebuje, fan\u00fa\u0161ikovia zasl\u00fa\u017eia a Ancelotti je toho hoden. Len\u017ee ka\u017ed\u00fd mus\u00ed uk\u00e1za\u0165 viac. Ka\u017ed\u00fd&#8230;<\/p>\n<h4><strong>Slab\u00e1 v\u00fdbava<\/strong><\/h4>\n<p>Everton nast\u00fapil doma vo form\u00e1cii 5-3-2. Z nutnosti, nie z presved\u010denia. Allan aj Iwobi sa cez t\u00fd\u017ede\u0148 \u013eah\u0161ie zranili, zotavi\u0165 sa nestihli. A ke\u010f\u017ee Godfrey so Sigurdssonom sa vo\u0161li len medzi n\u00e1hradn\u00edkov, ich miesta zaujali James, Davies a Keane. Lavi\u010dka preto op\u00e4\u0165 raz z\u00edvala nedostatkom kvality. P\u00e4\u0165 hr\u00e1\u010dov v\u00fdberu U23, Gbamin a King plus dvojica, ktor\u00fa som spomenul vy\u0161\u0161ie neopl\u00fdvala pr\u00e1ve ofenz\u00edvnym re\u0161pektom.<\/p>\n<p>Lond\u00fdnska n\u00e1v\u0161teva pri\u0161la naopak zohrat\u00e1 v tvare 4-4-2, bez zmeny po v\u00fdhre nad West Bromwichom. A treba poveda\u0165, \u017ee s kvalitnej\u0161ou v\u00fdbavou n\u00e1hradn\u00edkov, ke\u010f za nepriazniv\u00e9ho stavu dok\u00e1zali na ihrisko posla\u0165 dvoch \u00fato\u010dn\u00edkov a jedno kr\u00eddlo, \u010do napokon nieslo svoje ovocie. My sme sa naopak stiahli a sabotovali trojbodov\u00e9 snahy bet\u00f3nom, ke\u010f vyvin\u00fa\u0165 tlak na s\u00fapera po odchode Rodr\u00edgueza nemal kto.<\/p>\n<h4><strong>Bezbreh\u00e9 mrhanie<\/strong><\/h4>\n<p>Ke\u010f hr\u00e1 dvojica DCL \u2013 Richarlison spolu na hrote, zvy\u010dajne sa neob\u00e1vate o\u00a0nedostatok g\u00f3lov. A\u017e do v\u010dera. T\u00edto dvaja v\u010dera majstrovsky zlo\u017eili kakof\u00f3niu svojich \u00fato\u010dn\u00fdch sn\u00e1h, ktor\u00e9 by in\u00fd de\u0148 sta\u010dili na kompletn\u00fa dehonest\u00e1ciu s\u00fapera, n\u00faten\u00e9ho m\u00e1va\u0165 bielou vlajkou pod n\u00e1porom l\u00f4pt vo svojej sieti.<\/p>\n<p>Naopak, z Vicenta Guaitu je orl\u00ed hrdina. Z \u00f4smich striel tejto dvojice, piatich na br\u00e1nu a\u00a0\u0161tyroch ve\u013ek\u00fdch \u0161anc\u00ed, nepustil za seba ni\u010d. A\u017e v\u00a0druhom pol\u010dase nedok\u00e1zal pokry\u0165 \u0161trbinu, ktor\u00fa s\u00a0prispen\u00edm ty\u010dky na\u0161iel James. N\u00e1\u0161 talizman. M\u00e1 to \u0165a\u017ek\u00e9, ke\u010f je s\u00e1m kreat\u00edvna iskra v\u00a0poli vyhoren\u00fdch.<\/p>\n<p>Samozrejme, duel nebol jednostrannou z\u00e1le\u017eitos\u0165ou. Aj Palace vedeli zahrozi\u0165, no nie s\u00a0takou o\u010dividnos\u0165ou ako t\u00e1bor dom\u00e1cich. Najakt\u00edvnej\u0161\u00ed Eze sa nieko\u013ekokr\u00e1t uk\u00e1zal v\u00a0dobrom svetle, pripom\u00ednaj\u00fac, \u017ee druh\u00e1 liga je bohat\u00e1 aj na \u00fato\u010dn\u00e9 talenty. Pri vyrovn\u00e1vaj\u00facom g\u00f3le v\u0161ak nebol. Vtedy sa zaskvel Batshuayi, hos\u0165uj\u00faci z\u00a0Chelsea. Nepochopite\u013ene od neho pri br\u00e1nen\u00ed odst\u00fapil Keane a\u00a0zariadil rem\u00edzu.<\/p>\n<h4><strong>Z\u00e1vere\u010dn\u00fd dojem<\/strong><\/h4>\n<p>Karamelk\u00e1m, a\u00a0zvl\u00e1\u0161\u0165 Ancelottimu u\u0161kodilo vyn\u00faten\u00e9 striedanie Gomesa po polhodine hry. Zranen\u00fd hamstring si vy\u017eiada e\u0161te vy\u0161etrenia. Dopad na ihrisku v\u0161ak bol vidie\u0165 ihne\u010f. Nap\u00e1danie stratilo efektivitu, a\u00a0ku koncu z\u00e1pasu by sa hr\u00e1\u010d do \u00fatoku zi\u0161iel. Preto ma celkom zarazilo, ke\u010f sme si t\u00fato mo\u017enos\u0165 odobrali pre m\u0148a zbyto\u010dn\u00fdm striedan\u00edm vynikaj\u00faceho Colemana.<\/p>\n<h4><strong>Zauj\u00edmavosti<\/strong><\/h4>\n<ul>\n<li>Everton v z\u00e1pase vyslal na s\u00faperovu br\u00e1nu a\u017e 15 striel. Viac sa mu v\u00a0tomto ro\u010dn\u00edku podarilo v\u00a0lige len proti West Bromu (17), v septembri pri v\u00fdhre 5:2.<\/li>\n<li>Jean-Philippe Gbamin nast\u00fapil za Everton v\u00a0Premier League iba tret\u00edkr\u00e1t. Presne 597 dn\u00ed od augusta 2019 proti Watfordu, kedy sa dlhodobo zranil. V auguste 2019 si tie\u017e odbil svoj debut, ktor\u00fd sa rovnako konal proti Crystal Palace.<\/li>\n<li>G\u00f3l Jamesa Rodrigueza proti Crystal Palace je prv\u00fdm g\u00f3lom, ktor\u00fd Everton strelil v druhom pol\u010dase z\u00e1pasu Premier League v Goodison Parku od okt\u00f3bra 2020, kedy sk\u00f3roval Dominic Calvert-Lewin proti Liverpoolu.<\/li>\n<\/ul>\n<h3 style=\"text-align: center;\"><span style=\"color: #3366ff;\"><strong><em>Come On You Blues!<\/em><\/strong><\/span><\/h3>\n<p style=\"text-align: right;\"><em><span style=\"font-size: 8pt;\">(fotozdroj: AFP)<\/span><\/em><\/p>\n<hr \/>\n<p><strong>Zostrihy + z\u00e1pas:<\/strong> <a href=\"https:\/\/www.fullmatchesandshows.com\/2021\/04\/05\/everton-vs-crystal-palace-highlights-full-match\/\" target=\"_blank\" rel=\"noopener\">fullmatchesandshows.com<\/a>\u00a0 <strong>Mu\u017e z\u00e1pasu redakcie: <\/strong>S\u00e9amus Coleman<\/p>\n<p><strong>G\u00f3ly: <\/strong>56\u00b4 James (Coleman), 86\u00b4 Batshuayi (Schlupp)<\/p>\n<p><strong>\u017dlt\u00e9 karty: <\/strong>15\u00b4 Mina, 33\u00b4 Digne<\/p>\n<p><strong>Crystal Palace FC:\u00a0<\/strong>Guaita \u2013 Ward, Kouyat\u00e9, Cahill, van Aanholt \u2013 Ayew (84\u00b4 Batshuayi), Milivojevi\u0107, Riedewald (68\u00b4 Schlupp), Eze \u2013 Benteke (77\u00b4 Mateta), Zaha<\/p>\n<p><strong>Everton FC:\u00a0<\/strong>Olsen \u2013 Coleman (76\u00b4 Godfrey), Keane, Mina, Holgate, Digne \u2013 Davies, James (79\u00b4 Gbamin), Gomes (31\u00b4 Sigurdsson) \u2013 Calvert-Lewin, Richarlison<\/p>\n<p><strong>Rozhodca:\u00a0<\/strong>Kevin Friend \u00a0<strong>Bez div\u00e1kov<\/strong><\/p>\n","protected":false},"excerpt":{"rendered":"<p>M\u00e1rnivos\u0165 pred br\u00e1nou n\u00e1s st\u00e1la dva d\u00f4le\u017eit\u00e9 body v boji o \u00fa\u010das\u0165 v jednej z kontinent\u00e1lnych s\u00fa\u0165a\u017e\u00ed. A to si nem\u00f4\u017eeme dovoli\u0165. Rozpis stretnut\u00ed u\u017e ve\u013ea bodov nepon\u00faka.<\/p>\n","protected":false},"author":1,"featured_media":14891,"comment_status":"open","ping_status":"closed","sticky":false,"template":"","format":"standard","meta":{"_eb_attr":"","_monsterinsights_skip_tracking":false,"_monsterinsights_sitenote_active":false,"_monsterinsights_sitenote_note":"","_monsterinsights_sitenote_category":0,"footnotes":""},"categories":[4],"tags":[],"yoast_head":"<!-- This site is optimized with the Yoast SEO plugin v23.4 - https:\/\/yoast.com\/wordpress\/plugins\/seo\/ -->\n<title>Everton \u2013 Crystal Palace 1:1 - Official Czech &amp; Slovak Everton Supporters&#039; Club<\/title>\n<meta name=\"robots\" content=\"index, follow, max-snippet:-1, max-image-preview:large, max-video-preview:-1\" \/>\n<link rel=\"canonical\" href=\"https:\/\/evertonfc.cz\/index.php\/2021\/04\/06\/everton-crystal-palace-11-3\/\" \/>\n<meta property=\"og:locale\" content=\"cs_CZ\" \/>\n<meta property=\"og:type\" content=\"article\" \/>\n<meta property=\"og:title\" content=\"Everton \u2013 Crystal Palace 1:1 - Official Czech &amp; Slovak Everton Supporters&#039; Club\" \/>\n<meta property=\"og:description\" content=\"M\u00e1rnivos\u0165 pred br\u00e1nou n\u00e1s st\u00e1la dva d\u00f4le\u017eit\u00e9 body v boji o \u00fa\u010das\u0165 v jednej z kontinent\u00e1lnych s\u00fa\u0165a\u017e\u00ed. A to si nem\u00f4\u017eeme dovoli\u0165. Rozpis stretnut\u00ed u\u017e ve\u013ea bodov nepon\u00faka.\" \/>\n<meta property=\"og:url\" content=\"https:\/\/evertonfc.cz\/index.php\/2021\/04\/06\/everton-crystal-palace-11-3\/\" \/>\n<meta property=\"og:site_name\" content=\"Official Czech &amp; Slovak Everton Supporters&#039; Club\" \/>\n<meta property=\"article:publisher\" content=\"https:\/\/www.facebook.com\/everton.fans.cz.sk\" \/>\n<meta property=\"article:published_time\" content=\"2021-04-06T12:07:29+00:00\" \/>\n<meta property=\"article:modified_time\" content=\"2021-04-07T11:40:56+00:00\" \/>\n<meta property=\"og:image\" content=\"https:\/\/evertonfc.cz\/wp-content\/uploads\/2021\/04\/James-scores-VS-Crystal-Palace-6-4-2021.jpg\" \/>\n\t<meta property=\"og:image:width\" content=\"720\" \/>\n\t<meta property=\"og:image:height\" content=\"405\" \/>\n\t<meta property=\"og:image:type\" content=\"image\/jpeg\" \/>\n<meta name=\"author\" content=\"BlueBlooded\" \/>\n<meta name=\"twitter:card\" content=\"summary_large_image\" \/>\n<meta name=\"twitter:label1\" content=\"Napsal(a)\" \/>\n\t<meta name=\"twitter:data1\" content=\"BlueBlooded\" \/>\n\t<meta name=\"twitter:label2\" content=\"Odhadovan\u00e1 doba \u010dten\u00ed\" \/>\n\t<meta name=\"twitter:data2\" content=\"3 minuty\" \/>\n<script type=\"application\/ld+json\" class=\"yoast-schema-graph\">{\"@context\":\"https:\/\/schema.org\",\"@graph\":[{\"@type\":\"Article\",\"@id\":\"https:\/\/evertonfc.cz\/index.php\/2021\/04\/06\/everton-crystal-palace-11-3\/#article\",\"isPartOf\":{\"@id\":\"https:\/\/evertonfc.cz\/index.php\/2021\/04\/06\/everton-crystal-palace-11-3\/\"},\"author\":{\"name\":\"BlueBlooded\",\"@id\":\"https:\/\/evertonfc.cz\/#\/schema\/person\/d4493b8cbea51532597fbc4685698916\"},\"headline\":\"Everton \u2013 Crystal Palace 1:1\",\"datePublished\":\"2021-04-06T12:07:29+00:00\",\"dateModified\":\"2021-04-07T11:40:56+00:00\",\"mainEntityOfPage\":{\"@id\":\"https:\/\/evertonfc.cz\/index.php\/2021\/04\/06\/everton-crystal-palace-11-3\/\"},\"wordCount\":796,\"commentCount\":22,\"publisher\":{\"@id\":\"https:\/\/evertonfc.cz\/#organization\"},\"image\":{\"@id\":\"https:\/\/evertonfc.cz\/index.php\/2021\/04\/06\/everton-crystal-palace-11-3\/#primaryimage\"},\"thumbnailUrl\":\"https:\/\/evertonfc.cz\/wp-content\/uploads\/2021\/04\/James-scores-VS-Crystal-Palace-6-4-2021.jpg\",\"articleSection\":[\"Z\u00e1pasy\"],\"inLanguage\":\"cs\",\"potentialAction\":[{\"@type\":\"CommentAction\",\"name\":\"Comment\",\"target\":[\"https:\/\/evertonfc.cz\/index.php\/2021\/04\/06\/everton-crystal-palace-11-3\/#respond\"]}]},{\"@type\":\"WebPage\",\"@id\":\"https:\/\/evertonfc.cz\/index.php\/2021\/04\/06\/everton-crystal-palace-11-3\/\",\"url\":\"https:\/\/evertonfc.cz\/index.php\/2021\/04\/06\/everton-crystal-palace-11-3\/\",\"name\":\"Everton \u2013 Crystal Palace 1:1 - Official Czech &amp; Slovak Everton Supporters&#039; Club\",\"isPartOf\":{\"@id\":\"https:\/\/evertonfc.cz\/#website\"},\"primaryImageOfPage\":{\"@id\":\"https:\/\/evertonfc.cz\/index.php\/2021\/04\/06\/everton-crystal-palace-11-3\/#primaryimage\"},\"image\":{\"@id\":\"https:\/\/evertonfc.cz\/index.php\/2021\/04\/06\/everton-crystal-palace-11-3\/#primaryimage\"},\"thumbnailUrl\":\"https:\/\/evertonfc.cz\/wp-content\/uploads\/2021\/04\/James-scores-VS-Crystal-Palace-6-4-2021.jpg\",\"datePublished\":\"2021-04-06T12:07:29+00:00\",\"dateModified\":\"2021-04-07T11:40:56+00:00\",\"breadcrumb\":{\"@id\":\"https:\/\/evertonfc.cz\/index.php\/2021\/04\/06\/everton-crystal-palace-11-3\/#breadcrumb\"},\"inLanguage\":\"cs\",\"potentialAction\":[{\"@type\":\"ReadAction\",\"target\":[\"https:\/\/evertonfc.cz\/index.php\/2021\/04\/06\/everton-crystal-palace-11-3\/\"]}]},{\"@type\":\"ImageObject\",\"inLanguage\":\"cs\",\"@id\":\"https:\/\/evertonfc.cz\/index.php\/2021\/04\/06\/everton-crystal-palace-11-3\/#primaryimage\",\"url\":\"https:\/\/evertonfc.cz\/wp-content\/uploads\/2021\/04\/James-scores-VS-Crystal-Palace-6-4-2021.jpg\",\"contentUrl\":\"https:\/\/evertonfc.cz\/wp-content\/uploads\/2021\/04\/James-scores-VS-Crystal-Palace-6-4-2021.jpg\",\"width\":720,\"height\":405},{\"@type\":\"BreadcrumbList\",\"@id\":\"https:\/\/evertonfc.cz\/index.php\/2021\/04\/06\/everton-crystal-palace-11-3\/#breadcrumb\",\"itemListElement\":[{\"@type\":\"ListItem\",\"position\":1,\"name\":\"Home\",\"item\":\"https:\/\/evertonfc.cz\/\"},{\"@type\":\"ListItem\",\"position\":2,\"name\":\"Everton \u2013 Crystal Palace 1:1\"}]},{\"@type\":\"WebSite\",\"@id\":\"https:\/\/evertonfc.cz\/#website\",\"url\":\"https:\/\/evertonfc.cz\/\",\"name\":\"Official Czech &amp; Slovak Everton Supporters&#039; Club\",\"description\":\"\",\"publisher\":{\"@id\":\"https:\/\/evertonfc.cz\/#organization\"},\"potentialAction\":[{\"@type\":\"SearchAction\",\"target\":{\"@type\":\"EntryPoint\",\"urlTemplate\":\"https:\/\/evertonfc.cz\/?s={search_term_string}\"},\"query-input\":{\"@type\":\"PropertyValueSpecification\",\"valueRequired\":true,\"valueName\":\"search_term_string\"}}],\"inLanguage\":\"cs\"},{\"@type\":\"Organization\",\"@id\":\"https:\/\/evertonfc.cz\/#organization\",\"name\":\"Official Czech & Slovak Everton Supporters' Club\",\"url\":\"https:\/\/evertonfc.cz\/\",\"logo\":{\"@type\":\"ImageObject\",\"inLanguage\":\"cs\",\"@id\":\"https:\/\/evertonfc.cz\/#\/schema\/logo\/image\/\",\"url\":\"https:\/\/evertonfc.cz\/wp-content\/uploads\/2019\/05\/logo.png\",\"contentUrl\":\"https:\/\/evertonfc.cz\/wp-content\/uploads\/2019\/05\/logo.png\",\"width\":112,\"height\":112,\"caption\":\"Official Czech & Slovak Everton Supporters' Club\"},\"image\":{\"@id\":\"https:\/\/evertonfc.cz\/#\/schema\/logo\/image\/\"},\"sameAs\":[\"https:\/\/www.facebook.com\/everton.fans.cz.sk\"]},{\"@type\":\"Person\",\"@id\":\"https:\/\/evertonfc.cz\/#\/schema\/person\/d4493b8cbea51532597fbc4685698916\",\"name\":\"BlueBlooded\",\"url\":\"https:\/\/evertonfc.cz\/index.php\/author\/admin\/\"}]}<\/script>\n<!-- \/ Yoast SEO plugin. -->","yoast_head_json":{"title":"Everton \u2013 Crystal Palace 1:1 - Official Czech &amp; Slovak Everton Supporters&#039; Club","robots":{"index":"index","follow":"follow","max-snippet":"max-snippet:-1","max-image-preview":"max-image-preview:large","max-video-preview":"max-video-preview:-1"},"canonical":"https:\/\/evertonfc.cz\/index.php\/2021\/04\/06\/everton-crystal-palace-11-3\/","og_locale":"cs_CZ","og_type":"article","og_title":"Everton \u2013 Crystal Palace 1:1 - Official Czech &amp; Slovak Everton Supporters&#039; Club","og_description":"M\u00e1rnivos\u0165 pred br\u00e1nou n\u00e1s st\u00e1la dva d\u00f4le\u017eit\u00e9 body v boji o \u00fa\u010das\u0165 v jednej z kontinent\u00e1lnych s\u00fa\u0165a\u017e\u00ed. A to si nem\u00f4\u017eeme dovoli\u0165. Rozpis stretnut\u00ed u\u017e ve\u013ea bodov nepon\u00faka.","og_url":"https:\/\/evertonfc.cz\/index.php\/2021\/04\/06\/everton-crystal-palace-11-3\/","og_site_name":"Official Czech &amp; Slovak Everton Supporters&#039; Club","article_publisher":"https:\/\/www.facebook.com\/everton.fans.cz.sk","article_published_time":"2021-04-06T12:07:29+00:00","article_modified_time":"2021-04-07T11:40:56+00:00","og_image":[{"width":720,"height":405,"url":"https:\/\/evertonfc.cz\/wp-content\/uploads\/2021\/04\/James-scores-VS-Crystal-Palace-6-4-2021.jpg","type":"image\/jpeg"}],"author":"BlueBlooded","twitter_card":"summary_large_image","twitter_misc":{"Napsal(a)":"BlueBlooded","Odhadovan\u00e1 doba \u010dten\u00ed":"3 minuty"},"schema":{"@context":"https:\/\/schema.org","@graph":[{"@type":"Article","@id":"https:\/\/evertonfc.cz\/index.php\/2021\/04\/06\/everton-crystal-palace-11-3\/#article","isPartOf":{"@id":"https:\/\/evertonfc.cz\/index.php\/2021\/04\/06\/everton-crystal-palace-11-3\/"},"author":{"name":"BlueBlooded","@id":"https:\/\/evertonfc.cz\/#\/schema\/person\/d4493b8cbea51532597fbc4685698916"},"headline":"Everton \u2013 Crystal Palace 1:1","datePublished":"2021-04-06T12:07:29+00:00","dateModified":"2021-04-07T11:40:56+00:00","mainEntityOfPage":{"@id":"https:\/\/evertonfc.cz\/index.php\/2021\/04\/06\/everton-crystal-palace-11-3\/"},"wordCount":796,"commentCount":22,"publisher":{"@id":"https:\/\/evertonfc.cz\/#organization"},"image":{"@id":"https:\/\/evertonfc.cz\/index.php\/2021\/04\/06\/everton-crystal-palace-11-3\/#primaryimage"},"thumbnailUrl":"https:\/\/evertonfc.cz\/wp-content\/uploads\/2021\/04\/James-scores-VS-Crystal-Palace-6-4-2021.jpg","articleSection":["Z\u00e1pasy"],"inLanguage":"cs","potentialAction":[{"@type":"CommentAction","name":"Comment","target":["https:\/\/evertonfc.cz\/index.php\/2021\/04\/06\/everton-crystal-palace-11-3\/#respond"]}]},{"@type":"WebPage","@id":"https:\/\/evertonfc.cz\/index.php\/2021\/04\/06\/everton-crystal-palace-11-3\/","url":"https:\/\/evertonfc.cz\/index.php\/2021\/04\/06\/everton-crystal-palace-11-3\/","name":"Everton \u2013 Crystal Palace 1:1 - Official Czech &amp; Slovak Everton Supporters&#039; Club","isPartOf":{"@id":"https:\/\/evertonfc.cz\/#website"},"primaryImageOfPage":{"@id":"https:\/\/evertonfc.cz\/index.php\/2021\/04\/06\/everton-crystal-palace-11-3\/#primaryimage"},"image":{"@id":"https:\/\/evertonfc.cz\/index.php\/2021\/04\/06\/everton-crystal-palace-11-3\/#primaryimage"},"thumbnailUrl":"https:\/\/evertonfc.cz\/wp-content\/uploads\/2021\/04\/James-scores-VS-Crystal-Palace-6-4-2021.jpg","datePublished":"2021-04-06T12:07:29+00:00","dateModified":"2021-04-07T11:40:56+00:00","breadcrumb":{"@id":"https:\/\/evertonfc.cz\/index.php\/2021\/04\/06\/everton-crystal-palace-11-3\/#breadcrumb"},"inLanguage":"cs","potentialAction":[{"@type":"ReadAction","target":["https:\/\/evertonfc.cz\/index.php\/2021\/04\/06\/everton-crystal-palace-11-3\/"]}]},{"@type":"ImageObject","inLanguage":"cs","@id":"https:\/\/evertonfc.cz\/index.php\/2021\/04\/06\/everton-crystal-palace-11-3\/#primaryimage","url":"https:\/\/evertonfc.cz\/wp-content\/uploads\/2021\/04\/James-scores-VS-Crystal-Palace-6-4-2021.jpg","contentUrl":"https:\/\/evertonfc.cz\/wp-content\/uploads\/2021\/04\/James-scores-VS-Crystal-Palace-6-4-2021.jpg","width":720,"height":405},{"@type":"BreadcrumbList","@id":"https:\/\/evertonfc.cz\/index.php\/2021\/04\/06\/everton-crystal-palace-11-3\/#breadcrumb","itemListElement":[{"@type":"ListItem","position":1,"name":"Home","item":"https:\/\/evertonfc.cz\/"},{"@type":"ListItem","position":2,"name":"Everton \u2013 Crystal Palace 1:1"}]},{"@type":"WebSite","@id":"https:\/\/evertonfc.cz\/#website","url":"https:\/\/evertonfc.cz\/","name":"Official Czech &amp; Slovak Everton Supporters&#039; Club","description":"","publisher":{"@id":"https:\/\/evertonfc.cz\/#organization"},"potentialAction":[{"@type":"SearchAction","target":{"@type":"EntryPoint","urlTemplate":"https:\/\/evertonfc.cz\/?s={search_term_string}"},"query-input":{"@type":"PropertyValueSpecification","valueRequired":true,"valueName":"search_term_string"}}],"inLanguage":"cs"},{"@type":"Organization","@id":"https:\/\/evertonfc.cz\/#organization","name":"Official Czech & Slovak Everton Supporters' Club","url":"https:\/\/evertonfc.cz\/","logo":{"@type":"ImageObject","inLanguage":"cs","@id":"https:\/\/evertonfc.cz\/#\/schema\/logo\/image\/","url":"https:\/\/evertonfc.cz\/wp-content\/uploads\/2019\/05\/logo.png","contentUrl":"https:\/\/evertonfc.cz\/wp-content\/uploads\/2019\/05\/logo.png","width":112,"height":112,"caption":"Official Czech & Slovak Everton Supporters' Club"},"image":{"@id":"https:\/\/evertonfc.cz\/#\/schema\/logo\/image\/"},"sameAs":["https:\/\/www.facebook.com\/everton.fans.cz.sk"]},{"@type":"Person","@id":"https:\/\/evertonfc.cz\/#\/schema\/person\/d4493b8cbea51532597fbc4685698916","name":"BlueBlooded","url":"https:\/\/evertonfc.cz\/index.php\/author\/admin\/"}]}},"_links":{"self":[{"href":"https:\/\/evertonfc.cz\/index.php\/wp-json\/wp\/v2\/posts\/14890"}],"collection":[{"href":"https:\/\/evertonfc.cz\/index.php\/wp-json\/wp\/v2\/posts"}],"about":[{"href":"https:\/\/evertonfc.cz\/index.php\/wp-json\/wp\/v2\/types\/post"}],"author":[{"embeddable":true,"href":"https:\/\/evertonfc.cz\/index.php\/wp-json\/wp\/v2\/users\/1"}],"replies":[{"embeddable":true,"href":"https:\/\/evertonfc.cz\/index.php\/wp-json\/wp\/v2\/comments?post=14890"}],"version-history":[{"count":9,"href":"https:\/\/evertonfc.cz\/index.php\/wp-json\/wp\/v2\/posts\/14890\/revisions"}],"predecessor-version":[{"id":14910,"href":"https:\/\/evertonfc.cz\/index.php\/wp-json\/wp\/v2\/posts\/14890\/revisions\/14910"}],"wp:featuredmedia":[{"embeddable":true,"href":"https:\/\/evertonfc.cz\/index.php\/wp-json\/wp\/v2\/media\/14891"}],"wp:attachment":[{"href":"https:\/\/evertonfc.cz\/index.php\/wp-json\/wp\/v2\/media?parent=14890"}],"wp:term":[{"taxonomy":"category","embeddable":true,"href":"https:\/\/evertonfc.cz\/index.php\/wp-json\/wp\/v2\/categories?post=14890"},{"taxonomy":"post_tag","embeddable":true,"href":"https:\/\/evertonfc.cz\/index.php\/wp-json\/wp\/v2\/tags?post=14890"}],"curies":[{"name":"wp","href":"https:\/\/api.w.org\/{rel}","templated":true}]}}