{"id":14933,"date":"2021-04-12T14:16:20","date_gmt":"2021-04-12T12:16:20","guid":{"rendered":"https:\/\/evertonfc.cz\/?p=14933"},"modified":"2021-04-12T17:49:59","modified_gmt":"2021-04-12T15:49:59","slug":"preview-brighton-hove-albion-everton-3","status":"publish","type":"post","link":"https:\/\/evertonfc.cz\/index.php\/2021\/04\/12\/preview-brighton-hove-albion-everton-3\/","title":{"rendered":"Preview: Brighton &#038; Hove Albion \u2013 Everton"},"content":{"rendered":"<h4>Ka\u017ed\u00fd t\u00fdm pot\u0159ebuje body, Everton i Brighton, v\u0161ichni, p\u0159ipomn\u011bl na tiskovce Carlo Ancelotti. K bod\u016fm vedou branky, zat\u00edm ty skute\u010dn\u00e9, nikoli ty &#8222;o\u010dek\u00e1van\u00e9&#8220;.<\/h4>\n<p>Everton v sou\u010dasnosti s\u00e1z\u00ed na kvalitu \u00fatoku, nevytv\u00e1\u0159\u00ed si vpravd\u011b p\u0159\u00edli\u0161 mnoho p\u0159\u00edle\u017eitost\u00ed, ale pokud se tak stane, uspo\u0159enou energii dok\u00e1\u017ee \u010dasto p\u0159etavit v opravdu nebezpe\u010dn\u00fd pokus s vysokou efektivitou. I pro \u0159adu zran\u011bn\u00ed, se kter\u00fdmi se t\u00fdm (podobn\u011b jako \u0159ada dal\u0161\u00edch) pot\u00fdk\u00e1, neusiluje o dominanci v z\u00e1pase a s t\u00edm spojen\u00e9 \u010dast\u011bj\u0161\u00ed dr\u017een\u00ed m\u00ed\u010de.<\/p>\n<h4>P\u0159edstaven\u00ed soupe\u0159e<\/h4>\n<p>N\u00e1\u0161 dne\u0161n\u00ed soupe\u0159 se ve statistik\u00e1ch xG, tedy expected goals, dr\u017e\u00ed velmi vysoko v obou sm\u011brech a p\u0159i potenci\u00e1ln\u00edm sou\u010dtu by atakoval i pomyslnou expected Champions league. Statistiky nejsou v\u0161echno, a tak t\u00fdm, jeho\u017e hra je mo\u017en\u00e1 pohledn\u00e1 na oko, okupuje pouze 16. p\u0159\u00ed\u010dku. A proto\u017ee o v\u00edkendu Newcastle vyhr\u00e1l v Burnley, na kraji \u00fatesu se vytvo\u0159ila nep\u0159\u00edjemn\u00e1 strkanice. Dole \u010d\u00edh\u00e1 Fulham se ztr\u00e1tou 6 bod\u016f, ve fini\u0161i sez\u00f3ny se ale ned\u00e1 na takov\u00fd odstup spol\u00e9hat.<\/p>\n<p>Brighton dok\u00e1\u017ee pozlobit t\u00fdmy z vy\u0161\u0161\u00edch pater, porazil Redshites i Spurs, ale vinou slab\u0161\u00ed produktivity \u010dasto remizuj\u00ed, nap\u0159. pr\u00e1v\u011b s konkurenty v boji o z\u00e1chranu (2kr\u00e1t 0:0 s Fulhamem, 2kr\u00e1t i s Burnley). Jsou tak rem\u00edzov\u00fdmi kr\u00e1ly sout\u011b\u017ee, spolu s Cottagers maj\u00ed 11 nerozhodn\u00fdch z\u00e1znam\u016f.<\/p>\n<p>I p\u0159es zm\u00edn\u011bnou impotenci se do dobr\u00e9 formy dostalo \u00fato\u010dn\u00e9 trio Neal Maupay \u2013 Danny Welbeck \u2013 Leandro Trossard. Osobn\u011b jsem byl zv\u011bdav\u00fd na zimn\u00ed posilu, 20let\u00e9ho Ekv\u00e1dorce Moisese Caiceda, ale ten se do hry je\u0161t\u011b nedostal. Nev\u00edm, co za t\u00edm p\u0159esn\u011b je, ale o n\u00e1stupu do rozjet\u00e9ho vlaku by si mohl vypr\u00e1v\u011bt s Joshem Kingem, na\u0161\u00edm zimn\u00edm p\u0159\u00edr\u016fstkem, ze kter\u00e9ho jsme tak\u00e9 moc nevid\u011bli.<\/p>\n<h4>Vyhl\u00eddky<\/h4>\n<p>\u010casto se p\u0159i na\u0161ich z\u00e1pasech dost\u00e1v\u00e1 na p\u0159et\u0159es hra hlavou. I zde to m\u00e1 velk\u00e9 opodstatn\u011bn\u00ed. Everton, jak zn\u00e1mo, je v sout\u011b\u017ei v tomto sm\u011bru nejaktivn\u011bj\u0161\u00ed &#8211; 12 vst\u0159elen\u00fdch branek, naopak Brighton nejzraniteln\u011bj\u0161\u00ed \u2013 9 inkasovan\u00fdch. Ostatn\u011b, p\u0159i posledn\u00edm m\u011b\u0159en\u00ed sil se to uk\u00e1zalo hned dvakr\u00e1t, v\u00edt\u011bzstv\u00ed 4:2 rozjeli DCL a Mina pr\u00e1v\u011b sv\u00fdmi z\u00e1sahy hlavou.<\/p>\n<p>Graham Potter se bude soust\u0159edit na eliminaci centr\u016f do vlastn\u00edho v\u00e1pna, Everton \u010dasto v\u00a0tomto s\u00e1m p\u0159in\u00e1\u0161\u00ed \u0159e\u0161en\u00ed. Carlo uvedl, \u017ee nechce br\u00e1nit a hr\u00e1t na brejky, ale p\u0159irozen\u011b se to proti Seagulls nab\u00edz\u00ed.<\/p>\n<p>Venkovn\u00ed forma Evertonu je jedno z hlavn\u00edch pozitiv sez\u00f3ny, kter\u00e1 se ch\u00fdl\u00ed ke sv\u00e9mu dramatick\u00e9mu konci. Kv\u016fli 9 v\u00fdhr\u00e1m se Toffees je\u0161t\u011b dr\u017e\u00ed nejen v boji o poh\u00e1ry, ale tak\u00e9 vyrovnali sv\u016fj PL rekord v tomto oboru. Naproti tomu stoj\u00ed jin\u00e1 statistika: v PL Everton na Amex Stadium je\u0161t\u011b nevyhr\u00e1l (1 rem\u00edza, 2 prohry).<\/p>\n<h4>Rozestav\u011bn\u00ed hv\u011bzd<\/h4>\n<p>Dom\u00e1c\u00ed se musej\u00ed obej\u00edt bez slu\u017eeb Tariqa Lampteyho, ale posledn\u00ed 2 z\u00e1pasy t\u00fdm hr\u00e1l na 3 obr\u00e1nce, tak\u017ee lev\u00e9ho beka p\u0159\u00edmo nenahradili. Chyb\u011bt bude i z\u00e1lo\u017en\u00edk Solly March, na jeho\u017e m\u00edst\u011b posledn\u00ed z\u00e1pasy nastupoval Pol\u00e1k Jakub Moder. Uzdraven\u00ed a uschopn\u011bn\u00ed se d\u00e1 \u010dekat od Dana Burna i Adama Webstera, je tedy mo\u017en\u00fd n\u00e1vrat k 4\u010dlenn\u00e9 obran\u011b. Sou\u010dasn\u011b by m\u011bli b\u00fdt k dispozici ofenzivn\u00ed Florin Andone, Percy Tau a Aaron Conolly.<\/p>\n<p>Evertonians dnes neuvid\u00ed ur\u010dit\u011b Andr\u00e9ho Gomese, kter\u00fd nedohr\u00e1l posledn\u00ed z\u00e1pas proti Eagles. Do st\u0159edu h\u0159i\u0161t\u011b tak bude chyb\u011bt spolu s Abdoulayem Doucour\u00e9m, Bernardem a Fabienem Delphem. Chytat lelky na tribun\u011b bude tak\u00e9 Jordan Pickford. Allan \u010dek\u00e1 na schv\u00e1len\u00ed od medik\u016f, uzdravil se i Iwobi.<\/p>\n<p>Doufejme, \u017ee se do\u010dk\u00e1me 3 bod\u016f a vr\u00e1t\u00edme se do boje o evropsk\u00e9 poh\u00e1ry!<\/p>\n<p><strong>Co<\/strong>: Brighton &amp; Hove Albion \u2013 Everton FC, 31. kolo Premier League<br \/>\n<strong>Kdy<\/strong>: 12.4.2021 21:15<br \/>\n<strong>Kde<\/strong>: American Express Community Stadium a.k.a. The Amex Stadium, Village Way, Brighton, BN1 9BL<br \/>\n<strong>Jak<\/strong>: p\u0159\u00edm\u00fd p\u0159enos na stanici Premier Sport<br \/>\n<strong>Rozhod\u010d\u00ed<\/strong>:<strong>\u00a0<\/strong>Darren England <strong>Postrann\u00ed rozhod\u010d\u00ed<\/strong><strong>:\u00a0<\/strong>Simon Long, Timothy Wood <strong>\u010ctvrt\u00fd<\/strong> <strong>rozhod\u010d\u00ed<\/strong><strong>:\u00a0<\/strong>Graham Scott<br \/>\n<strong>VAR<\/strong><strong>:<\/strong> Jonathan Moss\u00a0<strong>Asistent VAR<\/strong><strong>:\u00a0<\/strong>Simon Bennett<\/p>\n","protected":false},"excerpt":{"rendered":"<p>Ka\u017ed\u00fd t\u00fdm pot\u0159ebuje body, Everton i Brighton, v\u0161ichni, p\u0159ipomn\u011bl na tiskovce Carlo Ancelotti. K\u00a0bod\u016fm vedou branky, zat\u00edm ty skute\u010dn\u00e9, nikoli jen ty &#8222;o\u010dek\u00e1van\u00e9&#8220;.<\/p>\n","protected":false},"author":10,"featured_media":14932,"comment_status":"open","ping_status":"closed","sticky":false,"template":"","format":"standard","meta":{"_eb_attr":"","_monsterinsights_skip_tracking":false,"_monsterinsights_sitenote_active":false,"_monsterinsights_sitenote_note":"","_monsterinsights_sitenote_category":0,"footnotes":""},"categories":[4],"tags":[],"yoast_head":"<!-- This site is optimized with the Yoast SEO plugin v23.4 - https:\/\/yoast.com\/wordpress\/plugins\/seo\/ -->\n<title>Preview: Brighton &amp; Hove Albion \u2013 Everton - Official Czech &amp; Slovak Everton Supporters&#039; Club<\/title>\n<meta name=\"robots\" content=\"index, follow, max-snippet:-1, max-image-preview:large, max-video-preview:-1\" \/>\n<link rel=\"canonical\" href=\"https:\/\/evertonfc.cz\/index.php\/2021\/04\/12\/preview-brighton-hove-albion-everton-3\/\" \/>\n<meta property=\"og:locale\" content=\"cs_CZ\" \/>\n<meta property=\"og:type\" content=\"article\" \/>\n<meta property=\"og:title\" content=\"Preview: Brighton &amp; Hove Albion \u2013 Everton - Official Czech &amp; Slovak Everton Supporters&#039; Club\" \/>\n<meta property=\"og:description\" content=\"Ka\u017ed\u00fd t\u00fdm pot\u0159ebuje body, Everton i Brighton, v\u0161ichni, p\u0159ipomn\u011bl na tiskovce Carlo Ancelotti. K\u00a0bod\u016fm vedou branky, zat\u00edm ty skute\u010dn\u00e9, nikoli jen ty &quot;o\u010dek\u00e1van\u00e9&quot;.\" \/>\n<meta property=\"og:url\" content=\"https:\/\/evertonfc.cz\/index.php\/2021\/04\/12\/preview-brighton-hove-albion-everton-3\/\" \/>\n<meta property=\"og:site_name\" content=\"Official Czech &amp; Slovak Everton Supporters&#039; Club\" \/>\n<meta property=\"article:publisher\" content=\"https:\/\/www.facebook.com\/everton.fans.cz.sk\" \/>\n<meta property=\"article:published_time\" content=\"2021-04-12T12:16:20+00:00\" \/>\n<meta property=\"article:modified_time\" content=\"2021-04-12T15:49:59+00:00\" \/>\n<meta property=\"og:image\" content=\"https:\/\/evertonfc.cz\/wp-content\/uploads\/2021\/04\/Brighton-and-Hove-Albion-VS-Everton.jpg\" \/>\n\t<meta property=\"og:image:width\" content=\"720\" \/>\n\t<meta property=\"og:image:height\" content=\"405\" \/>\n\t<meta property=\"og:image:type\" content=\"image\/jpeg\" \/>\n<meta name=\"author\" content=\"Fip\" \/>\n<meta name=\"twitter:card\" content=\"summary_large_image\" \/>\n<meta name=\"twitter:label1\" content=\"Napsal(a)\" \/>\n\t<meta name=\"twitter:data1\" content=\"Fip\" \/>\n\t<meta name=\"twitter:label2\" content=\"Odhadovan\u00e1 doba \u010dten\u00ed\" \/>\n\t<meta name=\"twitter:data2\" content=\"3 minuty\" \/>\n<script type=\"application\/ld+json\" class=\"yoast-schema-graph\">{\"@context\":\"https:\/\/schema.org\",\"@graph\":[{\"@type\":\"Article\",\"@id\":\"https:\/\/evertonfc.cz\/index.php\/2021\/04\/12\/preview-brighton-hove-albion-everton-3\/#article\",\"isPartOf\":{\"@id\":\"https:\/\/evertonfc.cz\/index.php\/2021\/04\/12\/preview-brighton-hove-albion-everton-3\/\"},\"author\":{\"name\":\"Fip\",\"@id\":\"https:\/\/evertonfc.cz\/#\/schema\/person\/35904009755e8eaa0dc1a5f5f0419002\"},\"headline\":\"Preview: Brighton &#038; Hove Albion \u2013 Everton\",\"datePublished\":\"2021-04-12T12:16:20+00:00\",\"dateModified\":\"2021-04-12T15:49:59+00:00\",\"mainEntityOfPage\":{\"@id\":\"https:\/\/evertonfc.cz\/index.php\/2021\/04\/12\/preview-brighton-hove-albion-everton-3\/\"},\"wordCount\":762,\"commentCount\":12,\"publisher\":{\"@id\":\"https:\/\/evertonfc.cz\/#organization\"},\"image\":{\"@id\":\"https:\/\/evertonfc.cz\/index.php\/2021\/04\/12\/preview-brighton-hove-albion-everton-3\/#primaryimage\"},\"thumbnailUrl\":\"https:\/\/evertonfc.cz\/wp-content\/uploads\/2021\/04\/Brighton-and-Hove-Albion-VS-Everton.jpg\",\"articleSection\":[\"Z\u00e1pasy\"],\"inLanguage\":\"cs\",\"potentialAction\":[{\"@type\":\"CommentAction\",\"name\":\"Comment\",\"target\":[\"https:\/\/evertonfc.cz\/index.php\/2021\/04\/12\/preview-brighton-hove-albion-everton-3\/#respond\"]}]},{\"@type\":\"WebPage\",\"@id\":\"https:\/\/evertonfc.cz\/index.php\/2021\/04\/12\/preview-brighton-hove-albion-everton-3\/\",\"url\":\"https:\/\/evertonfc.cz\/index.php\/2021\/04\/12\/preview-brighton-hove-albion-everton-3\/\",\"name\":\"Preview: Brighton & Hove Albion \u2013 Everton - Official Czech &amp; Slovak Everton Supporters&#039; Club\",\"isPartOf\":{\"@id\":\"https:\/\/evertonfc.cz\/#website\"},\"primaryImageOfPage\":{\"@id\":\"https:\/\/evertonfc.cz\/index.php\/2021\/04\/12\/preview-brighton-hove-albion-everton-3\/#primaryimage\"},\"image\":{\"@id\":\"https:\/\/evertonfc.cz\/index.php\/2021\/04\/12\/preview-brighton-hove-albion-everton-3\/#primaryimage\"},\"thumbnailUrl\":\"https:\/\/evertonfc.cz\/wp-content\/uploads\/2021\/04\/Brighton-and-Hove-Albion-VS-Everton.jpg\",\"datePublished\":\"2021-04-12T12:16:20+00:00\",\"dateModified\":\"2021-04-12T15:49:59+00:00\",\"breadcrumb\":{\"@id\":\"https:\/\/evertonfc.cz\/index.php\/2021\/04\/12\/preview-brighton-hove-albion-everton-3\/#breadcrumb\"},\"inLanguage\":\"cs\",\"potentialAction\":[{\"@type\":\"ReadAction\",\"target\":[\"https:\/\/evertonfc.cz\/index.php\/2021\/04\/12\/preview-brighton-hove-albion-everton-3\/\"]}]},{\"@type\":\"ImageObject\",\"inLanguage\":\"cs\",\"@id\":\"https:\/\/evertonfc.cz\/index.php\/2021\/04\/12\/preview-brighton-hove-albion-everton-3\/#primaryimage\",\"url\":\"https:\/\/evertonfc.cz\/wp-content\/uploads\/2021\/04\/Brighton-and-Hove-Albion-VS-Everton.jpg\",\"contentUrl\":\"https:\/\/evertonfc.cz\/wp-content\/uploads\/2021\/04\/Brighton-and-Hove-Albion-VS-Everton.jpg\",\"width\":720,\"height\":405},{\"@type\":\"BreadcrumbList\",\"@id\":\"https:\/\/evertonfc.cz\/index.php\/2021\/04\/12\/preview-brighton-hove-albion-everton-3\/#breadcrumb\",\"itemListElement\":[{\"@type\":\"ListItem\",\"position\":1,\"name\":\"Home\",\"item\":\"https:\/\/evertonfc.cz\/\"},{\"@type\":\"ListItem\",\"position\":2,\"name\":\"Preview: Brighton &#038; Hove Albion \u2013 Everton\"}]},{\"@type\":\"WebSite\",\"@id\":\"https:\/\/evertonfc.cz\/#website\",\"url\":\"https:\/\/evertonfc.cz\/\",\"name\":\"Official Czech &amp; Slovak Everton Supporters&#039; Club\",\"description\":\"\",\"publisher\":{\"@id\":\"https:\/\/evertonfc.cz\/#organization\"},\"potentialAction\":[{\"@type\":\"SearchAction\",\"target\":{\"@type\":\"EntryPoint\",\"urlTemplate\":\"https:\/\/evertonfc.cz\/?s={search_term_string}\"},\"query-input\":{\"@type\":\"PropertyValueSpecification\",\"valueRequired\":true,\"valueName\":\"search_term_string\"}}],\"inLanguage\":\"cs\"},{\"@type\":\"Organization\",\"@id\":\"https:\/\/evertonfc.cz\/#organization\",\"name\":\"Official Czech & Slovak Everton Supporters' Club\",\"url\":\"https:\/\/evertonfc.cz\/\",\"logo\":{\"@type\":\"ImageObject\",\"inLanguage\":\"cs\",\"@id\":\"https:\/\/evertonfc.cz\/#\/schema\/logo\/image\/\",\"url\":\"https:\/\/evertonfc.cz\/wp-content\/uploads\/2019\/05\/logo.png\",\"contentUrl\":\"https:\/\/evertonfc.cz\/wp-content\/uploads\/2019\/05\/logo.png\",\"width\":112,\"height\":112,\"caption\":\"Official Czech & Slovak Everton Supporters' Club\"},\"image\":{\"@id\":\"https:\/\/evertonfc.cz\/#\/schema\/logo\/image\/\"},\"sameAs\":[\"https:\/\/www.facebook.com\/everton.fans.cz.sk\"]},{\"@type\":\"Person\",\"@id\":\"https:\/\/evertonfc.cz\/#\/schema\/person\/35904009755e8eaa0dc1a5f5f0419002\",\"name\":\"Fip\",\"url\":\"https:\/\/evertonfc.cz\/index.php\/author\/fip\/\"}]}<\/script>\n<!-- \/ Yoast SEO plugin. -->","yoast_head_json":{"title":"Preview: Brighton & Hove Albion \u2013 Everton - Official Czech &amp; Slovak Everton Supporters&#039; Club","robots":{"index":"index","follow":"follow","max-snippet":"max-snippet:-1","max-image-preview":"max-image-preview:large","max-video-preview":"max-video-preview:-1"},"canonical":"https:\/\/evertonfc.cz\/index.php\/2021\/04\/12\/preview-brighton-hove-albion-everton-3\/","og_locale":"cs_CZ","og_type":"article","og_title":"Preview: Brighton & Hove Albion \u2013 Everton - Official Czech &amp; Slovak Everton Supporters&#039; Club","og_description":"Ka\u017ed\u00fd t\u00fdm pot\u0159ebuje body, Everton i Brighton, v\u0161ichni, p\u0159ipomn\u011bl na tiskovce Carlo Ancelotti. K\u00a0bod\u016fm vedou branky, zat\u00edm ty skute\u010dn\u00e9, nikoli jen ty \"o\u010dek\u00e1van\u00e9\".","og_url":"https:\/\/evertonfc.cz\/index.php\/2021\/04\/12\/preview-brighton-hove-albion-everton-3\/","og_site_name":"Official Czech &amp; Slovak Everton Supporters&#039; Club","article_publisher":"https:\/\/www.facebook.com\/everton.fans.cz.sk","article_published_time":"2021-04-12T12:16:20+00:00","article_modified_time":"2021-04-12T15:49:59+00:00","og_image":[{"width":720,"height":405,"url":"https:\/\/evertonfc.cz\/wp-content\/uploads\/2021\/04\/Brighton-and-Hove-Albion-VS-Everton.jpg","type":"image\/jpeg"}],"author":"Fip","twitter_card":"summary_large_image","twitter_misc":{"Napsal(a)":"Fip","Odhadovan\u00e1 doba \u010dten\u00ed":"3 minuty"},"schema":{"@context":"https:\/\/schema.org","@graph":[{"@type":"Article","@id":"https:\/\/evertonfc.cz\/index.php\/2021\/04\/12\/preview-brighton-hove-albion-everton-3\/#article","isPartOf":{"@id":"https:\/\/evertonfc.cz\/index.php\/2021\/04\/12\/preview-brighton-hove-albion-everton-3\/"},"author":{"name":"Fip","@id":"https:\/\/evertonfc.cz\/#\/schema\/person\/35904009755e8eaa0dc1a5f5f0419002"},"headline":"Preview: Brighton &#038; Hove Albion \u2013 Everton","datePublished":"2021-04-12T12:16:20+00:00","dateModified":"2021-04-12T15:49:59+00:00","mainEntityOfPage":{"@id":"https:\/\/evertonfc.cz\/index.php\/2021\/04\/12\/preview-brighton-hove-albion-everton-3\/"},"wordCount":762,"commentCount":12,"publisher":{"@id":"https:\/\/evertonfc.cz\/#organization"},"image":{"@id":"https:\/\/evertonfc.cz\/index.php\/2021\/04\/12\/preview-brighton-hove-albion-everton-3\/#primaryimage"},"thumbnailUrl":"https:\/\/evertonfc.cz\/wp-content\/uploads\/2021\/04\/Brighton-and-Hove-Albion-VS-Everton.jpg","articleSection":["Z\u00e1pasy"],"inLanguage":"cs","potentialAction":[{"@type":"CommentAction","name":"Comment","target":["https:\/\/evertonfc.cz\/index.php\/2021\/04\/12\/preview-brighton-hove-albion-everton-3\/#respond"]}]},{"@type":"WebPage","@id":"https:\/\/evertonfc.cz\/index.php\/2021\/04\/12\/preview-brighton-hove-albion-everton-3\/","url":"https:\/\/evertonfc.cz\/index.php\/2021\/04\/12\/preview-brighton-hove-albion-everton-3\/","name":"Preview: Brighton & Hove Albion \u2013 Everton - Official Czech &amp; Slovak Everton Supporters&#039; Club","isPartOf":{"@id":"https:\/\/evertonfc.cz\/#website"},"primaryImageOfPage":{"@id":"https:\/\/evertonfc.cz\/index.php\/2021\/04\/12\/preview-brighton-hove-albion-everton-3\/#primaryimage"},"image":{"@id":"https:\/\/evertonfc.cz\/index.php\/2021\/04\/12\/preview-brighton-hove-albion-everton-3\/#primaryimage"},"thumbnailUrl":"https:\/\/evertonfc.cz\/wp-content\/uploads\/2021\/04\/Brighton-and-Hove-Albion-VS-Everton.jpg","datePublished":"2021-04-12T12:16:20+00:00","dateModified":"2021-04-12T15:49:59+00:00","breadcrumb":{"@id":"https:\/\/evertonfc.cz\/index.php\/2021\/04\/12\/preview-brighton-hove-albion-everton-3\/#breadcrumb"},"inLanguage":"cs","potentialAction":[{"@type":"ReadAction","target":["https:\/\/evertonfc.cz\/index.php\/2021\/04\/12\/preview-brighton-hove-albion-everton-3\/"]}]},{"@type":"ImageObject","inLanguage":"cs","@id":"https:\/\/evertonfc.cz\/index.php\/2021\/04\/12\/preview-brighton-hove-albion-everton-3\/#primaryimage","url":"https:\/\/evertonfc.cz\/wp-content\/uploads\/2021\/04\/Brighton-and-Hove-Albion-VS-Everton.jpg","contentUrl":"https:\/\/evertonfc.cz\/wp-content\/uploads\/2021\/04\/Brighton-and-Hove-Albion-VS-Everton.jpg","width":720,"height":405},{"@type":"BreadcrumbList","@id":"https:\/\/evertonfc.cz\/index.php\/2021\/04\/12\/preview-brighton-hove-albion-everton-3\/#breadcrumb","itemListElement":[{"@type":"ListItem","position":1,"name":"Home","item":"https:\/\/evertonfc.cz\/"},{"@type":"ListItem","position":2,"name":"Preview: Brighton &#038; Hove Albion \u2013 Everton"}]},{"@type":"WebSite","@id":"https:\/\/evertonfc.cz\/#website","url":"https:\/\/evertonfc.cz\/","name":"Official Czech &amp; Slovak Everton Supporters&#039; Club","description":"","publisher":{"@id":"https:\/\/evertonfc.cz\/#organization"},"potentialAction":[{"@type":"SearchAction","target":{"@type":"EntryPoint","urlTemplate":"https:\/\/evertonfc.cz\/?s={search_term_string}"},"query-input":{"@type":"PropertyValueSpecification","valueRequired":true,"valueName":"search_term_string"}}],"inLanguage":"cs"},{"@type":"Organization","@id":"https:\/\/evertonfc.cz\/#organization","name":"Official Czech & Slovak Everton Supporters' Club","url":"https:\/\/evertonfc.cz\/","logo":{"@type":"ImageObject","inLanguage":"cs","@id":"https:\/\/evertonfc.cz\/#\/schema\/logo\/image\/","url":"https:\/\/evertonfc.cz\/wp-content\/uploads\/2019\/05\/logo.png","contentUrl":"https:\/\/evertonfc.cz\/wp-content\/uploads\/2019\/05\/logo.png","width":112,"height":112,"caption":"Official Czech & Slovak Everton Supporters' Club"},"image":{"@id":"https:\/\/evertonfc.cz\/#\/schema\/logo\/image\/"},"sameAs":["https:\/\/www.facebook.com\/everton.fans.cz.sk"]},{"@type":"Person","@id":"https:\/\/evertonfc.cz\/#\/schema\/person\/35904009755e8eaa0dc1a5f5f0419002","name":"Fip","url":"https:\/\/evertonfc.cz\/index.php\/author\/fip\/"}]}},"_links":{"self":[{"href":"https:\/\/evertonfc.cz\/index.php\/wp-json\/wp\/v2\/posts\/14933"}],"collection":[{"href":"https:\/\/evertonfc.cz\/index.php\/wp-json\/wp\/v2\/posts"}],"about":[{"href":"https:\/\/evertonfc.cz\/index.php\/wp-json\/wp\/v2\/types\/post"}],"author":[{"embeddable":true,"href":"https:\/\/evertonfc.cz\/index.php\/wp-json\/wp\/v2\/users\/10"}],"replies":[{"embeddable":true,"href":"https:\/\/evertonfc.cz\/index.php\/wp-json\/wp\/v2\/comments?post=14933"}],"version-history":[{"count":6,"href":"https:\/\/evertonfc.cz\/index.php\/wp-json\/wp\/v2\/posts\/14933\/revisions"}],"predecessor-version":[{"id":14940,"href":"https:\/\/evertonfc.cz\/index.php\/wp-json\/wp\/v2\/posts\/14933\/revisions\/14940"}],"wp:featuredmedia":[{"embeddable":true,"href":"https:\/\/evertonfc.cz\/index.php\/wp-json\/wp\/v2\/media\/14932"}],"wp:attachment":[{"href":"https:\/\/evertonfc.cz\/index.php\/wp-json\/wp\/v2\/media?parent=14933"}],"wp:term":[{"taxonomy":"category","embeddable":true,"href":"https:\/\/evertonfc.cz\/index.php\/wp-json\/wp\/v2\/categories?post=14933"},{"taxonomy":"post_tag","embeddable":true,"href":"https:\/\/evertonfc.cz\/index.php\/wp-json\/wp\/v2\/tags?post=14933"}],"curies":[{"name":"wp","href":"https:\/\/api.w.org\/{rel}","templated":true}]}}