{"id":14943,"date":"2021-04-12T23:22:53","date_gmt":"2021-04-12T21:22:53","guid":{"rendered":"https:\/\/evertonfc.cz\/?p=14943"},"modified":"2021-04-13T08:34:24","modified_gmt":"2021-04-13T06:34:24","slug":"brighton-hove-albion-everton-00","status":"publish","type":"post","link":"https:\/\/evertonfc.cz\/index.php\/2021\/04\/12\/brighton-hove-albion-everton-00\/","title":{"rendered":"Brighton &#038; Hove Albion \u2013 Everton 0:0"},"content":{"rendered":"<h4>Zran\u011bn\u00edmi zdecimovan\u00fd Everton, kter\u00fd dnes postr\u00e1dal a\u017e des\u00edtku hr\u00e1\u010d\u016f, se na ji\u017en\u00edm pob\u0159e\u017e\u00ed Anglie protr\u00e1pil k unud\u011bn\u00e9\u00a0bezbrankov\u00e9 rem\u00edze.<\/h4>\n<p>K\u00e1dr Merseysiders aktu\u00e1ln\u011b kos\u00ed zdravotn\u00ed probl\u00e9my opravdu ve velk\u00e9m, oproti posledn\u00edmu z\u00e1pasu se na listin\u011b marod\u016f nov\u011b objevili Calvert-Lewin, Gomes, Gbamin a King, kte\u0159\u00ed se p\u0159idali k ji\u017e d\u0159\u00edve absentuj\u00edc\u00edm Pickfordovi, Doucour\u00e9mu, Onyangovi, Delphovi, Bernardovi a Allanovi. Mana\u017eer Ancelotti tak musel notn\u011b experimentovat se slo\u017een\u00edm sestavy, a\u017e mu do \u00favodn\u00ed jeden\u00e1ctky proklouzlo hned \u0161est obr\u00e1nc\u016f. Na lavi\u010dce se potom objevilo p\u00e1r nezn\u00e1m\u00fdch jmen jako Price \u010di Welch \u2013 t\u011b\u017eko \u0159\u00edct, zda \u0161lo o skute\u010dn\u00e9 (mlad\u00e9) hr\u00e1\u010de, nebo pouh\u00fd gener\u00e1tor n\u00e1hodn\u00fdch jmen. Redakce zji\u0161\u0165uje podrobnosti.<\/p>\n<p>Na samotn\u00e9m tr\u00e1vn\u00edku se hr\u00e1\u010di Toffees rozestavili do poslepovan\u00e9 defenzivn\u00ed formace se t\u0159emi stopery, dv\u011bma k\u0159\u00eddeln\u00edmi obr\u00e1nci, t\u0159emi st\u0159edopola\u0159i v\u010detn\u011b jinak stopera Holgatea a dv\u011bma \u00fato\u010dn\u00fdmi Jihoameri\u010dany Jamesem a Richarlisonem.<\/p>\n<p>Po p\u016flhodin\u011b opatrn\u00e9ho (elegantn\u011b \u0159e\u010deno) p\u0159edstaven\u00ed p\u0159epnuli dom\u00e1c\u00ed na malou chv\u00edli na vy\u0161\u0161\u00ed tempo, co\u017e jim sta\u010dilo, aby p\u0159ipsali si prvn\u00ed dv\u011b v\u00e1\u017en\u011bj\u0161\u00ed st\u0159ely z kopa\u010dek Maupaye a akrobaticky zakon\u010duj\u00edc\u00edho Bissoumy. Host\u00e9 se v prapodivn\u00e9 sestav\u011b nep\u0159ekvapiv\u011b tr\u00e1pili v kombinaci a marn\u011b \u010dekali na vysvobozuj\u00edc\u00ed z\u00e1blesk individu\u00e1ln\u00ed fotbalov\u00e9 geniality. Le\u010d bojovnost jim up\u0159\u00edt rozhodn\u011b ne\u0161la.<\/p>\n<p>Ve druh\u00e9m polo\u010dase to Toffees dot\u00e1hli na celou jeden\u00e1ctku zran\u011bn\u00fdch hr\u00e1\u010d\u016f, Mina se dokonce zvl\u00e1dl vy\u0159adit s\u00e1m p\u0159i obrann\u00e9m skluzu. I tak to ale bylo to nejzaj\u00edmav\u011bj\u0161\u00ed od plejer\u016f v zelen\u00e9m. V\u011bt\u0161\u00ed aktivitou h\u00fd\u0159ili dom\u00e1c\u00ed, kte\u0159\u00ed v 78. minut\u011b nebezpe\u010dn\u011b dob\u00fdvali soupe\u0159ovu branku, jen\u017ee Maupay v dobr\u00e9 pozici m\u00ed\u0159il trestuhodn\u011b vedle a Dunkovu hlavi\u010dku reflexivn\u011b vyrazil Olsen.<\/p>\n<p>Jedine\u010dn\u00e1 a jedin\u00e1 \u0161ance Evertonu na v\u00fdhru p\u0159i\u0161la v nastaven\u00ed z\u00e1pasu, kdy se p\u0159ed st\u0159\u00eddaj\u00edc\u00edm Iwobim otev\u0159el prostor za hranic\u00ed v\u00e1pna. Nigerijec v\u0161ak s t\u0159\u00edbodovou sl\u00e1vou nalo\u017eil&#8230; no, asi jak se \u010dekalo \u2013 br\u00e1nu p\u0159est\u0159elil.<\/p>\n<p>Osm\u00ed Toffees \u010dekaj\u00ed na v\u00fdhru v lize u\u017e p\u011bt kol a pomalu se stahuj\u00ed z boje o evropsk\u00e9 poh\u00e1ry, a\u010dkoli se star\u00fdm li\u0161\u00e1kem Ancelottim nelze p\u0159ed\u010dasn\u011b h\u00e1zet flintu do \u017eita.<\/p>\n<p><strong>\u017dK:<\/strong> 52. Lewis Dunk &#8211; 82. Michael Keane, 90+2. Mason Holgate<\/p>\n<p><strong>Brighton &amp; Hove Albion:<\/strong> Robert S\u00e1nchez, J\u00f6el Veltman, Lewis Dunk, Ben White, Adam Lallana, Pascal Gro\u00df, Jakub Moder (88. Dan Burn), Yves Bissouma, Danny Welbeck, Leandro Trossard, Neal Maupay (88. Alireza Jahanbakhsh)<\/p>\n<p><strong>Everton:<\/strong> Robin Olsen, S\u00e9amus Coleman, Lucas Digne, Ben Godfrey, Michael Keane, Mason Holgate, Yerry Mina (58. Alex Iwobi), Gylfi Sigurdsson, James Rodr\u00edguez, Richarlison, Tom Davies (88. Nathan Broadhead)<\/p>\n<p><strong>Rozhod\u010d\u00ed:<\/strong> Darren England<\/p>\n<p><strong>Bez div\u00e1k\u016f<\/strong><\/p>\n","protected":false},"excerpt":{"rendered":"<p>Zran\u011bn\u00edmi zdecimovan\u00fd Everton, kter\u00fd dnes postr\u00e1dal a\u017e des\u00edtku hr\u00e1\u010d\u016f, se na ji\u017en\u00edm pob\u0159e\u017e\u00ed Anglie protr\u00e1pil k unud\u011bn\u00e9\u00a0bezbrankov\u00e9 rem\u00edze.<\/p>\n","protected":false},"author":6,"featured_media":14942,"comment_status":"open","ping_status":"closed","sticky":false,"template":"","format":"standard","meta":{"_eb_attr":"","_monsterinsights_skip_tracking":false,"_monsterinsights_sitenote_active":false,"_monsterinsights_sitenote_note":"","_monsterinsights_sitenote_category":0,"footnotes":""},"categories":[4],"tags":[],"yoast_head":"<!-- This site is optimized with the Yoast SEO plugin v23.4 - https:\/\/yoast.com\/wordpress\/plugins\/seo\/ -->\n<title>Brighton &amp; Hove Albion \u2013 Everton 0:0 - Official Czech &amp; Slovak Everton Supporters&#039; Club<\/title>\n<meta name=\"description\" content=\"Zran\u011bn\u00edmi zdecimovan\u00fd Everton, kter\u00fd dnes postr\u00e1dal a\u017e des\u00edtku hr\u00e1\u010d\u016f, se na ji\u017en\u00edm pob\u0159e\u017e\u00ed Anglie protr\u00e1pil k unud\u011bn\u00e9\u00a0bezbrankov\u00e9 rem\u00edze.\" \/>\n<meta name=\"robots\" content=\"index, follow, max-snippet:-1, max-image-preview:large, max-video-preview:-1\" \/>\n<link rel=\"canonical\" href=\"https:\/\/evertonfc.cz\/index.php\/2021\/04\/12\/brighton-hove-albion-everton-00\/\" \/>\n<meta property=\"og:locale\" content=\"cs_CZ\" \/>\n<meta property=\"og:type\" content=\"article\" \/>\n<meta property=\"og:title\" content=\"Brighton &amp; Hove Albion \u2013 Everton 0:0 - Official Czech &amp; Slovak Everton Supporters&#039; Club\" \/>\n<meta property=\"og:description\" content=\"Zran\u011bn\u00edmi zdecimovan\u00fd Everton, kter\u00fd dnes postr\u00e1dal a\u017e des\u00edtku hr\u00e1\u010d\u016f, se na ji\u017en\u00edm pob\u0159e\u017e\u00ed Anglie protr\u00e1pil k unud\u011bn\u00e9\u00a0bezbrankov\u00e9 rem\u00edze.\" \/>\n<meta property=\"og:url\" content=\"https:\/\/evertonfc.cz\/index.php\/2021\/04\/12\/brighton-hove-albion-everton-00\/\" \/>\n<meta property=\"og:site_name\" content=\"Official Czech &amp; Slovak Everton Supporters&#039; Club\" \/>\n<meta property=\"article:publisher\" content=\"https:\/\/www.facebook.com\/everton.fans.cz.sk\" \/>\n<meta property=\"article:published_time\" content=\"2021-04-12T21:22:53+00:00\" \/>\n<meta property=\"article:modified_time\" content=\"2021-04-13T06:34:24+00:00\" \/>\n<meta property=\"og:image\" content=\"https:\/\/evertonfc.cz\/wp-content\/uploads\/2021\/04\/ancelotti_12_4_2021.jpg\" \/>\n\t<meta property=\"og:image:width\" content=\"720\" \/>\n\t<meta property=\"og:image:height\" content=\"405\" \/>\n\t<meta property=\"og:image:type\" content=\"image\/jpeg\" \/>\n<meta name=\"author\" content=\"Ri\u010di\" \/>\n<meta name=\"twitter:card\" content=\"summary_large_image\" \/>\n<meta name=\"twitter:creator\" content=\"@rbrejsa\" \/>\n<meta name=\"twitter:label1\" content=\"Napsal(a)\" \/>\n\t<meta name=\"twitter:data1\" content=\"Ri\u010di\" \/>\n\t<meta name=\"twitter:label2\" content=\"Odhadovan\u00e1 doba \u010dten\u00ed\" \/>\n\t<meta name=\"twitter:data2\" content=\"2 minuty\" \/>\n<script type=\"application\/ld+json\" class=\"yoast-schema-graph\">{\"@context\":\"https:\/\/schema.org\",\"@graph\":[{\"@type\":\"Article\",\"@id\":\"https:\/\/evertonfc.cz\/index.php\/2021\/04\/12\/brighton-hove-albion-everton-00\/#article\",\"isPartOf\":{\"@id\":\"https:\/\/evertonfc.cz\/index.php\/2021\/04\/12\/brighton-hove-albion-everton-00\/\"},\"author\":{\"name\":\"Ri\u010di\",\"@id\":\"https:\/\/evertonfc.cz\/#\/schema\/person\/f7a5daedb2ffee98480bc70e191aaef1\"},\"headline\":\"Brighton &#038; Hove Albion \u2013 Everton 0:0\",\"datePublished\":\"2021-04-12T21:22:53+00:00\",\"dateModified\":\"2021-04-13T06:34:24+00:00\",\"mainEntityOfPage\":{\"@id\":\"https:\/\/evertonfc.cz\/index.php\/2021\/04\/12\/brighton-hove-albion-everton-00\/\"},\"wordCount\":512,\"commentCount\":9,\"publisher\":{\"@id\":\"https:\/\/evertonfc.cz\/#organization\"},\"image\":{\"@id\":\"https:\/\/evertonfc.cz\/index.php\/2021\/04\/12\/brighton-hove-albion-everton-00\/#primaryimage\"},\"thumbnailUrl\":\"https:\/\/evertonfc.cz\/wp-content\/uploads\/2021\/04\/ancelotti_12_4_2021.jpg\",\"articleSection\":[\"Z\u00e1pasy\"],\"inLanguage\":\"cs\",\"potentialAction\":[{\"@type\":\"CommentAction\",\"name\":\"Comment\",\"target\":[\"https:\/\/evertonfc.cz\/index.php\/2021\/04\/12\/brighton-hove-albion-everton-00\/#respond\"]}]},{\"@type\":\"WebPage\",\"@id\":\"https:\/\/evertonfc.cz\/index.php\/2021\/04\/12\/brighton-hove-albion-everton-00\/\",\"url\":\"https:\/\/evertonfc.cz\/index.php\/2021\/04\/12\/brighton-hove-albion-everton-00\/\",\"name\":\"Brighton & Hove Albion \u2013 Everton 0:0 - Official Czech &amp; Slovak Everton Supporters&#039; Club\",\"isPartOf\":{\"@id\":\"https:\/\/evertonfc.cz\/#website\"},\"primaryImageOfPage\":{\"@id\":\"https:\/\/evertonfc.cz\/index.php\/2021\/04\/12\/brighton-hove-albion-everton-00\/#primaryimage\"},\"image\":{\"@id\":\"https:\/\/evertonfc.cz\/index.php\/2021\/04\/12\/brighton-hove-albion-everton-00\/#primaryimage\"},\"thumbnailUrl\":\"https:\/\/evertonfc.cz\/wp-content\/uploads\/2021\/04\/ancelotti_12_4_2021.jpg\",\"datePublished\":\"2021-04-12T21:22:53+00:00\",\"dateModified\":\"2021-04-13T06:34:24+00:00\",\"description\":\"Zran\u011bn\u00edmi zdecimovan\u00fd Everton, kter\u00fd dnes postr\u00e1dal a\u017e des\u00edtku hr\u00e1\u010d\u016f, se na ji\u017en\u00edm pob\u0159e\u017e\u00ed Anglie protr\u00e1pil k unud\u011bn\u00e9\u00a0bezbrankov\u00e9 rem\u00edze.\",\"breadcrumb\":{\"@id\":\"https:\/\/evertonfc.cz\/index.php\/2021\/04\/12\/brighton-hove-albion-everton-00\/#breadcrumb\"},\"inLanguage\":\"cs\",\"potentialAction\":[{\"@type\":\"ReadAction\",\"target\":[\"https:\/\/evertonfc.cz\/index.php\/2021\/04\/12\/brighton-hove-albion-everton-00\/\"]}]},{\"@type\":\"ImageObject\",\"inLanguage\":\"cs\",\"@id\":\"https:\/\/evertonfc.cz\/index.php\/2021\/04\/12\/brighton-hove-albion-everton-00\/#primaryimage\",\"url\":\"https:\/\/evertonfc.cz\/wp-content\/uploads\/2021\/04\/ancelotti_12_4_2021.jpg\",\"contentUrl\":\"https:\/\/evertonfc.cz\/wp-content\/uploads\/2021\/04\/ancelotti_12_4_2021.jpg\",\"width\":720,\"height\":405},{\"@type\":\"BreadcrumbList\",\"@id\":\"https:\/\/evertonfc.cz\/index.php\/2021\/04\/12\/brighton-hove-albion-everton-00\/#breadcrumb\",\"itemListElement\":[{\"@type\":\"ListItem\",\"position\":1,\"name\":\"Home\",\"item\":\"https:\/\/evertonfc.cz\/\"},{\"@type\":\"ListItem\",\"position\":2,\"name\":\"Brighton &#038; Hove Albion \u2013 Everton 0:0\"}]},{\"@type\":\"WebSite\",\"@id\":\"https:\/\/evertonfc.cz\/#website\",\"url\":\"https:\/\/evertonfc.cz\/\",\"name\":\"Official Czech &amp; Slovak Everton Supporters&#039; Club\",\"description\":\"\",\"publisher\":{\"@id\":\"https:\/\/evertonfc.cz\/#organization\"},\"potentialAction\":[{\"@type\":\"SearchAction\",\"target\":{\"@type\":\"EntryPoint\",\"urlTemplate\":\"https:\/\/evertonfc.cz\/?s={search_term_string}\"},\"query-input\":{\"@type\":\"PropertyValueSpecification\",\"valueRequired\":true,\"valueName\":\"search_term_string\"}}],\"inLanguage\":\"cs\"},{\"@type\":\"Organization\",\"@id\":\"https:\/\/evertonfc.cz\/#organization\",\"name\":\"Official Czech & Slovak Everton Supporters' Club\",\"url\":\"https:\/\/evertonfc.cz\/\",\"logo\":{\"@type\":\"ImageObject\",\"inLanguage\":\"cs\",\"@id\":\"https:\/\/evertonfc.cz\/#\/schema\/logo\/image\/\",\"url\":\"https:\/\/evertonfc.cz\/wp-content\/uploads\/2019\/05\/logo.png\",\"contentUrl\":\"https:\/\/evertonfc.cz\/wp-content\/uploads\/2019\/05\/logo.png\",\"width\":112,\"height\":112,\"caption\":\"Official Czech & Slovak Everton Supporters' Club\"},\"image\":{\"@id\":\"https:\/\/evertonfc.cz\/#\/schema\/logo\/image\/\"},\"sameAs\":[\"https:\/\/www.facebook.com\/everton.fans.cz.sk\"]},{\"@type\":\"Person\",\"@id\":\"https:\/\/evertonfc.cz\/#\/schema\/person\/f7a5daedb2ffee98480bc70e191aaef1\",\"name\":\"Ri\u010di\",\"sameAs\":[\"https:\/\/x.com\/rbrejsa\"],\"url\":\"https:\/\/evertonfc.cz\/index.php\/author\/rici\/\"}]}<\/script>\n<!-- \/ Yoast SEO plugin. -->","yoast_head_json":{"title":"Brighton & Hove Albion \u2013 Everton 0:0 - Official Czech &amp; Slovak Everton Supporters&#039; Club","description":"Zran\u011bn\u00edmi zdecimovan\u00fd Everton, kter\u00fd dnes postr\u00e1dal a\u017e des\u00edtku hr\u00e1\u010d\u016f, se na ji\u017en\u00edm pob\u0159e\u017e\u00ed Anglie protr\u00e1pil k unud\u011bn\u00e9\u00a0bezbrankov\u00e9 rem\u00edze.","robots":{"index":"index","follow":"follow","max-snippet":"max-snippet:-1","max-image-preview":"max-image-preview:large","max-video-preview":"max-video-preview:-1"},"canonical":"https:\/\/evertonfc.cz\/index.php\/2021\/04\/12\/brighton-hove-albion-everton-00\/","og_locale":"cs_CZ","og_type":"article","og_title":"Brighton & Hove Albion \u2013 Everton 0:0 - Official Czech &amp; Slovak Everton Supporters&#039; Club","og_description":"Zran\u011bn\u00edmi zdecimovan\u00fd Everton, kter\u00fd dnes postr\u00e1dal a\u017e des\u00edtku hr\u00e1\u010d\u016f, se na ji\u017en\u00edm pob\u0159e\u017e\u00ed Anglie protr\u00e1pil k unud\u011bn\u00e9\u00a0bezbrankov\u00e9 rem\u00edze.","og_url":"https:\/\/evertonfc.cz\/index.php\/2021\/04\/12\/brighton-hove-albion-everton-00\/","og_site_name":"Official Czech &amp; Slovak Everton Supporters&#039; Club","article_publisher":"https:\/\/www.facebook.com\/everton.fans.cz.sk","article_published_time":"2021-04-12T21:22:53+00:00","article_modified_time":"2021-04-13T06:34:24+00:00","og_image":[{"width":720,"height":405,"url":"https:\/\/evertonfc.cz\/wp-content\/uploads\/2021\/04\/ancelotti_12_4_2021.jpg","type":"image\/jpeg"}],"author":"Ri\u010di","twitter_card":"summary_large_image","twitter_creator":"@rbrejsa","twitter_misc":{"Napsal(a)":"Ri\u010di","Odhadovan\u00e1 doba \u010dten\u00ed":"2 minuty"},"schema":{"@context":"https:\/\/schema.org","@graph":[{"@type":"Article","@id":"https:\/\/evertonfc.cz\/index.php\/2021\/04\/12\/brighton-hove-albion-everton-00\/#article","isPartOf":{"@id":"https:\/\/evertonfc.cz\/index.php\/2021\/04\/12\/brighton-hove-albion-everton-00\/"},"author":{"name":"Ri\u010di","@id":"https:\/\/evertonfc.cz\/#\/schema\/person\/f7a5daedb2ffee98480bc70e191aaef1"},"headline":"Brighton &#038; Hove Albion \u2013 Everton 0:0","datePublished":"2021-04-12T21:22:53+00:00","dateModified":"2021-04-13T06:34:24+00:00","mainEntityOfPage":{"@id":"https:\/\/evertonfc.cz\/index.php\/2021\/04\/12\/brighton-hove-albion-everton-00\/"},"wordCount":512,"commentCount":9,"publisher":{"@id":"https:\/\/evertonfc.cz\/#organization"},"image":{"@id":"https:\/\/evertonfc.cz\/index.php\/2021\/04\/12\/brighton-hove-albion-everton-00\/#primaryimage"},"thumbnailUrl":"https:\/\/evertonfc.cz\/wp-content\/uploads\/2021\/04\/ancelotti_12_4_2021.jpg","articleSection":["Z\u00e1pasy"],"inLanguage":"cs","potentialAction":[{"@type":"CommentAction","name":"Comment","target":["https:\/\/evertonfc.cz\/index.php\/2021\/04\/12\/brighton-hove-albion-everton-00\/#respond"]}]},{"@type":"WebPage","@id":"https:\/\/evertonfc.cz\/index.php\/2021\/04\/12\/brighton-hove-albion-everton-00\/","url":"https:\/\/evertonfc.cz\/index.php\/2021\/04\/12\/brighton-hove-albion-everton-00\/","name":"Brighton & Hove Albion \u2013 Everton 0:0 - Official Czech &amp; Slovak Everton Supporters&#039; Club","isPartOf":{"@id":"https:\/\/evertonfc.cz\/#website"},"primaryImageOfPage":{"@id":"https:\/\/evertonfc.cz\/index.php\/2021\/04\/12\/brighton-hove-albion-everton-00\/#primaryimage"},"image":{"@id":"https:\/\/evertonfc.cz\/index.php\/2021\/04\/12\/brighton-hove-albion-everton-00\/#primaryimage"},"thumbnailUrl":"https:\/\/evertonfc.cz\/wp-content\/uploads\/2021\/04\/ancelotti_12_4_2021.jpg","datePublished":"2021-04-12T21:22:53+00:00","dateModified":"2021-04-13T06:34:24+00:00","description":"Zran\u011bn\u00edmi zdecimovan\u00fd Everton, kter\u00fd dnes postr\u00e1dal a\u017e des\u00edtku hr\u00e1\u010d\u016f, se na ji\u017en\u00edm pob\u0159e\u017e\u00ed Anglie protr\u00e1pil k unud\u011bn\u00e9\u00a0bezbrankov\u00e9 rem\u00edze.","breadcrumb":{"@id":"https:\/\/evertonfc.cz\/index.php\/2021\/04\/12\/brighton-hove-albion-everton-00\/#breadcrumb"},"inLanguage":"cs","potentialAction":[{"@type":"ReadAction","target":["https:\/\/evertonfc.cz\/index.php\/2021\/04\/12\/brighton-hove-albion-everton-00\/"]}]},{"@type":"ImageObject","inLanguage":"cs","@id":"https:\/\/evertonfc.cz\/index.php\/2021\/04\/12\/brighton-hove-albion-everton-00\/#primaryimage","url":"https:\/\/evertonfc.cz\/wp-content\/uploads\/2021\/04\/ancelotti_12_4_2021.jpg","contentUrl":"https:\/\/evertonfc.cz\/wp-content\/uploads\/2021\/04\/ancelotti_12_4_2021.jpg","width":720,"height":405},{"@type":"BreadcrumbList","@id":"https:\/\/evertonfc.cz\/index.php\/2021\/04\/12\/brighton-hove-albion-everton-00\/#breadcrumb","itemListElement":[{"@type":"ListItem","position":1,"name":"Home","item":"https:\/\/evertonfc.cz\/"},{"@type":"ListItem","position":2,"name":"Brighton &#038; Hove Albion \u2013 Everton 0:0"}]},{"@type":"WebSite","@id":"https:\/\/evertonfc.cz\/#website","url":"https:\/\/evertonfc.cz\/","name":"Official Czech &amp; Slovak Everton Supporters&#039; Club","description":"","publisher":{"@id":"https:\/\/evertonfc.cz\/#organization"},"potentialAction":[{"@type":"SearchAction","target":{"@type":"EntryPoint","urlTemplate":"https:\/\/evertonfc.cz\/?s={search_term_string}"},"query-input":{"@type":"PropertyValueSpecification","valueRequired":true,"valueName":"search_term_string"}}],"inLanguage":"cs"},{"@type":"Organization","@id":"https:\/\/evertonfc.cz\/#organization","name":"Official Czech & Slovak Everton Supporters' Club","url":"https:\/\/evertonfc.cz\/","logo":{"@type":"ImageObject","inLanguage":"cs","@id":"https:\/\/evertonfc.cz\/#\/schema\/logo\/image\/","url":"https:\/\/evertonfc.cz\/wp-content\/uploads\/2019\/05\/logo.png","contentUrl":"https:\/\/evertonfc.cz\/wp-content\/uploads\/2019\/05\/logo.png","width":112,"height":112,"caption":"Official Czech & Slovak Everton Supporters' Club"},"image":{"@id":"https:\/\/evertonfc.cz\/#\/schema\/logo\/image\/"},"sameAs":["https:\/\/www.facebook.com\/everton.fans.cz.sk"]},{"@type":"Person","@id":"https:\/\/evertonfc.cz\/#\/schema\/person\/f7a5daedb2ffee98480bc70e191aaef1","name":"Ri\u010di","sameAs":["https:\/\/x.com\/rbrejsa"],"url":"https:\/\/evertonfc.cz\/index.php\/author\/rici\/"}]}},"_links":{"self":[{"href":"https:\/\/evertonfc.cz\/index.php\/wp-json\/wp\/v2\/posts\/14943"}],"collection":[{"href":"https:\/\/evertonfc.cz\/index.php\/wp-json\/wp\/v2\/posts"}],"about":[{"href":"https:\/\/evertonfc.cz\/index.php\/wp-json\/wp\/v2\/types\/post"}],"author":[{"embeddable":true,"href":"https:\/\/evertonfc.cz\/index.php\/wp-json\/wp\/v2\/users\/6"}],"replies":[{"embeddable":true,"href":"https:\/\/evertonfc.cz\/index.php\/wp-json\/wp\/v2\/comments?post=14943"}],"version-history":[{"count":17,"href":"https:\/\/evertonfc.cz\/index.php\/wp-json\/wp\/v2\/posts\/14943\/revisions"}],"predecessor-version":[{"id":14963,"href":"https:\/\/evertonfc.cz\/index.php\/wp-json\/wp\/v2\/posts\/14943\/revisions\/14963"}],"wp:featuredmedia":[{"embeddable":true,"href":"https:\/\/evertonfc.cz\/index.php\/wp-json\/wp\/v2\/media\/14942"}],"wp:attachment":[{"href":"https:\/\/evertonfc.cz\/index.php\/wp-json\/wp\/v2\/media?parent=14943"}],"wp:term":[{"taxonomy":"category","embeddable":true,"href":"https:\/\/evertonfc.cz\/index.php\/wp-json\/wp\/v2\/categories?post=14943"},{"taxonomy":"post_tag","embeddable":true,"href":"https:\/\/evertonfc.cz\/index.php\/wp-json\/wp\/v2\/tags?post=14943"}],"curies":[{"name":"wp","href":"https:\/\/api.w.org\/{rel}","templated":true}]}}