{"id":15009,"date":"2021-04-19T20:37:32","date_gmt":"2021-04-19T18:37:32","guid":{"rendered":"https:\/\/evertonfc.cz\/?p=15009"},"modified":"2021-04-20T22:08:24","modified_gmt":"2021-04-20T20:08:24","slug":"fa-cup-everton-w-durham-w-21","status":"publish","type":"post","link":"https:\/\/evertonfc.cz\/index.php\/2021\/04\/19\/fa-cup-everton-w-durham-w-21\/","title":{"rendered":"FA Cup: Everton W &#8211; Durham W 2:1"},"content":{"rendered":"<h4>4. kolo WSL Fa Cup postavilo do cesty Evertonu t\u00fdm Durhamu. V z\u00e1pase dvou rozd\u00edln\u00fdch\u00a0 polo\u010das\u016f se v nastaven\u00e9m \u010das povedlo Evertonu urvat t\u011bsn\u00e9 v\u00edtezstv\u00ed 2:1.<\/h4>\n<p>Durhamsk\u00e9 divok\u00e9 ko\u010dky (zalo\u017een\u00e9 roku 2014) jsou \u0161tikou Championship, i kdy\u017e bohu\u017eel zat\u00edm v\u017edy jen marn\u011b klepaj\u00edc\u00ed na postupovou br\u00e1nu. Everton na n\u011b nem\u00e1 pr\u00e1v\u011b \u0161\u0165astn\u00e9 vzpom\u00ednky, proto\u017ee p\u0159i posledn\u00edm poh\u00e1rov\u00e9m setk\u00e1n\u00ed v sez\u00f3n\u011b 2018\/19 je durhamsk\u00e9 vy\u0159adily z Conti Cup. Ve stejn\u00e9 sez\u00f3n\u011b a ve stejn\u00e9 sout\u011b\u017ei se Wildcats staly prvn\u00edmi, kdo porazil \u010derstv\u011b zalo\u017een\u00fd \u017eensk\u00fd fotbalov\u00fd t\u00fdm MUTD. Jde tedy o klub, kter\u00fd nen\u00ed radno podce\u0148ovat. Everton m\u011bl krom\u011b dlouhodob\u011b zran\u011bn\u00e9 Dan Turner k dispozici v\u0161echny hr\u00e1\u010dky. Willie Kirk nechal odpo\u010d\u00edvat n\u011bkter\u00e9 reprezentantky a naopak od za\u010d\u00e1tku nastoupila Grace Clinton. P\u0159ed v\u00fdkopem a p\u0159ed nyn\u00ed ji\u017e oblig\u00e1tn\u00edm pokleknut\u00edm je\u0161t\u011b v\u0161ichni p\u0159\u00edtomn\u00ed na stadionu uctili minutou ticha pam\u00e1tku ned\u00e1vno zem\u0159el\u00e9ho Prince Philipa, v\u00e9vody z Edinburghu.<\/p>\n<h4>Prvn\u00ed polo\u010das<\/h4>\n<p>se odehr\u00e1val p\u0159ev\u00e1\u017en\u011b ve st\u0159edu h\u0159i\u0161t\u011b. Everton m\u011bl m\u00ed\u010d na kopa\u010dk\u00e1ch podstatn\u011b \u010dast\u011bji, ne\u017e srdnat\u011b se br\u00e1n\u00edc\u00ed Durham, Bohu\u017eel ke g\u00f3lu to nesta\u010dilo. A pokusy byly. V 6 minut\u011b Christiansen lobem z d\u00e1lky prov\u011b\u0159ila Megan Borthwick v brance host\u00ed. V 9. minut\u011b Emslie t\u011bsn\u011b minula branku. v 18. minut\u011b Lehmann z voleye prov\u011b\u0159ila pevnost horn\u00ed s\u00edt\u011b branky a ve 20. minula branku v nad\u011bjn\u00e9 pozici Scott. Everton ve h\u0159e i nad\u00e1le dominoval, ale g\u00f3lovou \u0161anci si nevypracoval. Durham zahrozil dvakr\u00e1t, ale bez v\u00fdsledku.\u00a0 M\u00edrn\u011b znud\u011bn\u00fd fanou\u0161ek se tak protrp\u011bl k polo\u010dasu, kdy se mohl po z\u00e1sluze ob\u010derstvit<\/p>\n<h4>Druh\u00fd polo\u010das<\/h4>\n<p>p\u0159inesl pro Everton studenou sprchu: v 16. sekund\u011b se z velk\u00e9ho v\u00e1pna op\u0159ela do m\u00ed\u010de Molly Sharpe a prudkou st\u0159elou dostala Durham do veden\u00ed &#8211; <strong>0:1<\/strong>. Karamely poznaly, \u017ee jde do tuh\u00e9ho a \u0161ly nejprve za vyrovn\u00e1n\u00edm. To se poda\u0159ilo v 51. minut\u011b, kdy Raso vyslala dop\u0159edu S\u00f8rensen, kter\u00e1 p\u0159etla\u010dila obr\u00e1nkyni a vyslala pas do v\u00e1pna. P\u0159ihr\u00e1vku Borthwick sice vyrazila, ale p\u0159\u00edmo p\u0159ed dob\u00edhaj\u00edc\u00ed <strong>Poppy Pattinson<\/strong>, kter\u00e1 leva\u010dkou doklepla sv\u016fj prvn\u00ed evertonsk\u00fd g\u00f3l &#8211; <strong>1:1<\/strong>. O p\u011bt minut pozd\u011bji se Poppy dostala v z\u00e1mez\u00ed do sporu s Ellie Christon, kter\u00fd skon\u010dil m\u00ed\u010dem ve tv\u00e1\u0159i na\u0161\u00ed hr\u00e1\u010dky a varov\u00e1n\u00edm rozhod\u010d\u00ed ob\u011bma sle\u010dn\u00e1m. Hra se u\u017e jednozna\u010dn\u011b p\u0159esunula na durhamskou p\u016fli. Do v\u00e1pna divok\u00fdch ko\u010dek l\u00e9tal jeden cross za druh\u00fdm, ale v\u0161e bylo marn\u00e9. Z\u00e1v\u011bre\u010dn\u00fd dotek s m\u00ed\u010dem n\u00e1m bu\u010f chyb\u011bl, nebo byl zoufale nep\u0159esn\u00fd. V 86. minut\u011b po rohu Emslie hlavi\u010dkovala Finnigan bezpe\u010dn\u011b mimo dosah durhamsk\u00e9 brank\u00e1\u0159ky. Hlavi\u010dka v\u0161ak byla vykopnut\u00e1 z brankov\u00e9 \u010d\u00e1ry.<\/p>\n<h4>Druh\u00fd polo\u010das\u00a0 &#8211; happy end!<\/h4>\n<p>Tak to \u0161lo a\u017e do nastaven\u00e9ho \u010dasu. V n\u011bm Jill Scott p\u0159evzala na p\u016flce m\u00ed\u010d, svi\u017en\u011b a p\u0159esn\u011b jej poslala Hayley a ta sv\u00fdm trademarkov\u00fdm bleskov\u00fdm pr\u016fnikem zam\u00ed\u0159ila k brance soupe\u0159ek, kde odcentrovala p\u0159ed br\u00e1nu. Nab\u00edhaj\u00edc\u00ed <strong>Nico S\u00f8rensen<\/strong> bez v\u00e1h\u00e1n\u00ed vyp\u00e1lila pod v\u00edko branky &#8211; <strong>2:1<\/strong>. \u017de karamely na tento g\u00f3l tou\u017eebn\u011b \u010dekaly dokl\u00e1d\u00e1 i sprint MacIver z branky ke klubku slav\u00edc\u00edch. O minutu pozd\u011bji ko\u010dky n\u00e1rokovaly penaltu za domn\u011blou ruku, ale (po pr\u00e1vu) marn\u011b. Z\u00e1v\u011bre\u010dn\u00fd hvizd na sebe nedal dlouho \u010dekat. Kr\u00e1tce p\u0159ed n\u00edm je\u0161t\u011b z ofsajdu rozvlnila s\u00ed\u0165 Boye-Hlorkah, ale sk\u00f3re se ji\u017e pochopiteln\u011b nem\u011bnilo.<\/p>\n<h4>Shrnut\u00ed<\/h4>\n<p>V\u00edt\u011bzstv\u00ed n\u00e1m dalo v\u00edce pr\u00e1ce, ne\u017e bylo z\u00e1hodno. Proti urputn\u011b br\u00e1n\u00edc\u00edmu soupe\u0159i to zkr\u00e1tka nejde nejen na\u0161im mu\u017e\u016fm, ale ani na\u0161im d\u00e1m\u00e1m. O to pot\u011b\u0161iteln\u011bj\u0161\u00ed je, \u017ee nakonec jsme z\u00e1pas dot\u00e1hli k v\u00edt\u011bzstv\u00ed. Bylo zaj\u00edmav\u00e9 sledovat, jak prvn\u00ed g\u00f3l dal Poppy Pattinson k\u0159\u00eddla. R\u00e1zem byla mnohem v\u00edce vid\u011bt a hr\u00e1la v\u00fdrazn\u011b sebev\u011bdomn\u011bji, ne\u017e bylo doposud obvykl\u00e9. Odmysl\u00edme-li si nemohoucnost v koncovce (ehm&#8230;) tak jsme hr\u00e1li vlastn\u011b velmi slu\u0161n\u011b. I obrana, a\u010d bez Turner, Moe Wold a Sevecke p\u016fsobila solidn\u011b. A to se n\u00e1m v 5. kole FA Cup bude velmi hodit. \u010cek\u00e1 n\u00e1s toti\u017e Chelsea&#8230; Come on, you blue girls!<\/p>\n<p style=\"text-align: right;\"><span style=\"font-size: 8pt;\"><em>fotografie: Poppy Patinson slav\u00ed g\u00f3l (zdroj: Evertonfc.com)<\/em><\/span><\/p>\n<p><strong>Branky:<\/strong> Pattinson (51), S\u00f8rensen (90+5) &#8211; Sharpe (46)<\/p>\n<p><strong>Everton <\/strong>: MacIver &#8211; Raso, Finnigan, George, Pattinson, Scott , Graham, Christiansen, Emslie, Lehmann (Boye-Hlorkah), Clinton (S\u00f8rensen)<\/p>\n<p><strong>Durham: <\/strong>Borthwick &#8211; Hill, Briggs, Lambert, Wilson, Hepple, sharpe, Galloway, Salicki, Christon, Johnson<\/p>\n","protected":false},"excerpt":{"rendered":"<p>4. kolo WSL Fa Cup postavilo do cesty Evertonu t\u00fdm Durhamu. V z\u00e1pase dvou rozd\u00edln\u00fdch\u00a0 polo\u010das\u016f se v nastaven\u00e9m \u010das povedlo Evertonu urvat t\u011bsn\u00e9 v\u00edtezstv\u00ed 2:1.<\/p>\n","protected":false},"author":26,"featured_media":15023,"comment_status":"open","ping_status":"closed","sticky":false,"template":"","format":"standard","meta":{"_eb_attr":"","_monsterinsights_skip_tracking":false,"_monsterinsights_sitenote_active":false,"_monsterinsights_sitenote_note":"","_monsterinsights_sitenote_category":0,"footnotes":""},"categories":[110],"tags":[],"yoast_head":"<!-- This site is optimized with the Yoast SEO plugin v23.4 - https:\/\/yoast.com\/wordpress\/plugins\/seo\/ -->\n<title>FA Cup: Everton W - Durham W 2:1 - Official Czech &amp; Slovak Everton Supporters&#039; Club<\/title>\n<meta name=\"robots\" content=\"index, follow, max-snippet:-1, max-image-preview:large, max-video-preview:-1\" \/>\n<link rel=\"canonical\" href=\"https:\/\/evertonfc.cz\/index.php\/2021\/04\/19\/fa-cup-everton-w-durham-w-21\/\" \/>\n<meta property=\"og:locale\" content=\"cs_CZ\" \/>\n<meta property=\"og:type\" content=\"article\" \/>\n<meta property=\"og:title\" content=\"FA Cup: Everton W - Durham W 2:1 - Official Czech &amp; Slovak Everton Supporters&#039; Club\" \/>\n<meta property=\"og:description\" content=\"4. kolo WSL Fa Cup postavilo do cesty Evertonu t\u00fdm Durhamu. V z\u00e1pase dvou rozd\u00edln\u00fdch\u00a0 polo\u010das\u016f se v nastaven\u00e9m \u010das povedlo Evertonu urvat t\u011bsn\u00e9 v\u00edtezstv\u00ed 2:1.\" \/>\n<meta property=\"og:url\" content=\"https:\/\/evertonfc.cz\/index.php\/2021\/04\/19\/fa-cup-everton-w-durham-w-21\/\" \/>\n<meta property=\"og:site_name\" content=\"Official Czech &amp; Slovak Everton Supporters&#039; Club\" \/>\n<meta property=\"article:publisher\" content=\"https:\/\/www.facebook.com\/everton.fans.cz.sk\" \/>\n<meta property=\"article:published_time\" content=\"2021-04-19T18:37:32+00:00\" \/>\n<meta property=\"article:modified_time\" content=\"2021-04-20T20:08:24+00:00\" \/>\n<meta property=\"og:image\" content=\"https:\/\/evertonfc.cz\/wp-content\/uploads\/2021\/04\/WFA-Cup-Pattinson-vs-Durham-18-4-2021.jpg\" \/>\n\t<meta property=\"og:image:width\" content=\"720\" \/>\n\t<meta property=\"og:image:height\" content=\"405\" \/>\n\t<meta property=\"og:image:type\" content=\"image\/jpeg\" \/>\n<meta name=\"author\" content=\"Karamela\" \/>\n<meta name=\"twitter:card\" content=\"summary_large_image\" \/>\n<meta name=\"twitter:label1\" content=\"Napsal(a)\" \/>\n\t<meta name=\"twitter:data1\" content=\"Karamela\" \/>\n\t<meta name=\"twitter:label2\" content=\"Odhadovan\u00e1 doba \u010dten\u00ed\" \/>\n\t<meta name=\"twitter:data2\" content=\"3 minuty\" \/>\n<script type=\"application\/ld+json\" class=\"yoast-schema-graph\">{\"@context\":\"https:\/\/schema.org\",\"@graph\":[{\"@type\":\"Article\",\"@id\":\"https:\/\/evertonfc.cz\/index.php\/2021\/04\/19\/fa-cup-everton-w-durham-w-21\/#article\",\"isPartOf\":{\"@id\":\"https:\/\/evertonfc.cz\/index.php\/2021\/04\/19\/fa-cup-everton-w-durham-w-21\/\"},\"author\":{\"name\":\"Karamela\",\"@id\":\"https:\/\/evertonfc.cz\/#\/schema\/person\/e9a24a80a32efa1344dd2c4e5882185c\"},\"headline\":\"FA Cup: Everton W &#8211; Durham W 2:1\",\"datePublished\":\"2021-04-19T18:37:32+00:00\",\"dateModified\":\"2021-04-20T20:08:24+00:00\",\"mainEntityOfPage\":{\"@id\":\"https:\/\/evertonfc.cz\/index.php\/2021\/04\/19\/fa-cup-everton-w-durham-w-21\/\"},\"wordCount\":859,\"commentCount\":7,\"publisher\":{\"@id\":\"https:\/\/evertonfc.cz\/#organization\"},\"image\":{\"@id\":\"https:\/\/evertonfc.cz\/index.php\/2021\/04\/19\/fa-cup-everton-w-durham-w-21\/#primaryimage\"},\"thumbnailUrl\":\"https:\/\/evertonfc.cz\/wp-content\/uploads\/2021\/04\/WFA-Cup-Pattinson-vs-Durham-18-4-2021.jpg\",\"articleSection\":[\"Everton Women\"],\"inLanguage\":\"cs\",\"potentialAction\":[{\"@type\":\"CommentAction\",\"name\":\"Comment\",\"target\":[\"https:\/\/evertonfc.cz\/index.php\/2021\/04\/19\/fa-cup-everton-w-durham-w-21\/#respond\"]}]},{\"@type\":\"WebPage\",\"@id\":\"https:\/\/evertonfc.cz\/index.php\/2021\/04\/19\/fa-cup-everton-w-durham-w-21\/\",\"url\":\"https:\/\/evertonfc.cz\/index.php\/2021\/04\/19\/fa-cup-everton-w-durham-w-21\/\",\"name\":\"FA Cup: Everton W - Durham W 2:1 - Official Czech &amp; Slovak Everton Supporters&#039; Club\",\"isPartOf\":{\"@id\":\"https:\/\/evertonfc.cz\/#website\"},\"primaryImageOfPage\":{\"@id\":\"https:\/\/evertonfc.cz\/index.php\/2021\/04\/19\/fa-cup-everton-w-durham-w-21\/#primaryimage\"},\"image\":{\"@id\":\"https:\/\/evertonfc.cz\/index.php\/2021\/04\/19\/fa-cup-everton-w-durham-w-21\/#primaryimage\"},\"thumbnailUrl\":\"https:\/\/evertonfc.cz\/wp-content\/uploads\/2021\/04\/WFA-Cup-Pattinson-vs-Durham-18-4-2021.jpg\",\"datePublished\":\"2021-04-19T18:37:32+00:00\",\"dateModified\":\"2021-04-20T20:08:24+00:00\",\"breadcrumb\":{\"@id\":\"https:\/\/evertonfc.cz\/index.php\/2021\/04\/19\/fa-cup-everton-w-durham-w-21\/#breadcrumb\"},\"inLanguage\":\"cs\",\"potentialAction\":[{\"@type\":\"ReadAction\",\"target\":[\"https:\/\/evertonfc.cz\/index.php\/2021\/04\/19\/fa-cup-everton-w-durham-w-21\/\"]}]},{\"@type\":\"ImageObject\",\"inLanguage\":\"cs\",\"@id\":\"https:\/\/evertonfc.cz\/index.php\/2021\/04\/19\/fa-cup-everton-w-durham-w-21\/#primaryimage\",\"url\":\"https:\/\/evertonfc.cz\/wp-content\/uploads\/2021\/04\/WFA-Cup-Pattinson-vs-Durham-18-4-2021.jpg\",\"contentUrl\":\"https:\/\/evertonfc.cz\/wp-content\/uploads\/2021\/04\/WFA-Cup-Pattinson-vs-Durham-18-4-2021.jpg\",\"width\":720,\"height\":405},{\"@type\":\"BreadcrumbList\",\"@id\":\"https:\/\/evertonfc.cz\/index.php\/2021\/04\/19\/fa-cup-everton-w-durham-w-21\/#breadcrumb\",\"itemListElement\":[{\"@type\":\"ListItem\",\"position\":1,\"name\":\"Home\",\"item\":\"https:\/\/evertonfc.cz\/\"},{\"@type\":\"ListItem\",\"position\":2,\"name\":\"FA Cup: Everton W &#8211; Durham W 2:1\"}]},{\"@type\":\"WebSite\",\"@id\":\"https:\/\/evertonfc.cz\/#website\",\"url\":\"https:\/\/evertonfc.cz\/\",\"name\":\"Official Czech &amp; Slovak Everton Supporters&#039; Club\",\"description\":\"\",\"publisher\":{\"@id\":\"https:\/\/evertonfc.cz\/#organization\"},\"potentialAction\":[{\"@type\":\"SearchAction\",\"target\":{\"@type\":\"EntryPoint\",\"urlTemplate\":\"https:\/\/evertonfc.cz\/?s={search_term_string}\"},\"query-input\":{\"@type\":\"PropertyValueSpecification\",\"valueRequired\":true,\"valueName\":\"search_term_string\"}}],\"inLanguage\":\"cs\"},{\"@type\":\"Organization\",\"@id\":\"https:\/\/evertonfc.cz\/#organization\",\"name\":\"Official Czech & Slovak Everton Supporters' Club\",\"url\":\"https:\/\/evertonfc.cz\/\",\"logo\":{\"@type\":\"ImageObject\",\"inLanguage\":\"cs\",\"@id\":\"https:\/\/evertonfc.cz\/#\/schema\/logo\/image\/\",\"url\":\"https:\/\/evertonfc.cz\/wp-content\/uploads\/2019\/05\/logo.png\",\"contentUrl\":\"https:\/\/evertonfc.cz\/wp-content\/uploads\/2019\/05\/logo.png\",\"width\":112,\"height\":112,\"caption\":\"Official Czech & Slovak Everton Supporters' Club\"},\"image\":{\"@id\":\"https:\/\/evertonfc.cz\/#\/schema\/logo\/image\/\"},\"sameAs\":[\"https:\/\/www.facebook.com\/everton.fans.cz.sk\"]},{\"@type\":\"Person\",\"@id\":\"https:\/\/evertonfc.cz\/#\/schema\/person\/e9a24a80a32efa1344dd2c4e5882185c\",\"name\":\"Karamela\",\"url\":\"https:\/\/evertonfc.cz\/index.php\/author\/karamela\/\"}]}<\/script>\n<!-- \/ Yoast SEO plugin. -->","yoast_head_json":{"title":"FA Cup: Everton W - Durham W 2:1 - Official Czech &amp; Slovak Everton Supporters&#039; Club","robots":{"index":"index","follow":"follow","max-snippet":"max-snippet:-1","max-image-preview":"max-image-preview:large","max-video-preview":"max-video-preview:-1"},"canonical":"https:\/\/evertonfc.cz\/index.php\/2021\/04\/19\/fa-cup-everton-w-durham-w-21\/","og_locale":"cs_CZ","og_type":"article","og_title":"FA Cup: Everton W - Durham W 2:1 - Official Czech &amp; Slovak Everton Supporters&#039; Club","og_description":"4. kolo WSL Fa Cup postavilo do cesty Evertonu t\u00fdm Durhamu. V z\u00e1pase dvou rozd\u00edln\u00fdch\u00a0 polo\u010das\u016f se v nastaven\u00e9m \u010das povedlo Evertonu urvat t\u011bsn\u00e9 v\u00edtezstv\u00ed 2:1.","og_url":"https:\/\/evertonfc.cz\/index.php\/2021\/04\/19\/fa-cup-everton-w-durham-w-21\/","og_site_name":"Official Czech &amp; Slovak Everton Supporters&#039; Club","article_publisher":"https:\/\/www.facebook.com\/everton.fans.cz.sk","article_published_time":"2021-04-19T18:37:32+00:00","article_modified_time":"2021-04-20T20:08:24+00:00","og_image":[{"width":720,"height":405,"url":"https:\/\/evertonfc.cz\/wp-content\/uploads\/2021\/04\/WFA-Cup-Pattinson-vs-Durham-18-4-2021.jpg","type":"image\/jpeg"}],"author":"Karamela","twitter_card":"summary_large_image","twitter_misc":{"Napsal(a)":"Karamela","Odhadovan\u00e1 doba \u010dten\u00ed":"3 minuty"},"schema":{"@context":"https:\/\/schema.org","@graph":[{"@type":"Article","@id":"https:\/\/evertonfc.cz\/index.php\/2021\/04\/19\/fa-cup-everton-w-durham-w-21\/#article","isPartOf":{"@id":"https:\/\/evertonfc.cz\/index.php\/2021\/04\/19\/fa-cup-everton-w-durham-w-21\/"},"author":{"name":"Karamela","@id":"https:\/\/evertonfc.cz\/#\/schema\/person\/e9a24a80a32efa1344dd2c4e5882185c"},"headline":"FA Cup: Everton W &#8211; Durham W 2:1","datePublished":"2021-04-19T18:37:32+00:00","dateModified":"2021-04-20T20:08:24+00:00","mainEntityOfPage":{"@id":"https:\/\/evertonfc.cz\/index.php\/2021\/04\/19\/fa-cup-everton-w-durham-w-21\/"},"wordCount":859,"commentCount":7,"publisher":{"@id":"https:\/\/evertonfc.cz\/#organization"},"image":{"@id":"https:\/\/evertonfc.cz\/index.php\/2021\/04\/19\/fa-cup-everton-w-durham-w-21\/#primaryimage"},"thumbnailUrl":"https:\/\/evertonfc.cz\/wp-content\/uploads\/2021\/04\/WFA-Cup-Pattinson-vs-Durham-18-4-2021.jpg","articleSection":["Everton Women"],"inLanguage":"cs","potentialAction":[{"@type":"CommentAction","name":"Comment","target":["https:\/\/evertonfc.cz\/index.php\/2021\/04\/19\/fa-cup-everton-w-durham-w-21\/#respond"]}]},{"@type":"WebPage","@id":"https:\/\/evertonfc.cz\/index.php\/2021\/04\/19\/fa-cup-everton-w-durham-w-21\/","url":"https:\/\/evertonfc.cz\/index.php\/2021\/04\/19\/fa-cup-everton-w-durham-w-21\/","name":"FA Cup: Everton W - Durham W 2:1 - Official Czech &amp; Slovak Everton Supporters&#039; Club","isPartOf":{"@id":"https:\/\/evertonfc.cz\/#website"},"primaryImageOfPage":{"@id":"https:\/\/evertonfc.cz\/index.php\/2021\/04\/19\/fa-cup-everton-w-durham-w-21\/#primaryimage"},"image":{"@id":"https:\/\/evertonfc.cz\/index.php\/2021\/04\/19\/fa-cup-everton-w-durham-w-21\/#primaryimage"},"thumbnailUrl":"https:\/\/evertonfc.cz\/wp-content\/uploads\/2021\/04\/WFA-Cup-Pattinson-vs-Durham-18-4-2021.jpg","datePublished":"2021-04-19T18:37:32+00:00","dateModified":"2021-04-20T20:08:24+00:00","breadcrumb":{"@id":"https:\/\/evertonfc.cz\/index.php\/2021\/04\/19\/fa-cup-everton-w-durham-w-21\/#breadcrumb"},"inLanguage":"cs","potentialAction":[{"@type":"ReadAction","target":["https:\/\/evertonfc.cz\/index.php\/2021\/04\/19\/fa-cup-everton-w-durham-w-21\/"]}]},{"@type":"ImageObject","inLanguage":"cs","@id":"https:\/\/evertonfc.cz\/index.php\/2021\/04\/19\/fa-cup-everton-w-durham-w-21\/#primaryimage","url":"https:\/\/evertonfc.cz\/wp-content\/uploads\/2021\/04\/WFA-Cup-Pattinson-vs-Durham-18-4-2021.jpg","contentUrl":"https:\/\/evertonfc.cz\/wp-content\/uploads\/2021\/04\/WFA-Cup-Pattinson-vs-Durham-18-4-2021.jpg","width":720,"height":405},{"@type":"BreadcrumbList","@id":"https:\/\/evertonfc.cz\/index.php\/2021\/04\/19\/fa-cup-everton-w-durham-w-21\/#breadcrumb","itemListElement":[{"@type":"ListItem","position":1,"name":"Home","item":"https:\/\/evertonfc.cz\/"},{"@type":"ListItem","position":2,"name":"FA Cup: Everton W &#8211; Durham W 2:1"}]},{"@type":"WebSite","@id":"https:\/\/evertonfc.cz\/#website","url":"https:\/\/evertonfc.cz\/","name":"Official Czech &amp; Slovak Everton Supporters&#039; Club","description":"","publisher":{"@id":"https:\/\/evertonfc.cz\/#organization"},"potentialAction":[{"@type":"SearchAction","target":{"@type":"EntryPoint","urlTemplate":"https:\/\/evertonfc.cz\/?s={search_term_string}"},"query-input":{"@type":"PropertyValueSpecification","valueRequired":true,"valueName":"search_term_string"}}],"inLanguage":"cs"},{"@type":"Organization","@id":"https:\/\/evertonfc.cz\/#organization","name":"Official Czech & Slovak Everton Supporters' Club","url":"https:\/\/evertonfc.cz\/","logo":{"@type":"ImageObject","inLanguage":"cs","@id":"https:\/\/evertonfc.cz\/#\/schema\/logo\/image\/","url":"https:\/\/evertonfc.cz\/wp-content\/uploads\/2019\/05\/logo.png","contentUrl":"https:\/\/evertonfc.cz\/wp-content\/uploads\/2019\/05\/logo.png","width":112,"height":112,"caption":"Official Czech & Slovak Everton Supporters' Club"},"image":{"@id":"https:\/\/evertonfc.cz\/#\/schema\/logo\/image\/"},"sameAs":["https:\/\/www.facebook.com\/everton.fans.cz.sk"]},{"@type":"Person","@id":"https:\/\/evertonfc.cz\/#\/schema\/person\/e9a24a80a32efa1344dd2c4e5882185c","name":"Karamela","url":"https:\/\/evertonfc.cz\/index.php\/author\/karamela\/"}]}},"_links":{"self":[{"href":"https:\/\/evertonfc.cz\/index.php\/wp-json\/wp\/v2\/posts\/15009"}],"collection":[{"href":"https:\/\/evertonfc.cz\/index.php\/wp-json\/wp\/v2\/posts"}],"about":[{"href":"https:\/\/evertonfc.cz\/index.php\/wp-json\/wp\/v2\/types\/post"}],"author":[{"embeddable":true,"href":"https:\/\/evertonfc.cz\/index.php\/wp-json\/wp\/v2\/users\/26"}],"replies":[{"embeddable":true,"href":"https:\/\/evertonfc.cz\/index.php\/wp-json\/wp\/v2\/comments?post=15009"}],"version-history":[{"count":17,"href":"https:\/\/evertonfc.cz\/index.php\/wp-json\/wp\/v2\/posts\/15009\/revisions"}],"predecessor-version":[{"id":15069,"href":"https:\/\/evertonfc.cz\/index.php\/wp-json\/wp\/v2\/posts\/15009\/revisions\/15069"}],"wp:featuredmedia":[{"embeddable":true,"href":"https:\/\/evertonfc.cz\/index.php\/wp-json\/wp\/v2\/media\/15023"}],"wp:attachment":[{"href":"https:\/\/evertonfc.cz\/index.php\/wp-json\/wp\/v2\/media?parent=15009"}],"wp:term":[{"taxonomy":"category","embeddable":true,"href":"https:\/\/evertonfc.cz\/index.php\/wp-json\/wp\/v2\/categories?post=15009"},{"taxonomy":"post_tag","embeddable":true,"href":"https:\/\/evertonfc.cz\/index.php\/wp-json\/wp\/v2\/tags?post=15009"}],"curies":[{"name":"wp","href":"https:\/\/api.w.org\/{rel}","templated":true}]}}