{"id":15052,"date":"2021-04-20T14:27:16","date_gmt":"2021-04-20T12:27:16","guid":{"rendered":"https:\/\/evertonfc.cz\/?p=15052"},"modified":"2021-04-20T14:27:16","modified_gmt":"2021-04-20T12:27:16","slug":"reakcia-klubu-na-super-league","status":"publish","type":"post","link":"https:\/\/evertonfc.cz\/index.php\/2021\/04\/20\/reakcia-klubu-na-super-league\/","title":{"rendered":"Reakcia klubu na Super League"},"content":{"rendered":"<h4>Predstavenstvo Evertonu, jej v\u00fdkonn\u00e1 riadite\u013eka Denise Barrett-Baxendale, a\u00a0aj samotn\u00fd v\u00e4\u010d\u0161inov\u00fd vlastn\u00edk Farhad Moshiri sa dnes vyjadrili k\u00a0zrodu novej s\u00fa\u0165a\u017ee.<\/h4>\n<p>Ke\u010f v\u00a0nede\u013eu ve\u010der vy\u0161la najavo spr\u00e1va, \u017ee p\u00e1r vyvolen\u00fdch klubov pl\u00e1nuje zalo\u017ei\u0165 vyslovene elit\u00e1rsku eur\u00f3psku s\u00fa\u0165a\u017e, futbalov\u00fd svet ostal v\u00a0\u0161oku. Vr\u00e1tane Evertonu. Nie\u010do tak\u00e9 u\u017e dlh\u0161ie nazna\u010dovali z\u00e1kulisn\u00e9 spr\u00e1vy, ale nikto si netr\u00fafal poveda\u0165, kedy a\u00a0nako\u013eko nadobudn\u00fa re\u00e1lne kont\u00fary.<\/p>\n<p>Tieto ot\u00e1zky s\u00fa u\u017e v\u0161ak zodpovedan\u00e9. My sa im ur\u010dite e\u0161te budeme tu na webe venova\u0165, ale teraz v\u00e1m prin\u00e1\u0161ame hlavne prv\u00e9 stanovisko n\u00e1\u0161ho klubu k\u00a0tejto veci, ktor\u00e9 ofici\u00e1lna str\u00e1nka vydala pr\u00e1ve dnes.<\/p>\n<h4><strong>Stanovisko predstavenstva Evertonu:<\/strong><\/h4>\n<blockquote><p><span style=\"font-size: 12pt;\">Futbalov\u00fd klub Everton je smutn\u00fd a sklaman\u00fd, ke\u010f vid\u00ed n\u00e1vrh \u00fanikovej ligy, ktor\u00fd presadilo \u0161es\u0165 klubov. <\/span><span style=\"font-size: 12pt;\">\u0160es\u0165 klubov, ktor\u00e9 konaj\u00fa v\u00fdlu\u010dne vo svojich vlastn\u00fdch z\u00e1ujmoch. <\/span><span style=\"font-size: 12pt;\">\u0160es\u0165 klubov, ktor\u00e9 po\u0161kodzuj\u00fa poves\u0165 na\u0161ej ligy a futbalu ako tak\u00e9ho.\u00a0<\/span><span style=\"font-size: 12pt;\">\u0160es\u0165 klubov, ktor\u00e9 sa rozhodli zneucti\u0165 v\u0161etky ostatn\u00e9 kluby, s ktor\u00fdmi sedia okolo stola Premier League.<\/span><\/p>\n<p><span style=\"font-size: 12pt;\">\u0160es\u0165 klubov, ktor\u00e9 to pova\u017eovali za samozrejmos\u0165, a dokonca zradili v\u00e4\u010d\u0161inu futbalov\u00fdch fan\u00fa\u0161ikov v celej na\u0161ej krajine i mimo nej. V tomto \u010dase n\u00e1rodnej i celosvetovej kr\u00edzy, a obdobia definuj\u00faceho na\u0161u hru, by kluby mali spolo\u010dne spolupracova\u0165 s ide\u00e1lmi na\u0161ej hry a jej priaznivcami predov\u0161etk\u00fdm.<\/span><\/p>\n<p><span style=\"font-size: 12pt;\">Miesto toho sa tieto kluby tajne sprisahali, aby sa odtrhli od futbalovej pyram\u00eddy, ktor\u00e1 im tak dobre sl\u00fa\u017eila. A v tejto pyram\u00edde Everton pozdravuje ka\u017ed\u00fd klub, nech u\u017e je to Leicester City, Accrington Stanley, Gillingham, Lincoln City, Morecambe, Southend United, Notts County a \u010fal\u0161\u00ed, ktor\u00ed svojou samotnou existenciou obohatili \u017eivot svojich fan\u00fa\u0161ikov po\u010das celej hist\u00f3rie futbalu, a naopak.<\/span><\/p>\n<p><span style=\"font-size: 12pt;\">Samozvan\u00e1 Super \u0160estka je zjavne zameran\u00e1 na rozkolovanie priaznivcov futbalu po celom svete &#8211; vr\u00e1tane svojich vlastn\u00fdch &#8211; t\u00fdm, \u017ee ohrozuje samotn\u00fa \u0161trukt\u00faru, ktor\u00e1 je z\u00e1kladom na\u0161ej milovanej hry. <\/span><span style=\"font-size: 12pt;\">Nev\u00f4\u013ea je pochopite\u013en\u00e1 a zasl\u00fa\u017een\u00e1 &#8211; a mus\u00ed by\u0165 vypo\u010dut\u00e1. <\/span><span style=\"font-size: 12pt;\">Toto nezmyseln\u00e9 pov\u00fd\u0161enectvo sa prie\u010di v\u0161etk\u00fdm vo futbale, okrem klubov, ktor\u00e9 navrhli tento pl\u00e1n.<\/span><\/p>\n<p><span style=\"font-size: 12pt;\">V mene ka\u017ed\u00e9ho, kto je spojen\u00fd s\u00a0Evertonom, s \u00factou \u017eiadame, aby boli tieto n\u00e1vrhy okam\u017eite stiahnut\u00e9, a aby s\u00fakromn\u00e9 \u200b\u200bstretnutia a rozvratn\u00e9 praktiky, v\u010faka ktor\u00fdm sa na\u0161a kr\u00e1sna hra dostala na najni\u017e\u0161iu mo\u017en\u00fa mieru d\u00f4very, teraz skon\u010dili.<\/span><\/p>\n<p><span style=\"font-size: 12pt;\">Na z\u00e1ver by sme po\u017eiadali majite\u013eov, predsedov a \u010dlenov predstavenstva t\u00fdch \u0161iestich klubov, aby si pam\u00e4tali svoje privilegovan\u00e9 postavenie &#8211; nielen ako spr\u00e1vcovia ich klubov, ale aj ako spr\u00e1vcovia samotnej hry. Nes\u00fa zodpovednos\u0165, ktor\u00e1 by sa mala bra\u0165 v\u00e1\u017ene.<\/span><\/p>\n<p><span style=\"font-size: 12pt;\">Naliehame na nich v\u0161etk\u00fdch, aby zv\u00e1\u017eili, ak\u00fd odkaz si praj\u00fa zanecha\u0165.<\/span><\/p><\/blockquote>\n<h4><strong>Denise Barrett-Baxendale \u2013 v\u00fdkonn\u00e1 riadite\u013eka Evertonu:<\/strong><\/h4>\n<blockquote><p><span style=\"font-size: 12pt;\"><em>Drah\u00ed Evertonians,<\/em><\/span><\/p>\n<p><span style=\"font-size: 12pt;\"><em>c\u00edtim, \u017ee je spr\u00e1vne, \u017ee ako v\u00fdkonn\u00e1 riadite\u013eka v\u00e1\u0161ho futbalov\u00e9ho klubu V\u00e1m p\u00ed\u0161em priamo v nadv\u00e4znosti na pl\u00e1ny Eur\u00f3pskej Super Ligy, ktor\u00e9 boli zverejnen\u00e9 cez v\u00edkend. Ako hrd\u00fd spr\u00e1vca Evertonu ch\u00e1pem spolu s ostatn\u00fdmi \u010dlenmi predstavenstva zodpovednos\u0165, ktor\u00e1 n\u00e1m bola zveren\u00e1 pri udr\u017eiavan\u00ed trad\u00edci\u00ed v\u00e1\u0161ho Klubu a\u00a0futbalu ako tak\u00e9ho. Everton bol zakladaj\u00facim \u010dlenom futbalovej ligy a zakladaj\u00facim \u010dlenom Premier League.<\/em><\/span><\/p>\n<p><span style=\"font-size: 12pt;\"><em>Po\u010das na\u0161ej hist\u00f3rie sa klub v\u017edy sna\u017eil pos\u00fava\u0165 Everton aj samotn\u00fa hru vpred. V\u017edy sme to v\u0161ak robili v r\u00e1mci parametrov pyram\u00eddovej \u0161trukt\u00fary, ktor\u00e1 zachov\u00e1va princ\u00edpy otvorenej s\u00fa\u0165a\u017ee a \u0161portov\u00fdch z\u00e1sluh. <\/em><\/span><span style=\"font-size: 12pt;\"><em>Preto je smutn\u00e9, \u017ee pl\u00e1ny, ktor\u00e9 zverejnilo dvan\u00e1s\u0165 klubov z celej Eur\u00f3py &#8211; a\u00a0\u0161es\u0165 v na\u0161ej vlastnej Premier League &#8211; tieto princ\u00edpy nezachov\u00e1vaj\u00fa. V tomto obdob\u00ed n\u00e1rodnej kr\u00edzy &#8211; tv\u00e1rou v tv\u00e1r glob\u00e1lnej pand\u00e9mii a v rozhoduj\u00facom obdob\u00ed pre futbal &#8211; by kluby mali spolupracova\u0165 so zrete\u013eom na na\u0161u hru a jej priaznivcov.<\/em><\/span><\/p>\n<p><span style=\"font-size: 12pt;\"><em>Rozkolovanie fan\u00fa\u0161ikov tejto hry a podkop\u00e1vanie samotnej \u0161trukt\u00fary pyram\u00eddy, ktor\u00e1 je z\u00e1kladom hry, ktor\u00fa milujeme, je jednoducho nespr\u00e1vne. Odozva vo futbalovom svete i\u00a0mimo neho za posledn\u00fdch 48 hod\u00edn je pochopite\u013en\u00e1 &#8211; a tieto hlasy by mali by\u0165 vypo\u010dut\u00e9. Bu\u010fte si ist\u00ed, \u017ee spolu s kolegami z predstavenstva urob\u00edm v\u0161etko pre to, aby sme zaujali \u010do najsilnej\u0161ie stanovisko k t\u00fdmto n\u00e1vrhom &#8211; a n\u00e1zor Evertonians bude po\u010du\u0165 jasne a hlasne.<\/em><\/span><\/p>\n<p><span style=\"font-size: 12pt;\"><em>Zost\u00e1va mojou n\u00e1dejou, \u017ee v\u010faka spolupr\u00e1ci futbal n\u00e1jde spr\u00e1vnu odpove\u010f pre svoju bud\u00facnos\u0165.<\/em><\/span><\/p>\n<p><span style=\"font-size: 12pt;\"><em>Nil Satis Nisi Optimum<\/em><\/span><\/p>\n<p><span style=\"font-size: 12pt;\"><em>Denise<\/em><\/span><\/p><\/blockquote>\n<h4><strong>Farhad Moshiri, v\u00e4\u010d\u0161inov\u00fd vlastn\u00edk klubu pre Talksport:<\/strong><\/h4>\n<p><em><strong>\u201e<\/strong>Nikdy, nikdy\u201c [o tom, \u010di by sa Everton pripojil k Eur\u00f3pskej Super Lige, keby bol pozvan\u00fd]<\/em><\/p>\n<p><em>\u201eKa\u017ed\u00fd aspekt toho je v rozpore so samotnou my\u0161lienkou britsk\u00e9ho futbalu. Futbalov\u00e9 kluby s\u00fa majetkom komunity. Patria fan\u00fa\u0161ikom a ich komunit\u00e1m. Toto len berie romantiku z futbalu. Chcete vidie\u0165 hra\u0165 Liverpool a Everton. Je to nie\u010do, v\u010faka \u010domu by t\u00e1to hra bola iba hrou o peniaze. U\u017e by to nebol futbal.\u201c<\/em><\/p>\n<p><em>\u201eMysl\u00edm si, \u017ee Premier League by mala t\u00fdmto klubom odpo\u010d\u00edta\u0165 body. Toto je 6 klubov \u00fato\u010diacich na samotn\u00e9 srdce Premier League a mysl\u00edm si, \u017ee by mali by\u0165 penalizovan\u00e9. To je to, \u010do by som urobil. Mali o tom diskutova\u0165 s Premier League &#8211; mali dosiahnu\u0165 konsenzus. Je to syst\u00e9m, ktor\u00fd fungoval mnoho rokov. Liga majstrov je predsa superliga.\u201c<\/em><\/p>\n<p><em>&#8222;Premier League mus\u00ed tie kluby potresta\u0165. M\u00e1 \u00fastavu. Musia zaobch\u00e1dza\u0165 s mocn\u00fdmi klubmi rovnako pr\u00edsne ako s chudobnej\u0161\u00edmi. Mysl\u00edm si, \u017ee futbal je o s\u00fa\u0165a\u017ei &#8211; ke\u010f sledujete, ako West Brom por\u00e1\u017ea Chelsea &#8211; to je futbal. Ka\u017ed\u00fd klub sa m\u00f4\u017ee prekon\u00e1va\u0165. V sobotu, jeden\u00e1s\u0165 hr\u00e1\u010dov proti jeden\u00e1stim hr\u00e1\u010dom. Klub ako Leeds m\u00f4\u017ee \u00eds\u0165 dole, vr\u00e1ti\u0165 sa a remizova\u0165 s Liverpoolom. To je futbal. Ak chcete odstr\u00e1ni\u0165 t\u00fato s\u00fa\u0165a\u017eivos\u0165, znehodnocujete hru.\u201c<\/em><\/p>\n","protected":false},"excerpt":{"rendered":"<p>Predstavenstvo Evertonu, jej v\u00fdkonn\u00e1 riadite\u013eka Denise Barrett-Baxendale, a\u00a0aj samotn\u00fd v\u00e4\u010d\u0161inov\u00fd vlastn\u00edk Farhad Moshiri sa dnes vyjadrili k\u00a0zrodu novej s\u00fa\u0165a\u017ee.<\/p>\n","protected":false},"author":1,"featured_media":15053,"comment_status":"open","ping_status":"closed","sticky":false,"template":"","format":"standard","meta":{"_eb_attr":"","_monsterinsights_skip_tracking":false,"_monsterinsights_sitenote_active":false,"_monsterinsights_sitenote_note":"","_monsterinsights_sitenote_category":0,"footnotes":""},"categories":[42],"tags":[],"yoast_head":"<!-- This site is optimized with the Yoast SEO plugin v23.4 - https:\/\/yoast.com\/wordpress\/plugins\/seo\/ -->\n<title>Reakcia klubu na Super League - Official Czech &amp; Slovak Everton Supporters&#039; Club<\/title>\n<meta name=\"robots\" content=\"index, follow, max-snippet:-1, max-image-preview:large, max-video-preview:-1\" \/>\n<link rel=\"canonical\" href=\"https:\/\/evertonfc.cz\/index.php\/2021\/04\/20\/reakcia-klubu-na-super-league\/\" \/>\n<meta property=\"og:locale\" content=\"cs_CZ\" \/>\n<meta property=\"og:type\" content=\"article\" \/>\n<meta property=\"og:title\" content=\"Reakcia klubu na Super League - Official Czech &amp; Slovak Everton Supporters&#039; Club\" \/>\n<meta property=\"og:description\" content=\"Predstavenstvo Evertonu, jej v\u00fdkonn\u00e1 riadite\u013eka Denise Barrett-Baxendale, a\u00a0aj samotn\u00fd v\u00e4\u010d\u0161inov\u00fd vlastn\u00edk Farhad Moshiri sa dnes vyjadrili k\u00a0zrodu novej s\u00fa\u0165a\u017ee.\" \/>\n<meta property=\"og:url\" content=\"https:\/\/evertonfc.cz\/index.php\/2021\/04\/20\/reakcia-klubu-na-super-league\/\" \/>\n<meta property=\"og:site_name\" content=\"Official Czech &amp; Slovak Everton Supporters&#039; Club\" \/>\n<meta property=\"article:publisher\" content=\"https:\/\/www.facebook.com\/everton.fans.cz.sk\" \/>\n<meta property=\"article:published_time\" content=\"2021-04-20T12:27:16+00:00\" \/>\n<meta property=\"og:image\" content=\"https:\/\/evertonfc.cz\/wp-content\/uploads\/2021\/04\/Everton-club-statement.jpg\" \/>\n\t<meta property=\"og:image:width\" content=\"720\" \/>\n\t<meta property=\"og:image:height\" content=\"405\" \/>\n\t<meta property=\"og:image:type\" content=\"image\/jpeg\" \/>\n<meta name=\"author\" content=\"BlueBlooded\" \/>\n<meta name=\"twitter:card\" content=\"summary_large_image\" \/>\n<meta name=\"twitter:label1\" content=\"Napsal(a)\" \/>\n\t<meta name=\"twitter:data1\" content=\"BlueBlooded\" \/>\n\t<meta name=\"twitter:label2\" content=\"Odhadovan\u00e1 doba \u010dten\u00ed\" \/>\n\t<meta name=\"twitter:data2\" content=\"4 minuty\" \/>\n<script type=\"application\/ld+json\" class=\"yoast-schema-graph\">{\"@context\":\"https:\/\/schema.org\",\"@graph\":[{\"@type\":\"Article\",\"@id\":\"https:\/\/evertonfc.cz\/index.php\/2021\/04\/20\/reakcia-klubu-na-super-league\/#article\",\"isPartOf\":{\"@id\":\"https:\/\/evertonfc.cz\/index.php\/2021\/04\/20\/reakcia-klubu-na-super-league\/\"},\"author\":{\"name\":\"BlueBlooded\",\"@id\":\"https:\/\/evertonfc.cz\/#\/schema\/person\/d4493b8cbea51532597fbc4685698916\"},\"headline\":\"Reakcia klubu na Super League\",\"datePublished\":\"2021-04-20T12:27:16+00:00\",\"dateModified\":\"2021-04-20T12:27:16+00:00\",\"mainEntityOfPage\":{\"@id\":\"https:\/\/evertonfc.cz\/index.php\/2021\/04\/20\/reakcia-klubu-na-super-league\/\"},\"wordCount\":1070,\"commentCount\":26,\"publisher\":{\"@id\":\"https:\/\/evertonfc.cz\/#organization\"},\"image\":{\"@id\":\"https:\/\/evertonfc.cz\/index.php\/2021\/04\/20\/reakcia-klubu-na-super-league\/#primaryimage\"},\"thumbnailUrl\":\"https:\/\/evertonfc.cz\/wp-content\/uploads\/2021\/04\/Everton-club-statement.jpg\",\"articleSection\":[\"Aktuality\"],\"inLanguage\":\"cs\",\"potentialAction\":[{\"@type\":\"CommentAction\",\"name\":\"Comment\",\"target\":[\"https:\/\/evertonfc.cz\/index.php\/2021\/04\/20\/reakcia-klubu-na-super-league\/#respond\"]}]},{\"@type\":\"WebPage\",\"@id\":\"https:\/\/evertonfc.cz\/index.php\/2021\/04\/20\/reakcia-klubu-na-super-league\/\",\"url\":\"https:\/\/evertonfc.cz\/index.php\/2021\/04\/20\/reakcia-klubu-na-super-league\/\",\"name\":\"Reakcia klubu na Super League - Official Czech &amp; Slovak Everton Supporters&#039; Club\",\"isPartOf\":{\"@id\":\"https:\/\/evertonfc.cz\/#website\"},\"primaryImageOfPage\":{\"@id\":\"https:\/\/evertonfc.cz\/index.php\/2021\/04\/20\/reakcia-klubu-na-super-league\/#primaryimage\"},\"image\":{\"@id\":\"https:\/\/evertonfc.cz\/index.php\/2021\/04\/20\/reakcia-klubu-na-super-league\/#primaryimage\"},\"thumbnailUrl\":\"https:\/\/evertonfc.cz\/wp-content\/uploads\/2021\/04\/Everton-club-statement.jpg\",\"datePublished\":\"2021-04-20T12:27:16+00:00\",\"dateModified\":\"2021-04-20T12:27:16+00:00\",\"breadcrumb\":{\"@id\":\"https:\/\/evertonfc.cz\/index.php\/2021\/04\/20\/reakcia-klubu-na-super-league\/#breadcrumb\"},\"inLanguage\":\"cs\",\"potentialAction\":[{\"@type\":\"ReadAction\",\"target\":[\"https:\/\/evertonfc.cz\/index.php\/2021\/04\/20\/reakcia-klubu-na-super-league\/\"]}]},{\"@type\":\"ImageObject\",\"inLanguage\":\"cs\",\"@id\":\"https:\/\/evertonfc.cz\/index.php\/2021\/04\/20\/reakcia-klubu-na-super-league\/#primaryimage\",\"url\":\"https:\/\/evertonfc.cz\/wp-content\/uploads\/2021\/04\/Everton-club-statement.jpg\",\"contentUrl\":\"https:\/\/evertonfc.cz\/wp-content\/uploads\/2021\/04\/Everton-club-statement.jpg\",\"width\":720,\"height\":405},{\"@type\":\"BreadcrumbList\",\"@id\":\"https:\/\/evertonfc.cz\/index.php\/2021\/04\/20\/reakcia-klubu-na-super-league\/#breadcrumb\",\"itemListElement\":[{\"@type\":\"ListItem\",\"position\":1,\"name\":\"Home\",\"item\":\"https:\/\/evertonfc.cz\/\"},{\"@type\":\"ListItem\",\"position\":2,\"name\":\"Reakcia klubu na Super League\"}]},{\"@type\":\"WebSite\",\"@id\":\"https:\/\/evertonfc.cz\/#website\",\"url\":\"https:\/\/evertonfc.cz\/\",\"name\":\"Official Czech &amp; Slovak Everton Supporters&#039; Club\",\"description\":\"\",\"publisher\":{\"@id\":\"https:\/\/evertonfc.cz\/#organization\"},\"potentialAction\":[{\"@type\":\"SearchAction\",\"target\":{\"@type\":\"EntryPoint\",\"urlTemplate\":\"https:\/\/evertonfc.cz\/?s={search_term_string}\"},\"query-input\":{\"@type\":\"PropertyValueSpecification\",\"valueRequired\":true,\"valueName\":\"search_term_string\"}}],\"inLanguage\":\"cs\"},{\"@type\":\"Organization\",\"@id\":\"https:\/\/evertonfc.cz\/#organization\",\"name\":\"Official Czech & Slovak Everton Supporters' Club\",\"url\":\"https:\/\/evertonfc.cz\/\",\"logo\":{\"@type\":\"ImageObject\",\"inLanguage\":\"cs\",\"@id\":\"https:\/\/evertonfc.cz\/#\/schema\/logo\/image\/\",\"url\":\"https:\/\/evertonfc.cz\/wp-content\/uploads\/2019\/05\/logo.png\",\"contentUrl\":\"https:\/\/evertonfc.cz\/wp-content\/uploads\/2019\/05\/logo.png\",\"width\":112,\"height\":112,\"caption\":\"Official Czech & Slovak Everton Supporters' Club\"},\"image\":{\"@id\":\"https:\/\/evertonfc.cz\/#\/schema\/logo\/image\/\"},\"sameAs\":[\"https:\/\/www.facebook.com\/everton.fans.cz.sk\"]},{\"@type\":\"Person\",\"@id\":\"https:\/\/evertonfc.cz\/#\/schema\/person\/d4493b8cbea51532597fbc4685698916\",\"name\":\"BlueBlooded\",\"url\":\"https:\/\/evertonfc.cz\/index.php\/author\/admin\/\"}]}<\/script>\n<!-- \/ Yoast SEO plugin. -->","yoast_head_json":{"title":"Reakcia klubu na Super League - Official Czech &amp; Slovak Everton Supporters&#039; Club","robots":{"index":"index","follow":"follow","max-snippet":"max-snippet:-1","max-image-preview":"max-image-preview:large","max-video-preview":"max-video-preview:-1"},"canonical":"https:\/\/evertonfc.cz\/index.php\/2021\/04\/20\/reakcia-klubu-na-super-league\/","og_locale":"cs_CZ","og_type":"article","og_title":"Reakcia klubu na Super League - Official Czech &amp; Slovak Everton Supporters&#039; Club","og_description":"Predstavenstvo Evertonu, jej v\u00fdkonn\u00e1 riadite\u013eka Denise Barrett-Baxendale, a\u00a0aj samotn\u00fd v\u00e4\u010d\u0161inov\u00fd vlastn\u00edk Farhad Moshiri sa dnes vyjadrili k\u00a0zrodu novej s\u00fa\u0165a\u017ee.","og_url":"https:\/\/evertonfc.cz\/index.php\/2021\/04\/20\/reakcia-klubu-na-super-league\/","og_site_name":"Official Czech &amp; Slovak Everton Supporters&#039; Club","article_publisher":"https:\/\/www.facebook.com\/everton.fans.cz.sk","article_published_time":"2021-04-20T12:27:16+00:00","og_image":[{"width":720,"height":405,"url":"https:\/\/evertonfc.cz\/wp-content\/uploads\/2021\/04\/Everton-club-statement.jpg","type":"image\/jpeg"}],"author":"BlueBlooded","twitter_card":"summary_large_image","twitter_misc":{"Napsal(a)":"BlueBlooded","Odhadovan\u00e1 doba \u010dten\u00ed":"4 minuty"},"schema":{"@context":"https:\/\/schema.org","@graph":[{"@type":"Article","@id":"https:\/\/evertonfc.cz\/index.php\/2021\/04\/20\/reakcia-klubu-na-super-league\/#article","isPartOf":{"@id":"https:\/\/evertonfc.cz\/index.php\/2021\/04\/20\/reakcia-klubu-na-super-league\/"},"author":{"name":"BlueBlooded","@id":"https:\/\/evertonfc.cz\/#\/schema\/person\/d4493b8cbea51532597fbc4685698916"},"headline":"Reakcia klubu na Super League","datePublished":"2021-04-20T12:27:16+00:00","dateModified":"2021-04-20T12:27:16+00:00","mainEntityOfPage":{"@id":"https:\/\/evertonfc.cz\/index.php\/2021\/04\/20\/reakcia-klubu-na-super-league\/"},"wordCount":1070,"commentCount":26,"publisher":{"@id":"https:\/\/evertonfc.cz\/#organization"},"image":{"@id":"https:\/\/evertonfc.cz\/index.php\/2021\/04\/20\/reakcia-klubu-na-super-league\/#primaryimage"},"thumbnailUrl":"https:\/\/evertonfc.cz\/wp-content\/uploads\/2021\/04\/Everton-club-statement.jpg","articleSection":["Aktuality"],"inLanguage":"cs","potentialAction":[{"@type":"CommentAction","name":"Comment","target":["https:\/\/evertonfc.cz\/index.php\/2021\/04\/20\/reakcia-klubu-na-super-league\/#respond"]}]},{"@type":"WebPage","@id":"https:\/\/evertonfc.cz\/index.php\/2021\/04\/20\/reakcia-klubu-na-super-league\/","url":"https:\/\/evertonfc.cz\/index.php\/2021\/04\/20\/reakcia-klubu-na-super-league\/","name":"Reakcia klubu na Super League - Official Czech &amp; Slovak Everton Supporters&#039; Club","isPartOf":{"@id":"https:\/\/evertonfc.cz\/#website"},"primaryImageOfPage":{"@id":"https:\/\/evertonfc.cz\/index.php\/2021\/04\/20\/reakcia-klubu-na-super-league\/#primaryimage"},"image":{"@id":"https:\/\/evertonfc.cz\/index.php\/2021\/04\/20\/reakcia-klubu-na-super-league\/#primaryimage"},"thumbnailUrl":"https:\/\/evertonfc.cz\/wp-content\/uploads\/2021\/04\/Everton-club-statement.jpg","datePublished":"2021-04-20T12:27:16+00:00","dateModified":"2021-04-20T12:27:16+00:00","breadcrumb":{"@id":"https:\/\/evertonfc.cz\/index.php\/2021\/04\/20\/reakcia-klubu-na-super-league\/#breadcrumb"},"inLanguage":"cs","potentialAction":[{"@type":"ReadAction","target":["https:\/\/evertonfc.cz\/index.php\/2021\/04\/20\/reakcia-klubu-na-super-league\/"]}]},{"@type":"ImageObject","inLanguage":"cs","@id":"https:\/\/evertonfc.cz\/index.php\/2021\/04\/20\/reakcia-klubu-na-super-league\/#primaryimage","url":"https:\/\/evertonfc.cz\/wp-content\/uploads\/2021\/04\/Everton-club-statement.jpg","contentUrl":"https:\/\/evertonfc.cz\/wp-content\/uploads\/2021\/04\/Everton-club-statement.jpg","width":720,"height":405},{"@type":"BreadcrumbList","@id":"https:\/\/evertonfc.cz\/index.php\/2021\/04\/20\/reakcia-klubu-na-super-league\/#breadcrumb","itemListElement":[{"@type":"ListItem","position":1,"name":"Home","item":"https:\/\/evertonfc.cz\/"},{"@type":"ListItem","position":2,"name":"Reakcia klubu na Super League"}]},{"@type":"WebSite","@id":"https:\/\/evertonfc.cz\/#website","url":"https:\/\/evertonfc.cz\/","name":"Official Czech &amp; Slovak Everton Supporters&#039; Club","description":"","publisher":{"@id":"https:\/\/evertonfc.cz\/#organization"},"potentialAction":[{"@type":"SearchAction","target":{"@type":"EntryPoint","urlTemplate":"https:\/\/evertonfc.cz\/?s={search_term_string}"},"query-input":{"@type":"PropertyValueSpecification","valueRequired":true,"valueName":"search_term_string"}}],"inLanguage":"cs"},{"@type":"Organization","@id":"https:\/\/evertonfc.cz\/#organization","name":"Official Czech & Slovak Everton Supporters' Club","url":"https:\/\/evertonfc.cz\/","logo":{"@type":"ImageObject","inLanguage":"cs","@id":"https:\/\/evertonfc.cz\/#\/schema\/logo\/image\/","url":"https:\/\/evertonfc.cz\/wp-content\/uploads\/2019\/05\/logo.png","contentUrl":"https:\/\/evertonfc.cz\/wp-content\/uploads\/2019\/05\/logo.png","width":112,"height":112,"caption":"Official Czech & Slovak Everton Supporters' Club"},"image":{"@id":"https:\/\/evertonfc.cz\/#\/schema\/logo\/image\/"},"sameAs":["https:\/\/www.facebook.com\/everton.fans.cz.sk"]},{"@type":"Person","@id":"https:\/\/evertonfc.cz\/#\/schema\/person\/d4493b8cbea51532597fbc4685698916","name":"BlueBlooded","url":"https:\/\/evertonfc.cz\/index.php\/author\/admin\/"}]}},"_links":{"self":[{"href":"https:\/\/evertonfc.cz\/index.php\/wp-json\/wp\/v2\/posts\/15052"}],"collection":[{"href":"https:\/\/evertonfc.cz\/index.php\/wp-json\/wp\/v2\/posts"}],"about":[{"href":"https:\/\/evertonfc.cz\/index.php\/wp-json\/wp\/v2\/types\/post"}],"author":[{"embeddable":true,"href":"https:\/\/evertonfc.cz\/index.php\/wp-json\/wp\/v2\/users\/1"}],"replies":[{"embeddable":true,"href":"https:\/\/evertonfc.cz\/index.php\/wp-json\/wp\/v2\/comments?post=15052"}],"version-history":[{"count":12,"href":"https:\/\/evertonfc.cz\/index.php\/wp-json\/wp\/v2\/posts\/15052\/revisions"}],"predecessor-version":[{"id":15066,"href":"https:\/\/evertonfc.cz\/index.php\/wp-json\/wp\/v2\/posts\/15052\/revisions\/15066"}],"wp:featuredmedia":[{"embeddable":true,"href":"https:\/\/evertonfc.cz\/index.php\/wp-json\/wp\/v2\/media\/15053"}],"wp:attachment":[{"href":"https:\/\/evertonfc.cz\/index.php\/wp-json\/wp\/v2\/media?parent=15052"}],"wp:term":[{"taxonomy":"category","embeddable":true,"href":"https:\/\/evertonfc.cz\/index.php\/wp-json\/wp\/v2\/categories?post=15052"},{"taxonomy":"post_tag","embeddable":true,"href":"https:\/\/evertonfc.cz\/index.php\/wp-json\/wp\/v2\/tags?post=15052"}],"curies":[{"name":"wp","href":"https:\/\/api.w.org\/{rel}","templated":true}]}}