{"id":1510,"date":"2018-12-28T21:55:49","date_gmt":"2018-12-28T20:55:49","guid":{"rendered":"http:\/\/evertonfc.cz\/?p=1510"},"modified":"2021-04-19T14:24:44","modified_gmt":"2021-04-19T12:24:44","slug":"preview-brighton-hove-albion-everton","status":"publish","type":"post","link":"https:\/\/evertonfc.cz\/index.php\/2018\/12\/28\/preview-brighton-hove-albion-everton\/","title":{"rendered":"Preview: Brighton &#038; Hove Albion &#8211; Everton"},"content":{"rendered":"<h4>Leto\u0161n\u00ed ro\u010dn\u00edk Premier League se p\u0159el\u00e9v\u00e1 do sv\u00e9 druh\u00e9 poloviny a Toffees prahnouc\u00ed po t\u0159ech bodech zah\u00e1j\u00ed odvety na ji\u017en\u00edm pob\u0159e\u017e\u00ed Anglie. S rokem 2018 se v\u0161ak v\u00edt\u011bzn\u011b hodlaj\u00ed rozlou\u010dit rovn\u011b\u017e dom\u00e1c\u00ed Seagulls.<\/h4>\n<div id=\"NewsPostDetailContent\">\n<p>Skon\u010den\u00e1 polovina sez\u00f3ny sice vyz\u00fdv\u00e1 k\u00a0ob\u0161\u00edrn\u011bj\u0161\u00edmu zhodnocen\u00ed, to se v\u0161ak kv\u016fli nahu\u0161t\u011bn\u00e9mu z\u00e1pasov\u00e9mu programu prozat\u00edm odkl\u00e1d\u00e1. Z\u00a0povinnosti tedy aspo\u0148 stru\u010dn\u011b: Everton se po 19. kolech nach\u00e1z\u00ed na osm\u00e9m m\u00edst\u011b s 27 body (sedm\u00e9 a dvan\u00e1ct\u00e9 m\u00edsto d\u011bl\u00ed jen dva body). Sedm v\u00fdher dopl\u0148uje \u0161est rem\u00edz a stejn\u00fd po\u010det proher, sk\u00f3re \u010din\u00ed 31:29. Rukopis mana\u017eera Silvy je zn\u00e1t, mu\u017estvo se chce prezentovat aktivn\u00edm fotbalem, kter\u00fd p\u0159inesl nejednu p\u011bknou branku. Velk\u00e9 plusy p\u0159edstavuj\u00ed p\u0159\u00ednos letn\u00edch posil a celkov\u00e1 zlep\u0161en\u00e1 atmosf\u00e9ra vyza\u0159uj\u00edc\u00ed z\u00a0cel\u00e9ho klubu. P\u0159etrv\u00e1vaj\u00ed v\u0161ak probl\u00e9my v\u00a0obrann\u00e9 sou\u010dinnosti mu\u017estva a dal\u0161\u00edmi dlouhodob\u011bj\u0161\u00edmi p\u0159ek\u00e1\u017ekami v\u00a0cest\u011b za vysn\u011bn\u00fdm progresem jsou absence g\u00f3lov\u00e9ho st\u0159edn\u00edho \u00fato\u010dn\u00edka a l\u00eddra.<\/p>\n<p>Everton si ve v\u00e1no\u010dn\u00edm obdob\u00ed st\u0159ihl dva \u0161\u00edlen\u00e9 z\u00e1pasy. Po dom\u00e1c\u00ed debaklu 2:6 s\u00a0Tottenhamem si o t\u0159i dny pozd\u011bji spravil n\u00e1ladu na p\u016fd\u011b Burnley, kter\u00e9 deklasoval 5:1. O dal\u0161\u00ed t\u0159i dny pozd\u011bji, v\u00a0sobotu v\u00a0Brightonu, tak pochopiteln\u011b bude cht\u00edt nav\u00e1zat na druh\u00fd v\u00fdsledek.<\/p>\n<p>Rychl\u00fd sled z\u00e1pas\u016f, u\u017e v\u00a0\u00fater\u00fd na Nov\u00fd rok Toffees p\u0159iv\u00edtaj\u00ed Leicester, m\u016f\u017ee notn\u011b zam\u00edchat se slo\u017een\u00edm z\u00e1kladn\u00ed sestavy. \u00danava jednotliv\u00fdch hr\u00e1\u010d\u016f a taktick\u00e9 \u00famysly Silvy jist\u011b budou hr\u00e1t roli. Portugalsk\u00fd strat\u00e9g na p\u0159edz\u00e1pasov\u00e9 tiskov\u00e9 konferenci pochv\u00e1lil hru mlad\u00e9ho Calverta-Lewina, jen\u017e se srdnat\u011b bije o post \u00fato\u010dn\u00edka \u010d\u00edslo jedna. Pokud nastoup\u00ed tak\u00e9 o v\u00edkendu, spole\u010dnost mu nepochybn\u011b bude d\u011blat Richarlison. Brazilec byl v\u00a0utk\u00e1n\u00ed s\u00a0Burnley \u0161et\u0159en a do hry zas\u00e1hl a\u017e na posledn\u00edch 25 minut, co\u017e mu ov\u0161em nebr\u00e1nilo vst\u0159elit dev\u00e1tou ligovou branku.<\/p>\n<p>Silva p\u0159ed novin\u00e1\u0159i rovn\u011b\u017e odm\u00edtl prozradit, zda bude pokra\u010dovat v\u00a0rozestaven\u00ed se t\u0159emi stopery, a p\u0159ipomn\u011bl ji\u017e zdrav\u00e9ho st\u0159edopola\u0159e Jamese McCarthyho, kter\u00fd stejn\u011b jako Kenny, Jagielka \u010di Tosun \u010dek\u00e1 na svou \u0161anci. Start Ademoly Lookmana je st\u00e1le nejist\u00fd, talentovan\u00fd k\u0159\u00eddeln\u00edk vinou zran\u011bn\u00e9ho kotn\u00edku zme\u0161kal posledn\u00ed dv\u011b utk\u00e1n\u00ed a zat\u00edm tr\u00e9nuje pouze individu\u00e1ln\u011b.<\/p>\n<p>Aktu\u00e1ln\u011b t\u0159in\u00e1ct\u00fd Brighton si v\u00a0leto\u0161n\u00ed sez\u00f3n\u011b dr\u017e\u00ed na dom\u00e1c\u00ed p\u016fd\u011b solidn\u00ed formu, p\u0159ed vlastn\u00edmi div\u00e1ky prohr\u00e1l v\u00a0lize pouze s\u00a0Tottenhamem a Chelsea. Na druhou stranu v\u00a0prosinci stejn\u011b jako Everton sp\u00ed\u0161e klop\u00fdt\u00e1. S\u00e9rii t\u0159\u00ed ligov\u00fdch proher ukon\u010dil a\u017e na Boxing Day, kdy doma remizoval s\u00a0Arsenalem 1:1.<\/p>\n<p>V\u00a0\u00favodn\u00edm vz\u00e1jemn\u00e9m souboji Everton uk\u00e1zal, co na dob\u0159e organizovan\u00e9ho soupe\u0159e plat\u00ed \u2013 rychl\u00e9 kombina\u010dn\u00edmi akce.\u00a0Ono v\u00edt\u011bzstv\u00ed 3:1\u00a0z\u00a0\u00favodu listopadu vlastn\u011b pat\u0159ilo k\u00a0nejlep\u0161\u00edm p\u0159edstaven\u00edm pod taktovkou Marca Silvy.<\/p>\n<p>Mana\u017eer Brightonu a \u010derstv\u00fd \u0161edes\u00e1tn\u00edk Chris Hughton nah\u00e1n\u00ed \u010das, aby se mu do soboty stihl uzdravit k\u0159\u00eddeln\u00edk Izquierdo. Kl\u00ed\u010dov\u00fd brank\u00e1\u0159 Mathew Ryan z Austr\u00e1lie, kter\u00fd v\u00a0prob\u00edhaj\u00edc\u00edm ligov\u00e9m ro\u010dn\u00edku nechyb\u011bl ani minutu, a \u00edr\u00e1nsk\u00fd k\u0159\u00eddeln\u00edk Alireza Jahanbakhsh odcestovali plnit reprezenta\u010dn\u00ed povinnosti na Asijsk\u00fd poh\u00e1r. Jin\u00e9 absence Seagulls netr\u00e1p\u00ed, anebo je \u00fasp\u011b\u0161n\u011b taj\u00ed.<\/p>\n<p>Jestli\u017ee Everton v posledn\u00edm duelu s Burnley jako prvn\u00ed anglick\u00fd t\u00fdm poko\u0159il metu 7 000 vst\u0159elen\u00fdch branek v nejvy\u0161\u0161\u00ed sout\u011b\u017ei, tak v\u011bzte, \u017ee duelem s Brightonem jako prvn\u00ed mu\u017estvo zaknihuje utk\u00e1n\u00ed \u010d. 4 500 v anglick\u00e9 nejvy\u0161\u0161\u00ed sout\u011b\u017ei.<\/p>\n<p><strong>Co:<\/strong>\u00a0Brighton &amp; Hove Albion FC \u2013 Everton FC, 20. kolo Premier League<br \/>\n<strong>Kdy:<\/strong>\u00a029. 12. 2018 od 16:00 SE\u010c<br \/>\n<strong>Kde:<\/strong>\u00a0American Express Community Stadium, Village Way, Brighton (kapacita: 30 750)<br \/>\n<strong>Rozhod\u010d\u00ed:<\/strong>\u00a0Andy Madley<\/p>\n<\/div>\n","protected":false},"excerpt":{"rendered":"<p>Leto\u0161n\u00ed ro\u010dn\u00edk Premier League se p\u0159el\u00e9v\u00e1 do sv\u00e9 druh\u00e9 poloviny a Toffees prahnouc\u00ed po t\u0159ech bodech zah\u00e1j\u00ed odvety na ji\u017en\u00edm pob\u0159e\u017e\u00ed Anglie. S rokem 2018 se v\u0161ak v\u00edt\u011bzn\u011b hodlaj\u00ed rozlou\u010dit rovn\u011b\u017e dom\u00e1c\u00ed Seagulls.<\/p>\n","protected":false},"author":6,"featured_media":14932,"comment_status":"open","ping_status":"closed","sticky":false,"template":"","format":"standard","meta":{"_eb_attr":"","_monsterinsights_skip_tracking":false,"_monsterinsights_sitenote_active":false,"_monsterinsights_sitenote_note":"","_monsterinsights_sitenote_category":0,"footnotes":""},"categories":[4],"tags":[],"yoast_head":"<!-- This site is optimized with the Yoast SEO plugin v23.4 - https:\/\/yoast.com\/wordpress\/plugins\/seo\/ -->\n<title>Preview: Brighton &amp; Hove Albion - Everton - Official Czech &amp; Slovak Everton Supporters&#039; Club<\/title>\n<meta name=\"robots\" content=\"index, follow, max-snippet:-1, max-image-preview:large, max-video-preview:-1\" \/>\n<link rel=\"canonical\" href=\"https:\/\/evertonfc.cz\/index.php\/2018\/12\/28\/preview-brighton-hove-albion-everton\/\" \/>\n<meta property=\"og:locale\" content=\"cs_CZ\" \/>\n<meta property=\"og:type\" content=\"article\" \/>\n<meta property=\"og:title\" content=\"Preview: Brighton &amp; Hove Albion - Everton - Official Czech &amp; Slovak Everton Supporters&#039; Club\" \/>\n<meta property=\"og:description\" content=\"Leto\u0161n\u00ed ro\u010dn\u00edk Premier League se p\u0159el\u00e9v\u00e1 do sv\u00e9 druh\u00e9 poloviny a Toffees prahnouc\u00ed po t\u0159ech bodech zah\u00e1j\u00ed odvety na ji\u017en\u00edm pob\u0159e\u017e\u00ed Anglie. S rokem 2018 se v\u0161ak v\u00edt\u011bzn\u011b hodlaj\u00ed rozlou\u010dit rovn\u011b\u017e dom\u00e1c\u00ed Seagulls.\" \/>\n<meta property=\"og:url\" content=\"https:\/\/evertonfc.cz\/index.php\/2018\/12\/28\/preview-brighton-hove-albion-everton\/\" \/>\n<meta property=\"og:site_name\" content=\"Official Czech &amp; Slovak Everton Supporters&#039; Club\" \/>\n<meta property=\"article:publisher\" content=\"https:\/\/www.facebook.com\/everton.fans.cz.sk\" \/>\n<meta property=\"article:published_time\" content=\"2018-12-28T20:55:49+00:00\" \/>\n<meta property=\"article:modified_time\" content=\"2021-04-19T12:24:44+00:00\" \/>\n<meta property=\"og:image\" content=\"https:\/\/evertonfc.cz\/wp-content\/uploads\/2021\/04\/Brighton-and-Hove-Albion-VS-Everton.jpg\" \/>\n\t<meta property=\"og:image:width\" content=\"720\" \/>\n\t<meta property=\"og:image:height\" content=\"405\" \/>\n\t<meta property=\"og:image:type\" content=\"image\/jpeg\" \/>\n<meta name=\"author\" content=\"Ri\u010di\" \/>\n<meta name=\"twitter:card\" content=\"summary_large_image\" \/>\n<meta name=\"twitter:creator\" content=\"@rbrejsa\" \/>\n<meta name=\"twitter:label1\" content=\"Napsal(a)\" \/>\n\t<meta name=\"twitter:data1\" content=\"Ri\u010di\" \/>\n\t<meta name=\"twitter:label2\" content=\"Odhadovan\u00e1 doba \u010dten\u00ed\" \/>\n\t<meta name=\"twitter:data2\" content=\"4 minuty\" \/>\n<script type=\"application\/ld+json\" class=\"yoast-schema-graph\">{\"@context\":\"https:\/\/schema.org\",\"@graph\":[{\"@type\":\"Article\",\"@id\":\"https:\/\/evertonfc.cz\/index.php\/2018\/12\/28\/preview-brighton-hove-albion-everton\/#article\",\"isPartOf\":{\"@id\":\"https:\/\/evertonfc.cz\/index.php\/2018\/12\/28\/preview-brighton-hove-albion-everton\/\"},\"author\":{\"name\":\"Ri\u010di\",\"@id\":\"https:\/\/evertonfc.cz\/#\/schema\/person\/f7a5daedb2ffee98480bc70e191aaef1\"},\"headline\":\"Preview: Brighton &#038; Hove Albion &#8211; Everton\",\"datePublished\":\"2018-12-28T20:55:49+00:00\",\"dateModified\":\"2021-04-19T12:24:44+00:00\",\"mainEntityOfPage\":{\"@id\":\"https:\/\/evertonfc.cz\/index.php\/2018\/12\/28\/preview-brighton-hove-albion-everton\/\"},\"wordCount\":712,\"commentCount\":0,\"publisher\":{\"@id\":\"https:\/\/evertonfc.cz\/#organization\"},\"image\":{\"@id\":\"https:\/\/evertonfc.cz\/index.php\/2018\/12\/28\/preview-brighton-hove-albion-everton\/#primaryimage\"},\"thumbnailUrl\":\"https:\/\/evertonfc.cz\/wp-content\/uploads\/2021\/04\/Brighton-and-Hove-Albion-VS-Everton.jpg\",\"articleSection\":[\"Z\u00e1pasy\"],\"inLanguage\":\"cs\",\"potentialAction\":[{\"@type\":\"CommentAction\",\"name\":\"Comment\",\"target\":[\"https:\/\/evertonfc.cz\/index.php\/2018\/12\/28\/preview-brighton-hove-albion-everton\/#respond\"]}]},{\"@type\":\"WebPage\",\"@id\":\"https:\/\/evertonfc.cz\/index.php\/2018\/12\/28\/preview-brighton-hove-albion-everton\/\",\"url\":\"https:\/\/evertonfc.cz\/index.php\/2018\/12\/28\/preview-brighton-hove-albion-everton\/\",\"name\":\"Preview: Brighton & Hove Albion - Everton - Official Czech &amp; Slovak Everton Supporters&#039; Club\",\"isPartOf\":{\"@id\":\"https:\/\/evertonfc.cz\/#website\"},\"primaryImageOfPage\":{\"@id\":\"https:\/\/evertonfc.cz\/index.php\/2018\/12\/28\/preview-brighton-hove-albion-everton\/#primaryimage\"},\"image\":{\"@id\":\"https:\/\/evertonfc.cz\/index.php\/2018\/12\/28\/preview-brighton-hove-albion-everton\/#primaryimage\"},\"thumbnailUrl\":\"https:\/\/evertonfc.cz\/wp-content\/uploads\/2021\/04\/Brighton-and-Hove-Albion-VS-Everton.jpg\",\"datePublished\":\"2018-12-28T20:55:49+00:00\",\"dateModified\":\"2021-04-19T12:24:44+00:00\",\"breadcrumb\":{\"@id\":\"https:\/\/evertonfc.cz\/index.php\/2018\/12\/28\/preview-brighton-hove-albion-everton\/#breadcrumb\"},\"inLanguage\":\"cs\",\"potentialAction\":[{\"@type\":\"ReadAction\",\"target\":[\"https:\/\/evertonfc.cz\/index.php\/2018\/12\/28\/preview-brighton-hove-albion-everton\/\"]}]},{\"@type\":\"ImageObject\",\"inLanguage\":\"cs\",\"@id\":\"https:\/\/evertonfc.cz\/index.php\/2018\/12\/28\/preview-brighton-hove-albion-everton\/#primaryimage\",\"url\":\"https:\/\/evertonfc.cz\/wp-content\/uploads\/2021\/04\/Brighton-and-Hove-Albion-VS-Everton.jpg\",\"contentUrl\":\"https:\/\/evertonfc.cz\/wp-content\/uploads\/2021\/04\/Brighton-and-Hove-Albion-VS-Everton.jpg\",\"width\":720,\"height\":405},{\"@type\":\"BreadcrumbList\",\"@id\":\"https:\/\/evertonfc.cz\/index.php\/2018\/12\/28\/preview-brighton-hove-albion-everton\/#breadcrumb\",\"itemListElement\":[{\"@type\":\"ListItem\",\"position\":1,\"name\":\"Home\",\"item\":\"https:\/\/evertonfc.cz\/\"},{\"@type\":\"ListItem\",\"position\":2,\"name\":\"Preview: Brighton &#038; Hove Albion &#8211; Everton\"}]},{\"@type\":\"WebSite\",\"@id\":\"https:\/\/evertonfc.cz\/#website\",\"url\":\"https:\/\/evertonfc.cz\/\",\"name\":\"Official Czech &amp; Slovak Everton Supporters&#039; Club\",\"description\":\"\",\"publisher\":{\"@id\":\"https:\/\/evertonfc.cz\/#organization\"},\"potentialAction\":[{\"@type\":\"SearchAction\",\"target\":{\"@type\":\"EntryPoint\",\"urlTemplate\":\"https:\/\/evertonfc.cz\/?s={search_term_string}\"},\"query-input\":{\"@type\":\"PropertyValueSpecification\",\"valueRequired\":true,\"valueName\":\"search_term_string\"}}],\"inLanguage\":\"cs\"},{\"@type\":\"Organization\",\"@id\":\"https:\/\/evertonfc.cz\/#organization\",\"name\":\"Official Czech & Slovak Everton Supporters' Club\",\"url\":\"https:\/\/evertonfc.cz\/\",\"logo\":{\"@type\":\"ImageObject\",\"inLanguage\":\"cs\",\"@id\":\"https:\/\/evertonfc.cz\/#\/schema\/logo\/image\/\",\"url\":\"https:\/\/evertonfc.cz\/wp-content\/uploads\/2019\/05\/logo.png\",\"contentUrl\":\"https:\/\/evertonfc.cz\/wp-content\/uploads\/2019\/05\/logo.png\",\"width\":112,\"height\":112,\"caption\":\"Official Czech & Slovak Everton Supporters' Club\"},\"image\":{\"@id\":\"https:\/\/evertonfc.cz\/#\/schema\/logo\/image\/\"},\"sameAs\":[\"https:\/\/www.facebook.com\/everton.fans.cz.sk\"]},{\"@type\":\"Person\",\"@id\":\"https:\/\/evertonfc.cz\/#\/schema\/person\/f7a5daedb2ffee98480bc70e191aaef1\",\"name\":\"Ri\u010di\",\"sameAs\":[\"https:\/\/x.com\/rbrejsa\"],\"url\":\"https:\/\/evertonfc.cz\/index.php\/author\/rici\/\"}]}<\/script>\n<!-- \/ Yoast SEO plugin. -->","yoast_head_json":{"title":"Preview: Brighton & Hove Albion - Everton - Official Czech &amp; Slovak Everton Supporters&#039; Club","robots":{"index":"index","follow":"follow","max-snippet":"max-snippet:-1","max-image-preview":"max-image-preview:large","max-video-preview":"max-video-preview:-1"},"canonical":"https:\/\/evertonfc.cz\/index.php\/2018\/12\/28\/preview-brighton-hove-albion-everton\/","og_locale":"cs_CZ","og_type":"article","og_title":"Preview: Brighton & Hove Albion - Everton - Official Czech &amp; Slovak Everton Supporters&#039; Club","og_description":"Leto\u0161n\u00ed ro\u010dn\u00edk Premier League se p\u0159el\u00e9v\u00e1 do sv\u00e9 druh\u00e9 poloviny a Toffees prahnouc\u00ed po t\u0159ech bodech zah\u00e1j\u00ed odvety na ji\u017en\u00edm pob\u0159e\u017e\u00ed Anglie. S rokem 2018 se v\u0161ak v\u00edt\u011bzn\u011b hodlaj\u00ed rozlou\u010dit rovn\u011b\u017e dom\u00e1c\u00ed Seagulls.","og_url":"https:\/\/evertonfc.cz\/index.php\/2018\/12\/28\/preview-brighton-hove-albion-everton\/","og_site_name":"Official Czech &amp; Slovak Everton Supporters&#039; Club","article_publisher":"https:\/\/www.facebook.com\/everton.fans.cz.sk","article_published_time":"2018-12-28T20:55:49+00:00","article_modified_time":"2021-04-19T12:24:44+00:00","og_image":[{"width":720,"height":405,"url":"https:\/\/evertonfc.cz\/wp-content\/uploads\/2021\/04\/Brighton-and-Hove-Albion-VS-Everton.jpg","type":"image\/jpeg"}],"author":"Ri\u010di","twitter_card":"summary_large_image","twitter_creator":"@rbrejsa","twitter_misc":{"Napsal(a)":"Ri\u010di","Odhadovan\u00e1 doba \u010dten\u00ed":"4 minuty"},"schema":{"@context":"https:\/\/schema.org","@graph":[{"@type":"Article","@id":"https:\/\/evertonfc.cz\/index.php\/2018\/12\/28\/preview-brighton-hove-albion-everton\/#article","isPartOf":{"@id":"https:\/\/evertonfc.cz\/index.php\/2018\/12\/28\/preview-brighton-hove-albion-everton\/"},"author":{"name":"Ri\u010di","@id":"https:\/\/evertonfc.cz\/#\/schema\/person\/f7a5daedb2ffee98480bc70e191aaef1"},"headline":"Preview: Brighton &#038; Hove Albion &#8211; Everton","datePublished":"2018-12-28T20:55:49+00:00","dateModified":"2021-04-19T12:24:44+00:00","mainEntityOfPage":{"@id":"https:\/\/evertonfc.cz\/index.php\/2018\/12\/28\/preview-brighton-hove-albion-everton\/"},"wordCount":712,"commentCount":0,"publisher":{"@id":"https:\/\/evertonfc.cz\/#organization"},"image":{"@id":"https:\/\/evertonfc.cz\/index.php\/2018\/12\/28\/preview-brighton-hove-albion-everton\/#primaryimage"},"thumbnailUrl":"https:\/\/evertonfc.cz\/wp-content\/uploads\/2021\/04\/Brighton-and-Hove-Albion-VS-Everton.jpg","articleSection":["Z\u00e1pasy"],"inLanguage":"cs","potentialAction":[{"@type":"CommentAction","name":"Comment","target":["https:\/\/evertonfc.cz\/index.php\/2018\/12\/28\/preview-brighton-hove-albion-everton\/#respond"]}]},{"@type":"WebPage","@id":"https:\/\/evertonfc.cz\/index.php\/2018\/12\/28\/preview-brighton-hove-albion-everton\/","url":"https:\/\/evertonfc.cz\/index.php\/2018\/12\/28\/preview-brighton-hove-albion-everton\/","name":"Preview: Brighton & Hove Albion - Everton - Official Czech &amp; Slovak Everton Supporters&#039; Club","isPartOf":{"@id":"https:\/\/evertonfc.cz\/#website"},"primaryImageOfPage":{"@id":"https:\/\/evertonfc.cz\/index.php\/2018\/12\/28\/preview-brighton-hove-albion-everton\/#primaryimage"},"image":{"@id":"https:\/\/evertonfc.cz\/index.php\/2018\/12\/28\/preview-brighton-hove-albion-everton\/#primaryimage"},"thumbnailUrl":"https:\/\/evertonfc.cz\/wp-content\/uploads\/2021\/04\/Brighton-and-Hove-Albion-VS-Everton.jpg","datePublished":"2018-12-28T20:55:49+00:00","dateModified":"2021-04-19T12:24:44+00:00","breadcrumb":{"@id":"https:\/\/evertonfc.cz\/index.php\/2018\/12\/28\/preview-brighton-hove-albion-everton\/#breadcrumb"},"inLanguage":"cs","potentialAction":[{"@type":"ReadAction","target":["https:\/\/evertonfc.cz\/index.php\/2018\/12\/28\/preview-brighton-hove-albion-everton\/"]}]},{"@type":"ImageObject","inLanguage":"cs","@id":"https:\/\/evertonfc.cz\/index.php\/2018\/12\/28\/preview-brighton-hove-albion-everton\/#primaryimage","url":"https:\/\/evertonfc.cz\/wp-content\/uploads\/2021\/04\/Brighton-and-Hove-Albion-VS-Everton.jpg","contentUrl":"https:\/\/evertonfc.cz\/wp-content\/uploads\/2021\/04\/Brighton-and-Hove-Albion-VS-Everton.jpg","width":720,"height":405},{"@type":"BreadcrumbList","@id":"https:\/\/evertonfc.cz\/index.php\/2018\/12\/28\/preview-brighton-hove-albion-everton\/#breadcrumb","itemListElement":[{"@type":"ListItem","position":1,"name":"Home","item":"https:\/\/evertonfc.cz\/"},{"@type":"ListItem","position":2,"name":"Preview: Brighton &#038; Hove Albion &#8211; Everton"}]},{"@type":"WebSite","@id":"https:\/\/evertonfc.cz\/#website","url":"https:\/\/evertonfc.cz\/","name":"Official Czech &amp; Slovak Everton Supporters&#039; Club","description":"","publisher":{"@id":"https:\/\/evertonfc.cz\/#organization"},"potentialAction":[{"@type":"SearchAction","target":{"@type":"EntryPoint","urlTemplate":"https:\/\/evertonfc.cz\/?s={search_term_string}"},"query-input":{"@type":"PropertyValueSpecification","valueRequired":true,"valueName":"search_term_string"}}],"inLanguage":"cs"},{"@type":"Organization","@id":"https:\/\/evertonfc.cz\/#organization","name":"Official Czech & Slovak Everton Supporters' Club","url":"https:\/\/evertonfc.cz\/","logo":{"@type":"ImageObject","inLanguage":"cs","@id":"https:\/\/evertonfc.cz\/#\/schema\/logo\/image\/","url":"https:\/\/evertonfc.cz\/wp-content\/uploads\/2019\/05\/logo.png","contentUrl":"https:\/\/evertonfc.cz\/wp-content\/uploads\/2019\/05\/logo.png","width":112,"height":112,"caption":"Official Czech & Slovak Everton Supporters' Club"},"image":{"@id":"https:\/\/evertonfc.cz\/#\/schema\/logo\/image\/"},"sameAs":["https:\/\/www.facebook.com\/everton.fans.cz.sk"]},{"@type":"Person","@id":"https:\/\/evertonfc.cz\/#\/schema\/person\/f7a5daedb2ffee98480bc70e191aaef1","name":"Ri\u010di","sameAs":["https:\/\/x.com\/rbrejsa"],"url":"https:\/\/evertonfc.cz\/index.php\/author\/rici\/"}]}},"_links":{"self":[{"href":"https:\/\/evertonfc.cz\/index.php\/wp-json\/wp\/v2\/posts\/1510"}],"collection":[{"href":"https:\/\/evertonfc.cz\/index.php\/wp-json\/wp\/v2\/posts"}],"about":[{"href":"https:\/\/evertonfc.cz\/index.php\/wp-json\/wp\/v2\/types\/post"}],"author":[{"embeddable":true,"href":"https:\/\/evertonfc.cz\/index.php\/wp-json\/wp\/v2\/users\/6"}],"replies":[{"embeddable":true,"href":"https:\/\/evertonfc.cz\/index.php\/wp-json\/wp\/v2\/comments?post=1510"}],"version-history":[{"count":3,"href":"https:\/\/evertonfc.cz\/index.php\/wp-json\/wp\/v2\/posts\/1510\/revisions"}],"predecessor-version":[{"id":15026,"href":"https:\/\/evertonfc.cz\/index.php\/wp-json\/wp\/v2\/posts\/1510\/revisions\/15026"}],"wp:featuredmedia":[{"embeddable":true,"href":"https:\/\/evertonfc.cz\/index.php\/wp-json\/wp\/v2\/media\/14932"}],"wp:attachment":[{"href":"https:\/\/evertonfc.cz\/index.php\/wp-json\/wp\/v2\/media?parent=1510"}],"wp:term":[{"taxonomy":"category","embeddable":true,"href":"https:\/\/evertonfc.cz\/index.php\/wp-json\/wp\/v2\/categories?post=1510"},{"taxonomy":"post_tag","embeddable":true,"href":"https:\/\/evertonfc.cz\/index.php\/wp-json\/wp\/v2\/tags?post=1510"}],"curies":[{"name":"wp","href":"https:\/\/api.w.org\/{rel}","templated":true}]}}