{"id":1512,"date":"2018-12-30T18:36:54","date_gmt":"2018-12-30T17:36:54","guid":{"rendered":"http:\/\/evertonfc.cz\/?p=1512"},"modified":"2022-05-11T07:53:38","modified_gmt":"2022-05-11T05:53:38","slug":"brighton-hove-albion-everton-10","status":"publish","type":"post","link":"https:\/\/evertonfc.cz\/index.php\/2018\/12\/30\/brighton-hove-albion-everton-10\/","title":{"rendered":"Brighton &#038; Hove Albion &#8211; Everton 1:0"},"content":{"rendered":"<h4>Nojono, bez Sigurdssona v z\u00e1kladn\u00ed sestav\u011b nen\u00ed kreativita. A s jej\u00ed absenc\u00ed se d\u00e1vaj\u00ed branky \u0161patn\u011b.<\/h4>\n<p>Everton se ji\u017e nastoupen\u00edm k z\u00e1pasu zapsal do knihy rekord\u016f. Bylo to pro n\u011bj toti\u017e utk\u00e1n\u00ed \u010d\u00edslo 4500 v nejvy\u0161\u0161\u00ed anglick\u00e9 fotbalov\u00e9 sout\u011b\u017ei, co\u017e je miln\u00edk, kter\u00e9ho tak\u00e9 dos\u00e1hl jako prvn\u00ed.<\/p>\n<p>Na hrotu op\u011bt nastoupil Richarlison, g\u00f3lman dom\u00e1c\u00edch Button za\u017eil svou prvoligovou premi\u00e9ru. Ale v prvn\u00ed p\u016fli nebylo na co koukat. Prob\u011bhly n\u011bjak\u00e9 rohy na obou stran\u00e1ch, pro dva centry si do\u0161el Pickford. P\u0159ed uplynut\u00edm t\u0159ic\u00e1t\u00e9 minuty se ale host\u00e9 dostali ke slepen\u00fdm p\u0159\u00edle\u017eitostem. Nejd\u0159\u00edve Buttonovi vypadl m\u00ed\u010d po centru Walcotta, ke kulat\u00e9mu nesmyslu se dostal Richarlison, ale jednak zakon\u010doval z ofsajdu, druhak neprost\u0159elil obr\u00e1nce na \u010d\u00e1\u0159e. O minutu pozd\u011bji ji\u017e bylo s Richarlisonovou st\u0159elou pravidlov\u011b v\u0161e v po\u0159\u00e1dku, m\u00ed\u010d vyra\u017een\u00fd brank\u00e1\u0159em se dostal ke Colemanovi, ale jeho r\u00e1nu zblokovala dom\u00e1c\u00ed obrana. Do konce p\u016fle byl aktivn\u011bj\u0161\u00ed Everton, ale branka z toho nebyla.<\/p>\n<p>To druh\u00e1 p\u016fle za\u010dala jinak. Dom\u00e1c\u00ed tla\u010dili a po dvou \u017elut\u00fdch kart\u00e1ch (Bernard, Mina) si vypracovali dv\u011b \u0161ance. Hlavi\u010dku Andoneho je\u0161t\u011b Pickford chytil, ale to bylo pouze varov\u00e1n\u00ed, ze kter\u00e9ho si Everton nic nevzal. O dv\u011b minuty pozd\u011bji se centr z rohu odrazil od Gomese p\u0159\u00edmo k trestuhodn\u011b voln\u00e9mu Locadiovi &#8211; a ten si u\u017e na \u010dty\u0159ech metrech z prvn\u00ed v\u011bd\u011bl rady &#8211;\u00a0<strong>1:0.\u00a0<\/strong>Host\u00e9 m\u00e1lem hned srovnali. Richarlisonova d\u011blovka nad\u011blala Buttonovi probl\u00e9my, ale nakonec ji vyrazil na ty\u010d, n\u00e1sledn\u00e1 dor\u00e1\u017eka byla zblokov\u00e1na na roh.<\/p>\n<p>Silva zareagoval dvoj\u00edm st\u0159\u00edd\u00e1n\u00edm, karetn\u00ed h\u0159\u00ed\u0161n\u00edci uvolnili m\u00edsto Sigurdssonovi a Calvertovi-Lewinovi. N\u00e1sledn\u011b byla odpu\u0161t\u011bna \u017elut\u00e1 karta Ganovi za pro\u0161l\u00e1pnut\u00ed Locadiova kotn\u00edku. Deset minut si zahr\u00e1l i Niass\u00e9, kdy\u017e mu uvolnil m\u00edsto Bernard. Posledn\u00ed \u0161anci na srovn\u00e1n\u00ed m\u011bl Zouma, kdy\u017e mu Sigurdsson posadil na hlavu m\u00ed\u010d z trestn\u00e9ho kopu, ale trefil b\u0159evno. Brighton nen\u00ed t\u00fdm, se kter\u00fdm by m\u011bl Everton prohr\u00e1vat. Hm, hm&#8230;<\/p>\n<p><strong>Branky:<\/strong> 59. Locadia\u00a0 <strong>Karty:<\/strong>\u00a053. Bernard, 56. Mina<\/p>\n<p><strong>Brighton &amp; Hove Albion FC:<\/strong>\u00a0Button \u2013 Montoya, Dunk, Duffy, Bernardo \u2013 Pr\u00f6pper, Stephens, Gro\u00df \u2013 March, Andone (74. Murray), Locadia<\/p>\n<p><strong>Everton FC:<\/strong>\u00a0Pickford \u2013 Zouma, Keane, Mina (65. Sigurdsson) \u2013 Coleman, Gana,\u00a0 Gomes (72. Calvert-Lewin), Digne \u2013 Walcott, Richarlison, Bernard (80. Niass\u00e9)<\/p>\n<p><strong>Rozhod\u010d\u00ed:<\/strong> Andy Madley\u00a0 <strong>Div\u00e1ci<\/strong>: 30 597<\/p>\n","protected":false},"excerpt":{"rendered":"<p>Nojono, bez Sigurdssona v z\u00e1kladn\u00ed sestav\u011b nen\u00ed kreativita. A s jej\u00ed absenc\u00ed se d\u00e1vaj\u00ed branky \u0161patn\u011b. Everton se ji\u017e nastoupen\u00edm&hellip;<\/p>\n","protected":false},"author":12,"featured_media":1499,"comment_status":"open","ping_status":"closed","sticky":false,"template":"","format":"standard","meta":{"_eb_attr":"","_monsterinsights_skip_tracking":false,"_monsterinsights_sitenote_active":false,"_monsterinsights_sitenote_note":"","_monsterinsights_sitenote_category":0,"footnotes":""},"categories":[4],"tags":[],"yoast_head":"<!-- This site is optimized with the Yoast SEO plugin v23.4 - https:\/\/yoast.com\/wordpress\/plugins\/seo\/ -->\n<title>Brighton &amp; Hove Albion - Everton 1:0 - Official Czech &amp; Slovak Everton Supporters&#039; Club<\/title>\n<meta name=\"robots\" content=\"index, follow, max-snippet:-1, max-image-preview:large, max-video-preview:-1\" \/>\n<link rel=\"canonical\" href=\"https:\/\/evertonfc.cz\/index.php\/2018\/12\/30\/brighton-hove-albion-everton-10\/\" \/>\n<meta property=\"og:locale\" content=\"cs_CZ\" \/>\n<meta property=\"og:type\" content=\"article\" \/>\n<meta property=\"og:title\" content=\"Brighton &amp; Hove Albion - Everton 1:0 - Official Czech &amp; Slovak Everton Supporters&#039; Club\" \/>\n<meta property=\"og:description\" content=\"Nojono, bez Sigurdssona v z\u00e1kladn\u00ed sestav\u011b nen\u00ed kreativita. A s jej\u00ed absenc\u00ed se d\u00e1vaj\u00ed branky \u0161patn\u011b. Everton se ji\u017e nastoupen\u00edm&hellip;\" \/>\n<meta property=\"og:url\" content=\"https:\/\/evertonfc.cz\/index.php\/2018\/12\/30\/brighton-hove-albion-everton-10\/\" \/>\n<meta property=\"og:site_name\" content=\"Official Czech &amp; Slovak Everton Supporters&#039; Club\" \/>\n<meta property=\"article:publisher\" content=\"https:\/\/www.facebook.com\/everton.fans.cz.sk\" \/>\n<meta property=\"article:published_time\" content=\"2018-12-30T17:36:54+00:00\" \/>\n<meta property=\"article:modified_time\" content=\"2022-05-11T05:53:38+00:00\" \/>\n<meta property=\"og:image\" content=\"https:\/\/evertonfc.cz\/wp-content\/uploads\/2019\/01\/brighton_30_12_2018.jpg\" \/>\n\t<meta property=\"og:image:width\" content=\"720\" \/>\n\t<meta property=\"og:image:height\" content=\"405\" \/>\n\t<meta property=\"og:image:type\" content=\"image\/jpeg\" \/>\n<meta name=\"author\" content=\"Javor\" \/>\n<meta name=\"twitter:card\" content=\"summary_large_image\" \/>\n<meta name=\"twitter:creator\" content=\"@LoudinJan\" \/>\n<meta name=\"twitter:label1\" content=\"Napsal(a)\" \/>\n\t<meta name=\"twitter:data1\" content=\"Javor\" \/>\n\t<meta name=\"twitter:label2\" content=\"Odhadovan\u00e1 doba \u010dten\u00ed\" \/>\n\t<meta name=\"twitter:data2\" content=\"2 minuty\" \/>\n<script type=\"application\/ld+json\" class=\"yoast-schema-graph\">{\"@context\":\"https:\/\/schema.org\",\"@graph\":[{\"@type\":\"Article\",\"@id\":\"https:\/\/evertonfc.cz\/index.php\/2018\/12\/30\/brighton-hove-albion-everton-10\/#article\",\"isPartOf\":{\"@id\":\"https:\/\/evertonfc.cz\/index.php\/2018\/12\/30\/brighton-hove-albion-everton-10\/\"},\"author\":{\"name\":\"Javor\",\"@id\":\"https:\/\/evertonfc.cz\/#\/schema\/person\/b30daf6a5852f4811f8207a17ec1bf78\"},\"headline\":\"Brighton &#038; Hove Albion &#8211; Everton 1:0\",\"datePublished\":\"2018-12-30T17:36:54+00:00\",\"dateModified\":\"2022-05-11T05:53:38+00:00\",\"mainEntityOfPage\":{\"@id\":\"https:\/\/evertonfc.cz\/index.php\/2018\/12\/30\/brighton-hove-albion-everton-10\/\"},\"wordCount\":432,\"commentCount\":0,\"publisher\":{\"@id\":\"https:\/\/evertonfc.cz\/#organization\"},\"image\":{\"@id\":\"https:\/\/evertonfc.cz\/index.php\/2018\/12\/30\/brighton-hove-albion-everton-10\/#primaryimage\"},\"thumbnailUrl\":\"https:\/\/evertonfc.cz\/wp-content\/uploads\/2019\/01\/brighton_30_12_2018.jpg\",\"articleSection\":[\"Z\u00e1pasy\"],\"inLanguage\":\"cs\",\"potentialAction\":[{\"@type\":\"CommentAction\",\"name\":\"Comment\",\"target\":[\"https:\/\/evertonfc.cz\/index.php\/2018\/12\/30\/brighton-hove-albion-everton-10\/#respond\"]}]},{\"@type\":\"WebPage\",\"@id\":\"https:\/\/evertonfc.cz\/index.php\/2018\/12\/30\/brighton-hove-albion-everton-10\/\",\"url\":\"https:\/\/evertonfc.cz\/index.php\/2018\/12\/30\/brighton-hove-albion-everton-10\/\",\"name\":\"Brighton & Hove Albion - Everton 1:0 - Official Czech &amp; Slovak Everton Supporters&#039; Club\",\"isPartOf\":{\"@id\":\"https:\/\/evertonfc.cz\/#website\"},\"primaryImageOfPage\":{\"@id\":\"https:\/\/evertonfc.cz\/index.php\/2018\/12\/30\/brighton-hove-albion-everton-10\/#primaryimage\"},\"image\":{\"@id\":\"https:\/\/evertonfc.cz\/index.php\/2018\/12\/30\/brighton-hove-albion-everton-10\/#primaryimage\"},\"thumbnailUrl\":\"https:\/\/evertonfc.cz\/wp-content\/uploads\/2019\/01\/brighton_30_12_2018.jpg\",\"datePublished\":\"2018-12-30T17:36:54+00:00\",\"dateModified\":\"2022-05-11T05:53:38+00:00\",\"breadcrumb\":{\"@id\":\"https:\/\/evertonfc.cz\/index.php\/2018\/12\/30\/brighton-hove-albion-everton-10\/#breadcrumb\"},\"inLanguage\":\"cs\",\"potentialAction\":[{\"@type\":\"ReadAction\",\"target\":[\"https:\/\/evertonfc.cz\/index.php\/2018\/12\/30\/brighton-hove-albion-everton-10\/\"]}]},{\"@type\":\"ImageObject\",\"inLanguage\":\"cs\",\"@id\":\"https:\/\/evertonfc.cz\/index.php\/2018\/12\/30\/brighton-hove-albion-everton-10\/#primaryimage\",\"url\":\"https:\/\/evertonfc.cz\/wp-content\/uploads\/2019\/01\/brighton_30_12_2018.jpg\",\"contentUrl\":\"https:\/\/evertonfc.cz\/wp-content\/uploads\/2019\/01\/brighton_30_12_2018.jpg\",\"width\":720,\"height\":405},{\"@type\":\"BreadcrumbList\",\"@id\":\"https:\/\/evertonfc.cz\/index.php\/2018\/12\/30\/brighton-hove-albion-everton-10\/#breadcrumb\",\"itemListElement\":[{\"@type\":\"ListItem\",\"position\":1,\"name\":\"Home\",\"item\":\"https:\/\/evertonfc.cz\/\"},{\"@type\":\"ListItem\",\"position\":2,\"name\":\"Brighton &#038; Hove Albion &#8211; Everton 1:0\"}]},{\"@type\":\"WebSite\",\"@id\":\"https:\/\/evertonfc.cz\/#website\",\"url\":\"https:\/\/evertonfc.cz\/\",\"name\":\"Official Czech &amp; Slovak Everton Supporters&#039; Club\",\"description\":\"\",\"publisher\":{\"@id\":\"https:\/\/evertonfc.cz\/#organization\"},\"potentialAction\":[{\"@type\":\"SearchAction\",\"target\":{\"@type\":\"EntryPoint\",\"urlTemplate\":\"https:\/\/evertonfc.cz\/?s={search_term_string}\"},\"query-input\":{\"@type\":\"PropertyValueSpecification\",\"valueRequired\":true,\"valueName\":\"search_term_string\"}}],\"inLanguage\":\"cs\"},{\"@type\":\"Organization\",\"@id\":\"https:\/\/evertonfc.cz\/#organization\",\"name\":\"Official Czech & Slovak Everton Supporters' Club\",\"url\":\"https:\/\/evertonfc.cz\/\",\"logo\":{\"@type\":\"ImageObject\",\"inLanguage\":\"cs\",\"@id\":\"https:\/\/evertonfc.cz\/#\/schema\/logo\/image\/\",\"url\":\"https:\/\/evertonfc.cz\/wp-content\/uploads\/2019\/05\/logo.png\",\"contentUrl\":\"https:\/\/evertonfc.cz\/wp-content\/uploads\/2019\/05\/logo.png\",\"width\":112,\"height\":112,\"caption\":\"Official Czech & Slovak Everton Supporters' Club\"},\"image\":{\"@id\":\"https:\/\/evertonfc.cz\/#\/schema\/logo\/image\/\"},\"sameAs\":[\"https:\/\/www.facebook.com\/everton.fans.cz.sk\"]},{\"@type\":\"Person\",\"@id\":\"https:\/\/evertonfc.cz\/#\/schema\/person\/b30daf6a5852f4811f8207a17ec1bf78\",\"name\":\"Javor\",\"sameAs\":[\"https:\/\/x.com\/LoudinJan\"],\"url\":\"https:\/\/evertonfc.cz\/index.php\/author\/javor\/\"}]}<\/script>\n<!-- \/ Yoast SEO plugin. -->","yoast_head_json":{"title":"Brighton & Hove Albion - Everton 1:0 - Official Czech &amp; Slovak Everton Supporters&#039; Club","robots":{"index":"index","follow":"follow","max-snippet":"max-snippet:-1","max-image-preview":"max-image-preview:large","max-video-preview":"max-video-preview:-1"},"canonical":"https:\/\/evertonfc.cz\/index.php\/2018\/12\/30\/brighton-hove-albion-everton-10\/","og_locale":"cs_CZ","og_type":"article","og_title":"Brighton & Hove Albion - Everton 1:0 - Official Czech &amp; Slovak Everton Supporters&#039; Club","og_description":"Nojono, bez Sigurdssona v z\u00e1kladn\u00ed sestav\u011b nen\u00ed kreativita. A s jej\u00ed absenc\u00ed se d\u00e1vaj\u00ed branky \u0161patn\u011b. Everton se ji\u017e nastoupen\u00edm&hellip;","og_url":"https:\/\/evertonfc.cz\/index.php\/2018\/12\/30\/brighton-hove-albion-everton-10\/","og_site_name":"Official Czech &amp; Slovak Everton Supporters&#039; Club","article_publisher":"https:\/\/www.facebook.com\/everton.fans.cz.sk","article_published_time":"2018-12-30T17:36:54+00:00","article_modified_time":"2022-05-11T05:53:38+00:00","og_image":[{"width":720,"height":405,"url":"https:\/\/evertonfc.cz\/wp-content\/uploads\/2019\/01\/brighton_30_12_2018.jpg","type":"image\/jpeg"}],"author":"Javor","twitter_card":"summary_large_image","twitter_creator":"@LoudinJan","twitter_misc":{"Napsal(a)":"Javor","Odhadovan\u00e1 doba \u010dten\u00ed":"2 minuty"},"schema":{"@context":"https:\/\/schema.org","@graph":[{"@type":"Article","@id":"https:\/\/evertonfc.cz\/index.php\/2018\/12\/30\/brighton-hove-albion-everton-10\/#article","isPartOf":{"@id":"https:\/\/evertonfc.cz\/index.php\/2018\/12\/30\/brighton-hove-albion-everton-10\/"},"author":{"name":"Javor","@id":"https:\/\/evertonfc.cz\/#\/schema\/person\/b30daf6a5852f4811f8207a17ec1bf78"},"headline":"Brighton &#038; Hove Albion &#8211; Everton 1:0","datePublished":"2018-12-30T17:36:54+00:00","dateModified":"2022-05-11T05:53:38+00:00","mainEntityOfPage":{"@id":"https:\/\/evertonfc.cz\/index.php\/2018\/12\/30\/brighton-hove-albion-everton-10\/"},"wordCount":432,"commentCount":0,"publisher":{"@id":"https:\/\/evertonfc.cz\/#organization"},"image":{"@id":"https:\/\/evertonfc.cz\/index.php\/2018\/12\/30\/brighton-hove-albion-everton-10\/#primaryimage"},"thumbnailUrl":"https:\/\/evertonfc.cz\/wp-content\/uploads\/2019\/01\/brighton_30_12_2018.jpg","articleSection":["Z\u00e1pasy"],"inLanguage":"cs","potentialAction":[{"@type":"CommentAction","name":"Comment","target":["https:\/\/evertonfc.cz\/index.php\/2018\/12\/30\/brighton-hove-albion-everton-10\/#respond"]}]},{"@type":"WebPage","@id":"https:\/\/evertonfc.cz\/index.php\/2018\/12\/30\/brighton-hove-albion-everton-10\/","url":"https:\/\/evertonfc.cz\/index.php\/2018\/12\/30\/brighton-hove-albion-everton-10\/","name":"Brighton & Hove Albion - Everton 1:0 - Official Czech &amp; Slovak Everton Supporters&#039; Club","isPartOf":{"@id":"https:\/\/evertonfc.cz\/#website"},"primaryImageOfPage":{"@id":"https:\/\/evertonfc.cz\/index.php\/2018\/12\/30\/brighton-hove-albion-everton-10\/#primaryimage"},"image":{"@id":"https:\/\/evertonfc.cz\/index.php\/2018\/12\/30\/brighton-hove-albion-everton-10\/#primaryimage"},"thumbnailUrl":"https:\/\/evertonfc.cz\/wp-content\/uploads\/2019\/01\/brighton_30_12_2018.jpg","datePublished":"2018-12-30T17:36:54+00:00","dateModified":"2022-05-11T05:53:38+00:00","breadcrumb":{"@id":"https:\/\/evertonfc.cz\/index.php\/2018\/12\/30\/brighton-hove-albion-everton-10\/#breadcrumb"},"inLanguage":"cs","potentialAction":[{"@type":"ReadAction","target":["https:\/\/evertonfc.cz\/index.php\/2018\/12\/30\/brighton-hove-albion-everton-10\/"]}]},{"@type":"ImageObject","inLanguage":"cs","@id":"https:\/\/evertonfc.cz\/index.php\/2018\/12\/30\/brighton-hove-albion-everton-10\/#primaryimage","url":"https:\/\/evertonfc.cz\/wp-content\/uploads\/2019\/01\/brighton_30_12_2018.jpg","contentUrl":"https:\/\/evertonfc.cz\/wp-content\/uploads\/2019\/01\/brighton_30_12_2018.jpg","width":720,"height":405},{"@type":"BreadcrumbList","@id":"https:\/\/evertonfc.cz\/index.php\/2018\/12\/30\/brighton-hove-albion-everton-10\/#breadcrumb","itemListElement":[{"@type":"ListItem","position":1,"name":"Home","item":"https:\/\/evertonfc.cz\/"},{"@type":"ListItem","position":2,"name":"Brighton &#038; Hove Albion &#8211; Everton 1:0"}]},{"@type":"WebSite","@id":"https:\/\/evertonfc.cz\/#website","url":"https:\/\/evertonfc.cz\/","name":"Official Czech &amp; Slovak Everton Supporters&#039; Club","description":"","publisher":{"@id":"https:\/\/evertonfc.cz\/#organization"},"potentialAction":[{"@type":"SearchAction","target":{"@type":"EntryPoint","urlTemplate":"https:\/\/evertonfc.cz\/?s={search_term_string}"},"query-input":{"@type":"PropertyValueSpecification","valueRequired":true,"valueName":"search_term_string"}}],"inLanguage":"cs"},{"@type":"Organization","@id":"https:\/\/evertonfc.cz\/#organization","name":"Official Czech & Slovak Everton Supporters' Club","url":"https:\/\/evertonfc.cz\/","logo":{"@type":"ImageObject","inLanguage":"cs","@id":"https:\/\/evertonfc.cz\/#\/schema\/logo\/image\/","url":"https:\/\/evertonfc.cz\/wp-content\/uploads\/2019\/05\/logo.png","contentUrl":"https:\/\/evertonfc.cz\/wp-content\/uploads\/2019\/05\/logo.png","width":112,"height":112,"caption":"Official Czech & Slovak Everton Supporters' Club"},"image":{"@id":"https:\/\/evertonfc.cz\/#\/schema\/logo\/image\/"},"sameAs":["https:\/\/www.facebook.com\/everton.fans.cz.sk"]},{"@type":"Person","@id":"https:\/\/evertonfc.cz\/#\/schema\/person\/b30daf6a5852f4811f8207a17ec1bf78","name":"Javor","sameAs":["https:\/\/x.com\/LoudinJan"],"url":"https:\/\/evertonfc.cz\/index.php\/author\/javor\/"}]}},"_links":{"self":[{"href":"https:\/\/evertonfc.cz\/index.php\/wp-json\/wp\/v2\/posts\/1512"}],"collection":[{"href":"https:\/\/evertonfc.cz\/index.php\/wp-json\/wp\/v2\/posts"}],"about":[{"href":"https:\/\/evertonfc.cz\/index.php\/wp-json\/wp\/v2\/types\/post"}],"author":[{"embeddable":true,"href":"https:\/\/evertonfc.cz\/index.php\/wp-json\/wp\/v2\/users\/12"}],"replies":[{"embeddable":true,"href":"https:\/\/evertonfc.cz\/index.php\/wp-json\/wp\/v2\/comments?post=1512"}],"version-history":[{"count":3,"href":"https:\/\/evertonfc.cz\/index.php\/wp-json\/wp\/v2\/posts\/1512\/revisions"}],"predecessor-version":[{"id":18620,"href":"https:\/\/evertonfc.cz\/index.php\/wp-json\/wp\/v2\/posts\/1512\/revisions\/18620"}],"wp:featuredmedia":[{"embeddable":true,"href":"https:\/\/evertonfc.cz\/index.php\/wp-json\/wp\/v2\/media\/1499"}],"wp:attachment":[{"href":"https:\/\/evertonfc.cz\/index.php\/wp-json\/wp\/v2\/media?parent=1512"}],"wp:term":[{"taxonomy":"category","embeddable":true,"href":"https:\/\/evertonfc.cz\/index.php\/wp-json\/wp\/v2\/categories?post=1512"},{"taxonomy":"post_tag","embeddable":true,"href":"https:\/\/evertonfc.cz\/index.php\/wp-json\/wp\/v2\/tags?post=1512"}],"curies":[{"name":"wp","href":"https:\/\/api.w.org\/{rel}","templated":true}]}}