{"id":15120,"date":"2021-04-25T19:35:10","date_gmt":"2021-04-25T17:35:10","guid":{"rendered":"https:\/\/evertonfc.cz\/?p=15120"},"modified":"2021-04-26T21:04:12","modified_gmt":"2021-04-26T19:04:12","slug":"west-ham-w-everton-w-00","status":"publish","type":"post","link":"https:\/\/evertonfc.cz\/index.php\/2021\/04\/25\/west-ham-w-everton-w-00\/","title":{"rendered":"West Ham W &#8211; Everton W 0:0"},"content":{"rendered":"<h4>V z\u00e1pase, na kter\u00fd je l\u00e9pe zapomenout v\u011bnoval Everton lond\u00fdnsk\u00fdm d\u00e1m\u00e1m bod. A s\u00e1m si odvezl tak\u00e9 jeden.<\/h4>\n<p>Na h\u0159i\u0161t\u011b lond\u00fdnsk\u00e9ho t\u00fdmu st\u00e1le se je\u0161t\u011b nebezpe\u010dn\u011b nach\u00e1zej\u00edc\u00edho na hran\u011b sestupu p\u0159ijel p\u00e1t\u00fd Everton. V pr\u016fb\u011bhu z\u00e1pasu ale bylo jen velmi obt\u00ed\u017en\u00e9 poznat, na jak\u00e9m m\u00edst\u011b tabulky se kdo nach\u00e1z\u00ed. Ba sp\u00ed\u0161e to byly bord\u00f3modr\u00e9, kdo\u00a0 m\u011bl k tou\u017eebn\u011b vyhl\u00ed\u017een\u00fdm t\u0159em bod\u016fm bl\u00ed\u017e. Farad Moshiri, kter\u00fd z\u00e1pasu p\u0159ihl\u00ed\u017eel p\u0159\u00edmo na stadionu si mohl v t\u00e9to sez\u00f3n\u011b vybrat ke sledov\u00e1n\u00ed rozhodn\u011b lep\u0161\u00ed ma\u010de.<\/p>\n<h4>Prvn\u00ed polo\u010das<\/h4>\n<p>u\u017e od sv\u00e9ho za\u010d\u00e1tku napov\u011bd\u011bl, \u017ee dom\u00e1c\u00ed body nejen nal\u00e9hav\u011b pot\u0159ebuj\u00ed, ale tak\u00e9 je opravdu cht\u011bj\u00ed z\u00edskat. Hned ze za\u010d\u00e1tku z\u00e1pasu byla jejich snaha p\u0159etavena ve t\u0159i rohy, ze kter\u00fdch na\u0161t\u011bst\u00ed g\u00f3l nepadl. Jill Scott byla prvn\u00ed hr\u00e1\u010dkou v jantarov\u00e9m dresu, kter\u00e1 vyp\u00e1lila sm\u011brem na dom\u00e1c\u00ed br\u00e1nu, ale bohu\u017eel vysoko p\u0159est\u0159elila. Ani dal\u0161\u00ed sporadick\u00e9 kombinace Evertonu neohrozily ani v nejmen\u0161\u00edm branku dom\u00e1c\u00edch. Kdy\u017e u\u017e to vypadalo, \u017ee karamely z\u00edskaly jistotu a karta by se mohla obr\u00e1tit, zahr\u00e1la Christiansen velmi ledabyle malou dom\u016f. T\u00e9 se bez v\u011bt\u0161\u00edch probl\u00e9m\u016f zmocnila Martha Thomas, prokli\u010dkovala na\u0161\u00ed obranou a vyp\u00e1lila na\u0161t\u011bst\u00ed mimo.\u00a0 V nejv\u011bt\u0161\u00ed na\u0161\u00ed \u0161anci prvn\u00edho polo\u010dasu se ocitla S\u00f8rensen. Ale jej\u00ed st\u0159elu vyrazila Brosnan robinzon\u00e1dou mimo branku.<\/p>\n<h4><strong>Druh\u00fd polo\u010das\u00a0\u00a0<\/strong><\/h4>\n<p>se a\u017e nep\u0159\u00edjemn\u011b podobal polo\u010dasu prvn\u00edmu. V 50. minut\u011b se po spolupr\u00e1ci s Thomas dostala ke st\u0159ele zbl\u00edzka Dali, ale m\u00ed\u0159ila nad. Stejn\u00e1 hr\u00e1\u010dka o sob\u011b dala v\u011bd\u011bt i o n\u011bkolik minut pozd\u011bji, kdy\u017e dlouhou p\u0159ihr\u00e1vkou posadila m\u00ed\u010d na hlavu Thoma, kter\u00e1 v\u0161ak ze slibn\u00e9 pozice hlavi\u010dkovala na\u0161t\u011bst\u00ed jen do b\u0159evna. Everton se v t\u00e9to f\u00e1zi hry na mnoho nezmohl. Slibn\u00fd p\u0159\u00edm\u00fd kop Christiansen byl zneutralizov\u00e1n a ani jejich n\u011bkolik pohledn\u00fdch kombinac\u00ed s Emslie k ni\u010demu nevedlo. V 75. minut\u011b si S\u00f8rensen jeslemi vychutnala Cissoko a jej\u00ed tvrdou st\u0159elu vyrazila Brosnan na roh. Ani z toho ov\u0161em Everton g\u00f3l nevyt\u011b\u017eil. Na druh\u00e9 stran\u011b sp\u00e1lila posledn\u00ed \u0161anci z\u00e1pasu Redisch, a tak se ob\u011b strany roze\u0161ly s absolutn\u011b \u010dist\u00fdm kontem.<\/p>\n<h4>Shrnut\u00ed<\/h4>\n<p>T\u011b\u017eko \u0159\u00edci, zda za dne\u0161n\u00edm v\u00fdkonem je mal\u00e1 motivace p\u0159i nyn\u00ed ji\u017e jist\u00e9m p\u00e1t\u00e9m m\u00edstu nebo prost\u011b jen \u00fanava. V dr\u017een\u00ed m\u00ed\u010de jsme sice dominovali, ale byl to West Ham, kdo m\u011bl dnes k v\u00edt\u011bzstv\u00ed bl\u00ed\u017e. Ne\u0161lo p\u0159itom ani tak o p\u0159edstaven\u00ed pevn\u00fdch obran, jako sp\u00ed\u0161e o p\u0159ehl\u00eddku zahozen\u00fdch \u0161anc\u00ed. V p\u0159\u00ed\u0161t\u00edm kole n\u00e1s \u010dek\u00e1 nabu\u0161en\u00fd Arsenal. Bylo by pr\u00edma, kdyby se n\u00e1m poda\u0159ilo ot\u0159epat se z letargie a na z\u00e1v\u011br sez\u00f3ny si dop\u0159\u00e1t skalp soupe\u0159e, kter\u00fd je ji\u017e l\u00e9ta nad na\u0161e s\u00edly. Come on, you blue girls!<\/p>\n<p style=\"text-align: right;\"><span style=\"font-size: 8pt;\"><em>Fotografie: Sevecke\u00a0 a Finnigan v boji s Marthou Thomas\u00a0 (zdroj: bbc.com)<\/em><\/span><\/p>\n<p><strong>\u017dK:<\/strong> Sevecke<\/p>\n<p><strong>West Ham United:<\/strong> Brosnan &#8211; Redisch, Pacheco, Flaherty, Thomas,\u00a0 Longhurst &#8211; Dali, Fisk, Cissoko, Van Egmond, Byrnjarsdottir<br \/>\n<strong>Everton:<\/strong> MacIver &#8211; Moe Wold, Finnigan, Sevecke, Pattinson- Christiansen, Stringer (78. Raso), Scott- Emslie, S\u00f8rensen &#8211; Gauvin (70. Magill)<br \/>\n<b>Rozhod\u010d\u00ed:<\/b> Helen Conley<\/p>\n","protected":false},"excerpt":{"rendered":"<p>V z\u00e1pase, na kter\u00fd je l\u00e9pe zapomenout v\u011bnoval Everton lond\u00fdnsk\u00fdm d\u00e1m\u00e1m bod. A s\u00e1m si odvezl tak\u00e9 jeden.\u00a0<\/p>\n","protected":false},"author":26,"featured_media":15122,"comment_status":"open","ping_status":"closed","sticky":false,"template":"","format":"standard","meta":{"_eb_attr":"","_monsterinsights_skip_tracking":false,"_monsterinsights_sitenote_active":false,"_monsterinsights_sitenote_note":"","_monsterinsights_sitenote_category":0,"footnotes":""},"categories":[110],"tags":[],"yoast_head":"<!-- This site is optimized with the Yoast SEO plugin v23.4 - https:\/\/yoast.com\/wordpress\/plugins\/seo\/ -->\n<title>West Ham W - Everton W 0:0 - Official Czech &amp; Slovak Everton Supporters&#039; Club<\/title>\n<meta name=\"robots\" content=\"index, follow, max-snippet:-1, max-image-preview:large, max-video-preview:-1\" \/>\n<link rel=\"canonical\" href=\"https:\/\/evertonfc.cz\/index.php\/2021\/04\/25\/west-ham-w-everton-w-00\/\" \/>\n<meta property=\"og:locale\" content=\"cs_CZ\" \/>\n<meta property=\"og:type\" content=\"article\" \/>\n<meta property=\"og:title\" content=\"West Ham W - Everton W 0:0 - Official Czech &amp; Slovak Everton Supporters&#039; Club\" \/>\n<meta property=\"og:description\" content=\"V z\u00e1pase, na kter\u00fd je l\u00e9pe zapomenout v\u011bnoval Everton lond\u00fdnsk\u00fdm d\u00e1m\u00e1m bod. A s\u00e1m si odvezl tak\u00e9 jeden.\u00a0\" \/>\n<meta property=\"og:url\" content=\"https:\/\/evertonfc.cz\/index.php\/2021\/04\/25\/west-ham-w-everton-w-00\/\" \/>\n<meta property=\"og:site_name\" content=\"Official Czech &amp; Slovak Everton Supporters&#039; Club\" \/>\n<meta property=\"article:publisher\" content=\"https:\/\/www.facebook.com\/everton.fans.cz.sk\" \/>\n<meta property=\"article:published_time\" content=\"2021-04-25T17:35:10+00:00\" \/>\n<meta property=\"article:modified_time\" content=\"2021-04-26T19:04:12+00:00\" \/>\n<meta property=\"og:image\" content=\"https:\/\/evertonfc.cz\/wp-content\/uploads\/2021\/04\/Sevecke-a-Finnigan-vs-West-Ham-25_4_2021_web.jpg\" \/>\n\t<meta property=\"og:image:width\" content=\"720\" \/>\n\t<meta property=\"og:image:height\" content=\"405\" \/>\n\t<meta property=\"og:image:type\" content=\"image\/jpeg\" \/>\n<meta name=\"author\" content=\"Karamela\" \/>\n<meta name=\"twitter:card\" content=\"summary_large_image\" \/>\n<meta name=\"twitter:label1\" content=\"Napsal(a)\" \/>\n\t<meta name=\"twitter:data1\" content=\"Karamela\" \/>\n\t<meta name=\"twitter:label2\" content=\"Odhadovan\u00e1 doba \u010dten\u00ed\" \/>\n\t<meta name=\"twitter:data2\" content=\"2 minuty\" \/>\n<script type=\"application\/ld+json\" class=\"yoast-schema-graph\">{\"@context\":\"https:\/\/schema.org\",\"@graph\":[{\"@type\":\"Article\",\"@id\":\"https:\/\/evertonfc.cz\/index.php\/2021\/04\/25\/west-ham-w-everton-w-00\/#article\",\"isPartOf\":{\"@id\":\"https:\/\/evertonfc.cz\/index.php\/2021\/04\/25\/west-ham-w-everton-w-00\/\"},\"author\":{\"name\":\"Karamela\",\"@id\":\"https:\/\/evertonfc.cz\/#\/schema\/person\/e9a24a80a32efa1344dd2c4e5882185c\"},\"headline\":\"West Ham W &#8211; Everton W 0:0\",\"datePublished\":\"2021-04-25T17:35:10+00:00\",\"dateModified\":\"2021-04-26T19:04:12+00:00\",\"mainEntityOfPage\":{\"@id\":\"https:\/\/evertonfc.cz\/index.php\/2021\/04\/25\/west-ham-w-everton-w-00\/\"},\"wordCount\":626,\"commentCount\":0,\"publisher\":{\"@id\":\"https:\/\/evertonfc.cz\/#organization\"},\"image\":{\"@id\":\"https:\/\/evertonfc.cz\/index.php\/2021\/04\/25\/west-ham-w-everton-w-00\/#primaryimage\"},\"thumbnailUrl\":\"https:\/\/evertonfc.cz\/wp-content\/uploads\/2021\/04\/Sevecke-a-Finnigan-vs-West-Ham-25_4_2021_web.jpg\",\"articleSection\":[\"Everton Women\"],\"inLanguage\":\"cs\",\"potentialAction\":[{\"@type\":\"CommentAction\",\"name\":\"Comment\",\"target\":[\"https:\/\/evertonfc.cz\/index.php\/2021\/04\/25\/west-ham-w-everton-w-00\/#respond\"]}]},{\"@type\":\"WebPage\",\"@id\":\"https:\/\/evertonfc.cz\/index.php\/2021\/04\/25\/west-ham-w-everton-w-00\/\",\"url\":\"https:\/\/evertonfc.cz\/index.php\/2021\/04\/25\/west-ham-w-everton-w-00\/\",\"name\":\"West Ham W - Everton W 0:0 - Official Czech &amp; Slovak Everton Supporters&#039; Club\",\"isPartOf\":{\"@id\":\"https:\/\/evertonfc.cz\/#website\"},\"primaryImageOfPage\":{\"@id\":\"https:\/\/evertonfc.cz\/index.php\/2021\/04\/25\/west-ham-w-everton-w-00\/#primaryimage\"},\"image\":{\"@id\":\"https:\/\/evertonfc.cz\/index.php\/2021\/04\/25\/west-ham-w-everton-w-00\/#primaryimage\"},\"thumbnailUrl\":\"https:\/\/evertonfc.cz\/wp-content\/uploads\/2021\/04\/Sevecke-a-Finnigan-vs-West-Ham-25_4_2021_web.jpg\",\"datePublished\":\"2021-04-25T17:35:10+00:00\",\"dateModified\":\"2021-04-26T19:04:12+00:00\",\"breadcrumb\":{\"@id\":\"https:\/\/evertonfc.cz\/index.php\/2021\/04\/25\/west-ham-w-everton-w-00\/#breadcrumb\"},\"inLanguage\":\"cs\",\"potentialAction\":[{\"@type\":\"ReadAction\",\"target\":[\"https:\/\/evertonfc.cz\/index.php\/2021\/04\/25\/west-ham-w-everton-w-00\/\"]}]},{\"@type\":\"ImageObject\",\"inLanguage\":\"cs\",\"@id\":\"https:\/\/evertonfc.cz\/index.php\/2021\/04\/25\/west-ham-w-everton-w-00\/#primaryimage\",\"url\":\"https:\/\/evertonfc.cz\/wp-content\/uploads\/2021\/04\/Sevecke-a-Finnigan-vs-West-Ham-25_4_2021_web.jpg\",\"contentUrl\":\"https:\/\/evertonfc.cz\/wp-content\/uploads\/2021\/04\/Sevecke-a-Finnigan-vs-West-Ham-25_4_2021_web.jpg\",\"width\":720,\"height\":405},{\"@type\":\"BreadcrumbList\",\"@id\":\"https:\/\/evertonfc.cz\/index.php\/2021\/04\/25\/west-ham-w-everton-w-00\/#breadcrumb\",\"itemListElement\":[{\"@type\":\"ListItem\",\"position\":1,\"name\":\"Home\",\"item\":\"https:\/\/evertonfc.cz\/\"},{\"@type\":\"ListItem\",\"position\":2,\"name\":\"West Ham W &#8211; Everton W 0:0\"}]},{\"@type\":\"WebSite\",\"@id\":\"https:\/\/evertonfc.cz\/#website\",\"url\":\"https:\/\/evertonfc.cz\/\",\"name\":\"Official Czech &amp; Slovak Everton Supporters&#039; Club\",\"description\":\"\",\"publisher\":{\"@id\":\"https:\/\/evertonfc.cz\/#organization\"},\"potentialAction\":[{\"@type\":\"SearchAction\",\"target\":{\"@type\":\"EntryPoint\",\"urlTemplate\":\"https:\/\/evertonfc.cz\/?s={search_term_string}\"},\"query-input\":{\"@type\":\"PropertyValueSpecification\",\"valueRequired\":true,\"valueName\":\"search_term_string\"}}],\"inLanguage\":\"cs\"},{\"@type\":\"Organization\",\"@id\":\"https:\/\/evertonfc.cz\/#organization\",\"name\":\"Official Czech & Slovak Everton Supporters' Club\",\"url\":\"https:\/\/evertonfc.cz\/\",\"logo\":{\"@type\":\"ImageObject\",\"inLanguage\":\"cs\",\"@id\":\"https:\/\/evertonfc.cz\/#\/schema\/logo\/image\/\",\"url\":\"https:\/\/evertonfc.cz\/wp-content\/uploads\/2019\/05\/logo.png\",\"contentUrl\":\"https:\/\/evertonfc.cz\/wp-content\/uploads\/2019\/05\/logo.png\",\"width\":112,\"height\":112,\"caption\":\"Official Czech & Slovak Everton Supporters' Club\"},\"image\":{\"@id\":\"https:\/\/evertonfc.cz\/#\/schema\/logo\/image\/\"},\"sameAs\":[\"https:\/\/www.facebook.com\/everton.fans.cz.sk\"]},{\"@type\":\"Person\",\"@id\":\"https:\/\/evertonfc.cz\/#\/schema\/person\/e9a24a80a32efa1344dd2c4e5882185c\",\"name\":\"Karamela\",\"url\":\"https:\/\/evertonfc.cz\/index.php\/author\/karamela\/\"}]}<\/script>\n<!-- \/ Yoast SEO plugin. -->","yoast_head_json":{"title":"West Ham W - Everton W 0:0 - Official Czech &amp; Slovak Everton Supporters&#039; Club","robots":{"index":"index","follow":"follow","max-snippet":"max-snippet:-1","max-image-preview":"max-image-preview:large","max-video-preview":"max-video-preview:-1"},"canonical":"https:\/\/evertonfc.cz\/index.php\/2021\/04\/25\/west-ham-w-everton-w-00\/","og_locale":"cs_CZ","og_type":"article","og_title":"West Ham W - Everton W 0:0 - Official Czech &amp; Slovak Everton Supporters&#039; Club","og_description":"V z\u00e1pase, na kter\u00fd je l\u00e9pe zapomenout v\u011bnoval Everton lond\u00fdnsk\u00fdm d\u00e1m\u00e1m bod. A s\u00e1m si odvezl tak\u00e9 jeden.\u00a0","og_url":"https:\/\/evertonfc.cz\/index.php\/2021\/04\/25\/west-ham-w-everton-w-00\/","og_site_name":"Official Czech &amp; Slovak Everton Supporters&#039; Club","article_publisher":"https:\/\/www.facebook.com\/everton.fans.cz.sk","article_published_time":"2021-04-25T17:35:10+00:00","article_modified_time":"2021-04-26T19:04:12+00:00","og_image":[{"width":720,"height":405,"url":"https:\/\/evertonfc.cz\/wp-content\/uploads\/2021\/04\/Sevecke-a-Finnigan-vs-West-Ham-25_4_2021_web.jpg","type":"image\/jpeg"}],"author":"Karamela","twitter_card":"summary_large_image","twitter_misc":{"Napsal(a)":"Karamela","Odhadovan\u00e1 doba \u010dten\u00ed":"2 minuty"},"schema":{"@context":"https:\/\/schema.org","@graph":[{"@type":"Article","@id":"https:\/\/evertonfc.cz\/index.php\/2021\/04\/25\/west-ham-w-everton-w-00\/#article","isPartOf":{"@id":"https:\/\/evertonfc.cz\/index.php\/2021\/04\/25\/west-ham-w-everton-w-00\/"},"author":{"name":"Karamela","@id":"https:\/\/evertonfc.cz\/#\/schema\/person\/e9a24a80a32efa1344dd2c4e5882185c"},"headline":"West Ham W &#8211; Everton W 0:0","datePublished":"2021-04-25T17:35:10+00:00","dateModified":"2021-04-26T19:04:12+00:00","mainEntityOfPage":{"@id":"https:\/\/evertonfc.cz\/index.php\/2021\/04\/25\/west-ham-w-everton-w-00\/"},"wordCount":626,"commentCount":0,"publisher":{"@id":"https:\/\/evertonfc.cz\/#organization"},"image":{"@id":"https:\/\/evertonfc.cz\/index.php\/2021\/04\/25\/west-ham-w-everton-w-00\/#primaryimage"},"thumbnailUrl":"https:\/\/evertonfc.cz\/wp-content\/uploads\/2021\/04\/Sevecke-a-Finnigan-vs-West-Ham-25_4_2021_web.jpg","articleSection":["Everton Women"],"inLanguage":"cs","potentialAction":[{"@type":"CommentAction","name":"Comment","target":["https:\/\/evertonfc.cz\/index.php\/2021\/04\/25\/west-ham-w-everton-w-00\/#respond"]}]},{"@type":"WebPage","@id":"https:\/\/evertonfc.cz\/index.php\/2021\/04\/25\/west-ham-w-everton-w-00\/","url":"https:\/\/evertonfc.cz\/index.php\/2021\/04\/25\/west-ham-w-everton-w-00\/","name":"West Ham W - Everton W 0:0 - Official Czech &amp; Slovak Everton Supporters&#039; Club","isPartOf":{"@id":"https:\/\/evertonfc.cz\/#website"},"primaryImageOfPage":{"@id":"https:\/\/evertonfc.cz\/index.php\/2021\/04\/25\/west-ham-w-everton-w-00\/#primaryimage"},"image":{"@id":"https:\/\/evertonfc.cz\/index.php\/2021\/04\/25\/west-ham-w-everton-w-00\/#primaryimage"},"thumbnailUrl":"https:\/\/evertonfc.cz\/wp-content\/uploads\/2021\/04\/Sevecke-a-Finnigan-vs-West-Ham-25_4_2021_web.jpg","datePublished":"2021-04-25T17:35:10+00:00","dateModified":"2021-04-26T19:04:12+00:00","breadcrumb":{"@id":"https:\/\/evertonfc.cz\/index.php\/2021\/04\/25\/west-ham-w-everton-w-00\/#breadcrumb"},"inLanguage":"cs","potentialAction":[{"@type":"ReadAction","target":["https:\/\/evertonfc.cz\/index.php\/2021\/04\/25\/west-ham-w-everton-w-00\/"]}]},{"@type":"ImageObject","inLanguage":"cs","@id":"https:\/\/evertonfc.cz\/index.php\/2021\/04\/25\/west-ham-w-everton-w-00\/#primaryimage","url":"https:\/\/evertonfc.cz\/wp-content\/uploads\/2021\/04\/Sevecke-a-Finnigan-vs-West-Ham-25_4_2021_web.jpg","contentUrl":"https:\/\/evertonfc.cz\/wp-content\/uploads\/2021\/04\/Sevecke-a-Finnigan-vs-West-Ham-25_4_2021_web.jpg","width":720,"height":405},{"@type":"BreadcrumbList","@id":"https:\/\/evertonfc.cz\/index.php\/2021\/04\/25\/west-ham-w-everton-w-00\/#breadcrumb","itemListElement":[{"@type":"ListItem","position":1,"name":"Home","item":"https:\/\/evertonfc.cz\/"},{"@type":"ListItem","position":2,"name":"West Ham W &#8211; Everton W 0:0"}]},{"@type":"WebSite","@id":"https:\/\/evertonfc.cz\/#website","url":"https:\/\/evertonfc.cz\/","name":"Official Czech &amp; Slovak Everton Supporters&#039; Club","description":"","publisher":{"@id":"https:\/\/evertonfc.cz\/#organization"},"potentialAction":[{"@type":"SearchAction","target":{"@type":"EntryPoint","urlTemplate":"https:\/\/evertonfc.cz\/?s={search_term_string}"},"query-input":{"@type":"PropertyValueSpecification","valueRequired":true,"valueName":"search_term_string"}}],"inLanguage":"cs"},{"@type":"Organization","@id":"https:\/\/evertonfc.cz\/#organization","name":"Official Czech & Slovak Everton Supporters' Club","url":"https:\/\/evertonfc.cz\/","logo":{"@type":"ImageObject","inLanguage":"cs","@id":"https:\/\/evertonfc.cz\/#\/schema\/logo\/image\/","url":"https:\/\/evertonfc.cz\/wp-content\/uploads\/2019\/05\/logo.png","contentUrl":"https:\/\/evertonfc.cz\/wp-content\/uploads\/2019\/05\/logo.png","width":112,"height":112,"caption":"Official Czech & Slovak Everton Supporters' Club"},"image":{"@id":"https:\/\/evertonfc.cz\/#\/schema\/logo\/image\/"},"sameAs":["https:\/\/www.facebook.com\/everton.fans.cz.sk"]},{"@type":"Person","@id":"https:\/\/evertonfc.cz\/#\/schema\/person\/e9a24a80a32efa1344dd2c4e5882185c","name":"Karamela","url":"https:\/\/evertonfc.cz\/index.php\/author\/karamela\/"}]}},"_links":{"self":[{"href":"https:\/\/evertonfc.cz\/index.php\/wp-json\/wp\/v2\/posts\/15120"}],"collection":[{"href":"https:\/\/evertonfc.cz\/index.php\/wp-json\/wp\/v2\/posts"}],"about":[{"href":"https:\/\/evertonfc.cz\/index.php\/wp-json\/wp\/v2\/types\/post"}],"author":[{"embeddable":true,"href":"https:\/\/evertonfc.cz\/index.php\/wp-json\/wp\/v2\/users\/26"}],"replies":[{"embeddable":true,"href":"https:\/\/evertonfc.cz\/index.php\/wp-json\/wp\/v2\/comments?post=15120"}],"version-history":[{"count":7,"href":"https:\/\/evertonfc.cz\/index.php\/wp-json\/wp\/v2\/posts\/15120\/revisions"}],"predecessor-version":[{"id":15135,"href":"https:\/\/evertonfc.cz\/index.php\/wp-json\/wp\/v2\/posts\/15120\/revisions\/15135"}],"wp:featuredmedia":[{"embeddable":true,"href":"https:\/\/evertonfc.cz\/index.php\/wp-json\/wp\/v2\/media\/15122"}],"wp:attachment":[{"href":"https:\/\/evertonfc.cz\/index.php\/wp-json\/wp\/v2\/media?parent=15120"}],"wp:term":[{"taxonomy":"category","embeddable":true,"href":"https:\/\/evertonfc.cz\/index.php\/wp-json\/wp\/v2\/categories?post=15120"},{"taxonomy":"post_tag","embeddable":true,"href":"https:\/\/evertonfc.cz\/index.php\/wp-json\/wp\/v2\/tags?post=15120"}],"curies":[{"name":"wp","href":"https:\/\/api.w.org\/{rel}","templated":true}]}}