{"id":15136,"date":"2021-04-27T17:11:47","date_gmt":"2021-04-27T15:11:47","guid":{"rendered":"https:\/\/evertonfc.cz\/?p=15136"},"modified":"2021-04-30T18:16:40","modified_gmt":"2021-04-30T16:16:40","slug":"club-awards-20-21","status":"publish","type":"post","link":"https:\/\/evertonfc.cz\/index.php\/2021\/04\/27\/club-awards-20-21\/","title":{"rendered":"Club Awards 20\/21"},"content":{"rendered":"<h4>Odovzd\u00e1vanie klubov\u00fdch ocenen\u00ed aj po\u010das tejto sez\u00f3ny prebehne vo virtu\u00e1lnom priestore a\u00a0my pri tom nebudeme ch\u00fdba\u0165. Vyberieme najlep\u0161\u00edch a z\u00fa\u010dastn\u00edme sa hlasovania.<\/h4>\n<p>Koncosez\u00f3nne klubov\u00e9 ocenenia sa bl\u00ed\u017eia a fan\u00fa\u0161ikovia tak maj\u00fa op\u00e4\u0165 mo\u017enos\u0165 zvoli\u0165 si, kto sa stane Hr\u00e1\u010dom a Hr\u00e1\u010dkou sez\u00f3ny, Mlad\u00fdm hr\u00e1\u010dom sez\u00f3ny, a tie\u017e, kto vsietil najkraj\u0161\u00ed g\u00f3l v tomto ro\u010dn\u00edku.<\/p>\n<p>Ka\u017ed\u00fd registrovan\u00fd fan\u00fa\u0161ik m\u00e1 mo\u017enos\u0165 vo\u013eby spomedzi v\u0161etk\u00fdch s\u00fa\u010dasn\u00fdch hr\u00e1\u010dov Evertonu, ktor\u00ed sa v sez\u00f3ne 2020\/21 zapojili do 10 a viac z\u00e1pasov v kateg\u00f3rii Mu\u017esk\u00fd hr\u00e1\u010d sez\u00f3ny. T\u00fa minul\u00fd rok z\u00edskal Richarlison.<\/p>\n<p>V kateg\u00f3rii \u017densk\u00e1 hr\u00e1\u010dka sez\u00f3ny si m\u00f4\u017eete vybra\u0165 z u\u017e\u0161ieho v\u00fdberu medzi Sandy MacIver, Megan Finnigan, Izzy Christiansen, Lucy Graham, Nicoline Sorensen, Ingrid Moe Wold a Hayley Raso.<\/p>\n<p>Kateg\u00f3ria Mlad\u00fd hr\u00e1\u010d sez\u00f3ny patr\u00ed ka\u017ed\u00e9mu, kto v\u00a0tomto ro\u010dn\u00edku hral za prv\u00fd t\u00edm a\u00a0pred za\u010diatkom sez\u00f3ny mal 23 alebo menej rokov. N\u00e1jdeme v\u00a0nej men\u00e1 ako Calvert-Lewin, Godfrey, Davies alebo Niels Nkounkou.<\/p>\n<p>Za G\u00f3l sez\u00f3ny si m\u00f4\u017eu Evertonians zvoli\u0165 medzi niektor\u00fdmi v\u00fdstavn\u00fdmi k\u00faskami Calvert-Lewina, Tom Cannona, Lewisa Warringtona, Gylfiho Sigurdssona, Jamesa Rodr\u00edgueza, Richarlisona a Simone Magill. Pre vzhliadnutie tohto u\u017e\u0161ieho v\u00fdberu g\u00f3lov <a href=\"https:\/\/www.evertonfc.com\/news\/2105030\/vote-for-your-mens-player-womens-player-young-player-and-goal-of-the-season\" target=\"_blank\" rel=\"noopener\">nav\u0161t\u00edvte ofici\u00e1lnu webstr\u00e1nku Evertonu<\/a>.<\/p>\n<p>V\u00ed\u0165azi jednotliv\u00fdch kateg\u00f3ri\u00ed bud\u00fa odhalen\u00ed na virtu\u00e1lnom odovzd\u00e1van\u00ed cien na konci prebiehaj\u00facej sez\u00f3ny.<\/p>\n<p>Hlasovanie <a href=\"https:\/\/www.evertonfc.com\/Vote?utm_source=Website&amp;utm_medium=Launch&amp;utm_campaign=EOSvote\" target=\"_blank\" rel=\"noopener\">TU<\/a>.<\/p>\n<h4><strong>Supporters&#8216; Club Awards 20\/21<\/strong><\/h4>\n<p>Zvl\u00e1\u0161\u0165 kateg\u00f3ria a zvl\u00e1\u0161\u0165 online podujatie je tentoraz po prv\u00fdkr\u00e1t vyhraden\u00e9 pre odovzd\u00e1vanie cien za hlasy jednotliv\u00fdch klubov fan\u00fa\u0161ikov\/podporovate\u013eov &#8211; anglicky \u201eSupporters&#8216; Clubs\u201c. T\u00fdch je celosvetovo 120. Uskuto\u010dn\u00ed sa sk\u00f4r ako koncoro\u010dn\u00e9 ceny, a to konkr\u00e9tne <em><strong>v stredu 5. m\u00e1ja o 20:00 stredoeur\u00f3pskeho \u010dasu cez aplik\u00e1ciu Zoom<\/strong><\/em>. Ch\u00fdba\u0165 nebude ani \u0161peci\u00e1lny hos\u0165 a pri zapojen\u00ed sa mo\u017enos\u0165 z\u00edska\u0165 nejak\u00e9 ceny.<\/p>\n<p>Ka\u017ed\u00fd registrovan\u00fd \u010dlen fanklubu bude ma\u0165 pr\u00edle\u017eitos\u0165 sledova\u0165 toto podujatie online a to cez registr\u00e1ciu zaslan\u00fa klubom. Ak ste pozv\u00e1nku e\u0161te na v\u00e1\u0161 mail, uveden\u00fd v adres\u00e1ri fanklubu nedostali, bude v\u00e1m zaslan\u00e1 pre istotu aj od n\u00e1s, z mailovej adresy fanklubu<strong>. <\/strong>Nemus\u00edte n\u00e1m preto kv\u00f4li tomu p\u00edsa\u0165, hromadn\u00e9 odoslanie v\u0161etk\u00fdm 33 registrovan\u00fdm \u010dlenom tejto sez\u00f3ny prebehne e\u0161te dnes.<\/p>\n<p>Ak si chcete zaisti\u0165 svoje miesto na tohtoro\u010dn\u00fdch cen\u00e1ch, <em><strong>zaregistrujte do pondelka 3. m\u00e1ja, do 10:00<\/strong><\/em>. \u010eal\u0161ie prihlasovacie \u00fadaje k\u00a0tejto udalosti bud\u00fa zaslan\u00e9 v utorok 4. m\u00e1ja. V\u00a0pr\u00edpade potreby n\u00e1s kontaktujte.<\/p>\n<h4 style=\"text-align: center;\"><span style=\"text-decoration: underline;\"><span style=\"font-size: 12pt;\">Kateg\u00f3rie:<\/span><\/span><\/h4>\n<ul>\n<li><em>\u017densk\u00e1 hr\u00e1\u010dka sez\u00f3ny<\/em><\/li>\n<li><em>Mu\u017esk\u00fd hr\u00e1\u010d sez\u00f3ny<\/em><\/li>\n<li><em>G\u00f3l sez\u00f3ny<\/em><\/li>\n<li><em>\u010clen fanklubu sez\u00f3ny<\/em> &#8211; ve\u013evyslanec klubu Graham Stuart skontroluje v\u0161etky pr\u00edspevky a vyberie v\u00ed\u0165aza \u010clena fanklubu sez\u00f3ny na rok 2021.<\/li>\n<\/ul>\n<p>Za ka\u017ed\u00fd fanklub sa odovzd\u00e1va jeden hlas pre ka\u017ed\u00fa z\u00a0kateg\u00f3ri\u00ed. Preto uskuto\u010dn\u00edme hlasovanie v\u00a0diskusii pod t\u00fdmto \u010dl\u00e1nkom, kde m\u00e1te mo\u017enos\u0165 vyjadri\u0165 svoj n\u00e1zor. <em><strong>Hlasova\u0165 bude v koment\u00e1roch mo\u017en\u00e9 do \u0161tvrtka 29. apr\u00edla, 12:00<\/strong><\/em>. Forma je jednoduch\u00e1, vo svojom pr\u00edspevku prirad\u00edte k jednotliv\u00fdm kateg\u00f3ri\u00e1m svojho favorita.<\/p>\n<p>Po uz\u00e1vierke hlasovania zverejn\u00edme v\u00fdsledky v tomto \u010dl\u00e1nku, vypln\u00edme za n\u00e1\u0161 fanklub formul\u00e1r v\u00ed\u0165azmi jednotliv\u00fdch kateg\u00f3ri\u00ed pod\u013ea po\u010dtu hlasov a n\u00e1sledne ho odo\u0161leme klubu. V pr\u00edpade ak\u00fdchko\u013evek ot\u00e1zok sme v\u00e1m k dispoz\u00edci\u00ed pod \u010dl\u00e1nkom v koment\u00e1roch, alebo na na\u0161om e-maili.<\/p>\n<hr \/>\n<h4 style=\"text-align: center;\"><strong>UPDATE<\/strong><\/h4>\n<p><em>29.4.2021, 12:00<\/em> &#8211; predl\u017eujeme term\u00edn do konca hlasovania Supporters&#8216; Club Awards z dnes 12:00 na 16:00.<\/p>\n<p><em>29.4.2021, 17:30<\/em> &#8211; v\u00fdsledky hlasovania \u010dlenov fanklubu s\u00fa zn\u00e1me, odosielame Evertonu men\u00e1 na\u0161ej nomin\u00e1cie:<\/p>\n<p style=\"text-align: center;\"><span style=\"text-decoration: underline;\"><em>\u017densk\u00e1 hr\u00e1\u010dka sez\u00f3ny\u00a0<\/em><\/span><\/p>\n<ol>\n<li><strong>Izzy Christiansen 5x<\/strong><\/li>\n<li>Hayley Raso 2x<\/li>\n<li>Lucy Graham 1x<\/li>\n<\/ol>\n<p style=\"text-align: center;\"><span style=\"text-decoration: underline;\"><em>Mu\u017esk\u00fd hr\u00e1\u010d sez\u00f3ny<\/em><\/span><\/p>\n<ol>\n<li><strong>James Rodr\u00edguez 5x<\/strong><\/li>\n<li>Dominic Calvert-Lewin 3x<\/li>\n<li>Gylfi Sigurdsson 1x<\/li>\n<li>Abdoulaye Doucour\u00e9 1x<\/li>\n<\/ol>\n<p style=\"text-align: center;\"><span style=\"text-decoration: underline;\"><em>G\u00f3l sez\u00f3ny<\/em><\/span><\/p>\n<ol>\n<li><strong>Richarlison vs. Liverpool 3x<\/strong><\/li>\n<li>Tom Cannon 2x \/ Gylfi Sigurdsson vs Spurs 2x \/ Dominic Calvert-Lewin vs. West Ham 2x<\/li>\n<li>Simone Magill 1x<\/li>\n<\/ol>\n<p style=\"text-align: center;\"><span style=\"text-decoration: underline;\"><em>\u010clen fanklubu sez\u00f3ny<\/em><\/span><\/p>\n<ul>\n<li>nehlasovan\u00e9<\/li>\n<\/ul>\n<p>\u010eakujem v\u0161etk\u00fdm z\u00fa\u010dastnen\u00fdm za particip\u00e1ciu. O v\u00fdsledkoch ocenen\u00ed budeme informova\u0165.<\/p>\n<p style=\"text-align: right;\"><em><span style=\"font-size: 8pt;\">(fotozdroj: evertonfc.com)<\/span><\/em><\/p>\n","protected":false},"excerpt":{"rendered":"<p>Odovzd\u00e1vanie klubov\u00fdch ocenen\u00ed aj po\u010das tejto sez\u00f3ny prebehne vo virtu\u00e1lnom priestore a\u00a0my pri tom nebudeme ch\u00fdba\u0165. Vyberieme najlep\u0161\u00edch a z\u00fa\u010dastn\u00edme sa hlasovania.<\/p>\n","protected":false},"author":1,"featured_media":15054,"comment_status":"open","ping_status":"closed","sticky":false,"template":"","format":"standard","meta":{"_eb_attr":"","_monsterinsights_skip_tracking":false,"_monsterinsights_sitenote_active":false,"_monsterinsights_sitenote_note":"","_monsterinsights_sitenote_category":0,"footnotes":""},"categories":[85],"tags":[],"yoast_head":"<!-- This site is optimized with the Yoast SEO plugin v23.4 - https:\/\/yoast.com\/wordpress\/plugins\/seo\/ -->\n<title>Club Awards 20\/21 - Official Czech &amp; Slovak Everton Supporters&#039; Club<\/title>\n<meta name=\"robots\" content=\"index, follow, max-snippet:-1, max-image-preview:large, max-video-preview:-1\" \/>\n<link rel=\"canonical\" href=\"https:\/\/evertonfc.cz\/index.php\/2021\/04\/27\/club-awards-20-21\/\" \/>\n<meta property=\"og:locale\" content=\"cs_CZ\" \/>\n<meta property=\"og:type\" content=\"article\" \/>\n<meta property=\"og:title\" content=\"Club Awards 20\/21 - Official Czech &amp; Slovak Everton Supporters&#039; Club\" \/>\n<meta property=\"og:description\" content=\"Odovzd\u00e1vanie klubov\u00fdch ocenen\u00ed aj po\u010das tejto sez\u00f3ny prebehne vo virtu\u00e1lnom priestore a\u00a0my pri tom nebudeme ch\u00fdba\u0165. Vyberieme najlep\u0161\u00edch a z\u00fa\u010dastn\u00edme sa hlasovania.\" \/>\n<meta property=\"og:url\" content=\"https:\/\/evertonfc.cz\/index.php\/2021\/04\/27\/club-awards-20-21\/\" \/>\n<meta property=\"og:site_name\" content=\"Official Czech &amp; Slovak Everton Supporters&#039; Club\" \/>\n<meta property=\"article:publisher\" content=\"https:\/\/www.facebook.com\/everton.fans.cz.sk\" \/>\n<meta property=\"article:published_time\" content=\"2021-04-27T15:11:47+00:00\" \/>\n<meta property=\"article:modified_time\" content=\"2021-04-30T16:16:40+00:00\" \/>\n<meta property=\"og:image\" content=\"https:\/\/evertonfc.cz\/wp-content\/uploads\/2021\/04\/Everton-flag-by-Reuters-Carl-Recine.jpg\" \/>\n\t<meta property=\"og:image:width\" content=\"720\" \/>\n\t<meta property=\"og:image:height\" content=\"405\" \/>\n\t<meta property=\"og:image:type\" content=\"image\/jpeg\" \/>\n<meta name=\"author\" content=\"BlueBlooded\" \/>\n<meta name=\"twitter:card\" content=\"summary_large_image\" \/>\n<meta name=\"twitter:label1\" content=\"Napsal(a)\" \/>\n\t<meta name=\"twitter:data1\" content=\"BlueBlooded\" \/>\n\t<meta name=\"twitter:label2\" content=\"Odhadovan\u00e1 doba \u010dten\u00ed\" \/>\n\t<meta name=\"twitter:data2\" content=\"3 minuty\" \/>\n<script type=\"application\/ld+json\" class=\"yoast-schema-graph\">{\"@context\":\"https:\/\/schema.org\",\"@graph\":[{\"@type\":\"Article\",\"@id\":\"https:\/\/evertonfc.cz\/index.php\/2021\/04\/27\/club-awards-20-21\/#article\",\"isPartOf\":{\"@id\":\"https:\/\/evertonfc.cz\/index.php\/2021\/04\/27\/club-awards-20-21\/\"},\"author\":{\"name\":\"BlueBlooded\",\"@id\":\"https:\/\/evertonfc.cz\/#\/schema\/person\/d4493b8cbea51532597fbc4685698916\"},\"headline\":\"Club Awards 20\/21\",\"datePublished\":\"2021-04-27T15:11:47+00:00\",\"dateModified\":\"2021-04-30T16:16:40+00:00\",\"mainEntityOfPage\":{\"@id\":\"https:\/\/evertonfc.cz\/index.php\/2021\/04\/27\/club-awards-20-21\/\"},\"wordCount\":744,\"commentCount\":11,\"publisher\":{\"@id\":\"https:\/\/evertonfc.cz\/#organization\"},\"image\":{\"@id\":\"https:\/\/evertonfc.cz\/index.php\/2021\/04\/27\/club-awards-20-21\/#primaryimage\"},\"thumbnailUrl\":\"https:\/\/evertonfc.cz\/wp-content\/uploads\/2021\/04\/Everton-flag-by-Reuters-Carl-Recine.jpg\",\"articleSection\":[\"Supporters' Club\"],\"inLanguage\":\"cs\",\"potentialAction\":[{\"@type\":\"CommentAction\",\"name\":\"Comment\",\"target\":[\"https:\/\/evertonfc.cz\/index.php\/2021\/04\/27\/club-awards-20-21\/#respond\"]}]},{\"@type\":\"WebPage\",\"@id\":\"https:\/\/evertonfc.cz\/index.php\/2021\/04\/27\/club-awards-20-21\/\",\"url\":\"https:\/\/evertonfc.cz\/index.php\/2021\/04\/27\/club-awards-20-21\/\",\"name\":\"Club Awards 20\/21 - Official Czech &amp; Slovak Everton Supporters&#039; Club\",\"isPartOf\":{\"@id\":\"https:\/\/evertonfc.cz\/#website\"},\"primaryImageOfPage\":{\"@id\":\"https:\/\/evertonfc.cz\/index.php\/2021\/04\/27\/club-awards-20-21\/#primaryimage\"},\"image\":{\"@id\":\"https:\/\/evertonfc.cz\/index.php\/2021\/04\/27\/club-awards-20-21\/#primaryimage\"},\"thumbnailUrl\":\"https:\/\/evertonfc.cz\/wp-content\/uploads\/2021\/04\/Everton-flag-by-Reuters-Carl-Recine.jpg\",\"datePublished\":\"2021-04-27T15:11:47+00:00\",\"dateModified\":\"2021-04-30T16:16:40+00:00\",\"breadcrumb\":{\"@id\":\"https:\/\/evertonfc.cz\/index.php\/2021\/04\/27\/club-awards-20-21\/#breadcrumb\"},\"inLanguage\":\"cs\",\"potentialAction\":[{\"@type\":\"ReadAction\",\"target\":[\"https:\/\/evertonfc.cz\/index.php\/2021\/04\/27\/club-awards-20-21\/\"]}]},{\"@type\":\"ImageObject\",\"inLanguage\":\"cs\",\"@id\":\"https:\/\/evertonfc.cz\/index.php\/2021\/04\/27\/club-awards-20-21\/#primaryimage\",\"url\":\"https:\/\/evertonfc.cz\/wp-content\/uploads\/2021\/04\/Everton-flag-by-Reuters-Carl-Recine.jpg\",\"contentUrl\":\"https:\/\/evertonfc.cz\/wp-content\/uploads\/2021\/04\/Everton-flag-by-Reuters-Carl-Recine.jpg\",\"width\":720,\"height\":405,\"caption\":\"Soccer Football - Premier League - Everton v Wolverhampton Wanderers - Goodison Park, Liverpool, Britain - September 1, 2019 General view of a flag inside the stadium before the match Action Images via Reuters\/Carl Recine\"},{\"@type\":\"BreadcrumbList\",\"@id\":\"https:\/\/evertonfc.cz\/index.php\/2021\/04\/27\/club-awards-20-21\/#breadcrumb\",\"itemListElement\":[{\"@type\":\"ListItem\",\"position\":1,\"name\":\"Home\",\"item\":\"https:\/\/evertonfc.cz\/\"},{\"@type\":\"ListItem\",\"position\":2,\"name\":\"Club Awards 20\/21\"}]},{\"@type\":\"WebSite\",\"@id\":\"https:\/\/evertonfc.cz\/#website\",\"url\":\"https:\/\/evertonfc.cz\/\",\"name\":\"Official Czech &amp; Slovak Everton Supporters&#039; Club\",\"description\":\"\",\"publisher\":{\"@id\":\"https:\/\/evertonfc.cz\/#organization\"},\"potentialAction\":[{\"@type\":\"SearchAction\",\"target\":{\"@type\":\"EntryPoint\",\"urlTemplate\":\"https:\/\/evertonfc.cz\/?s={search_term_string}\"},\"query-input\":{\"@type\":\"PropertyValueSpecification\",\"valueRequired\":true,\"valueName\":\"search_term_string\"}}],\"inLanguage\":\"cs\"},{\"@type\":\"Organization\",\"@id\":\"https:\/\/evertonfc.cz\/#organization\",\"name\":\"Official Czech & Slovak Everton Supporters' Club\",\"url\":\"https:\/\/evertonfc.cz\/\",\"logo\":{\"@type\":\"ImageObject\",\"inLanguage\":\"cs\",\"@id\":\"https:\/\/evertonfc.cz\/#\/schema\/logo\/image\/\",\"url\":\"https:\/\/evertonfc.cz\/wp-content\/uploads\/2019\/05\/logo.png\",\"contentUrl\":\"https:\/\/evertonfc.cz\/wp-content\/uploads\/2019\/05\/logo.png\",\"width\":112,\"height\":112,\"caption\":\"Official Czech & Slovak Everton Supporters' Club\"},\"image\":{\"@id\":\"https:\/\/evertonfc.cz\/#\/schema\/logo\/image\/\"},\"sameAs\":[\"https:\/\/www.facebook.com\/everton.fans.cz.sk\"]},{\"@type\":\"Person\",\"@id\":\"https:\/\/evertonfc.cz\/#\/schema\/person\/d4493b8cbea51532597fbc4685698916\",\"name\":\"BlueBlooded\",\"url\":\"https:\/\/evertonfc.cz\/index.php\/author\/admin\/\"}]}<\/script>\n<!-- \/ Yoast SEO plugin. -->","yoast_head_json":{"title":"Club Awards 20\/21 - Official Czech &amp; Slovak Everton Supporters&#039; Club","robots":{"index":"index","follow":"follow","max-snippet":"max-snippet:-1","max-image-preview":"max-image-preview:large","max-video-preview":"max-video-preview:-1"},"canonical":"https:\/\/evertonfc.cz\/index.php\/2021\/04\/27\/club-awards-20-21\/","og_locale":"cs_CZ","og_type":"article","og_title":"Club Awards 20\/21 - Official Czech &amp; Slovak Everton Supporters&#039; Club","og_description":"Odovzd\u00e1vanie klubov\u00fdch ocenen\u00ed aj po\u010das tejto sez\u00f3ny prebehne vo virtu\u00e1lnom priestore a\u00a0my pri tom nebudeme ch\u00fdba\u0165. Vyberieme najlep\u0161\u00edch a z\u00fa\u010dastn\u00edme sa hlasovania.","og_url":"https:\/\/evertonfc.cz\/index.php\/2021\/04\/27\/club-awards-20-21\/","og_site_name":"Official Czech &amp; Slovak Everton Supporters&#039; Club","article_publisher":"https:\/\/www.facebook.com\/everton.fans.cz.sk","article_published_time":"2021-04-27T15:11:47+00:00","article_modified_time":"2021-04-30T16:16:40+00:00","og_image":[{"width":720,"height":405,"url":"https:\/\/evertonfc.cz\/wp-content\/uploads\/2021\/04\/Everton-flag-by-Reuters-Carl-Recine.jpg","type":"image\/jpeg"}],"author":"BlueBlooded","twitter_card":"summary_large_image","twitter_misc":{"Napsal(a)":"BlueBlooded","Odhadovan\u00e1 doba \u010dten\u00ed":"3 minuty"},"schema":{"@context":"https:\/\/schema.org","@graph":[{"@type":"Article","@id":"https:\/\/evertonfc.cz\/index.php\/2021\/04\/27\/club-awards-20-21\/#article","isPartOf":{"@id":"https:\/\/evertonfc.cz\/index.php\/2021\/04\/27\/club-awards-20-21\/"},"author":{"name":"BlueBlooded","@id":"https:\/\/evertonfc.cz\/#\/schema\/person\/d4493b8cbea51532597fbc4685698916"},"headline":"Club Awards 20\/21","datePublished":"2021-04-27T15:11:47+00:00","dateModified":"2021-04-30T16:16:40+00:00","mainEntityOfPage":{"@id":"https:\/\/evertonfc.cz\/index.php\/2021\/04\/27\/club-awards-20-21\/"},"wordCount":744,"commentCount":11,"publisher":{"@id":"https:\/\/evertonfc.cz\/#organization"},"image":{"@id":"https:\/\/evertonfc.cz\/index.php\/2021\/04\/27\/club-awards-20-21\/#primaryimage"},"thumbnailUrl":"https:\/\/evertonfc.cz\/wp-content\/uploads\/2021\/04\/Everton-flag-by-Reuters-Carl-Recine.jpg","articleSection":["Supporters' Club"],"inLanguage":"cs","potentialAction":[{"@type":"CommentAction","name":"Comment","target":["https:\/\/evertonfc.cz\/index.php\/2021\/04\/27\/club-awards-20-21\/#respond"]}]},{"@type":"WebPage","@id":"https:\/\/evertonfc.cz\/index.php\/2021\/04\/27\/club-awards-20-21\/","url":"https:\/\/evertonfc.cz\/index.php\/2021\/04\/27\/club-awards-20-21\/","name":"Club Awards 20\/21 - Official Czech &amp; Slovak Everton Supporters&#039; Club","isPartOf":{"@id":"https:\/\/evertonfc.cz\/#website"},"primaryImageOfPage":{"@id":"https:\/\/evertonfc.cz\/index.php\/2021\/04\/27\/club-awards-20-21\/#primaryimage"},"image":{"@id":"https:\/\/evertonfc.cz\/index.php\/2021\/04\/27\/club-awards-20-21\/#primaryimage"},"thumbnailUrl":"https:\/\/evertonfc.cz\/wp-content\/uploads\/2021\/04\/Everton-flag-by-Reuters-Carl-Recine.jpg","datePublished":"2021-04-27T15:11:47+00:00","dateModified":"2021-04-30T16:16:40+00:00","breadcrumb":{"@id":"https:\/\/evertonfc.cz\/index.php\/2021\/04\/27\/club-awards-20-21\/#breadcrumb"},"inLanguage":"cs","potentialAction":[{"@type":"ReadAction","target":["https:\/\/evertonfc.cz\/index.php\/2021\/04\/27\/club-awards-20-21\/"]}]},{"@type":"ImageObject","inLanguage":"cs","@id":"https:\/\/evertonfc.cz\/index.php\/2021\/04\/27\/club-awards-20-21\/#primaryimage","url":"https:\/\/evertonfc.cz\/wp-content\/uploads\/2021\/04\/Everton-flag-by-Reuters-Carl-Recine.jpg","contentUrl":"https:\/\/evertonfc.cz\/wp-content\/uploads\/2021\/04\/Everton-flag-by-Reuters-Carl-Recine.jpg","width":720,"height":405,"caption":"Soccer Football - Premier League - Everton v Wolverhampton Wanderers - Goodison Park, Liverpool, Britain - September 1, 2019 General view of a flag inside the stadium before the match Action Images via Reuters\/Carl Recine"},{"@type":"BreadcrumbList","@id":"https:\/\/evertonfc.cz\/index.php\/2021\/04\/27\/club-awards-20-21\/#breadcrumb","itemListElement":[{"@type":"ListItem","position":1,"name":"Home","item":"https:\/\/evertonfc.cz\/"},{"@type":"ListItem","position":2,"name":"Club Awards 20\/21"}]},{"@type":"WebSite","@id":"https:\/\/evertonfc.cz\/#website","url":"https:\/\/evertonfc.cz\/","name":"Official Czech &amp; Slovak Everton Supporters&#039; Club","description":"","publisher":{"@id":"https:\/\/evertonfc.cz\/#organization"},"potentialAction":[{"@type":"SearchAction","target":{"@type":"EntryPoint","urlTemplate":"https:\/\/evertonfc.cz\/?s={search_term_string}"},"query-input":{"@type":"PropertyValueSpecification","valueRequired":true,"valueName":"search_term_string"}}],"inLanguage":"cs"},{"@type":"Organization","@id":"https:\/\/evertonfc.cz\/#organization","name":"Official Czech & Slovak Everton Supporters' Club","url":"https:\/\/evertonfc.cz\/","logo":{"@type":"ImageObject","inLanguage":"cs","@id":"https:\/\/evertonfc.cz\/#\/schema\/logo\/image\/","url":"https:\/\/evertonfc.cz\/wp-content\/uploads\/2019\/05\/logo.png","contentUrl":"https:\/\/evertonfc.cz\/wp-content\/uploads\/2019\/05\/logo.png","width":112,"height":112,"caption":"Official Czech & Slovak Everton Supporters' Club"},"image":{"@id":"https:\/\/evertonfc.cz\/#\/schema\/logo\/image\/"},"sameAs":["https:\/\/www.facebook.com\/everton.fans.cz.sk"]},{"@type":"Person","@id":"https:\/\/evertonfc.cz\/#\/schema\/person\/d4493b8cbea51532597fbc4685698916","name":"BlueBlooded","url":"https:\/\/evertonfc.cz\/index.php\/author\/admin\/"}]}},"_links":{"self":[{"href":"https:\/\/evertonfc.cz\/index.php\/wp-json\/wp\/v2\/posts\/15136"}],"collection":[{"href":"https:\/\/evertonfc.cz\/index.php\/wp-json\/wp\/v2\/posts"}],"about":[{"href":"https:\/\/evertonfc.cz\/index.php\/wp-json\/wp\/v2\/types\/post"}],"author":[{"embeddable":true,"href":"https:\/\/evertonfc.cz\/index.php\/wp-json\/wp\/v2\/users\/1"}],"replies":[{"embeddable":true,"href":"https:\/\/evertonfc.cz\/index.php\/wp-json\/wp\/v2\/comments?post=15136"}],"version-history":[{"count":21,"href":"https:\/\/evertonfc.cz\/index.php\/wp-json\/wp\/v2\/posts\/15136\/revisions"}],"predecessor-version":[{"id":15162,"href":"https:\/\/evertonfc.cz\/index.php\/wp-json\/wp\/v2\/posts\/15136\/revisions\/15162"}],"wp:featuredmedia":[{"embeddable":true,"href":"https:\/\/evertonfc.cz\/index.php\/wp-json\/wp\/v2\/media\/15054"}],"wp:attachment":[{"href":"https:\/\/evertonfc.cz\/index.php\/wp-json\/wp\/v2\/media?parent=15136"}],"wp:term":[{"taxonomy":"category","embeddable":true,"href":"https:\/\/evertonfc.cz\/index.php\/wp-json\/wp\/v2\/categories?post=15136"},{"taxonomy":"post_tag","embeddable":true,"href":"https:\/\/evertonfc.cz\/index.php\/wp-json\/wp\/v2\/tags?post=15136"}],"curies":[{"name":"wp","href":"https:\/\/api.w.org\/{rel}","templated":true}]}}