{"id":1514,"date":"2018-12-31T11:57:58","date_gmt":"2018-12-31T10:57:58","guid":{"rendered":"http:\/\/evertonfc.cz\/?p=1514"},"modified":"2021-01-27T11:13:14","modified_gmt":"2021-01-27T10:13:14","slug":"preview-everton-leicester-city","status":"publish","type":"post","link":"https:\/\/evertonfc.cz\/index.php\/2018\/12\/31\/preview-everton-leicester-city\/","title":{"rendered":"Preview: Everton &#8211; Leicester City"},"content":{"rendered":"<h4>Anglick\u00fd fotbalov\u00fd rok 2019 otev\u0159e duel dvou nekonzistentn\u00edch celk\u016f, je\u017e by r\u00e1dy d\u00fdchaly na z\u00e1da elitn\u00ed \u0161estce Premier League. Tak mo\u017en\u00e1 v nov\u00e9m roce.<\/h4>\n<p>Everton s otev\u0159enou n\u00e1ru\u010d\u00ed v\u00edt\u00e1 konec prosince. Z mo\u017en\u00fdch 21 bod\u016f toti\u017e v posledn\u00edm m\u011bs\u00edci kon\u010d\u00edc\u00edho roku nasb\u00edral pouh\u00fdch 5. Prohra v posledn\u00edm utk\u00e1n\u00ed s nanejv\u00fd\u0161 pr\u016fm\u011brn\u00fdm Brightonem tak snad ani nikoho p\u0159\u00edli\u0161 nep\u0159ekvapila.<\/p>\n<p>Ve h\u0159e Toffees lze zpozorovat progres, v\u00fdsledky v\u0161ak ob\u010das pokulh\u00e1vaj\u00ed. Nicm\u00e9n\u011b nikdo jin\u00fd si to neuv\u011bdomuje z\u0159eteln\u011bji ne\u017e mana\u017eer Marco Silva. Ten se sportovn\u00edm \u0159editelem Brandsem v\u00a0pozad\u00ed kompletn\u011b p\u0159ebudov\u00e1v\u00e1 k\u00e1dr na Goodison Parku a takto znateln\u00e1 transformace holt zabere \u010das. Je tedy t\u0159eba m\u00edt na pam\u011bti, \u017ee a\u010dkoliv se trp\u011blivosti v\u00a0modern\u00edm fotbale p\u0159\u00edli\u0161 nefand\u00ed, bez n\u00ed mohou b\u00fdt lep\u0161\u00ed z\u00edt\u0159ky pouh\u00fdm nenapln\u011bn\u00fdm sn\u011bn\u00edm. Sta\u010d\u00ed se pod\u00edvat na druhou stranu Stanley Parku \u010di do severn\u00edho Lond\u00fdna ke Spurs, kde se potvrzuje ot\u0159epan\u00e9 kli\u0161\u00e9 &#8222;ani \u0158\u00edm nebyl postaven za jedin\u00fd den&#8220;.<\/p>\n<p>Doba h\u00e1jen\u00ed av\u0161ak neznamen\u00e1, \u017ee by Silva m\u011bl b\u00fdt imunn\u00ed v\u016f\u010di ve\u0161ker\u00e9 kritice. Jen m\u00e1lo lid\u00ed ve fotbalov\u00e9m sv\u011bt\u011b je bezchybn\u00fdch a Portugalec se k\u00a0nim na za\u010d\u00e1tku sv\u00e9 tren\u00e9rsk\u00e9 kari\u00e9ry je\u0161t\u011b rozhodn\u011b ne\u0159ad\u00ed. Kup\u0159\u00edkladu po z\u00e1pase v\u00a0Brightonu pravd\u011bpodobn\u011b s\u00e1m zpytoval sv\u011bdom\u00ed, \u017ee od prvn\u00ed minuty nasadil a\u017e p\u0159\u00edli\u0161 defenzivn\u011b lad\u011bn\u00fd t\u00fdm.<\/p>\n<p>Host\u00e9 z\u00a0Leicesteru p\u0159ij\u00ed\u017ed\u011bj\u00ed na Merseyside po s\u00e9rii v\u00fdsledk\u016f jako na horsk\u00e9 dr\u00e1ze. Ve v\u00e1no\u010dn\u00edm programu se bl\u00fdskli dv\u011bma skv\u011bl\u00fdmi v\u00fdhrami nad Chelsea a Manchesterem City, aby vz\u00e1p\u011bt\u00ed doma podlehli Cardiffu. V\u00a0tabulce moment\u00e1ln\u011b zauj\u00edmaj\u00ed osmou pozici s\u00a028 body a v\u00a0p\u0159\u00edpad\u011b triumfu nad Evertonem by mu odsko\u010dili na \u010dty\u0159i body. Toffees naopak doufaj\u00ed, \u017ee nav\u00e1\u017e\u00ed na posledn\u00ed dobrou vz\u00e1jemnou bilanci, v\u00a0roce 2018 sv\u00e9ho \u00fatern\u00edho soupe\u0159e dvakr\u00e1t zdolali 2:1.<\/p>\n<p>Leicester \u010dek\u00e1 na zdravotn\u00ed stav zku\u0161en\u00fdch stoper\u016f Wesa Morgana a Jonnyho Evanse, kter\u00e9 tr\u00e1p\u00ed nachlazen\u00ed. Kv\u016fli t\u011b\u017ek\u00e9mu zran\u011bn\u00ed kotn\u00edku si ur\u010dit\u011b nezahraje z\u00e1lo\u017en\u00edk Daniel Amartey. Na stran\u011b Evertonu je st\u00e1le ot\u00e1zkou start Ademoly Lookmana laboruj\u00edc\u00edho s\u00a0bolav\u00fdm kotn\u00edkem.<\/p>\n<p>Utk\u00e1n\u00ed vys\u00edl\u00e1 p\u0159\u00edm\u00fdm p\u0159enosem stanice Digi sport 4.<\/p>\n<p><strong>Co:\u00a0<\/strong>Everton FC \u2013 Leicester City FC, 21. kolo Premier League<br \/>\n<strong>Kdy:<\/strong>\u00a001. 01. 2019 od 13:30 SE\u010c<br \/>\n<strong>Kde:<\/strong>\u00a0Goodison Park, Liverpool (kapacita: 40 221)<br \/>\n<strong>Rozhod\u010d\u00ed:<\/strong>\u00a0Anthony Taylor<\/p>\n","protected":false},"excerpt":{"rendered":"<p>Anglick\u00fd fotbalov\u00fd rok 2019 otev\u0159e duel dvou nekonzistentn\u00edch celk\u016f, je\u017e by r\u00e1dy d\u00fdchaly na z\u00e1da elitn\u00ed \u0161estce Premier League. Tak&hellip;<\/p>\n","protected":false},"author":6,"featured_media":0,"comment_status":"open","ping_status":"closed","sticky":false,"template":"","format":"standard","meta":{"_eb_attr":"","_monsterinsights_skip_tracking":false,"_monsterinsights_sitenote_active":false,"_monsterinsights_sitenote_note":"","_monsterinsights_sitenote_category":0,"footnotes":""},"categories":[4],"tags":[],"yoast_head":"<!-- This site is optimized with the Yoast SEO plugin v23.4 - https:\/\/yoast.com\/wordpress\/plugins\/seo\/ -->\n<title>Preview: Everton - Leicester City - Official Czech &amp; Slovak Everton Supporters&#039; Club<\/title>\n<meta name=\"robots\" content=\"index, follow, max-snippet:-1, max-image-preview:large, max-video-preview:-1\" \/>\n<link rel=\"canonical\" href=\"https:\/\/evertonfc.cz\/index.php\/2018\/12\/31\/preview-everton-leicester-city\/\" \/>\n<meta property=\"og:locale\" content=\"cs_CZ\" \/>\n<meta property=\"og:type\" content=\"article\" \/>\n<meta property=\"og:title\" content=\"Preview: Everton - Leicester City - Official Czech &amp; Slovak Everton Supporters&#039; Club\" \/>\n<meta property=\"og:description\" content=\"Anglick\u00fd fotbalov\u00fd rok 2019 otev\u0159e duel dvou nekonzistentn\u00edch celk\u016f, je\u017e by r\u00e1dy d\u00fdchaly na z\u00e1da elitn\u00ed \u0161estce Premier League. Tak&hellip;\" \/>\n<meta property=\"og:url\" content=\"https:\/\/evertonfc.cz\/index.php\/2018\/12\/31\/preview-everton-leicester-city\/\" \/>\n<meta property=\"og:site_name\" content=\"Official Czech &amp; Slovak Everton Supporters&#039; Club\" \/>\n<meta property=\"article:publisher\" content=\"https:\/\/www.facebook.com\/everton.fans.cz.sk\" \/>\n<meta property=\"article:published_time\" content=\"2018-12-31T10:57:58+00:00\" \/>\n<meta property=\"article:modified_time\" content=\"2021-01-27T10:13:14+00:00\" \/>\n<meta name=\"author\" content=\"Ri\u010di\" \/>\n<meta name=\"twitter:card\" content=\"summary_large_image\" \/>\n<meta name=\"twitter:creator\" content=\"@rbrejsa\" \/>\n<meta name=\"twitter:label1\" content=\"Napsal(a)\" \/>\n\t<meta name=\"twitter:data1\" content=\"Ri\u010di\" \/>\n\t<meta name=\"twitter:label2\" content=\"Odhadovan\u00e1 doba \u010dten\u00ed\" \/>\n\t<meta name=\"twitter:data2\" content=\"2 minuty\" \/>\n<script type=\"application\/ld+json\" class=\"yoast-schema-graph\">{\"@context\":\"https:\/\/schema.org\",\"@graph\":[{\"@type\":\"Article\",\"@id\":\"https:\/\/evertonfc.cz\/index.php\/2018\/12\/31\/preview-everton-leicester-city\/#article\",\"isPartOf\":{\"@id\":\"https:\/\/evertonfc.cz\/index.php\/2018\/12\/31\/preview-everton-leicester-city\/\"},\"author\":{\"name\":\"Ri\u010di\",\"@id\":\"https:\/\/evertonfc.cz\/#\/schema\/person\/f7a5daedb2ffee98480bc70e191aaef1\"},\"headline\":\"Preview: Everton &#8211; Leicester City\",\"datePublished\":\"2018-12-31T10:57:58+00:00\",\"dateModified\":\"2021-01-27T10:13:14+00:00\",\"mainEntityOfPage\":{\"@id\":\"https:\/\/evertonfc.cz\/index.php\/2018\/12\/31\/preview-everton-leicester-city\/\"},\"wordCount\":468,\"commentCount\":0,\"publisher\":{\"@id\":\"https:\/\/evertonfc.cz\/#organization\"},\"articleSection\":[\"Z\u00e1pasy\"],\"inLanguage\":\"cs\",\"potentialAction\":[{\"@type\":\"CommentAction\",\"name\":\"Comment\",\"target\":[\"https:\/\/evertonfc.cz\/index.php\/2018\/12\/31\/preview-everton-leicester-city\/#respond\"]}]},{\"@type\":\"WebPage\",\"@id\":\"https:\/\/evertonfc.cz\/index.php\/2018\/12\/31\/preview-everton-leicester-city\/\",\"url\":\"https:\/\/evertonfc.cz\/index.php\/2018\/12\/31\/preview-everton-leicester-city\/\",\"name\":\"Preview: Everton - Leicester City - Official Czech &amp; Slovak Everton Supporters&#039; Club\",\"isPartOf\":{\"@id\":\"https:\/\/evertonfc.cz\/#website\"},\"datePublished\":\"2018-12-31T10:57:58+00:00\",\"dateModified\":\"2021-01-27T10:13:14+00:00\",\"breadcrumb\":{\"@id\":\"https:\/\/evertonfc.cz\/index.php\/2018\/12\/31\/preview-everton-leicester-city\/#breadcrumb\"},\"inLanguage\":\"cs\",\"potentialAction\":[{\"@type\":\"ReadAction\",\"target\":[\"https:\/\/evertonfc.cz\/index.php\/2018\/12\/31\/preview-everton-leicester-city\/\"]}]},{\"@type\":\"BreadcrumbList\",\"@id\":\"https:\/\/evertonfc.cz\/index.php\/2018\/12\/31\/preview-everton-leicester-city\/#breadcrumb\",\"itemListElement\":[{\"@type\":\"ListItem\",\"position\":1,\"name\":\"Home\",\"item\":\"https:\/\/evertonfc.cz\/\"},{\"@type\":\"ListItem\",\"position\":2,\"name\":\"Preview: Everton &#8211; Leicester City\"}]},{\"@type\":\"WebSite\",\"@id\":\"https:\/\/evertonfc.cz\/#website\",\"url\":\"https:\/\/evertonfc.cz\/\",\"name\":\"Official Czech &amp; Slovak Everton Supporters&#039; Club\",\"description\":\"\",\"publisher\":{\"@id\":\"https:\/\/evertonfc.cz\/#organization\"},\"potentialAction\":[{\"@type\":\"SearchAction\",\"target\":{\"@type\":\"EntryPoint\",\"urlTemplate\":\"https:\/\/evertonfc.cz\/?s={search_term_string}\"},\"query-input\":{\"@type\":\"PropertyValueSpecification\",\"valueRequired\":true,\"valueName\":\"search_term_string\"}}],\"inLanguage\":\"cs\"},{\"@type\":\"Organization\",\"@id\":\"https:\/\/evertonfc.cz\/#organization\",\"name\":\"Official Czech & Slovak Everton Supporters' Club\",\"url\":\"https:\/\/evertonfc.cz\/\",\"logo\":{\"@type\":\"ImageObject\",\"inLanguage\":\"cs\",\"@id\":\"https:\/\/evertonfc.cz\/#\/schema\/logo\/image\/\",\"url\":\"https:\/\/evertonfc.cz\/wp-content\/uploads\/2019\/05\/logo.png\",\"contentUrl\":\"https:\/\/evertonfc.cz\/wp-content\/uploads\/2019\/05\/logo.png\",\"width\":112,\"height\":112,\"caption\":\"Official Czech & Slovak Everton Supporters' Club\"},\"image\":{\"@id\":\"https:\/\/evertonfc.cz\/#\/schema\/logo\/image\/\"},\"sameAs\":[\"https:\/\/www.facebook.com\/everton.fans.cz.sk\"]},{\"@type\":\"Person\",\"@id\":\"https:\/\/evertonfc.cz\/#\/schema\/person\/f7a5daedb2ffee98480bc70e191aaef1\",\"name\":\"Ri\u010di\",\"sameAs\":[\"https:\/\/x.com\/rbrejsa\"],\"url\":\"https:\/\/evertonfc.cz\/index.php\/author\/rici\/\"}]}<\/script>\n<!-- \/ Yoast SEO plugin. -->","yoast_head_json":{"title":"Preview: Everton - Leicester City - Official Czech &amp; Slovak Everton Supporters&#039; Club","robots":{"index":"index","follow":"follow","max-snippet":"max-snippet:-1","max-image-preview":"max-image-preview:large","max-video-preview":"max-video-preview:-1"},"canonical":"https:\/\/evertonfc.cz\/index.php\/2018\/12\/31\/preview-everton-leicester-city\/","og_locale":"cs_CZ","og_type":"article","og_title":"Preview: Everton - Leicester City - Official Czech &amp; Slovak Everton Supporters&#039; Club","og_description":"Anglick\u00fd fotbalov\u00fd rok 2019 otev\u0159e duel dvou nekonzistentn\u00edch celk\u016f, je\u017e by r\u00e1dy d\u00fdchaly na z\u00e1da elitn\u00ed \u0161estce Premier League. Tak&hellip;","og_url":"https:\/\/evertonfc.cz\/index.php\/2018\/12\/31\/preview-everton-leicester-city\/","og_site_name":"Official Czech &amp; Slovak Everton Supporters&#039; Club","article_publisher":"https:\/\/www.facebook.com\/everton.fans.cz.sk","article_published_time":"2018-12-31T10:57:58+00:00","article_modified_time":"2021-01-27T10:13:14+00:00","author":"Ri\u010di","twitter_card":"summary_large_image","twitter_creator":"@rbrejsa","twitter_misc":{"Napsal(a)":"Ri\u010di","Odhadovan\u00e1 doba \u010dten\u00ed":"2 minuty"},"schema":{"@context":"https:\/\/schema.org","@graph":[{"@type":"Article","@id":"https:\/\/evertonfc.cz\/index.php\/2018\/12\/31\/preview-everton-leicester-city\/#article","isPartOf":{"@id":"https:\/\/evertonfc.cz\/index.php\/2018\/12\/31\/preview-everton-leicester-city\/"},"author":{"name":"Ri\u010di","@id":"https:\/\/evertonfc.cz\/#\/schema\/person\/f7a5daedb2ffee98480bc70e191aaef1"},"headline":"Preview: Everton &#8211; Leicester City","datePublished":"2018-12-31T10:57:58+00:00","dateModified":"2021-01-27T10:13:14+00:00","mainEntityOfPage":{"@id":"https:\/\/evertonfc.cz\/index.php\/2018\/12\/31\/preview-everton-leicester-city\/"},"wordCount":468,"commentCount":0,"publisher":{"@id":"https:\/\/evertonfc.cz\/#organization"},"articleSection":["Z\u00e1pasy"],"inLanguage":"cs","potentialAction":[{"@type":"CommentAction","name":"Comment","target":["https:\/\/evertonfc.cz\/index.php\/2018\/12\/31\/preview-everton-leicester-city\/#respond"]}]},{"@type":"WebPage","@id":"https:\/\/evertonfc.cz\/index.php\/2018\/12\/31\/preview-everton-leicester-city\/","url":"https:\/\/evertonfc.cz\/index.php\/2018\/12\/31\/preview-everton-leicester-city\/","name":"Preview: Everton - Leicester City - Official Czech &amp; Slovak Everton Supporters&#039; Club","isPartOf":{"@id":"https:\/\/evertonfc.cz\/#website"},"datePublished":"2018-12-31T10:57:58+00:00","dateModified":"2021-01-27T10:13:14+00:00","breadcrumb":{"@id":"https:\/\/evertonfc.cz\/index.php\/2018\/12\/31\/preview-everton-leicester-city\/#breadcrumb"},"inLanguage":"cs","potentialAction":[{"@type":"ReadAction","target":["https:\/\/evertonfc.cz\/index.php\/2018\/12\/31\/preview-everton-leicester-city\/"]}]},{"@type":"BreadcrumbList","@id":"https:\/\/evertonfc.cz\/index.php\/2018\/12\/31\/preview-everton-leicester-city\/#breadcrumb","itemListElement":[{"@type":"ListItem","position":1,"name":"Home","item":"https:\/\/evertonfc.cz\/"},{"@type":"ListItem","position":2,"name":"Preview: Everton &#8211; Leicester City"}]},{"@type":"WebSite","@id":"https:\/\/evertonfc.cz\/#website","url":"https:\/\/evertonfc.cz\/","name":"Official Czech &amp; Slovak Everton Supporters&#039; Club","description":"","publisher":{"@id":"https:\/\/evertonfc.cz\/#organization"},"potentialAction":[{"@type":"SearchAction","target":{"@type":"EntryPoint","urlTemplate":"https:\/\/evertonfc.cz\/?s={search_term_string}"},"query-input":{"@type":"PropertyValueSpecification","valueRequired":true,"valueName":"search_term_string"}}],"inLanguage":"cs"},{"@type":"Organization","@id":"https:\/\/evertonfc.cz\/#organization","name":"Official Czech & Slovak Everton Supporters' Club","url":"https:\/\/evertonfc.cz\/","logo":{"@type":"ImageObject","inLanguage":"cs","@id":"https:\/\/evertonfc.cz\/#\/schema\/logo\/image\/","url":"https:\/\/evertonfc.cz\/wp-content\/uploads\/2019\/05\/logo.png","contentUrl":"https:\/\/evertonfc.cz\/wp-content\/uploads\/2019\/05\/logo.png","width":112,"height":112,"caption":"Official Czech & Slovak Everton Supporters' Club"},"image":{"@id":"https:\/\/evertonfc.cz\/#\/schema\/logo\/image\/"},"sameAs":["https:\/\/www.facebook.com\/everton.fans.cz.sk"]},{"@type":"Person","@id":"https:\/\/evertonfc.cz\/#\/schema\/person\/f7a5daedb2ffee98480bc70e191aaef1","name":"Ri\u010di","sameAs":["https:\/\/x.com\/rbrejsa"],"url":"https:\/\/evertonfc.cz\/index.php\/author\/rici\/"}]}},"_links":{"self":[{"href":"https:\/\/evertonfc.cz\/index.php\/wp-json\/wp\/v2\/posts\/1514"}],"collection":[{"href":"https:\/\/evertonfc.cz\/index.php\/wp-json\/wp\/v2\/posts"}],"about":[{"href":"https:\/\/evertonfc.cz\/index.php\/wp-json\/wp\/v2\/types\/post"}],"author":[{"embeddable":true,"href":"https:\/\/evertonfc.cz\/index.php\/wp-json\/wp\/v2\/users\/6"}],"replies":[{"embeddable":true,"href":"https:\/\/evertonfc.cz\/index.php\/wp-json\/wp\/v2\/comments?post=1514"}],"version-history":[{"count":3,"href":"https:\/\/evertonfc.cz\/index.php\/wp-json\/wp\/v2\/posts\/1514\/revisions"}],"predecessor-version":[{"id":13729,"href":"https:\/\/evertonfc.cz\/index.php\/wp-json\/wp\/v2\/posts\/1514\/revisions\/13729"}],"wp:attachment":[{"href":"https:\/\/evertonfc.cz\/index.php\/wp-json\/wp\/v2\/media?parent=1514"}],"wp:term":[{"taxonomy":"category","embeddable":true,"href":"https:\/\/evertonfc.cz\/index.php\/wp-json\/wp\/v2\/categories?post=1514"},{"taxonomy":"post_tag","embeddable":true,"href":"https:\/\/evertonfc.cz\/index.php\/wp-json\/wp\/v2\/tags?post=1514"}],"curies":[{"name":"wp","href":"https:\/\/api.w.org\/{rel}","templated":true}]}}